{"id":38160,"date":"2025-05-05T11:39:59","date_gmt":"2025-05-05T09:39:59","guid":{"rendered":"https:\/\/www.organisator.ch\/?p=38160"},"modified":"2025-05-05T11:39:59","modified_gmt":"2025-05-05T09:39:59","slug":"fachverband-procure-ch-hat-neuen-geschaeftssitz-eroeffnet","status":"publish","type":"post","link":"https:\/\/www.organisator.ch\/it\/management\/2025-05-05\/fachverband-procure-ch-hat-neuen-geschaeftssitz-eroeffnet\/","title":{"rendered":"L'associazione di categoria procure.ch ha aperto la nuova sede centrale"},"content":{"rendered":"<figure id=\"attachment_38161\" aria-describedby=\"caption-attachment-38161\" style=\"width: 680px\" class=\"wp-caption alignnone\"><img loading=\"lazy\" decoding=\"async\" class=\"size-full wp-image-38161\" src=\"https:\/\/www.organisator.ch\/wp-content\/uploads\/2025\/05\/Fachverband-procure.ch-hat-neuen-Geschaeftssitz-eroeffnet_Organisator.jpg\" alt=\"\" width=\"680\" height=\"486\" srcset=\"https:\/\/www.organisator.ch\/wp-content\/uploads\/2025\/05\/Fachverband-procure.ch-hat-neuen-Geschaeftssitz-eroeffnet_Organisator.jpg 680w, https:\/\/www.organisator.ch\/wp-content\/uploads\/2025\/05\/Fachverband-procure.ch-hat-neuen-Geschaeftssitz-eroeffnet_Organisator-18x12.jpg 18w, https:\/\/www.organisator.ch\/wp-content\/uploads\/2025\/05\/Fachverband-procure.ch-hat-neuen-Geschaeftssitz-eroeffnet_Organisator-375x268.jpg 375w, https:\/\/www.organisator.ch\/wp-content\/uploads\/2025\/05\/Fachverband-procure.ch-hat-neuen-Geschaeftssitz-eroeffnet_Organisator-490x350.jpg 490w\" sizes=\"auto, (max-width: 680px) 100vw, 680px\" \/><figcaption id=\"caption-attachment-38161\" class=\"wp-caption-text\">L'amministratore delegato Andreas Kyburz accoglie i visitatori all'inaugurazione della nuova sede di procure.ch. (Immagine: zVg \/ procure.ch)<\/figcaption><\/figure>\n<p>Con la nuova e moderna sede di Aarau, procure.ch, l'associazione professionale per la gestione degli acquisti e delle forniture, sta creando una piattaforma aperta di incontro e di lavoro per i suoi membri, rafforzando allo stesso tempo la sua presenza regionale. Andreas Kyburz, amministratore delegato di procure.ch, ha dato il benvenuto agli ospiti e ha fatto visitare ai visitatori la nuova sede. Adrian Jungo, presidente uscente, ha sottolineato nel suo discorso l'importanza di un luogo aperto e accessibile per i membri: \"Era mio desiderio creare un luogo in cui le persone si incontrassero volentieri, per imparare, scambiare idee e fare rete\". Andi Bertaggia, neoeletto Presidente, ha sottolineato la direzione strategica: \"Il futuro ha bisogno di un passato: rimarremo ad Aarau, ma con un'immagine moderna e rivolta all'esterno. La nostra nuova sede \u00e8 sinonimo di incontro, innovazione e identit\u00e0\".<\/p>\n<h3>Focus sul programma educativo<\/h3>\n<p>I dipendenti della sede centrale hanno fornito ai visitatori interessanti informazioni sulle loro attivit\u00e0: Nel settore della formazione, non solo \u00e8 stata illustrata l'organizzazione dei corsi e dei seminari, ma sono state mostrate anche le moderne aule di formazione, con una dimostrazione dell'infrastruttura tecnica che consente anche l'insegnamento ibrido. L'area esami ha fornito informazioni sull'organizzazione degli esami professionali federali e degli esami professionali superiori. Inoltre, ha fornito una visione approfondita della stretta collaborazione con la commissione d'esame, in particolare per quanto riguarda la convalida dei contenuti degli esami e la lunga preparazione delle prove scritte e orali. Per quanto riguarda l'area associativa, l'attenzione si \u00e8 concentrata sul dialogo con la comunit\u00e0: gli ospiti hanno avuto modo di conoscere in esclusiva la nuova rivista associativa, attualmente in fase di sviluppo, e di ricevere informazioni sulle prossime conferenze e sugli eventi di networking.<\/p>\n<h3>Luogo di incontro aperto per la comunit\u00e0 associativa<\/h3>\n<p>Con spazi di lavoro attraenti, sale riunioni prenotabili e la possibilit\u00e0 di organizzare eventi in loco o ibridi, l'associazione si posiziona come luogo di incontro aperto per la comunit\u00e0 degli acquisti e degli approvvigionamenti. In futuro, un numero maggiore di eventi propri si terr\u00e0 in questa sede, senza trascurare la sua presenza decentrata nelle regioni. A partire dall'estate 2025, l'edificio sar\u00e0 modernizzato anche dal punto di vista dell'efficienza energetica (finestre, facciata, fotovoltaico). La nuova sede si trova a soli dieci minuti a piedi dalla stazione ferroviaria di Aarau e rappresenta un chiaro impegno per il futuro e l'ulteriore sviluppo dell'associazione.<\/p>\n<p>Andi Bertaggia \u00e8 stato eletto nuovo Presidente di procure.ch in occasione dell'Assemblea generale annuale dal 28 al 30 aprile 2025. Succede ad Adrian Jungo, che si dimette dopo oltre dieci anni di mandato a causa del limite statutario.<\/p>\n<p><em>Fonte e ulteriori informazioni: <a href=\"https:\/\/www.procure.ch\/\">www.procure.ch<\/a><\/em><\/p>","protected":false},"excerpt":{"rendered":"<p>Il 1\u00b0 maggio 2025, l'associazione professionale per la gestione degli acquisti e delle forniture procure.ch ha festeggiato l'apertura ufficiale del suo nuovo ufficio ad Aarau insieme a quasi 100 ospiti. <\/p>","protected":false},"author":4,"featured_media":38161,"comment_status":"closed","ping_status":"closed","sticky":false,"template":"","format":"standard","meta":{"_acf_changed":false,"_yoast_wpseo_focuskw":"procure.ch","_yoast_wpseo_metadesc":"Am 1. Mai 2025 feierte der Fachverband f\u00fcr Einkauf und Supply Management procure.ch die offizielle Er\u00f6ffnung seiner neuen Gesch\u00e4ftsstelle.","articlekey":"","footnotes":""},"categories":[28],"tags":[335,462,503],"class_list":["post-38160","post","type-post","status-publish","format-standard","has-post-thumbnail","hentry","category-management","tag-management-und-unternehmensfuehrung","tag-supply-chain-management","tag-verbaende"],"acf":[],"yoast_head":"<!-- This site is optimized with the Yoast SEO plugin v27.4 - https:\/\/yoast.com\/product\/yoast-seo-wordpress\/ -->\n<title>Fachverband procure.ch hat neuen Gesch\u00e4ftssitz er\u00f6ffnet - Organisator<\/title>\n<meta name=\"description\" content=\"Am 1. Mai 2025 feierte der Fachverband f\u00fcr Einkauf und Supply Management procure.ch die offizielle Er\u00f6ffnung seiner neuen Gesch\u00e4ftsstelle.\" \/>\n<meta name=\"robots\" content=\"index, follow, max-snippet:-1, max-image-preview:large, max-video-preview:-1\" \/>\n<link rel=\"canonical\" href=\"https:\/\/www.organisator.ch\/it\/gestione-2\/2025-05-05\/fachverband-procure-ch-hat-neuen-geschaeftssitz-eroeffnet\/\" \/>\n<meta property=\"og:locale\" content=\"it_IT\" \/>\n<meta property=\"og:type\" content=\"article\" \/>\n<meta property=\"og:title\" content=\"Fachverband procure.ch hat neuen Gesch\u00e4ftssitz er\u00f6ffnet\" \/>\n<meta property=\"og:description\" content=\"Am 1. Mai 2025 feierte der Fachverband f\u00fcr Einkauf und Supply Management procure.ch die offizielle Er\u00f6ffnung seiner neuen Gesch\u00e4ftsstelle.\" \/>\n<meta property=\"og:url\" content=\"https:\/\/www.organisator.ch\/it\/gestione-2\/2025-05-05\/fachverband-procure-ch-hat-neuen-geschaeftssitz-eroeffnet\/\" \/>\n<meta property=\"og:site_name\" content=\"Organisator\" \/>\n<meta property=\"article:publisher\" content=\"https:\/\/www.facebook.com\/OrganisatorFachmagazin\" \/>\n<meta property=\"article:published_time\" content=\"2025-05-05T09:39:59+00:00\" \/>\n<meta property=\"og:image\" content=\"https:\/\/www.organisator.ch\/wp-content\/uploads\/2025\/05\/Fachverband-procure.ch-hat-neuen-Geschaeftssitz-eroeffnet_Organisator.jpg\" \/>\n\t<meta property=\"og:image:width\" content=\"680\" \/>\n\t<meta property=\"og:image:height\" content=\"486\" \/>\n\t<meta property=\"og:image:type\" content=\"image\/jpeg\" \/>\n<meta name=\"author\" content=\"thomas.berner\" \/>\n<meta name=\"twitter:card\" content=\"summary_large_image\" \/>\n<meta name=\"twitter:title\" content=\"Fachverband #procure.ch hat neuen #Gesch\u00e4ftssitz er\u00f6ffnet\" \/>\n<meta name=\"twitter:description\" content=\"Am 1. Mai 2025 feierte der Fachverband f\u00fcr Einkauf und Supply Management #procure.ch die offizielle Er\u00f6ffnung seiner neuen Gesch\u00e4ftsstelle.\" \/>\n<meta name=\"twitter:image\" content=\"https:\/\/www.organisator.ch\/wp-content\/uploads\/2025\/05\/Fachverband-procure.ch-hat-neuen-Geschaeftssitz-eroeffnet_Organisator.jpg\" \/>\n<script type=\"application\/ld+json\" class=\"yoast-schema-graph\">{\"@context\":\"https:\\\/\\\/schema.org\",\"@graph\":[{\"@type\":\"Article\",\"@id\":\"https:\\\/\\\/www.organisator.ch\\\/management\\\/2025-05-05\\\/fachverband-procure-ch-hat-neuen-geschaeftssitz-eroeffnet\\\/#article\",\"isPartOf\":{\"@id\":\"https:\\\/\\\/www.organisator.ch\\\/management\\\/2025-05-05\\\/fachverband-procure-ch-hat-neuen-geschaeftssitz-eroeffnet\\\/\"},\"author\":{\"name\":\"thomas.berner\",\"@id\":\"https:\\\/\\\/www.organisator.ch\\\/#\\\/schema\\\/person\\\/6f650f90b2842cd4c0cc334b4e36f67e\"},\"headline\":\"Fachverband procure.ch hat neuen Gesch\u00e4ftssitz er\u00f6ffnet\",\"datePublished\":\"2025-05-05T09:39:59+00:00\",\"mainEntityOfPage\":{\"@id\":\"https:\\\/\\\/www.organisator.ch\\\/management\\\/2025-05-05\\\/fachverband-procure-ch-hat-neuen-geschaeftssitz-eroeffnet\\\/\"},\"wordCount\":460,\"publisher\":{\"@id\":\"https:\\\/\\\/www.organisator.ch\\\/#organization\"},\"image\":{\"@id\":\"https:\\\/\\\/www.organisator.ch\\\/management\\\/2025-05-05\\\/fachverband-procure-ch-hat-neuen-geschaeftssitz-eroeffnet\\\/#primaryimage\"},\"thumbnailUrl\":\"https:\\\/\\\/www.organisator.ch\\\/wp-content\\\/uploads\\\/2025\\\/05\\\/Fachverband-procure.ch-hat-neuen-Geschaeftssitz-eroeffnet_Organisator.jpg\",\"keywords\":[\"Management und Unternehmensf\u00fchrung\",\"Supply Chain Management\",\"Verb\u00e4nde\"],\"articleSection\":[\"MANAGEMENT\"],\"inLanguage\":\"it-IT\"},{\"@type\":\"WebPage\",\"@id\":\"https:\\\/\\\/www.organisator.ch\\\/management\\\/2025-05-05\\\/fachverband-procure-ch-hat-neuen-geschaeftssitz-eroeffnet\\\/\",\"url\":\"https:\\\/\\\/www.organisator.ch\\\/management\\\/2025-05-05\\\/fachverband-procure-ch-hat-neuen-geschaeftssitz-eroeffnet\\\/\",\"name\":\"Fachverband procure.ch hat neuen Gesch\u00e4ftssitz er\u00f6ffnet - Organisator\",\"isPartOf\":{\"@id\":\"https:\\\/\\\/www.organisator.ch\\\/#website\"},\"primaryImageOfPage\":{\"@id\":\"https:\\\/\\\/www.organisator.ch\\\/management\\\/2025-05-05\\\/fachverband-procure-ch-hat-neuen-geschaeftssitz-eroeffnet\\\/#primaryimage\"},\"image\":{\"@id\":\"https:\\\/\\\/www.organisator.ch\\\/management\\\/2025-05-05\\\/fachverband-procure-ch-hat-neuen-geschaeftssitz-eroeffnet\\\/#primaryimage\"},\"thumbnailUrl\":\"https:\\\/\\\/www.organisator.ch\\\/wp-content\\\/uploads\\\/2025\\\/05\\\/Fachverband-procure.ch-hat-neuen-Geschaeftssitz-eroeffnet_Organisator.jpg\",\"datePublished\":\"2025-05-05T09:39:59+00:00\",\"description\":\"Am 1. Mai 2025 feierte der Fachverband f\u00fcr Einkauf und Supply Management procure.ch die offizielle Er\u00f6ffnung seiner neuen Gesch\u00e4ftsstelle.\",\"breadcrumb\":{\"@id\":\"https:\\\/\\\/www.organisator.ch\\\/management\\\/2025-05-05\\\/fachverband-procure-ch-hat-neuen-geschaeftssitz-eroeffnet\\\/#breadcrumb\"},\"inLanguage\":\"it-IT\",\"potentialAction\":[{\"@type\":\"ReadAction\",\"target\":[\"https:\\\/\\\/www.organisator.ch\\\/management\\\/2025-05-05\\\/fachverband-procure-ch-hat-neuen-geschaeftssitz-eroeffnet\\\/\"]}]},{\"@type\":\"ImageObject\",\"inLanguage\":\"it-IT\",\"@id\":\"https:\\\/\\\/www.organisator.ch\\\/management\\\/2025-05-05\\\/fachverband-procure-ch-hat-neuen-geschaeftssitz-eroeffnet\\\/#primaryimage\",\"url\":\"https:\\\/\\\/www.organisator.ch\\\/wp-content\\\/uploads\\\/2025\\\/05\\\/Fachverband-procure.ch-hat-neuen-Geschaeftssitz-eroeffnet_Organisator.jpg\",\"contentUrl\":\"https:\\\/\\\/www.organisator.ch\\\/wp-content\\\/uploads\\\/2025\\\/05\\\/Fachverband-procure.ch-hat-neuen-Geschaeftssitz-eroeffnet_Organisator.jpg\",\"width\":680,\"height\":486,\"caption\":\"Gesch\u00e4ftsf\u00fchrer Andreas Kyburz begr\u00fcsst Besucherinnen und Besucher zur Er\u00f6ffnung des neuen Gesch\u00e4ftssitzes von procure.ch. (Bild: zVg \\\/ procure.ch)\"},{\"@type\":\"BreadcrumbList\",\"@id\":\"https:\\\/\\\/www.organisator.ch\\\/management\\\/2025-05-05\\\/fachverband-procure-ch-hat-neuen-geschaeftssitz-eroeffnet\\\/#breadcrumb\",\"itemListElement\":[{\"@type\":\"ListItem\",\"position\":1,\"name\":\"Home\",\"item\":\"https:\\\/\\\/www.organisator.ch\\\/\"},{\"@type\":\"ListItem\",\"position\":2,\"name\":\"Fachverband procure.ch hat neuen Gesch\u00e4ftssitz er\u00f6ffnet\"}]},{\"@type\":\"WebSite\",\"@id\":\"https:\\\/\\\/www.organisator.ch\\\/#website\",\"url\":\"https:\\\/\\\/www.organisator.ch\\\/\",\"name\":\"Organisator\",\"description\":\"Kompetent. Praxisnah. Der ORGANISATOR bereitet in 10 Ausgaben pro Jahr die wesentlichen Themen f\u00fcr F\u00fchrungskr\u00e4fte von KMU auf.\",\"publisher\":{\"@id\":\"https:\\\/\\\/www.organisator.ch\\\/#organization\"},\"potentialAction\":[{\"@type\":\"SearchAction\",\"target\":{\"@type\":\"EntryPoint\",\"urlTemplate\":\"https:\\\/\\\/www.organisator.ch\\\/?s={search_term_string}\"},\"query-input\":{\"@type\":\"PropertyValueSpecification\",\"valueRequired\":true,\"valueName\":\"search_term_string\"}}],\"inLanguage\":\"it-IT\"},{\"@type\":\"Organization\",\"@id\":\"https:\\\/\\\/www.organisator.ch\\\/#organization\",\"name\":\"Organisator\",\"url\":\"https:\\\/\\\/www.organisator.ch\\\/\",\"logo\":{\"@type\":\"ImageObject\",\"inLanguage\":\"it-IT\",\"@id\":\"https:\\\/\\\/www.organisator.ch\\\/#\\\/schema\\\/logo\\\/image\\\/\",\"url\":\"https:\\\/\\\/www.organisator.ch\\\/wp-content\\\/uploads\\\/2022\\\/01\\\/Logo_Organisator_Website.png\",\"contentUrl\":\"https:\\\/\\\/www.organisator.ch\\\/wp-content\\\/uploads\\\/2022\\\/01\\\/Logo_Organisator_Website.png\",\"width\":800,\"height\":77,\"caption\":\"Organisator\"},\"image\":{\"@id\":\"https:\\\/\\\/www.organisator.ch\\\/#\\\/schema\\\/logo\\\/image\\\/\"},\"sameAs\":[\"https:\\\/\\\/www.facebook.com\\\/OrganisatorFachmagazin\",\"https:\\\/\\\/www.linkedin.com\\\/showcase\\\/organisator-das-magazin-fr-kmu\",\"https:\\\/\\\/www.xing.com\\\/news\\\/pages\\\/organisator-ch-695\",\"https:\\\/\\\/www.youtube.com\\\/channel\\\/UCGP2Sq0iWaZwT3BdIAQFYpw\"]},{\"@type\":\"Person\",\"@id\":\"https:\\\/\\\/www.organisator.ch\\\/#\\\/schema\\\/person\\\/6f650f90b2842cd4c0cc334b4e36f67e\",\"name\":\"thomas.berner\",\"image\":{\"@type\":\"ImageObject\",\"inLanguage\":\"it-IT\",\"@id\":\"https:\\\/\\\/secure.gravatar.com\\\/avatar\\\/ac5001d2a36cb6c6cd3e50789007ffca834b477b74a2144564522e944eabff61?s=96&d=mm&r=g\",\"url\":\"https:\\\/\\\/secure.gravatar.com\\\/avatar\\\/ac5001d2a36cb6c6cd3e50789007ffca834b477b74a2144564522e944eabff61?s=96&d=mm&r=g\",\"contentUrl\":\"https:\\\/\\\/secure.gravatar.com\\\/avatar\\\/ac5001d2a36cb6c6cd3e50789007ffca834b477b74a2144564522e944eabff61?s=96&d=mm&r=g\",\"caption\":\"thomas.berner\"},\"url\":\"https:\\\/\\\/www.organisator.ch\\\/it\\\/author\\\/thomas-berner\\\/\"}]}<\/script>\n<!-- \/ Yoast SEO plugin. -->","yoast_head_json":{"title":"L'associazione di categoria procure.ch ha aperto una nuova sede - Organizzatore","description":"Il 1\u00b0 maggio 2025, l'associazione professionale per la gestione degli acquisti e delle forniture procure.ch ha celebrato l'apertura ufficiale della sua nuova sede.","robots":{"index":"index","follow":"follow","max-snippet":"max-snippet:-1","max-image-preview":"max-image-preview:large","max-video-preview":"max-video-preview:-1"},"canonical":"https:\/\/www.organisator.ch\/it\/gestione-2\/2025-05-05\/fachverband-procure-ch-hat-neuen-geschaeftssitz-eroeffnet\/","og_locale":"it_IT","og_type":"article","og_title":"Fachverband procure.ch hat neuen Gesch\u00e4ftssitz er\u00f6ffnet","og_description":"Am 1. Mai 2025 feierte der Fachverband f\u00fcr Einkauf und Supply Management procure.ch die offizielle Er\u00f6ffnung seiner neuen Gesch\u00e4ftsstelle.","og_url":"https:\/\/www.organisator.ch\/it\/gestione-2\/2025-05-05\/fachverband-procure-ch-hat-neuen-geschaeftssitz-eroeffnet\/","og_site_name":"Organisator","article_publisher":"https:\/\/www.facebook.com\/OrganisatorFachmagazin","article_published_time":"2025-05-05T09:39:59+00:00","og_image":[{"width":680,"height":486,"url":"https:\/\/www.organisator.ch\/wp-content\/uploads\/2025\/05\/Fachverband-procure.ch-hat-neuen-Geschaeftssitz-eroeffnet_Organisator.jpg","type":"image\/jpeg"}],"author":"thomas.berner","twitter_card":"summary_large_image","twitter_title":"Fachverband #procure.ch hat neuen #Gesch\u00e4ftssitz er\u00f6ffnet","twitter_description":"Am 1. Mai 2025 feierte der Fachverband f\u00fcr Einkauf und Supply Management #procure.ch die offizielle Er\u00f6ffnung seiner neuen Gesch\u00e4ftsstelle.","twitter_image":"https:\/\/www.organisator.ch\/wp-content\/uploads\/2025\/05\/Fachverband-procure.ch-hat-neuen-Geschaeftssitz-eroeffnet_Organisator.jpg","schema":{"@context":"https:\/\/schema.org","@graph":[{"@type":"Article","@id":"https:\/\/www.organisator.ch\/management\/2025-05-05\/fachverband-procure-ch-hat-neuen-geschaeftssitz-eroeffnet\/#article","isPartOf":{"@id":"https:\/\/www.organisator.ch\/management\/2025-05-05\/fachverband-procure-ch-hat-neuen-geschaeftssitz-eroeffnet\/"},"author":{"name":"thomas.berner","@id":"https:\/\/www.organisator.ch\/#\/schema\/person\/6f650f90b2842cd4c0cc334b4e36f67e"},"headline":"Fachverband procure.ch hat neuen Gesch\u00e4ftssitz er\u00f6ffnet","datePublished":"2025-05-05T09:39:59+00:00","mainEntityOfPage":{"@id":"https:\/\/www.organisator.ch\/management\/2025-05-05\/fachverband-procure-ch-hat-neuen-geschaeftssitz-eroeffnet\/"},"wordCount":460,"publisher":{"@id":"https:\/\/www.organisator.ch\/#organization"},"image":{"@id":"https:\/\/www.organisator.ch\/management\/2025-05-05\/fachverband-procure-ch-hat-neuen-geschaeftssitz-eroeffnet\/#primaryimage"},"thumbnailUrl":"https:\/\/www.organisator.ch\/wp-content\/uploads\/2025\/05\/Fachverband-procure.ch-hat-neuen-Geschaeftssitz-eroeffnet_Organisator.jpg","keywords":["Management und Unternehmensf\u00fchrung","Supply Chain Management","Verb\u00e4nde"],"articleSection":["MANAGEMENT"],"inLanguage":"it-IT"},{"@type":"WebPage","@id":"https:\/\/www.organisator.ch\/management\/2025-05-05\/fachverband-procure-ch-hat-neuen-geschaeftssitz-eroeffnet\/","url":"https:\/\/www.organisator.ch\/management\/2025-05-05\/fachverband-procure-ch-hat-neuen-geschaeftssitz-eroeffnet\/","name":"L'associazione di categoria procure.ch ha aperto una nuova sede - Organizzatore","isPartOf":{"@id":"https:\/\/www.organisator.ch\/#website"},"primaryImageOfPage":{"@id":"https:\/\/www.organisator.ch\/management\/2025-05-05\/fachverband-procure-ch-hat-neuen-geschaeftssitz-eroeffnet\/#primaryimage"},"image":{"@id":"https:\/\/www.organisator.ch\/management\/2025-05-05\/fachverband-procure-ch-hat-neuen-geschaeftssitz-eroeffnet\/#primaryimage"},"thumbnailUrl":"https:\/\/www.organisator.ch\/wp-content\/uploads\/2025\/05\/Fachverband-procure.ch-hat-neuen-Geschaeftssitz-eroeffnet_Organisator.jpg","datePublished":"2025-05-05T09:39:59+00:00","description":"Il 1\u00b0 maggio 2025, l'associazione professionale per la gestione degli acquisti e delle forniture procure.ch ha celebrato l'apertura ufficiale della sua nuova sede.","breadcrumb":{"@id":"https:\/\/www.organisator.ch\/management\/2025-05-05\/fachverband-procure-ch-hat-neuen-geschaeftssitz-eroeffnet\/#breadcrumb"},"inLanguage":"it-IT","potentialAction":[{"@type":"ReadAction","target":["https:\/\/www.organisator.ch\/management\/2025-05-05\/fachverband-procure-ch-hat-neuen-geschaeftssitz-eroeffnet\/"]}]},{"@type":"ImageObject","inLanguage":"it-IT","@id":"https:\/\/www.organisator.ch\/management\/2025-05-05\/fachverband-procure-ch-hat-neuen-geschaeftssitz-eroeffnet\/#primaryimage","url":"https:\/\/www.organisator.ch\/wp-content\/uploads\/2025\/05\/Fachverband-procure.ch-hat-neuen-Geschaeftssitz-eroeffnet_Organisator.jpg","contentUrl":"https:\/\/www.organisator.ch\/wp-content\/uploads\/2025\/05\/Fachverband-procure.ch-hat-neuen-Geschaeftssitz-eroeffnet_Organisator.jpg","width":680,"height":486,"caption":"Gesch\u00e4ftsf\u00fchrer Andreas Kyburz begr\u00fcsst Besucherinnen und Besucher zur Er\u00f6ffnung des neuen Gesch\u00e4ftssitzes von procure.ch. (Bild: zVg \/ procure.ch)"},{"@type":"BreadcrumbList","@id":"https:\/\/www.organisator.ch\/management\/2025-05-05\/fachverband-procure-ch-hat-neuen-geschaeftssitz-eroeffnet\/#breadcrumb","itemListElement":[{"@type":"ListItem","position":1,"name":"Home","item":"https:\/\/www.organisator.ch\/"},{"@type":"ListItem","position":2,"name":"Fachverband procure.ch hat neuen Gesch\u00e4ftssitz er\u00f6ffnet"}]},{"@type":"WebSite","@id":"https:\/\/www.organisator.ch\/#website","url":"https:\/\/www.organisator.ch\/","name":"Organizzatore","description":"Competente. Pratico. In 10 numeri all'anno, ORGANISATOR presenta i temi essenziali per i manager delle PMI.","publisher":{"@id":"https:\/\/www.organisator.ch\/#organization"},"potentialAction":[{"@type":"SearchAction","target":{"@type":"EntryPoint","urlTemplate":"https:\/\/www.organisator.ch\/?s={search_term_string}"},"query-input":{"@type":"PropertyValueSpecification","valueRequired":true,"valueName":"search_term_string"}}],"inLanguage":"it-IT"},{"@type":"Organization","@id":"https:\/\/www.organisator.ch\/#organization","name":"Organizzatore","url":"https:\/\/www.organisator.ch\/","logo":{"@type":"ImageObject","inLanguage":"it-IT","@id":"https:\/\/www.organisator.ch\/#\/schema\/logo\/image\/","url":"https:\/\/www.organisator.ch\/wp-content\/uploads\/2022\/01\/Logo_Organisator_Website.png","contentUrl":"https:\/\/www.organisator.ch\/wp-content\/uploads\/2022\/01\/Logo_Organisator_Website.png","width":800,"height":77,"caption":"Organisator"},"image":{"@id":"https:\/\/www.organisator.ch\/#\/schema\/logo\/image\/"},"sameAs":["https:\/\/www.facebook.com\/OrganisatorFachmagazin","https:\/\/www.linkedin.com\/showcase\/organisator-das-magazin-fr-kmu","https:\/\/www.xing.com\/news\/pages\/organisator-ch-695","https:\/\/www.youtube.com\/channel\/UCGP2Sq0iWaZwT3BdIAQFYpw"]},{"@type":"Person","@id":"https:\/\/www.organisator.ch\/#\/schema\/person\/6f650f90b2842cd4c0cc334b4e36f67e","name":"Tommaso.berner","image":{"@type":"ImageObject","inLanguage":"it-IT","@id":"https:\/\/secure.gravatar.com\/avatar\/ac5001d2a36cb6c6cd3e50789007ffca834b477b74a2144564522e944eabff61?s=96&d=mm&r=g","url":"https:\/\/secure.gravatar.com\/avatar\/ac5001d2a36cb6c6cd3e50789007ffca834b477b74a2144564522e944eabff61?s=96&d=mm&r=g","contentUrl":"https:\/\/secure.gravatar.com\/avatar\/ac5001d2a36cb6c6cd3e50789007ffca834b477b74a2144564522e944eabff61?s=96&d=mm&r=g","caption":"thomas.berner"},"url":"https:\/\/www.organisator.ch\/it\/author\/thomas-berner\/"}]}},"_links":{"self":[{"href":"https:\/\/www.organisator.ch\/it\/wp-json\/wp\/v2\/posts\/38160","targetHints":{"allow":["GET"]}}],"collection":[{"href":"https:\/\/www.organisator.ch\/it\/wp-json\/wp\/v2\/posts"}],"about":[{"href":"https:\/\/www.organisator.ch\/it\/wp-json\/wp\/v2\/types\/post"}],"author":[{"embeddable":true,"href":"https:\/\/www.organisator.ch\/it\/wp-json\/wp\/v2\/users\/4"}],"replies":[{"embeddable":true,"href":"https:\/\/www.organisator.ch\/it\/wp-json\/wp\/v2\/comments?post=38160"}],"version-history":[{"count":4,"href":"https:\/\/www.organisator.ch\/it\/wp-json\/wp\/v2\/posts\/38160\/revisions"}],"predecessor-version":[{"id":38202,"href":"https:\/\/www.organisator.ch\/it\/wp-json\/wp\/v2\/posts\/38160\/revisions\/38202"}],"wp:featuredmedia":[{"embeddable":true,"href":"https:\/\/www.organisator.ch\/it\/wp-json\/wp\/v2\/media\/38161"}],"wp:attachment":[{"href":"https:\/\/www.organisator.ch\/it\/wp-json\/wp\/v2\/media?parent=38160"}],"wp:term":[{"taxonomy":"category","embeddable":true,"href":"https:\/\/www.organisator.ch\/it\/wp-json\/wp\/v2\/categories?post=38160"},{"taxonomy":"post_tag","embeddable":true,"href":"https:\/\/www.organisator.ch\/it\/wp-json\/wp\/v2\/tags?post=38160"}],"curies":[{"name":"wp","href":"https:\/\/api.w.org\/{rel}","templated":true}]}}