{"id":38270,"date":"2025-05-09T03:37:58","date_gmt":"2025-05-09T01:37:58","guid":{"rendered":"https:\/\/www.markt-kom.com\/?p=234378"},"modified":"2025-05-08T16:37:16","modified_gmt":"2025-05-08T14:37:16","slug":"professionalisierung-im-content-marketing-in-der-schweiz-schreitet-voran","status":"publish","type":"post","link":"https:\/\/www.organisator.ch\/it\/marketing\/2025-05-09\/professionalisierung-im-content-marketing-in-der-schweiz-schreitet-voran\/","title":{"rendered":"La professionalizzazione del content marketing in Svizzera sta progredendo"},"content":{"rendered":"<figure id=\"attachment_234382\" class=\"wp-caption aligncenter\" style=\"width: 1144px;\" aria-describedby=\"caption-attachment-234382\"><a href=\"https:\/\/www.markt-kom.com\/wp-content\/uploads\/2025\/05\/2025_Heierli-etal_Content-Marketing-Studie-2025-8.jpg\"><img class=\"size-full wp-image-234382\" src=\"https:\/\/www.markt-kom.com\/wp-content\/uploads\/2025\/05\/2025_Heierli-etal_Content-Marketing-Studie-2025-8.jpg\" sizes=\"(max-width: 1144px) 100vw, 1144px\" srcset=\"https:\/\/www.markt-kom.com\/wp-content\/uploads\/2025\/05\/2025_Heierli-etal_Content-Marketing-Studie-2025-8.jpg 1144w, https:\/\/www.markt-kom.com\/wp-content\/uploads\/2025\/05\/2025_Heierli-etal_Content-Marketing-Studie-2025-8-600x450.jpg 600w, https:\/\/www.markt-kom.com\/wp-content\/uploads\/2025\/05\/2025_Heierli-etal_Content-Marketing-Studie-2025-8-1024x768.jpg 1024w, https:\/\/www.markt-kom.com\/wp-content\/uploads\/2025\/05\/2025_Heierli-etal_Content-Marketing-Studie-2025-8-768x576.jpg 768w, https:\/\/www.markt-kom.com\/wp-content\/uploads\/2025\/05\/2025_Heierli-etal_Content-Marketing-Studie-2025-8-16x12.jpg 16w, https:\/\/www.markt-kom.com\/wp-content\/uploads\/2025\/05\/2025_Heierli-etal_Content-Marketing-Studie-2025-8-233x175.jpg 233w, https:\/\/www.markt-kom.com\/wp-content\/uploads\/2025\/05\/2025_Heierli-etal_Content-Marketing-Studie-2025-8-467x350.jpg 467w, https:\/\/www.markt-kom.com\/wp-content\/uploads\/2025\/05\/2025_Heierli-etal_Content-Marketing-Studie-2025-8-1000x750.jpg 1000w\" alt=\"\" width=\"1144\" height=\"858\" \/><\/a>\r\n<figcaption id=\"caption-attachment-234382\" class=\"wp-caption-text\">(Grafica: Studio sul marketing dei contenuti 2025, Heierli et al.)<\/figcaption>\r\n<\/figure>\r\n<p>Il content marketing \u00e8 fondamentale per le aziende svizzere. Il 66% delle aziende intervistate utilizza attivamente il content marketing, come dimostra un recente sondaggio della ZHAW. Anche la maggior parte delle aziende che non utilizzano ancora il content marketing sta pianificando di introdurlo. Ci\u00f2 si riflette anche nei budget: le aziende investono quasi il 40% del loro budget totale in misure di content marketing. \"Stiamo assistendo a una crescente professionalizzazione del content marketing. Ci\u00f2 significa, ad esempio: strategie chiaramente definite, analisi dei gruppi target e utilizzo di strumenti di gestione dei contenuti per la loro pianificazione, creazione e distribuzione\", spiega Nadine Stahl della ZHAW, responsabile dello studio.<\/p>\r\n<p>&nbsp;<\/p>\r\n<h3><strong>L'intelligenza artificiale aumenta l'efficienza <\/strong><\/h3>\r\n<p>Secondo lo studio, soprattutto le aziende pi\u00f9 grandi utilizzano sempre pi\u00f9 spesso l'intelligenza artificiale nei loro processi di produzione dei contenuti. L'intelligenza artificiale viene utilizzata principalmente nella creazione automatica di testi, nell'ottimizzazione dei contenuti e nelle analisi per misurare il successo. Gli strumenti supportati dall'intelligenza artificiale per la personalizzazione dei contenuti e la distribuzione automatica dei contenuti stanno diventando sempre pi\u00f9 importanti. Le aziende che hanno gi\u00e0 acquisito esperienza con l'IA nel content marketing segnalano un aumento dell'efficienza e un miglioramento del targeting.<a href=\"https:\/\/www.markt-kom.com\/wp-content\/uploads\/2025\/05\/2025_Heierli-etal_Content-Marketing-Studie-2025-12.jpg\"><img class=\"aligncenter size-full wp-image-234383\" src=\"https:\/\/www.markt-kom.com\/wp-content\/uploads\/2025\/05\/2025_Heierli-etal_Content-Marketing-Studie-2025-12.jpg\" sizes=\"(max-width: 956px) 100vw, 956px\" srcset=\"https:\/\/www.markt-kom.com\/wp-content\/uploads\/2025\/05\/2025_Heierli-etal_Content-Marketing-Studie-2025-12.jpg 956w, https:\/\/www.markt-kom.com\/wp-content\/uploads\/2025\/05\/2025_Heierli-etal_Content-Marketing-Studie-2025-12-600x318.jpg 600w, https:\/\/www.markt-kom.com\/wp-content\/uploads\/2025\/05\/2025_Heierli-etal_Content-Marketing-Studie-2025-12-768x407.jpg 768w, https:\/\/www.markt-kom.com\/wp-content\/uploads\/2025\/05\/2025_Heierli-etal_Content-Marketing-Studie-2025-12-18x10.jpg 18w, https:\/\/www.markt-kom.com\/wp-content\/uploads\/2025\/05\/2025_Heierli-etal_Content-Marketing-Studie-2025-12-330x175.jpg 330w, https:\/\/www.markt-kom.com\/wp-content\/uploads\/2025\/05\/2025_Heierli-etal_Content-Marketing-Studie-2025-12-660x350.jpg 660w\" alt=\"\" width=\"956\" height=\"507\" \/><\/a><\/p>\r\n<p>Allo stesso tempo, secondo lo studio, la mancanza di competenze, l'inadeguatezza delle strutture interne e le incertezze sulla qualit\u00e0 e sulla credibilit\u00e0 dei contenuti generati dall'IA ne rallentano l'adozione diffusa. \"Il nostro studio fornisce per la prima volta informazioni sull'uso dell'IA nel content marketing. Abbiamo scoperto che l'influenza dell'IA sulla creativit\u00e0 e sull'autenticit\u00e0 \u00e8 oggetto di un dibattito controverso. Mentre alcune aziende vedono l'IA come uno strumento di supporto che integra la creativit\u00e0 umana, altre vedono i rischi di un'eccessiva automazione\", spiega Stahl. Nonostante queste sfide, tuttavia, molte aziende si aspettano che l'IA svolga un ruolo chiave nel content marketing dei prossimi anni.<\/p>\r\n<p><a href=\"https:\/\/www.markt-kom.com\/wp-content\/uploads\/2025\/05\/2025_Heierli-etal_Content-Marketing-Studie-2025-15.jpg\"><img class=\"aligncenter size-full wp-image-234379\" src=\"https:\/\/www.markt-kom.com\/wp-content\/uploads\/2025\/05\/2025_Heierli-etal_Content-Marketing-Studie-2025-15.jpg\" sizes=\"(max-width: 961px) 100vw, 961px\" srcset=\"https:\/\/www.markt-kom.com\/wp-content\/uploads\/2025\/05\/2025_Heierli-etal_Content-Marketing-Studie-2025-15.jpg 961w, https:\/\/www.markt-kom.com\/wp-content\/uploads\/2025\/05\/2025_Heierli-etal_Content-Marketing-Studie-2025-15-600x363.jpg 600w, https:\/\/www.markt-kom.com\/wp-content\/uploads\/2025\/05\/2025_Heierli-etal_Content-Marketing-Studie-2025-15-768x465.jpg 768w, https:\/\/www.markt-kom.com\/wp-content\/uploads\/2025\/05\/2025_Heierli-etal_Content-Marketing-Studie-2025-15-18x12.jpg 18w, https:\/\/www.markt-kom.com\/wp-content\/uploads\/2025\/05\/2025_Heierli-etal_Content-Marketing-Studie-2025-15-289x175.jpg 289w, https:\/\/www.markt-kom.com\/wp-content\/uploads\/2025\/05\/2025_Heierli-etal_Content-Marketing-Studie-2025-15-578x350.jpg 578w\" alt=\"\" width=\"961\" height=\"582\" \/><\/a><\/p>\r\n<h3><strong>I dati diventano sempre pi\u00f9 importanti<\/strong><\/h3>\r\n<p>Le aziende utilizzano i dati soprattutto per comprendere meglio il comportamento e gli interessi dei loro gruppi target e per analizzare l'efficacia dei formati di contenuto. Tuttavia, molte non stanno ancora sfruttando il potenziale dei loro dati. \"C'\u00e8 un potenziale di sviluppo, in particolare nell'area dell'ottimizzazione e della personalizzazione dei contenuti basata sui dati\", spiega Nadine Stahl.<\/p>\r\n<h3><strong>Variet\u00e0 di formati di contenuto<\/strong><\/h3>\r\n<p>I post sui social media e gli articoli sul sito web aziendale vengono creati con maggiore frequenza. Podcast, white paper e studi sulle best practice sono considerati particolarmente efficaci dagli intervistati, ma richiedono molto tempo per essere prodotti. La scelta dei canali di distribuzione \u00e8 sempre pi\u00f9 specifica per i gruppi target. Il sito web dell'azienda e i social media, in particolare LinkedIn e Instagram, sono considerati canali particolarmente rilevanti. \"\u00c8 interessante notare che le aziende che lavorano in base ai dati investono nella distribuzione dei contenuti in modo molto pi\u00f9 mirato, concentrandosi in particolare sui 'owned media' e sui 'shared media'\", afferma Nadine Stahl.<\/p>\r\n<p><a href=\"https:\/\/www.markt-kom.com\/wp-content\/uploads\/2025\/05\/2025_Heierli-etal_Content-Marketing-Studie-2025-16.jpg\"><img class=\"aligncenter size-full wp-image-234380\" src=\"https:\/\/www.markt-kom.com\/wp-content\/uploads\/2025\/05\/2025_Heierli-etal_Content-Marketing-Studie-2025-16.jpg\" sizes=\"(max-width: 965px) 100vw, 965px\" srcset=\"https:\/\/www.markt-kom.com\/wp-content\/uploads\/2025\/05\/2025_Heierli-etal_Content-Marketing-Studie-2025-16.jpg 965w, https:\/\/www.markt-kom.com\/wp-content\/uploads\/2025\/05\/2025_Heierli-etal_Content-Marketing-Studie-2025-16-600x309.jpg 600w, https:\/\/www.markt-kom.com\/wp-content\/uploads\/2025\/05\/2025_Heierli-etal_Content-Marketing-Studie-2025-16-768x396.jpg 768w, https:\/\/www.markt-kom.com\/wp-content\/uploads\/2025\/05\/2025_Heierli-etal_Content-Marketing-Studie-2025-16-18x9.jpg 18w, https:\/\/www.markt-kom.com\/wp-content\/uploads\/2025\/05\/2025_Heierli-etal_Content-Marketing-Studie-2025-16-340x175.jpg 340w, https:\/\/www.markt-kom.com\/wp-content\/uploads\/2025\/05\/2025_Heierli-etal_Content-Marketing-Studie-2025-16-680x350.jpg 680w\" alt=\"\" width=\"965\" height=\"497\" \/><\/a><\/p>\r\n<hr \/>\r\n<p><em>Per il <strong>Studio sul marketing dei contenuti 2025 <\/strong>l'Istituto di Marketing Management della ZHAW School of Management and Law ha analizzato per la quarta volta l'uso e la diffusione del content marketing in Svizzera. 924 aziende svizzere di diverse dimensioni e di diversi settori hanno partecipato a un sondaggio online nel gennaio 2025. Cliccare qui per il <a href=\"https:\/\/digitalcollection.zhaw.ch\/items\/3805428f-7233-43ac-a2e9-eb265da43a92\">intero studio<\/a>.<\/em><\/p>","protected":false},"excerpt":{"rendered":"<p>Due terzi di tutte le aziende svizzere utilizzano attivamente il content marketing e stanno assistendo a una professionalizzazione del settore. Le aziende pi\u00f9 grandi stanno integrando sempre pi\u00f9 spesso l'intelligenza artificiale (AI) nei loro processi di contenuti. Tuttavia, molte sono ancora agli inizi e discutono l'uso dell'IA in modo controverso. Lo dimostra l'ultimo studio sul content marketing condotto da ZHAW.<\/p>","protected":false},"author":8,"featured_media":0,"comment_status":"closed","ping_status":"closed","sticky":false,"template":"","format":"standard","meta":{"_acf_changed":false,"_yoast_wpseo_focuskw":"Content Marketing","_yoast_wpseo_metadesc":"Zwei Drittel aller Schweizer Unternehmen nutzen Content Marketing aktiv und verzeichnen eine Professionalisierung des Bereichs.","articlekey":"","footnotes":""},"categories":[29],"tags":[62,129,156,319,4343,459],"class_list":["post-38270","post","type-post","status-publish","format-standard","hentry","category-marketing","tag-aus-weiterbildung","tag-content-marketing","tag-digitalisierung","tag-kuenstliche-intelligenz","tag-markom","tag-studie"],"acf":[],"yoast_head":"<!-- This site is optimized with the Yoast SEO plugin v27.4 - https:\/\/yoast.com\/product\/yoast-seo-wordpress\/ -->\n<title>Professionalisierung im Content Marketing in der Schweiz schreitet voran - Organisator<\/title>\n<meta name=\"description\" content=\"Zwei Drittel aller Schweizer Unternehmen nutzen Content Marketing aktiv und verzeichnen eine Professionalisierung des Bereichs.\" \/>\n<meta name=\"robots\" content=\"index, follow, max-snippet:-1, max-image-preview:large, max-video-preview:-1\" \/>\n<link rel=\"canonical\" href=\"https:\/\/www.organisator.ch\/it\/marketing\/2025-05-09\/professionalisierung-im-content-marketing-in-der-schweiz-schreitet-voran\/\" \/>\n<meta property=\"og:locale\" content=\"it_IT\" \/>\n<meta property=\"og:type\" content=\"article\" \/>\n<meta property=\"og:title\" content=\"Professionalisierung im Content Marketing in der Schweiz schreitet voran - Organisator\" \/>\n<meta property=\"og:description\" content=\"Zwei Drittel aller Schweizer Unternehmen nutzen Content Marketing aktiv und verzeichnen eine Professionalisierung des Bereichs.\" \/>\n<meta property=\"og:url\" content=\"https:\/\/www.organisator.ch\/it\/marketing\/2025-05-09\/professionalisierung-im-content-marketing-in-der-schweiz-schreitet-voran\/\" \/>\n<meta property=\"og:site_name\" content=\"Organisator\" \/>\n<meta property=\"article:publisher\" content=\"https:\/\/www.facebook.com\/OrganisatorFachmagazin\" \/>\n<meta property=\"article:published_time\" content=\"2025-05-09T01:37:58+00:00\" \/>\n<meta name=\"author\" content=\"galledia\" \/>\n<meta name=\"twitter:card\" content=\"summary_large_image\" \/>\n<meta name=\"twitter:creator\" content=\"@admin\" \/>\n<script type=\"application\/ld+json\" class=\"yoast-schema-graph\">{\"@context\":\"https:\\\/\\\/schema.org\",\"@graph\":[{\"@type\":\"Article\",\"@id\":\"https:\\\/\\\/www.organisator.ch\\\/marketing\\\/2025-05-09\\\/professionalisierung-im-content-marketing-in-der-schweiz-schreitet-voran\\\/#article\",\"isPartOf\":{\"@id\":\"https:\\\/\\\/www.organisator.ch\\\/marketing\\\/2025-05-09\\\/professionalisierung-im-content-marketing-in-der-schweiz-schreitet-voran\\\/\"},\"author\":{\"name\":\"galledia\",\"@id\":\"https:\\\/\\\/www.organisator.ch\\\/#\\\/schema\\\/person\\\/4e51799071cd2dd1232ac003643ef5f0\"},\"headline\":\"Professionalisierung im Content Marketing in der Schweiz schreitet voran\",\"datePublished\":\"2025-05-09T01:37:58+00:00\",\"mainEntityOfPage\":{\"@id\":\"https:\\\/\\\/www.organisator.ch\\\/marketing\\\/2025-05-09\\\/professionalisierung-im-content-marketing-in-der-schweiz-schreitet-voran\\\/\"},\"wordCount\":478,\"publisher\":{\"@id\":\"https:\\\/\\\/www.organisator.ch\\\/#organization\"},\"image\":{\"@id\":\"https:\\\/\\\/www.organisator.ch\\\/marketing\\\/2025-05-09\\\/professionalisierung-im-content-marketing-in-der-schweiz-schreitet-voran\\\/#primaryimage\"},\"thumbnailUrl\":\"https:\\\/\\\/www.markt-kom.com\\\/wp-content\\\/uploads\\\/2025\\\/05\\\/2025_Heierli-etal_Content-Marketing-Studie-2025-8.jpg\",\"keywords\":[\"Aus-\\\/Weiterbildung\",\"Content Marketing\",\"Digitalisierung\",\"K\u00fcnstliche Intelligenz\",\"MarKom\",\"Studie\"],\"articleSection\":[\"MARKETING\"],\"inLanguage\":\"it-IT\"},{\"@type\":\"WebPage\",\"@id\":\"https:\\\/\\\/www.organisator.ch\\\/marketing\\\/2025-05-09\\\/professionalisierung-im-content-marketing-in-der-schweiz-schreitet-voran\\\/\",\"url\":\"https:\\\/\\\/www.organisator.ch\\\/marketing\\\/2025-05-09\\\/professionalisierung-im-content-marketing-in-der-schweiz-schreitet-voran\\\/\",\"name\":\"Professionalisierung im Content Marketing in der Schweiz schreitet voran - Organisator\",\"isPartOf\":{\"@id\":\"https:\\\/\\\/www.organisator.ch\\\/#website\"},\"primaryImageOfPage\":{\"@id\":\"https:\\\/\\\/www.organisator.ch\\\/marketing\\\/2025-05-09\\\/professionalisierung-im-content-marketing-in-der-schweiz-schreitet-voran\\\/#primaryimage\"},\"image\":{\"@id\":\"https:\\\/\\\/www.organisator.ch\\\/marketing\\\/2025-05-09\\\/professionalisierung-im-content-marketing-in-der-schweiz-schreitet-voran\\\/#primaryimage\"},\"thumbnailUrl\":\"https:\\\/\\\/www.markt-kom.com\\\/wp-content\\\/uploads\\\/2025\\\/05\\\/2025_Heierli-etal_Content-Marketing-Studie-2025-8.jpg\",\"datePublished\":\"2025-05-09T01:37:58+00:00\",\"description\":\"Zwei Drittel aller Schweizer Unternehmen nutzen Content Marketing aktiv und verzeichnen eine Professionalisierung des Bereichs.\",\"breadcrumb\":{\"@id\":\"https:\\\/\\\/www.organisator.ch\\\/marketing\\\/2025-05-09\\\/professionalisierung-im-content-marketing-in-der-schweiz-schreitet-voran\\\/#breadcrumb\"},\"inLanguage\":\"it-IT\",\"potentialAction\":[{\"@type\":\"ReadAction\",\"target\":[\"https:\\\/\\\/www.organisator.ch\\\/marketing\\\/2025-05-09\\\/professionalisierung-im-content-marketing-in-der-schweiz-schreitet-voran\\\/\"]}]},{\"@type\":\"ImageObject\",\"inLanguage\":\"it-IT\",\"@id\":\"https:\\\/\\\/www.organisator.ch\\\/marketing\\\/2025-05-09\\\/professionalisierung-im-content-marketing-in-der-schweiz-schreitet-voran\\\/#primaryimage\",\"url\":\"https:\\\/\\\/www.markt-kom.com\\\/wp-content\\\/uploads\\\/2025\\\/05\\\/2025_Heierli-etal_Content-Marketing-Studie-2025-8.jpg\",\"contentUrl\":\"https:\\\/\\\/www.markt-kom.com\\\/wp-content\\\/uploads\\\/2025\\\/05\\\/2025_Heierli-etal_Content-Marketing-Studie-2025-8.jpg\"},{\"@type\":\"BreadcrumbList\",\"@id\":\"https:\\\/\\\/www.organisator.ch\\\/marketing\\\/2025-05-09\\\/professionalisierung-im-content-marketing-in-der-schweiz-schreitet-voran\\\/#breadcrumb\",\"itemListElement\":[{\"@type\":\"ListItem\",\"position\":1,\"name\":\"Home\",\"item\":\"https:\\\/\\\/www.organisator.ch\\\/\"},{\"@type\":\"ListItem\",\"position\":2,\"name\":\"Professionalisierung im Content Marketing in der Schweiz schreitet voran\"}]},{\"@type\":\"WebSite\",\"@id\":\"https:\\\/\\\/www.organisator.ch\\\/#website\",\"url\":\"https:\\\/\\\/www.organisator.ch\\\/\",\"name\":\"Organisator\",\"description\":\"Kompetent. Praxisnah. Der ORGANISATOR bereitet in 10 Ausgaben pro Jahr die wesentlichen Themen f\u00fcr F\u00fchrungskr\u00e4fte von KMU auf.\",\"publisher\":{\"@id\":\"https:\\\/\\\/www.organisator.ch\\\/#organization\"},\"potentialAction\":[{\"@type\":\"SearchAction\",\"target\":{\"@type\":\"EntryPoint\",\"urlTemplate\":\"https:\\\/\\\/www.organisator.ch\\\/?s={search_term_string}\"},\"query-input\":{\"@type\":\"PropertyValueSpecification\",\"valueRequired\":true,\"valueName\":\"search_term_string\"}}],\"inLanguage\":\"it-IT\"},{\"@type\":\"Organization\",\"@id\":\"https:\\\/\\\/www.organisator.ch\\\/#organization\",\"name\":\"Organisator\",\"url\":\"https:\\\/\\\/www.organisator.ch\\\/\",\"logo\":{\"@type\":\"ImageObject\",\"inLanguage\":\"it-IT\",\"@id\":\"https:\\\/\\\/www.organisator.ch\\\/#\\\/schema\\\/logo\\\/image\\\/\",\"url\":\"https:\\\/\\\/www.organisator.ch\\\/wp-content\\\/uploads\\\/2022\\\/01\\\/Logo_Organisator_Website.png\",\"contentUrl\":\"https:\\\/\\\/www.organisator.ch\\\/wp-content\\\/uploads\\\/2022\\\/01\\\/Logo_Organisator_Website.png\",\"width\":800,\"height\":77,\"caption\":\"Organisator\"},\"image\":{\"@id\":\"https:\\\/\\\/www.organisator.ch\\\/#\\\/schema\\\/logo\\\/image\\\/\"},\"sameAs\":[\"https:\\\/\\\/www.facebook.com\\\/OrganisatorFachmagazin\",\"https:\\\/\\\/www.linkedin.com\\\/showcase\\\/organisator-das-magazin-fr-kmu\",\"https:\\\/\\\/www.xing.com\\\/news\\\/pages\\\/organisator-ch-695\",\"https:\\\/\\\/www.youtube.com\\\/channel\\\/UCGP2Sq0iWaZwT3BdIAQFYpw\"]},{\"@type\":\"Person\",\"@id\":\"https:\\\/\\\/www.organisator.ch\\\/#\\\/schema\\\/person\\\/4e51799071cd2dd1232ac003643ef5f0\",\"name\":\"galledia\",\"image\":{\"@type\":\"ImageObject\",\"inLanguage\":\"it-IT\",\"@id\":\"https:\\\/\\\/secure.gravatar.com\\\/avatar\\\/78a7f90c01fc2bfc875782a0d4922b37cde2cf184ce347b91316d23cd7f69a36?s=96&d=mm&r=g\",\"url\":\"https:\\\/\\\/secure.gravatar.com\\\/avatar\\\/78a7f90c01fc2bfc875782a0d4922b37cde2cf184ce347b91316d23cd7f69a36?s=96&d=mm&r=g\",\"contentUrl\":\"https:\\\/\\\/secure.gravatar.com\\\/avatar\\\/78a7f90c01fc2bfc875782a0d4922b37cde2cf184ce347b91316d23cd7f69a36?s=96&d=mm&r=g\",\"caption\":\"galledia\"},\"sameAs\":[\"https:\\\/\\\/x.com\\\/admin\"],\"url\":\"https:\\\/\\\/www.organisator.ch\\\/it\\\/author\\\/galledia\\\/\"}]}<\/script>\n<!-- \/ Yoast SEO plugin. -->","yoast_head_json":{"title":"La professionalizzazione del content marketing in Svizzera sta avanzando - Organizzatore","description":"Due terzi di tutte le aziende svizzere utilizzano attivamente il content marketing e stanno assistendo a una professionalizzazione del settore.","robots":{"index":"index","follow":"follow","max-snippet":"max-snippet:-1","max-image-preview":"max-image-preview:large","max-video-preview":"max-video-preview:-1"},"canonical":"https:\/\/www.organisator.ch\/it\/marketing\/2025-05-09\/professionalisierung-im-content-marketing-in-der-schweiz-schreitet-voran\/","og_locale":"it_IT","og_type":"article","og_title":"Professionalisierung im Content Marketing in der Schweiz schreitet voran - Organisator","og_description":"Zwei Drittel aller Schweizer Unternehmen nutzen Content Marketing aktiv und verzeichnen eine Professionalisierung des Bereichs.","og_url":"https:\/\/www.organisator.ch\/it\/marketing\/2025-05-09\/professionalisierung-im-content-marketing-in-der-schweiz-schreitet-voran\/","og_site_name":"Organisator","article_publisher":"https:\/\/www.facebook.com\/OrganisatorFachmagazin","article_published_time":"2025-05-09T01:37:58+00:00","author":"galledia","twitter_card":"summary_large_image","twitter_creator":"@admin","schema":{"@context":"https:\/\/schema.org","@graph":[{"@type":"Article","@id":"https:\/\/www.organisator.ch\/marketing\/2025-05-09\/professionalisierung-im-content-marketing-in-der-schweiz-schreitet-voran\/#article","isPartOf":{"@id":"https:\/\/www.organisator.ch\/marketing\/2025-05-09\/professionalisierung-im-content-marketing-in-der-schweiz-schreitet-voran\/"},"author":{"name":"galledia","@id":"https:\/\/www.organisator.ch\/#\/schema\/person\/4e51799071cd2dd1232ac003643ef5f0"},"headline":"Professionalisierung im Content Marketing in der Schweiz schreitet voran","datePublished":"2025-05-09T01:37:58+00:00","mainEntityOfPage":{"@id":"https:\/\/www.organisator.ch\/marketing\/2025-05-09\/professionalisierung-im-content-marketing-in-der-schweiz-schreitet-voran\/"},"wordCount":478,"publisher":{"@id":"https:\/\/www.organisator.ch\/#organization"},"image":{"@id":"https:\/\/www.organisator.ch\/marketing\/2025-05-09\/professionalisierung-im-content-marketing-in-der-schweiz-schreitet-voran\/#primaryimage"},"thumbnailUrl":"https:\/\/www.markt-kom.com\/wp-content\/uploads\/2025\/05\/2025_Heierli-etal_Content-Marketing-Studie-2025-8.jpg","keywords":["Aus-\/Weiterbildung","Content Marketing","Digitalisierung","K\u00fcnstliche Intelligenz","MarKom","Studie"],"articleSection":["MARKETING"],"inLanguage":"it-IT"},{"@type":"WebPage","@id":"https:\/\/www.organisator.ch\/marketing\/2025-05-09\/professionalisierung-im-content-marketing-in-der-schweiz-schreitet-voran\/","url":"https:\/\/www.organisator.ch\/marketing\/2025-05-09\/professionalisierung-im-content-marketing-in-der-schweiz-schreitet-voran\/","name":"La professionalizzazione del content marketing in Svizzera sta avanzando - Organizzatore","isPartOf":{"@id":"https:\/\/www.organisator.ch\/#website"},"primaryImageOfPage":{"@id":"https:\/\/www.organisator.ch\/marketing\/2025-05-09\/professionalisierung-im-content-marketing-in-der-schweiz-schreitet-voran\/#primaryimage"},"image":{"@id":"https:\/\/www.organisator.ch\/marketing\/2025-05-09\/professionalisierung-im-content-marketing-in-der-schweiz-schreitet-voran\/#primaryimage"},"thumbnailUrl":"https:\/\/www.markt-kom.com\/wp-content\/uploads\/2025\/05\/2025_Heierli-etal_Content-Marketing-Studie-2025-8.jpg","datePublished":"2025-05-09T01:37:58+00:00","description":"Due terzi di tutte le aziende svizzere utilizzano attivamente il content marketing e stanno assistendo a una professionalizzazione del settore.","breadcrumb":{"@id":"https:\/\/www.organisator.ch\/marketing\/2025-05-09\/professionalisierung-im-content-marketing-in-der-schweiz-schreitet-voran\/#breadcrumb"},"inLanguage":"it-IT","potentialAction":[{"@type":"ReadAction","target":["https:\/\/www.organisator.ch\/marketing\/2025-05-09\/professionalisierung-im-content-marketing-in-der-schweiz-schreitet-voran\/"]}]},{"@type":"ImageObject","inLanguage":"it-IT","@id":"https:\/\/www.organisator.ch\/marketing\/2025-05-09\/professionalisierung-im-content-marketing-in-der-schweiz-schreitet-voran\/#primaryimage","url":"https:\/\/www.markt-kom.com\/wp-content\/uploads\/2025\/05\/2025_Heierli-etal_Content-Marketing-Studie-2025-8.jpg","contentUrl":"https:\/\/www.markt-kom.com\/wp-content\/uploads\/2025\/05\/2025_Heierli-etal_Content-Marketing-Studie-2025-8.jpg"},{"@type":"BreadcrumbList","@id":"https:\/\/www.organisator.ch\/marketing\/2025-05-09\/professionalisierung-im-content-marketing-in-der-schweiz-schreitet-voran\/#breadcrumb","itemListElement":[{"@type":"ListItem","position":1,"name":"Home","item":"https:\/\/www.organisator.ch\/"},{"@type":"ListItem","position":2,"name":"Professionalisierung im Content Marketing in der Schweiz schreitet voran"}]},{"@type":"WebSite","@id":"https:\/\/www.organisator.ch\/#website","url":"https:\/\/www.organisator.ch\/","name":"Organizzatore","description":"Competente. Pratico. In 10 numeri all'anno, ORGANISATOR presenta i temi essenziali per i manager delle PMI.","publisher":{"@id":"https:\/\/www.organisator.ch\/#organization"},"potentialAction":[{"@type":"SearchAction","target":{"@type":"EntryPoint","urlTemplate":"https:\/\/www.organisator.ch\/?s={search_term_string}"},"query-input":{"@type":"PropertyValueSpecification","valueRequired":true,"valueName":"search_term_string"}}],"inLanguage":"it-IT"},{"@type":"Organization","@id":"https:\/\/www.organisator.ch\/#organization","name":"Organizzatore","url":"https:\/\/www.organisator.ch\/","logo":{"@type":"ImageObject","inLanguage":"it-IT","@id":"https:\/\/www.organisator.ch\/#\/schema\/logo\/image\/","url":"https:\/\/www.organisator.ch\/wp-content\/uploads\/2022\/01\/Logo_Organisator_Website.png","contentUrl":"https:\/\/www.organisator.ch\/wp-content\/uploads\/2022\/01\/Logo_Organisator_Website.png","width":800,"height":77,"caption":"Organisator"},"image":{"@id":"https:\/\/www.organisator.ch\/#\/schema\/logo\/image\/"},"sameAs":["https:\/\/www.facebook.com\/OrganisatorFachmagazin","https:\/\/www.linkedin.com\/showcase\/organisator-das-magazin-fr-kmu","https:\/\/www.xing.com\/news\/pages\/organisator-ch-695","https:\/\/www.youtube.com\/channel\/UCGP2Sq0iWaZwT3BdIAQFYpw"]},{"@type":"Person","@id":"https:\/\/www.organisator.ch\/#\/schema\/person\/4e51799071cd2dd1232ac003643ef5f0","name":"galledia","image":{"@type":"ImageObject","inLanguage":"it-IT","@id":"https:\/\/secure.gravatar.com\/avatar\/78a7f90c01fc2bfc875782a0d4922b37cde2cf184ce347b91316d23cd7f69a36?s=96&d=mm&r=g","url":"https:\/\/secure.gravatar.com\/avatar\/78a7f90c01fc2bfc875782a0d4922b37cde2cf184ce347b91316d23cd7f69a36?s=96&d=mm&r=g","contentUrl":"https:\/\/secure.gravatar.com\/avatar\/78a7f90c01fc2bfc875782a0d4922b37cde2cf184ce347b91316d23cd7f69a36?s=96&d=mm&r=g","caption":"galledia"},"sameAs":["https:\/\/x.com\/admin"],"url":"https:\/\/www.organisator.ch\/it\/author\/galledia\/"}]}},"_links":{"self":[{"href":"https:\/\/www.organisator.ch\/it\/wp-json\/wp\/v2\/posts\/38270","targetHints":{"allow":["GET"]}}],"collection":[{"href":"https:\/\/www.organisator.ch\/it\/wp-json\/wp\/v2\/posts"}],"about":[{"href":"https:\/\/www.organisator.ch\/it\/wp-json\/wp\/v2\/types\/post"}],"author":[{"embeddable":true,"href":"https:\/\/www.organisator.ch\/it\/wp-json\/wp\/v2\/users\/8"}],"replies":[{"embeddable":true,"href":"https:\/\/www.organisator.ch\/it\/wp-json\/wp\/v2\/comments?post=38270"}],"version-history":[{"count":5,"href":"https:\/\/www.organisator.ch\/it\/wp-json\/wp\/v2\/posts\/38270\/revisions"}],"predecessor-version":[{"id":38286,"href":"https:\/\/www.organisator.ch\/it\/wp-json\/wp\/v2\/posts\/38270\/revisions\/38286"}],"wp:attachment":[{"href":"https:\/\/www.organisator.ch\/it\/wp-json\/wp\/v2\/media?parent=38270"}],"wp:term":[{"taxonomy":"category","embeddable":true,"href":"https:\/\/www.organisator.ch\/it\/wp-json\/wp\/v2\/categories?post=38270"},{"taxonomy":"post_tag","embeddable":true,"href":"https:\/\/www.organisator.ch\/it\/wp-json\/wp\/v2\/tags?post=38270"}],"curies":[{"name":"wp","href":"https:\/\/api.w.org\/{rel}","templated":true}]}}