{"id":38331,"date":"2025-05-13T06:28:38","date_gmt":"2025-05-13T04:28:38","guid":{"rendered":"https:\/\/www.markt-kom.com\/?p=234487"},"modified":"2025-05-12T17:07:45","modified_gmt":"2025-05-12T15:07:45","slug":"electrolux-startet-roadshow-mit-begehbarer-waschmaschine","status":"publish","type":"post","link":"https:\/\/www.organisator.ch\/it\/marketing\/2025-05-13\/electrolux-startet-roadshow-mit-begehbarer-waschmaschine\/","title":{"rendered":"Electrolux lancia un roadshow con una lavatrice walk-in"},"content":{"rendered":"<figure id=\"attachment_234489\" class=\"wp-caption aligncenter\" style=\"width: 1200px;\" aria-describedby=\"caption-attachment-234489\"><a href=\"https:\/\/www.markt-kom.com\/wp-content\/uploads\/2025\/05\/Electrolux-Roadshow-BEA-3.jpg\"><img class=\"size-full wp-image-234489\" src=\"https:\/\/www.markt-kom.com\/wp-content\/uploads\/2025\/05\/Electrolux-Roadshow-BEA-3.jpg\" sizes=\"(max-width: 1200px) 100vw, 1200px\" srcset=\"https:\/\/www.markt-kom.com\/wp-content\/uploads\/2025\/05\/Electrolux-Roadshow-BEA-3.jpg 1133w, https:\/\/www.markt-kom.com\/wp-content\/uploads\/2025\/05\/Electrolux-Roadshow-BEA-3-600x530.jpg 600w, https:\/\/www.markt-kom.com\/wp-content\/uploads\/2025\/05\/Electrolux-Roadshow-BEA-3-1024x904.jpg 1024w, https:\/\/www.markt-kom.com\/wp-content\/uploads\/2025\/05\/Electrolux-Roadshow-BEA-3-768x678.jpg 768w, https:\/\/www.markt-kom.com\/wp-content\/uploads\/2025\/05\/Electrolux-Roadshow-BEA-3-14x12.jpg 14w, https:\/\/www.markt-kom.com\/wp-content\/uploads\/2025\/05\/Electrolux-Roadshow-BEA-3-198x175.jpg 198w, https:\/\/www.markt-kom.com\/wp-content\/uploads\/2025\/05\/Electrolux-Roadshow-BEA-3-397x350.jpg 397w, https:\/\/www.markt-kom.com\/wp-content\/uploads\/2025\/05\/Electrolux-Roadshow-BEA-3-907x800.jpg 907w\" alt=\"\" width=\"1200\" height=\"1059\" \/><\/a>\r\n<figcaption id=\"caption-attachment-234489\" class=\"wp-caption-text\">(Immagini: zVg.)<\/figcaption>\r\n<\/figure>\r\n<p>Con il roadshow, Electrolux vuole presentare i suoi prodotti di punta ai consumatori dei centri urbani e mostrare le tecnologie innovative in azione. La lavatrice walk-in funge da spazio di esperienza mobile e accattivante.<\/p>\r\n<p>\"Con il roadshow nazionale vogliamo raggiungere direttamente i consumatori ed entrare in contatto con loro. Le nostre tecnologie innovative si dimostrano al meglio sul posto, attraverso un'esperienza interattiva e divertente\", spiega Roland Bienz, Direttore Marketing di Electrolux Svizzera. L'attivazione della comunicazione dal vivo si basa sulla campagna pubblicitaria con l'ambasciatore del marchio Marco Odermatt dei mesi precedenti.<\/p>\r\n<p><a href=\"https:\/\/www.markt-kom.com\/wp-content\/uploads\/2025\/05\/Electrolux-Roadshow-BEA-1-scaled.jpg\"><img class=\"aligncenter size-full wp-image-234488\" src=\"https:\/\/www.markt-kom.com\/wp-content\/uploads\/2025\/05\/Electrolux-Roadshow-BEA-1-scaled.jpg\" sizes=\"(max-width: 1147px) 100vw, 1147px\" srcset=\"https:\/\/www.markt-kom.com\/wp-content\/uploads\/2025\/05\/Electrolux-Roadshow-BEA-1-scaled.jpg 819w, https:\/\/www.markt-kom.com\/wp-content\/uploads\/2025\/05\/Electrolux-Roadshow-BEA-1-491x600.jpg 491w, https:\/\/www.markt-kom.com\/wp-content\/uploads\/2025\/05\/Electrolux-Roadshow-BEA-1-768x938.jpg 768w, https:\/\/www.markt-kom.com\/wp-content\/uploads\/2025\/05\/Electrolux-Roadshow-BEA-1-10x12.jpg 10w, https:\/\/www.markt-kom.com\/wp-content\/uploads\/2025\/05\/Electrolux-Roadshow-BEA-1-143x175.jpg 143w, https:\/\/www.markt-kom.com\/wp-content\/uploads\/2025\/05\/Electrolux-Roadshow-BEA-1-287x350.jpg 287w, https:\/\/www.markt-kom.com\/wp-content\/uploads\/2025\/05\/Electrolux-Roadshow-BEA-1-655x800.jpg 655w\" alt=\"\" width=\"1147\" height=\"1400\" \/><\/a><\/p>\r\n<p>Oltre alla presentazione della tecnologia, l'evento prevede anche una ruota della fortuna con premi per un totale di oltre 100.000 franchi svizzeri e un meet &amp; greet con Marco Odermatt. Il roadshow far\u00e0 tappa in un totale di sei citt\u00e0 svizzere: Losanna, Zurigo, Winterthur, Basilea, Lucerna e, pi\u00f9 recentemente, al Festival di lotta svizzera di Mollis alla fine di agosto 2025.<\/p>\r\n<p><a href=\"https:\/\/www.markt-kom.com\/wp-content\/uploads\/2025\/05\/Electrolux-Roadshow-BEA-2-scaled.jpg\"><img class=\"aligncenter size-full wp-image-234490\" src=\"https:\/\/www.markt-kom.com\/wp-content\/uploads\/2025\/05\/Electrolux-Roadshow-BEA-2-scaled.jpg\" sizes=\"(max-width: 934px) 100vw, 934px\" srcset=\"https:\/\/www.markt-kom.com\/wp-content\/uploads\/2025\/05\/Electrolux-Roadshow-BEA-2-scaled.jpg 667w, https:\/\/www.markt-kom.com\/wp-content\/uploads\/2025\/05\/Electrolux-Roadshow-BEA-2-400x600.jpg 400w, https:\/\/www.markt-kom.com\/wp-content\/uploads\/2025\/05\/Electrolux-Roadshow-BEA-2-1025x1536.jpg 1025w, https:\/\/www.markt-kom.com\/wp-content\/uploads\/2025\/05\/Electrolux-Roadshow-BEA-2-8x12.jpg 8w, https:\/\/www.markt-kom.com\/wp-content\/uploads\/2025\/05\/Electrolux-Roadshow-BEA-2-117x175.jpg 117w, https:\/\/www.markt-kom.com\/wp-content\/uploads\/2025\/05\/Electrolux-Roadshow-BEA-2-233x350.jpg 233w, https:\/\/www.markt-kom.com\/wp-content\/uploads\/2025\/05\/Electrolux-Roadshow-BEA-2-534x800.jpg 534w\" alt=\"\" width=\"934\" height=\"1400\" \/><\/a><\/p>","protected":false},"excerpt":{"rendered":"<p>A partire da maggio 2025, Electrolux mander\u00e0 in tour la \"lavatrice pi\u00f9 grande della Svizzera\". Una lavatrice alta pi\u00f9 di quattro metri sar\u00e0 in tour in sei citt\u00e0 come showroom ambulante.<\/p>","protected":false},"author":8,"featured_media":0,"comment_status":"closed","ping_status":"closed","sticky":false,"template":"","format":"standard","meta":{"_acf_changed":false,"_yoast_wpseo_focuskw":"Electrolux","_yoast_wpseo_metadesc":"Electrolux schickt die \u00abgr\u00f6sste Waschmaschine der Schweiz\u00bb auf Tournee. Das vier Meter hohe Ger\u00e4t dient als begehbarer Ausstellungsraum.","articlekey":"","footnotes":""},"categories":[29],"tags":[5339,3357,4343,4481],"class_list":["post-38331","post","type-post","status-publish","format-standard","hentry","category-marketing","tag-electrolux","tag-live-kommunikation","tag-markom","tag-roadshow"],"acf":[],"yoast_head":"<!-- This site is optimized with the Yoast SEO plugin v27.5 - https:\/\/yoast.com\/product\/yoast-seo-wordpress\/ -->\n<title>Electrolux startet Roadshow mit begehbarer Waschmaschine - Organisator<\/title>\n<meta name=\"description\" content=\"Electrolux schickt die \u00abgr\u00f6sste Waschmaschine der Schweiz\u00bb auf Tournee. Das vier Meter hohe Ger\u00e4t dient als begehbarer Ausstellungsraum.\" \/>\n<meta name=\"robots\" content=\"index, follow, max-snippet:-1, max-image-preview:large, max-video-preview:-1\" \/>\n<link rel=\"canonical\" href=\"https:\/\/www.organisator.ch\/it\/marketing\/2025-05-13\/electrolux-startet-roadshow-mit-begehbarer-waschmaschine\/\" \/>\n<meta property=\"og:locale\" content=\"it_IT\" \/>\n<meta property=\"og:type\" content=\"article\" \/>\n<meta property=\"og:title\" content=\"Electrolux startet Roadshow mit begehbarer Waschmaschine - Organisator\" \/>\n<meta property=\"og:description\" content=\"Electrolux schickt die \u00abgr\u00f6sste Waschmaschine der Schweiz\u00bb auf Tournee. Das vier Meter hohe Ger\u00e4t dient als begehbarer Ausstellungsraum.\" \/>\n<meta property=\"og:url\" content=\"https:\/\/www.organisator.ch\/it\/marketing\/2025-05-13\/electrolux-startet-roadshow-mit-begehbarer-waschmaschine\/\" \/>\n<meta property=\"og:site_name\" content=\"Organisator\" \/>\n<meta property=\"article:publisher\" content=\"https:\/\/www.facebook.com\/OrganisatorFachmagazin\" \/>\n<meta property=\"article:published_time\" content=\"2025-05-13T04:28:38+00:00\" \/>\n<meta name=\"author\" content=\"galledia\" \/>\n<meta name=\"twitter:card\" content=\"summary_large_image\" \/>\n<meta name=\"twitter:creator\" content=\"@admin\" \/>\n<script type=\"application\/ld+json\" class=\"yoast-schema-graph\">{\"@context\":\"https:\\\/\\\/schema.org\",\"@graph\":[{\"@type\":\"Article\",\"@id\":\"https:\\\/\\\/www.organisator.ch\\\/marketing\\\/2025-05-13\\\/electrolux-startet-roadshow-mit-begehbarer-waschmaschine\\\/#article\",\"isPartOf\":{\"@id\":\"https:\\\/\\\/www.organisator.ch\\\/marketing\\\/2025-05-13\\\/electrolux-startet-roadshow-mit-begehbarer-waschmaschine\\\/\"},\"author\":{\"name\":\"galledia\",\"@id\":\"https:\\\/\\\/www.organisator.ch\\\/#\\\/schema\\\/person\\\/4e51799071cd2dd1232ac003643ef5f0\"},\"headline\":\"Electrolux startet Roadshow mit begehbarer Waschmaschine\",\"datePublished\":\"2025-05-13T04:28:38+00:00\",\"mainEntityOfPage\":{\"@id\":\"https:\\\/\\\/www.organisator.ch\\\/marketing\\\/2025-05-13\\\/electrolux-startet-roadshow-mit-begehbarer-waschmaschine\\\/\"},\"wordCount\":157,\"publisher\":{\"@id\":\"https:\\\/\\\/www.organisator.ch\\\/#organization\"},\"image\":{\"@id\":\"https:\\\/\\\/www.organisator.ch\\\/marketing\\\/2025-05-13\\\/electrolux-startet-roadshow-mit-begehbarer-waschmaschine\\\/#primaryimage\"},\"thumbnailUrl\":\"https:\\\/\\\/www.markt-kom.com\\\/wp-content\\\/uploads\\\/2025\\\/05\\\/Electrolux-Roadshow-BEA-3.jpg\",\"keywords\":[\"Electrolux\",\"Live-Kommunikation\",\"MarKom\",\"Roadshow\"],\"articleSection\":[\"MARKETING\"],\"inLanguage\":\"it-IT\"},{\"@type\":\"WebPage\",\"@id\":\"https:\\\/\\\/www.organisator.ch\\\/marketing\\\/2025-05-13\\\/electrolux-startet-roadshow-mit-begehbarer-waschmaschine\\\/\",\"url\":\"https:\\\/\\\/www.organisator.ch\\\/marketing\\\/2025-05-13\\\/electrolux-startet-roadshow-mit-begehbarer-waschmaschine\\\/\",\"name\":\"Electrolux startet Roadshow mit begehbarer Waschmaschine - Organisator\",\"isPartOf\":{\"@id\":\"https:\\\/\\\/www.organisator.ch\\\/#website\"},\"primaryImageOfPage\":{\"@id\":\"https:\\\/\\\/www.organisator.ch\\\/marketing\\\/2025-05-13\\\/electrolux-startet-roadshow-mit-begehbarer-waschmaschine\\\/#primaryimage\"},\"image\":{\"@id\":\"https:\\\/\\\/www.organisator.ch\\\/marketing\\\/2025-05-13\\\/electrolux-startet-roadshow-mit-begehbarer-waschmaschine\\\/#primaryimage\"},\"thumbnailUrl\":\"https:\\\/\\\/www.markt-kom.com\\\/wp-content\\\/uploads\\\/2025\\\/05\\\/Electrolux-Roadshow-BEA-3.jpg\",\"datePublished\":\"2025-05-13T04:28:38+00:00\",\"description\":\"Electrolux schickt die \u00abgr\u00f6sste Waschmaschine der Schweiz\u00bb auf Tournee. Das vier Meter hohe Ger\u00e4t dient als begehbarer Ausstellungsraum.\",\"breadcrumb\":{\"@id\":\"https:\\\/\\\/www.organisator.ch\\\/marketing\\\/2025-05-13\\\/electrolux-startet-roadshow-mit-begehbarer-waschmaschine\\\/#breadcrumb\"},\"inLanguage\":\"it-IT\",\"potentialAction\":[{\"@type\":\"ReadAction\",\"target\":[\"https:\\\/\\\/www.organisator.ch\\\/marketing\\\/2025-05-13\\\/electrolux-startet-roadshow-mit-begehbarer-waschmaschine\\\/\"]}]},{\"@type\":\"ImageObject\",\"inLanguage\":\"it-IT\",\"@id\":\"https:\\\/\\\/www.organisator.ch\\\/marketing\\\/2025-05-13\\\/electrolux-startet-roadshow-mit-begehbarer-waschmaschine\\\/#primaryimage\",\"url\":\"https:\\\/\\\/www.markt-kom.com\\\/wp-content\\\/uploads\\\/2025\\\/05\\\/Electrolux-Roadshow-BEA-3.jpg\",\"contentUrl\":\"https:\\\/\\\/www.markt-kom.com\\\/wp-content\\\/uploads\\\/2025\\\/05\\\/Electrolux-Roadshow-BEA-3.jpg\"},{\"@type\":\"BreadcrumbList\",\"@id\":\"https:\\\/\\\/www.organisator.ch\\\/marketing\\\/2025-05-13\\\/electrolux-startet-roadshow-mit-begehbarer-waschmaschine\\\/#breadcrumb\",\"itemListElement\":[{\"@type\":\"ListItem\",\"position\":1,\"name\":\"Home\",\"item\":\"https:\\\/\\\/www.organisator.ch\\\/\"},{\"@type\":\"ListItem\",\"position\":2,\"name\":\"Electrolux startet Roadshow mit begehbarer Waschmaschine\"}]},{\"@type\":\"WebSite\",\"@id\":\"https:\\\/\\\/www.organisator.ch\\\/#website\",\"url\":\"https:\\\/\\\/www.organisator.ch\\\/\",\"name\":\"Organisator\",\"description\":\"Kompetent. Praxisnah. Der ORGANISATOR bereitet in 10 Ausgaben pro Jahr die wesentlichen Themen f\u00fcr F\u00fchrungskr\u00e4fte von KMU auf.\",\"publisher\":{\"@id\":\"https:\\\/\\\/www.organisator.ch\\\/#organization\"},\"potentialAction\":[{\"@type\":\"SearchAction\",\"target\":{\"@type\":\"EntryPoint\",\"urlTemplate\":\"https:\\\/\\\/www.organisator.ch\\\/?s={search_term_string}\"},\"query-input\":{\"@type\":\"PropertyValueSpecification\",\"valueRequired\":true,\"valueName\":\"search_term_string\"}}],\"inLanguage\":\"it-IT\"},{\"@type\":\"Organization\",\"@id\":\"https:\\\/\\\/www.organisator.ch\\\/#organization\",\"name\":\"Organisator\",\"url\":\"https:\\\/\\\/www.organisator.ch\\\/\",\"logo\":{\"@type\":\"ImageObject\",\"inLanguage\":\"it-IT\",\"@id\":\"https:\\\/\\\/www.organisator.ch\\\/#\\\/schema\\\/logo\\\/image\\\/\",\"url\":\"https:\\\/\\\/www.organisator.ch\\\/wp-content\\\/uploads\\\/2022\\\/01\\\/Logo_Organisator_Website.png\",\"contentUrl\":\"https:\\\/\\\/www.organisator.ch\\\/wp-content\\\/uploads\\\/2022\\\/01\\\/Logo_Organisator_Website.png\",\"width\":800,\"height\":77,\"caption\":\"Organisator\"},\"image\":{\"@id\":\"https:\\\/\\\/www.organisator.ch\\\/#\\\/schema\\\/logo\\\/image\\\/\"},\"sameAs\":[\"https:\\\/\\\/www.facebook.com\\\/OrganisatorFachmagazin\",\"https:\\\/\\\/www.linkedin.com\\\/showcase\\\/organisator-das-magazin-fr-kmu\",\"https:\\\/\\\/www.xing.com\\\/news\\\/pages\\\/organisator-ch-695\",\"https:\\\/\\\/www.youtube.com\\\/channel\\\/UCGP2Sq0iWaZwT3BdIAQFYpw\"]},{\"@type\":\"Person\",\"@id\":\"https:\\\/\\\/www.organisator.ch\\\/#\\\/schema\\\/person\\\/4e51799071cd2dd1232ac003643ef5f0\",\"name\":\"galledia\",\"image\":{\"@type\":\"ImageObject\",\"inLanguage\":\"it-IT\",\"@id\":\"https:\\\/\\\/secure.gravatar.com\\\/avatar\\\/78a7f90c01fc2bfc875782a0d4922b37cde2cf184ce347b91316d23cd7f69a36?s=96&d=mm&r=g\",\"url\":\"https:\\\/\\\/secure.gravatar.com\\\/avatar\\\/78a7f90c01fc2bfc875782a0d4922b37cde2cf184ce347b91316d23cd7f69a36?s=96&d=mm&r=g\",\"contentUrl\":\"https:\\\/\\\/secure.gravatar.com\\\/avatar\\\/78a7f90c01fc2bfc875782a0d4922b37cde2cf184ce347b91316d23cd7f69a36?s=96&d=mm&r=g\",\"caption\":\"galledia\"},\"sameAs\":[\"https:\\\/\\\/x.com\\\/admin\"],\"url\":\"https:\\\/\\\/www.organisator.ch\\\/it\\\/author\\\/galledia\\\/\"}]}<\/script>\n<!-- \/ Yoast SEO plugin. -->","yoast_head_json":{"title":"Electrolux lancia un roadshow con una lavatrice walk-in - Organizzatore","description":"Electrolux sta mandando in tour la \"lavatrice pi\u00f9 grande della Svizzera\". L'elettrodomestico, alto quattro metri, funge da showroom ambulante.","robots":{"index":"index","follow":"follow","max-snippet":"max-snippet:-1","max-image-preview":"max-image-preview:large","max-video-preview":"max-video-preview:-1"},"canonical":"https:\/\/www.organisator.ch\/it\/marketing\/2025-05-13\/electrolux-startet-roadshow-mit-begehbarer-waschmaschine\/","og_locale":"it_IT","og_type":"article","og_title":"Electrolux startet Roadshow mit begehbarer Waschmaschine - Organisator","og_description":"Electrolux schickt die \u00abgr\u00f6sste Waschmaschine der Schweiz\u00bb auf Tournee. Das vier Meter hohe Ger\u00e4t dient als begehbarer Ausstellungsraum.","og_url":"https:\/\/www.organisator.ch\/it\/marketing\/2025-05-13\/electrolux-startet-roadshow-mit-begehbarer-waschmaschine\/","og_site_name":"Organisator","article_publisher":"https:\/\/www.facebook.com\/OrganisatorFachmagazin","article_published_time":"2025-05-13T04:28:38+00:00","author":"galledia","twitter_card":"summary_large_image","twitter_creator":"@admin","schema":{"@context":"https:\/\/schema.org","@graph":[{"@type":"Article","@id":"https:\/\/www.organisator.ch\/marketing\/2025-05-13\/electrolux-startet-roadshow-mit-begehbarer-waschmaschine\/#article","isPartOf":{"@id":"https:\/\/www.organisator.ch\/marketing\/2025-05-13\/electrolux-startet-roadshow-mit-begehbarer-waschmaschine\/"},"author":{"name":"galledia","@id":"https:\/\/www.organisator.ch\/#\/schema\/person\/4e51799071cd2dd1232ac003643ef5f0"},"headline":"Electrolux startet Roadshow mit begehbarer Waschmaschine","datePublished":"2025-05-13T04:28:38+00:00","mainEntityOfPage":{"@id":"https:\/\/www.organisator.ch\/marketing\/2025-05-13\/electrolux-startet-roadshow-mit-begehbarer-waschmaschine\/"},"wordCount":157,"publisher":{"@id":"https:\/\/www.organisator.ch\/#organization"},"image":{"@id":"https:\/\/www.organisator.ch\/marketing\/2025-05-13\/electrolux-startet-roadshow-mit-begehbarer-waschmaschine\/#primaryimage"},"thumbnailUrl":"https:\/\/www.markt-kom.com\/wp-content\/uploads\/2025\/05\/Electrolux-Roadshow-BEA-3.jpg","keywords":["Electrolux","Live-Kommunikation","MarKom","Roadshow"],"articleSection":["MARKETING"],"inLanguage":"it-IT"},{"@type":"WebPage","@id":"https:\/\/www.organisator.ch\/marketing\/2025-05-13\/electrolux-startet-roadshow-mit-begehbarer-waschmaschine\/","url":"https:\/\/www.organisator.ch\/marketing\/2025-05-13\/electrolux-startet-roadshow-mit-begehbarer-waschmaschine\/","name":"Electrolux lancia un roadshow con una lavatrice walk-in - Organizzatore","isPartOf":{"@id":"https:\/\/www.organisator.ch\/#website"},"primaryImageOfPage":{"@id":"https:\/\/www.organisator.ch\/marketing\/2025-05-13\/electrolux-startet-roadshow-mit-begehbarer-waschmaschine\/#primaryimage"},"image":{"@id":"https:\/\/www.organisator.ch\/marketing\/2025-05-13\/electrolux-startet-roadshow-mit-begehbarer-waschmaschine\/#primaryimage"},"thumbnailUrl":"https:\/\/www.markt-kom.com\/wp-content\/uploads\/2025\/05\/Electrolux-Roadshow-BEA-3.jpg","datePublished":"2025-05-13T04:28:38+00:00","description":"Electrolux sta mandando in tour la \"lavatrice pi\u00f9 grande della Svizzera\". L'elettrodomestico, alto quattro metri, funge da showroom ambulante.","breadcrumb":{"@id":"https:\/\/www.organisator.ch\/marketing\/2025-05-13\/electrolux-startet-roadshow-mit-begehbarer-waschmaschine\/#breadcrumb"},"inLanguage":"it-IT","potentialAction":[{"@type":"ReadAction","target":["https:\/\/www.organisator.ch\/marketing\/2025-05-13\/electrolux-startet-roadshow-mit-begehbarer-waschmaschine\/"]}]},{"@type":"ImageObject","inLanguage":"it-IT","@id":"https:\/\/www.organisator.ch\/marketing\/2025-05-13\/electrolux-startet-roadshow-mit-begehbarer-waschmaschine\/#primaryimage","url":"https:\/\/www.markt-kom.com\/wp-content\/uploads\/2025\/05\/Electrolux-Roadshow-BEA-3.jpg","contentUrl":"https:\/\/www.markt-kom.com\/wp-content\/uploads\/2025\/05\/Electrolux-Roadshow-BEA-3.jpg"},{"@type":"BreadcrumbList","@id":"https:\/\/www.organisator.ch\/marketing\/2025-05-13\/electrolux-startet-roadshow-mit-begehbarer-waschmaschine\/#breadcrumb","itemListElement":[{"@type":"ListItem","position":1,"name":"Home","item":"https:\/\/www.organisator.ch\/"},{"@type":"ListItem","position":2,"name":"Electrolux startet Roadshow mit begehbarer Waschmaschine"}]},{"@type":"WebSite","@id":"https:\/\/www.organisator.ch\/#website","url":"https:\/\/www.organisator.ch\/","name":"Organizzatore","description":"Competente. Pratico. In 10 numeri all'anno, ORGANISATOR presenta i temi essenziali per i manager delle PMI.","publisher":{"@id":"https:\/\/www.organisator.ch\/#organization"},"potentialAction":[{"@type":"SearchAction","target":{"@type":"EntryPoint","urlTemplate":"https:\/\/www.organisator.ch\/?s={search_term_string}"},"query-input":{"@type":"PropertyValueSpecification","valueRequired":true,"valueName":"search_term_string"}}],"inLanguage":"it-IT"},{"@type":"Organization","@id":"https:\/\/www.organisator.ch\/#organization","name":"Organizzatore","url":"https:\/\/www.organisator.ch\/","logo":{"@type":"ImageObject","inLanguage":"it-IT","@id":"https:\/\/www.organisator.ch\/#\/schema\/logo\/image\/","url":"https:\/\/www.organisator.ch\/wp-content\/uploads\/2022\/01\/Logo_Organisator_Website.png","contentUrl":"https:\/\/www.organisator.ch\/wp-content\/uploads\/2022\/01\/Logo_Organisator_Website.png","width":800,"height":77,"caption":"Organisator"},"image":{"@id":"https:\/\/www.organisator.ch\/#\/schema\/logo\/image\/"},"sameAs":["https:\/\/www.facebook.com\/OrganisatorFachmagazin","https:\/\/www.linkedin.com\/showcase\/organisator-das-magazin-fr-kmu","https:\/\/www.xing.com\/news\/pages\/organisator-ch-695","https:\/\/www.youtube.com\/channel\/UCGP2Sq0iWaZwT3BdIAQFYpw"]},{"@type":"Person","@id":"https:\/\/www.organisator.ch\/#\/schema\/person\/4e51799071cd2dd1232ac003643ef5f0","name":"galledia","image":{"@type":"ImageObject","inLanguage":"it-IT","@id":"https:\/\/secure.gravatar.com\/avatar\/78a7f90c01fc2bfc875782a0d4922b37cde2cf184ce347b91316d23cd7f69a36?s=96&d=mm&r=g","url":"https:\/\/secure.gravatar.com\/avatar\/78a7f90c01fc2bfc875782a0d4922b37cde2cf184ce347b91316d23cd7f69a36?s=96&d=mm&r=g","contentUrl":"https:\/\/secure.gravatar.com\/avatar\/78a7f90c01fc2bfc875782a0d4922b37cde2cf184ce347b91316d23cd7f69a36?s=96&d=mm&r=g","caption":"galledia"},"sameAs":["https:\/\/x.com\/admin"],"url":"https:\/\/www.organisator.ch\/it\/author\/galledia\/"}]}},"_links":{"self":[{"href":"https:\/\/www.organisator.ch\/it\/wp-json\/wp\/v2\/posts\/38331","targetHints":{"allow":["GET"]}}],"collection":[{"href":"https:\/\/www.organisator.ch\/it\/wp-json\/wp\/v2\/posts"}],"about":[{"href":"https:\/\/www.organisator.ch\/it\/wp-json\/wp\/v2\/types\/post"}],"author":[{"embeddable":true,"href":"https:\/\/www.organisator.ch\/it\/wp-json\/wp\/v2\/users\/8"}],"replies":[{"embeddable":true,"href":"https:\/\/www.organisator.ch\/it\/wp-json\/wp\/v2\/comments?post=38331"}],"version-history":[{"count":2,"href":"https:\/\/www.organisator.ch\/it\/wp-json\/wp\/v2\/posts\/38331\/revisions"}],"predecessor-version":[{"id":38336,"href":"https:\/\/www.organisator.ch\/it\/wp-json\/wp\/v2\/posts\/38331\/revisions\/38336"}],"wp:attachment":[{"href":"https:\/\/www.organisator.ch\/it\/wp-json\/wp\/v2\/media?parent=38331"}],"wp:term":[{"taxonomy":"category","embeddable":true,"href":"https:\/\/www.organisator.ch\/it\/wp-json\/wp\/v2\/categories?post=38331"},{"taxonomy":"post_tag","embeddable":true,"href":"https:\/\/www.organisator.ch\/it\/wp-json\/wp\/v2\/tags?post=38331"}],"curies":[{"name":"wp","href":"https:\/\/api.w.org\/{rel}","templated":true}]}}