{"id":38388,"date":"2025-05-15T06:24:52","date_gmt":"2025-05-15T04:24:52","guid":{"rendered":"https:\/\/www.organisator.ch\/?p=38388"},"modified":"2025-05-19T07:43:04","modified_gmt":"2025-05-19T05:43:04","slug":"swissolar-aufschwung-bei-batteriespeichern","status":"publish","type":"post","link":"https:\/\/www.organisator.ch\/it\/sustainability\/2025-05-15\/swissolar-aufschwung-bei-batteriespeichern\/","title":{"rendered":"Swissolar: un'impennata nei sistemi di accumulo a batteria"},"content":{"rendered":"<figure id=\"attachment_38438\" aria-describedby=\"caption-attachment-38438\" style=\"width: 680px\" class=\"wp-caption alignnone\"><img loading=\"lazy\" decoding=\"async\" class=\"size-full wp-image-38438\" src=\"https:\/\/www.organisator.ch\/wp-content\/uploads\/2025\/05\/Swissolar-Aufschwung-bei-Batteriespeichern-NEU_Organisator.jpg\" alt=\"\" width=\"680\" height=\"340\" srcset=\"https:\/\/www.organisator.ch\/wp-content\/uploads\/2025\/05\/Swissolar-Aufschwung-bei-Batteriespeichern-NEU_Organisator.jpg 680w, https:\/\/www.organisator.ch\/wp-content\/uploads\/2025\/05\/Swissolar-Aufschwung-bei-Batteriespeichern-NEU_Organisator-18x9.jpg 18w, https:\/\/www.organisator.ch\/wp-content\/uploads\/2025\/05\/Swissolar-Aufschwung-bei-Batteriespeichern-NEU_Organisator-375x188.jpg 375w\" sizes=\"auto, (max-width: 680px) 100vw, 680px\" \/><figcaption id=\"caption-attachment-38438\" class=\"wp-caption-text\">Swissolar vede una ripresa dei sistemi di accumulo a batteria, citando i dati dell'UFE e i propri sondaggi. (Grafico: Swissolar)<\/figcaption><\/figure>\n<p>L'aumento della domanda globale, la conseguente spinta verso la produzione di massa e le innovazioni tecnologiche hanno portato negli ultimi anni a un significativo calo del prezzo dei sistemi di accumulo a batteria. Con il rapporto sulle batterie, Swissolar getta le basi per un dibattito a lungo termine sull'argomento. Matthias Egli, direttore generale di Swissolar, afferma: \"I sistemi di accumulo a batteria sono un elemento chiave per la sicurezza dell'approvvigionamento elettrico della Svizzera da energie rinnovabili domestiche. Rendono pi\u00f9 flessibile l'utilizzo dell'energia solare e riducono il carico sulla rete elettrica\". La quota del fotovoltaico nel consumo di elettricit\u00e0 potrebbe passare dal 14% nel 2025 al 17% gi\u00e0 dal prossimo anno.<\/p>\n<h3><strong>Le batterie contribuiscono all'integrazione dell'energia solare nella rete elettrica\u00a0<\/strong><\/h3>\n<p>In vista della continua e rapida espansione dell'energia solare, \u00e8 urgente incentivare i gestori di rete ad agire in modo vantaggioso per il sistema. Il presidente di Swissolar, J\u00fcrg Grossen, lancia un appello all'industria del solare, ai gestori delle reti di distribuzione e ai politici affinch\u00e9 ottimizzino l'integrazione dell'energia solare nella rete: \"La base giuridica necessaria \u00e8 stata creata con la legge sull'elettricit\u00e0. Ora tutti devono fare la loro parte. L'industria solare deve ottimizzare l'autoconsumo con batterie e sistemi di gestione dell'energia. I gestori della rete di distribuzione devono adattare le tariffe e gli strumenti fiscali alla nuova realt\u00e0 produttiva. E i politici devono continuare a ottimizzare le condizioni quadro. \u00c8 importante che la soluzione che abbiamo contribuito a sviluppare - la remunerazione a prezzi di mercato orari - venga implementata rapidamente\". Il decreto di accelerazione dovr\u00e0 essere approvato nella sessione estiva del Parlamento svizzero.<\/p>\n<h3><strong>\u00c8 necessaria una strategia nazionale di stoccaggio <\/strong><\/h3>\n<p>In futuro, Swissolar si impegner\u00e0 ancora di pi\u00f9 per ottenere condizioni quadro che promuovano l'espansione delle soluzioni di accumulo in combinazione con il fotovoltaico. Ci\u00f2 include anche una strategia nazionale di accumulo. Gabriela Suter, vicepresidente di Swissolar, afferma: \"I sistemi di accumulo a batteria che possono immagazzinare temporaneamente l'elettricit\u00e0 a breve termine e immetterla nella rete in pochi millisecondi quando necessario devono essere presi in considerazione negli scenari energetici futuri. Purtroppo, questi sistemi sono ancora assenti dalle attuali prospettive energetiche del governo federale. \u00c8 necessaria una strategia nazionale di stoccaggio che includa tutti i sistemi di stoccaggio - stagionali e a breve termine - e che mostri l'interazione tra le varie tecnologie di stoccaggio. In questo modo si eviter\u00e0 un'espansione sproporzionata delle reti\".<\/p>\n<p>Il rapporto Swissolar sulle batterie formula sei raccomandazioni chiave per i responsabili politici, gli operatori di rete e l'industria:<\/p>\n<ol>\n<li>Assegnare ai sistemi di accumulo a batteria decentralizzati un ruolo appropriato nel sistema energetico.<\/li>\n<li>Definire i segnali di prezzo e gli incentivi finanziari<\/li>\n<li>Incentivi mirati per l'integrazione dei sistemi di accumulo a batteria in un sistema energetico intelligente<\/li>\n<li>Ridurre l'espansione della rete attraverso sistemi di stoccaggio di prossimit\u00e0 e regionali<\/li>\n<li>Facilitare l'accesso ai mercati energetici di bilanciamento per i sistemi di accumulo a batteria<\/li>\n<li>Eliminare gli ostacoli allo scambio di dati<\/li>\n<\/ol>\n<p>Il rapporto \"Battery storage with photovoltaic 2025\" \u00e8 disponibile sul sito web di Swissolar:\u00a0<a href=\"https:\/\/swissolar.us17.list-manage.com\/track\/click?u=edecd98bac689d51acd3647d0&amp;id=c2ba09d647&amp;e=a7500464fb\">www.swissolar.ch\/batteriebericht<\/a>.<\/p>","protected":false},"excerpt":{"rendered":"<p>In Svizzera, circa un impianto fotovoltaico su due \u00e8 oggi dotato di un sistema di accumulo a batterie. Questi sistemi consentono un uso pi\u00f9 flessibile dell'energia solare locale, stabilizzano la rete elettrica e aumentano la sicurezza dell'approvvigionamento. L'industria del solare, i gestori delle reti di distribuzione e i politici sono ora chiamati ad agire, scrive l'associazione Swissolar.<\/p>","protected":false},"author":4,"featured_media":38389,"comment_status":"closed","ping_status":"closed","sticky":false,"template":"","format":"standard","meta":{"_acf_changed":false,"_yoast_wpseo_focuskw":"Swissolar","_yoast_wpseo_metadesc":"Mittlerweile wird rund jede zweite PV-Anlage in der Schweiz mit einem Batteriespeicher installiert. Swissolar fordert eine Speicherstrategie.","articlekey":"","footnotes":""},"categories":[580],"tags":[1079,358,1908,2271],"class_list":["post-38388","post","type-post","status-publish","format-standard","has-post-thumbnail","hentry","category-sustainability","tag-energiepolitik","tag-nachhaltige-wirtschaft","tag-photovoltaik","tag-swissolar"],"acf":[],"yoast_head":"<!-- This site is optimized with the Yoast SEO plugin v27.5 - https:\/\/yoast.com\/product\/yoast-seo-wordpress\/ -->\n<title>Swissolar: Aufschwung bei Batteriespeichern - Organisator<\/title>\n<meta name=\"description\" content=\"Mittlerweile wird rund jede zweite PV-Anlage in der Schweiz mit einem Batteriespeicher installiert. Swissolar fordert eine Speicherstrategie.\" \/>\n<meta name=\"robots\" content=\"index, follow, max-snippet:-1, max-image-preview:large, max-video-preview:-1\" \/>\n<link rel=\"canonical\" href=\"https:\/\/www.organisator.ch\/it\/sostenibilita\/2025-05-15\/swissolar-aufschwung-bei-batteriespeichern\/\" \/>\n<meta property=\"og:locale\" content=\"it_IT\" \/>\n<meta property=\"og:type\" content=\"article\" \/>\n<meta property=\"og:title\" content=\"Swissolar: Aufschwung bei Batteriespeichern\" \/>\n<meta property=\"og:description\" content=\"Mittlerweile wird rund jede zweite PV-Anlage in der Schweiz mit einem Batteriespeicher installiert. Swissolar fordert eine Speicherstrategie.\" \/>\n<meta property=\"og:url\" content=\"https:\/\/www.organisator.ch\/it\/sostenibilita\/2025-05-15\/swissolar-aufschwung-bei-batteriespeichern\/\" \/>\n<meta property=\"og:site_name\" content=\"Organisator\" \/>\n<meta property=\"article:publisher\" content=\"https:\/\/www.facebook.com\/OrganisatorFachmagazin\" \/>\n<meta property=\"article:published_time\" content=\"2025-05-15T04:24:52+00:00\" \/>\n<meta property=\"article:modified_time\" content=\"2025-05-19T05:43:04+00:00\" \/>\n<meta property=\"og:image\" content=\"https:\/\/www.organisator.ch\/wp-content\/uploads\/2025\/05\/Swissolar-Aufschwung-bei-Batteriespeichern_Organisator.jpg\" \/>\n\t<meta property=\"og:image:width\" content=\"680\" \/>\n\t<meta property=\"og:image:height\" content=\"363\" \/>\n\t<meta property=\"og:image:type\" content=\"image\/jpeg\" \/>\n<meta name=\"author\" content=\"thomas.berner\" \/>\n<meta name=\"twitter:card\" content=\"summary_large_image\" \/>\n<meta name=\"twitter:title\" content=\"Swissolar: Aufschwung bei #Batteriespeichern\" \/>\n<meta name=\"twitter:description\" content=\"Mittlerweile wird rund jede zweite PV-Anlage in der Schweiz mit einem #Batteriespeicher installiert. #Swissolar fordert eine #Speicherstrategie.\" \/>\n<meta name=\"twitter:image\" content=\"https:\/\/www.organisator.ch\/wp-content\/uploads\/2025\/05\/Swissolar-Aufschwung-bei-Batteriespeichern_Organisator.jpg\" \/>\n<script type=\"application\/ld+json\" class=\"yoast-schema-graph\">{\"@context\":\"https:\\\/\\\/schema.org\",\"@graph\":[{\"@type\":\"Article\",\"@id\":\"https:\\\/\\\/www.organisator.ch\\\/sustainability\\\/2025-05-15\\\/swissolar-aufschwung-bei-batteriespeichern\\\/#article\",\"isPartOf\":{\"@id\":\"https:\\\/\\\/www.organisator.ch\\\/sustainability\\\/2025-05-15\\\/swissolar-aufschwung-bei-batteriespeichern\\\/\"},\"author\":{\"name\":\"thomas.berner\",\"@id\":\"https:\\\/\\\/www.organisator.ch\\\/#\\\/schema\\\/person\\\/6f650f90b2842cd4c0cc334b4e36f67e\"},\"headline\":\"Swissolar: Aufschwung bei Batteriespeichern\",\"datePublished\":\"2025-05-15T04:24:52+00:00\",\"dateModified\":\"2025-05-19T05:43:04+00:00\",\"mainEntityOfPage\":{\"@id\":\"https:\\\/\\\/www.organisator.ch\\\/sustainability\\\/2025-05-15\\\/swissolar-aufschwung-bei-batteriespeichern\\\/\"},\"wordCount\":430,\"publisher\":{\"@id\":\"https:\\\/\\\/www.organisator.ch\\\/#organization\"},\"image\":{\"@id\":\"https:\\\/\\\/www.organisator.ch\\\/sustainability\\\/2025-05-15\\\/swissolar-aufschwung-bei-batteriespeichern\\\/#primaryimage\"},\"thumbnailUrl\":\"https:\\\/\\\/www.organisator.ch\\\/wp-content\\\/uploads\\\/2025\\\/05\\\/Swissolar-Aufschwung-bei-Batteriespeichern_Organisator.jpg\",\"keywords\":[\"Energiepolitik\",\"Nachhaltige Wirtschaft\",\"Photovoltaik\",\"Swissolar\"],\"articleSection\":[\"SUSTAINABILITY\"],\"inLanguage\":\"it-IT\"},{\"@type\":\"WebPage\",\"@id\":\"https:\\\/\\\/www.organisator.ch\\\/sustainability\\\/2025-05-15\\\/swissolar-aufschwung-bei-batteriespeichern\\\/\",\"url\":\"https:\\\/\\\/www.organisator.ch\\\/sustainability\\\/2025-05-15\\\/swissolar-aufschwung-bei-batteriespeichern\\\/\",\"name\":\"Swissolar: Aufschwung bei Batteriespeichern - Organisator\",\"isPartOf\":{\"@id\":\"https:\\\/\\\/www.organisator.ch\\\/#website\"},\"primaryImageOfPage\":{\"@id\":\"https:\\\/\\\/www.organisator.ch\\\/sustainability\\\/2025-05-15\\\/swissolar-aufschwung-bei-batteriespeichern\\\/#primaryimage\"},\"image\":{\"@id\":\"https:\\\/\\\/www.organisator.ch\\\/sustainability\\\/2025-05-15\\\/swissolar-aufschwung-bei-batteriespeichern\\\/#primaryimage\"},\"thumbnailUrl\":\"https:\\\/\\\/www.organisator.ch\\\/wp-content\\\/uploads\\\/2025\\\/05\\\/Swissolar-Aufschwung-bei-Batteriespeichern_Organisator.jpg\",\"datePublished\":\"2025-05-15T04:24:52+00:00\",\"dateModified\":\"2025-05-19T05:43:04+00:00\",\"description\":\"Mittlerweile wird rund jede zweite PV-Anlage in der Schweiz mit einem Batteriespeicher installiert. Swissolar fordert eine Speicherstrategie.\",\"breadcrumb\":{\"@id\":\"https:\\\/\\\/www.organisator.ch\\\/sustainability\\\/2025-05-15\\\/swissolar-aufschwung-bei-batteriespeichern\\\/#breadcrumb\"},\"inLanguage\":\"it-IT\",\"potentialAction\":[{\"@type\":\"ReadAction\",\"target\":[\"https:\\\/\\\/www.organisator.ch\\\/sustainability\\\/2025-05-15\\\/swissolar-aufschwung-bei-batteriespeichern\\\/\"]}]},{\"@type\":\"ImageObject\",\"inLanguage\":\"it-IT\",\"@id\":\"https:\\\/\\\/www.organisator.ch\\\/sustainability\\\/2025-05-15\\\/swissolar-aufschwung-bei-batteriespeichern\\\/#primaryimage\",\"url\":\"https:\\\/\\\/www.organisator.ch\\\/wp-content\\\/uploads\\\/2025\\\/05\\\/Swissolar-Aufschwung-bei-Batteriespeichern_Organisator.jpg\",\"contentUrl\":\"https:\\\/\\\/www.organisator.ch\\\/wp-content\\\/uploads\\\/2025\\\/05\\\/Swissolar-Aufschwung-bei-Batteriespeichern_Organisator.jpg\",\"width\":680,\"height\":363,\"caption\":\"Swissolar verzeichnet einen Aufschwung bei Batteriespeichern und beruft sich dabei auf Daten des BFE und auf eigene Umfragen. (Grafik: Swissolar)\"},{\"@type\":\"BreadcrumbList\",\"@id\":\"https:\\\/\\\/www.organisator.ch\\\/sustainability\\\/2025-05-15\\\/swissolar-aufschwung-bei-batteriespeichern\\\/#breadcrumb\",\"itemListElement\":[{\"@type\":\"ListItem\",\"position\":1,\"name\":\"Home\",\"item\":\"https:\\\/\\\/www.organisator.ch\\\/\"},{\"@type\":\"ListItem\",\"position\":2,\"name\":\"Swissolar: Aufschwung bei Batteriespeichern\"}]},{\"@type\":\"WebSite\",\"@id\":\"https:\\\/\\\/www.organisator.ch\\\/#website\",\"url\":\"https:\\\/\\\/www.organisator.ch\\\/\",\"name\":\"Organisator\",\"description\":\"Kompetent. Praxisnah. Der ORGANISATOR bereitet in 10 Ausgaben pro Jahr die wesentlichen Themen f\u00fcr F\u00fchrungskr\u00e4fte von KMU auf.\",\"publisher\":{\"@id\":\"https:\\\/\\\/www.organisator.ch\\\/#organization\"},\"potentialAction\":[{\"@type\":\"SearchAction\",\"target\":{\"@type\":\"EntryPoint\",\"urlTemplate\":\"https:\\\/\\\/www.organisator.ch\\\/?s={search_term_string}\"},\"query-input\":{\"@type\":\"PropertyValueSpecification\",\"valueRequired\":true,\"valueName\":\"search_term_string\"}}],\"inLanguage\":\"it-IT\"},{\"@type\":\"Organization\",\"@id\":\"https:\\\/\\\/www.organisator.ch\\\/#organization\",\"name\":\"Organisator\",\"url\":\"https:\\\/\\\/www.organisator.ch\\\/\",\"logo\":{\"@type\":\"ImageObject\",\"inLanguage\":\"it-IT\",\"@id\":\"https:\\\/\\\/www.organisator.ch\\\/#\\\/schema\\\/logo\\\/image\\\/\",\"url\":\"https:\\\/\\\/www.organisator.ch\\\/wp-content\\\/uploads\\\/2022\\\/01\\\/Logo_Organisator_Website.png\",\"contentUrl\":\"https:\\\/\\\/www.organisator.ch\\\/wp-content\\\/uploads\\\/2022\\\/01\\\/Logo_Organisator_Website.png\",\"width\":800,\"height\":77,\"caption\":\"Organisator\"},\"image\":{\"@id\":\"https:\\\/\\\/www.organisator.ch\\\/#\\\/schema\\\/logo\\\/image\\\/\"},\"sameAs\":[\"https:\\\/\\\/www.facebook.com\\\/OrganisatorFachmagazin\",\"https:\\\/\\\/www.linkedin.com\\\/showcase\\\/organisator-das-magazin-fr-kmu\",\"https:\\\/\\\/www.xing.com\\\/news\\\/pages\\\/organisator-ch-695\",\"https:\\\/\\\/www.youtube.com\\\/channel\\\/UCGP2Sq0iWaZwT3BdIAQFYpw\"]},{\"@type\":\"Person\",\"@id\":\"https:\\\/\\\/www.organisator.ch\\\/#\\\/schema\\\/person\\\/6f650f90b2842cd4c0cc334b4e36f67e\",\"name\":\"thomas.berner\",\"image\":{\"@type\":\"ImageObject\",\"inLanguage\":\"it-IT\",\"@id\":\"https:\\\/\\\/secure.gravatar.com\\\/avatar\\\/ac5001d2a36cb6c6cd3e50789007ffca834b477b74a2144564522e944eabff61?s=96&d=mm&r=g\",\"url\":\"https:\\\/\\\/secure.gravatar.com\\\/avatar\\\/ac5001d2a36cb6c6cd3e50789007ffca834b477b74a2144564522e944eabff61?s=96&d=mm&r=g\",\"contentUrl\":\"https:\\\/\\\/secure.gravatar.com\\\/avatar\\\/ac5001d2a36cb6c6cd3e50789007ffca834b477b74a2144564522e944eabff61?s=96&d=mm&r=g\",\"caption\":\"thomas.berner\"},\"url\":\"https:\\\/\\\/www.organisator.ch\\\/it\\\/author\\\/thomas-berner\\\/\"}]}<\/script>\n<!-- \/ Yoast SEO plugin. -->","yoast_head_json":{"title":"Swissolar: un'impennata nell'accumulo di batterie - Organizzatore","description":"Circa un impianto fotovoltaico su due in Svizzera \u00e8 ora installato con un sistema di accumulo a batterie. Swissolar chiede una strategia di accumulo.","robots":{"index":"index","follow":"follow","max-snippet":"max-snippet:-1","max-image-preview":"max-image-preview:large","max-video-preview":"max-video-preview:-1"},"canonical":"https:\/\/www.organisator.ch\/it\/sostenibilita\/2025-05-15\/swissolar-aufschwung-bei-batteriespeichern\/","og_locale":"it_IT","og_type":"article","og_title":"Swissolar: Aufschwung bei Batteriespeichern","og_description":"Mittlerweile wird rund jede zweite PV-Anlage in der Schweiz mit einem Batteriespeicher installiert. Swissolar fordert eine Speicherstrategie.","og_url":"https:\/\/www.organisator.ch\/it\/sostenibilita\/2025-05-15\/swissolar-aufschwung-bei-batteriespeichern\/","og_site_name":"Organisator","article_publisher":"https:\/\/www.facebook.com\/OrganisatorFachmagazin","article_published_time":"2025-05-15T04:24:52+00:00","article_modified_time":"2025-05-19T05:43:04+00:00","og_image":[{"width":680,"height":363,"url":"https:\/\/www.organisator.ch\/wp-content\/uploads\/2025\/05\/Swissolar-Aufschwung-bei-Batteriespeichern_Organisator.jpg","type":"image\/jpeg"}],"author":"thomas.berner","twitter_card":"summary_large_image","twitter_title":"Swissolar: Aufschwung bei #Batteriespeichern","twitter_description":"Mittlerweile wird rund jede zweite PV-Anlage in der Schweiz mit einem #Batteriespeicher installiert. #Swissolar fordert eine #Speicherstrategie.","twitter_image":"https:\/\/www.organisator.ch\/wp-content\/uploads\/2025\/05\/Swissolar-Aufschwung-bei-Batteriespeichern_Organisator.jpg","schema":{"@context":"https:\/\/schema.org","@graph":[{"@type":"Article","@id":"https:\/\/www.organisator.ch\/sustainability\/2025-05-15\/swissolar-aufschwung-bei-batteriespeichern\/#article","isPartOf":{"@id":"https:\/\/www.organisator.ch\/sustainability\/2025-05-15\/swissolar-aufschwung-bei-batteriespeichern\/"},"author":{"name":"thomas.berner","@id":"https:\/\/www.organisator.ch\/#\/schema\/person\/6f650f90b2842cd4c0cc334b4e36f67e"},"headline":"Swissolar: Aufschwung bei Batteriespeichern","datePublished":"2025-05-15T04:24:52+00:00","dateModified":"2025-05-19T05:43:04+00:00","mainEntityOfPage":{"@id":"https:\/\/www.organisator.ch\/sustainability\/2025-05-15\/swissolar-aufschwung-bei-batteriespeichern\/"},"wordCount":430,"publisher":{"@id":"https:\/\/www.organisator.ch\/#organization"},"image":{"@id":"https:\/\/www.organisator.ch\/sustainability\/2025-05-15\/swissolar-aufschwung-bei-batteriespeichern\/#primaryimage"},"thumbnailUrl":"https:\/\/www.organisator.ch\/wp-content\/uploads\/2025\/05\/Swissolar-Aufschwung-bei-Batteriespeichern_Organisator.jpg","keywords":["Energiepolitik","Nachhaltige Wirtschaft","Photovoltaik","Swissolar"],"articleSection":["SUSTAINABILITY"],"inLanguage":"it-IT"},{"@type":"WebPage","@id":"https:\/\/www.organisator.ch\/sustainability\/2025-05-15\/swissolar-aufschwung-bei-batteriespeichern\/","url":"https:\/\/www.organisator.ch\/sustainability\/2025-05-15\/swissolar-aufschwung-bei-batteriespeichern\/","name":"Swissolar: un'impennata nell'accumulo di batterie - Organizzatore","isPartOf":{"@id":"https:\/\/www.organisator.ch\/#website"},"primaryImageOfPage":{"@id":"https:\/\/www.organisator.ch\/sustainability\/2025-05-15\/swissolar-aufschwung-bei-batteriespeichern\/#primaryimage"},"image":{"@id":"https:\/\/www.organisator.ch\/sustainability\/2025-05-15\/swissolar-aufschwung-bei-batteriespeichern\/#primaryimage"},"thumbnailUrl":"https:\/\/www.organisator.ch\/wp-content\/uploads\/2025\/05\/Swissolar-Aufschwung-bei-Batteriespeichern_Organisator.jpg","datePublished":"2025-05-15T04:24:52+00:00","dateModified":"2025-05-19T05:43:04+00:00","description":"Circa un impianto fotovoltaico su due in Svizzera \u00e8 ora installato con un sistema di accumulo a batterie. Swissolar chiede una strategia di accumulo.","breadcrumb":{"@id":"https:\/\/www.organisator.ch\/sustainability\/2025-05-15\/swissolar-aufschwung-bei-batteriespeichern\/#breadcrumb"},"inLanguage":"it-IT","potentialAction":[{"@type":"ReadAction","target":["https:\/\/www.organisator.ch\/sustainability\/2025-05-15\/swissolar-aufschwung-bei-batteriespeichern\/"]}]},{"@type":"ImageObject","inLanguage":"it-IT","@id":"https:\/\/www.organisator.ch\/sustainability\/2025-05-15\/swissolar-aufschwung-bei-batteriespeichern\/#primaryimage","url":"https:\/\/www.organisator.ch\/wp-content\/uploads\/2025\/05\/Swissolar-Aufschwung-bei-Batteriespeichern_Organisator.jpg","contentUrl":"https:\/\/www.organisator.ch\/wp-content\/uploads\/2025\/05\/Swissolar-Aufschwung-bei-Batteriespeichern_Organisator.jpg","width":680,"height":363,"caption":"Swissolar verzeichnet einen Aufschwung bei Batteriespeichern und beruft sich dabei auf Daten des BFE und auf eigene Umfragen. (Grafik: Swissolar)"},{"@type":"BreadcrumbList","@id":"https:\/\/www.organisator.ch\/sustainability\/2025-05-15\/swissolar-aufschwung-bei-batteriespeichern\/#breadcrumb","itemListElement":[{"@type":"ListItem","position":1,"name":"Home","item":"https:\/\/www.organisator.ch\/"},{"@type":"ListItem","position":2,"name":"Swissolar: Aufschwung bei Batteriespeichern"}]},{"@type":"WebSite","@id":"https:\/\/www.organisator.ch\/#website","url":"https:\/\/www.organisator.ch\/","name":"Organizzatore","description":"Competente. Pratico. In 10 numeri all'anno, ORGANISATOR presenta i temi essenziali per i manager delle PMI.","publisher":{"@id":"https:\/\/www.organisator.ch\/#organization"},"potentialAction":[{"@type":"SearchAction","target":{"@type":"EntryPoint","urlTemplate":"https:\/\/www.organisator.ch\/?s={search_term_string}"},"query-input":{"@type":"PropertyValueSpecification","valueRequired":true,"valueName":"search_term_string"}}],"inLanguage":"it-IT"},{"@type":"Organization","@id":"https:\/\/www.organisator.ch\/#organization","name":"Organizzatore","url":"https:\/\/www.organisator.ch\/","logo":{"@type":"ImageObject","inLanguage":"it-IT","@id":"https:\/\/www.organisator.ch\/#\/schema\/logo\/image\/","url":"https:\/\/www.organisator.ch\/wp-content\/uploads\/2022\/01\/Logo_Organisator_Website.png","contentUrl":"https:\/\/www.organisator.ch\/wp-content\/uploads\/2022\/01\/Logo_Organisator_Website.png","width":800,"height":77,"caption":"Organisator"},"image":{"@id":"https:\/\/www.organisator.ch\/#\/schema\/logo\/image\/"},"sameAs":["https:\/\/www.facebook.com\/OrganisatorFachmagazin","https:\/\/www.linkedin.com\/showcase\/organisator-das-magazin-fr-kmu","https:\/\/www.xing.com\/news\/pages\/organisator-ch-695","https:\/\/www.youtube.com\/channel\/UCGP2Sq0iWaZwT3BdIAQFYpw"]},{"@type":"Person","@id":"https:\/\/www.organisator.ch\/#\/schema\/person\/6f650f90b2842cd4c0cc334b4e36f67e","name":"Tommaso.berner","image":{"@type":"ImageObject","inLanguage":"it-IT","@id":"https:\/\/secure.gravatar.com\/avatar\/ac5001d2a36cb6c6cd3e50789007ffca834b477b74a2144564522e944eabff61?s=96&d=mm&r=g","url":"https:\/\/secure.gravatar.com\/avatar\/ac5001d2a36cb6c6cd3e50789007ffca834b477b74a2144564522e944eabff61?s=96&d=mm&r=g","contentUrl":"https:\/\/secure.gravatar.com\/avatar\/ac5001d2a36cb6c6cd3e50789007ffca834b477b74a2144564522e944eabff61?s=96&d=mm&r=g","caption":"thomas.berner"},"url":"https:\/\/www.organisator.ch\/it\/author\/thomas-berner\/"}]}},"_links":{"self":[{"href":"https:\/\/www.organisator.ch\/it\/wp-json\/wp\/v2\/posts\/38388","targetHints":{"allow":["GET"]}}],"collection":[{"href":"https:\/\/www.organisator.ch\/it\/wp-json\/wp\/v2\/posts"}],"about":[{"href":"https:\/\/www.organisator.ch\/it\/wp-json\/wp\/v2\/types\/post"}],"author":[{"embeddable":true,"href":"https:\/\/www.organisator.ch\/it\/wp-json\/wp\/v2\/users\/4"}],"replies":[{"embeddable":true,"href":"https:\/\/www.organisator.ch\/it\/wp-json\/wp\/v2\/comments?post=38388"}],"version-history":[{"count":5,"href":"https:\/\/www.organisator.ch\/it\/wp-json\/wp\/v2\/posts\/38388\/revisions"}],"predecessor-version":[{"id":38439,"href":"https:\/\/www.organisator.ch\/it\/wp-json\/wp\/v2\/posts\/38388\/revisions\/38439"}],"wp:featuredmedia":[{"embeddable":true,"href":"https:\/\/www.organisator.ch\/it\/wp-json\/wp\/v2\/media\/38389"}],"wp:attachment":[{"href":"https:\/\/www.organisator.ch\/it\/wp-json\/wp\/v2\/media?parent=38388"}],"wp:term":[{"taxonomy":"category","embeddable":true,"href":"https:\/\/www.organisator.ch\/it\/wp-json\/wp\/v2\/categories?post=38388"},{"taxonomy":"post_tag","embeddable":true,"href":"https:\/\/www.organisator.ch\/it\/wp-json\/wp\/v2\/tags?post=38388"}],"curies":[{"name":"wp","href":"https:\/\/api.w.org\/{rel}","templated":true}]}}