{"id":38427,"date":"2025-05-16T14:24:14","date_gmt":"2025-05-16T12:24:14","guid":{"rendered":"https:\/\/www.organisator.ch\/?p=38427"},"modified":"2025-06-19T09:57:32","modified_gmt":"2025-06-19T07:57:32","slug":"great-place-to-work-kuert-beste-arbeitgeber-der-schweiz-2025","status":"publish","type":"post","link":"https:\/\/www.organisator.ch\/it\/management\/2025-05-16\/great-place-to-work-kuert-beste-arbeitgeber-der-schweiz-2025\/","title":{"rendered":"Great Place to Work seleziona i migliori datori di lavoro in Svizzera 2025"},"content":{"rendered":"<figure id=\"attachment_38428\" aria-describedby=\"caption-attachment-38428\" style=\"width: 680px\" class=\"wp-caption alignnone\"><img loading=\"lazy\" decoding=\"async\" class=\"size-full wp-image-38428\" src=\"https:\/\/www.organisator.ch\/wp-content\/uploads\/2025\/05\/Great-Place-to-Work-kuert-beste-Arbeitgeber-der-Schweiz-2025_Organisator.png\" alt=\"\" width=\"680\" height=\"382\" srcset=\"https:\/\/www.organisator.ch\/wp-content\/uploads\/2025\/05\/Great-Place-to-Work-kuert-beste-Arbeitgeber-der-Schweiz-2025_Organisator.png 680w, https:\/\/www.organisator.ch\/wp-content\/uploads\/2025\/05\/Great-Place-to-Work-kuert-beste-Arbeitgeber-der-Schweiz-2025_Organisator-18x10.png 18w, https:\/\/www.organisator.ch\/wp-content\/uploads\/2025\/05\/Great-Place-to-Work-kuert-beste-Arbeitgeber-der-Schweiz-2025_Organisator-375x211.png 375w, https:\/\/www.organisator.ch\/wp-content\/uploads\/2025\/05\/Great-Place-to-Work-kuert-beste-Arbeitgeber-der-Schweiz-2025_Organisator-623x350.png 623w\" sizes=\"auto, (max-width: 680px) 100vw, 680px\" \/><figcaption id=\"caption-attachment-38428\" class=\"wp-caption-text\">Ancora una volta sono stati scelti i migliori datori di lavoro della Svizzera. (Immagine: Screenshot Great Place to Work)<\/figcaption><\/figure>\n<p>Oltre 330 ospiti hanno festeggiato il Best Workplaces Switzerland 2025 di quest'anno nell'ambiente industriale dello JED di Schlieren. La serata \u00e8 stata all'insegna della fiducia, della coesione e della cultura aziendale ispiratrice e ha incluso anche un pizzico di magia.<\/p>\n<h3><strong>Partecipazione record alla pi\u00f9 grande valutazione dei datori di lavoro in Svizzera<\/strong><\/h3>\n<p>Il premio si basa su un sondaggio completo tra i dipendenti, il pi\u00f9 grande della Svizzera, secondo l'azienda. 64.578 dipendenti di 280 organizzazioni hanno espresso il loro parere sulla cultura dell'ambiente di lavoro, sulla fiducia e sulla qualit\u00e0 della leadership. 225 di queste aziende sono state successivamente certificate come Great Place to Work, ma solo 75 sono entrate nell'ambita lista dei Best Workplaces Switzerland 2025. Sono state valutate in cinque categorie di dimensioni, dalle micro-organizzazioni alle grandi aziende.<\/p>\n<h3><strong>I primi posti per categoria<\/strong><\/h3>\n<p><strong>Grandi (oltre 250 dipendenti):<\/strong><\/p>\n<ol>\n<li>Hilti (Svizzera) AG<\/li>\n<li>Stryker Svizzera<\/li>\n<li>DHL Express Svizzera<\/li>\n<\/ol>\n<p><strong>Media (100-249 dipendenti):<\/strong><\/p>\n<ol>\n<li>Hilton<\/li>\n<li>Amgen<\/li>\n<li>ServiceNow Svizzera GmbH<\/li>\n<\/ol>\n<p><strong>Piccole (50-99 dipendenti):<\/strong><\/p>\n<ol>\n<li>Orange Business Digital Svizzera AG<\/li>\n<li>Farfalla Essentials AG<\/li>\n<li>Entris Banking<\/li>\n<\/ol>\n<p><strong>Molto piccole (20-49 dipendenti):<\/strong><\/p>\n<ol>\n<li>Steinmann &amp; Partner GmbH<\/li>\n<li>goSecurity AG<\/li>\n<li>Gambit Consulting AG<\/li>\n<\/ol>\n<p><strong>Micro (10-19 dipendenti):<\/strong><\/p>\n<ol>\n<li>Deciphera Pharmaceuticals AG<\/li>\n<li>L\u00e9manis SA<\/li>\n<li>Ergosign Svizzera<\/li>\n<\/ol>\n<p>Ci\u00f2 che accomuna queste aziende \u00e8 una cultura del lavoro basata sull'appartenenza, l'equit\u00e0 e la sicurezza psicologica, sostenuta da leader che ispirano fiducia e promuovono la diversit\u00e0.<\/p>\n<h3><strong>Serata di premiazione con acrobazie, musica e magia<\/strong><\/h3>\n<p>La cerimonia di premiazione di quest'anno non aveva solo molto da offrire in termini di contenuti, ma anche di atmosfera. Lo JED di Schlieren ha fatto da sfondo a una celebrazione ricca di sorprese, performance artistiche e momenti emozionanti. L'artista Corinne Mathys, dieci volte campionessa svizzera di acrobazia, ha entusiasmato il pubblico con i suoi spettacoli poetici e dinamici. L'energia musicale \u00e8 stata fornita dai The Blackouts, che hanno fatto ballare il pubblico con la loro performance. Il mago Rafael Illusion ha incantato il pubblico con la sua magia ravvicinata durante l'aperitivo.<\/p>\n<h3><strong>Premi Spotlight e premi speciali<\/strong><\/h3>\n<p>Non sono stati premiati solo i migliori. Gli Spotlight Awards hanno riconosciuto anche le aziende che hanno dimostrato prestazioni eccezionali in aree specifiche:<\/p>\n<ul>\n<li><strong>Leadership:<\/strong> Fondazione Centro per anziani della regione di B\u00fclach<\/li>\n<li><strong>Valori:<\/strong> Amgen<\/li>\n<li><strong>Cultura dell'innovazione:<\/strong> Steinmann &amp; Partner GmbH<\/li>\n<\/ul>\n<p>Il premio speciale per la salute mentale, il Kyan Wellbeing Award, \u00e8 andato ad AbbVie Svizzera, per la sua strategia globale volta a promuovere il benessere mentale dei suoi dipendenti.<\/p>\n<h3><strong>Prospettive: I migliori ambienti di lavoro 2026<\/strong><\/h3>\n<p>Guardando al futuro, Great Place To Work invita tutte le aziende a posizionarsi tra i migliori datori di lavoro nel 2026, indipendentemente dalle dimensioni o dal settore. La partecipazione non offre solo la possibilit\u00e0 di vincere un premio, ma anche preziose indicazioni per l'ulteriore sviluppo della propria cultura lavorativa.<\/p>\n<p><em>Fonte e ulteriori informazioni: <a href=\"https:\/\/greatplacetowork.ch\/\">https:\/\/greatplacetowork.ch\/<\/a><\/em><\/p>","protected":false},"excerpt":{"rendered":"<p>Con il motto \"Cirque de Cultures\", Great Place To Work Svizzera ha premiato i migliori datori di lavoro del Paese presso lo JED di Schlieren il 15 maggio 2025.  I premi sono stati assegnati in cinque categorie.<\/p>","protected":false},"author":4,"featured_media":38428,"comment_status":"closed","ping_status":"closed","sticky":false,"template":"","format":"standard","meta":{"_acf_changed":false,"_yoast_wpseo_focuskw":"Great Place to Work","_yoast_wpseo_metadesc":"Great Place To Work Schweiz hat am 15. Mai 2025 im JED Schlieren die besten Arbeitgeber des Landes ausgezeichnet.","articlekey":"","footnotes":""},"categories":[28],"tags":[66,2852,254,492],"class_list":["post-38427","post","type-post","status-publish","format-standard","has-post-thumbnail","hentry","category-management","tag-awards","tag-great-place-to-work","tag-hrm","tag-unternehmen"],"acf":[],"yoast_head":"<!-- This site is optimized with the Yoast SEO plugin v27.5 - https:\/\/yoast.com\/product\/yoast-seo-wordpress\/ -->\n<title>Great Place to Work k\u00fcrt beste Arbeitgeber der Schweiz 2025 - Organisator<\/title>\n<meta name=\"description\" content=\"Great Place To Work Schweiz hat am 15. Mai 2025 im JED Schlieren die besten Arbeitgeber des Landes ausgezeichnet.\" \/>\n<meta name=\"robots\" content=\"index, follow, max-snippet:-1, max-image-preview:large, max-video-preview:-1\" \/>\n<link rel=\"canonical\" href=\"https:\/\/www.organisator.ch\/it\/gestione-2\/2025-05-16\/great-place-to-work-kuert-beste-arbeitgeber-der-schweiz-2025\/\" \/>\n<meta property=\"og:locale\" content=\"it_IT\" \/>\n<meta property=\"og:type\" content=\"article\" \/>\n<meta property=\"og:title\" content=\"Great Place to Work k\u00fcrt beste Arbeitgeber der Schweiz 2025\" \/>\n<meta property=\"og:description\" content=\"Great Place To Work Schweiz hat am 15. Mai 2025 im JED Schlieren die besten Arbeitgeber des Landes ausgezeichnet.\" \/>\n<meta property=\"og:url\" content=\"https:\/\/www.organisator.ch\/it\/gestione-2\/2025-05-16\/great-place-to-work-kuert-beste-arbeitgeber-der-schweiz-2025\/\" \/>\n<meta property=\"og:site_name\" content=\"Organisator\" \/>\n<meta property=\"article:publisher\" content=\"https:\/\/www.facebook.com\/OrganisatorFachmagazin\" \/>\n<meta property=\"article:published_time\" content=\"2025-05-16T12:24:14+00:00\" \/>\n<meta property=\"article:modified_time\" content=\"2025-06-19T07:57:32+00:00\" \/>\n<meta property=\"og:image\" content=\"https:\/\/www.organisator.ch\/wp-content\/uploads\/2025\/05\/Great-Place-to-Work-kuert-beste-Arbeitgeber-der-Schweiz-2025_Organisator.png\" \/>\n\t<meta property=\"og:image:width\" content=\"680\" \/>\n\t<meta property=\"og:image:height\" content=\"382\" \/>\n\t<meta property=\"og:image:type\" content=\"image\/png\" \/>\n<meta name=\"author\" content=\"thomas.berner\" \/>\n<meta name=\"twitter:card\" content=\"summary_large_image\" \/>\n<meta name=\"twitter:title\" content=\"Great Place to Work k\u00fcrt beste #Arbeitgeber der Schweiz 2025\" \/>\n<meta name=\"twitter:description\" content=\"#GreatPlaceToWork Schweiz hat am 15. Mai 2025 im JED Schlieren die besten Arbeitgeber des Landes ausgezeichnet.\" \/>\n<meta name=\"twitter:image\" content=\"https:\/\/www.organisator.ch\/wp-content\/uploads\/2025\/05\/Great-Place-to-Work-kuert-beste-Arbeitgeber-der-Schweiz-2025_Organisator.png\" \/>\n<script type=\"application\/ld+json\" class=\"yoast-schema-graph\">{\"@context\":\"https:\\\/\\\/schema.org\",\"@graph\":[{\"@type\":\"Article\",\"@id\":\"https:\\\/\\\/www.organisator.ch\\\/management\\\/2025-05-16\\\/great-place-to-work-kuert-beste-arbeitgeber-der-schweiz-2025\\\/#article\",\"isPartOf\":{\"@id\":\"https:\\\/\\\/www.organisator.ch\\\/management\\\/2025-05-16\\\/great-place-to-work-kuert-beste-arbeitgeber-der-schweiz-2025\\\/\"},\"author\":{\"name\":\"thomas.berner\",\"@id\":\"https:\\\/\\\/www.organisator.ch\\\/#\\\/schema\\\/person\\\/6f650f90b2842cd4c0cc334b4e36f67e\"},\"headline\":\"Great Place to Work k\u00fcrt beste Arbeitgeber der Schweiz 2025\",\"datePublished\":\"2025-05-16T12:24:14+00:00\",\"dateModified\":\"2025-06-19T07:57:32+00:00\",\"mainEntityOfPage\":{\"@id\":\"https:\\\/\\\/www.organisator.ch\\\/management\\\/2025-05-16\\\/great-place-to-work-kuert-beste-arbeitgeber-der-schweiz-2025\\\/\"},\"wordCount\":428,\"publisher\":{\"@id\":\"https:\\\/\\\/www.organisator.ch\\\/#organization\"},\"image\":{\"@id\":\"https:\\\/\\\/www.organisator.ch\\\/management\\\/2025-05-16\\\/great-place-to-work-kuert-beste-arbeitgeber-der-schweiz-2025\\\/#primaryimage\"},\"thumbnailUrl\":\"https:\\\/\\\/www.organisator.ch\\\/wp-content\\\/uploads\\\/2025\\\/05\\\/Great-Place-to-Work-kuert-beste-Arbeitgeber-der-Schweiz-2025_Organisator.png\",\"keywords\":[\"Awards\",\"Great Place to Work\",\"HRM\",\"Unternehmen\"],\"articleSection\":[\"MANAGEMENT\"],\"inLanguage\":\"it-IT\"},{\"@type\":\"WebPage\",\"@id\":\"https:\\\/\\\/www.organisator.ch\\\/management\\\/2025-05-16\\\/great-place-to-work-kuert-beste-arbeitgeber-der-schweiz-2025\\\/\",\"url\":\"https:\\\/\\\/www.organisator.ch\\\/management\\\/2025-05-16\\\/great-place-to-work-kuert-beste-arbeitgeber-der-schweiz-2025\\\/\",\"name\":\"Great Place to Work k\u00fcrt beste Arbeitgeber der Schweiz 2025 - Organisator\",\"isPartOf\":{\"@id\":\"https:\\\/\\\/www.organisator.ch\\\/#website\"},\"primaryImageOfPage\":{\"@id\":\"https:\\\/\\\/www.organisator.ch\\\/management\\\/2025-05-16\\\/great-place-to-work-kuert-beste-arbeitgeber-der-schweiz-2025\\\/#primaryimage\"},\"image\":{\"@id\":\"https:\\\/\\\/www.organisator.ch\\\/management\\\/2025-05-16\\\/great-place-to-work-kuert-beste-arbeitgeber-der-schweiz-2025\\\/#primaryimage\"},\"thumbnailUrl\":\"https:\\\/\\\/www.organisator.ch\\\/wp-content\\\/uploads\\\/2025\\\/05\\\/Great-Place-to-Work-kuert-beste-Arbeitgeber-der-Schweiz-2025_Organisator.png\",\"datePublished\":\"2025-05-16T12:24:14+00:00\",\"dateModified\":\"2025-06-19T07:57:32+00:00\",\"description\":\"Great Place To Work Schweiz hat am 15. Mai 2025 im JED Schlieren die besten Arbeitgeber des Landes ausgezeichnet.\",\"breadcrumb\":{\"@id\":\"https:\\\/\\\/www.organisator.ch\\\/management\\\/2025-05-16\\\/great-place-to-work-kuert-beste-arbeitgeber-der-schweiz-2025\\\/#breadcrumb\"},\"inLanguage\":\"it-IT\",\"potentialAction\":[{\"@type\":\"ReadAction\",\"target\":[\"https:\\\/\\\/www.organisator.ch\\\/management\\\/2025-05-16\\\/great-place-to-work-kuert-beste-arbeitgeber-der-schweiz-2025\\\/\"]}]},{\"@type\":\"ImageObject\",\"inLanguage\":\"it-IT\",\"@id\":\"https:\\\/\\\/www.organisator.ch\\\/management\\\/2025-05-16\\\/great-place-to-work-kuert-beste-arbeitgeber-der-schweiz-2025\\\/#primaryimage\",\"url\":\"https:\\\/\\\/www.organisator.ch\\\/wp-content\\\/uploads\\\/2025\\\/05\\\/Great-Place-to-Work-kuert-beste-Arbeitgeber-der-Schweiz-2025_Organisator.png\",\"contentUrl\":\"https:\\\/\\\/www.organisator.ch\\\/wp-content\\\/uploads\\\/2025\\\/05\\\/Great-Place-to-Work-kuert-beste-Arbeitgeber-der-Schweiz-2025_Organisator.png\",\"width\":680,\"height\":382,\"caption\":\"Wieder stehen sie fest: Die besten Arbeitgeber der Schweiz. (Bild: Great Place to Work)\"},{\"@type\":\"BreadcrumbList\",\"@id\":\"https:\\\/\\\/www.organisator.ch\\\/management\\\/2025-05-16\\\/great-place-to-work-kuert-beste-arbeitgeber-der-schweiz-2025\\\/#breadcrumb\",\"itemListElement\":[{\"@type\":\"ListItem\",\"position\":1,\"name\":\"Home\",\"item\":\"https:\\\/\\\/www.organisator.ch\\\/\"},{\"@type\":\"ListItem\",\"position\":2,\"name\":\"Great Place to Work k\u00fcrt beste Arbeitgeber der Schweiz 2025\"}]},{\"@type\":\"WebSite\",\"@id\":\"https:\\\/\\\/www.organisator.ch\\\/#website\",\"url\":\"https:\\\/\\\/www.organisator.ch\\\/\",\"name\":\"Organisator\",\"description\":\"Kompetent. Praxisnah. Der ORGANISATOR bereitet in 10 Ausgaben pro Jahr die wesentlichen Themen f\u00fcr F\u00fchrungskr\u00e4fte von KMU auf.\",\"publisher\":{\"@id\":\"https:\\\/\\\/www.organisator.ch\\\/#organization\"},\"potentialAction\":[{\"@type\":\"SearchAction\",\"target\":{\"@type\":\"EntryPoint\",\"urlTemplate\":\"https:\\\/\\\/www.organisator.ch\\\/?s={search_term_string}\"},\"query-input\":{\"@type\":\"PropertyValueSpecification\",\"valueRequired\":true,\"valueName\":\"search_term_string\"}}],\"inLanguage\":\"it-IT\"},{\"@type\":\"Organization\",\"@id\":\"https:\\\/\\\/www.organisator.ch\\\/#organization\",\"name\":\"Organisator\",\"url\":\"https:\\\/\\\/www.organisator.ch\\\/\",\"logo\":{\"@type\":\"ImageObject\",\"inLanguage\":\"it-IT\",\"@id\":\"https:\\\/\\\/www.organisator.ch\\\/#\\\/schema\\\/logo\\\/image\\\/\",\"url\":\"https:\\\/\\\/www.organisator.ch\\\/wp-content\\\/uploads\\\/2022\\\/01\\\/Logo_Organisator_Website.png\",\"contentUrl\":\"https:\\\/\\\/www.organisator.ch\\\/wp-content\\\/uploads\\\/2022\\\/01\\\/Logo_Organisator_Website.png\",\"width\":800,\"height\":77,\"caption\":\"Organisator\"},\"image\":{\"@id\":\"https:\\\/\\\/www.organisator.ch\\\/#\\\/schema\\\/logo\\\/image\\\/\"},\"sameAs\":[\"https:\\\/\\\/www.facebook.com\\\/OrganisatorFachmagazin\",\"https:\\\/\\\/www.linkedin.com\\\/showcase\\\/organisator-das-magazin-fr-kmu\",\"https:\\\/\\\/www.xing.com\\\/news\\\/pages\\\/organisator-ch-695\",\"https:\\\/\\\/www.youtube.com\\\/channel\\\/UCGP2Sq0iWaZwT3BdIAQFYpw\"]},{\"@type\":\"Person\",\"@id\":\"https:\\\/\\\/www.organisator.ch\\\/#\\\/schema\\\/person\\\/6f650f90b2842cd4c0cc334b4e36f67e\",\"name\":\"thomas.berner\",\"image\":{\"@type\":\"ImageObject\",\"inLanguage\":\"it-IT\",\"@id\":\"https:\\\/\\\/secure.gravatar.com\\\/avatar\\\/ac5001d2a36cb6c6cd3e50789007ffca834b477b74a2144564522e944eabff61?s=96&d=mm&r=g\",\"url\":\"https:\\\/\\\/secure.gravatar.com\\\/avatar\\\/ac5001d2a36cb6c6cd3e50789007ffca834b477b74a2144564522e944eabff61?s=96&d=mm&r=g\",\"contentUrl\":\"https:\\\/\\\/secure.gravatar.com\\\/avatar\\\/ac5001d2a36cb6c6cd3e50789007ffca834b477b74a2144564522e944eabff61?s=96&d=mm&r=g\",\"caption\":\"thomas.berner\"},\"url\":\"https:\\\/\\\/www.organisator.ch\\\/it\\\/author\\\/thomas-berner\\\/\"}]}<\/script>\n<!-- \/ Yoast SEO plugin. -->","yoast_head_json":{"title":"Great Place to Work seleziona i migliori datori di lavoro della Svizzera 2025 - Organizzatore","description":"Great Place To Work Svizzera ha premiato i migliori datori di lavoro del Paese presso lo JED di Schlieren il 15 maggio 2025.","robots":{"index":"index","follow":"follow","max-snippet":"max-snippet:-1","max-image-preview":"max-image-preview:large","max-video-preview":"max-video-preview:-1"},"canonical":"https:\/\/www.organisator.ch\/it\/gestione-2\/2025-05-16\/great-place-to-work-kuert-beste-arbeitgeber-der-schweiz-2025\/","og_locale":"it_IT","og_type":"article","og_title":"Great Place to Work k\u00fcrt beste Arbeitgeber der Schweiz 2025","og_description":"Great Place To Work Schweiz hat am 15. Mai 2025 im JED Schlieren die besten Arbeitgeber des Landes ausgezeichnet.","og_url":"https:\/\/www.organisator.ch\/it\/gestione-2\/2025-05-16\/great-place-to-work-kuert-beste-arbeitgeber-der-schweiz-2025\/","og_site_name":"Organisator","article_publisher":"https:\/\/www.facebook.com\/OrganisatorFachmagazin","article_published_time":"2025-05-16T12:24:14+00:00","article_modified_time":"2025-06-19T07:57:32+00:00","og_image":[{"width":680,"height":382,"url":"https:\/\/www.organisator.ch\/wp-content\/uploads\/2025\/05\/Great-Place-to-Work-kuert-beste-Arbeitgeber-der-Schweiz-2025_Organisator.png","type":"image\/png"}],"author":"thomas.berner","twitter_card":"summary_large_image","twitter_title":"Great Place to Work k\u00fcrt beste #Arbeitgeber der Schweiz 2025","twitter_description":"#GreatPlaceToWork Schweiz hat am 15. Mai 2025 im JED Schlieren die besten Arbeitgeber des Landes ausgezeichnet.","twitter_image":"https:\/\/www.organisator.ch\/wp-content\/uploads\/2025\/05\/Great-Place-to-Work-kuert-beste-Arbeitgeber-der-Schweiz-2025_Organisator.png","schema":{"@context":"https:\/\/schema.org","@graph":[{"@type":"Article","@id":"https:\/\/www.organisator.ch\/management\/2025-05-16\/great-place-to-work-kuert-beste-arbeitgeber-der-schweiz-2025\/#article","isPartOf":{"@id":"https:\/\/www.organisator.ch\/management\/2025-05-16\/great-place-to-work-kuert-beste-arbeitgeber-der-schweiz-2025\/"},"author":{"name":"thomas.berner","@id":"https:\/\/www.organisator.ch\/#\/schema\/person\/6f650f90b2842cd4c0cc334b4e36f67e"},"headline":"Great Place to Work k\u00fcrt beste Arbeitgeber der Schweiz 2025","datePublished":"2025-05-16T12:24:14+00:00","dateModified":"2025-06-19T07:57:32+00:00","mainEntityOfPage":{"@id":"https:\/\/www.organisator.ch\/management\/2025-05-16\/great-place-to-work-kuert-beste-arbeitgeber-der-schweiz-2025\/"},"wordCount":428,"publisher":{"@id":"https:\/\/www.organisator.ch\/#organization"},"image":{"@id":"https:\/\/www.organisator.ch\/management\/2025-05-16\/great-place-to-work-kuert-beste-arbeitgeber-der-schweiz-2025\/#primaryimage"},"thumbnailUrl":"https:\/\/www.organisator.ch\/wp-content\/uploads\/2025\/05\/Great-Place-to-Work-kuert-beste-Arbeitgeber-der-Schweiz-2025_Organisator.png","keywords":["Awards","Great Place to Work","HRM","Unternehmen"],"articleSection":["MANAGEMENT"],"inLanguage":"it-IT"},{"@type":"WebPage","@id":"https:\/\/www.organisator.ch\/management\/2025-05-16\/great-place-to-work-kuert-beste-arbeitgeber-der-schweiz-2025\/","url":"https:\/\/www.organisator.ch\/management\/2025-05-16\/great-place-to-work-kuert-beste-arbeitgeber-der-schweiz-2025\/","name":"Great Place to Work seleziona i migliori datori di lavoro della Svizzera 2025 - Organizzatore","isPartOf":{"@id":"https:\/\/www.organisator.ch\/#website"},"primaryImageOfPage":{"@id":"https:\/\/www.organisator.ch\/management\/2025-05-16\/great-place-to-work-kuert-beste-arbeitgeber-der-schweiz-2025\/#primaryimage"},"image":{"@id":"https:\/\/www.organisator.ch\/management\/2025-05-16\/great-place-to-work-kuert-beste-arbeitgeber-der-schweiz-2025\/#primaryimage"},"thumbnailUrl":"https:\/\/www.organisator.ch\/wp-content\/uploads\/2025\/05\/Great-Place-to-Work-kuert-beste-Arbeitgeber-der-Schweiz-2025_Organisator.png","datePublished":"2025-05-16T12:24:14+00:00","dateModified":"2025-06-19T07:57:32+00:00","description":"Great Place To Work Svizzera ha premiato i migliori datori di lavoro del Paese presso lo JED di Schlieren il 15 maggio 2025.","breadcrumb":{"@id":"https:\/\/www.organisator.ch\/management\/2025-05-16\/great-place-to-work-kuert-beste-arbeitgeber-der-schweiz-2025\/#breadcrumb"},"inLanguage":"it-IT","potentialAction":[{"@type":"ReadAction","target":["https:\/\/www.organisator.ch\/management\/2025-05-16\/great-place-to-work-kuert-beste-arbeitgeber-der-schweiz-2025\/"]}]},{"@type":"ImageObject","inLanguage":"it-IT","@id":"https:\/\/www.organisator.ch\/management\/2025-05-16\/great-place-to-work-kuert-beste-arbeitgeber-der-schweiz-2025\/#primaryimage","url":"https:\/\/www.organisator.ch\/wp-content\/uploads\/2025\/05\/Great-Place-to-Work-kuert-beste-Arbeitgeber-der-Schweiz-2025_Organisator.png","contentUrl":"https:\/\/www.organisator.ch\/wp-content\/uploads\/2025\/05\/Great-Place-to-Work-kuert-beste-Arbeitgeber-der-Schweiz-2025_Organisator.png","width":680,"height":382,"caption":"Wieder stehen sie fest: Die besten Arbeitgeber der Schweiz. (Bild: Great Place to Work)"},{"@type":"BreadcrumbList","@id":"https:\/\/www.organisator.ch\/management\/2025-05-16\/great-place-to-work-kuert-beste-arbeitgeber-der-schweiz-2025\/#breadcrumb","itemListElement":[{"@type":"ListItem","position":1,"name":"Home","item":"https:\/\/www.organisator.ch\/"},{"@type":"ListItem","position":2,"name":"Great Place to Work k\u00fcrt beste Arbeitgeber der Schweiz 2025"}]},{"@type":"WebSite","@id":"https:\/\/www.organisator.ch\/#website","url":"https:\/\/www.organisator.ch\/","name":"Organizzatore","description":"Competente. Pratico. In 10 numeri all'anno, ORGANISATOR presenta i temi essenziali per i manager delle PMI.","publisher":{"@id":"https:\/\/www.organisator.ch\/#organization"},"potentialAction":[{"@type":"SearchAction","target":{"@type":"EntryPoint","urlTemplate":"https:\/\/www.organisator.ch\/?s={search_term_string}"},"query-input":{"@type":"PropertyValueSpecification","valueRequired":true,"valueName":"search_term_string"}}],"inLanguage":"it-IT"},{"@type":"Organization","@id":"https:\/\/www.organisator.ch\/#organization","name":"Organizzatore","url":"https:\/\/www.organisator.ch\/","logo":{"@type":"ImageObject","inLanguage":"it-IT","@id":"https:\/\/www.organisator.ch\/#\/schema\/logo\/image\/","url":"https:\/\/www.organisator.ch\/wp-content\/uploads\/2022\/01\/Logo_Organisator_Website.png","contentUrl":"https:\/\/www.organisator.ch\/wp-content\/uploads\/2022\/01\/Logo_Organisator_Website.png","width":800,"height":77,"caption":"Organisator"},"image":{"@id":"https:\/\/www.organisator.ch\/#\/schema\/logo\/image\/"},"sameAs":["https:\/\/www.facebook.com\/OrganisatorFachmagazin","https:\/\/www.linkedin.com\/showcase\/organisator-das-magazin-fr-kmu","https:\/\/www.xing.com\/news\/pages\/organisator-ch-695","https:\/\/www.youtube.com\/channel\/UCGP2Sq0iWaZwT3BdIAQFYpw"]},{"@type":"Person","@id":"https:\/\/www.organisator.ch\/#\/schema\/person\/6f650f90b2842cd4c0cc334b4e36f67e","name":"Tommaso.berner","image":{"@type":"ImageObject","inLanguage":"it-IT","@id":"https:\/\/secure.gravatar.com\/avatar\/ac5001d2a36cb6c6cd3e50789007ffca834b477b74a2144564522e944eabff61?s=96&d=mm&r=g","url":"https:\/\/secure.gravatar.com\/avatar\/ac5001d2a36cb6c6cd3e50789007ffca834b477b74a2144564522e944eabff61?s=96&d=mm&r=g","contentUrl":"https:\/\/secure.gravatar.com\/avatar\/ac5001d2a36cb6c6cd3e50789007ffca834b477b74a2144564522e944eabff61?s=96&d=mm&r=g","caption":"thomas.berner"},"url":"https:\/\/www.organisator.ch\/it\/author\/thomas-berner\/"}]}},"_links":{"self":[{"href":"https:\/\/www.organisator.ch\/it\/wp-json\/wp\/v2\/posts\/38427","targetHints":{"allow":["GET"]}}],"collection":[{"href":"https:\/\/www.organisator.ch\/it\/wp-json\/wp\/v2\/posts"}],"about":[{"href":"https:\/\/www.organisator.ch\/it\/wp-json\/wp\/v2\/types\/post"}],"author":[{"embeddable":true,"href":"https:\/\/www.organisator.ch\/it\/wp-json\/wp\/v2\/users\/4"}],"replies":[{"embeddable":true,"href":"https:\/\/www.organisator.ch\/it\/wp-json\/wp\/v2\/comments?post=38427"}],"version-history":[{"count":5,"href":"https:\/\/www.organisator.ch\/it\/wp-json\/wp\/v2\/posts\/38427\/revisions"}],"predecessor-version":[{"id":39143,"href":"https:\/\/www.organisator.ch\/it\/wp-json\/wp\/v2\/posts\/38427\/revisions\/39143"}],"wp:featuredmedia":[{"embeddable":true,"href":"https:\/\/www.organisator.ch\/it\/wp-json\/wp\/v2\/media\/38428"}],"wp:attachment":[{"href":"https:\/\/www.organisator.ch\/it\/wp-json\/wp\/v2\/media?parent=38427"}],"wp:term":[{"taxonomy":"category","embeddable":true,"href":"https:\/\/www.organisator.ch\/it\/wp-json\/wp\/v2\/categories?post=38427"},{"taxonomy":"post_tag","embeddable":true,"href":"https:\/\/www.organisator.ch\/it\/wp-json\/wp\/v2\/tags?post=38427"}],"curies":[{"name":"wp","href":"https:\/\/api.w.org\/{rel}","templated":true}]}}