{"id":38463,"date":"2025-05-20T13:09:04","date_gmt":"2025-05-20T11:09:04","guid":{"rendered":"https:\/\/www.markt-kom.com\/?p=234948"},"modified":"2025-05-20T13:07:50","modified_gmt":"2025-05-20T11:07:50","slug":"schweizerisches-verpackungsinstitut-waehlt-neuen-praesidenten-und-vorstand","status":"publish","type":"post","link":"https:\/\/www.organisator.ch\/it\/marketing\/2025-05-20\/schweizerisches-verpackungsinstitut-waehlt-neuen-praesidenten-und-vorstand\/","title":{"rendered":"L'Istituto Svizzero dell'Imballaggio elegge il nuovo Presidente e il nuovo Consiglio di Amministrazione"},"content":{"rendered":"<p><a href=\"https:\/\/www.markt-kom.com\/wp-content\/uploads\/2024\/05\/svi-logo.jpg\"><img class=\"aligncenter size-full wp-image-215265\" src=\"https:\/\/www.markt-kom.com\/wp-content\/uploads\/2024\/05\/svi-logo.jpg\" sizes=\"(max-width: 1200px) 100vw, 1200px\" srcset=\"https:\/\/www.markt-kom.com\/wp-content\/uploads\/2024\/05\/svi-logo.jpg 1200w, https:\/\/www.markt-kom.com\/wp-content\/uploads\/2024\/05\/svi-logo-600x450.jpg 600w, https:\/\/www.markt-kom.com\/wp-content\/uploads\/2024\/05\/svi-logo-1024x768.jpg 1024w, https:\/\/www.markt-kom.com\/wp-content\/uploads\/2024\/05\/svi-logo-768x576.jpg 768w, https:\/\/www.markt-kom.com\/wp-content\/uploads\/2024\/05\/svi-logo-16x12.jpg 16w, https:\/\/www.markt-kom.com\/wp-content\/uploads\/2024\/05\/svi-logo-233x175.jpg 233w, https:\/\/www.markt-kom.com\/wp-content\/uploads\/2024\/05\/svi-logo-467x350.jpg 467w, https:\/\/www.markt-kom.com\/wp-content\/uploads\/2024\/05\/svi-logo-1000x750.jpg 1000w\" alt=\"\" width=\"1200\" height=\"900\" \/><\/a><\/p>\r\n<p>In occasione dell'Assemblea generale dello SVI, tenutasi venerd\u00ec a Olten, l'associazione ha fatto un bilancio di un anno difficile. Le sfide finanziarie e la crescente pressione normativa hanno caratterizzato la situazione. Lo SVI ha chiuso il 2024 con una perdita di 12.756 franchi svizzeri. Il direttore generale Andreas Zopfi ha quindi auspicato un cambio di prospettiva in cui il settore abbandoni la \"modalit\u00e0 crisi\" e consideri le circostanze attuali - compresi i cambiamenti normativi e le incertezze geopolitiche - come la nuova normalit\u00e0.<\/p>\r\n<p>L'incontro \u00e8 stato incentrato sulle elezioni del Consiglio di amministrazione: Il Presidente Philippe Dubois si \u00e8 dimesso dopo 13 anni. Anche i membri del Consiglio di amministrazione Mica\u00ebl M\u00fcller (Migros Industrie), Hansruedi Schaffl\u00fctzel (Wipf) e Patrick Semadeni (Gruppo Semadeni) si sono dimessi. Tobias Leischner (Bourquin) \u00e8 stato eletto all'unanimit\u00e0 nuovo Presidente. Anche Rolf Eicher (JobTalente), Roberto Polizzi (Migros Industrie), Othmar Wohlhauser (Wipf) e Rudolf Zimmerli (Proderma) sono stati eletti nuovi membri del Consiglio di amministrazione.<\/p>\r\n<p>Nel suo discorso di elogio per il Presidente uscente Dubois, l'Amministratore delegato Zopfi ha riconosciuto il suo lavoro costantemente mirato e il suo ruolo di costruttore di ponti.<\/p>\r\n<p>Nella parte statutaria dell'assemblea, i soci hanno approvato all'unanimit\u00e0 la relazione annuale, il verbale e il bilancio per il 2025, oltre ad approvare un aumento dei contributi del 5% a partire dal 2026, il primo dal 2010. Il verbale completo sar\u00e0 disponibile alla fine di maggio 2025 sul sito <a href=\"https:\/\/svi-verpackung.ch\/\" rel=\"noopener\">Disponibile il sito web dello SVI<\/a>.<\/p>","protected":false},"excerpt":{"rendered":"<p>L'Istituto Svizzero dell'Imballaggio SVI ha eletto Tobias Leischner come nuovo Presidente in occasione della 62a Assemblea Generale. Sono stati inoltre nominati quattro nuovi membri del Consiglio di amministrazione.<\/p>","protected":false},"author":8,"featured_media":0,"comment_status":"closed","ping_status":"closed","sticky":false,"template":"","format":"standard","meta":{"_acf_changed":false,"_yoast_wpseo_focuskw":"Schweizerisches Verpackungsinstitut","_yoast_wpseo_metadesc":"Das Schweizerische Verpackungsinstitut SVI hat an seiner 62. Mitgliederversammlung Tobias Leischner zum neuen Pr\u00e4sidenten gew\u00e4hlt.","articlekey":"","footnotes":""},"categories":[29],"tags":[4343,5349],"class_list":["post-38463","post","type-post","status-publish","format-standard","hentry","category-marketing","tag-markom","tag-svi"],"acf":[],"yoast_head":"<!-- This site is optimized with the Yoast SEO plugin v27.5 - https:\/\/yoast.com\/product\/yoast-seo-wordpress\/ -->\n<title>Schweizerisches Verpackungsinstitut w\u00e4hlt neuen Pr\u00e4sidenten und Vorstand - Organisator<\/title>\n<meta name=\"description\" content=\"Das Schweizerische Verpackungsinstitut SVI hat an seiner 62. Mitgliederversammlung Tobias Leischner zum neuen Pr\u00e4sidenten gew\u00e4hlt.\" \/>\n<meta name=\"robots\" content=\"index, follow, max-snippet:-1, max-image-preview:large, max-video-preview:-1\" \/>\n<link rel=\"canonical\" href=\"https:\/\/www.organisator.ch\/it\/marketing\/2025-05-20\/schweizerisches-verpackungsinstitut-waehlt-neuen-praesidenten-und-vorstand\/\" \/>\n<meta property=\"og:locale\" content=\"it_IT\" \/>\n<meta property=\"og:type\" content=\"article\" \/>\n<meta property=\"og:title\" content=\"Schweizerisches Verpackungsinstitut w\u00e4hlt neuen Pr\u00e4sidenten und Vorstand - Organisator\" \/>\n<meta property=\"og:description\" content=\"Das Schweizerische Verpackungsinstitut SVI hat an seiner 62. Mitgliederversammlung Tobias Leischner zum neuen Pr\u00e4sidenten gew\u00e4hlt.\" \/>\n<meta property=\"og:url\" content=\"https:\/\/www.organisator.ch\/it\/marketing\/2025-05-20\/schweizerisches-verpackungsinstitut-waehlt-neuen-praesidenten-und-vorstand\/\" \/>\n<meta property=\"og:site_name\" content=\"Organisator\" \/>\n<meta property=\"article:publisher\" content=\"https:\/\/www.facebook.com\/OrganisatorFachmagazin\" \/>\n<meta property=\"article:published_time\" content=\"2025-05-20T11:09:04+00:00\" \/>\n<meta name=\"author\" content=\"galledia\" \/>\n<meta name=\"twitter:card\" content=\"summary_large_image\" \/>\n<meta name=\"twitter:creator\" content=\"@admin\" \/>\n<script type=\"application\/ld+json\" class=\"yoast-schema-graph\">{\"@context\":\"https:\\\/\\\/schema.org\",\"@graph\":[{\"@type\":\"Article\",\"@id\":\"https:\\\/\\\/www.organisator.ch\\\/marketing\\\/2025-05-20\\\/schweizerisches-verpackungsinstitut-waehlt-neuen-praesidenten-und-vorstand\\\/#article\",\"isPartOf\":{\"@id\":\"https:\\\/\\\/www.organisator.ch\\\/marketing\\\/2025-05-20\\\/schweizerisches-verpackungsinstitut-waehlt-neuen-praesidenten-und-vorstand\\\/\"},\"author\":{\"name\":\"galledia\",\"@id\":\"https:\\\/\\\/www.organisator.ch\\\/#\\\/schema\\\/person\\\/4e51799071cd2dd1232ac003643ef5f0\"},\"headline\":\"Schweizerisches Verpackungsinstitut w\u00e4hlt neuen Pr\u00e4sidenten und Vorstand\",\"datePublished\":\"2025-05-20T11:09:04+00:00\",\"mainEntityOfPage\":{\"@id\":\"https:\\\/\\\/www.organisator.ch\\\/marketing\\\/2025-05-20\\\/schweizerisches-verpackungsinstitut-waehlt-neuen-praesidenten-und-vorstand\\\/\"},\"wordCount\":211,\"publisher\":{\"@id\":\"https:\\\/\\\/www.organisator.ch\\\/#organization\"},\"image\":{\"@id\":\"https:\\\/\\\/www.organisator.ch\\\/marketing\\\/2025-05-20\\\/schweizerisches-verpackungsinstitut-waehlt-neuen-praesidenten-und-vorstand\\\/#primaryimage\"},\"thumbnailUrl\":\"https:\\\/\\\/www.markt-kom.com\\\/wp-content\\\/uploads\\\/2024\\\/05\\\/svi-logo.jpg\",\"keywords\":[\"MarKom\",\"SVI\"],\"articleSection\":[\"MARKETING\"],\"inLanguage\":\"it-IT\"},{\"@type\":\"WebPage\",\"@id\":\"https:\\\/\\\/www.organisator.ch\\\/marketing\\\/2025-05-20\\\/schweizerisches-verpackungsinstitut-waehlt-neuen-praesidenten-und-vorstand\\\/\",\"url\":\"https:\\\/\\\/www.organisator.ch\\\/marketing\\\/2025-05-20\\\/schweizerisches-verpackungsinstitut-waehlt-neuen-praesidenten-und-vorstand\\\/\",\"name\":\"Schweizerisches Verpackungsinstitut w\u00e4hlt neuen Pr\u00e4sidenten und Vorstand - Organisator\",\"isPartOf\":{\"@id\":\"https:\\\/\\\/www.organisator.ch\\\/#website\"},\"primaryImageOfPage\":{\"@id\":\"https:\\\/\\\/www.organisator.ch\\\/marketing\\\/2025-05-20\\\/schweizerisches-verpackungsinstitut-waehlt-neuen-praesidenten-und-vorstand\\\/#primaryimage\"},\"image\":{\"@id\":\"https:\\\/\\\/www.organisator.ch\\\/marketing\\\/2025-05-20\\\/schweizerisches-verpackungsinstitut-waehlt-neuen-praesidenten-und-vorstand\\\/#primaryimage\"},\"thumbnailUrl\":\"https:\\\/\\\/www.markt-kom.com\\\/wp-content\\\/uploads\\\/2024\\\/05\\\/svi-logo.jpg\",\"datePublished\":\"2025-05-20T11:09:04+00:00\",\"description\":\"Das Schweizerische Verpackungsinstitut SVI hat an seiner 62. Mitgliederversammlung Tobias Leischner zum neuen Pr\u00e4sidenten gew\u00e4hlt.\",\"breadcrumb\":{\"@id\":\"https:\\\/\\\/www.organisator.ch\\\/marketing\\\/2025-05-20\\\/schweizerisches-verpackungsinstitut-waehlt-neuen-praesidenten-und-vorstand\\\/#breadcrumb\"},\"inLanguage\":\"it-IT\",\"potentialAction\":[{\"@type\":\"ReadAction\",\"target\":[\"https:\\\/\\\/www.organisator.ch\\\/marketing\\\/2025-05-20\\\/schweizerisches-verpackungsinstitut-waehlt-neuen-praesidenten-und-vorstand\\\/\"]}]},{\"@type\":\"ImageObject\",\"inLanguage\":\"it-IT\",\"@id\":\"https:\\\/\\\/www.organisator.ch\\\/marketing\\\/2025-05-20\\\/schweizerisches-verpackungsinstitut-waehlt-neuen-praesidenten-und-vorstand\\\/#primaryimage\",\"url\":\"https:\\\/\\\/www.markt-kom.com\\\/wp-content\\\/uploads\\\/2024\\\/05\\\/svi-logo.jpg\",\"contentUrl\":\"https:\\\/\\\/www.markt-kom.com\\\/wp-content\\\/uploads\\\/2024\\\/05\\\/svi-logo.jpg\"},{\"@type\":\"BreadcrumbList\",\"@id\":\"https:\\\/\\\/www.organisator.ch\\\/marketing\\\/2025-05-20\\\/schweizerisches-verpackungsinstitut-waehlt-neuen-praesidenten-und-vorstand\\\/#breadcrumb\",\"itemListElement\":[{\"@type\":\"ListItem\",\"position\":1,\"name\":\"Home\",\"item\":\"https:\\\/\\\/www.organisator.ch\\\/\"},{\"@type\":\"ListItem\",\"position\":2,\"name\":\"Schweizerisches Verpackungsinstitut w\u00e4hlt neuen Pr\u00e4sidenten und Vorstand\"}]},{\"@type\":\"WebSite\",\"@id\":\"https:\\\/\\\/www.organisator.ch\\\/#website\",\"url\":\"https:\\\/\\\/www.organisator.ch\\\/\",\"name\":\"Organisator\",\"description\":\"Kompetent. Praxisnah. Der ORGANISATOR bereitet in 10 Ausgaben pro Jahr die wesentlichen Themen f\u00fcr F\u00fchrungskr\u00e4fte von KMU auf.\",\"publisher\":{\"@id\":\"https:\\\/\\\/www.organisator.ch\\\/#organization\"},\"potentialAction\":[{\"@type\":\"SearchAction\",\"target\":{\"@type\":\"EntryPoint\",\"urlTemplate\":\"https:\\\/\\\/www.organisator.ch\\\/?s={search_term_string}\"},\"query-input\":{\"@type\":\"PropertyValueSpecification\",\"valueRequired\":true,\"valueName\":\"search_term_string\"}}],\"inLanguage\":\"it-IT\"},{\"@type\":\"Organization\",\"@id\":\"https:\\\/\\\/www.organisator.ch\\\/#organization\",\"name\":\"Organisator\",\"url\":\"https:\\\/\\\/www.organisator.ch\\\/\",\"logo\":{\"@type\":\"ImageObject\",\"inLanguage\":\"it-IT\",\"@id\":\"https:\\\/\\\/www.organisator.ch\\\/#\\\/schema\\\/logo\\\/image\\\/\",\"url\":\"https:\\\/\\\/www.organisator.ch\\\/wp-content\\\/uploads\\\/2022\\\/01\\\/Logo_Organisator_Website.png\",\"contentUrl\":\"https:\\\/\\\/www.organisator.ch\\\/wp-content\\\/uploads\\\/2022\\\/01\\\/Logo_Organisator_Website.png\",\"width\":800,\"height\":77,\"caption\":\"Organisator\"},\"image\":{\"@id\":\"https:\\\/\\\/www.organisator.ch\\\/#\\\/schema\\\/logo\\\/image\\\/\"},\"sameAs\":[\"https:\\\/\\\/www.facebook.com\\\/OrganisatorFachmagazin\",\"https:\\\/\\\/www.linkedin.com\\\/showcase\\\/organisator-das-magazin-fr-kmu\",\"https:\\\/\\\/www.xing.com\\\/news\\\/pages\\\/organisator-ch-695\",\"https:\\\/\\\/www.youtube.com\\\/channel\\\/UCGP2Sq0iWaZwT3BdIAQFYpw\"]},{\"@type\":\"Person\",\"@id\":\"https:\\\/\\\/www.organisator.ch\\\/#\\\/schema\\\/person\\\/4e51799071cd2dd1232ac003643ef5f0\",\"name\":\"galledia\",\"image\":{\"@type\":\"ImageObject\",\"inLanguage\":\"it-IT\",\"@id\":\"https:\\\/\\\/secure.gravatar.com\\\/avatar\\\/78a7f90c01fc2bfc875782a0d4922b37cde2cf184ce347b91316d23cd7f69a36?s=96&d=mm&r=g\",\"url\":\"https:\\\/\\\/secure.gravatar.com\\\/avatar\\\/78a7f90c01fc2bfc875782a0d4922b37cde2cf184ce347b91316d23cd7f69a36?s=96&d=mm&r=g\",\"contentUrl\":\"https:\\\/\\\/secure.gravatar.com\\\/avatar\\\/78a7f90c01fc2bfc875782a0d4922b37cde2cf184ce347b91316d23cd7f69a36?s=96&d=mm&r=g\",\"caption\":\"galledia\"},\"sameAs\":[\"https:\\\/\\\/x.com\\\/admin\"],\"url\":\"https:\\\/\\\/www.organisator.ch\\\/it\\\/author\\\/galledia\\\/\"}]}<\/script>\n<!-- \/ Yoast SEO plugin. -->","yoast_head_json":{"title":"L'Istituto Svizzero dell'Imballaggio elegge il nuovo Presidente e il nuovo Consiglio di Amministrazione - Organizzatore","description":"L'Istituto Svizzero dell'Imballaggio SVI ha eletto Tobias Leischner come nuovo Presidente in occasione della 62a Assemblea Generale.","robots":{"index":"index","follow":"follow","max-snippet":"max-snippet:-1","max-image-preview":"max-image-preview:large","max-video-preview":"max-video-preview:-1"},"canonical":"https:\/\/www.organisator.ch\/it\/marketing\/2025-05-20\/schweizerisches-verpackungsinstitut-waehlt-neuen-praesidenten-und-vorstand\/","og_locale":"it_IT","og_type":"article","og_title":"Schweizerisches Verpackungsinstitut w\u00e4hlt neuen Pr\u00e4sidenten und Vorstand - Organisator","og_description":"Das Schweizerische Verpackungsinstitut SVI hat an seiner 62. Mitgliederversammlung Tobias Leischner zum neuen Pr\u00e4sidenten gew\u00e4hlt.","og_url":"https:\/\/www.organisator.ch\/it\/marketing\/2025-05-20\/schweizerisches-verpackungsinstitut-waehlt-neuen-praesidenten-und-vorstand\/","og_site_name":"Organisator","article_publisher":"https:\/\/www.facebook.com\/OrganisatorFachmagazin","article_published_time":"2025-05-20T11:09:04+00:00","author":"galledia","twitter_card":"summary_large_image","twitter_creator":"@admin","schema":{"@context":"https:\/\/schema.org","@graph":[{"@type":"Article","@id":"https:\/\/www.organisator.ch\/marketing\/2025-05-20\/schweizerisches-verpackungsinstitut-waehlt-neuen-praesidenten-und-vorstand\/#article","isPartOf":{"@id":"https:\/\/www.organisator.ch\/marketing\/2025-05-20\/schweizerisches-verpackungsinstitut-waehlt-neuen-praesidenten-und-vorstand\/"},"author":{"name":"galledia","@id":"https:\/\/www.organisator.ch\/#\/schema\/person\/4e51799071cd2dd1232ac003643ef5f0"},"headline":"Schweizerisches Verpackungsinstitut w\u00e4hlt neuen Pr\u00e4sidenten und Vorstand","datePublished":"2025-05-20T11:09:04+00:00","mainEntityOfPage":{"@id":"https:\/\/www.organisator.ch\/marketing\/2025-05-20\/schweizerisches-verpackungsinstitut-waehlt-neuen-praesidenten-und-vorstand\/"},"wordCount":211,"publisher":{"@id":"https:\/\/www.organisator.ch\/#organization"},"image":{"@id":"https:\/\/www.organisator.ch\/marketing\/2025-05-20\/schweizerisches-verpackungsinstitut-waehlt-neuen-praesidenten-und-vorstand\/#primaryimage"},"thumbnailUrl":"https:\/\/www.markt-kom.com\/wp-content\/uploads\/2024\/05\/svi-logo.jpg","keywords":["MarKom","SVI"],"articleSection":["MARKETING"],"inLanguage":"it-IT"},{"@type":"WebPage","@id":"https:\/\/www.organisator.ch\/marketing\/2025-05-20\/schweizerisches-verpackungsinstitut-waehlt-neuen-praesidenten-und-vorstand\/","url":"https:\/\/www.organisator.ch\/marketing\/2025-05-20\/schweizerisches-verpackungsinstitut-waehlt-neuen-praesidenten-und-vorstand\/","name":"L'Istituto Svizzero dell'Imballaggio elegge il nuovo Presidente e il nuovo Consiglio di Amministrazione - Organizzatore","isPartOf":{"@id":"https:\/\/www.organisator.ch\/#website"},"primaryImageOfPage":{"@id":"https:\/\/www.organisator.ch\/marketing\/2025-05-20\/schweizerisches-verpackungsinstitut-waehlt-neuen-praesidenten-und-vorstand\/#primaryimage"},"image":{"@id":"https:\/\/www.organisator.ch\/marketing\/2025-05-20\/schweizerisches-verpackungsinstitut-waehlt-neuen-praesidenten-und-vorstand\/#primaryimage"},"thumbnailUrl":"https:\/\/www.markt-kom.com\/wp-content\/uploads\/2024\/05\/svi-logo.jpg","datePublished":"2025-05-20T11:09:04+00:00","description":"L'Istituto Svizzero dell'Imballaggio SVI ha eletto Tobias Leischner come nuovo Presidente in occasione della 62a Assemblea Generale.","breadcrumb":{"@id":"https:\/\/www.organisator.ch\/marketing\/2025-05-20\/schweizerisches-verpackungsinstitut-waehlt-neuen-praesidenten-und-vorstand\/#breadcrumb"},"inLanguage":"it-IT","potentialAction":[{"@type":"ReadAction","target":["https:\/\/www.organisator.ch\/marketing\/2025-05-20\/schweizerisches-verpackungsinstitut-waehlt-neuen-praesidenten-und-vorstand\/"]}]},{"@type":"ImageObject","inLanguage":"it-IT","@id":"https:\/\/www.organisator.ch\/marketing\/2025-05-20\/schweizerisches-verpackungsinstitut-waehlt-neuen-praesidenten-und-vorstand\/#primaryimage","url":"https:\/\/www.markt-kom.com\/wp-content\/uploads\/2024\/05\/svi-logo.jpg","contentUrl":"https:\/\/www.markt-kom.com\/wp-content\/uploads\/2024\/05\/svi-logo.jpg"},{"@type":"BreadcrumbList","@id":"https:\/\/www.organisator.ch\/marketing\/2025-05-20\/schweizerisches-verpackungsinstitut-waehlt-neuen-praesidenten-und-vorstand\/#breadcrumb","itemListElement":[{"@type":"ListItem","position":1,"name":"Home","item":"https:\/\/www.organisator.ch\/"},{"@type":"ListItem","position":2,"name":"Schweizerisches Verpackungsinstitut w\u00e4hlt neuen Pr\u00e4sidenten und Vorstand"}]},{"@type":"WebSite","@id":"https:\/\/www.organisator.ch\/#website","url":"https:\/\/www.organisator.ch\/","name":"Organizzatore","description":"Competente. Pratico. In 10 numeri all'anno, ORGANISATOR presenta i temi essenziali per i manager delle PMI.","publisher":{"@id":"https:\/\/www.organisator.ch\/#organization"},"potentialAction":[{"@type":"SearchAction","target":{"@type":"EntryPoint","urlTemplate":"https:\/\/www.organisator.ch\/?s={search_term_string}"},"query-input":{"@type":"PropertyValueSpecification","valueRequired":true,"valueName":"search_term_string"}}],"inLanguage":"it-IT"},{"@type":"Organization","@id":"https:\/\/www.organisator.ch\/#organization","name":"Organizzatore","url":"https:\/\/www.organisator.ch\/","logo":{"@type":"ImageObject","inLanguage":"it-IT","@id":"https:\/\/www.organisator.ch\/#\/schema\/logo\/image\/","url":"https:\/\/www.organisator.ch\/wp-content\/uploads\/2022\/01\/Logo_Organisator_Website.png","contentUrl":"https:\/\/www.organisator.ch\/wp-content\/uploads\/2022\/01\/Logo_Organisator_Website.png","width":800,"height":77,"caption":"Organisator"},"image":{"@id":"https:\/\/www.organisator.ch\/#\/schema\/logo\/image\/"},"sameAs":["https:\/\/www.facebook.com\/OrganisatorFachmagazin","https:\/\/www.linkedin.com\/showcase\/organisator-das-magazin-fr-kmu","https:\/\/www.xing.com\/news\/pages\/organisator-ch-695","https:\/\/www.youtube.com\/channel\/UCGP2Sq0iWaZwT3BdIAQFYpw"]},{"@type":"Person","@id":"https:\/\/www.organisator.ch\/#\/schema\/person\/4e51799071cd2dd1232ac003643ef5f0","name":"galledia","image":{"@type":"ImageObject","inLanguage":"it-IT","@id":"https:\/\/secure.gravatar.com\/avatar\/78a7f90c01fc2bfc875782a0d4922b37cde2cf184ce347b91316d23cd7f69a36?s=96&d=mm&r=g","url":"https:\/\/secure.gravatar.com\/avatar\/78a7f90c01fc2bfc875782a0d4922b37cde2cf184ce347b91316d23cd7f69a36?s=96&d=mm&r=g","contentUrl":"https:\/\/secure.gravatar.com\/avatar\/78a7f90c01fc2bfc875782a0d4922b37cde2cf184ce347b91316d23cd7f69a36?s=96&d=mm&r=g","caption":"galledia"},"sameAs":["https:\/\/x.com\/admin"],"url":"https:\/\/www.organisator.ch\/it\/author\/galledia\/"}]}},"_links":{"self":[{"href":"https:\/\/www.organisator.ch\/it\/wp-json\/wp\/v2\/posts\/38463","targetHints":{"allow":["GET"]}}],"collection":[{"href":"https:\/\/www.organisator.ch\/it\/wp-json\/wp\/v2\/posts"}],"about":[{"href":"https:\/\/www.organisator.ch\/it\/wp-json\/wp\/v2\/types\/post"}],"author":[{"embeddable":true,"href":"https:\/\/www.organisator.ch\/it\/wp-json\/wp\/v2\/users\/8"}],"replies":[{"embeddable":true,"href":"https:\/\/www.organisator.ch\/it\/wp-json\/wp\/v2\/comments?post=38463"}],"version-history":[{"count":4,"href":"https:\/\/www.organisator.ch\/it\/wp-json\/wp\/v2\/posts\/38463\/revisions"}],"predecessor-version":[{"id":38476,"href":"https:\/\/www.organisator.ch\/it\/wp-json\/wp\/v2\/posts\/38463\/revisions\/38476"}],"wp:attachment":[{"href":"https:\/\/www.organisator.ch\/it\/wp-json\/wp\/v2\/media?parent=38463"}],"wp:term":[{"taxonomy":"category","embeddable":true,"href":"https:\/\/www.organisator.ch\/it\/wp-json\/wp\/v2\/categories?post=38463"},{"taxonomy":"post_tag","embeddable":true,"href":"https:\/\/www.organisator.ch\/it\/wp-json\/wp\/v2\/tags?post=38463"}],"curies":[{"name":"wp","href":"https:\/\/api.w.org\/{rel}","templated":true}]}}