{"id":38469,"date":"2025-05-21T08:55:06","date_gmt":"2025-05-21T06:55:06","guid":{"rendered":"https:\/\/www.markt-kom.com\/?p=234958"},"modified":"2025-05-21T08:51:14","modified_gmt":"2025-05-21T06:51:14","slug":"daniel-howe-wird-leiter-kommunikation-und-marketing-bei-netrics","status":"publish","type":"post","link":"https:\/\/www.organisator.ch\/it\/marketing\/2025-05-21\/daniel-howe-wird-leiter-kommunikation-und-marketing-bei-netrics\/","title":{"rendered":"Daniel Howe diventa responsabile delle comunicazioni e del marketing di Netrics"},"content":{"rendered":"<figure id=\"attachment_234959\" class=\"wp-caption aligncenter\" style=\"width: 1200px;\" aria-describedby=\"caption-attachment-234959\"><a href=\"https:\/\/www.markt-kom.com\/wp-content\/uploads\/2025\/05\/Daniel-Howe.jpg\"><img class=\"size-full wp-image-234959\" src=\"https:\/\/www.markt-kom.com\/wp-content\/uploads\/2025\/05\/Daniel-Howe.jpg\" sizes=\"(max-width: 1200px) 100vw, 1200px\" srcset=\"https:\/\/www.markt-kom.com\/wp-content\/uploads\/2025\/05\/Daniel-Howe.jpg 1200w, https:\/\/www.markt-kom.com\/wp-content\/uploads\/2025\/05\/Daniel-Howe-600x450.jpg 600w, https:\/\/www.markt-kom.com\/wp-content\/uploads\/2025\/05\/Daniel-Howe-1024x768.jpg 1024w, https:\/\/www.markt-kom.com\/wp-content\/uploads\/2025\/05\/Daniel-Howe-768x576.jpg 768w, https:\/\/www.markt-kom.com\/wp-content\/uploads\/2025\/05\/Daniel-Howe-16x12.jpg 16w, https:\/\/www.markt-kom.com\/wp-content\/uploads\/2025\/05\/Daniel-Howe-233x175.jpg 233w, https:\/\/www.markt-kom.com\/wp-content\/uploads\/2025\/05\/Daniel-Howe-467x350.jpg 467w, https:\/\/www.markt-kom.com\/wp-content\/uploads\/2025\/05\/Daniel-Howe-1000x750.jpg 1000w\" alt=\"\" width=\"1200\" height=\"900\" \/><\/a>\r\n<figcaption id=\"caption-attachment-234959\" class=\"wp-caption-text\">(Immagine: zVg.)<\/figcaption>\r\n<\/figure>\r\n<p>La tecnologia da sola non \u00e8 pi\u00f9 garanzia di vantaggio competitivo: \u00e8 necessario anche un forte posizionamento. In quest'ottica, Netrics sta rafforzando in modo mirato la gestione del proprio marchio: con effetto immediato, Daniel Howe sar\u00e0 responsabile del posizionamento strategico dell'azienda in qualit\u00e0 di Head of Communications &amp; Marketing. L'obiettivo \u00e8 differenziare pi\u00f9 chiaramente il marchio sul mercato e promuovere la crescita dell'azienda.<\/p>\r\n<p>\"La digitalizzazione da sola non \u00e8 pi\u00f9 una caratteristica distintiva: le tecnologie sono disponibili, comparabili e intercambiabili\", afferma Pascal Kocher, CEO di Netrics. La vera differenziazione si ha quando si riduce la complessit\u00e0 e si mettono in evidenza i vantaggi\". Con la sua esperienza all'interfaccia tra tecnologia, trasformazione e gestione del marchio, Daniel Howe apporta esattamente la competenza di cui abbiamo bisogno per questo scopo.\"<\/p>\r\n<p>Daniel Howe vanta oltre 25 anni di esperienza nella gestione dei marchi e nella comunicazione, anche presso aziende come Z\u00fchlke, KPMG, Switch, l'Universit\u00e0 di Scienze Applicate e Arti di Lucerna e, pi\u00f9 recentemente, come direttore della strategia di un'agenzia. Ha supportato numerose organizzazioni nei processi di trasformazione, riposizionando i marchi e implementando strategie di comunicazione basate sui dati.<\/p>\r\n<p>\"Se si vuole sopravvivere in un ambiente dinamico, \u00e8 necessario visualizzare costantemente ci\u00f2 che si rappresenta e ci\u00f2 che ci rende speciali\", afferma Howe a proposito del suo nuovo ruolo in Netrics. \"Un marchio forte suscita desiderio, fornisce orientamento e funge da bussola per le decisioni imprenditoriali\".<\/p>","protected":false},"excerpt":{"rendered":"<p>Il fornitore di tecnologia Netrics ha assunto l'esperto di marchi Daniel Howe come nuovo responsabile delle comunicazioni e del marketing. L'azienda intende rafforzare il posizionamento del proprio marchio e affinare il proprio orientamento strategico.<\/p>","protected":false},"author":8,"featured_media":0,"comment_status":"closed","ping_status":"closed","sticky":false,"template":"","format":"standard","meta":{"_acf_changed":false,"_yoast_wpseo_focuskw":"Daniel Howe","_yoast_wpseo_metadesc":"Der Technologieanbieter Netrics holt den Markenexperten Daniel Howe als neuen Leiter Kommunikation und Marketing an Bord.","articlekey":"","footnotes":""},"categories":[29],"tags":[4345,2853,5351,381,492],"class_list":["post-38469","post","type-post","status-publish","format-standard","hentry","category-marketing","tag-business","tag-jobchange","tag-netrics","tag-personalia","tag-unternehmen"],"acf":[],"yoast_head":"<!-- This site is optimized with the Yoast SEO plugin v27.4 - https:\/\/yoast.com\/product\/yoast-seo-wordpress\/ -->\n<title>Daniel Howe wird Leiter Kommunikation und Marketing bei Netrics - Organisator<\/title>\n<meta name=\"description\" content=\"Der Technologieanbieter Netrics holt den Markenexperten Daniel Howe als neuen Leiter Kommunikation und Marketing an Bord.\" \/>\n<meta name=\"robots\" content=\"index, follow, max-snippet:-1, max-image-preview:large, max-video-preview:-1\" \/>\n<link rel=\"canonical\" href=\"https:\/\/www.organisator.ch\/it\/marketing\/2025-05-21\/daniel-howe-wird-leiter-kommunikation-und-marketing-bei-netrics\/\" \/>\n<meta property=\"og:locale\" content=\"it_IT\" \/>\n<meta property=\"og:type\" content=\"article\" \/>\n<meta property=\"og:title\" content=\"Daniel Howe wird Leiter Kommunikation und Marketing bei Netrics - Organisator\" \/>\n<meta property=\"og:description\" content=\"Der Technologieanbieter Netrics holt den Markenexperten Daniel Howe als neuen Leiter Kommunikation und Marketing an Bord.\" \/>\n<meta property=\"og:url\" content=\"https:\/\/www.organisator.ch\/it\/marketing\/2025-05-21\/daniel-howe-wird-leiter-kommunikation-und-marketing-bei-netrics\/\" \/>\n<meta property=\"og:site_name\" content=\"Organisator\" \/>\n<meta property=\"article:publisher\" content=\"https:\/\/www.facebook.com\/OrganisatorFachmagazin\" \/>\n<meta property=\"article:published_time\" content=\"2025-05-21T06:55:06+00:00\" \/>\n<meta name=\"author\" content=\"galledia\" \/>\n<meta name=\"twitter:card\" content=\"summary_large_image\" \/>\n<meta name=\"twitter:creator\" content=\"@admin\" \/>\n<script type=\"application\/ld+json\" class=\"yoast-schema-graph\">{\"@context\":\"https:\\\/\\\/schema.org\",\"@graph\":[{\"@type\":\"Article\",\"@id\":\"https:\\\/\\\/www.organisator.ch\\\/marketing\\\/2025-05-21\\\/daniel-howe-wird-leiter-kommunikation-und-marketing-bei-netrics\\\/#article\",\"isPartOf\":{\"@id\":\"https:\\\/\\\/www.organisator.ch\\\/marketing\\\/2025-05-21\\\/daniel-howe-wird-leiter-kommunikation-und-marketing-bei-netrics\\\/\"},\"author\":{\"name\":\"galledia\",\"@id\":\"https:\\\/\\\/www.organisator.ch\\\/#\\\/schema\\\/person\\\/4e51799071cd2dd1232ac003643ef5f0\"},\"headline\":\"Daniel Howe wird Leiter Kommunikation und Marketing bei Netrics\",\"datePublished\":\"2025-05-21T06:55:06+00:00\",\"mainEntityOfPage\":{\"@id\":\"https:\\\/\\\/www.organisator.ch\\\/marketing\\\/2025-05-21\\\/daniel-howe-wird-leiter-kommunikation-und-marketing-bei-netrics\\\/\"},\"wordCount\":222,\"publisher\":{\"@id\":\"https:\\\/\\\/www.organisator.ch\\\/#organization\"},\"image\":{\"@id\":\"https:\\\/\\\/www.organisator.ch\\\/marketing\\\/2025-05-21\\\/daniel-howe-wird-leiter-kommunikation-und-marketing-bei-netrics\\\/#primaryimage\"},\"thumbnailUrl\":\"https:\\\/\\\/www.markt-kom.com\\\/wp-content\\\/uploads\\\/2025\\\/05\\\/Daniel-Howe.jpg\",\"keywords\":[\"Business\",\"Jobchange\",\"Netrics\",\"Personalia\",\"Unternehmen\"],\"articleSection\":[\"MARKETING\"],\"inLanguage\":\"it-IT\"},{\"@type\":\"WebPage\",\"@id\":\"https:\\\/\\\/www.organisator.ch\\\/marketing\\\/2025-05-21\\\/daniel-howe-wird-leiter-kommunikation-und-marketing-bei-netrics\\\/\",\"url\":\"https:\\\/\\\/www.organisator.ch\\\/marketing\\\/2025-05-21\\\/daniel-howe-wird-leiter-kommunikation-und-marketing-bei-netrics\\\/\",\"name\":\"Daniel Howe wird Leiter Kommunikation und Marketing bei Netrics - Organisator\",\"isPartOf\":{\"@id\":\"https:\\\/\\\/www.organisator.ch\\\/#website\"},\"primaryImageOfPage\":{\"@id\":\"https:\\\/\\\/www.organisator.ch\\\/marketing\\\/2025-05-21\\\/daniel-howe-wird-leiter-kommunikation-und-marketing-bei-netrics\\\/#primaryimage\"},\"image\":{\"@id\":\"https:\\\/\\\/www.organisator.ch\\\/marketing\\\/2025-05-21\\\/daniel-howe-wird-leiter-kommunikation-und-marketing-bei-netrics\\\/#primaryimage\"},\"thumbnailUrl\":\"https:\\\/\\\/www.markt-kom.com\\\/wp-content\\\/uploads\\\/2025\\\/05\\\/Daniel-Howe.jpg\",\"datePublished\":\"2025-05-21T06:55:06+00:00\",\"description\":\"Der Technologieanbieter Netrics holt den Markenexperten Daniel Howe als neuen Leiter Kommunikation und Marketing an Bord.\",\"breadcrumb\":{\"@id\":\"https:\\\/\\\/www.organisator.ch\\\/marketing\\\/2025-05-21\\\/daniel-howe-wird-leiter-kommunikation-und-marketing-bei-netrics\\\/#breadcrumb\"},\"inLanguage\":\"it-IT\",\"potentialAction\":[{\"@type\":\"ReadAction\",\"target\":[\"https:\\\/\\\/www.organisator.ch\\\/marketing\\\/2025-05-21\\\/daniel-howe-wird-leiter-kommunikation-und-marketing-bei-netrics\\\/\"]}]},{\"@type\":\"ImageObject\",\"inLanguage\":\"it-IT\",\"@id\":\"https:\\\/\\\/www.organisator.ch\\\/marketing\\\/2025-05-21\\\/daniel-howe-wird-leiter-kommunikation-und-marketing-bei-netrics\\\/#primaryimage\",\"url\":\"https:\\\/\\\/www.markt-kom.com\\\/wp-content\\\/uploads\\\/2025\\\/05\\\/Daniel-Howe.jpg\",\"contentUrl\":\"https:\\\/\\\/www.markt-kom.com\\\/wp-content\\\/uploads\\\/2025\\\/05\\\/Daniel-Howe.jpg\"},{\"@type\":\"BreadcrumbList\",\"@id\":\"https:\\\/\\\/www.organisator.ch\\\/marketing\\\/2025-05-21\\\/daniel-howe-wird-leiter-kommunikation-und-marketing-bei-netrics\\\/#breadcrumb\",\"itemListElement\":[{\"@type\":\"ListItem\",\"position\":1,\"name\":\"Home\",\"item\":\"https:\\\/\\\/www.organisator.ch\\\/\"},{\"@type\":\"ListItem\",\"position\":2,\"name\":\"Daniel Howe wird Leiter Kommunikation und Marketing bei Netrics\"}]},{\"@type\":\"WebSite\",\"@id\":\"https:\\\/\\\/www.organisator.ch\\\/#website\",\"url\":\"https:\\\/\\\/www.organisator.ch\\\/\",\"name\":\"Organisator\",\"description\":\"Kompetent. Praxisnah. Der ORGANISATOR bereitet in 10 Ausgaben pro Jahr die wesentlichen Themen f\u00fcr F\u00fchrungskr\u00e4fte von KMU auf.\",\"publisher\":{\"@id\":\"https:\\\/\\\/www.organisator.ch\\\/#organization\"},\"potentialAction\":[{\"@type\":\"SearchAction\",\"target\":{\"@type\":\"EntryPoint\",\"urlTemplate\":\"https:\\\/\\\/www.organisator.ch\\\/?s={search_term_string}\"},\"query-input\":{\"@type\":\"PropertyValueSpecification\",\"valueRequired\":true,\"valueName\":\"search_term_string\"}}],\"inLanguage\":\"it-IT\"},{\"@type\":\"Organization\",\"@id\":\"https:\\\/\\\/www.organisator.ch\\\/#organization\",\"name\":\"Organisator\",\"url\":\"https:\\\/\\\/www.organisator.ch\\\/\",\"logo\":{\"@type\":\"ImageObject\",\"inLanguage\":\"it-IT\",\"@id\":\"https:\\\/\\\/www.organisator.ch\\\/#\\\/schema\\\/logo\\\/image\\\/\",\"url\":\"https:\\\/\\\/www.organisator.ch\\\/wp-content\\\/uploads\\\/2022\\\/01\\\/Logo_Organisator_Website.png\",\"contentUrl\":\"https:\\\/\\\/www.organisator.ch\\\/wp-content\\\/uploads\\\/2022\\\/01\\\/Logo_Organisator_Website.png\",\"width\":800,\"height\":77,\"caption\":\"Organisator\"},\"image\":{\"@id\":\"https:\\\/\\\/www.organisator.ch\\\/#\\\/schema\\\/logo\\\/image\\\/\"},\"sameAs\":[\"https:\\\/\\\/www.facebook.com\\\/OrganisatorFachmagazin\",\"https:\\\/\\\/www.linkedin.com\\\/showcase\\\/organisator-das-magazin-fr-kmu\",\"https:\\\/\\\/www.xing.com\\\/news\\\/pages\\\/organisator-ch-695\",\"https:\\\/\\\/www.youtube.com\\\/channel\\\/UCGP2Sq0iWaZwT3BdIAQFYpw\"]},{\"@type\":\"Person\",\"@id\":\"https:\\\/\\\/www.organisator.ch\\\/#\\\/schema\\\/person\\\/4e51799071cd2dd1232ac003643ef5f0\",\"name\":\"galledia\",\"image\":{\"@type\":\"ImageObject\",\"inLanguage\":\"it-IT\",\"@id\":\"https:\\\/\\\/secure.gravatar.com\\\/avatar\\\/78a7f90c01fc2bfc875782a0d4922b37cde2cf184ce347b91316d23cd7f69a36?s=96&d=mm&r=g\",\"url\":\"https:\\\/\\\/secure.gravatar.com\\\/avatar\\\/78a7f90c01fc2bfc875782a0d4922b37cde2cf184ce347b91316d23cd7f69a36?s=96&d=mm&r=g\",\"contentUrl\":\"https:\\\/\\\/secure.gravatar.com\\\/avatar\\\/78a7f90c01fc2bfc875782a0d4922b37cde2cf184ce347b91316d23cd7f69a36?s=96&d=mm&r=g\",\"caption\":\"galledia\"},\"sameAs\":[\"https:\\\/\\\/x.com\\\/admin\"],\"url\":\"https:\\\/\\\/www.organisator.ch\\\/it\\\/author\\\/galledia\\\/\"}]}<\/script>\n<!-- \/ Yoast SEO plugin. -->","yoast_head_json":{"title":"Daniel Howe diventa responsabile delle comunicazioni e del marketing di Netrics - Organizzatore","description":"Il fornitore di tecnologia Netrics ha assunto l'esperto di marchi Daniel Howe come nuovo responsabile delle comunicazioni e del marketing.","robots":{"index":"index","follow":"follow","max-snippet":"max-snippet:-1","max-image-preview":"max-image-preview:large","max-video-preview":"max-video-preview:-1"},"canonical":"https:\/\/www.organisator.ch\/it\/marketing\/2025-05-21\/daniel-howe-wird-leiter-kommunikation-und-marketing-bei-netrics\/","og_locale":"it_IT","og_type":"article","og_title":"Daniel Howe wird Leiter Kommunikation und Marketing bei Netrics - Organisator","og_description":"Der Technologieanbieter Netrics holt den Markenexperten Daniel Howe als neuen Leiter Kommunikation und Marketing an Bord.","og_url":"https:\/\/www.organisator.ch\/it\/marketing\/2025-05-21\/daniel-howe-wird-leiter-kommunikation-und-marketing-bei-netrics\/","og_site_name":"Organisator","article_publisher":"https:\/\/www.facebook.com\/OrganisatorFachmagazin","article_published_time":"2025-05-21T06:55:06+00:00","author":"galledia","twitter_card":"summary_large_image","twitter_creator":"@admin","schema":{"@context":"https:\/\/schema.org","@graph":[{"@type":"Article","@id":"https:\/\/www.organisator.ch\/marketing\/2025-05-21\/daniel-howe-wird-leiter-kommunikation-und-marketing-bei-netrics\/#article","isPartOf":{"@id":"https:\/\/www.organisator.ch\/marketing\/2025-05-21\/daniel-howe-wird-leiter-kommunikation-und-marketing-bei-netrics\/"},"author":{"name":"galledia","@id":"https:\/\/www.organisator.ch\/#\/schema\/person\/4e51799071cd2dd1232ac003643ef5f0"},"headline":"Daniel Howe wird Leiter Kommunikation und Marketing bei Netrics","datePublished":"2025-05-21T06:55:06+00:00","mainEntityOfPage":{"@id":"https:\/\/www.organisator.ch\/marketing\/2025-05-21\/daniel-howe-wird-leiter-kommunikation-und-marketing-bei-netrics\/"},"wordCount":222,"publisher":{"@id":"https:\/\/www.organisator.ch\/#organization"},"image":{"@id":"https:\/\/www.organisator.ch\/marketing\/2025-05-21\/daniel-howe-wird-leiter-kommunikation-und-marketing-bei-netrics\/#primaryimage"},"thumbnailUrl":"https:\/\/www.markt-kom.com\/wp-content\/uploads\/2025\/05\/Daniel-Howe.jpg","keywords":["Business","Jobchange","Netrics","Personalia","Unternehmen"],"articleSection":["MARKETING"],"inLanguage":"it-IT"},{"@type":"WebPage","@id":"https:\/\/www.organisator.ch\/marketing\/2025-05-21\/daniel-howe-wird-leiter-kommunikation-und-marketing-bei-netrics\/","url":"https:\/\/www.organisator.ch\/marketing\/2025-05-21\/daniel-howe-wird-leiter-kommunikation-und-marketing-bei-netrics\/","name":"Daniel Howe diventa responsabile delle comunicazioni e del marketing di Netrics - Organizzatore","isPartOf":{"@id":"https:\/\/www.organisator.ch\/#website"},"primaryImageOfPage":{"@id":"https:\/\/www.organisator.ch\/marketing\/2025-05-21\/daniel-howe-wird-leiter-kommunikation-und-marketing-bei-netrics\/#primaryimage"},"image":{"@id":"https:\/\/www.organisator.ch\/marketing\/2025-05-21\/daniel-howe-wird-leiter-kommunikation-und-marketing-bei-netrics\/#primaryimage"},"thumbnailUrl":"https:\/\/www.markt-kom.com\/wp-content\/uploads\/2025\/05\/Daniel-Howe.jpg","datePublished":"2025-05-21T06:55:06+00:00","description":"Il fornitore di tecnologia Netrics ha assunto l'esperto di marchi Daniel Howe come nuovo responsabile delle comunicazioni e del marketing.","breadcrumb":{"@id":"https:\/\/www.organisator.ch\/marketing\/2025-05-21\/daniel-howe-wird-leiter-kommunikation-und-marketing-bei-netrics\/#breadcrumb"},"inLanguage":"it-IT","potentialAction":[{"@type":"ReadAction","target":["https:\/\/www.organisator.ch\/marketing\/2025-05-21\/daniel-howe-wird-leiter-kommunikation-und-marketing-bei-netrics\/"]}]},{"@type":"ImageObject","inLanguage":"it-IT","@id":"https:\/\/www.organisator.ch\/marketing\/2025-05-21\/daniel-howe-wird-leiter-kommunikation-und-marketing-bei-netrics\/#primaryimage","url":"https:\/\/www.markt-kom.com\/wp-content\/uploads\/2025\/05\/Daniel-Howe.jpg","contentUrl":"https:\/\/www.markt-kom.com\/wp-content\/uploads\/2025\/05\/Daniel-Howe.jpg"},{"@type":"BreadcrumbList","@id":"https:\/\/www.organisator.ch\/marketing\/2025-05-21\/daniel-howe-wird-leiter-kommunikation-und-marketing-bei-netrics\/#breadcrumb","itemListElement":[{"@type":"ListItem","position":1,"name":"Home","item":"https:\/\/www.organisator.ch\/"},{"@type":"ListItem","position":2,"name":"Daniel Howe wird Leiter Kommunikation und Marketing bei Netrics"}]},{"@type":"WebSite","@id":"https:\/\/www.organisator.ch\/#website","url":"https:\/\/www.organisator.ch\/","name":"Organizzatore","description":"Competente. Pratico. In 10 numeri all'anno, ORGANISATOR presenta i temi essenziali per i manager delle PMI.","publisher":{"@id":"https:\/\/www.organisator.ch\/#organization"},"potentialAction":[{"@type":"SearchAction","target":{"@type":"EntryPoint","urlTemplate":"https:\/\/www.organisator.ch\/?s={search_term_string}"},"query-input":{"@type":"PropertyValueSpecification","valueRequired":true,"valueName":"search_term_string"}}],"inLanguage":"it-IT"},{"@type":"Organization","@id":"https:\/\/www.organisator.ch\/#organization","name":"Organizzatore","url":"https:\/\/www.organisator.ch\/","logo":{"@type":"ImageObject","inLanguage":"it-IT","@id":"https:\/\/www.organisator.ch\/#\/schema\/logo\/image\/","url":"https:\/\/www.organisator.ch\/wp-content\/uploads\/2022\/01\/Logo_Organisator_Website.png","contentUrl":"https:\/\/www.organisator.ch\/wp-content\/uploads\/2022\/01\/Logo_Organisator_Website.png","width":800,"height":77,"caption":"Organisator"},"image":{"@id":"https:\/\/www.organisator.ch\/#\/schema\/logo\/image\/"},"sameAs":["https:\/\/www.facebook.com\/OrganisatorFachmagazin","https:\/\/www.linkedin.com\/showcase\/organisator-das-magazin-fr-kmu","https:\/\/www.xing.com\/news\/pages\/organisator-ch-695","https:\/\/www.youtube.com\/channel\/UCGP2Sq0iWaZwT3BdIAQFYpw"]},{"@type":"Person","@id":"https:\/\/www.organisator.ch\/#\/schema\/person\/4e51799071cd2dd1232ac003643ef5f0","name":"galledia","image":{"@type":"ImageObject","inLanguage":"it-IT","@id":"https:\/\/secure.gravatar.com\/avatar\/78a7f90c01fc2bfc875782a0d4922b37cde2cf184ce347b91316d23cd7f69a36?s=96&d=mm&r=g","url":"https:\/\/secure.gravatar.com\/avatar\/78a7f90c01fc2bfc875782a0d4922b37cde2cf184ce347b91316d23cd7f69a36?s=96&d=mm&r=g","contentUrl":"https:\/\/secure.gravatar.com\/avatar\/78a7f90c01fc2bfc875782a0d4922b37cde2cf184ce347b91316d23cd7f69a36?s=96&d=mm&r=g","caption":"galledia"},"sameAs":["https:\/\/x.com\/admin"],"url":"https:\/\/www.organisator.ch\/it\/author\/galledia\/"}]}},"_links":{"self":[{"href":"https:\/\/www.organisator.ch\/it\/wp-json\/wp\/v2\/posts\/38469","targetHints":{"allow":["GET"]}}],"collection":[{"href":"https:\/\/www.organisator.ch\/it\/wp-json\/wp\/v2\/posts"}],"about":[{"href":"https:\/\/www.organisator.ch\/it\/wp-json\/wp\/v2\/types\/post"}],"author":[{"embeddable":true,"href":"https:\/\/www.organisator.ch\/it\/wp-json\/wp\/v2\/users\/8"}],"replies":[{"embeddable":true,"href":"https:\/\/www.organisator.ch\/it\/wp-json\/wp\/v2\/comments?post=38469"}],"version-history":[{"count":4,"href":"https:\/\/www.organisator.ch\/it\/wp-json\/wp\/v2\/posts\/38469\/revisions"}],"predecessor-version":[{"id":38487,"href":"https:\/\/www.organisator.ch\/it\/wp-json\/wp\/v2\/posts\/38469\/revisions\/38487"}],"wp:attachment":[{"href":"https:\/\/www.organisator.ch\/it\/wp-json\/wp\/v2\/media?parent=38469"}],"wp:term":[{"taxonomy":"category","embeddable":true,"href":"https:\/\/www.organisator.ch\/it\/wp-json\/wp\/v2\/categories?post=38469"},{"taxonomy":"post_tag","embeddable":true,"href":"https:\/\/www.organisator.ch\/it\/wp-json\/wp\/v2\/tags?post=38469"}],"curies":[{"name":"wp","href":"https:\/\/api.w.org\/{rel}","templated":true}]}}