{"id":38472,"date":"2025-05-20T14:55:32","date_gmt":"2025-05-20T12:55:32","guid":{"rendered":"https:\/\/www.organisator.ch\/?p=38472"},"modified":"2025-05-20T14:56:28","modified_gmt":"2025-05-20T12:56:28","slug":"leicht-sinkende-schweizer-unternehmenssteuern","status":"publish","type":"post","link":"https:\/\/www.organisator.ch\/it\/management\/finanzen_recht\/2025-05-20\/leicht-sinkende-schweizer-unternehmenssteuern\/","title":{"rendered":"Leggero calo delle imposte societarie in Svizzera"},"content":{"rendered":"<figure id=\"attachment_38473\" aria-describedby=\"caption-attachment-38473\" style=\"width: 680px\" class=\"wp-caption alignnone\"><img loading=\"lazy\" decoding=\"async\" class=\"size-full wp-image-38473\" src=\"https:\/\/www.organisator.ch\/wp-content\/uploads\/2025\/05\/Leicht-sinkende-Schweizer-Unternehmenssteuern_Organisator.jpg\" alt=\"\" width=\"680\" height=\"387\" srcset=\"https:\/\/www.organisator.ch\/wp-content\/uploads\/2025\/05\/Leicht-sinkende-Schweizer-Unternehmenssteuern_Organisator.jpg 680w, https:\/\/www.organisator.ch\/wp-content\/uploads\/2025\/05\/Leicht-sinkende-Schweizer-Unternehmenssteuern_Organisator-18x10.jpg 18w, https:\/\/www.organisator.ch\/wp-content\/uploads\/2025\/05\/Leicht-sinkende-Schweizer-Unternehmenssteuern_Organisator-375x213.jpg 375w, https:\/\/www.organisator.ch\/wp-content\/uploads\/2025\/05\/Leicht-sinkende-Schweizer-Unternehmenssteuern_Organisator-615x350.jpg 615w\" sizes=\"auto, (max-width: 680px) 100vw, 680px\" \/><figcaption id=\"caption-attachment-38473\" class=\"wp-caption-text\">Ecco come sono diverse le imposte sulle societ\u00e0 in Svizzera. (Grafico: KPMG)<\/figcaption><\/figure>\n<p>L'aliquota media dell'imposta sugli utili ordinari per le societ\u00e0 in Svizzera \u00e8 scesa di anno in anno dal 14,6 al 14,4%. Alcuni cantoni a bassa tassazione hanno aumentato le loro imposte in linea con l'imposta minima globale o stanno pianificando di farlo. Lo dimostra lo \"Swiss Tax Report 2025\" di KPMG, che mette a confronto le aliquote d'imposta sugli utili e sul reddito di oltre 50 Paesi e di tutti i 26 Cantoni.<\/p>\n<h3>Tassi d'imposta sugli utili: Canton Zugo in testa<\/h3>\n<p>Con un'aliquota fiscale di 11,85%, il Cantone di Zugo continua a offrire le imposte sugli utili pi\u00f9 interessanti in un confronto cantonale. I cantoni di Berna (20,54%) rimangono in fondo alla classifica, seguiti da Zurigo (19,61%) e dal Vallese (17,12%). Per l'anno 2025, il Canton Ticino ha registrato la riduzione maggiore, pari a 3,11 punti percentuali, mentre il Cantone di Basilea Campagna ha ridotto la sua aliquota d'imposta sul reddito di 2,45 punti percentuali. \"La tendenza alla riduzione delle imposte dovuta alla riforma TRAF si \u00e8 quindi conclusa. In futuro, possiamo aspettarci lievi aumenti dell'aliquota fiscale nell'ambito della tassazione minima globale\", afferma Stefan Kuhn, responsabile del dipartimento fiscale e legale di KPMG Svizzera.<\/p>\n<h3>I cantoni aumentano le aliquote fiscali per ridurre l'imposta complementare<\/h3>\n<p>Alcuni cantoni a bassa tassazione hanno gi\u00e0 adeguato le loro aliquote fiscali nell'ambito del regime fiscale supplementare introdotto e hanno avvicinato l'onere dell'imposta sugli utili all'aliquota minima di 15%, al fine di ridurre l'imposta supplementare prevista. \"Ci\u00f2 consente ai Cantoni di trattenere interamente il gettito di questo aumento d'imposta. Al contrario, un quarto dell'imposta supplementare imposta dal governo federale deve essere versato alla Confederazione\", spiega Kuhn. Il Cantone di Ginevra, ad esempio, ha aumentato l'aliquota fiscale da 14% a 14,7% e il Cantone di Sciaffusa ha introdotto un'aliquota progressiva a partire dal 2024 (con un onere di 15% per profitti pari o superiori a 15 milioni di franchi). Nell'anno in corso, il Cantone di Vaud ha seguito l'esempio con un aumento dell'aliquota da 14% a 14,7% per gli utili superiori a 10 milioni di franchi e, a partire dal 2026, il Cantone di Basilea Citt\u00e0 con un aumento dell'aliquota da 13,04% a 14,53% per gli utili superiori a 50 milioni di franchi.<br \/>\nI Cantoni dei Grigioni, Basilea Citt\u00e0, Zugo e, pi\u00f9 recentemente, Lucerna hanno gi\u00e0 avviato o adottato progetti specifici per migliorare l'attrattivit\u00e0 delle loro localit\u00e0. Altri cantoni stanno discutendo il loro approccio, ma non hanno ancora pubblicato nulla.<\/p>\n<h3>L'implementazione della tassa minima procede nonostante i disaccordi<\/h3>\n<p>Non solo la Svizzera, ma anche molti altri Paesi si sono spinti ad applicare l'imposta minima globale di 15%. Ad oggi, i relativi regolamenti sono gi\u00e0 entrati in vigore in circa 50 Paesi. Tuttavia, gli attuali sviluppi negli Stati Uniti stanno sollevando nuove incertezze che potrebbero influenzare la direzione futura e la stabilit\u00e0 di questa iniziativa fiscale globale.<\/p>\n<p>Sebbene gli Stati Uniti abbiano accettato il progetto di imposta minima globale l'8 ottobre 2021, non hanno ancora implementato le regole dell'imposta minima dell'OCSE. Al contrario, la nuova amministrazione statunitense si \u00e8 espressa esplicitamente contro l'imposta minima dell'OCSE. Attualmente Kuhn ritiene che l'imposta minima globale sia ancora sulla buona strada grazie alla sua ampia accettazione internazionale. Tuttavia, le conseguenze delle misure adottate o che si prevede verranno adottate dagli Stati Uniti sono difficilmente prevedibili: \"Se l'imposta minima viene limitata o addirittura cancellata a lungo termine, alcuni Paesi potrebbero abrogare le loro normative corrispondenti e concentrarsi nuovamente sulla concorrenza fiscale o considerare la reintroduzione o l'espansione delle imposte digitali in risposta\", afferma Kuhn.<\/p>\n<h3>La discussione sulle dogane d\u00e0 nuovo impulso alla politica industriale<\/h3>\n<p>Lo spostamento della base imponibile verso i mercati di consumo voluto dalle principali economie e l'introduzione della tassazione minima globale nei Paesi a bassa tassazione stanno spostando le priorit\u00e0 della politica di localizzazione. Poich\u00e9 l'imposta minima limita il margine di manovra delle aliquote sui profitti, i Paesi si stanno concentrando sempre pi\u00f9 su alternative come i crediti d'imposta e i sussidi. Inoltre, la discussione sui dazi statunitensi e sugli accordi commerciali bilaterali sta mostrando una nuova dinamica nel settore della politica industriale e della reindustrializzazione. \"La politica tariffaria statunitense, in particolare, probabilmente spinger\u00e0 molti Paesi a fare il punto della situazione e a introdurre misure per proteggere le loro industrie strategiche\", afferma Mathias Bopp, esperto di dogane e responsabile delle imposte indirette di KPMG Svizzera.<\/p>\n<h3>L'Irlanda rimane il pi\u00f9 importante concorrente in Europa<\/h3>\n<p>In un confronto internazionale, la Svizzera, in particolare i cantoni della Svizzera centrale, applica un'aliquota fiscale bassa alle societ\u00e0. In Europa, solo Guernsey (0,0%), Ungheria (9,0%) e Bulgaria (10,0%) offrono aliquote d'imposta sugli utili ordinari ancora pi\u00f9 basse. L'Irlanda (12,5%) ha un'imposizione fiscale simile a quella della Svizzera e rimane quindi il concorrente pi\u00f9 importante in Europa. Al di fuori dell'Europa, le Bahamas (0,0%), le Isole Cayman (0,0%) e il Bahrein (0,0%) si distinguono come giurisdizioni a bassa tassazione. Anche Hong Kong (16,5%) e Singapore (17,0%) hanno aliquote d'imposta sui profitti interessanti, che possono essere ridotte in modo sostanziale con ulteriori programmi di incentivi. Grandi economie come gli Stati Uniti (27,0%, inclusa l'imposta statale di 6%), la Cina (25,0%), l'India (30,0%) e il Brasile (34,0%) applicano aliquote fiscali significativamente pi\u00f9 elevate rispetto alla Svizzera. Tuttavia, alcuni di questi Paesi hanno anche programmi che possono portare a un onere fiscale effettivo inferiore.<\/p>\n<p><em>Fonte: <a href=\"http:\/\/www.kpmg.ch\">KPMG<\/a><\/em><\/p>","protected":false},"excerpt":{"rendered":"<p>Secondo KPMG, le aliquote dell'imposta sul reddito delle societ\u00e0 in Svizzera sono diminuite di anno in anno dal 14,6 al 14,4%. Alcuni cantoni hanno aumentato le aliquote fiscali sulla scia della tassazione minima globale, in particolare per le societ\u00e0 con profitti elevati, e hanno avviato progetti per promuovere la sede.<\/p>","protected":false},"author":4,"featured_media":38473,"comment_status":"closed","ping_status":"closed","sticky":false,"template":"","format":"standard","meta":{"_acf_changed":false,"_yoast_wpseo_focuskw":"Unternehmenssteuern","_yoast_wpseo_metadesc":"Sinkende Unternehmenssteuern: Gem\u00e4ss KPMG sind die Gewinnsteuers\u00e4tze f\u00fcr Unternehmen in der Schweiz von 14,6 auf 14,4% gesunken.","articlekey":"","footnotes":""},"categories":[24],"tags":[202,454,531],"class_list":["post-38472","post","type-post","status-publish","format-standard","has-post-thumbnail","hentry","category-finanzen_recht","tag-finanzenrecht","tag-steuern","tag-wirtschaftspolitik"],"acf":[],"yoast_head":"<!-- This site is optimized with the Yoast SEO plugin v27.4 - https:\/\/yoast.com\/product\/yoast-seo-wordpress\/ -->\n<title>Leicht sinkende Schweizer Unternehmenssteuern - Organisator<\/title>\n<meta name=\"description\" content=\"Sinkende Unternehmenssteuern: Gem\u00e4ss KPMG sind die Gewinnsteuers\u00e4tze f\u00fcr Unternehmen in der Schweiz von 14,6 auf 14,4% gesunken.\" \/>\n<meta name=\"robots\" content=\"index, follow, max-snippet:-1, max-image-preview:large, max-video-preview:-1\" \/>\n<link rel=\"canonical\" href=\"https:\/\/www.organisator.ch\/it\/gestione-2\/finanzen_recht\/2025-05-20\/leicht-sinkende-schweizer-unternehmenssteuern\/\" \/>\n<meta property=\"og:locale\" content=\"it_IT\" \/>\n<meta property=\"og:type\" content=\"article\" \/>\n<meta property=\"og:title\" content=\"Leicht sinkende Schweizer Unternehmenssteuern\" \/>\n<meta property=\"og:description\" content=\"Sinkende Unternehmenssteuern: Gem\u00e4ss KPMG sind die Gewinnsteuers\u00e4tze f\u00fcr Unternehmen in der Schweiz von 14,6 auf 14,4% gesunken.\" \/>\n<meta property=\"og:url\" content=\"https:\/\/www.organisator.ch\/it\/gestione-2\/finanzen_recht\/2025-05-20\/leicht-sinkende-schweizer-unternehmenssteuern\/\" \/>\n<meta property=\"og:site_name\" content=\"Organisator\" \/>\n<meta property=\"article:publisher\" content=\"https:\/\/www.facebook.com\/OrganisatorFachmagazin\" \/>\n<meta property=\"article:published_time\" content=\"2025-05-20T12:55:32+00:00\" \/>\n<meta property=\"article:modified_time\" content=\"2025-05-20T12:56:28+00:00\" \/>\n<meta property=\"og:image\" content=\"https:\/\/www.organisator.ch\/wp-content\/uploads\/2025\/05\/Leicht-sinkende-Schweizer-Unternehmenssteuern_Organisator.jpg\" \/>\n\t<meta property=\"og:image:width\" content=\"680\" \/>\n\t<meta property=\"og:image:height\" content=\"387\" \/>\n\t<meta property=\"og:image:type\" content=\"image\/jpeg\" \/>\n<meta name=\"author\" content=\"thomas.berner\" \/>\n<meta name=\"twitter:card\" content=\"summary_large_image\" \/>\n<meta name=\"twitter:title\" content=\"Leicht sinkende Schweizer #Unternehmenssteuern\" \/>\n<meta name=\"twitter:description\" content=\"Sinkende #Unternehmenssteuern: Gem\u00e4ss KPMG sind die #Gewinnsteuers\u00e4tze f\u00fcr Unternehmen in der Schweiz von 14,6 auf 14,4% gesunken.\" \/>\n<meta name=\"twitter:image\" content=\"https:\/\/www.organisator.ch\/wp-content\/uploads\/2025\/05\/Leicht-sinkende-Schweizer-Unternehmenssteuern_Organisator.jpg\" \/>\n<script type=\"application\/ld+json\" class=\"yoast-schema-graph\">{\"@context\":\"https:\\\/\\\/schema.org\",\"@graph\":[{\"@type\":\"Article\",\"@id\":\"https:\\\/\\\/www.organisator.ch\\\/management\\\/finanzen_recht\\\/2025-05-20\\\/leicht-sinkende-schweizer-unternehmenssteuern\\\/#article\",\"isPartOf\":{\"@id\":\"https:\\\/\\\/www.organisator.ch\\\/management\\\/finanzen_recht\\\/2025-05-20\\\/leicht-sinkende-schweizer-unternehmenssteuern\\\/\"},\"author\":{\"name\":\"thomas.berner\",\"@id\":\"https:\\\/\\\/www.organisator.ch\\\/#\\\/schema\\\/person\\\/6f650f90b2842cd4c0cc334b4e36f67e\"},\"headline\":\"Leicht sinkende Schweizer Unternehmenssteuern\",\"datePublished\":\"2025-05-20T12:55:32+00:00\",\"dateModified\":\"2025-05-20T12:56:28+00:00\",\"mainEntityOfPage\":{\"@id\":\"https:\\\/\\\/www.organisator.ch\\\/management\\\/finanzen_recht\\\/2025-05-20\\\/leicht-sinkende-schweizer-unternehmenssteuern\\\/\"},\"wordCount\":767,\"publisher\":{\"@id\":\"https:\\\/\\\/www.organisator.ch\\\/#organization\"},\"image\":{\"@id\":\"https:\\\/\\\/www.organisator.ch\\\/management\\\/finanzen_recht\\\/2025-05-20\\\/leicht-sinkende-schweizer-unternehmenssteuern\\\/#primaryimage\"},\"thumbnailUrl\":\"https:\\\/\\\/www.organisator.ch\\\/wp-content\\\/uploads\\\/2025\\\/05\\\/Leicht-sinkende-Schweizer-Unternehmenssteuern_Organisator.jpg\",\"keywords\":[\"Finanzen\\\/Recht\",\"Steuern\",\"Wirtschaftspolitik\"],\"articleSection\":[\"FINANZEN\\\/RECHT\"],\"inLanguage\":\"it-IT\"},{\"@type\":\"WebPage\",\"@id\":\"https:\\\/\\\/www.organisator.ch\\\/management\\\/finanzen_recht\\\/2025-05-20\\\/leicht-sinkende-schweizer-unternehmenssteuern\\\/\",\"url\":\"https:\\\/\\\/www.organisator.ch\\\/management\\\/finanzen_recht\\\/2025-05-20\\\/leicht-sinkende-schweizer-unternehmenssteuern\\\/\",\"name\":\"Leicht sinkende Schweizer Unternehmenssteuern - Organisator\",\"isPartOf\":{\"@id\":\"https:\\\/\\\/www.organisator.ch\\\/#website\"},\"primaryImageOfPage\":{\"@id\":\"https:\\\/\\\/www.organisator.ch\\\/management\\\/finanzen_recht\\\/2025-05-20\\\/leicht-sinkende-schweizer-unternehmenssteuern\\\/#primaryimage\"},\"image\":{\"@id\":\"https:\\\/\\\/www.organisator.ch\\\/management\\\/finanzen_recht\\\/2025-05-20\\\/leicht-sinkende-schweizer-unternehmenssteuern\\\/#primaryimage\"},\"thumbnailUrl\":\"https:\\\/\\\/www.organisator.ch\\\/wp-content\\\/uploads\\\/2025\\\/05\\\/Leicht-sinkende-Schweizer-Unternehmenssteuern_Organisator.jpg\",\"datePublished\":\"2025-05-20T12:55:32+00:00\",\"dateModified\":\"2025-05-20T12:56:28+00:00\",\"description\":\"Sinkende Unternehmenssteuern: Gem\u00e4ss KPMG sind die Gewinnsteuers\u00e4tze f\u00fcr Unternehmen in der Schweiz von 14,6 auf 14,4% gesunken.\",\"breadcrumb\":{\"@id\":\"https:\\\/\\\/www.organisator.ch\\\/management\\\/finanzen_recht\\\/2025-05-20\\\/leicht-sinkende-schweizer-unternehmenssteuern\\\/#breadcrumb\"},\"inLanguage\":\"it-IT\",\"potentialAction\":[{\"@type\":\"ReadAction\",\"target\":[\"https:\\\/\\\/www.organisator.ch\\\/management\\\/finanzen_recht\\\/2025-05-20\\\/leicht-sinkende-schweizer-unternehmenssteuern\\\/\"]}]},{\"@type\":\"ImageObject\",\"inLanguage\":\"it-IT\",\"@id\":\"https:\\\/\\\/www.organisator.ch\\\/management\\\/finanzen_recht\\\/2025-05-20\\\/leicht-sinkende-schweizer-unternehmenssteuern\\\/#primaryimage\",\"url\":\"https:\\\/\\\/www.organisator.ch\\\/wp-content\\\/uploads\\\/2025\\\/05\\\/Leicht-sinkende-Schweizer-Unternehmenssteuern_Organisator.jpg\",\"contentUrl\":\"https:\\\/\\\/www.organisator.ch\\\/wp-content\\\/uploads\\\/2025\\\/05\\\/Leicht-sinkende-Schweizer-Unternehmenssteuern_Organisator.jpg\",\"width\":680,\"height\":387,\"caption\":\"So unterschiedlich sind die Unternehmenssteuern in der Schweiz. (Grafik: KPMG)\"},{\"@type\":\"BreadcrumbList\",\"@id\":\"https:\\\/\\\/www.organisator.ch\\\/management\\\/finanzen_recht\\\/2025-05-20\\\/leicht-sinkende-schweizer-unternehmenssteuern\\\/#breadcrumb\",\"itemListElement\":[{\"@type\":\"ListItem\",\"position\":1,\"name\":\"Home\",\"item\":\"https:\\\/\\\/www.organisator.ch\\\/\"},{\"@type\":\"ListItem\",\"position\":2,\"name\":\"Leicht sinkende Schweizer Unternehmenssteuern\"}]},{\"@type\":\"WebSite\",\"@id\":\"https:\\\/\\\/www.organisator.ch\\\/#website\",\"url\":\"https:\\\/\\\/www.organisator.ch\\\/\",\"name\":\"Organisator\",\"description\":\"Kompetent. Praxisnah. Der ORGANISATOR bereitet in 10 Ausgaben pro Jahr die wesentlichen Themen f\u00fcr F\u00fchrungskr\u00e4fte von KMU auf.\",\"publisher\":{\"@id\":\"https:\\\/\\\/www.organisator.ch\\\/#organization\"},\"potentialAction\":[{\"@type\":\"SearchAction\",\"target\":{\"@type\":\"EntryPoint\",\"urlTemplate\":\"https:\\\/\\\/www.organisator.ch\\\/?s={search_term_string}\"},\"query-input\":{\"@type\":\"PropertyValueSpecification\",\"valueRequired\":true,\"valueName\":\"search_term_string\"}}],\"inLanguage\":\"it-IT\"},{\"@type\":\"Organization\",\"@id\":\"https:\\\/\\\/www.organisator.ch\\\/#organization\",\"name\":\"Organisator\",\"url\":\"https:\\\/\\\/www.organisator.ch\\\/\",\"logo\":{\"@type\":\"ImageObject\",\"inLanguage\":\"it-IT\",\"@id\":\"https:\\\/\\\/www.organisator.ch\\\/#\\\/schema\\\/logo\\\/image\\\/\",\"url\":\"https:\\\/\\\/www.organisator.ch\\\/wp-content\\\/uploads\\\/2022\\\/01\\\/Logo_Organisator_Website.png\",\"contentUrl\":\"https:\\\/\\\/www.organisator.ch\\\/wp-content\\\/uploads\\\/2022\\\/01\\\/Logo_Organisator_Website.png\",\"width\":800,\"height\":77,\"caption\":\"Organisator\"},\"image\":{\"@id\":\"https:\\\/\\\/www.organisator.ch\\\/#\\\/schema\\\/logo\\\/image\\\/\"},\"sameAs\":[\"https:\\\/\\\/www.facebook.com\\\/OrganisatorFachmagazin\",\"https:\\\/\\\/www.linkedin.com\\\/showcase\\\/organisator-das-magazin-fr-kmu\",\"https:\\\/\\\/www.xing.com\\\/news\\\/pages\\\/organisator-ch-695\",\"https:\\\/\\\/www.youtube.com\\\/channel\\\/UCGP2Sq0iWaZwT3BdIAQFYpw\"]},{\"@type\":\"Person\",\"@id\":\"https:\\\/\\\/www.organisator.ch\\\/#\\\/schema\\\/person\\\/6f650f90b2842cd4c0cc334b4e36f67e\",\"name\":\"thomas.berner\",\"image\":{\"@type\":\"ImageObject\",\"inLanguage\":\"it-IT\",\"@id\":\"https:\\\/\\\/secure.gravatar.com\\\/avatar\\\/ac5001d2a36cb6c6cd3e50789007ffca834b477b74a2144564522e944eabff61?s=96&d=mm&r=g\",\"url\":\"https:\\\/\\\/secure.gravatar.com\\\/avatar\\\/ac5001d2a36cb6c6cd3e50789007ffca834b477b74a2144564522e944eabff61?s=96&d=mm&r=g\",\"contentUrl\":\"https:\\\/\\\/secure.gravatar.com\\\/avatar\\\/ac5001d2a36cb6c6cd3e50789007ffca834b477b74a2144564522e944eabff61?s=96&d=mm&r=g\",\"caption\":\"thomas.berner\"},\"url\":\"https:\\\/\\\/www.organisator.ch\\\/it\\\/author\\\/thomas-berner\\\/\"}]}<\/script>\n<!-- \/ Yoast SEO plugin. -->","yoast_head_json":{"title":"Leggero calo delle imposte societarie in Svizzera - Organizzatore","description":"Calo delle imposte sulle societ\u00e0: secondo KPMG, le aliquote dell'imposta sul reddito delle societ\u00e0 in Svizzera sono scese dal 14,6 al 14,4%.","robots":{"index":"index","follow":"follow","max-snippet":"max-snippet:-1","max-image-preview":"max-image-preview:large","max-video-preview":"max-video-preview:-1"},"canonical":"https:\/\/www.organisator.ch\/it\/gestione-2\/finanzen_recht\/2025-05-20\/leicht-sinkende-schweizer-unternehmenssteuern\/","og_locale":"it_IT","og_type":"article","og_title":"Leicht sinkende Schweizer Unternehmenssteuern","og_description":"Sinkende Unternehmenssteuern: Gem\u00e4ss KPMG sind die Gewinnsteuers\u00e4tze f\u00fcr Unternehmen in der Schweiz von 14,6 auf 14,4% gesunken.","og_url":"https:\/\/www.organisator.ch\/it\/gestione-2\/finanzen_recht\/2025-05-20\/leicht-sinkende-schweizer-unternehmenssteuern\/","og_site_name":"Organisator","article_publisher":"https:\/\/www.facebook.com\/OrganisatorFachmagazin","article_published_time":"2025-05-20T12:55:32+00:00","article_modified_time":"2025-05-20T12:56:28+00:00","og_image":[{"width":680,"height":387,"url":"https:\/\/www.organisator.ch\/wp-content\/uploads\/2025\/05\/Leicht-sinkende-Schweizer-Unternehmenssteuern_Organisator.jpg","type":"image\/jpeg"}],"author":"thomas.berner","twitter_card":"summary_large_image","twitter_title":"Leicht sinkende Schweizer #Unternehmenssteuern","twitter_description":"Sinkende #Unternehmenssteuern: Gem\u00e4ss KPMG sind die #Gewinnsteuers\u00e4tze f\u00fcr Unternehmen in der Schweiz von 14,6 auf 14,4% gesunken.","twitter_image":"https:\/\/www.organisator.ch\/wp-content\/uploads\/2025\/05\/Leicht-sinkende-Schweizer-Unternehmenssteuern_Organisator.jpg","schema":{"@context":"https:\/\/schema.org","@graph":[{"@type":"Article","@id":"https:\/\/www.organisator.ch\/management\/finanzen_recht\/2025-05-20\/leicht-sinkende-schweizer-unternehmenssteuern\/#article","isPartOf":{"@id":"https:\/\/www.organisator.ch\/management\/finanzen_recht\/2025-05-20\/leicht-sinkende-schweizer-unternehmenssteuern\/"},"author":{"name":"thomas.berner","@id":"https:\/\/www.organisator.ch\/#\/schema\/person\/6f650f90b2842cd4c0cc334b4e36f67e"},"headline":"Leicht sinkende Schweizer Unternehmenssteuern","datePublished":"2025-05-20T12:55:32+00:00","dateModified":"2025-05-20T12:56:28+00:00","mainEntityOfPage":{"@id":"https:\/\/www.organisator.ch\/management\/finanzen_recht\/2025-05-20\/leicht-sinkende-schweizer-unternehmenssteuern\/"},"wordCount":767,"publisher":{"@id":"https:\/\/www.organisator.ch\/#organization"},"image":{"@id":"https:\/\/www.organisator.ch\/management\/finanzen_recht\/2025-05-20\/leicht-sinkende-schweizer-unternehmenssteuern\/#primaryimage"},"thumbnailUrl":"https:\/\/www.organisator.ch\/wp-content\/uploads\/2025\/05\/Leicht-sinkende-Schweizer-Unternehmenssteuern_Organisator.jpg","keywords":["Finanzen\/Recht","Steuern","Wirtschaftspolitik"],"articleSection":["FINANZEN\/RECHT"],"inLanguage":"it-IT"},{"@type":"WebPage","@id":"https:\/\/www.organisator.ch\/management\/finanzen_recht\/2025-05-20\/leicht-sinkende-schweizer-unternehmenssteuern\/","url":"https:\/\/www.organisator.ch\/management\/finanzen_recht\/2025-05-20\/leicht-sinkende-schweizer-unternehmenssteuern\/","name":"Leggero calo delle imposte societarie in Svizzera - Organizzatore","isPartOf":{"@id":"https:\/\/www.organisator.ch\/#website"},"primaryImageOfPage":{"@id":"https:\/\/www.organisator.ch\/management\/finanzen_recht\/2025-05-20\/leicht-sinkende-schweizer-unternehmenssteuern\/#primaryimage"},"image":{"@id":"https:\/\/www.organisator.ch\/management\/finanzen_recht\/2025-05-20\/leicht-sinkende-schweizer-unternehmenssteuern\/#primaryimage"},"thumbnailUrl":"https:\/\/www.organisator.ch\/wp-content\/uploads\/2025\/05\/Leicht-sinkende-Schweizer-Unternehmenssteuern_Organisator.jpg","datePublished":"2025-05-20T12:55:32+00:00","dateModified":"2025-05-20T12:56:28+00:00","description":"Calo delle imposte sulle societ\u00e0: secondo KPMG, le aliquote dell'imposta sul reddito delle societ\u00e0 in Svizzera sono scese dal 14,6 al 14,4%.","breadcrumb":{"@id":"https:\/\/www.organisator.ch\/management\/finanzen_recht\/2025-05-20\/leicht-sinkende-schweizer-unternehmenssteuern\/#breadcrumb"},"inLanguage":"it-IT","potentialAction":[{"@type":"ReadAction","target":["https:\/\/www.organisator.ch\/management\/finanzen_recht\/2025-05-20\/leicht-sinkende-schweizer-unternehmenssteuern\/"]}]},{"@type":"ImageObject","inLanguage":"it-IT","@id":"https:\/\/www.organisator.ch\/management\/finanzen_recht\/2025-05-20\/leicht-sinkende-schweizer-unternehmenssteuern\/#primaryimage","url":"https:\/\/www.organisator.ch\/wp-content\/uploads\/2025\/05\/Leicht-sinkende-Schweizer-Unternehmenssteuern_Organisator.jpg","contentUrl":"https:\/\/www.organisator.ch\/wp-content\/uploads\/2025\/05\/Leicht-sinkende-Schweizer-Unternehmenssteuern_Organisator.jpg","width":680,"height":387,"caption":"So unterschiedlich sind die Unternehmenssteuern in der Schweiz. (Grafik: KPMG)"},{"@type":"BreadcrumbList","@id":"https:\/\/www.organisator.ch\/management\/finanzen_recht\/2025-05-20\/leicht-sinkende-schweizer-unternehmenssteuern\/#breadcrumb","itemListElement":[{"@type":"ListItem","position":1,"name":"Home","item":"https:\/\/www.organisator.ch\/"},{"@type":"ListItem","position":2,"name":"Leicht sinkende Schweizer Unternehmenssteuern"}]},{"@type":"WebSite","@id":"https:\/\/www.organisator.ch\/#website","url":"https:\/\/www.organisator.ch\/","name":"Organizzatore","description":"Competente. Pratico. In 10 numeri all'anno, ORGANISATOR presenta i temi essenziali per i manager delle PMI.","publisher":{"@id":"https:\/\/www.organisator.ch\/#organization"},"potentialAction":[{"@type":"SearchAction","target":{"@type":"EntryPoint","urlTemplate":"https:\/\/www.organisator.ch\/?s={search_term_string}"},"query-input":{"@type":"PropertyValueSpecification","valueRequired":true,"valueName":"search_term_string"}}],"inLanguage":"it-IT"},{"@type":"Organization","@id":"https:\/\/www.organisator.ch\/#organization","name":"Organizzatore","url":"https:\/\/www.organisator.ch\/","logo":{"@type":"ImageObject","inLanguage":"it-IT","@id":"https:\/\/www.organisator.ch\/#\/schema\/logo\/image\/","url":"https:\/\/www.organisator.ch\/wp-content\/uploads\/2022\/01\/Logo_Organisator_Website.png","contentUrl":"https:\/\/www.organisator.ch\/wp-content\/uploads\/2022\/01\/Logo_Organisator_Website.png","width":800,"height":77,"caption":"Organisator"},"image":{"@id":"https:\/\/www.organisator.ch\/#\/schema\/logo\/image\/"},"sameAs":["https:\/\/www.facebook.com\/OrganisatorFachmagazin","https:\/\/www.linkedin.com\/showcase\/organisator-das-magazin-fr-kmu","https:\/\/www.xing.com\/news\/pages\/organisator-ch-695","https:\/\/www.youtube.com\/channel\/UCGP2Sq0iWaZwT3BdIAQFYpw"]},{"@type":"Person","@id":"https:\/\/www.organisator.ch\/#\/schema\/person\/6f650f90b2842cd4c0cc334b4e36f67e","name":"Tommaso.berner","image":{"@type":"ImageObject","inLanguage":"it-IT","@id":"https:\/\/secure.gravatar.com\/avatar\/ac5001d2a36cb6c6cd3e50789007ffca834b477b74a2144564522e944eabff61?s=96&d=mm&r=g","url":"https:\/\/secure.gravatar.com\/avatar\/ac5001d2a36cb6c6cd3e50789007ffca834b477b74a2144564522e944eabff61?s=96&d=mm&r=g","contentUrl":"https:\/\/secure.gravatar.com\/avatar\/ac5001d2a36cb6c6cd3e50789007ffca834b477b74a2144564522e944eabff61?s=96&d=mm&r=g","caption":"thomas.berner"},"url":"https:\/\/www.organisator.ch\/it\/author\/thomas-berner\/"}]}},"_links":{"self":[{"href":"https:\/\/www.organisator.ch\/it\/wp-json\/wp\/v2\/posts\/38472","targetHints":{"allow":["GET"]}}],"collection":[{"href":"https:\/\/www.organisator.ch\/it\/wp-json\/wp\/v2\/posts"}],"about":[{"href":"https:\/\/www.organisator.ch\/it\/wp-json\/wp\/v2\/types\/post"}],"author":[{"embeddable":true,"href":"https:\/\/www.organisator.ch\/it\/wp-json\/wp\/v2\/users\/4"}],"replies":[{"embeddable":true,"href":"https:\/\/www.organisator.ch\/it\/wp-json\/wp\/v2\/comments?post=38472"}],"version-history":[{"count":3,"href":"https:\/\/www.organisator.ch\/it\/wp-json\/wp\/v2\/posts\/38472\/revisions"}],"predecessor-version":[{"id":38490,"href":"https:\/\/www.organisator.ch\/it\/wp-json\/wp\/v2\/posts\/38472\/revisions\/38490"}],"wp:featuredmedia":[{"embeddable":true,"href":"https:\/\/www.organisator.ch\/it\/wp-json\/wp\/v2\/media\/38473"}],"wp:attachment":[{"href":"https:\/\/www.organisator.ch\/it\/wp-json\/wp\/v2\/media?parent=38472"}],"wp:term":[{"taxonomy":"category","embeddable":true,"href":"https:\/\/www.organisator.ch\/it\/wp-json\/wp\/v2\/categories?post=38472"},{"taxonomy":"post_tag","embeddable":true,"href":"https:\/\/www.organisator.ch\/it\/wp-json\/wp\/v2\/tags?post=38472"}],"curies":[{"name":"wp","href":"https:\/\/api.w.org\/{rel}","templated":true}]}}