{"id":38480,"date":"2025-05-21T08:26:14","date_gmt":"2025-05-21T06:26:14","guid":{"rendered":"https:\/\/www.organisator.ch\/?p=38480"},"modified":"2025-05-21T08:26:14","modified_gmt":"2025-05-21T06:26:14","slug":"centre-patronal-erwirbt-trianon-von-der-mobiliar","status":"publish","type":"post","link":"https:\/\/www.organisator.ch\/it\/management\/2025-05-21\/centre-patronal-erwirbt-trianon-von-der-mobiliar\/","title":{"rendered":"Il Centre Patronal acquisisce Trianon da Mobiliar"},"content":{"rendered":"<figure id=\"attachment_38481\" aria-describedby=\"caption-attachment-38481\" style=\"width: 680px\" class=\"wp-caption alignnone\"><img loading=\"lazy\" decoding=\"async\" class=\"size-full wp-image-38481\" src=\"https:\/\/www.organisator.ch\/wp-content\/uploads\/2025\/05\/Centre-Patronal-erwirbt-Trianon-von-der-Mobiliar_Organisator.jpg\" alt=\"\" width=\"680\" height=\"269\" srcset=\"https:\/\/www.organisator.ch\/wp-content\/uploads\/2025\/05\/Centre-Patronal-erwirbt-Trianon-von-der-Mobiliar_Organisator.jpg 680w, https:\/\/www.organisator.ch\/wp-content\/uploads\/2025\/05\/Centre-Patronal-erwirbt-Trianon-von-der-Mobiliar_Organisator-18x7.jpg 18w, https:\/\/www.organisator.ch\/wp-content\/uploads\/2025\/05\/Centre-Patronal-erwirbt-Trianon-von-der-Mobiliar_Organisator-375x148.jpg 375w\" sizes=\"auto, (max-width: 680px) 100vw, 680px\" \/><figcaption id=\"caption-attachment-38481\" class=\"wp-caption-text\">La Mobiliare si concentra sul suo core business e ha venduto Trianon AG a Centre Patronal.<\/figcaption><\/figure>\n<p>L'associazione imprenditoriale Centre Patronal acquisisce Trianon AG, societ\u00e0 del Gruppo Mobiliare dal 2016, per sviluppare ulteriormente la propria offerta e i settori di attivit\u00e0 di Trianon. L'azienda \u00e8 ora una delle societ\u00e0 leader in Svizzera nel settore dell'outsourcing dei processi aziendali. Le sue attivit\u00e0 comprendono l'amministrazione dei fondi pensione, i servizi HR e la gestione proattiva delle assenze. Il Centre Patronal rappresenta gli interessi del settore privato e fornisce servizi alle aziende da 85 anni. Con l'acquisizione di Trianon da parte di Centre Patronal, i clienti potranno beneficiare in futuro di un'ulteriore gamma di servizi.\u00a0<\/p>\n<p>L'associazione Centre Patronal \u00e8 stata fondata nel 1940 nel Cantone di Vaud e ha sede a Paudex. Attualmente impiega circa 400 persone. Il Centre Patronal \u00e8 presente nella Svizzera tedesca con una filiale a Berna dal 1973 e a Zurigo dal 2022. Christophe Reymond, amministratore delegato di Centre Patronal: \"Tra le altre cose, Centre Patronal sta sviluppando servizi nei settori della previdenza professionale e delle risorse umane. Unire le forze con Trianon \u00e8 quindi una mossa ovvia e promettente. Offre a entrambi gli attori prospettive di ulteriore sviluppo dei loro servizi e di espansione della loro base di clienti\". Thomas Bossart, responsabile delle pensioni della Mobiliare: \"Centre Patronal \u00e8 il proprietario ideale per Trianon. Condurr\u00e0 l'azienda con successo nel futuro e continuer\u00e0 la sua traiettoria di crescita\".<\/p>\n<p>Nell'ambito dell'orientamento strategico Avantage 2030, la Mobiliare si concentra sulle attivit\u00e0 che sostengono direttamente il suo core business, il settore assicurativo e previdenziale in Svizzera. L'acquisizione di Trianon da parte di Centre Patronal dovrebbe avvenire nel terzo trimestre del 2025, previa approvazione delle autorit\u00e0 competenti. I circa 220 dipendenti di Trianon a Nyon, Zurigo e Berna saranno assunti alle stesse condizioni. Le parti hanno concordato di non rivelare il prezzo di acquisto.<\/p>\n<p><em>Fonte e ulteriori informazioni: <a href=\"http:\/\/www.centrepatronal.ch\">www.centrepatronal.ch<\/a> \/ <a href=\"http:\/\/www.mobiliar.ch\">www.mobiliar.ch<\/a><\/em><\/p>","protected":false},"excerpt":{"rendered":"<p>Centre Patronal acquisisce Trianon, leader nell'outsourcing dei servizi HR e dell'amministrazione dei fondi pensione. L'obiettivo \u00e8 quello di ampliare la propria offerta per le aziende e di rafforzare la propria posizione di mercato nella Svizzera tedesca e francese.<\/p>","protected":false},"author":4,"featured_media":38481,"comment_status":"closed","ping_status":"closed","sticky":false,"template":"","format":"standard","meta":{"_acf_changed":false,"_yoast_wpseo_focuskw":"Trianon","_yoast_wpseo_metadesc":"Centre Patronal \u00fcbernimmt Trianon, f\u00fchrend im Bereich Outsourcing von HR-Services und Pensionskassenverwaltung.","articlekey":"","footnotes":""},"categories":[28],"tags":[5352,334,377,492],"class_list":["post-38480","post","type-post","status-publish","format-standard","has-post-thumbnail","hentry","category-management","tag-hr-services","tag-management","tag-pensionskassen","tag-unternehmen"],"acf":[],"yoast_head":"<!-- This site is optimized with the Yoast SEO plugin v27.5 - https:\/\/yoast.com\/product\/yoast-seo-wordpress\/ -->\n<title>Centre Patronal erwirbt Trianon von der Mobiliar - Organisator<\/title>\n<meta name=\"description\" content=\"Centre Patronal \u00fcbernimmt Trianon, f\u00fchrend im Bereich Outsourcing von HR-Services und Pensionskassenverwaltung.\" \/>\n<meta name=\"robots\" content=\"index, follow, max-snippet:-1, max-image-preview:large, max-video-preview:-1\" \/>\n<link rel=\"canonical\" href=\"https:\/\/www.organisator.ch\/it\/gestione-2\/2025-05-21\/centre-patronal-erwirbt-trianon-von-der-mobiliar\/\" \/>\n<meta property=\"og:locale\" content=\"it_IT\" \/>\n<meta property=\"og:type\" content=\"article\" \/>\n<meta property=\"og:title\" content=\"Centre Patronal erwirbt Trianon von der Mobiliar\" \/>\n<meta property=\"og:description\" content=\"Centre Patronal \u00fcbernimmt Trianon, f\u00fchrend im Bereich Outsourcing von HR-Services und Pensionskassenverwaltung.\" \/>\n<meta property=\"og:url\" content=\"https:\/\/www.organisator.ch\/it\/gestione-2\/2025-05-21\/centre-patronal-erwirbt-trianon-von-der-mobiliar\/\" \/>\n<meta property=\"og:site_name\" content=\"Organisator\" \/>\n<meta property=\"article:publisher\" content=\"https:\/\/www.facebook.com\/OrganisatorFachmagazin\" \/>\n<meta property=\"article:published_time\" content=\"2025-05-21T06:26:14+00:00\" \/>\n<meta property=\"og:image\" content=\"https:\/\/www.organisator.ch\/wp-content\/uploads\/2025\/05\/Centre-Patronal-erwirbt-Trianon-von-der-Mobiliar_Organisator.jpg\" \/>\n\t<meta property=\"og:image:width\" content=\"680\" \/>\n\t<meta property=\"og:image:height\" content=\"269\" \/>\n\t<meta property=\"og:image:type\" content=\"image\/jpeg\" \/>\n<meta name=\"author\" content=\"thomas.berner\" \/>\n<meta name=\"twitter:card\" content=\"summary_large_image\" \/>\n<meta name=\"twitter:title\" content=\"Centre Patronal erwirbt #Trianon von der #Mobiliar\" \/>\n<meta name=\"twitter:description\" content=\"Centre Patronal \u00fcbernimmt #Trianon, f\u00fchrend im Bereich Outsourcing von #HR-Services und #Pensionskassenverwaltung.\" \/>\n<meta name=\"twitter:image\" content=\"https:\/\/www.organisator.ch\/wp-content\/uploads\/2025\/05\/Centre-Patronal-erwirbt-Trianon-von-der-Mobiliar_Organisator.jpg\" \/>\n<script type=\"application\/ld+json\" class=\"yoast-schema-graph\">{\"@context\":\"https:\\\/\\\/schema.org\",\"@graph\":[{\"@type\":\"Article\",\"@id\":\"https:\\\/\\\/www.organisator.ch\\\/management\\\/2025-05-21\\\/centre-patronal-erwirbt-trianon-von-der-mobiliar\\\/#article\",\"isPartOf\":{\"@id\":\"https:\\\/\\\/www.organisator.ch\\\/management\\\/2025-05-21\\\/centre-patronal-erwirbt-trianon-von-der-mobiliar\\\/\"},\"author\":{\"name\":\"thomas.berner\",\"@id\":\"https:\\\/\\\/www.organisator.ch\\\/#\\\/schema\\\/person\\\/6f650f90b2842cd4c0cc334b4e36f67e\"},\"headline\":\"Centre Patronal erwirbt Trianon von der Mobiliar\",\"datePublished\":\"2025-05-21T06:26:14+00:00\",\"mainEntityOfPage\":{\"@id\":\"https:\\\/\\\/www.organisator.ch\\\/management\\\/2025-05-21\\\/centre-patronal-erwirbt-trianon-von-der-mobiliar\\\/\"},\"wordCount\":321,\"publisher\":{\"@id\":\"https:\\\/\\\/www.organisator.ch\\\/#organization\"},\"image\":{\"@id\":\"https:\\\/\\\/www.organisator.ch\\\/management\\\/2025-05-21\\\/centre-patronal-erwirbt-trianon-von-der-mobiliar\\\/#primaryimage\"},\"thumbnailUrl\":\"https:\\\/\\\/www.organisator.ch\\\/wp-content\\\/uploads\\\/2025\\\/05\\\/Centre-Patronal-erwirbt-Trianon-von-der-Mobiliar_Organisator.jpg\",\"keywords\":[\"HR-Services\",\"Management\",\"Pensionskassen\",\"Unternehmen\"],\"articleSection\":[\"MANAGEMENT\"],\"inLanguage\":\"it-IT\"},{\"@type\":\"WebPage\",\"@id\":\"https:\\\/\\\/www.organisator.ch\\\/management\\\/2025-05-21\\\/centre-patronal-erwirbt-trianon-von-der-mobiliar\\\/\",\"url\":\"https:\\\/\\\/www.organisator.ch\\\/management\\\/2025-05-21\\\/centre-patronal-erwirbt-trianon-von-der-mobiliar\\\/\",\"name\":\"Centre Patronal erwirbt Trianon von der Mobiliar - Organisator\",\"isPartOf\":{\"@id\":\"https:\\\/\\\/www.organisator.ch\\\/#website\"},\"primaryImageOfPage\":{\"@id\":\"https:\\\/\\\/www.organisator.ch\\\/management\\\/2025-05-21\\\/centre-patronal-erwirbt-trianon-von-der-mobiliar\\\/#primaryimage\"},\"image\":{\"@id\":\"https:\\\/\\\/www.organisator.ch\\\/management\\\/2025-05-21\\\/centre-patronal-erwirbt-trianon-von-der-mobiliar\\\/#primaryimage\"},\"thumbnailUrl\":\"https:\\\/\\\/www.organisator.ch\\\/wp-content\\\/uploads\\\/2025\\\/05\\\/Centre-Patronal-erwirbt-Trianon-von-der-Mobiliar_Organisator.jpg\",\"datePublished\":\"2025-05-21T06:26:14+00:00\",\"description\":\"Centre Patronal \u00fcbernimmt Trianon, f\u00fchrend im Bereich Outsourcing von HR-Services und Pensionskassenverwaltung.\",\"breadcrumb\":{\"@id\":\"https:\\\/\\\/www.organisator.ch\\\/management\\\/2025-05-21\\\/centre-patronal-erwirbt-trianon-von-der-mobiliar\\\/#breadcrumb\"},\"inLanguage\":\"it-IT\",\"potentialAction\":[{\"@type\":\"ReadAction\",\"target\":[\"https:\\\/\\\/www.organisator.ch\\\/management\\\/2025-05-21\\\/centre-patronal-erwirbt-trianon-von-der-mobiliar\\\/\"]}]},{\"@type\":\"ImageObject\",\"inLanguage\":\"it-IT\",\"@id\":\"https:\\\/\\\/www.organisator.ch\\\/management\\\/2025-05-21\\\/centre-patronal-erwirbt-trianon-von-der-mobiliar\\\/#primaryimage\",\"url\":\"https:\\\/\\\/www.organisator.ch\\\/wp-content\\\/uploads\\\/2025\\\/05\\\/Centre-Patronal-erwirbt-Trianon-von-der-Mobiliar_Organisator.jpg\",\"contentUrl\":\"https:\\\/\\\/www.organisator.ch\\\/wp-content\\\/uploads\\\/2025\\\/05\\\/Centre-Patronal-erwirbt-Trianon-von-der-Mobiliar_Organisator.jpg\",\"width\":680,\"height\":269,\"caption\":\"Die Mobiliar fokussiert auf ihr Kerngesch\u00e4ft und hat Trianon AG an das Centre Patronal verkauft.\"},{\"@type\":\"BreadcrumbList\",\"@id\":\"https:\\\/\\\/www.organisator.ch\\\/management\\\/2025-05-21\\\/centre-patronal-erwirbt-trianon-von-der-mobiliar\\\/#breadcrumb\",\"itemListElement\":[{\"@type\":\"ListItem\",\"position\":1,\"name\":\"Home\",\"item\":\"https:\\\/\\\/www.organisator.ch\\\/\"},{\"@type\":\"ListItem\",\"position\":2,\"name\":\"Centre Patronal erwirbt Trianon von der Mobiliar\"}]},{\"@type\":\"WebSite\",\"@id\":\"https:\\\/\\\/www.organisator.ch\\\/#website\",\"url\":\"https:\\\/\\\/www.organisator.ch\\\/\",\"name\":\"Organisator\",\"description\":\"Kompetent. Praxisnah. Der ORGANISATOR bereitet in 10 Ausgaben pro Jahr die wesentlichen Themen f\u00fcr F\u00fchrungskr\u00e4fte von KMU auf.\",\"publisher\":{\"@id\":\"https:\\\/\\\/www.organisator.ch\\\/#organization\"},\"potentialAction\":[{\"@type\":\"SearchAction\",\"target\":{\"@type\":\"EntryPoint\",\"urlTemplate\":\"https:\\\/\\\/www.organisator.ch\\\/?s={search_term_string}\"},\"query-input\":{\"@type\":\"PropertyValueSpecification\",\"valueRequired\":true,\"valueName\":\"search_term_string\"}}],\"inLanguage\":\"it-IT\"},{\"@type\":\"Organization\",\"@id\":\"https:\\\/\\\/www.organisator.ch\\\/#organization\",\"name\":\"Organisator\",\"url\":\"https:\\\/\\\/www.organisator.ch\\\/\",\"logo\":{\"@type\":\"ImageObject\",\"inLanguage\":\"it-IT\",\"@id\":\"https:\\\/\\\/www.organisator.ch\\\/#\\\/schema\\\/logo\\\/image\\\/\",\"url\":\"https:\\\/\\\/www.organisator.ch\\\/wp-content\\\/uploads\\\/2022\\\/01\\\/Logo_Organisator_Website.png\",\"contentUrl\":\"https:\\\/\\\/www.organisator.ch\\\/wp-content\\\/uploads\\\/2022\\\/01\\\/Logo_Organisator_Website.png\",\"width\":800,\"height\":77,\"caption\":\"Organisator\"},\"image\":{\"@id\":\"https:\\\/\\\/www.organisator.ch\\\/#\\\/schema\\\/logo\\\/image\\\/\"},\"sameAs\":[\"https:\\\/\\\/www.facebook.com\\\/OrganisatorFachmagazin\",\"https:\\\/\\\/www.linkedin.com\\\/showcase\\\/organisator-das-magazin-fr-kmu\",\"https:\\\/\\\/www.xing.com\\\/news\\\/pages\\\/organisator-ch-695\",\"https:\\\/\\\/www.youtube.com\\\/channel\\\/UCGP2Sq0iWaZwT3BdIAQFYpw\"]},{\"@type\":\"Person\",\"@id\":\"https:\\\/\\\/www.organisator.ch\\\/#\\\/schema\\\/person\\\/6f650f90b2842cd4c0cc334b4e36f67e\",\"name\":\"thomas.berner\",\"image\":{\"@type\":\"ImageObject\",\"inLanguage\":\"it-IT\",\"@id\":\"https:\\\/\\\/secure.gravatar.com\\\/avatar\\\/ac5001d2a36cb6c6cd3e50789007ffca834b477b74a2144564522e944eabff61?s=96&d=mm&r=g\",\"url\":\"https:\\\/\\\/secure.gravatar.com\\\/avatar\\\/ac5001d2a36cb6c6cd3e50789007ffca834b477b74a2144564522e944eabff61?s=96&d=mm&r=g\",\"contentUrl\":\"https:\\\/\\\/secure.gravatar.com\\\/avatar\\\/ac5001d2a36cb6c6cd3e50789007ffca834b477b74a2144564522e944eabff61?s=96&d=mm&r=g\",\"caption\":\"thomas.berner\"},\"url\":\"https:\\\/\\\/www.organisator.ch\\\/it\\\/author\\\/thomas-berner\\\/\"}]}<\/script>\n<!-- \/ Yoast SEO plugin. -->","yoast_head_json":{"title":"Il Centre Patronal acquisisce Trianon da Mobiliar - Organizzatore","description":"Centre Patronal acquisisce Trianon, leader nell'outsourcing dei servizi HR e dell'amministrazione dei fondi pensione.","robots":{"index":"index","follow":"follow","max-snippet":"max-snippet:-1","max-image-preview":"max-image-preview:large","max-video-preview":"max-video-preview:-1"},"canonical":"https:\/\/www.organisator.ch\/it\/gestione-2\/2025-05-21\/centre-patronal-erwirbt-trianon-von-der-mobiliar\/","og_locale":"it_IT","og_type":"article","og_title":"Centre Patronal erwirbt Trianon von der Mobiliar","og_description":"Centre Patronal \u00fcbernimmt Trianon, f\u00fchrend im Bereich Outsourcing von HR-Services und Pensionskassenverwaltung.","og_url":"https:\/\/www.organisator.ch\/it\/gestione-2\/2025-05-21\/centre-patronal-erwirbt-trianon-von-der-mobiliar\/","og_site_name":"Organisator","article_publisher":"https:\/\/www.facebook.com\/OrganisatorFachmagazin","article_published_time":"2025-05-21T06:26:14+00:00","og_image":[{"width":680,"height":269,"url":"https:\/\/www.organisator.ch\/wp-content\/uploads\/2025\/05\/Centre-Patronal-erwirbt-Trianon-von-der-Mobiliar_Organisator.jpg","type":"image\/jpeg"}],"author":"thomas.berner","twitter_card":"summary_large_image","twitter_title":"Centre Patronal erwirbt #Trianon von der #Mobiliar","twitter_description":"Centre Patronal \u00fcbernimmt #Trianon, f\u00fchrend im Bereich Outsourcing von #HR-Services und #Pensionskassenverwaltung.","twitter_image":"https:\/\/www.organisator.ch\/wp-content\/uploads\/2025\/05\/Centre-Patronal-erwirbt-Trianon-von-der-Mobiliar_Organisator.jpg","schema":{"@context":"https:\/\/schema.org","@graph":[{"@type":"Article","@id":"https:\/\/www.organisator.ch\/management\/2025-05-21\/centre-patronal-erwirbt-trianon-von-der-mobiliar\/#article","isPartOf":{"@id":"https:\/\/www.organisator.ch\/management\/2025-05-21\/centre-patronal-erwirbt-trianon-von-der-mobiliar\/"},"author":{"name":"thomas.berner","@id":"https:\/\/www.organisator.ch\/#\/schema\/person\/6f650f90b2842cd4c0cc334b4e36f67e"},"headline":"Centre Patronal erwirbt Trianon von der Mobiliar","datePublished":"2025-05-21T06:26:14+00:00","mainEntityOfPage":{"@id":"https:\/\/www.organisator.ch\/management\/2025-05-21\/centre-patronal-erwirbt-trianon-von-der-mobiliar\/"},"wordCount":321,"publisher":{"@id":"https:\/\/www.organisator.ch\/#organization"},"image":{"@id":"https:\/\/www.organisator.ch\/management\/2025-05-21\/centre-patronal-erwirbt-trianon-von-der-mobiliar\/#primaryimage"},"thumbnailUrl":"https:\/\/www.organisator.ch\/wp-content\/uploads\/2025\/05\/Centre-Patronal-erwirbt-Trianon-von-der-Mobiliar_Organisator.jpg","keywords":["HR-Services","Management","Pensionskassen","Unternehmen"],"articleSection":["MANAGEMENT"],"inLanguage":"it-IT"},{"@type":"WebPage","@id":"https:\/\/www.organisator.ch\/management\/2025-05-21\/centre-patronal-erwirbt-trianon-von-der-mobiliar\/","url":"https:\/\/www.organisator.ch\/management\/2025-05-21\/centre-patronal-erwirbt-trianon-von-der-mobiliar\/","name":"Il Centre Patronal acquisisce Trianon da Mobiliar - Organizzatore","isPartOf":{"@id":"https:\/\/www.organisator.ch\/#website"},"primaryImageOfPage":{"@id":"https:\/\/www.organisator.ch\/management\/2025-05-21\/centre-patronal-erwirbt-trianon-von-der-mobiliar\/#primaryimage"},"image":{"@id":"https:\/\/www.organisator.ch\/management\/2025-05-21\/centre-patronal-erwirbt-trianon-von-der-mobiliar\/#primaryimage"},"thumbnailUrl":"https:\/\/www.organisator.ch\/wp-content\/uploads\/2025\/05\/Centre-Patronal-erwirbt-Trianon-von-der-Mobiliar_Organisator.jpg","datePublished":"2025-05-21T06:26:14+00:00","description":"Centre Patronal acquisisce Trianon, leader nell'outsourcing dei servizi HR e dell'amministrazione dei fondi pensione.","breadcrumb":{"@id":"https:\/\/www.organisator.ch\/management\/2025-05-21\/centre-patronal-erwirbt-trianon-von-der-mobiliar\/#breadcrumb"},"inLanguage":"it-IT","potentialAction":[{"@type":"ReadAction","target":["https:\/\/www.organisator.ch\/management\/2025-05-21\/centre-patronal-erwirbt-trianon-von-der-mobiliar\/"]}]},{"@type":"ImageObject","inLanguage":"it-IT","@id":"https:\/\/www.organisator.ch\/management\/2025-05-21\/centre-patronal-erwirbt-trianon-von-der-mobiliar\/#primaryimage","url":"https:\/\/www.organisator.ch\/wp-content\/uploads\/2025\/05\/Centre-Patronal-erwirbt-Trianon-von-der-Mobiliar_Organisator.jpg","contentUrl":"https:\/\/www.organisator.ch\/wp-content\/uploads\/2025\/05\/Centre-Patronal-erwirbt-Trianon-von-der-Mobiliar_Organisator.jpg","width":680,"height":269,"caption":"Die Mobiliar fokussiert auf ihr Kerngesch\u00e4ft und hat Trianon AG an das Centre Patronal verkauft."},{"@type":"BreadcrumbList","@id":"https:\/\/www.organisator.ch\/management\/2025-05-21\/centre-patronal-erwirbt-trianon-von-der-mobiliar\/#breadcrumb","itemListElement":[{"@type":"ListItem","position":1,"name":"Home","item":"https:\/\/www.organisator.ch\/"},{"@type":"ListItem","position":2,"name":"Centre Patronal erwirbt Trianon von der Mobiliar"}]},{"@type":"WebSite","@id":"https:\/\/www.organisator.ch\/#website","url":"https:\/\/www.organisator.ch\/","name":"Organizzatore","description":"Competente. Pratico. In 10 numeri all'anno, ORGANISATOR presenta i temi essenziali per i manager delle PMI.","publisher":{"@id":"https:\/\/www.organisator.ch\/#organization"},"potentialAction":[{"@type":"SearchAction","target":{"@type":"EntryPoint","urlTemplate":"https:\/\/www.organisator.ch\/?s={search_term_string}"},"query-input":{"@type":"PropertyValueSpecification","valueRequired":true,"valueName":"search_term_string"}}],"inLanguage":"it-IT"},{"@type":"Organization","@id":"https:\/\/www.organisator.ch\/#organization","name":"Organizzatore","url":"https:\/\/www.organisator.ch\/","logo":{"@type":"ImageObject","inLanguage":"it-IT","@id":"https:\/\/www.organisator.ch\/#\/schema\/logo\/image\/","url":"https:\/\/www.organisator.ch\/wp-content\/uploads\/2022\/01\/Logo_Organisator_Website.png","contentUrl":"https:\/\/www.organisator.ch\/wp-content\/uploads\/2022\/01\/Logo_Organisator_Website.png","width":800,"height":77,"caption":"Organisator"},"image":{"@id":"https:\/\/www.organisator.ch\/#\/schema\/logo\/image\/"},"sameAs":["https:\/\/www.facebook.com\/OrganisatorFachmagazin","https:\/\/www.linkedin.com\/showcase\/organisator-das-magazin-fr-kmu","https:\/\/www.xing.com\/news\/pages\/organisator-ch-695","https:\/\/www.youtube.com\/channel\/UCGP2Sq0iWaZwT3BdIAQFYpw"]},{"@type":"Person","@id":"https:\/\/www.organisator.ch\/#\/schema\/person\/6f650f90b2842cd4c0cc334b4e36f67e","name":"Tommaso.berner","image":{"@type":"ImageObject","inLanguage":"it-IT","@id":"https:\/\/secure.gravatar.com\/avatar\/ac5001d2a36cb6c6cd3e50789007ffca834b477b74a2144564522e944eabff61?s=96&d=mm&r=g","url":"https:\/\/secure.gravatar.com\/avatar\/ac5001d2a36cb6c6cd3e50789007ffca834b477b74a2144564522e944eabff61?s=96&d=mm&r=g","contentUrl":"https:\/\/secure.gravatar.com\/avatar\/ac5001d2a36cb6c6cd3e50789007ffca834b477b74a2144564522e944eabff61?s=96&d=mm&r=g","caption":"thomas.berner"},"url":"https:\/\/www.organisator.ch\/it\/author\/thomas-berner\/"}]}},"_links":{"self":[{"href":"https:\/\/www.organisator.ch\/it\/wp-json\/wp\/v2\/posts\/38480","targetHints":{"allow":["GET"]}}],"collection":[{"href":"https:\/\/www.organisator.ch\/it\/wp-json\/wp\/v2\/posts"}],"about":[{"href":"https:\/\/www.organisator.ch\/it\/wp-json\/wp\/v2\/types\/post"}],"author":[{"embeddable":true,"href":"https:\/\/www.organisator.ch\/it\/wp-json\/wp\/v2\/users\/4"}],"replies":[{"embeddable":true,"href":"https:\/\/www.organisator.ch\/it\/wp-json\/wp\/v2\/comments?post=38480"}],"version-history":[{"count":3,"href":"https:\/\/www.organisator.ch\/it\/wp-json\/wp\/v2\/posts\/38480\/revisions"}],"predecessor-version":[{"id":38514,"href":"https:\/\/www.organisator.ch\/it\/wp-json\/wp\/v2\/posts\/38480\/revisions\/38514"}],"wp:featuredmedia":[{"embeddable":true,"href":"https:\/\/www.organisator.ch\/it\/wp-json\/wp\/v2\/media\/38481"}],"wp:attachment":[{"href":"https:\/\/www.organisator.ch\/it\/wp-json\/wp\/v2\/media?parent=38480"}],"wp:term":[{"taxonomy":"category","embeddable":true,"href":"https:\/\/www.organisator.ch\/it\/wp-json\/wp\/v2\/categories?post=38480"},{"taxonomy":"post_tag","embeddable":true,"href":"https:\/\/www.organisator.ch\/it\/wp-json\/wp\/v2\/tags?post=38480"}],"curies":[{"name":"wp","href":"https:\/\/api.w.org\/{rel}","templated":true}]}}