{"id":3850,"date":"2021-02-17T16:41:16","date_gmt":"2021-02-17T15:41:16","guid":{"rendered":"https:\/\/www.umweltperspektiven.ch\/?p=3850"},"modified":"2022-02-09T11:06:10","modified_gmt":"2022-02-09T10:06:10","slug":"herausforderung-nachhaltiges-bauen","status":"publish","type":"post","link":"https:\/\/www.organisator.ch\/it\/sustainability\/2021-02-17\/herausforderung-nachhaltiges-bauen\/","title":{"rendered":"La sfida dell'edilizia sostenibile"},"content":{"rendered":"<figure id=\"attachment_3851\" aria-describedby=\"caption-attachment-3851\" style=\"width: 680px\" class=\"wp-caption aligncenter\"><img loading=\"lazy\" decoding=\"async\" class=\"size-medium wp-image-3851\" src=\"\/\/www.umweltperspektiven.ch\/wp-content\/uploads\/2021\/02\/Depositphotos_44066945_s-2019.jpg\" alt=\"\" width=\"680\" height=\"454\" srcset=\"https:\/\/www.organisator.ch\/wp-content\/uploads\/2021\/02\/Depositphotos_44066945_s-2019.jpg 999w, https:\/\/www.organisator.ch\/wp-content\/uploads\/2021\/02\/Depositphotos_44066945_s-2019-680x454.jpg 680w, https:\/\/www.organisator.ch\/wp-content\/uploads\/2021\/02\/Depositphotos_44066945_s-2019-768x513.jpg 768w, https:\/\/www.organisator.ch\/wp-content\/uploads\/2021\/02\/Depositphotos_44066945_s-2019-18x12.jpg 18w, https:\/\/www.organisator.ch\/wp-content\/uploads\/2021\/02\/Depositphotos_44066945_s-2019-262x175.jpg 262w, https:\/\/www.organisator.ch\/wp-content\/uploads\/2021\/02\/Depositphotos_44066945_s-2019-524x350.jpg 524w, https:\/\/www.organisator.ch\/wp-content\/uploads\/2021\/02\/Depositphotos_44066945_s-2019-920x614.jpg 920w, https:\/\/www.organisator.ch\/wp-content\/uploads\/2021\/02\/Depositphotos_44066945_s-2019-300x200.jpg 300w\" sizes=\"auto, (max-width: 680px) 100vw, 680px\" \/><figcaption id=\"caption-attachment-3851\" class=\"wp-caption-text\">\u00a9 Depositphotos, gyuszko<\/figcaption><\/figure>\n<p>L'edificio a impatto climatico zero \u00e8 una sfida per l'industria edilizia e immobiliare. L'argomento sar\u00e0 discusso alla Conferenza sull'edilizia sostenibile il 25 marzo 2021. Tra gli altri esperti, i rappresentanti della citt\u00e0 di Zurigo, che si \u00e8 posta l'obiettivo di raggiungere lo zero netto gi\u00e0 nel 2030, o Eike Roswag dello ZRS Architekten di Berlino diranno la loro: mostrer\u00e0 come appare l'architettura post-fossile.<\/p>\n<p>Cosa significa net zero per la materializzazione e il patrimonio edilizio esistente? E dove sono gli incentivi economici che parlano per una svolta edilizia e climatica? L'evento del mattino si concentrer\u00e0 su queste domande. In sei sessioni parallele nel pomeriggio, i singoli argomenti saranno approfonditi.<\/p>\n<p>Le seguenti istituzioni si sono unite in un consorzio per organizzare la conferenza: BFH, CRB, eco-building, FHNW, ETH, Minergie, NNBS e SIA.<\/p>\n<p><a href=\"\/\/www.ftnb.ch\"><em>Maggiori informazioni qui<\/em><\/a><\/p>\n<p>&nbsp;<\/p>","protected":false},"excerpt":{"rendered":"<p>Das klimaneutrale Bauen ist f\u00fcr die Bau- und Immobilienwirtschaft eine Herausforderung. Das Thema wird am 25. M\u00e4rz 2021 an der Fachtagung nachhaltiges Bauen er\u00f6rtert. Zu Wort kommen neben anderen Experten: Vertreter der Stadt Z\u00fcrich, die sich zum Ziel gesetzt hat, bereits im Jahr 2030 Netto-Null zu erreichen, oder Eike Roswag von ZRS Architekten Berlin: Er [&hellip;]<\/p>\n","protected":false},"author":6,"featured_media":3851,"comment_status":"closed","ping_status":"closed","sticky":false,"template":"","format":"standard","meta":{"_acf_changed":false,"_yoast_wpseo_focuskw":"Nachhaltiges Bauen","_yoast_wpseo_metadesc":"Das Thema nachhaltiges Bauen wird am 25. M\u00e4rz 2021 an einer Fachtagung er\u00f6rtert.","articlekey":"","footnotes":""},"categories":[580],"tags":[1777,502],"class_list":["post-3850","post","type-post","status-publish","format-standard","has-post-thumbnail","hentry","category-sustainability","tag-nachhaltiges-bauen","tag-veranstaltungen"],"acf":[],"yoast_head":"<!-- This site is optimized with the Yoast SEO plugin v27.4 - https:\/\/yoast.com\/product\/yoast-seo-wordpress\/ -->\n<title>Herausforderung nachhaltiges Bauen - Organisator<\/title>\n<meta name=\"description\" content=\"Das Thema nachhaltiges Bauen wird am 25. M\u00e4rz 2021 an einer Fachtagung er\u00f6rtert.\" \/>\n<meta name=\"robots\" content=\"index, follow, max-snippet:-1, max-image-preview:large, max-video-preview:-1\" \/>\n<link rel=\"canonical\" href=\"https:\/\/www.organisator.ch\/it\/sostenibilita\/2021-02-17\/herausforderung-nachhaltiges-bauen\/\" \/>\n<meta property=\"og:locale\" content=\"it_IT\" \/>\n<meta property=\"og:type\" content=\"article\" \/>\n<meta property=\"og:title\" content=\"Herausforderung nachhaltiges Bauen - Organisator\" \/>\n<meta property=\"og:description\" content=\"Das Thema nachhaltiges Bauen wird am 25. M\u00e4rz 2021 an einer Fachtagung er\u00f6rtert.\" \/>\n<meta property=\"og:url\" content=\"https:\/\/www.organisator.ch\/it\/sostenibilita\/2021-02-17\/herausforderung-nachhaltiges-bauen\/\" \/>\n<meta property=\"og:site_name\" content=\"Organisator\" \/>\n<meta property=\"article:publisher\" content=\"https:\/\/www.facebook.com\/OrganisatorFachmagazin\" \/>\n<meta property=\"article:published_time\" content=\"2021-02-17T15:41:16+00:00\" \/>\n<meta property=\"article:modified_time\" content=\"2022-02-09T10:06:10+00:00\" \/>\n<meta property=\"og:image\" content=\"https:\/\/www.organisator.ch\/wp-content\/uploads\/2021\/02\/Depositphotos_44066945_s-2019.jpg\" \/>\n\t<meta property=\"og:image:width\" content=\"999\" \/>\n\t<meta property=\"og:image:height\" content=\"667\" \/>\n\t<meta property=\"og:image:type\" content=\"image\/jpeg\" \/>\n<meta name=\"author\" content=\"roger.straessle\" \/>\n<meta name=\"twitter:card\" content=\"summary_large_image\" \/>\n<script type=\"application\/ld+json\" class=\"yoast-schema-graph\">{\"@context\":\"https:\\\/\\\/schema.org\",\"@graph\":[{\"@type\":\"Article\",\"@id\":\"https:\\\/\\\/www.organisator.ch\\\/sustainability\\\/2021-02-17\\\/herausforderung-nachhaltiges-bauen\\\/#article\",\"isPartOf\":{\"@id\":\"https:\\\/\\\/www.organisator.ch\\\/sustainability\\\/2021-02-17\\\/herausforderung-nachhaltiges-bauen\\\/\"},\"author\":{\"name\":\"roger.straessle\",\"@id\":\"https:\\\/\\\/www.organisator.ch\\\/#\\\/schema\\\/person\\\/a800b8c54e208b160517a7dcc323161d\"},\"headline\":\"Herausforderung nachhaltiges Bauen\",\"datePublished\":\"2021-02-17T15:41:16+00:00\",\"dateModified\":\"2022-02-09T10:06:10+00:00\",\"mainEntityOfPage\":{\"@id\":\"https:\\\/\\\/www.organisator.ch\\\/sustainability\\\/2021-02-17\\\/herausforderung-nachhaltiges-bauen\\\/\"},\"wordCount\":144,\"publisher\":{\"@id\":\"https:\\\/\\\/www.organisator.ch\\\/#organization\"},\"image\":{\"@id\":\"https:\\\/\\\/www.organisator.ch\\\/sustainability\\\/2021-02-17\\\/herausforderung-nachhaltiges-bauen\\\/#primaryimage\"},\"thumbnailUrl\":\"https:\\\/\\\/www.organisator.ch\\\/wp-content\\\/uploads\\\/2021\\\/02\\\/Depositphotos_44066945_s-2019.jpg\",\"keywords\":[\"nachhaltiges Bauen\",\"Veranstaltungen\"],\"articleSection\":[\"SUSTAINABILITY\"],\"inLanguage\":\"it-IT\"},{\"@type\":\"WebPage\",\"@id\":\"https:\\\/\\\/www.organisator.ch\\\/sustainability\\\/2021-02-17\\\/herausforderung-nachhaltiges-bauen\\\/\",\"url\":\"https:\\\/\\\/www.organisator.ch\\\/sustainability\\\/2021-02-17\\\/herausforderung-nachhaltiges-bauen\\\/\",\"name\":\"Herausforderung nachhaltiges Bauen - Organisator\",\"isPartOf\":{\"@id\":\"https:\\\/\\\/www.organisator.ch\\\/#website\"},\"primaryImageOfPage\":{\"@id\":\"https:\\\/\\\/www.organisator.ch\\\/sustainability\\\/2021-02-17\\\/herausforderung-nachhaltiges-bauen\\\/#primaryimage\"},\"image\":{\"@id\":\"https:\\\/\\\/www.organisator.ch\\\/sustainability\\\/2021-02-17\\\/herausforderung-nachhaltiges-bauen\\\/#primaryimage\"},\"thumbnailUrl\":\"https:\\\/\\\/www.organisator.ch\\\/wp-content\\\/uploads\\\/2021\\\/02\\\/Depositphotos_44066945_s-2019.jpg\",\"datePublished\":\"2021-02-17T15:41:16+00:00\",\"dateModified\":\"2022-02-09T10:06:10+00:00\",\"description\":\"Das Thema nachhaltiges Bauen wird am 25. M\u00e4rz 2021 an einer Fachtagung er\u00f6rtert.\",\"breadcrumb\":{\"@id\":\"https:\\\/\\\/www.organisator.ch\\\/sustainability\\\/2021-02-17\\\/herausforderung-nachhaltiges-bauen\\\/#breadcrumb\"},\"inLanguage\":\"it-IT\",\"potentialAction\":[{\"@type\":\"ReadAction\",\"target\":[\"https:\\\/\\\/www.organisator.ch\\\/sustainability\\\/2021-02-17\\\/herausforderung-nachhaltiges-bauen\\\/\"]}]},{\"@type\":\"ImageObject\",\"inLanguage\":\"it-IT\",\"@id\":\"https:\\\/\\\/www.organisator.ch\\\/sustainability\\\/2021-02-17\\\/herausforderung-nachhaltiges-bauen\\\/#primaryimage\",\"url\":\"https:\\\/\\\/www.organisator.ch\\\/wp-content\\\/uploads\\\/2021\\\/02\\\/Depositphotos_44066945_s-2019.jpg\",\"contentUrl\":\"https:\\\/\\\/www.organisator.ch\\\/wp-content\\\/uploads\\\/2021\\\/02\\\/Depositphotos_44066945_s-2019.jpg\",\"width\":999,\"height\":667,\"caption\":\"\u00a9 Depositphotos, gyuszko\"},{\"@type\":\"BreadcrumbList\",\"@id\":\"https:\\\/\\\/www.organisator.ch\\\/sustainability\\\/2021-02-17\\\/herausforderung-nachhaltiges-bauen\\\/#breadcrumb\",\"itemListElement\":[{\"@type\":\"ListItem\",\"position\":1,\"name\":\"Home\",\"item\":\"https:\\\/\\\/www.organisator.ch\\\/\"},{\"@type\":\"ListItem\",\"position\":2,\"name\":\"Herausforderung nachhaltiges Bauen\"}]},{\"@type\":\"WebSite\",\"@id\":\"https:\\\/\\\/www.organisator.ch\\\/#website\",\"url\":\"https:\\\/\\\/www.organisator.ch\\\/\",\"name\":\"Organisator\",\"description\":\"Kompetent. Praxisnah. Der ORGANISATOR bereitet in 10 Ausgaben pro Jahr die wesentlichen Themen f\u00fcr F\u00fchrungskr\u00e4fte von KMU auf.\",\"publisher\":{\"@id\":\"https:\\\/\\\/www.organisator.ch\\\/#organization\"},\"potentialAction\":[{\"@type\":\"SearchAction\",\"target\":{\"@type\":\"EntryPoint\",\"urlTemplate\":\"https:\\\/\\\/www.organisator.ch\\\/?s={search_term_string}\"},\"query-input\":{\"@type\":\"PropertyValueSpecification\",\"valueRequired\":true,\"valueName\":\"search_term_string\"}}],\"inLanguage\":\"it-IT\"},{\"@type\":\"Organization\",\"@id\":\"https:\\\/\\\/www.organisator.ch\\\/#organization\",\"name\":\"Organisator\",\"url\":\"https:\\\/\\\/www.organisator.ch\\\/\",\"logo\":{\"@type\":\"ImageObject\",\"inLanguage\":\"it-IT\",\"@id\":\"https:\\\/\\\/www.organisator.ch\\\/#\\\/schema\\\/logo\\\/image\\\/\",\"url\":\"https:\\\/\\\/www.organisator.ch\\\/wp-content\\\/uploads\\\/2022\\\/01\\\/Logo_Organisator_Website.png\",\"contentUrl\":\"https:\\\/\\\/www.organisator.ch\\\/wp-content\\\/uploads\\\/2022\\\/01\\\/Logo_Organisator_Website.png\",\"width\":800,\"height\":77,\"caption\":\"Organisator\"},\"image\":{\"@id\":\"https:\\\/\\\/www.organisator.ch\\\/#\\\/schema\\\/logo\\\/image\\\/\"},\"sameAs\":[\"https:\\\/\\\/www.facebook.com\\\/OrganisatorFachmagazin\",\"https:\\\/\\\/www.linkedin.com\\\/showcase\\\/organisator-das-magazin-fr-kmu\",\"https:\\\/\\\/www.xing.com\\\/news\\\/pages\\\/organisator-ch-695\",\"https:\\\/\\\/www.youtube.com\\\/channel\\\/UCGP2Sq0iWaZwT3BdIAQFYpw\"]},{\"@type\":\"Person\",\"@id\":\"https:\\\/\\\/www.organisator.ch\\\/#\\\/schema\\\/person\\\/a800b8c54e208b160517a7dcc323161d\",\"name\":\"roger.straessle\",\"image\":{\"@type\":\"ImageObject\",\"inLanguage\":\"it-IT\",\"@id\":\"https:\\\/\\\/secure.gravatar.com\\\/avatar\\\/?s=96&d=mm&r=g\",\"url\":\"https:\\\/\\\/secure.gravatar.com\\\/avatar\\\/?s=96&d=mm&r=g\",\"contentUrl\":\"https:\\\/\\\/secure.gravatar.com\\\/avatar\\\/?s=96&d=mm&r=g\",\"caption\":\"roger.straessle\"},\"url\":\"https:\\\/\\\/www.organisator.ch\\\/it\\\/author\\\/roger-straessle\\\/\"}]}<\/script>\n<!-- \/ Yoast SEO plugin. -->","yoast_head_json":{"title":"La sfida dell'edilizia sostenibile - Organizzatore","description":"Il tema dell'edilizia sostenibile sar\u00e0 discusso in un simposio il 25 marzo 2021.","robots":{"index":"index","follow":"follow","max-snippet":"max-snippet:-1","max-image-preview":"max-image-preview:large","max-video-preview":"max-video-preview:-1"},"canonical":"https:\/\/www.organisator.ch\/it\/sostenibilita\/2021-02-17\/herausforderung-nachhaltiges-bauen\/","og_locale":"it_IT","og_type":"article","og_title":"Herausforderung nachhaltiges Bauen - Organisator","og_description":"Das Thema nachhaltiges Bauen wird am 25. M\u00e4rz 2021 an einer Fachtagung er\u00f6rtert.","og_url":"https:\/\/www.organisator.ch\/it\/sostenibilita\/2021-02-17\/herausforderung-nachhaltiges-bauen\/","og_site_name":"Organisator","article_publisher":"https:\/\/www.facebook.com\/OrganisatorFachmagazin","article_published_time":"2021-02-17T15:41:16+00:00","article_modified_time":"2022-02-09T10:06:10+00:00","og_image":[{"width":999,"height":667,"url":"https:\/\/www.organisator.ch\/wp-content\/uploads\/2021\/02\/Depositphotos_44066945_s-2019.jpg","type":"image\/jpeg"}],"author":"roger.straessle","twitter_card":"summary_large_image","schema":{"@context":"https:\/\/schema.org","@graph":[{"@type":"Article","@id":"https:\/\/www.organisator.ch\/sustainability\/2021-02-17\/herausforderung-nachhaltiges-bauen\/#article","isPartOf":{"@id":"https:\/\/www.organisator.ch\/sustainability\/2021-02-17\/herausforderung-nachhaltiges-bauen\/"},"author":{"name":"roger.straessle","@id":"https:\/\/www.organisator.ch\/#\/schema\/person\/a800b8c54e208b160517a7dcc323161d"},"headline":"Herausforderung nachhaltiges Bauen","datePublished":"2021-02-17T15:41:16+00:00","dateModified":"2022-02-09T10:06:10+00:00","mainEntityOfPage":{"@id":"https:\/\/www.organisator.ch\/sustainability\/2021-02-17\/herausforderung-nachhaltiges-bauen\/"},"wordCount":144,"publisher":{"@id":"https:\/\/www.organisator.ch\/#organization"},"image":{"@id":"https:\/\/www.organisator.ch\/sustainability\/2021-02-17\/herausforderung-nachhaltiges-bauen\/#primaryimage"},"thumbnailUrl":"https:\/\/www.organisator.ch\/wp-content\/uploads\/2021\/02\/Depositphotos_44066945_s-2019.jpg","keywords":["nachhaltiges Bauen","Veranstaltungen"],"articleSection":["SUSTAINABILITY"],"inLanguage":"it-IT"},{"@type":"WebPage","@id":"https:\/\/www.organisator.ch\/sustainability\/2021-02-17\/herausforderung-nachhaltiges-bauen\/","url":"https:\/\/www.organisator.ch\/sustainability\/2021-02-17\/herausforderung-nachhaltiges-bauen\/","name":"La sfida dell'edilizia sostenibile - Organizzatore","isPartOf":{"@id":"https:\/\/www.organisator.ch\/#website"},"primaryImageOfPage":{"@id":"https:\/\/www.organisator.ch\/sustainability\/2021-02-17\/herausforderung-nachhaltiges-bauen\/#primaryimage"},"image":{"@id":"https:\/\/www.organisator.ch\/sustainability\/2021-02-17\/herausforderung-nachhaltiges-bauen\/#primaryimage"},"thumbnailUrl":"https:\/\/www.organisator.ch\/wp-content\/uploads\/2021\/02\/Depositphotos_44066945_s-2019.jpg","datePublished":"2021-02-17T15:41:16+00:00","dateModified":"2022-02-09T10:06:10+00:00","description":"Il tema dell'edilizia sostenibile sar\u00e0 discusso in un simposio il 25 marzo 2021.","breadcrumb":{"@id":"https:\/\/www.organisator.ch\/sustainability\/2021-02-17\/herausforderung-nachhaltiges-bauen\/#breadcrumb"},"inLanguage":"it-IT","potentialAction":[{"@type":"ReadAction","target":["https:\/\/www.organisator.ch\/sustainability\/2021-02-17\/herausforderung-nachhaltiges-bauen\/"]}]},{"@type":"ImageObject","inLanguage":"it-IT","@id":"https:\/\/www.organisator.ch\/sustainability\/2021-02-17\/herausforderung-nachhaltiges-bauen\/#primaryimage","url":"https:\/\/www.organisator.ch\/wp-content\/uploads\/2021\/02\/Depositphotos_44066945_s-2019.jpg","contentUrl":"https:\/\/www.organisator.ch\/wp-content\/uploads\/2021\/02\/Depositphotos_44066945_s-2019.jpg","width":999,"height":667,"caption":"\u00a9 Depositphotos, gyuszko"},{"@type":"BreadcrumbList","@id":"https:\/\/www.organisator.ch\/sustainability\/2021-02-17\/herausforderung-nachhaltiges-bauen\/#breadcrumb","itemListElement":[{"@type":"ListItem","position":1,"name":"Home","item":"https:\/\/www.organisator.ch\/"},{"@type":"ListItem","position":2,"name":"Herausforderung nachhaltiges Bauen"}]},{"@type":"WebSite","@id":"https:\/\/www.organisator.ch\/#website","url":"https:\/\/www.organisator.ch\/","name":"Organizzatore","description":"Competente. Pratico. In 10 numeri all'anno, ORGANISATOR presenta i temi essenziali per i manager delle PMI.","publisher":{"@id":"https:\/\/www.organisator.ch\/#organization"},"potentialAction":[{"@type":"SearchAction","target":{"@type":"EntryPoint","urlTemplate":"https:\/\/www.organisator.ch\/?s={search_term_string}"},"query-input":{"@type":"PropertyValueSpecification","valueRequired":true,"valueName":"search_term_string"}}],"inLanguage":"it-IT"},{"@type":"Organization","@id":"https:\/\/www.organisator.ch\/#organization","name":"Organizzatore","url":"https:\/\/www.organisator.ch\/","logo":{"@type":"ImageObject","inLanguage":"it-IT","@id":"https:\/\/www.organisator.ch\/#\/schema\/logo\/image\/","url":"https:\/\/www.organisator.ch\/wp-content\/uploads\/2022\/01\/Logo_Organisator_Website.png","contentUrl":"https:\/\/www.organisator.ch\/wp-content\/uploads\/2022\/01\/Logo_Organisator_Website.png","width":800,"height":77,"caption":"Organisator"},"image":{"@id":"https:\/\/www.organisator.ch\/#\/schema\/logo\/image\/"},"sameAs":["https:\/\/www.facebook.com\/OrganisatorFachmagazin","https:\/\/www.linkedin.com\/showcase\/organisator-das-magazin-fr-kmu","https:\/\/www.xing.com\/news\/pages\/organisator-ch-695","https:\/\/www.youtube.com\/channel\/UCGP2Sq0iWaZwT3BdIAQFYpw"]},{"@type":"Person","@id":"https:\/\/www.organisator.ch\/#\/schema\/person\/a800b8c54e208b160517a7dcc323161d","name":"roger.straessle","image":{"@type":"ImageObject","inLanguage":"it-IT","@id":"https:\/\/secure.gravatar.com\/avatar\/?s=96&d=mm&r=g","url":"https:\/\/secure.gravatar.com\/avatar\/?s=96&d=mm&r=g","contentUrl":"https:\/\/secure.gravatar.com\/avatar\/?s=96&d=mm&r=g","caption":"roger.straessle"},"url":"https:\/\/www.organisator.ch\/it\/author\/roger-straessle\/"}]}},"_links":{"self":[{"href":"https:\/\/www.organisator.ch\/it\/wp-json\/wp\/v2\/posts\/3850","targetHints":{"allow":["GET"]}}],"collection":[{"href":"https:\/\/www.organisator.ch\/it\/wp-json\/wp\/v2\/posts"}],"about":[{"href":"https:\/\/www.organisator.ch\/it\/wp-json\/wp\/v2\/types\/post"}],"author":[{"embeddable":true,"href":"https:\/\/www.organisator.ch\/it\/wp-json\/wp\/v2\/users\/6"}],"replies":[{"embeddable":true,"href":"https:\/\/www.organisator.ch\/it\/wp-json\/wp\/v2\/comments?post=3850"}],"version-history":[{"count":1,"href":"https:\/\/www.organisator.ch\/it\/wp-json\/wp\/v2\/posts\/3850\/revisions"}],"predecessor-version":[{"id":10499,"href":"https:\/\/www.organisator.ch\/it\/wp-json\/wp\/v2\/posts\/3850\/revisions\/10499"}],"wp:featuredmedia":[{"embeddable":true,"href":"https:\/\/www.organisator.ch\/it\/wp-json\/wp\/v2\/media\/3851"}],"wp:attachment":[{"href":"https:\/\/www.organisator.ch\/it\/wp-json\/wp\/v2\/media?parent=3850"}],"wp:term":[{"taxonomy":"category","embeddable":true,"href":"https:\/\/www.organisator.ch\/it\/wp-json\/wp\/v2\/categories?post=3850"},{"taxonomy":"post_tag","embeddable":true,"href":"https:\/\/www.organisator.ch\/it\/wp-json\/wp\/v2\/tags?post=3850"}],"curies":[{"name":"wp","href":"https:\/\/api.w.org\/{rel}","templated":true}]}}