{"id":38530,"date":"2025-05-22T10:26:09","date_gmt":"2025-05-22T08:26:09","guid":{"rendered":"https:\/\/www.m-q.ch\/?p=21500"},"modified":"2025-05-22T11:16:53","modified_gmt":"2025-05-22T09:16:53","slug":"digitalbarometer-2025-zwischen-digitaler-balance-und-sorge-um-gesellschaftlichen-zusammenhalt","status":"publish","type":"post","link":"https:\/\/www.organisator.ch\/it\/operational-excellence\/2025-05-22\/digitalbarometer-2025-zwischen-digitaler-balance-und-sorge-um-gesellschaftlichen-zusammenhalt\/","title":{"rendered":"DigitalBarometer 2025: tra equilibrio digitale e preoccupazioni per la coesione sociale"},"content":{"rendered":"<figure id=\"attachment_21501\" class=\"wp-caption alignnone\" style=\"width: 680px;\" aria-describedby=\"caption-attachment-21501\"><img class=\"size-full wp-image-21501\" src=\"https:\/\/www.m-q.ch\/wp-content\/uploads\/2025\/05\/DigitalBarometer-2025-Zwischen-digitaler-Balance-und-Sorge-um-gesellschaftlichem-Zusammenhalt_MQ.png\" sizes=\"(max-width: 680px) 100vw, 680px\" srcset=\"https:\/\/www.m-q.ch\/wp-content\/uploads\/2025\/05\/DigitalBarometer-2025-Zwischen-digitaler-Balance-und-Sorge-um-gesellschaftlichem-Zusammenhalt_MQ.png 680w, https:\/\/www.m-q.ch\/wp-content\/uploads\/2025\/05\/DigitalBarometer-2025-Zwischen-digitaler-Balance-und-Sorge-um-gesellschaftlichem-Zusammenhalt_MQ-15x12.png 15w, https:\/\/www.m-q.ch\/wp-content\/uploads\/2025\/05\/DigitalBarometer-2025-Zwischen-digitaler-Balance-und-Sorge-um-gesellschaftlichem-Zusammenhalt_MQ-375x294.png 375w, https:\/\/www.m-q.ch\/wp-content\/uploads\/2025\/05\/DigitalBarometer-2025-Zwischen-digitaler-Balance-und-Sorge-um-gesellschaftlichem-Zusammenhalt_MQ-446x350.png 446w\" alt=\"\" width=\"680\" height=\"534\" \/>\r\n<figcaption id=\"caption-attachment-21501\" class=\"wp-caption-text\">Il DigitalBarometer 2025 mostra i top e i flop della trasformazione digitale in Svizzera. (Grafico: Fondazione Dialogo con il Rischio)<\/figcaption>\r\n<\/figure>\r\n<p>Il 21 maggio 2025 \u00e8 stato pubblicato il sesto DigitalBarometer. Anche quest'anno lo studio \u00e8 stato avviato e realizzato dalla Fondazione Dialogo con il Rischio e sostenuto dalla Cooperativa Mobiliare. Si tratta di uno studio rappresentativo della Svizzera con analisi differenziate dei vari settori della digitalizzazione. L'indagine annuale evidenzia i cambiamenti nel dibattito e nelle dinamiche sociali. L'edizione di quest'anno vede un forte desiderio di equilibrio digitale, ma riconosce anche una crescente preoccupazione per la coesione sociale.<\/p>\r\n<h3>Svizzera digitale: top nelle infrastrutture, flop nell'inclusione digitale<\/h3>\r\n<p>La popolazione vede i maggiori punti di forza della Svizzera nel contesto della digitalizzazione nell'infrastruttura digitale (54%), nel panorama della ricerca (49%) e nella forza innovativa dell'economia (43%). Allo stesso tempo, i risultati mostrano chiaramente dove la popolazione svizzera vede i maggiori deficit nello sviluppo digitale: La gestione delle persone che non sono in grado di tenere il passo con la digitalizzazione \u00e8 la principale debolezza percepita, con 58% di menzioni. Questo dato non \u00e8 cambiato rispetto alla prima misurazione del DigitalBarometer 2019. Anche la mancanza di impegno politico nella digitalizzazione (45%) e la mancanza di indipendenza digitale della Svizzera (43%) sono considerate in modo critico.<\/p>\r\n<h3>Salute mentale: la Svizzera lotta per l'equilibrio digitale<\/h3>\r\n<p>La maggioranza della popolazione svizzera valuta positivamente le applicazioni digitali per il proprio benessere, in particolare le app organizzative e di apprendimento (67%), le app per la salute (64%) e le app di messaggistica (62%). Anche i giochi sono ampiamente accettati: un terzo della popolazione svizzera gioca ogni giorno, indipendentemente dal sesso, dall'et\u00e0 e dall'istruzione. Quasi la met\u00e0 (49%) percepisce anche l'influenza dei giochi sul proprio benessere come esplicitamente positiva. Gli intervistati sono pi\u00f9 critici nei confronti di piattaforme sociali come Instagram e TikTok: 39% le considerano un peso per il loro benessere, mentre solo 31% le considerano benefiche. Tra la popolazione c'\u00e8 anche un forte desiderio di equilibrio digitale: otto persone su dieci sono favorevoli a misure corrispondenti nel contesto scolastico (81%) o alla creazione di spazi offline mirati (78%).<\/p>\r\n<h3>Forte percezione del rischio con contemporaneo potenziale di impegno locale<\/h3>\r\n<p>Due terzi della popolazione svizzera (66%) ritiene che la coesione sociale sia compromessa nel contesto della trasformazione digitale. In particolare, la manipolazione e la disinformazione sono percepite come un rischio importante da 78TP3T. Circa la met\u00e0 \u00e8 anche preoccupata per la mancanza di interazione sociale e il calo della solidariet\u00e0 (51%), nonch\u00e9 per la crescente polarizzazione e divisione (45%). Un'amministrazione pi\u00f9 moderna e trasparente (76%) e un nuovo accesso all'istruzione (65%) sono considerati le principali opportunit\u00e0 per rafforzare la coesione. 51% degli intervistati attribuiscono inoltre particolare importanza all'impegno locale nel contesto della digitalizzazione. \"Sono particolarmente soddisfatta di questo risultato\", afferma Daniela Ramp, project manager di Risk Dialogue. \"Dimostra che la popolazione vede il potenziale della digitalizzazione per un impegno sociale flessibile e a bassa soglia come un'opportunit\u00e0 per rafforzare la coesione sociale\".<\/p>\r\n<h3>Dove i robot sono benvenuti e dove no<\/h3>\r\n<p>La popolazione svizzera presenta evidenti lacune di conoscenza nel campo dell'intelligenza artificiale: 52% dichiarano di saperne poco o nulla. L'accettazione dei robot dipende molto dal loro campo di applicazione: mentre i robot chirurgici in chirurgia con 59% o i robot di guida nei trasporti pubblici con 46% godono di un livello di accettazione piuttosto elevato, i robot di pattugliamento negli spazi pubblici con 30% o i robot come membri di una squadra con 26% sono meno accettati, ad esempio. Anna-Lena K\u00f6ng, project manager di Risk Dialogue, spiega cos\u00ec: \"Queste differenze indicano che le persone si fidano dei robot per i compiti tecnici, ma reagiscono con esitazione nelle interazioni sociali e nelle aree critiche per la sicurezza\".<\/p>\r\n<h3>Conclusione: la digitalizzazione richiede un dialogo di valori e lungimiranza<\/h3>\r\n<p>Le responsabili del progetto Daniela Ramp e Anna-Lena K\u00f6ng traggono le seguenti conclusioni dal DigitalBarometer di quest'anno: \"In futuro, come societ\u00e0 dovremo occuparci pi\u00f9 da vicino di soppesare le opportunit\u00e0 e i rischi sociali, economici ed ecologici della trasformazione digitale. Valori fondamentali come la libert\u00e0, la sicurezza, l'uguaglianza e la sostenibilit\u00e0 devono essere discussi e armonizzati e dobbiamo imparare a gestire le incertezze\". I risultati del DigitalBarometer 2025 dimostrano chiaramente che abbiamo bisogno di un dialogo aperto e inclusivo su valori quali libert\u00e0, sicurezza, sostenibilit\u00e0 e uguaglianza per dare forma alla trasformazione digitale in modo responsabile.<\/p>\r\n<p><em>Fonte: <a href=\"http:\/\/www.risiko-dialog.ch\/\">Fondazione Dialogo sul rischio<\/a><\/em><\/p>\n<p class=\"syndicated-attribution\">Questo articolo \u00e8 apparso originariamente su m-q.ch - <a href=\"https:\/\/www.m-q.ch\/de\/digitalbarometer-2025-zwischen-digitaler-balance-und-sorge-um-gesellschaftlichen-zusammenhalt\/\" target=\"_blank\">https:\/\/www.m-q.ch\/de\/digitalbarometer-2025-zwischen-digitaler-balance-und-sorge-um-gesellschaftlichen-zusammenhalt\/<\/a><\/p>","protected":false},"excerpt":{"rendered":"<p>La digitalizzazione sta avendo un profondo impatto sulla nostra vita quotidiana e funge da catalizzatore per l'innovazione, la rete e il cambiamento sociale. Tuttavia, il sesto DigitalBarometer, incentrato sul tema \"Salute mentale e mondo digitale\", mostra anche che la popolazione svizzera vede rischi per la salute mentale, la coesione sociale e la sovranit\u00e0 digitale.<\/p>","protected":false},"author":8,"featured_media":0,"comment_status":"closed","ping_status":"closed","sticky":false,"template":"","format":"standard","meta":{"_acf_changed":false,"_yoast_wpseo_focuskw":"DigitalBarometer","_yoast_wpseo_metadesc":"Mobiliar DigitalBarometer 2025 zeigt starken Wunsch nach digitaler Balance und Sorge um gesellschaftlichen Zusammenhalt.","articlekey":"","footnotes":""},"categories":[582],"tags":[5356,156,1688,418,459,5357],"class_list":["post-38530","post","type-post","status-publish","format-standard","hentry","category-operational-excellence","tag-digitaler-wandel","tag-digitalisierung","tag-mentale-gesundheit","tag-risikomanagement","tag-studie","tag-wirtschaft-und-gesellschaft"],"acf":[],"yoast_head":"<!-- This site is optimized with the Yoast SEO plugin v27.5 - https:\/\/yoast.com\/product\/yoast-seo-wordpress\/ -->\n<title>DigitalBarometer 2025: Zwischen digitaler Balance und Sorge um gesellschaftlichen Zusammenhalt - Organisator<\/title>\n<meta name=\"description\" content=\"Mobiliar DigitalBarometer 2025 zeigt starken Wunsch nach digitaler Balance und Sorge um gesellschaftlichen Zusammenhalt.\" \/>\n<meta name=\"robots\" content=\"index, follow, max-snippet:-1, max-image-preview:large, max-video-preview:-1\" \/>\n<link rel=\"canonical\" href=\"https:\/\/www.organisator.ch\/it\/eccellenza-operativa\/2025-05-22\/digitalbarometer-2025-zwischen-digitaler-balance-und-sorge-um-gesellschaftlichen-zusammenhalt\/\" \/>\n<meta property=\"og:locale\" content=\"it_IT\" \/>\n<meta property=\"og:type\" content=\"article\" \/>\n<meta property=\"og:title\" content=\"DigitalBarometer 2025: Zwischen digitaler Balance und Sorge um gesellschaftlichen Zusammenhalt - Organisator\" \/>\n<meta property=\"og:description\" content=\"Mobiliar DigitalBarometer 2025 zeigt starken Wunsch nach digitaler Balance und Sorge um gesellschaftlichen Zusammenhalt.\" \/>\n<meta property=\"og:url\" content=\"https:\/\/www.organisator.ch\/it\/eccellenza-operativa\/2025-05-22\/digitalbarometer-2025-zwischen-digitaler-balance-und-sorge-um-gesellschaftlichen-zusammenhalt\/\" \/>\n<meta property=\"og:site_name\" content=\"Organisator\" \/>\n<meta property=\"article:publisher\" content=\"https:\/\/www.facebook.com\/OrganisatorFachmagazin\" \/>\n<meta property=\"article:published_time\" content=\"2025-05-22T08:26:09+00:00\" \/>\n<meta property=\"article:modified_time\" content=\"2025-05-22T09:16:53+00:00\" \/>\n<meta property=\"og:image\" content=\"https:\/\/www.organisator.ch\/wp-content\/uploads\/2023\/08\/Zentrum-fuer-Innovation-und-Digitalisierung-lanciert-USAccelerator-Programm_Organisator.jpg\" \/>\n\t<meta property=\"og:image:width\" content=\"680\" \/>\n\t<meta property=\"og:image:height\" content=\"455\" \/>\n\t<meta property=\"og:image:type\" content=\"image\/jpeg\" \/>\n<meta name=\"author\" content=\"galledia\" \/>\n<meta name=\"twitter:card\" content=\"summary_large_image\" \/>\n<meta name=\"twitter:creator\" content=\"@admin\" \/>\n<script type=\"application\/ld+json\" class=\"yoast-schema-graph\">{\"@context\":\"https:\\\/\\\/schema.org\",\"@graph\":[{\"@type\":\"Article\",\"@id\":\"https:\\\/\\\/www.organisator.ch\\\/operational-excellence\\\/2025-05-22\\\/digitalbarometer-2025-zwischen-digitaler-balance-und-sorge-um-gesellschaftlichen-zusammenhalt\\\/#article\",\"isPartOf\":{\"@id\":\"https:\\\/\\\/www.organisator.ch\\\/operational-excellence\\\/2025-05-22\\\/digitalbarometer-2025-zwischen-digitaler-balance-und-sorge-um-gesellschaftlichen-zusammenhalt\\\/\"},\"author\":{\"name\":\"galledia\",\"@id\":\"https:\\\/\\\/www.organisator.ch\\\/#\\\/schema\\\/person\\\/4e51799071cd2dd1232ac003643ef5f0\"},\"headline\":\"DigitalBarometer 2025: Zwischen digitaler Balance und Sorge um gesellschaftlichen Zusammenhalt\",\"datePublished\":\"2025-05-22T08:26:09+00:00\",\"dateModified\":\"2025-05-22T09:16:53+00:00\",\"mainEntityOfPage\":{\"@id\":\"https:\\\/\\\/www.organisator.ch\\\/operational-excellence\\\/2025-05-22\\\/digitalbarometer-2025-zwischen-digitaler-balance-und-sorge-um-gesellschaftlichen-zusammenhalt\\\/\"},\"wordCount\":684,\"publisher\":{\"@id\":\"https:\\\/\\\/www.organisator.ch\\\/#organization\"},\"image\":{\"@id\":\"https:\\\/\\\/www.organisator.ch\\\/operational-excellence\\\/2025-05-22\\\/digitalbarometer-2025-zwischen-digitaler-balance-und-sorge-um-gesellschaftlichen-zusammenhalt\\\/#primaryimage\"},\"thumbnailUrl\":\"https:\\\/\\\/www.m-q.ch\\\/wp-content\\\/uploads\\\/2025\\\/05\\\/DigitalBarometer-2025-Zwischen-digitaler-Balance-und-Sorge-um-gesellschaftlichem-Zusammenhalt_MQ.png\",\"keywords\":[\"Digitaler Wandel\",\"Digitalisierung\",\"Mentale Gesundheit\",\"Risikomanagement\",\"Studie\",\"Wirtschaft und Gesellschaft\"],\"articleSection\":[\"OPERATIONAL EXCELLENCE\"],\"inLanguage\":\"it-IT\"},{\"@type\":\"WebPage\",\"@id\":\"https:\\\/\\\/www.organisator.ch\\\/operational-excellence\\\/2025-05-22\\\/digitalbarometer-2025-zwischen-digitaler-balance-und-sorge-um-gesellschaftlichen-zusammenhalt\\\/\",\"url\":\"https:\\\/\\\/www.organisator.ch\\\/operational-excellence\\\/2025-05-22\\\/digitalbarometer-2025-zwischen-digitaler-balance-und-sorge-um-gesellschaftlichen-zusammenhalt\\\/\",\"name\":\"DigitalBarometer 2025: Zwischen digitaler Balance und Sorge um gesellschaftlichen Zusammenhalt - Organisator\",\"isPartOf\":{\"@id\":\"https:\\\/\\\/www.organisator.ch\\\/#website\"},\"primaryImageOfPage\":{\"@id\":\"https:\\\/\\\/www.organisator.ch\\\/operational-excellence\\\/2025-05-22\\\/digitalbarometer-2025-zwischen-digitaler-balance-und-sorge-um-gesellschaftlichen-zusammenhalt\\\/#primaryimage\"},\"image\":{\"@id\":\"https:\\\/\\\/www.organisator.ch\\\/operational-excellence\\\/2025-05-22\\\/digitalbarometer-2025-zwischen-digitaler-balance-und-sorge-um-gesellschaftlichen-zusammenhalt\\\/#primaryimage\"},\"thumbnailUrl\":\"https:\\\/\\\/www.m-q.ch\\\/wp-content\\\/uploads\\\/2025\\\/05\\\/DigitalBarometer-2025-Zwischen-digitaler-Balance-und-Sorge-um-gesellschaftlichem-Zusammenhalt_MQ.png\",\"datePublished\":\"2025-05-22T08:26:09+00:00\",\"dateModified\":\"2025-05-22T09:16:53+00:00\",\"description\":\"Mobiliar DigitalBarometer 2025 zeigt starken Wunsch nach digitaler Balance und Sorge um gesellschaftlichen Zusammenhalt.\",\"breadcrumb\":{\"@id\":\"https:\\\/\\\/www.organisator.ch\\\/operational-excellence\\\/2025-05-22\\\/digitalbarometer-2025-zwischen-digitaler-balance-und-sorge-um-gesellschaftlichen-zusammenhalt\\\/#breadcrumb\"},\"inLanguage\":\"it-IT\",\"potentialAction\":[{\"@type\":\"ReadAction\",\"target\":[\"https:\\\/\\\/www.organisator.ch\\\/operational-excellence\\\/2025-05-22\\\/digitalbarometer-2025-zwischen-digitaler-balance-und-sorge-um-gesellschaftlichen-zusammenhalt\\\/\"]}]},{\"@type\":\"ImageObject\",\"inLanguage\":\"it-IT\",\"@id\":\"https:\\\/\\\/www.organisator.ch\\\/operational-excellence\\\/2025-05-22\\\/digitalbarometer-2025-zwischen-digitaler-balance-und-sorge-um-gesellschaftlichen-zusammenhalt\\\/#primaryimage\",\"url\":\"https:\\\/\\\/www.m-q.ch\\\/wp-content\\\/uploads\\\/2025\\\/05\\\/DigitalBarometer-2025-Zwischen-digitaler-Balance-und-Sorge-um-gesellschaftlichem-Zusammenhalt_MQ.png\",\"contentUrl\":\"https:\\\/\\\/www.m-q.ch\\\/wp-content\\\/uploads\\\/2025\\\/05\\\/DigitalBarometer-2025-Zwischen-digitaler-Balance-und-Sorge-um-gesellschaftlichem-Zusammenhalt_MQ.png\"},{\"@type\":\"BreadcrumbList\",\"@id\":\"https:\\\/\\\/www.organisator.ch\\\/operational-excellence\\\/2025-05-22\\\/digitalbarometer-2025-zwischen-digitaler-balance-und-sorge-um-gesellschaftlichen-zusammenhalt\\\/#breadcrumb\",\"itemListElement\":[{\"@type\":\"ListItem\",\"position\":1,\"name\":\"Home\",\"item\":\"https:\\\/\\\/www.organisator.ch\\\/\"},{\"@type\":\"ListItem\",\"position\":2,\"name\":\"DigitalBarometer 2025: Zwischen digitaler Balance und Sorge um gesellschaftlichen Zusammenhalt\"}]},{\"@type\":\"WebSite\",\"@id\":\"https:\\\/\\\/www.organisator.ch\\\/#website\",\"url\":\"https:\\\/\\\/www.organisator.ch\\\/\",\"name\":\"Organisator\",\"description\":\"Kompetent. Praxisnah. Der ORGANISATOR bereitet in 10 Ausgaben pro Jahr die wesentlichen Themen f\u00fcr F\u00fchrungskr\u00e4fte von KMU auf.\",\"publisher\":{\"@id\":\"https:\\\/\\\/www.organisator.ch\\\/#organization\"},\"potentialAction\":[{\"@type\":\"SearchAction\",\"target\":{\"@type\":\"EntryPoint\",\"urlTemplate\":\"https:\\\/\\\/www.organisator.ch\\\/?s={search_term_string}\"},\"query-input\":{\"@type\":\"PropertyValueSpecification\",\"valueRequired\":true,\"valueName\":\"search_term_string\"}}],\"inLanguage\":\"it-IT\"},{\"@type\":\"Organization\",\"@id\":\"https:\\\/\\\/www.organisator.ch\\\/#organization\",\"name\":\"Organisator\",\"url\":\"https:\\\/\\\/www.organisator.ch\\\/\",\"logo\":{\"@type\":\"ImageObject\",\"inLanguage\":\"it-IT\",\"@id\":\"https:\\\/\\\/www.organisator.ch\\\/#\\\/schema\\\/logo\\\/image\\\/\",\"url\":\"https:\\\/\\\/www.organisator.ch\\\/wp-content\\\/uploads\\\/2022\\\/01\\\/Logo_Organisator_Website.png\",\"contentUrl\":\"https:\\\/\\\/www.organisator.ch\\\/wp-content\\\/uploads\\\/2022\\\/01\\\/Logo_Organisator_Website.png\",\"width\":800,\"height\":77,\"caption\":\"Organisator\"},\"image\":{\"@id\":\"https:\\\/\\\/www.organisator.ch\\\/#\\\/schema\\\/logo\\\/image\\\/\"},\"sameAs\":[\"https:\\\/\\\/www.facebook.com\\\/OrganisatorFachmagazin\",\"https:\\\/\\\/www.linkedin.com\\\/showcase\\\/organisator-das-magazin-fr-kmu\",\"https:\\\/\\\/www.xing.com\\\/news\\\/pages\\\/organisator-ch-695\",\"https:\\\/\\\/www.youtube.com\\\/channel\\\/UCGP2Sq0iWaZwT3BdIAQFYpw\"]},{\"@type\":\"Person\",\"@id\":\"https:\\\/\\\/www.organisator.ch\\\/#\\\/schema\\\/person\\\/4e51799071cd2dd1232ac003643ef5f0\",\"name\":\"galledia\",\"image\":{\"@type\":\"ImageObject\",\"inLanguage\":\"it-IT\",\"@id\":\"https:\\\/\\\/secure.gravatar.com\\\/avatar\\\/78a7f90c01fc2bfc875782a0d4922b37cde2cf184ce347b91316d23cd7f69a36?s=96&d=mm&r=g\",\"url\":\"https:\\\/\\\/secure.gravatar.com\\\/avatar\\\/78a7f90c01fc2bfc875782a0d4922b37cde2cf184ce347b91316d23cd7f69a36?s=96&d=mm&r=g\",\"contentUrl\":\"https:\\\/\\\/secure.gravatar.com\\\/avatar\\\/78a7f90c01fc2bfc875782a0d4922b37cde2cf184ce347b91316d23cd7f69a36?s=96&d=mm&r=g\",\"caption\":\"galledia\"},\"sameAs\":[\"https:\\\/\\\/x.com\\\/admin\"],\"url\":\"https:\\\/\\\/www.organisator.ch\\\/it\\\/author\\\/galledia\\\/\"}]}<\/script>\n<!-- \/ Yoast SEO plugin. -->","yoast_head_json":{"title":"DigitalBarometer 2025: tra equilibrio digitale e preoccupazioni per la coesione sociale - Organizzatore","description":"Il DigitalBarometer 2025 della Mobiliare mostra un forte desiderio di equilibrio digitale e una forte preoccupazione per la coesione sociale","robots":{"index":"index","follow":"follow","max-snippet":"max-snippet:-1","max-image-preview":"max-image-preview:large","max-video-preview":"max-video-preview:-1"},"canonical":"https:\/\/www.organisator.ch\/it\/eccellenza-operativa\/2025-05-22\/digitalbarometer-2025-zwischen-digitaler-balance-und-sorge-um-gesellschaftlichen-zusammenhalt\/","og_locale":"it_IT","og_type":"article","og_title":"DigitalBarometer 2025: Zwischen digitaler Balance und Sorge um gesellschaftlichen Zusammenhalt - Organisator","og_description":"Mobiliar DigitalBarometer 2025 zeigt starken Wunsch nach digitaler Balance und Sorge um gesellschaftlichen Zusammenhalt.","og_url":"https:\/\/www.organisator.ch\/it\/eccellenza-operativa\/2025-05-22\/digitalbarometer-2025-zwischen-digitaler-balance-und-sorge-um-gesellschaftlichen-zusammenhalt\/","og_site_name":"Organisator","article_publisher":"https:\/\/www.facebook.com\/OrganisatorFachmagazin","article_published_time":"2025-05-22T08:26:09+00:00","article_modified_time":"2025-05-22T09:16:53+00:00","og_image":[{"width":680,"height":455,"url":"https:\/\/www.organisator.ch\/wp-content\/uploads\/2023\/08\/Zentrum-fuer-Innovation-und-Digitalisierung-lanciert-USAccelerator-Programm_Organisator.jpg","type":"image\/jpeg"}],"author":"galledia","twitter_card":"summary_large_image","twitter_creator":"@admin","schema":{"@context":"https:\/\/schema.org","@graph":[{"@type":"Article","@id":"https:\/\/www.organisator.ch\/operational-excellence\/2025-05-22\/digitalbarometer-2025-zwischen-digitaler-balance-und-sorge-um-gesellschaftlichen-zusammenhalt\/#article","isPartOf":{"@id":"https:\/\/www.organisator.ch\/operational-excellence\/2025-05-22\/digitalbarometer-2025-zwischen-digitaler-balance-und-sorge-um-gesellschaftlichen-zusammenhalt\/"},"author":{"name":"galledia","@id":"https:\/\/www.organisator.ch\/#\/schema\/person\/4e51799071cd2dd1232ac003643ef5f0"},"headline":"DigitalBarometer 2025: Zwischen digitaler Balance und Sorge um gesellschaftlichen Zusammenhalt","datePublished":"2025-05-22T08:26:09+00:00","dateModified":"2025-05-22T09:16:53+00:00","mainEntityOfPage":{"@id":"https:\/\/www.organisator.ch\/operational-excellence\/2025-05-22\/digitalbarometer-2025-zwischen-digitaler-balance-und-sorge-um-gesellschaftlichen-zusammenhalt\/"},"wordCount":684,"publisher":{"@id":"https:\/\/www.organisator.ch\/#organization"},"image":{"@id":"https:\/\/www.organisator.ch\/operational-excellence\/2025-05-22\/digitalbarometer-2025-zwischen-digitaler-balance-und-sorge-um-gesellschaftlichen-zusammenhalt\/#primaryimage"},"thumbnailUrl":"https:\/\/www.m-q.ch\/wp-content\/uploads\/2025\/05\/DigitalBarometer-2025-Zwischen-digitaler-Balance-und-Sorge-um-gesellschaftlichem-Zusammenhalt_MQ.png","keywords":["Digitaler Wandel","Digitalisierung","Mentale Gesundheit","Risikomanagement","Studie","Wirtschaft und Gesellschaft"],"articleSection":["OPERATIONAL EXCELLENCE"],"inLanguage":"it-IT"},{"@type":"WebPage","@id":"https:\/\/www.organisator.ch\/operational-excellence\/2025-05-22\/digitalbarometer-2025-zwischen-digitaler-balance-und-sorge-um-gesellschaftlichen-zusammenhalt\/","url":"https:\/\/www.organisator.ch\/operational-excellence\/2025-05-22\/digitalbarometer-2025-zwischen-digitaler-balance-und-sorge-um-gesellschaftlichen-zusammenhalt\/","name":"DigitalBarometer 2025: tra equilibrio digitale e preoccupazioni per la coesione sociale - Organizzatore","isPartOf":{"@id":"https:\/\/www.organisator.ch\/#website"},"primaryImageOfPage":{"@id":"https:\/\/www.organisator.ch\/operational-excellence\/2025-05-22\/digitalbarometer-2025-zwischen-digitaler-balance-und-sorge-um-gesellschaftlichen-zusammenhalt\/#primaryimage"},"image":{"@id":"https:\/\/www.organisator.ch\/operational-excellence\/2025-05-22\/digitalbarometer-2025-zwischen-digitaler-balance-und-sorge-um-gesellschaftlichen-zusammenhalt\/#primaryimage"},"thumbnailUrl":"https:\/\/www.m-q.ch\/wp-content\/uploads\/2025\/05\/DigitalBarometer-2025-Zwischen-digitaler-Balance-und-Sorge-um-gesellschaftlichem-Zusammenhalt_MQ.png","datePublished":"2025-05-22T08:26:09+00:00","dateModified":"2025-05-22T09:16:53+00:00","description":"Il DigitalBarometer 2025 della Mobiliare mostra un forte desiderio di equilibrio digitale e una forte preoccupazione per la coesione sociale","breadcrumb":{"@id":"https:\/\/www.organisator.ch\/operational-excellence\/2025-05-22\/digitalbarometer-2025-zwischen-digitaler-balance-und-sorge-um-gesellschaftlichen-zusammenhalt\/#breadcrumb"},"inLanguage":"it-IT","potentialAction":[{"@type":"ReadAction","target":["https:\/\/www.organisator.ch\/operational-excellence\/2025-05-22\/digitalbarometer-2025-zwischen-digitaler-balance-und-sorge-um-gesellschaftlichen-zusammenhalt\/"]}]},{"@type":"ImageObject","inLanguage":"it-IT","@id":"https:\/\/www.organisator.ch\/operational-excellence\/2025-05-22\/digitalbarometer-2025-zwischen-digitaler-balance-und-sorge-um-gesellschaftlichen-zusammenhalt\/#primaryimage","url":"https:\/\/www.m-q.ch\/wp-content\/uploads\/2025\/05\/DigitalBarometer-2025-Zwischen-digitaler-Balance-und-Sorge-um-gesellschaftlichem-Zusammenhalt_MQ.png","contentUrl":"https:\/\/www.m-q.ch\/wp-content\/uploads\/2025\/05\/DigitalBarometer-2025-Zwischen-digitaler-Balance-und-Sorge-um-gesellschaftlichem-Zusammenhalt_MQ.png"},{"@type":"BreadcrumbList","@id":"https:\/\/www.organisator.ch\/operational-excellence\/2025-05-22\/digitalbarometer-2025-zwischen-digitaler-balance-und-sorge-um-gesellschaftlichen-zusammenhalt\/#breadcrumb","itemListElement":[{"@type":"ListItem","position":1,"name":"Home","item":"https:\/\/www.organisator.ch\/"},{"@type":"ListItem","position":2,"name":"DigitalBarometer 2025: Zwischen digitaler Balance und Sorge um gesellschaftlichen Zusammenhalt"}]},{"@type":"WebSite","@id":"https:\/\/www.organisator.ch\/#website","url":"https:\/\/www.organisator.ch\/","name":"Organizzatore","description":"Competente. Pratico. In 10 numeri all'anno, ORGANISATOR presenta i temi essenziali per i manager delle PMI.","publisher":{"@id":"https:\/\/www.organisator.ch\/#organization"},"potentialAction":[{"@type":"SearchAction","target":{"@type":"EntryPoint","urlTemplate":"https:\/\/www.organisator.ch\/?s={search_term_string}"},"query-input":{"@type":"PropertyValueSpecification","valueRequired":true,"valueName":"search_term_string"}}],"inLanguage":"it-IT"},{"@type":"Organization","@id":"https:\/\/www.organisator.ch\/#organization","name":"Organizzatore","url":"https:\/\/www.organisator.ch\/","logo":{"@type":"ImageObject","inLanguage":"it-IT","@id":"https:\/\/www.organisator.ch\/#\/schema\/logo\/image\/","url":"https:\/\/www.organisator.ch\/wp-content\/uploads\/2022\/01\/Logo_Organisator_Website.png","contentUrl":"https:\/\/www.organisator.ch\/wp-content\/uploads\/2022\/01\/Logo_Organisator_Website.png","width":800,"height":77,"caption":"Organisator"},"image":{"@id":"https:\/\/www.organisator.ch\/#\/schema\/logo\/image\/"},"sameAs":["https:\/\/www.facebook.com\/OrganisatorFachmagazin","https:\/\/www.linkedin.com\/showcase\/organisator-das-magazin-fr-kmu","https:\/\/www.xing.com\/news\/pages\/organisator-ch-695","https:\/\/www.youtube.com\/channel\/UCGP2Sq0iWaZwT3BdIAQFYpw"]},{"@type":"Person","@id":"https:\/\/www.organisator.ch\/#\/schema\/person\/4e51799071cd2dd1232ac003643ef5f0","name":"galledia","image":{"@type":"ImageObject","inLanguage":"it-IT","@id":"https:\/\/secure.gravatar.com\/avatar\/78a7f90c01fc2bfc875782a0d4922b37cde2cf184ce347b91316d23cd7f69a36?s=96&d=mm&r=g","url":"https:\/\/secure.gravatar.com\/avatar\/78a7f90c01fc2bfc875782a0d4922b37cde2cf184ce347b91316d23cd7f69a36?s=96&d=mm&r=g","contentUrl":"https:\/\/secure.gravatar.com\/avatar\/78a7f90c01fc2bfc875782a0d4922b37cde2cf184ce347b91316d23cd7f69a36?s=96&d=mm&r=g","caption":"galledia"},"sameAs":["https:\/\/x.com\/admin"],"url":"https:\/\/www.organisator.ch\/it\/author\/galledia\/"}]}},"_links":{"self":[{"href":"https:\/\/www.organisator.ch\/it\/wp-json\/wp\/v2\/posts\/38530","targetHints":{"allow":["GET"]}}],"collection":[{"href":"https:\/\/www.organisator.ch\/it\/wp-json\/wp\/v2\/posts"}],"about":[{"href":"https:\/\/www.organisator.ch\/it\/wp-json\/wp\/v2\/types\/post"}],"author":[{"embeddable":true,"href":"https:\/\/www.organisator.ch\/it\/wp-json\/wp\/v2\/users\/8"}],"replies":[{"embeddable":true,"href":"https:\/\/www.organisator.ch\/it\/wp-json\/wp\/v2\/comments?post=38530"}],"version-history":[{"count":5,"href":"https:\/\/www.organisator.ch\/it\/wp-json\/wp\/v2\/posts\/38530\/revisions"}],"predecessor-version":[{"id":38535,"href":"https:\/\/www.organisator.ch\/it\/wp-json\/wp\/v2\/posts\/38530\/revisions\/38535"}],"wp:attachment":[{"href":"https:\/\/www.organisator.ch\/it\/wp-json\/wp\/v2\/media?parent=38530"}],"wp:term":[{"taxonomy":"category","embeddable":true,"href":"https:\/\/www.organisator.ch\/it\/wp-json\/wp\/v2\/categories?post=38530"},{"taxonomy":"post_tag","embeddable":true,"href":"https:\/\/www.organisator.ch\/it\/wp-json\/wp\/v2\/tags?post=38530"}],"curies":[{"name":"wp","href":"https:\/\/api.w.org\/{rel}","templated":true}]}}