{"id":38559,"date":"2025-05-25T15:52:51","date_gmt":"2025-05-25T13:52:51","guid":{"rendered":"https:\/\/www.markt-kom.com\/?p=235229"},"modified":"2025-05-26T08:26:36","modified_gmt":"2025-05-26T06:26:36","slug":"skepsis-und-chancen-so-sehen-die-deutschen-ki-generierte-inhalte","status":"publish","type":"post","link":"https:\/\/www.organisator.ch\/it\/marketing\/2025-05-25\/skepsis-und-chancen-so-sehen-die-deutschen-ki-generierte-inhalte\/","title":{"rendered":"Scetticismo e opportunit\u00e0: come i tedeschi vedono i contenuti generati dall'IA"},"content":{"rendered":"<figure id=\"attachment_235238\" class=\"wp-caption aligncenter\" style=\"width: 1200px;\" aria-describedby=\"caption-attachment-235238\"><a href=\"https:\/\/www.markt-kom.com\/wp-content\/uploads\/2025\/05\/YouGov-Germany-Generative-AI-in-media-Report-2025-1.jpg\"><img class=\"size-full wp-image-235238\" src=\"https:\/\/www.markt-kom.com\/wp-content\/uploads\/2025\/05\/YouGov-Germany-Generative-AI-in-media-Report-2025-1.jpg\" sizes=\"(max-width: 1200px) 100vw, 1200px\" srcset=\"https:\/\/www.markt-kom.com\/wp-content\/uploads\/2025\/05\/YouGov-Germany-Generative-AI-in-media-Report-2025-1.jpg 1200w, https:\/\/www.markt-kom.com\/wp-content\/uploads\/2025\/05\/YouGov-Germany-Generative-AI-in-media-Report-2025-1-600x450.jpg 600w, https:\/\/www.markt-kom.com\/wp-content\/uploads\/2025\/05\/YouGov-Germany-Generative-AI-in-media-Report-2025-1-1024x768.jpg 1024w, https:\/\/www.markt-kom.com\/wp-content\/uploads\/2025\/05\/YouGov-Germany-Generative-AI-in-media-Report-2025-1-768x576.jpg 768w, https:\/\/www.markt-kom.com\/wp-content\/uploads\/2025\/05\/YouGov-Germany-Generative-AI-in-media-Report-2025-1-16x12.jpg 16w, https:\/\/www.markt-kom.com\/wp-content\/uploads\/2025\/05\/YouGov-Germany-Generative-AI-in-media-Report-2025-1-233x175.jpg 233w, https:\/\/www.markt-kom.com\/wp-content\/uploads\/2025\/05\/YouGov-Germany-Generative-AI-in-media-Report-2025-1-467x350.jpg 467w, https:\/\/www.markt-kom.com\/wp-content\/uploads\/2025\/05\/YouGov-Germany-Generative-AI-in-media-Report-2025-1-1000x750.jpg 1000w\" alt=\"\" width=\"1200\" height=\"900\" \/><\/a>\r\n<figcaption id=\"caption-attachment-235238\" class=\"wp-caption-text\">(Immagine e grafica: YouGov)<\/figcaption>\r\n<\/figure>\r\n<p>YouGov ha analizzato come la popolazione tedesca percepisce l'intelligenza artificiale generativa (AI) nel settore delle notizie e del brand marketing. Il rapporto si basa su un sondaggio online rappresentativo della popolazione condotto nell'aprile 2025.<\/p>\r\n<p>I risultati mostrano un quadro differenziato tra curiosit\u00e0, vantaggi e diffidenza. Pi\u00f9 di un terzo degli intervistati ha una visione negativa del ruolo dell'IA nei prossimi dieci anni. Particolare preoccupazione desta la diffusione di informazioni false e deepfakes, con il 53% degli intervistati che si dichiara preoccupato.<\/p>\r\n<p><a href=\"https:\/\/www.markt-kom.com\/wp-content\/uploads\/2025\/05\/YouGov-Germany-Generative-AI-in-media-Report-2025-9.jpg\"><img class=\"aligncenter size-full wp-image-235237\" src=\"https:\/\/www.markt-kom.com\/wp-content\/uploads\/2025\/05\/YouGov-Germany-Generative-AI-in-media-Report-2025-9.jpg\" sizes=\"(max-width: 1200px) 100vw, 1200px\" srcset=\"https:\/\/www.markt-kom.com\/wp-content\/uploads\/2025\/05\/YouGov-Germany-Generative-AI-in-media-Report-2025-9.jpg 1200w, https:\/\/www.markt-kom.com\/wp-content\/uploads\/2025\/05\/YouGov-Germany-Generative-AI-in-media-Report-2025-9-600x454.jpg 600w, https:\/\/www.markt-kom.com\/wp-content\/uploads\/2025\/05\/YouGov-Germany-Generative-AI-in-media-Report-2025-9-1024x774.jpg 1024w, https:\/\/www.markt-kom.com\/wp-content\/uploads\/2025\/05\/YouGov-Germany-Generative-AI-in-media-Report-2025-9-768x580.jpg 768w, https:\/\/www.markt-kom.com\/wp-content\/uploads\/2025\/05\/YouGov-Germany-Generative-AI-in-media-Report-2025-9-16x12.jpg 16w, https:\/\/www.markt-kom.com\/wp-content\/uploads\/2025\/05\/YouGov-Germany-Generative-AI-in-media-Report-2025-9-232x175.jpg 232w, https:\/\/www.markt-kom.com\/wp-content\/uploads\/2025\/05\/YouGov-Germany-Generative-AI-in-media-Report-2025-9-463x350.jpg 463w, https:\/\/www.markt-kom.com\/wp-content\/uploads\/2025\/05\/YouGov-Germany-Generative-AI-in-media-Report-2025-9-1000x756.jpg 1000w\" alt=\"\" width=\"1200\" height=\"907\" \/><\/a><\/p>\r\n<p>Nonostante queste preoccupazioni, molti riconoscono anche i vantaggi. Vengono citati soprattutto l'aumento dell'efficienza e il risparmio sui costi, ad esempio per quanto riguarda i processi editoriali o la produzione di contenuti. Allo stesso tempo, pi\u00f9 della met\u00e0 degli intervistati non si sente a proprio agio con i contenuti giornalistici generati dall'intelligenza artificiale che appaiono sui social network.<\/p>\r\n<p>La differenza di et\u00e0 \u00e8 particolarmente evidente: mentre la Generazione Z e i millennial in particolare sono pi\u00f9 aperti ai formati di notizie supportati dall'intelligenza artificiale, il rifiuto \u00e8 pi\u00f9 pronunciato nei gruppi di et\u00e0 pi\u00f9 avanzata.<\/p>\r\n<p><a href=\"https:\/\/www.markt-kom.com\/wp-content\/uploads\/2025\/05\/YouGov-Germany-Generative-AI-in-media-Report-2025-11.jpg\"><img class=\"aligncenter size-full wp-image-235236\" src=\"https:\/\/www.markt-kom.com\/wp-content\/uploads\/2025\/05\/YouGov-Germany-Generative-AI-in-media-Report-2025-11.jpg\" sizes=\"(max-width: 1200px) 100vw, 1200px\" srcset=\"https:\/\/www.markt-kom.com\/wp-content\/uploads\/2025\/05\/YouGov-Germany-Generative-AI-in-media-Report-2025-11.jpg 1200w, https:\/\/www.markt-kom.com\/wp-content\/uploads\/2025\/05\/YouGov-Germany-Generative-AI-in-media-Report-2025-11-600x451.jpg 600w, https:\/\/www.markt-kom.com\/wp-content\/uploads\/2025\/05\/YouGov-Germany-Generative-AI-in-media-Report-2025-11-1024x770.jpg 1024w, https:\/\/www.markt-kom.com\/wp-content\/uploads\/2025\/05\/YouGov-Germany-Generative-AI-in-media-Report-2025-11-768x577.jpg 768w, https:\/\/www.markt-kom.com\/wp-content\/uploads\/2025\/05\/YouGov-Germany-Generative-AI-in-media-Report-2025-11-16x12.jpg 16w, https:\/\/www.markt-kom.com\/wp-content\/uploads\/2025\/05\/YouGov-Germany-Generative-AI-in-media-Report-2025-11-233x175.jpg 233w, https:\/\/www.markt-kom.com\/wp-content\/uploads\/2025\/05\/YouGov-Germany-Generative-AI-in-media-Report-2025-11-466x350.jpg 466w, https:\/\/www.markt-kom.com\/wp-content\/uploads\/2025\/05\/YouGov-Germany-Generative-AI-in-media-Report-2025-11-1000x752.jpg 1000w\" alt=\"\" width=\"1200\" height=\"902\" \/><\/a> <a href=\"https:\/\/www.markt-kom.com\/wp-content\/uploads\/2025\/05\/YouGov-Germany-Generative-AI-in-media-Report-2025-12.jpg\"><img class=\"aligncenter size-full wp-image-235241\" src=\"https:\/\/www.markt-kom.com\/wp-content\/uploads\/2025\/05\/YouGov-Germany-Generative-AI-in-media-Report-2025-12.jpg\" sizes=\"(max-width: 1200px) 100vw, 1200px\" srcset=\"https:\/\/www.markt-kom.com\/wp-content\/uploads\/2025\/05\/YouGov-Germany-Generative-AI-in-media-Report-2025-12.jpg 1200w, https:\/\/www.markt-kom.com\/wp-content\/uploads\/2025\/05\/YouGov-Germany-Generative-AI-in-media-Report-2025-12-600x456.jpg 600w, https:\/\/www.markt-kom.com\/wp-content\/uploads\/2025\/05\/YouGov-Germany-Generative-AI-in-media-Report-2025-12-1024x777.jpg 1024w, https:\/\/www.markt-kom.com\/wp-content\/uploads\/2025\/05\/YouGov-Germany-Generative-AI-in-media-Report-2025-12-768x583.jpg 768w, https:\/\/www.markt-kom.com\/wp-content\/uploads\/2025\/05\/YouGov-Germany-Generative-AI-in-media-Report-2025-12-16x12.jpg 16w, https:\/\/www.markt-kom.com\/wp-content\/uploads\/2025\/05\/YouGov-Germany-Generative-AI-in-media-Report-2025-12-231x175.jpg 231w, https:\/\/www.markt-kom.com\/wp-content\/uploads\/2025\/05\/YouGov-Germany-Generative-AI-in-media-Report-2025-12-461x350.jpg 461w, https:\/\/www.markt-kom.com\/wp-content\/uploads\/2025\/05\/YouGov-Germany-Generative-AI-in-media-Report-2025-12-1000x759.jpg 1000w\" alt=\"\" width=\"1200\" height=\"911\" \/><\/a><\/p>\r\n<p>Quando si parla di IA generativa, la fiducia rimane una questione fondamentale. Il 54% degli intervistati si fida meno dei contenuti giornalistici creati dall'IA rispetto a quelli creati dagli esseri umani. Solo un terzo si fida altrettanto o di pi\u00f9 delle notizie generate dall'IA. In un confronto tra Paesi, la Germania si colloca quindi nella media.<\/p>\r\n<p><a href=\"https:\/\/www.markt-kom.com\/wp-content\/uploads\/2025\/05\/YouGov-Germany-Generative-AI-in-media-Report-2025-13.jpg\"><img class=\"aligncenter size-full wp-image-235235\" src=\"https:\/\/www.markt-kom.com\/wp-content\/uploads\/2025\/05\/YouGov-Germany-Generative-AI-in-media-Report-2025-13.jpg\" sizes=\"(max-width: 1200px) 100vw, 1200px\" srcset=\"https:\/\/www.markt-kom.com\/wp-content\/uploads\/2025\/05\/YouGov-Germany-Generative-AI-in-media-Report-2025-13.jpg 1200w, https:\/\/www.markt-kom.com\/wp-content\/uploads\/2025\/05\/YouGov-Germany-Generative-AI-in-media-Report-2025-13-600x405.jpg 600w, https:\/\/www.markt-kom.com\/wp-content\/uploads\/2025\/05\/YouGov-Germany-Generative-AI-in-media-Report-2025-13-1024x690.jpg 1024w, https:\/\/www.markt-kom.com\/wp-content\/uploads\/2025\/05\/YouGov-Germany-Generative-AI-in-media-Report-2025-13-768x518.jpg 768w, https:\/\/www.markt-kom.com\/wp-content\/uploads\/2025\/05\/YouGov-Germany-Generative-AI-in-media-Report-2025-13-18x12.jpg 18w, https:\/\/www.markt-kom.com\/wp-content\/uploads\/2025\/05\/YouGov-Germany-Generative-AI-in-media-Report-2025-13-260x175.jpg 260w, https:\/\/www.markt-kom.com\/wp-content\/uploads\/2025\/05\/YouGov-Germany-Generative-AI-in-media-Report-2025-13-519x350.jpg 519w, https:\/\/www.markt-kom.com\/wp-content\/uploads\/2025\/05\/YouGov-Germany-Generative-AI-in-media-Report-2025-13-1000x674.jpg 1000w\" alt=\"\" width=\"1200\" height=\"809\" \/><\/a> <a href=\"https:\/\/www.markt-kom.com\/wp-content\/uploads\/2025\/05\/YouGov-Germany-Generative-AI-in-media-Report-2025-14.jpg\"><img class=\"aligncenter size-full wp-image-235234\" src=\"https:\/\/www.markt-kom.com\/wp-content\/uploads\/2025\/05\/YouGov-Germany-Generative-AI-in-media-Report-2025-14.jpg\" sizes=\"(max-width: 1200px) 100vw, 1200px\" srcset=\"https:\/\/www.markt-kom.com\/wp-content\/uploads\/2025\/05\/YouGov-Germany-Generative-AI-in-media-Report-2025-14.jpg 1200w, https:\/\/www.markt-kom.com\/wp-content\/uploads\/2025\/05\/YouGov-Germany-Generative-AI-in-media-Report-2025-14-600x462.jpg 600w, https:\/\/www.markt-kom.com\/wp-content\/uploads\/2025\/05\/YouGov-Germany-Generative-AI-in-media-Report-2025-14-1024x788.jpg 1024w, https:\/\/www.markt-kom.com\/wp-content\/uploads\/2025\/05\/YouGov-Germany-Generative-AI-in-media-Report-2025-14-768x591.jpg 768w, https:\/\/www.markt-kom.com\/wp-content\/uploads\/2025\/05\/YouGov-Germany-Generative-AI-in-media-Report-2025-14-16x12.jpg 16w, https:\/\/www.markt-kom.com\/wp-content\/uploads\/2025\/05\/YouGov-Germany-Generative-AI-in-media-Report-2025-14-228x175.jpg 228w, https:\/\/www.markt-kom.com\/wp-content\/uploads\/2025\/05\/YouGov-Germany-Generative-AI-in-media-Report-2025-14-455x350.jpg 455w, https:\/\/www.markt-kom.com\/wp-content\/uploads\/2025\/05\/YouGov-Germany-Generative-AI-in-media-Report-2025-14-1000x769.jpg 1000w\" alt=\"\" width=\"1200\" height=\"923\" \/><\/a><\/p>\r\n<p>Uno scetticismo simile \u00e8 evidente nel settore del brand marketing: i gruppi target pi\u00f9 giovani sono pi\u00f9 ricettivi all'uso dell'IA generativa nella comunicazione di marca. Ma nel complesso, solo il 15% degli intervistati ha dichiarato di poter immaginare di consumare contenuti provenienti da influencer generati dall'IA, una percentuale significativamente pi\u00f9 bassa rispetto ad altri mercati.<\/p>\r\n<p><a href=\"https:\/\/www.markt-kom.com\/wp-content\/uploads\/2025\/05\/YouGov-Germany-Generative-AI-in-media-Report-2025-16.jpg\"><img class=\"aligncenter size-full wp-image-235233\" src=\"https:\/\/www.markt-kom.com\/wp-content\/uploads\/2025\/05\/YouGov-Germany-Generative-AI-in-media-Report-2025-16.jpg\" sizes=\"(max-width: 1200px) 100vw, 1200px\" srcset=\"https:\/\/www.markt-kom.com\/wp-content\/uploads\/2025\/05\/YouGov-Germany-Generative-AI-in-media-Report-2025-16.jpg 1200w, https:\/\/www.markt-kom.com\/wp-content\/uploads\/2025\/05\/YouGov-Germany-Generative-AI-in-media-Report-2025-16-600x460.jpg 600w, https:\/\/www.markt-kom.com\/wp-content\/uploads\/2025\/05\/YouGov-Germany-Generative-AI-in-media-Report-2025-16-1024x784.jpg 1024w, https:\/\/www.markt-kom.com\/wp-content\/uploads\/2025\/05\/YouGov-Germany-Generative-AI-in-media-Report-2025-16-768x588.jpg 768w, https:\/\/www.markt-kom.com\/wp-content\/uploads\/2025\/05\/YouGov-Germany-Generative-AI-in-media-Report-2025-16-16x12.jpg 16w, https:\/\/www.markt-kom.com\/wp-content\/uploads\/2025\/05\/YouGov-Germany-Generative-AI-in-media-Report-2025-16-229x175.jpg 229w, https:\/\/www.markt-kom.com\/wp-content\/uploads\/2025\/05\/YouGov-Germany-Generative-AI-in-media-Report-2025-16-457x350.jpg 457w, https:\/\/www.markt-kom.com\/wp-content\/uploads\/2025\/05\/YouGov-Germany-Generative-AI-in-media-Report-2025-16-1000x766.jpg 1000w\" alt=\"\" width=\"1200\" height=\"919\" \/><\/a> <a href=\"https:\/\/www.markt-kom.com\/wp-content\/uploads\/2025\/05\/YouGov-Germany-Generative-AI-in-media-Report-2025-17.jpg\"><img class=\"aligncenter size-full wp-image-235232\" src=\"https:\/\/www.markt-kom.com\/wp-content\/uploads\/2025\/05\/YouGov-Germany-Generative-AI-in-media-Report-2025-17.jpg\" sizes=\"(max-width: 1200px) 100vw, 1200px\" srcset=\"https:\/\/www.markt-kom.com\/wp-content\/uploads\/2025\/05\/YouGov-Germany-Generative-AI-in-media-Report-2025-17.jpg 1200w, https:\/\/www.markt-kom.com\/wp-content\/uploads\/2025\/05\/YouGov-Germany-Generative-AI-in-media-Report-2025-17-600x461.jpg 600w, https:\/\/www.markt-kom.com\/wp-content\/uploads\/2025\/05\/YouGov-Germany-Generative-AI-in-media-Report-2025-17-1024x786.jpg 1024w, https:\/\/www.markt-kom.com\/wp-content\/uploads\/2025\/05\/YouGov-Germany-Generative-AI-in-media-Report-2025-17-768x589.jpg 768w, https:\/\/www.markt-kom.com\/wp-content\/uploads\/2025\/05\/YouGov-Germany-Generative-AI-in-media-Report-2025-17-16x12.jpg 16w, https:\/\/www.markt-kom.com\/wp-content\/uploads\/2025\/05\/YouGov-Germany-Generative-AI-in-media-Report-2025-17-228x175.jpg 228w, https:\/\/www.markt-kom.com\/wp-content\/uploads\/2025\/05\/YouGov-Germany-Generative-AI-in-media-Report-2025-17-456x350.jpg 456w, https:\/\/www.markt-kom.com\/wp-content\/uploads\/2025\/05\/YouGov-Germany-Generative-AI-in-media-Report-2025-17-1000x768.jpg 1000w\" alt=\"\" width=\"1200\" height=\"921\" \/><\/a> <a href=\"https:\/\/www.markt-kom.com\/wp-content\/uploads\/2025\/05\/YouGov-Germany-Generative-AI-in-media-Report-2025-18.jpg\"><img class=\"aligncenter size-full wp-image-235231\" src=\"https:\/\/www.markt-kom.com\/wp-content\/uploads\/2025\/05\/YouGov-Germany-Generative-AI-in-media-Report-2025-18.jpg\" sizes=\"(max-width: 1200px) 100vw, 1200px\" srcset=\"https:\/\/www.markt-kom.com\/wp-content\/uploads\/2025\/05\/YouGov-Germany-Generative-AI-in-media-Report-2025-18.jpg 1200w, https:\/\/www.markt-kom.com\/wp-content\/uploads\/2025\/05\/YouGov-Germany-Generative-AI-in-media-Report-2025-18-600x453.jpg 600w, https:\/\/www.markt-kom.com\/wp-content\/uploads\/2025\/05\/YouGov-Germany-Generative-AI-in-media-Report-2025-18-1024x772.jpg 1024w, https:\/\/www.markt-kom.com\/wp-content\/uploads\/2025\/05\/YouGov-Germany-Generative-AI-in-media-Report-2025-18-768x579.jpg 768w, https:\/\/www.markt-kom.com\/wp-content\/uploads\/2025\/05\/YouGov-Germany-Generative-AI-in-media-Report-2025-18-16x12.jpg 16w, https:\/\/www.markt-kom.com\/wp-content\/uploads\/2025\/05\/YouGov-Germany-Generative-AI-in-media-Report-2025-18-232x175.jpg 232w, https:\/\/www.markt-kom.com\/wp-content\/uploads\/2025\/05\/YouGov-Germany-Generative-AI-in-media-Report-2025-18-464x350.jpg 464w, https:\/\/www.markt-kom.com\/wp-content\/uploads\/2025\/05\/YouGov-Germany-Generative-AI-in-media-Report-2025-18-1000x754.jpg 1000w\" alt=\"\" width=\"1200\" height=\"905\" \/><\/a> <a href=\"https:\/\/www.markt-kom.com\/wp-content\/uploads\/2025\/05\/YouGov-Germany-Generative-AI-in-media-Report-2025-19.jpg\"><img class=\"aligncenter size-full wp-image-235230\" src=\"https:\/\/www.markt-kom.com\/wp-content\/uploads\/2025\/05\/YouGov-Germany-Generative-AI-in-media-Report-2025-19.jpg\" sizes=\"(max-width: 1200px) 100vw, 1200px\" srcset=\"https:\/\/www.markt-kom.com\/wp-content\/uploads\/2025\/05\/YouGov-Germany-Generative-AI-in-media-Report-2025-19.jpg 1200w, https:\/\/www.markt-kom.com\/wp-content\/uploads\/2025\/05\/YouGov-Germany-Generative-AI-in-media-Report-2025-19-600x457.jpg 600w, https:\/\/www.markt-kom.com\/wp-content\/uploads\/2025\/05\/YouGov-Germany-Generative-AI-in-media-Report-2025-19-1024x779.jpg 1024w, https:\/\/www.markt-kom.com\/wp-content\/uploads\/2025\/05\/YouGov-Germany-Generative-AI-in-media-Report-2025-19-768x584.jpg 768w, https:\/\/www.markt-kom.com\/wp-content\/uploads\/2025\/05\/YouGov-Germany-Generative-AI-in-media-Report-2025-19-16x12.jpg 16w, https:\/\/www.markt-kom.com\/wp-content\/uploads\/2025\/05\/YouGov-Germany-Generative-AI-in-media-Report-2025-19-230x175.jpg 230w, https:\/\/www.markt-kom.com\/wp-content\/uploads\/2025\/05\/YouGov-Germany-Generative-AI-in-media-Report-2025-19-460x350.jpg 460w, https:\/\/www.markt-kom.com\/wp-content\/uploads\/2025\/05\/YouGov-Germany-Generative-AI-in-media-Report-2025-19-1000x761.jpg 1000w\" alt=\"\" width=\"1200\" height=\"913\" \/><\/a><\/p>\r\n<p>Anche le questioni legali che circondano l'IA generativa continuano a destare preoccupazione. Il 61% degli intervistati ritiene che non vi sia una regolamentazione sufficiente nel campo dell'IA generativa. La divulgazione dell'uso dell'IA \u00e8 particolarmente importante per loro: il 77% \u00e8 favorevole a un'etichettatura appropriata dei contenuti.<\/p>\r\n<p><a href=\"https:\/\/www.markt-kom.com\/wp-content\/uploads\/2025\/05\/YouGov-Germany-Generative-AI-in-media-Report-2025-20.jpg\"><img class=\"aligncenter size-full wp-image-235240\" src=\"https:\/\/www.markt-kom.com\/wp-content\/uploads\/2025\/05\/YouGov-Germany-Generative-AI-in-media-Report-2025-20.jpg\" sizes=\"(max-width: 1200px) 100vw, 1200px\" srcset=\"https:\/\/www.markt-kom.com\/wp-content\/uploads\/2025\/05\/YouGov-Germany-Generative-AI-in-media-Report-2025-20.jpg 1200w, https:\/\/www.markt-kom.com\/wp-content\/uploads\/2025\/05\/YouGov-Germany-Generative-AI-in-media-Report-2025-20-600x460.jpg 600w, https:\/\/www.markt-kom.com\/wp-content\/uploads\/2025\/05\/YouGov-Germany-Generative-AI-in-media-Report-2025-20-1024x784.jpg 1024w, https:\/\/www.markt-kom.com\/wp-content\/uploads\/2025\/05\/YouGov-Germany-Generative-AI-in-media-Report-2025-20-768x588.jpg 768w, https:\/\/www.markt-kom.com\/wp-content\/uploads\/2025\/05\/YouGov-Germany-Generative-AI-in-media-Report-2025-20-16x12.jpg 16w, https:\/\/www.markt-kom.com\/wp-content\/uploads\/2025\/05\/YouGov-Germany-Generative-AI-in-media-Report-2025-20-229x175.jpg 229w, https:\/\/www.markt-kom.com\/wp-content\/uploads\/2025\/05\/YouGov-Germany-Generative-AI-in-media-Report-2025-20-457x350.jpg 457w, https:\/\/www.markt-kom.com\/wp-content\/uploads\/2025\/05\/YouGov-Germany-Generative-AI-in-media-Report-2025-20-1000x766.jpg 1000w\" alt=\"\" width=\"1200\" height=\"919\" \/><\/a> <a href=\"https:\/\/www.markt-kom.com\/wp-content\/uploads\/2025\/05\/YouGov-Germany-Generative-AI-in-media-Report-2025-22.jpg\"><img class=\"aligncenter size-full wp-image-235239\" src=\"https:\/\/www.markt-kom.com\/wp-content\/uploads\/2025\/05\/YouGov-Germany-Generative-AI-in-media-Report-2025-22.jpg\" sizes=\"(max-width: 1200px) 100vw, 1200px\" srcset=\"https:\/\/www.markt-kom.com\/wp-content\/uploads\/2025\/05\/YouGov-Germany-Generative-AI-in-media-Report-2025-22.jpg 1200w, https:\/\/www.markt-kom.com\/wp-content\/uploads\/2025\/05\/YouGov-Germany-Generative-AI-in-media-Report-2025-22-600x457.jpg 600w, https:\/\/www.markt-kom.com\/wp-content\/uploads\/2025\/05\/YouGov-Germany-Generative-AI-in-media-Report-2025-22-1024x780.jpg 1024w, https:\/\/www.markt-kom.com\/wp-content\/uploads\/2025\/05\/YouGov-Germany-Generative-AI-in-media-Report-2025-22-768x585.jpg 768w, https:\/\/www.markt-kom.com\/wp-content\/uploads\/2025\/05\/YouGov-Germany-Generative-AI-in-media-Report-2025-22-16x12.jpg 16w, https:\/\/www.markt-kom.com\/wp-content\/uploads\/2025\/05\/YouGov-Germany-Generative-AI-in-media-Report-2025-22-230x175.jpg 230w, https:\/\/www.markt-kom.com\/wp-content\/uploads\/2025\/05\/YouGov-Germany-Generative-AI-in-media-Report-2025-22-460x350.jpg 460w, https:\/\/www.markt-kom.com\/wp-content\/uploads\/2025\/05\/YouGov-Germany-Generative-AI-in-media-Report-2025-22-1000x762.jpg 1000w\" alt=\"\" width=\"1200\" height=\"914\" \/><\/a><\/p>\r\n<p>Il rapporto di YouGov mostra che l'uso dell'IA generativa ha un potenziale di efficienza e innovazione per il giornalismo e le aziende, ma \u00e8 anche visto in modo critico dai consumatori. Fiducia, trasparenza e condizioni quadro comprensibili rimangono prerequisiti fondamentali per aumentare l'accettazione da parte del pubblico.<\/p>","protected":false},"excerpt":{"rendered":"<p>Lo dimostra un recente studio di YouGov: In Germania, le opinioni sull'IA generativa nella creazione di contenuti sono discordanti. Se da un lato si apprezzano i guadagni di efficienza, dall'altro prevalgono le preoccupazioni di molti utenti, soprattutto quando si tratta di gestire la disinformazione e la fiducia.<\/p>","protected":false},"author":8,"featured_media":0,"comment_status":"closed","ping_status":"closed","sticky":false,"template":"","format":"standard","meta":{"_acf_changed":false,"_yoast_wpseo_focuskw":"KI-generierte Inhalte","_yoast_wpseo_metadesc":"Eine aktuelle YouGov-Studie zeigt: In Deutschland sind die Meinungen zur generativen KI in der Content-Erstellung gespalten.","articlekey":"","footnotes":""},"categories":[29],"tags":[4351,319,4343,459,3319],"class_list":["post-38559","post","type-post","status-publish","format-standard","hentry","category-marketing","tag-dexat","tag-kuenstliche-intelligenz","tag-markom","tag-studie","tag-yougov"],"acf":[],"yoast_head":"<!-- This site is optimized with the Yoast SEO plugin v27.5 - https:\/\/yoast.com\/product\/yoast-seo-wordpress\/ -->\n<title>Skepsis und Chancen: So sehen die Deutschen KI-generierte Inhalte - Organisator<\/title>\n<meta name=\"description\" content=\"Eine aktuelle YouGov-Studie zeigt: In Deutschland sind die Meinungen zur generativen KI in der Content-Erstellung gespalten.\" \/>\n<meta name=\"robots\" content=\"index, follow, max-snippet:-1, max-image-preview:large, max-video-preview:-1\" \/>\n<link rel=\"canonical\" href=\"https:\/\/www.organisator.ch\/it\/marketing\/2025-05-25\/skepsis-und-chancen-so-sehen-die-deutschen-ki-generierte-inhalte\/\" \/>\n<meta property=\"og:locale\" content=\"it_IT\" \/>\n<meta property=\"og:type\" content=\"article\" \/>\n<meta property=\"og:title\" content=\"Skepsis und Chancen: So sehen die Deutschen KI-generierte Inhalte - Organisator\" \/>\n<meta property=\"og:description\" content=\"Eine aktuelle YouGov-Studie zeigt: In Deutschland sind die Meinungen zur generativen KI in der Content-Erstellung gespalten.\" \/>\n<meta property=\"og:url\" content=\"https:\/\/www.organisator.ch\/it\/marketing\/2025-05-25\/skepsis-und-chancen-so-sehen-die-deutschen-ki-generierte-inhalte\/\" \/>\n<meta property=\"og:site_name\" content=\"Organisator\" \/>\n<meta property=\"article:publisher\" content=\"https:\/\/www.facebook.com\/OrganisatorFachmagazin\" \/>\n<meta property=\"article:published_time\" content=\"2025-05-25T13:52:51+00:00\" \/>\n<meta property=\"article:modified_time\" content=\"2025-05-26T06:26:36+00:00\" \/>\n<meta name=\"author\" content=\"galledia\" \/>\n<meta name=\"twitter:card\" content=\"summary_large_image\" \/>\n<meta name=\"twitter:creator\" content=\"@admin\" \/>\n<script type=\"application\/ld+json\" class=\"yoast-schema-graph\">{\"@context\":\"https:\\\/\\\/schema.org\",\"@graph\":[{\"@type\":\"Article\",\"@id\":\"https:\\\/\\\/www.organisator.ch\\\/marketing\\\/2025-05-25\\\/skepsis-und-chancen-so-sehen-die-deutschen-ki-generierte-inhalte\\\/#article\",\"isPartOf\":{\"@id\":\"https:\\\/\\\/www.organisator.ch\\\/marketing\\\/2025-05-25\\\/skepsis-und-chancen-so-sehen-die-deutschen-ki-generierte-inhalte\\\/\"},\"author\":{\"name\":\"galledia\",\"@id\":\"https:\\\/\\\/www.organisator.ch\\\/#\\\/schema\\\/person\\\/4e51799071cd2dd1232ac003643ef5f0\"},\"headline\":\"Skepsis und Chancen: So sehen die Deutschen KI-generierte Inhalte\",\"datePublished\":\"2025-05-25T13:52:51+00:00\",\"dateModified\":\"2025-05-26T06:26:36+00:00\",\"mainEntityOfPage\":{\"@id\":\"https:\\\/\\\/www.organisator.ch\\\/marketing\\\/2025-05-25\\\/skepsis-und-chancen-so-sehen-die-deutschen-ki-generierte-inhalte\\\/\"},\"wordCount\":365,\"publisher\":{\"@id\":\"https:\\\/\\\/www.organisator.ch\\\/#organization\"},\"image\":{\"@id\":\"https:\\\/\\\/www.organisator.ch\\\/marketing\\\/2025-05-25\\\/skepsis-und-chancen-so-sehen-die-deutschen-ki-generierte-inhalte\\\/#primaryimage\"},\"thumbnailUrl\":\"https:\\\/\\\/www.markt-kom.com\\\/wp-content\\\/uploads\\\/2025\\\/05\\\/YouGov-Germany-Generative-AI-in-media-Report-2025-1.jpg\",\"keywords\":[\"DExAT\",\"K\u00fcnstliche Intelligenz\",\"MarKom\",\"Studie\",\"Yougov\"],\"articleSection\":[\"MARKETING\"],\"inLanguage\":\"it-IT\"},{\"@type\":\"WebPage\",\"@id\":\"https:\\\/\\\/www.organisator.ch\\\/marketing\\\/2025-05-25\\\/skepsis-und-chancen-so-sehen-die-deutschen-ki-generierte-inhalte\\\/\",\"url\":\"https:\\\/\\\/www.organisator.ch\\\/marketing\\\/2025-05-25\\\/skepsis-und-chancen-so-sehen-die-deutschen-ki-generierte-inhalte\\\/\",\"name\":\"Skepsis und Chancen: So sehen die Deutschen KI-generierte Inhalte - Organisator\",\"isPartOf\":{\"@id\":\"https:\\\/\\\/www.organisator.ch\\\/#website\"},\"primaryImageOfPage\":{\"@id\":\"https:\\\/\\\/www.organisator.ch\\\/marketing\\\/2025-05-25\\\/skepsis-und-chancen-so-sehen-die-deutschen-ki-generierte-inhalte\\\/#primaryimage\"},\"image\":{\"@id\":\"https:\\\/\\\/www.organisator.ch\\\/marketing\\\/2025-05-25\\\/skepsis-und-chancen-so-sehen-die-deutschen-ki-generierte-inhalte\\\/#primaryimage\"},\"thumbnailUrl\":\"https:\\\/\\\/www.markt-kom.com\\\/wp-content\\\/uploads\\\/2025\\\/05\\\/YouGov-Germany-Generative-AI-in-media-Report-2025-1.jpg\",\"datePublished\":\"2025-05-25T13:52:51+00:00\",\"dateModified\":\"2025-05-26T06:26:36+00:00\",\"description\":\"Eine aktuelle YouGov-Studie zeigt: In Deutschland sind die Meinungen zur generativen KI in der Content-Erstellung gespalten.\",\"breadcrumb\":{\"@id\":\"https:\\\/\\\/www.organisator.ch\\\/marketing\\\/2025-05-25\\\/skepsis-und-chancen-so-sehen-die-deutschen-ki-generierte-inhalte\\\/#breadcrumb\"},\"inLanguage\":\"it-IT\",\"potentialAction\":[{\"@type\":\"ReadAction\",\"target\":[\"https:\\\/\\\/www.organisator.ch\\\/marketing\\\/2025-05-25\\\/skepsis-und-chancen-so-sehen-die-deutschen-ki-generierte-inhalte\\\/\"]}]},{\"@type\":\"ImageObject\",\"inLanguage\":\"it-IT\",\"@id\":\"https:\\\/\\\/www.organisator.ch\\\/marketing\\\/2025-05-25\\\/skepsis-und-chancen-so-sehen-die-deutschen-ki-generierte-inhalte\\\/#primaryimage\",\"url\":\"https:\\\/\\\/www.markt-kom.com\\\/wp-content\\\/uploads\\\/2025\\\/05\\\/YouGov-Germany-Generative-AI-in-media-Report-2025-1.jpg\",\"contentUrl\":\"https:\\\/\\\/www.markt-kom.com\\\/wp-content\\\/uploads\\\/2025\\\/05\\\/YouGov-Germany-Generative-AI-in-media-Report-2025-1.jpg\"},{\"@type\":\"BreadcrumbList\",\"@id\":\"https:\\\/\\\/www.organisator.ch\\\/marketing\\\/2025-05-25\\\/skepsis-und-chancen-so-sehen-die-deutschen-ki-generierte-inhalte\\\/#breadcrumb\",\"itemListElement\":[{\"@type\":\"ListItem\",\"position\":1,\"name\":\"Home\",\"item\":\"https:\\\/\\\/www.organisator.ch\\\/\"},{\"@type\":\"ListItem\",\"position\":2,\"name\":\"Skepsis und Chancen: So sehen die Deutschen KI-generierte Inhalte\"}]},{\"@type\":\"WebSite\",\"@id\":\"https:\\\/\\\/www.organisator.ch\\\/#website\",\"url\":\"https:\\\/\\\/www.organisator.ch\\\/\",\"name\":\"Organisator\",\"description\":\"Kompetent. Praxisnah. Der ORGANISATOR bereitet in 10 Ausgaben pro Jahr die wesentlichen Themen f\u00fcr F\u00fchrungskr\u00e4fte von KMU auf.\",\"publisher\":{\"@id\":\"https:\\\/\\\/www.organisator.ch\\\/#organization\"},\"potentialAction\":[{\"@type\":\"SearchAction\",\"target\":{\"@type\":\"EntryPoint\",\"urlTemplate\":\"https:\\\/\\\/www.organisator.ch\\\/?s={search_term_string}\"},\"query-input\":{\"@type\":\"PropertyValueSpecification\",\"valueRequired\":true,\"valueName\":\"search_term_string\"}}],\"inLanguage\":\"it-IT\"},{\"@type\":\"Organization\",\"@id\":\"https:\\\/\\\/www.organisator.ch\\\/#organization\",\"name\":\"Organisator\",\"url\":\"https:\\\/\\\/www.organisator.ch\\\/\",\"logo\":{\"@type\":\"ImageObject\",\"inLanguage\":\"it-IT\",\"@id\":\"https:\\\/\\\/www.organisator.ch\\\/#\\\/schema\\\/logo\\\/image\\\/\",\"url\":\"https:\\\/\\\/www.organisator.ch\\\/wp-content\\\/uploads\\\/2022\\\/01\\\/Logo_Organisator_Website.png\",\"contentUrl\":\"https:\\\/\\\/www.organisator.ch\\\/wp-content\\\/uploads\\\/2022\\\/01\\\/Logo_Organisator_Website.png\",\"width\":800,\"height\":77,\"caption\":\"Organisator\"},\"image\":{\"@id\":\"https:\\\/\\\/www.organisator.ch\\\/#\\\/schema\\\/logo\\\/image\\\/\"},\"sameAs\":[\"https:\\\/\\\/www.facebook.com\\\/OrganisatorFachmagazin\",\"https:\\\/\\\/www.linkedin.com\\\/showcase\\\/organisator-das-magazin-fr-kmu\",\"https:\\\/\\\/www.xing.com\\\/news\\\/pages\\\/organisator-ch-695\",\"https:\\\/\\\/www.youtube.com\\\/channel\\\/UCGP2Sq0iWaZwT3BdIAQFYpw\"]},{\"@type\":\"Person\",\"@id\":\"https:\\\/\\\/www.organisator.ch\\\/#\\\/schema\\\/person\\\/4e51799071cd2dd1232ac003643ef5f0\",\"name\":\"galledia\",\"image\":{\"@type\":\"ImageObject\",\"inLanguage\":\"it-IT\",\"@id\":\"https:\\\/\\\/secure.gravatar.com\\\/avatar\\\/78a7f90c01fc2bfc875782a0d4922b37cde2cf184ce347b91316d23cd7f69a36?s=96&d=mm&r=g\",\"url\":\"https:\\\/\\\/secure.gravatar.com\\\/avatar\\\/78a7f90c01fc2bfc875782a0d4922b37cde2cf184ce347b91316d23cd7f69a36?s=96&d=mm&r=g\",\"contentUrl\":\"https:\\\/\\\/secure.gravatar.com\\\/avatar\\\/78a7f90c01fc2bfc875782a0d4922b37cde2cf184ce347b91316d23cd7f69a36?s=96&d=mm&r=g\",\"caption\":\"galledia\"},\"sameAs\":[\"https:\\\/\\\/x.com\\\/admin\"],\"url\":\"https:\\\/\\\/www.organisator.ch\\\/it\\\/author\\\/galledia\\\/\"}]}<\/script>\n<!-- \/ Yoast SEO plugin. -->","yoast_head_json":{"title":"Scetticismo e opportunit\u00e0: ecco come i tedeschi vedono i contenuti generati dall'intelligenza artificiale - Organizzatore","description":"Lo dimostra un recente studio di YouGov: In Germania, le opinioni sull'IA generativa nella creazione di contenuti sono discordanti.","robots":{"index":"index","follow":"follow","max-snippet":"max-snippet:-1","max-image-preview":"max-image-preview:large","max-video-preview":"max-video-preview:-1"},"canonical":"https:\/\/www.organisator.ch\/it\/marketing\/2025-05-25\/skepsis-und-chancen-so-sehen-die-deutschen-ki-generierte-inhalte\/","og_locale":"it_IT","og_type":"article","og_title":"Skepsis und Chancen: So sehen die Deutschen KI-generierte Inhalte - Organisator","og_description":"Eine aktuelle YouGov-Studie zeigt: In Deutschland sind die Meinungen zur generativen KI in der Content-Erstellung gespalten.","og_url":"https:\/\/www.organisator.ch\/it\/marketing\/2025-05-25\/skepsis-und-chancen-so-sehen-die-deutschen-ki-generierte-inhalte\/","og_site_name":"Organisator","article_publisher":"https:\/\/www.facebook.com\/OrganisatorFachmagazin","article_published_time":"2025-05-25T13:52:51+00:00","article_modified_time":"2025-05-26T06:26:36+00:00","author":"galledia","twitter_card":"summary_large_image","twitter_creator":"@admin","schema":{"@context":"https:\/\/schema.org","@graph":[{"@type":"Article","@id":"https:\/\/www.organisator.ch\/marketing\/2025-05-25\/skepsis-und-chancen-so-sehen-die-deutschen-ki-generierte-inhalte\/#article","isPartOf":{"@id":"https:\/\/www.organisator.ch\/marketing\/2025-05-25\/skepsis-und-chancen-so-sehen-die-deutschen-ki-generierte-inhalte\/"},"author":{"name":"galledia","@id":"https:\/\/www.organisator.ch\/#\/schema\/person\/4e51799071cd2dd1232ac003643ef5f0"},"headline":"Skepsis und Chancen: So sehen die Deutschen KI-generierte Inhalte","datePublished":"2025-05-25T13:52:51+00:00","dateModified":"2025-05-26T06:26:36+00:00","mainEntityOfPage":{"@id":"https:\/\/www.organisator.ch\/marketing\/2025-05-25\/skepsis-und-chancen-so-sehen-die-deutschen-ki-generierte-inhalte\/"},"wordCount":365,"publisher":{"@id":"https:\/\/www.organisator.ch\/#organization"},"image":{"@id":"https:\/\/www.organisator.ch\/marketing\/2025-05-25\/skepsis-und-chancen-so-sehen-die-deutschen-ki-generierte-inhalte\/#primaryimage"},"thumbnailUrl":"https:\/\/www.markt-kom.com\/wp-content\/uploads\/2025\/05\/YouGov-Germany-Generative-AI-in-media-Report-2025-1.jpg","keywords":["DExAT","K\u00fcnstliche Intelligenz","MarKom","Studie","Yougov"],"articleSection":["MARKETING"],"inLanguage":"it-IT"},{"@type":"WebPage","@id":"https:\/\/www.organisator.ch\/marketing\/2025-05-25\/skepsis-und-chancen-so-sehen-die-deutschen-ki-generierte-inhalte\/","url":"https:\/\/www.organisator.ch\/marketing\/2025-05-25\/skepsis-und-chancen-so-sehen-die-deutschen-ki-generierte-inhalte\/","name":"Scetticismo e opportunit\u00e0: ecco come i tedeschi vedono i contenuti generati dall'intelligenza artificiale - Organizzatore","isPartOf":{"@id":"https:\/\/www.organisator.ch\/#website"},"primaryImageOfPage":{"@id":"https:\/\/www.organisator.ch\/marketing\/2025-05-25\/skepsis-und-chancen-so-sehen-die-deutschen-ki-generierte-inhalte\/#primaryimage"},"image":{"@id":"https:\/\/www.organisator.ch\/marketing\/2025-05-25\/skepsis-und-chancen-so-sehen-die-deutschen-ki-generierte-inhalte\/#primaryimage"},"thumbnailUrl":"https:\/\/www.markt-kom.com\/wp-content\/uploads\/2025\/05\/YouGov-Germany-Generative-AI-in-media-Report-2025-1.jpg","datePublished":"2025-05-25T13:52:51+00:00","dateModified":"2025-05-26T06:26:36+00:00","description":"Lo dimostra un recente studio di YouGov: In Germania, le opinioni sull'IA generativa nella creazione di contenuti sono discordanti.","breadcrumb":{"@id":"https:\/\/www.organisator.ch\/marketing\/2025-05-25\/skepsis-und-chancen-so-sehen-die-deutschen-ki-generierte-inhalte\/#breadcrumb"},"inLanguage":"it-IT","potentialAction":[{"@type":"ReadAction","target":["https:\/\/www.organisator.ch\/marketing\/2025-05-25\/skepsis-und-chancen-so-sehen-die-deutschen-ki-generierte-inhalte\/"]}]},{"@type":"ImageObject","inLanguage":"it-IT","@id":"https:\/\/www.organisator.ch\/marketing\/2025-05-25\/skepsis-und-chancen-so-sehen-die-deutschen-ki-generierte-inhalte\/#primaryimage","url":"https:\/\/www.markt-kom.com\/wp-content\/uploads\/2025\/05\/YouGov-Germany-Generative-AI-in-media-Report-2025-1.jpg","contentUrl":"https:\/\/www.markt-kom.com\/wp-content\/uploads\/2025\/05\/YouGov-Germany-Generative-AI-in-media-Report-2025-1.jpg"},{"@type":"BreadcrumbList","@id":"https:\/\/www.organisator.ch\/marketing\/2025-05-25\/skepsis-und-chancen-so-sehen-die-deutschen-ki-generierte-inhalte\/#breadcrumb","itemListElement":[{"@type":"ListItem","position":1,"name":"Home","item":"https:\/\/www.organisator.ch\/"},{"@type":"ListItem","position":2,"name":"Skepsis und Chancen: So sehen die Deutschen KI-generierte Inhalte"}]},{"@type":"WebSite","@id":"https:\/\/www.organisator.ch\/#website","url":"https:\/\/www.organisator.ch\/","name":"Organizzatore","description":"Competente. Pratico. In 10 numeri all'anno, ORGANISATOR presenta i temi essenziali per i manager delle PMI.","publisher":{"@id":"https:\/\/www.organisator.ch\/#organization"},"potentialAction":[{"@type":"SearchAction","target":{"@type":"EntryPoint","urlTemplate":"https:\/\/www.organisator.ch\/?s={search_term_string}"},"query-input":{"@type":"PropertyValueSpecification","valueRequired":true,"valueName":"search_term_string"}}],"inLanguage":"it-IT"},{"@type":"Organization","@id":"https:\/\/www.organisator.ch\/#organization","name":"Organizzatore","url":"https:\/\/www.organisator.ch\/","logo":{"@type":"ImageObject","inLanguage":"it-IT","@id":"https:\/\/www.organisator.ch\/#\/schema\/logo\/image\/","url":"https:\/\/www.organisator.ch\/wp-content\/uploads\/2022\/01\/Logo_Organisator_Website.png","contentUrl":"https:\/\/www.organisator.ch\/wp-content\/uploads\/2022\/01\/Logo_Organisator_Website.png","width":800,"height":77,"caption":"Organisator"},"image":{"@id":"https:\/\/www.organisator.ch\/#\/schema\/logo\/image\/"},"sameAs":["https:\/\/www.facebook.com\/OrganisatorFachmagazin","https:\/\/www.linkedin.com\/showcase\/organisator-das-magazin-fr-kmu","https:\/\/www.xing.com\/news\/pages\/organisator-ch-695","https:\/\/www.youtube.com\/channel\/UCGP2Sq0iWaZwT3BdIAQFYpw"]},{"@type":"Person","@id":"https:\/\/www.organisator.ch\/#\/schema\/person\/4e51799071cd2dd1232ac003643ef5f0","name":"galledia","image":{"@type":"ImageObject","inLanguage":"it-IT","@id":"https:\/\/secure.gravatar.com\/avatar\/78a7f90c01fc2bfc875782a0d4922b37cde2cf184ce347b91316d23cd7f69a36?s=96&d=mm&r=g","url":"https:\/\/secure.gravatar.com\/avatar\/78a7f90c01fc2bfc875782a0d4922b37cde2cf184ce347b91316d23cd7f69a36?s=96&d=mm&r=g","contentUrl":"https:\/\/secure.gravatar.com\/avatar\/78a7f90c01fc2bfc875782a0d4922b37cde2cf184ce347b91316d23cd7f69a36?s=96&d=mm&r=g","caption":"galledia"},"sameAs":["https:\/\/x.com\/admin"],"url":"https:\/\/www.organisator.ch\/it\/author\/galledia\/"}]}},"_links":{"self":[{"href":"https:\/\/www.organisator.ch\/it\/wp-json\/wp\/v2\/posts\/38559","targetHints":{"allow":["GET"]}}],"collection":[{"href":"https:\/\/www.organisator.ch\/it\/wp-json\/wp\/v2\/posts"}],"about":[{"href":"https:\/\/www.organisator.ch\/it\/wp-json\/wp\/v2\/types\/post"}],"author":[{"embeddable":true,"href":"https:\/\/www.organisator.ch\/it\/wp-json\/wp\/v2\/users\/8"}],"replies":[{"embeddable":true,"href":"https:\/\/www.organisator.ch\/it\/wp-json\/wp\/v2\/comments?post=38559"}],"version-history":[{"count":4,"href":"https:\/\/www.organisator.ch\/it\/wp-json\/wp\/v2\/posts\/38559\/revisions"}],"predecessor-version":[{"id":38567,"href":"https:\/\/www.organisator.ch\/it\/wp-json\/wp\/v2\/posts\/38559\/revisions\/38567"}],"wp:attachment":[{"href":"https:\/\/www.organisator.ch\/it\/wp-json\/wp\/v2\/media?parent=38559"}],"wp:term":[{"taxonomy":"category","embeddable":true,"href":"https:\/\/www.organisator.ch\/it\/wp-json\/wp\/v2\/categories?post=38559"},{"taxonomy":"post_tag","embeddable":true,"href":"https:\/\/www.organisator.ch\/it\/wp-json\/wp\/v2\/tags?post=38559"}],"curies":[{"name":"wp","href":"https:\/\/api.w.org\/{rel}","templated":true}]}}