{"id":38577,"date":"2025-05-27T08:12:25","date_gmt":"2025-05-27T06:12:25","guid":{"rendered":"https:\/\/www.markt-kom.com\/?p=235306"},"modified":"2025-05-26T17:03:21","modified_gmt":"2025-05-26T15:03:21","slug":"erster-schweizer-pricing-kongress-startet-in-zuerich","status":"publish","type":"post","link":"https:\/\/www.organisator.ch\/it\/marketing\/2025-05-27\/erster-schweizer-pricing-kongress-startet-in-zuerich\/","title":{"rendered":"Al via a Zurigo il primo Congresso svizzero sui prezzi"},"content":{"rendered":"<p><a href=\"https:\/\/www.markt-kom.com\/wp-content\/uploads\/2025\/05\/SPK25.jpg\"><img class=\"aligncenter size-full wp-image-235307\" src=\"https:\/\/www.markt-kom.com\/wp-content\/uploads\/2025\/05\/SPK25.jpg\" sizes=\"(max-width: 780px) 100vw, 780px\" srcset=\"https:\/\/www.markt-kom.com\/wp-content\/uploads\/2025\/05\/SPK25.jpg 780w, https:\/\/www.markt-kom.com\/wp-content\/uploads\/2025\/05\/SPK25-600x346.jpg 600w, https:\/\/www.markt-kom.com\/wp-content\/uploads\/2025\/05\/SPK25-768x443.jpg 768w, https:\/\/www.markt-kom.com\/wp-content\/uploads\/2025\/05\/SPK25-18x10.jpg 18w, https:\/\/www.markt-kom.com\/wp-content\/uploads\/2025\/05\/SPK25-303x175.jpg 303w, https:\/\/www.markt-kom.com\/wp-content\/uploads\/2025\/05\/SPK25-607x350.jpg 607w\" alt=\"\" width=\"780\" height=\"450\" \/><\/a><\/p>\r\n<p>Il 23 giugno, il Dolder Grand di Zurigo ospiter\u00e0 l'evento <a href=\"https:\/\/www.pricing-kongress.ch\/\">Primo Congresso svizzero sui prezzi<\/a> si svolge. L'evento si rivolge ai manager che non lasciano il prezzo al loro istinto, ma lo considerano un fattore centrale nella competizione.<\/p>\r\n<h3><strong>La Svizzera attraverso il marchio e il margine<\/strong><\/h3>\r\n<p>Swiss, filiale di Lufthansa, apre con una panoramica sulla sua architettura tariffaria differenziata. Al centro c'\u00e8 la questione di come la disponibilit\u00e0 a pagare, le vendite aggiuntive e i canali di distribuzione si uniscano per formare un sistema economicamente valido e in grado di rafforzare il marchio.<\/p>\r\n<h3><strong>Come gli algoritmi determinano il prezzo<\/strong><\/h3>\r\n<p>Oliver Pabst di Readalpine mostrer\u00e0 come i modelli di utilizzo supportati dall'intelligenza artificiale stiano mettendo in discussione il classico modello di abbonamento. Quando l'intelligenza artificiale abilita i servizi basati sull'uso, non cambiano solo i prezzi, ma anche intere logiche commerciali. Il significato di tutto ci\u00f2 per le aziende di software e gli insegnamenti che altri settori possono trarre da questo fenomeno sono al centro della sua presentazione.<\/p>\r\n<p>Robin Simon, CEO di Treema, mostrer\u00e0 inoltre come i valori svizzeri, quali la protezione e la sovranit\u00e0 dei dati, possano essere tradotti in un modello di pricing stabile. Anche il dottor Fabian Uhrich del Politecnico di Zurigo contribuir\u00e0 con la prospettiva dell'economia comportamentale. Utilizzer\u00e0 degli esempi per mostrare come i bias cognitivi influenzino le decisioni sui prezzi e possano essere utilizzati in modo strategico.<\/p>\r\n<h3><strong>Abbonamento? S\u00ec, ma con sentimento, per favore<\/strong><\/h3>\r\n<p>Frank Gehrig della societ\u00e0 di consulenza per l'innovazione Hy mostra come funzionano oggi i modelli di abbonamento. Dall'acquisizione dei clienti alla loro formazione e aggiornamento, passando per le soglie psicologiche di prezzo. Infine, Samy Liechti ripercorre i suoi molti anni di esperienza nell'e-commerce presso Blacksocks.<\/p>\r\n<hr \/>\r\n<p><em>La prima edizione dello Swiss Pricing Congress si svolger\u00e0 nell'ambito dello Swiss Brand Congress. A partire dalle 14.00, l'attenzione si concentrer\u00e0 sul pricing come attivit\u00e0 analitica. M&amp;k \u00e8 media partner. Vai alla registrazione <a href=\"https:\/\/www.pricing-kongress.ch\/\">qui<\/a>.<\/em><\/p>","protected":false},"excerpt":{"rendered":"<p>I prezzi sono decisioni strategiche che influenzano direttamente la gestione del marchio, la posizione sul mercato e, soprattutto, il margine ottenuto. Il Pricing Congress del 23 giugno si rivolge ai manager che considerano i prezzi non come un gioco di numeri, ma come un fattore competitivo.<\/p>","protected":false},"author":8,"featured_media":0,"comment_status":"closed","ping_status":"closed","sticky":false,"template":"","format":"standard","meta":{"_acf_changed":false,"_yoast_wpseo_focuskw":"Pricing Kongress","_yoast_wpseo_metadesc":"Der Pricing Kongress vom 23. Juni richtet sich an F\u00fchrungskr\u00e4fte, die Pricing nicht als Zahlenspiel, sondern als Wettbewerbsfaktor verstehen.","articlekey":"","footnotes":""},"categories":[29],"tags":[4343,5361,2817],"class_list":["post-38577","post","type-post","status-publish","format-standard","hentry","category-marketing","tag-markom","tag-pricing-kongress","tag-schweizer-markenkongress"],"acf":[],"yoast_head":"<!-- This site is optimized with the Yoast SEO plugin v27.4 - https:\/\/yoast.com\/product\/yoast-seo-wordpress\/ -->\n<title>Erster Schweizer Pricing Kongress startet in Z\u00fcrich - Organisator<\/title>\n<meta name=\"description\" content=\"Der Pricing Kongress vom 23. Juni richtet sich an F\u00fchrungskr\u00e4fte, die Pricing nicht als Zahlenspiel, sondern als Wettbewerbsfaktor verstehen.\" \/>\n<meta name=\"robots\" content=\"index, follow, max-snippet:-1, max-image-preview:large, max-video-preview:-1\" \/>\n<link rel=\"canonical\" href=\"https:\/\/www.organisator.ch\/it\/marketing\/2025-05-27\/erster-schweizer-pricing-kongress-startet-in-zuerich\/\" \/>\n<meta property=\"og:locale\" content=\"it_IT\" \/>\n<meta property=\"og:type\" content=\"article\" \/>\n<meta property=\"og:title\" content=\"Erster Schweizer Pricing Kongress startet in Z\u00fcrich - Organisator\" \/>\n<meta property=\"og:description\" content=\"Der Pricing Kongress vom 23. Juni richtet sich an F\u00fchrungskr\u00e4fte, die Pricing nicht als Zahlenspiel, sondern als Wettbewerbsfaktor verstehen.\" \/>\n<meta property=\"og:url\" content=\"https:\/\/www.organisator.ch\/it\/marketing\/2025-05-27\/erster-schweizer-pricing-kongress-startet-in-zuerich\/\" \/>\n<meta property=\"og:site_name\" content=\"Organisator\" \/>\n<meta property=\"article:publisher\" content=\"https:\/\/www.facebook.com\/OrganisatorFachmagazin\" \/>\n<meta property=\"article:published_time\" content=\"2025-05-27T06:12:25+00:00\" \/>\n<meta name=\"author\" content=\"galledia\" \/>\n<meta name=\"twitter:card\" content=\"summary_large_image\" \/>\n<meta name=\"twitter:creator\" content=\"@admin\" \/>\n<script type=\"application\/ld+json\" class=\"yoast-schema-graph\">{\"@context\":\"https:\\\/\\\/schema.org\",\"@graph\":[{\"@type\":\"Article\",\"@id\":\"https:\\\/\\\/www.organisator.ch\\\/marketing\\\/2025-05-27\\\/erster-schweizer-pricing-kongress-startet-in-zuerich\\\/#article\",\"isPartOf\":{\"@id\":\"https:\\\/\\\/www.organisator.ch\\\/marketing\\\/2025-05-27\\\/erster-schweizer-pricing-kongress-startet-in-zuerich\\\/\"},\"author\":{\"name\":\"galledia\",\"@id\":\"https:\\\/\\\/www.organisator.ch\\\/#\\\/schema\\\/person\\\/4e51799071cd2dd1232ac003643ef5f0\"},\"headline\":\"Erster Schweizer Pricing Kongress startet in Z\u00fcrich\",\"datePublished\":\"2025-05-27T06:12:25+00:00\",\"mainEntityOfPage\":{\"@id\":\"https:\\\/\\\/www.organisator.ch\\\/marketing\\\/2025-05-27\\\/erster-schweizer-pricing-kongress-startet-in-zuerich\\\/\"},\"wordCount\":277,\"publisher\":{\"@id\":\"https:\\\/\\\/www.organisator.ch\\\/#organization\"},\"image\":{\"@id\":\"https:\\\/\\\/www.organisator.ch\\\/marketing\\\/2025-05-27\\\/erster-schweizer-pricing-kongress-startet-in-zuerich\\\/#primaryimage\"},\"thumbnailUrl\":\"https:\\\/\\\/www.markt-kom.com\\\/wp-content\\\/uploads\\\/2025\\\/05\\\/SPK25.jpg\",\"keywords\":[\"MarKom\",\"Pricing Kongress\",\"Schweizer Markenkongress\"],\"articleSection\":[\"MARKETING\"],\"inLanguage\":\"it-IT\"},{\"@type\":\"WebPage\",\"@id\":\"https:\\\/\\\/www.organisator.ch\\\/marketing\\\/2025-05-27\\\/erster-schweizer-pricing-kongress-startet-in-zuerich\\\/\",\"url\":\"https:\\\/\\\/www.organisator.ch\\\/marketing\\\/2025-05-27\\\/erster-schweizer-pricing-kongress-startet-in-zuerich\\\/\",\"name\":\"Erster Schweizer Pricing Kongress startet in Z\u00fcrich - Organisator\",\"isPartOf\":{\"@id\":\"https:\\\/\\\/www.organisator.ch\\\/#website\"},\"primaryImageOfPage\":{\"@id\":\"https:\\\/\\\/www.organisator.ch\\\/marketing\\\/2025-05-27\\\/erster-schweizer-pricing-kongress-startet-in-zuerich\\\/#primaryimage\"},\"image\":{\"@id\":\"https:\\\/\\\/www.organisator.ch\\\/marketing\\\/2025-05-27\\\/erster-schweizer-pricing-kongress-startet-in-zuerich\\\/#primaryimage\"},\"thumbnailUrl\":\"https:\\\/\\\/www.markt-kom.com\\\/wp-content\\\/uploads\\\/2025\\\/05\\\/SPK25.jpg\",\"datePublished\":\"2025-05-27T06:12:25+00:00\",\"description\":\"Der Pricing Kongress vom 23. Juni richtet sich an F\u00fchrungskr\u00e4fte, die Pricing nicht als Zahlenspiel, sondern als Wettbewerbsfaktor verstehen.\",\"breadcrumb\":{\"@id\":\"https:\\\/\\\/www.organisator.ch\\\/marketing\\\/2025-05-27\\\/erster-schweizer-pricing-kongress-startet-in-zuerich\\\/#breadcrumb\"},\"inLanguage\":\"it-IT\",\"potentialAction\":[{\"@type\":\"ReadAction\",\"target\":[\"https:\\\/\\\/www.organisator.ch\\\/marketing\\\/2025-05-27\\\/erster-schweizer-pricing-kongress-startet-in-zuerich\\\/\"]}]},{\"@type\":\"ImageObject\",\"inLanguage\":\"it-IT\",\"@id\":\"https:\\\/\\\/www.organisator.ch\\\/marketing\\\/2025-05-27\\\/erster-schweizer-pricing-kongress-startet-in-zuerich\\\/#primaryimage\",\"url\":\"https:\\\/\\\/www.markt-kom.com\\\/wp-content\\\/uploads\\\/2025\\\/05\\\/SPK25.jpg\",\"contentUrl\":\"https:\\\/\\\/www.markt-kom.com\\\/wp-content\\\/uploads\\\/2025\\\/05\\\/SPK25.jpg\"},{\"@type\":\"BreadcrumbList\",\"@id\":\"https:\\\/\\\/www.organisator.ch\\\/marketing\\\/2025-05-27\\\/erster-schweizer-pricing-kongress-startet-in-zuerich\\\/#breadcrumb\",\"itemListElement\":[{\"@type\":\"ListItem\",\"position\":1,\"name\":\"Home\",\"item\":\"https:\\\/\\\/www.organisator.ch\\\/\"},{\"@type\":\"ListItem\",\"position\":2,\"name\":\"Erster Schweizer Pricing Kongress startet in Z\u00fcrich\"}]},{\"@type\":\"WebSite\",\"@id\":\"https:\\\/\\\/www.organisator.ch\\\/#website\",\"url\":\"https:\\\/\\\/www.organisator.ch\\\/\",\"name\":\"Organisator\",\"description\":\"Kompetent. Praxisnah. Der ORGANISATOR bereitet in 10 Ausgaben pro Jahr die wesentlichen Themen f\u00fcr F\u00fchrungskr\u00e4fte von KMU auf.\",\"publisher\":{\"@id\":\"https:\\\/\\\/www.organisator.ch\\\/#organization\"},\"potentialAction\":[{\"@type\":\"SearchAction\",\"target\":{\"@type\":\"EntryPoint\",\"urlTemplate\":\"https:\\\/\\\/www.organisator.ch\\\/?s={search_term_string}\"},\"query-input\":{\"@type\":\"PropertyValueSpecification\",\"valueRequired\":true,\"valueName\":\"search_term_string\"}}],\"inLanguage\":\"it-IT\"},{\"@type\":\"Organization\",\"@id\":\"https:\\\/\\\/www.organisator.ch\\\/#organization\",\"name\":\"Organisator\",\"url\":\"https:\\\/\\\/www.organisator.ch\\\/\",\"logo\":{\"@type\":\"ImageObject\",\"inLanguage\":\"it-IT\",\"@id\":\"https:\\\/\\\/www.organisator.ch\\\/#\\\/schema\\\/logo\\\/image\\\/\",\"url\":\"https:\\\/\\\/www.organisator.ch\\\/wp-content\\\/uploads\\\/2022\\\/01\\\/Logo_Organisator_Website.png\",\"contentUrl\":\"https:\\\/\\\/www.organisator.ch\\\/wp-content\\\/uploads\\\/2022\\\/01\\\/Logo_Organisator_Website.png\",\"width\":800,\"height\":77,\"caption\":\"Organisator\"},\"image\":{\"@id\":\"https:\\\/\\\/www.organisator.ch\\\/#\\\/schema\\\/logo\\\/image\\\/\"},\"sameAs\":[\"https:\\\/\\\/www.facebook.com\\\/OrganisatorFachmagazin\",\"https:\\\/\\\/www.linkedin.com\\\/showcase\\\/organisator-das-magazin-fr-kmu\",\"https:\\\/\\\/www.xing.com\\\/news\\\/pages\\\/organisator-ch-695\",\"https:\\\/\\\/www.youtube.com\\\/channel\\\/UCGP2Sq0iWaZwT3BdIAQFYpw\"]},{\"@type\":\"Person\",\"@id\":\"https:\\\/\\\/www.organisator.ch\\\/#\\\/schema\\\/person\\\/4e51799071cd2dd1232ac003643ef5f0\",\"name\":\"galledia\",\"image\":{\"@type\":\"ImageObject\",\"inLanguage\":\"it-IT\",\"@id\":\"https:\\\/\\\/secure.gravatar.com\\\/avatar\\\/78a7f90c01fc2bfc875782a0d4922b37cde2cf184ce347b91316d23cd7f69a36?s=96&d=mm&r=g\",\"url\":\"https:\\\/\\\/secure.gravatar.com\\\/avatar\\\/78a7f90c01fc2bfc875782a0d4922b37cde2cf184ce347b91316d23cd7f69a36?s=96&d=mm&r=g\",\"contentUrl\":\"https:\\\/\\\/secure.gravatar.com\\\/avatar\\\/78a7f90c01fc2bfc875782a0d4922b37cde2cf184ce347b91316d23cd7f69a36?s=96&d=mm&r=g\",\"caption\":\"galledia\"},\"sameAs\":[\"https:\\\/\\\/x.com\\\/admin\"],\"url\":\"https:\\\/\\\/www.organisator.ch\\\/it\\\/author\\\/galledia\\\/\"}]}<\/script>\n<!-- \/ Yoast SEO plugin. -->","yoast_head_json":{"title":"Il primo Congresso svizzero sui prezzi inizia a Zurigo - Organizzatore","description":"Il Pricing Congress del 23 giugno si rivolge ai manager che vedono il pricing non come un gioco di numeri, ma come un fattore competitivo.","robots":{"index":"index","follow":"follow","max-snippet":"max-snippet:-1","max-image-preview":"max-image-preview:large","max-video-preview":"max-video-preview:-1"},"canonical":"https:\/\/www.organisator.ch\/it\/marketing\/2025-05-27\/erster-schweizer-pricing-kongress-startet-in-zuerich\/","og_locale":"it_IT","og_type":"article","og_title":"Erster Schweizer Pricing Kongress startet in Z\u00fcrich - Organisator","og_description":"Der Pricing Kongress vom 23. Juni richtet sich an F\u00fchrungskr\u00e4fte, die Pricing nicht als Zahlenspiel, sondern als Wettbewerbsfaktor verstehen.","og_url":"https:\/\/www.organisator.ch\/it\/marketing\/2025-05-27\/erster-schweizer-pricing-kongress-startet-in-zuerich\/","og_site_name":"Organisator","article_publisher":"https:\/\/www.facebook.com\/OrganisatorFachmagazin","article_published_time":"2025-05-27T06:12:25+00:00","author":"galledia","twitter_card":"summary_large_image","twitter_creator":"@admin","schema":{"@context":"https:\/\/schema.org","@graph":[{"@type":"Article","@id":"https:\/\/www.organisator.ch\/marketing\/2025-05-27\/erster-schweizer-pricing-kongress-startet-in-zuerich\/#article","isPartOf":{"@id":"https:\/\/www.organisator.ch\/marketing\/2025-05-27\/erster-schweizer-pricing-kongress-startet-in-zuerich\/"},"author":{"name":"galledia","@id":"https:\/\/www.organisator.ch\/#\/schema\/person\/4e51799071cd2dd1232ac003643ef5f0"},"headline":"Erster Schweizer Pricing Kongress startet in Z\u00fcrich","datePublished":"2025-05-27T06:12:25+00:00","mainEntityOfPage":{"@id":"https:\/\/www.organisator.ch\/marketing\/2025-05-27\/erster-schweizer-pricing-kongress-startet-in-zuerich\/"},"wordCount":277,"publisher":{"@id":"https:\/\/www.organisator.ch\/#organization"},"image":{"@id":"https:\/\/www.organisator.ch\/marketing\/2025-05-27\/erster-schweizer-pricing-kongress-startet-in-zuerich\/#primaryimage"},"thumbnailUrl":"https:\/\/www.markt-kom.com\/wp-content\/uploads\/2025\/05\/SPK25.jpg","keywords":["MarKom","Pricing Kongress","Schweizer Markenkongress"],"articleSection":["MARKETING"],"inLanguage":"it-IT"},{"@type":"WebPage","@id":"https:\/\/www.organisator.ch\/marketing\/2025-05-27\/erster-schweizer-pricing-kongress-startet-in-zuerich\/","url":"https:\/\/www.organisator.ch\/marketing\/2025-05-27\/erster-schweizer-pricing-kongress-startet-in-zuerich\/","name":"Il primo Congresso svizzero sui prezzi inizia a Zurigo - Organizzatore","isPartOf":{"@id":"https:\/\/www.organisator.ch\/#website"},"primaryImageOfPage":{"@id":"https:\/\/www.organisator.ch\/marketing\/2025-05-27\/erster-schweizer-pricing-kongress-startet-in-zuerich\/#primaryimage"},"image":{"@id":"https:\/\/www.organisator.ch\/marketing\/2025-05-27\/erster-schweizer-pricing-kongress-startet-in-zuerich\/#primaryimage"},"thumbnailUrl":"https:\/\/www.markt-kom.com\/wp-content\/uploads\/2025\/05\/SPK25.jpg","datePublished":"2025-05-27T06:12:25+00:00","description":"Il Pricing Congress del 23 giugno si rivolge ai manager che vedono il pricing non come un gioco di numeri, ma come un fattore competitivo.","breadcrumb":{"@id":"https:\/\/www.organisator.ch\/marketing\/2025-05-27\/erster-schweizer-pricing-kongress-startet-in-zuerich\/#breadcrumb"},"inLanguage":"it-IT","potentialAction":[{"@type":"ReadAction","target":["https:\/\/www.organisator.ch\/marketing\/2025-05-27\/erster-schweizer-pricing-kongress-startet-in-zuerich\/"]}]},{"@type":"ImageObject","inLanguage":"it-IT","@id":"https:\/\/www.organisator.ch\/marketing\/2025-05-27\/erster-schweizer-pricing-kongress-startet-in-zuerich\/#primaryimage","url":"https:\/\/www.markt-kom.com\/wp-content\/uploads\/2025\/05\/SPK25.jpg","contentUrl":"https:\/\/www.markt-kom.com\/wp-content\/uploads\/2025\/05\/SPK25.jpg"},{"@type":"BreadcrumbList","@id":"https:\/\/www.organisator.ch\/marketing\/2025-05-27\/erster-schweizer-pricing-kongress-startet-in-zuerich\/#breadcrumb","itemListElement":[{"@type":"ListItem","position":1,"name":"Home","item":"https:\/\/www.organisator.ch\/"},{"@type":"ListItem","position":2,"name":"Erster Schweizer Pricing Kongress startet in Z\u00fcrich"}]},{"@type":"WebSite","@id":"https:\/\/www.organisator.ch\/#website","url":"https:\/\/www.organisator.ch\/","name":"Organizzatore","description":"Competente. Pratico. In 10 numeri all'anno, ORGANISATOR presenta i temi essenziali per i manager delle PMI.","publisher":{"@id":"https:\/\/www.organisator.ch\/#organization"},"potentialAction":[{"@type":"SearchAction","target":{"@type":"EntryPoint","urlTemplate":"https:\/\/www.organisator.ch\/?s={search_term_string}"},"query-input":{"@type":"PropertyValueSpecification","valueRequired":true,"valueName":"search_term_string"}}],"inLanguage":"it-IT"},{"@type":"Organization","@id":"https:\/\/www.organisator.ch\/#organization","name":"Organizzatore","url":"https:\/\/www.organisator.ch\/","logo":{"@type":"ImageObject","inLanguage":"it-IT","@id":"https:\/\/www.organisator.ch\/#\/schema\/logo\/image\/","url":"https:\/\/www.organisator.ch\/wp-content\/uploads\/2022\/01\/Logo_Organisator_Website.png","contentUrl":"https:\/\/www.organisator.ch\/wp-content\/uploads\/2022\/01\/Logo_Organisator_Website.png","width":800,"height":77,"caption":"Organisator"},"image":{"@id":"https:\/\/www.organisator.ch\/#\/schema\/logo\/image\/"},"sameAs":["https:\/\/www.facebook.com\/OrganisatorFachmagazin","https:\/\/www.linkedin.com\/showcase\/organisator-das-magazin-fr-kmu","https:\/\/www.xing.com\/news\/pages\/organisator-ch-695","https:\/\/www.youtube.com\/channel\/UCGP2Sq0iWaZwT3BdIAQFYpw"]},{"@type":"Person","@id":"https:\/\/www.organisator.ch\/#\/schema\/person\/4e51799071cd2dd1232ac003643ef5f0","name":"galledia","image":{"@type":"ImageObject","inLanguage":"it-IT","@id":"https:\/\/secure.gravatar.com\/avatar\/78a7f90c01fc2bfc875782a0d4922b37cde2cf184ce347b91316d23cd7f69a36?s=96&d=mm&r=g","url":"https:\/\/secure.gravatar.com\/avatar\/78a7f90c01fc2bfc875782a0d4922b37cde2cf184ce347b91316d23cd7f69a36?s=96&d=mm&r=g","contentUrl":"https:\/\/secure.gravatar.com\/avatar\/78a7f90c01fc2bfc875782a0d4922b37cde2cf184ce347b91316d23cd7f69a36?s=96&d=mm&r=g","caption":"galledia"},"sameAs":["https:\/\/x.com\/admin"],"url":"https:\/\/www.organisator.ch\/it\/author\/galledia\/"}]}},"_links":{"self":[{"href":"https:\/\/www.organisator.ch\/it\/wp-json\/wp\/v2\/posts\/38577","targetHints":{"allow":["GET"]}}],"collection":[{"href":"https:\/\/www.organisator.ch\/it\/wp-json\/wp\/v2\/posts"}],"about":[{"href":"https:\/\/www.organisator.ch\/it\/wp-json\/wp\/v2\/types\/post"}],"author":[{"embeddable":true,"href":"https:\/\/www.organisator.ch\/it\/wp-json\/wp\/v2\/users\/8"}],"replies":[{"embeddable":true,"href":"https:\/\/www.organisator.ch\/it\/wp-json\/wp\/v2\/comments?post=38577"}],"version-history":[{"count":4,"href":"https:\/\/www.organisator.ch\/it\/wp-json\/wp\/v2\/posts\/38577\/revisions"}],"predecessor-version":[{"id":38600,"href":"https:\/\/www.organisator.ch\/it\/wp-json\/wp\/v2\/posts\/38577\/revisions\/38600"}],"wp:attachment":[{"href":"https:\/\/www.organisator.ch\/it\/wp-json\/wp\/v2\/media?parent=38577"}],"wp:term":[{"taxonomy":"category","embeddable":true,"href":"https:\/\/www.organisator.ch\/it\/wp-json\/wp\/v2\/categories?post=38577"},{"taxonomy":"post_tag","embeddable":true,"href":"https:\/\/www.organisator.ch\/it\/wp-json\/wp\/v2\/tags?post=38577"}],"curies":[{"name":"wp","href":"https:\/\/api.w.org\/{rel}","templated":true}]}}