{"id":38603,"date":"2025-05-27T16:06:41","date_gmt":"2025-05-27T14:06:41","guid":{"rendered":"https:\/\/www.markt-kom.com\/?p=235410"},"modified":"2025-05-27T16:52:59","modified_gmt":"2025-05-27T14:52:59","slug":"suva-und-bfu-lancieren-plattform-machs-richtig-ch","status":"publish","type":"post","link":"https:\/\/www.organisator.ch\/it\/operational-excellence\/2025-05-27\/suva-und-bfu-lancieren-plattform-machs-richtig-ch\/","title":{"rendered":"Suva e BFU lanciano la piattaforma \"machs-richtig.ch"},"content":{"rendered":"<p><img class=\"alignnone size-full wp-image-235411\" src=\"https:\/\/www.markt-kom.com\/wp-content\/uploads\/2025\/05\/Beitragsbild.png\" sizes=\"(max-width: 980px) 100vw, 980px\" srcset=\"https:\/\/www.markt-kom.com\/wp-content\/uploads\/2025\/05\/Beitragsbild.png 980w, https:\/\/www.markt-kom.com\/wp-content\/uploads\/2025\/05\/Beitragsbild-600x337.png 600w, https:\/\/www.markt-kom.com\/wp-content\/uploads\/2025\/05\/Beitragsbild-768x432.png 768w, https:\/\/www.markt-kom.com\/wp-content\/uploads\/2025\/05\/Beitragsbild-18x10.png 18w, https:\/\/www.markt-kom.com\/wp-content\/uploads\/2025\/05\/Beitragsbild-311x175.png 311w, https:\/\/www.markt-kom.com\/wp-content\/uploads\/2025\/05\/Beitragsbild-623x350.png 623w\" alt=\"\" width=\"980\" height=\"551\" \/><\/p>\r\n<p>Ogni anno 60.000 persone si infortunano durante il bricolage e il giardinaggio, secondo le ultime statistiche BFU sugli infortuni non professionali e sui livelli di sicurezza in Svizzera. Sono 5.000 in pi\u00f9 rispetto a dieci anni fa. Quasi la met\u00e0 di questi incidenti sono cadute.<\/p>\r\n<div>\r\n<p>Le analisi dell'Ufficio Statistico Svizzero per l'Assicurazione contro gli Infortuni (SSUV) dimostrano inoltre che i lavori di bricolage comportano solitamente lesioni superficiali causate da un utensile o che una scheggia o un frammento finiscono nell'occhio. Questi incidenti non sono solo dolorosi, ma causano anche 474 milioni di franchi svizzeri di costi materiali ogni anno, come spese mediche, danni materiali e perdita di lavoro e produzione.<\/p>\r\n<\/div>\r\n<h3 id=\"anchor-EBBBD991-7346-408D-A841-E4E05DE61EAE\" class=\"h3 sch-h3\">La frenesia e la disorganizzazione aumentano il rischio di incidenti.<\/h3>\r\n<div>\r\n<p>Molti incidenti accadono perch\u00e9 si vuole fare qualcosa in fretta. Si prende quello che c'\u00e8 in giro e si sale sullo sgabello della stanza, invece di procurarsi gli strumenti giusti e una scala robusta. Nella fretta si trascurano i pericoli e non si hanno a portata di mano i giusti dispositivi di protezione. Un altro fattore di rischio \u00e8 rappresentato dagli oggetti che giacciono in giro, come utensili, macchine o materiali che sono stati temporaneamente depositati. Si tratta di pericoli di inciampo che possono portare a brutte cadute, soprattutto sulle scale.<\/p>\r\n<\/div>\r\n<h3 id=\"anchor-41908D22-6F92-4D73-A4B1-87E3AEE1EC36\" class=\"h3 sch-h3\">Suggerimenti su machs-richtig.ch<\/h3>\r\n<div>\r\n<p>L'aumento degli incidenti in casa e in giardino ha spinto la Suva e la BFU a lanciare la nuova piattaforma di conoscenze\u00a0<a class=\"sux-text-link\" href=\"https:\/\/machs-richtig.ch\/\" rel=\"noopener\" data-analytics-event=\"cta_click\" data-analytics-type=\"link\" data-test-id=\"external\" data-analytics-title=\"machs-richtig.ch \">do-it-right.ch\u00a0 <\/a>per svilupparsi. Gli appassionati di bricolage e di giardinaggio per hobby non solo troveranno consigli pratici su come utilizzare in modo sicuro utensili e macchinari. Potranno anche scoprire quali dispositivi di protezione sono necessari per garantire il successo dei loro progetti.<\/p>\r\n<p>Guanti protettivi, occhiali di sicurezza o, a seconda del lavoro, una maschera protettiva e un casco possono aiutare a prevenire le lesioni. Anche gli strumenti giusti e le scale robuste, come una scala a piattaforma leggera, riducono il rischio di incidenti.<\/p>\r\n<p>I negozi specializzati svizzeri sostengono la campagna. Presso di loro \u00e8 possibile acquistare dispositivi di protezione personale come guanti, occhiali di sicurezza, scarpe di sicurezza o strumenti e ausili sicuri. I consigli pi\u00f9 importanti sono disponibili su machs-richtig.ch.<\/p>\r\n<\/div>","protected":false},"excerpt":{"rendered":"<p>Negli ultimi anni il numero di incidenti in casa e in giardino \u00e8 aumentato, per questo la Suva e la BFU hanno sviluppato la piattaforma \"machs-richtig.ch\". Essa fornisce agli appassionati del fai-da-te e ai giardinieri per hobby consigli pratici su come proteggersi dagli incidenti.<\/p>","protected":false},"author":8,"featured_media":0,"comment_status":"closed","ping_status":"closed","sticky":false,"template":"","format":"standard","meta":{"_acf_changed":false,"_yoast_wpseo_focuskw":"Suva und BFU","_yoast_wpseo_metadesc":"In Haus und Garten verunfallen immer mehr Menschen, deshalb haben Suva und BFU die Plattform \u00abmachs-richtig.ch\u00bb entwickelt.","articlekey":"","footnotes":""},"categories":[582],"tags":[53,3098,4343,463,3617],"class_list":["post-38603","post","type-post","status-publish","format-standard","hentry","category-operational-excellence","tag-arbeitssicherheit","tag-bfu","tag-markom","tag-suva","tag-unfallpraevention"],"acf":[],"yoast_head":"<!-- This site is optimized with the Yoast SEO plugin v27.5 - https:\/\/yoast.com\/product\/yoast-seo-wordpress\/ -->\n<title>Suva und BFU lancieren Plattform \u00abmachs-richtig.ch\u00bb - Organisator<\/title>\n<meta name=\"description\" content=\"In Haus und Garten verunfallen immer mehr Menschen, deshalb haben Suva und BFU die Plattform \u00abmachs-richtig.ch\u00bb entwickelt.\" \/>\n<meta name=\"robots\" content=\"index, follow, max-snippet:-1, max-image-preview:large, max-video-preview:-1\" \/>\n<link rel=\"canonical\" href=\"https:\/\/www.organisator.ch\/it\/eccellenza-operativa\/2025-05-27\/suva-und-bfu-lancieren-plattform-machs-richtig-ch\/\" \/>\n<meta property=\"og:locale\" content=\"it_IT\" \/>\n<meta property=\"og:type\" content=\"article\" \/>\n<meta property=\"og:title\" content=\"Suva und BFU lancieren Plattform \u00abmachs-richtig.ch\u00bb - Organisator\" \/>\n<meta property=\"og:description\" content=\"In Haus und Garten verunfallen immer mehr Menschen, deshalb haben Suva und BFU die Plattform \u00abmachs-richtig.ch\u00bb entwickelt.\" \/>\n<meta property=\"og:url\" content=\"https:\/\/www.organisator.ch\/it\/eccellenza-operativa\/2025-05-27\/suva-und-bfu-lancieren-plattform-machs-richtig-ch\/\" \/>\n<meta property=\"og:site_name\" content=\"Organisator\" \/>\n<meta property=\"article:publisher\" content=\"https:\/\/www.facebook.com\/OrganisatorFachmagazin\" \/>\n<meta property=\"article:published_time\" content=\"2025-05-27T14:06:41+00:00\" \/>\n<meta property=\"article:modified_time\" content=\"2025-05-27T14:52:59+00:00\" \/>\n<meta name=\"author\" content=\"galledia\" \/>\n<meta name=\"twitter:card\" content=\"summary_large_image\" \/>\n<meta name=\"twitter:creator\" content=\"@admin\" \/>\n<script type=\"application\/ld+json\" class=\"yoast-schema-graph\">{\"@context\":\"https:\\\/\\\/schema.org\",\"@graph\":[{\"@type\":\"Article\",\"@id\":\"https:\\\/\\\/www.organisator.ch\\\/operational-excellence\\\/2025-05-27\\\/suva-und-bfu-lancieren-plattform-machs-richtig-ch\\\/#article\",\"isPartOf\":{\"@id\":\"https:\\\/\\\/www.organisator.ch\\\/operational-excellence\\\/2025-05-27\\\/suva-und-bfu-lancieren-plattform-machs-richtig-ch\\\/\"},\"author\":{\"name\":\"galledia\",\"@id\":\"https:\\\/\\\/www.organisator.ch\\\/#\\\/schema\\\/person\\\/4e51799071cd2dd1232ac003643ef5f0\"},\"headline\":\"Suva und BFU lancieren Plattform \u00abmachs-richtig.ch\u00bb\",\"datePublished\":\"2025-05-27T14:06:41+00:00\",\"dateModified\":\"2025-05-27T14:52:59+00:00\",\"mainEntityOfPage\":{\"@id\":\"https:\\\/\\\/www.organisator.ch\\\/operational-excellence\\\/2025-05-27\\\/suva-und-bfu-lancieren-plattform-machs-richtig-ch\\\/\"},\"wordCount\":332,\"publisher\":{\"@id\":\"https:\\\/\\\/www.organisator.ch\\\/#organization\"},\"image\":{\"@id\":\"https:\\\/\\\/www.organisator.ch\\\/operational-excellence\\\/2025-05-27\\\/suva-und-bfu-lancieren-plattform-machs-richtig-ch\\\/#primaryimage\"},\"thumbnailUrl\":\"https:\\\/\\\/www.markt-kom.com\\\/wp-content\\\/uploads\\\/2025\\\/05\\\/Beitragsbild.png\",\"keywords\":[\"Arbeitssicherheit\",\"BFU\",\"MarKom\",\"SUVA\",\"Unfallpr\u00e4vention\"],\"articleSection\":[\"OPERATIONAL EXCELLENCE\"],\"inLanguage\":\"it-IT\"},{\"@type\":\"WebPage\",\"@id\":\"https:\\\/\\\/www.organisator.ch\\\/operational-excellence\\\/2025-05-27\\\/suva-und-bfu-lancieren-plattform-machs-richtig-ch\\\/\",\"url\":\"https:\\\/\\\/www.organisator.ch\\\/operational-excellence\\\/2025-05-27\\\/suva-und-bfu-lancieren-plattform-machs-richtig-ch\\\/\",\"name\":\"Suva und BFU lancieren Plattform \u00abmachs-richtig.ch\u00bb - Organisator\",\"isPartOf\":{\"@id\":\"https:\\\/\\\/www.organisator.ch\\\/#website\"},\"primaryImageOfPage\":{\"@id\":\"https:\\\/\\\/www.organisator.ch\\\/operational-excellence\\\/2025-05-27\\\/suva-und-bfu-lancieren-plattform-machs-richtig-ch\\\/#primaryimage\"},\"image\":{\"@id\":\"https:\\\/\\\/www.organisator.ch\\\/operational-excellence\\\/2025-05-27\\\/suva-und-bfu-lancieren-plattform-machs-richtig-ch\\\/#primaryimage\"},\"thumbnailUrl\":\"https:\\\/\\\/www.markt-kom.com\\\/wp-content\\\/uploads\\\/2025\\\/05\\\/Beitragsbild.png\",\"datePublished\":\"2025-05-27T14:06:41+00:00\",\"dateModified\":\"2025-05-27T14:52:59+00:00\",\"description\":\"In Haus und Garten verunfallen immer mehr Menschen, deshalb haben Suva und BFU die Plattform \u00abmachs-richtig.ch\u00bb entwickelt.\",\"breadcrumb\":{\"@id\":\"https:\\\/\\\/www.organisator.ch\\\/operational-excellence\\\/2025-05-27\\\/suva-und-bfu-lancieren-plattform-machs-richtig-ch\\\/#breadcrumb\"},\"inLanguage\":\"it-IT\",\"potentialAction\":[{\"@type\":\"ReadAction\",\"target\":[\"https:\\\/\\\/www.organisator.ch\\\/operational-excellence\\\/2025-05-27\\\/suva-und-bfu-lancieren-plattform-machs-richtig-ch\\\/\"]}]},{\"@type\":\"ImageObject\",\"inLanguage\":\"it-IT\",\"@id\":\"https:\\\/\\\/www.organisator.ch\\\/operational-excellence\\\/2025-05-27\\\/suva-und-bfu-lancieren-plattform-machs-richtig-ch\\\/#primaryimage\",\"url\":\"https:\\\/\\\/www.markt-kom.com\\\/wp-content\\\/uploads\\\/2025\\\/05\\\/Beitragsbild.png\",\"contentUrl\":\"https:\\\/\\\/www.markt-kom.com\\\/wp-content\\\/uploads\\\/2025\\\/05\\\/Beitragsbild.png\"},{\"@type\":\"BreadcrumbList\",\"@id\":\"https:\\\/\\\/www.organisator.ch\\\/operational-excellence\\\/2025-05-27\\\/suva-und-bfu-lancieren-plattform-machs-richtig-ch\\\/#breadcrumb\",\"itemListElement\":[{\"@type\":\"ListItem\",\"position\":1,\"name\":\"Home\",\"item\":\"https:\\\/\\\/www.organisator.ch\\\/\"},{\"@type\":\"ListItem\",\"position\":2,\"name\":\"Suva und BFU lancieren Plattform \u00abmachs-richtig.ch\u00bb\"}]},{\"@type\":\"WebSite\",\"@id\":\"https:\\\/\\\/www.organisator.ch\\\/#website\",\"url\":\"https:\\\/\\\/www.organisator.ch\\\/\",\"name\":\"Organisator\",\"description\":\"Kompetent. Praxisnah. Der ORGANISATOR bereitet in 10 Ausgaben pro Jahr die wesentlichen Themen f\u00fcr F\u00fchrungskr\u00e4fte von KMU auf.\",\"publisher\":{\"@id\":\"https:\\\/\\\/www.organisator.ch\\\/#organization\"},\"potentialAction\":[{\"@type\":\"SearchAction\",\"target\":{\"@type\":\"EntryPoint\",\"urlTemplate\":\"https:\\\/\\\/www.organisator.ch\\\/?s={search_term_string}\"},\"query-input\":{\"@type\":\"PropertyValueSpecification\",\"valueRequired\":true,\"valueName\":\"search_term_string\"}}],\"inLanguage\":\"it-IT\"},{\"@type\":\"Organization\",\"@id\":\"https:\\\/\\\/www.organisator.ch\\\/#organization\",\"name\":\"Organisator\",\"url\":\"https:\\\/\\\/www.organisator.ch\\\/\",\"logo\":{\"@type\":\"ImageObject\",\"inLanguage\":\"it-IT\",\"@id\":\"https:\\\/\\\/www.organisator.ch\\\/#\\\/schema\\\/logo\\\/image\\\/\",\"url\":\"https:\\\/\\\/www.organisator.ch\\\/wp-content\\\/uploads\\\/2022\\\/01\\\/Logo_Organisator_Website.png\",\"contentUrl\":\"https:\\\/\\\/www.organisator.ch\\\/wp-content\\\/uploads\\\/2022\\\/01\\\/Logo_Organisator_Website.png\",\"width\":800,\"height\":77,\"caption\":\"Organisator\"},\"image\":{\"@id\":\"https:\\\/\\\/www.organisator.ch\\\/#\\\/schema\\\/logo\\\/image\\\/\"},\"sameAs\":[\"https:\\\/\\\/www.facebook.com\\\/OrganisatorFachmagazin\",\"https:\\\/\\\/www.linkedin.com\\\/showcase\\\/organisator-das-magazin-fr-kmu\",\"https:\\\/\\\/www.xing.com\\\/news\\\/pages\\\/organisator-ch-695\",\"https:\\\/\\\/www.youtube.com\\\/channel\\\/UCGP2Sq0iWaZwT3BdIAQFYpw\"]},{\"@type\":\"Person\",\"@id\":\"https:\\\/\\\/www.organisator.ch\\\/#\\\/schema\\\/person\\\/4e51799071cd2dd1232ac003643ef5f0\",\"name\":\"galledia\",\"image\":{\"@type\":\"ImageObject\",\"inLanguage\":\"it-IT\",\"@id\":\"https:\\\/\\\/secure.gravatar.com\\\/avatar\\\/78a7f90c01fc2bfc875782a0d4922b37cde2cf184ce347b91316d23cd7f69a36?s=96&d=mm&r=g\",\"url\":\"https:\\\/\\\/secure.gravatar.com\\\/avatar\\\/78a7f90c01fc2bfc875782a0d4922b37cde2cf184ce347b91316d23cd7f69a36?s=96&d=mm&r=g\",\"contentUrl\":\"https:\\\/\\\/secure.gravatar.com\\\/avatar\\\/78a7f90c01fc2bfc875782a0d4922b37cde2cf184ce347b91316d23cd7f69a36?s=96&d=mm&r=g\",\"caption\":\"galledia\"},\"sameAs\":[\"https:\\\/\\\/x.com\\\/admin\"],\"url\":\"https:\\\/\\\/www.organisator.ch\\\/it\\\/author\\\/galledia\\\/\"}]}<\/script>\n<!-- \/ Yoast SEO plugin. -->","yoast_head_json":{"title":"Suva e BFU lanciano la piattaforma \"machs-richtig.ch\" - Organizzatore","description":"Sempre pi\u00f9 persone hanno incidenti in casa e in giardino, per questo la Suva e la BFU hanno sviluppato la piattaforma \"machs-richtig.ch\".","robots":{"index":"index","follow":"follow","max-snippet":"max-snippet:-1","max-image-preview":"max-image-preview:large","max-video-preview":"max-video-preview:-1"},"canonical":"https:\/\/www.organisator.ch\/it\/eccellenza-operativa\/2025-05-27\/suva-und-bfu-lancieren-plattform-machs-richtig-ch\/","og_locale":"it_IT","og_type":"article","og_title":"Suva und BFU lancieren Plattform \u00abmachs-richtig.ch\u00bb - Organisator","og_description":"In Haus und Garten verunfallen immer mehr Menschen, deshalb haben Suva und BFU die Plattform \u00abmachs-richtig.ch\u00bb entwickelt.","og_url":"https:\/\/www.organisator.ch\/it\/eccellenza-operativa\/2025-05-27\/suva-und-bfu-lancieren-plattform-machs-richtig-ch\/","og_site_name":"Organisator","article_publisher":"https:\/\/www.facebook.com\/OrganisatorFachmagazin","article_published_time":"2025-05-27T14:06:41+00:00","article_modified_time":"2025-05-27T14:52:59+00:00","author":"galledia","twitter_card":"summary_large_image","twitter_creator":"@admin","schema":{"@context":"https:\/\/schema.org","@graph":[{"@type":"Article","@id":"https:\/\/www.organisator.ch\/operational-excellence\/2025-05-27\/suva-und-bfu-lancieren-plattform-machs-richtig-ch\/#article","isPartOf":{"@id":"https:\/\/www.organisator.ch\/operational-excellence\/2025-05-27\/suva-und-bfu-lancieren-plattform-machs-richtig-ch\/"},"author":{"name":"galledia","@id":"https:\/\/www.organisator.ch\/#\/schema\/person\/4e51799071cd2dd1232ac003643ef5f0"},"headline":"Suva und BFU lancieren Plattform \u00abmachs-richtig.ch\u00bb","datePublished":"2025-05-27T14:06:41+00:00","dateModified":"2025-05-27T14:52:59+00:00","mainEntityOfPage":{"@id":"https:\/\/www.organisator.ch\/operational-excellence\/2025-05-27\/suva-und-bfu-lancieren-plattform-machs-richtig-ch\/"},"wordCount":332,"publisher":{"@id":"https:\/\/www.organisator.ch\/#organization"},"image":{"@id":"https:\/\/www.organisator.ch\/operational-excellence\/2025-05-27\/suva-und-bfu-lancieren-plattform-machs-richtig-ch\/#primaryimage"},"thumbnailUrl":"https:\/\/www.markt-kom.com\/wp-content\/uploads\/2025\/05\/Beitragsbild.png","keywords":["Arbeitssicherheit","BFU","MarKom","SUVA","Unfallpr\u00e4vention"],"articleSection":["OPERATIONAL EXCELLENCE"],"inLanguage":"it-IT"},{"@type":"WebPage","@id":"https:\/\/www.organisator.ch\/operational-excellence\/2025-05-27\/suva-und-bfu-lancieren-plattform-machs-richtig-ch\/","url":"https:\/\/www.organisator.ch\/operational-excellence\/2025-05-27\/suva-und-bfu-lancieren-plattform-machs-richtig-ch\/","name":"Suva e BFU lanciano la piattaforma \"machs-richtig.ch\" - Organizzatore","isPartOf":{"@id":"https:\/\/www.organisator.ch\/#website"},"primaryImageOfPage":{"@id":"https:\/\/www.organisator.ch\/operational-excellence\/2025-05-27\/suva-und-bfu-lancieren-plattform-machs-richtig-ch\/#primaryimage"},"image":{"@id":"https:\/\/www.organisator.ch\/operational-excellence\/2025-05-27\/suva-und-bfu-lancieren-plattform-machs-richtig-ch\/#primaryimage"},"thumbnailUrl":"https:\/\/www.markt-kom.com\/wp-content\/uploads\/2025\/05\/Beitragsbild.png","datePublished":"2025-05-27T14:06:41+00:00","dateModified":"2025-05-27T14:52:59+00:00","description":"Sempre pi\u00f9 persone hanno incidenti in casa e in giardino, per questo la Suva e la BFU hanno sviluppato la piattaforma \"machs-richtig.ch\".","breadcrumb":{"@id":"https:\/\/www.organisator.ch\/operational-excellence\/2025-05-27\/suva-und-bfu-lancieren-plattform-machs-richtig-ch\/#breadcrumb"},"inLanguage":"it-IT","potentialAction":[{"@type":"ReadAction","target":["https:\/\/www.organisator.ch\/operational-excellence\/2025-05-27\/suva-und-bfu-lancieren-plattform-machs-richtig-ch\/"]}]},{"@type":"ImageObject","inLanguage":"it-IT","@id":"https:\/\/www.organisator.ch\/operational-excellence\/2025-05-27\/suva-und-bfu-lancieren-plattform-machs-richtig-ch\/#primaryimage","url":"https:\/\/www.markt-kom.com\/wp-content\/uploads\/2025\/05\/Beitragsbild.png","contentUrl":"https:\/\/www.markt-kom.com\/wp-content\/uploads\/2025\/05\/Beitragsbild.png"},{"@type":"BreadcrumbList","@id":"https:\/\/www.organisator.ch\/operational-excellence\/2025-05-27\/suva-und-bfu-lancieren-plattform-machs-richtig-ch\/#breadcrumb","itemListElement":[{"@type":"ListItem","position":1,"name":"Home","item":"https:\/\/www.organisator.ch\/"},{"@type":"ListItem","position":2,"name":"Suva und BFU lancieren Plattform \u00abmachs-richtig.ch\u00bb"}]},{"@type":"WebSite","@id":"https:\/\/www.organisator.ch\/#website","url":"https:\/\/www.organisator.ch\/","name":"Organizzatore","description":"Competente. Pratico. In 10 numeri all'anno, ORGANISATOR presenta i temi essenziali per i manager delle PMI.","publisher":{"@id":"https:\/\/www.organisator.ch\/#organization"},"potentialAction":[{"@type":"SearchAction","target":{"@type":"EntryPoint","urlTemplate":"https:\/\/www.organisator.ch\/?s={search_term_string}"},"query-input":{"@type":"PropertyValueSpecification","valueRequired":true,"valueName":"search_term_string"}}],"inLanguage":"it-IT"},{"@type":"Organization","@id":"https:\/\/www.organisator.ch\/#organization","name":"Organizzatore","url":"https:\/\/www.organisator.ch\/","logo":{"@type":"ImageObject","inLanguage":"it-IT","@id":"https:\/\/www.organisator.ch\/#\/schema\/logo\/image\/","url":"https:\/\/www.organisator.ch\/wp-content\/uploads\/2022\/01\/Logo_Organisator_Website.png","contentUrl":"https:\/\/www.organisator.ch\/wp-content\/uploads\/2022\/01\/Logo_Organisator_Website.png","width":800,"height":77,"caption":"Organisator"},"image":{"@id":"https:\/\/www.organisator.ch\/#\/schema\/logo\/image\/"},"sameAs":["https:\/\/www.facebook.com\/OrganisatorFachmagazin","https:\/\/www.linkedin.com\/showcase\/organisator-das-magazin-fr-kmu","https:\/\/www.xing.com\/news\/pages\/organisator-ch-695","https:\/\/www.youtube.com\/channel\/UCGP2Sq0iWaZwT3BdIAQFYpw"]},{"@type":"Person","@id":"https:\/\/www.organisator.ch\/#\/schema\/person\/4e51799071cd2dd1232ac003643ef5f0","name":"galledia","image":{"@type":"ImageObject","inLanguage":"it-IT","@id":"https:\/\/secure.gravatar.com\/avatar\/78a7f90c01fc2bfc875782a0d4922b37cde2cf184ce347b91316d23cd7f69a36?s=96&d=mm&r=g","url":"https:\/\/secure.gravatar.com\/avatar\/78a7f90c01fc2bfc875782a0d4922b37cde2cf184ce347b91316d23cd7f69a36?s=96&d=mm&r=g","contentUrl":"https:\/\/secure.gravatar.com\/avatar\/78a7f90c01fc2bfc875782a0d4922b37cde2cf184ce347b91316d23cd7f69a36?s=96&d=mm&r=g","caption":"galledia"},"sameAs":["https:\/\/x.com\/admin"],"url":"https:\/\/www.organisator.ch\/it\/author\/galledia\/"}]}},"_links":{"self":[{"href":"https:\/\/www.organisator.ch\/it\/wp-json\/wp\/v2\/posts\/38603","targetHints":{"allow":["GET"]}}],"collection":[{"href":"https:\/\/www.organisator.ch\/it\/wp-json\/wp\/v2\/posts"}],"about":[{"href":"https:\/\/www.organisator.ch\/it\/wp-json\/wp\/v2\/types\/post"}],"author":[{"embeddable":true,"href":"https:\/\/www.organisator.ch\/it\/wp-json\/wp\/v2\/users\/8"}],"replies":[{"embeddable":true,"href":"https:\/\/www.organisator.ch\/it\/wp-json\/wp\/v2\/comments?post=38603"}],"version-history":[{"count":5,"href":"https:\/\/www.organisator.ch\/it\/wp-json\/wp\/v2\/posts\/38603\/revisions"}],"predecessor-version":[{"id":38606,"href":"https:\/\/www.organisator.ch\/it\/wp-json\/wp\/v2\/posts\/38603\/revisions\/38606"}],"wp:attachment":[{"href":"https:\/\/www.organisator.ch\/it\/wp-json\/wp\/v2\/media?parent=38603"}],"wp:term":[{"taxonomy":"category","embeddable":true,"href":"https:\/\/www.organisator.ch\/it\/wp-json\/wp\/v2\/categories?post=38603"},{"taxonomy":"post_tag","embeddable":true,"href":"https:\/\/www.organisator.ch\/it\/wp-json\/wp\/v2\/tags?post=38603"}],"curies":[{"name":"wp","href":"https:\/\/api.w.org\/{rel}","templated":true}]}}