{"id":38613,"date":"2025-05-28T08:37:38","date_gmt":"2025-05-28T06:37:38","guid":{"rendered":"https:\/\/www.organisator.ch\/?p=38613"},"modified":"2025-05-28T08:37:38","modified_gmt":"2025-05-28T06:37:38","slug":"mem-kmu-weiterhin-unter-druck","status":"publish","type":"post","link":"https:\/\/www.organisator.ch\/it\/management\/2025-05-28\/mem-kmu-weiterhin-unter-druck\/","title":{"rendered":"Le PMI MEM restano sotto pressione"},"content":{"rendered":"<figure id=\"attachment_38614\" aria-describedby=\"caption-attachment-38614\" style=\"width: 680px\" class=\"wp-caption alignnone\"><img loading=\"lazy\" decoding=\"async\" class=\"size-full wp-image-38614\" src=\"https:\/\/www.organisator.ch\/wp-content\/uploads\/2025\/05\/MEM-KMU-weiterhin-unter-Druck-1_Organisator.jpg\" alt=\"\" width=\"680\" height=\"341\" srcset=\"https:\/\/www.organisator.ch\/wp-content\/uploads\/2025\/05\/MEM-KMU-weiterhin-unter-Druck-1_Organisator.jpg 680w, https:\/\/www.organisator.ch\/wp-content\/uploads\/2025\/05\/MEM-KMU-weiterhin-unter-Druck-1_Organisator-18x9.jpg 18w, https:\/\/www.organisator.ch\/wp-content\/uploads\/2025\/05\/MEM-KMU-weiterhin-unter-Druck-1_Organisator-375x188.jpg 375w\" sizes=\"auto, (max-width: 680px) 100vw, 680px\" \/><figcaption id=\"caption-attachment-38614\" class=\"wp-caption-text\">L'utilizzo della capacit\u00e0 produttiva delle PMI MEM rimane basso. (Grafico: Swissmechanic)<\/figcaption><\/figure>\n<p>La ripresa che molti speravano dopo due anni difficili non si \u00e8 concretizzata. La pressione \u00e8 particolarmente evidente nell'andamento dei margini, in calo ormai da undici trimestri. L'attivit\u00e0 di investimento ne risente: sebbene quasi un terzo delle aziende stia pianificando di espandere le proprie capacit\u00e0 produttive, le restrizioni finanziarie impediscono a circa il 20% di investire, spesso per mancanza di fondi propri. L'indice del clima economico attuale di Swissmechanic \u00e8 di conseguenza negativo: attualmente si attesta a -30 punti. Circa il 40% delle aziende intervistate ha registrato un calo degli ordini in entrata, delle vendite e dei margini rispetto all'anno precedente.<\/p>\n<h3>I dazi statunitensi e i loro effetti<\/h3>\n<p>Anche la pressione internazionale \u00e8 in aumento. I dazi statunitensi introdotti in aprile, attualmente sospesi, stanno avendo un impatto particolarmente indiretto sulle PMI MEM, ad esempio come fornitori di clienti fortemente orientati all'esportazione. L'incertezza che ne deriva sta inoltre riducendo la disponibilit\u00e0 a investire. A ci\u00f2 si aggiunge l'apprezzamento del franco svizzero, che limita ulteriormente la capacit\u00e0 di esportazione.<\/p>\n<p>Le prospettive per il secondo trimestre restano modeste: Circa la met\u00e0 delle aziende non prevede variazioni di fatturato, ordini e margini rispetto all'anno precedente. Il dato relativo al personale raggiunge i due terzi. Il saldo delle valutazioni rimane negativo per tutti gli indicatori. Il 17% delle aziende \u00e8 attualmente interessato dal lavoro a orario ridotto, che in circa un terzo di esse riguarda pi\u00f9 del 40% della forza lavoro.<\/p>\n<h3>Meno burocrazia<\/h3>\n<p>Il presidente di Swissmechanic, Nicola Tettamanti, afferma: \"L'attuale situazione di difficolt\u00e0 richiede non solo resilienza economica, ma anche condizioni politiche quadro che consentano investimenti e innovazione. Meno burocrazia e pi\u00f9 spazio di manovra sono fondamentali ora\".<\/p>\n<figure id=\"attachment_38615\" aria-describedby=\"caption-attachment-38615\" style=\"width: 680px\" class=\"wp-caption alignnone\"><img loading=\"lazy\" decoding=\"async\" class=\"size-full wp-image-38615\" src=\"https:\/\/www.organisator.ch\/wp-content\/uploads\/2025\/05\/MEM-KMU-weiterhin-unter-Druck-2_Organisator.jpg\" alt=\"\" width=\"680\" height=\"647\" srcset=\"https:\/\/www.organisator.ch\/wp-content\/uploads\/2025\/05\/MEM-KMU-weiterhin-unter-Druck-2_Organisator.jpg 680w, https:\/\/www.organisator.ch\/wp-content\/uploads\/2025\/05\/MEM-KMU-weiterhin-unter-Druck-2_Organisator-13x12.jpg 13w, https:\/\/www.organisator.ch\/wp-content\/uploads\/2025\/05\/MEM-KMU-weiterhin-unter-Druck-2_Organisator-315x300.jpg 315w, https:\/\/www.organisator.ch\/wp-content\/uploads\/2025\/05\/MEM-KMU-weiterhin-unter-Druck-2_Organisator-368x350.jpg 368w\" sizes=\"auto, (max-width: 680px) 100vw, 680px\" \/><figcaption id=\"caption-attachment-38615\" class=\"wp-caption-text\">Le maggiori sfide che le aziende devono affrontare attualmente. (Grafico: Swissmechanic)<\/figcaption><\/figure>\n<p>Nonostante il contesto difficile, le industrie MEM rimangono determinate. Hanno gi\u00e0 dimostrato la loro forza innovativa e la loro capacit\u00e0 di adattamento nelle crisi precedenti. Erich Sannemann, direttore di Swissmechanic, spiega: \"Anche questa volta molte aziende troveranno nuove strade con coraggio imprenditoriale, nella speranza che la ripresa non tardi ad arrivare\".<\/p>\n<p><em>Fonte: <a href=\"http:\/\/www.swissmechanic.ch\">Swissmechanic<\/a><\/em><\/p>","protected":false},"excerpt":{"rendered":"<p>L'ultimo indice del clima aziendale PMI MEM di Swissmechanic lo conferma: La situazione dell'industria meccanica, elettrica e metallurgica rimane tesa. Non si intravede una ripresa nemmeno nel primo trimestre del 2025. <\/p>","protected":false},"author":4,"featured_media":0,"comment_status":"closed","ping_status":"closed","sticky":false,"template":"","format":"standard","meta":{"_acf_changed":false,"_yoast_wpseo_focuskw":"MEM-KMU","_yoast_wpseo_metadesc":"Der neue KMU-MEM-Gesch\u00e4ftsklimaindex von Swissmechanic best\u00e4tigt: Die Lage in der Maschinen-, Elektro- und Metallindustrie bleibt angespannt.","articlekey":"","footnotes":""},"categories":[28],"tags":[4406,310,335,3414],"class_list":["post-38613","post","type-post","status-publish","format-standard","hentry","category-management","tag-kmu-mem","tag-konjunktur","tag-management-und-unternehmensfuehrung","tag-swissmechanic"],"acf":[],"yoast_head":"<!-- This site is optimized with the Yoast SEO plugin v27.4 - https:\/\/yoast.com\/product\/yoast-seo-wordpress\/ -->\n<title>MEM-KMU weiterhin unter Druck - Organisator<\/title>\n<meta name=\"description\" content=\"Der neue KMU-MEM-Gesch\u00e4ftsklimaindex von Swissmechanic best\u00e4tigt: Die Lage in der Maschinen-, Elektro- und Metallindustrie bleibt angespannt.\" \/>\n<meta name=\"robots\" content=\"index, follow, max-snippet:-1, max-image-preview:large, max-video-preview:-1\" \/>\n<link rel=\"canonical\" href=\"https:\/\/www.organisator.ch\/it\/gestione-2\/2025-05-28\/mem-kmu-weiterhin-unter-druck\/\" \/>\n<meta property=\"og:locale\" content=\"it_IT\" \/>\n<meta property=\"og:type\" content=\"article\" \/>\n<meta property=\"og:title\" content=\"MEM-KMU weiterhin unter Druck\" \/>\n<meta property=\"og:description\" content=\"Der neue KMU-MEM-Gesch\u00e4ftsklimaindex von Swissmechanic best\u00e4tigt: Die Lage in der Maschinen-, Elektro- und Metallindustrie bleibt angespannt.\" \/>\n<meta property=\"og:url\" content=\"https:\/\/www.organisator.ch\/it\/gestione-2\/2025-05-28\/mem-kmu-weiterhin-unter-druck\/\" \/>\n<meta property=\"og:site_name\" content=\"Organisator\" \/>\n<meta property=\"article:publisher\" content=\"https:\/\/www.facebook.com\/OrganisatorFachmagazin\" \/>\n<meta property=\"article:published_time\" content=\"2025-05-28T06:37:38+00:00\" \/>\n<meta property=\"og:image\" content=\"https:\/\/www.organisator.ch\/wp-content\/uploads\/2025\/05\/MEM-KMU-weiterhin-unter-Druck-1_Organisator.jpg\" \/>\n\t<meta property=\"og:image:width\" content=\"680\" \/>\n\t<meta property=\"og:image:height\" content=\"341\" \/>\n\t<meta property=\"og:image:type\" content=\"image\/jpeg\" \/>\n<meta name=\"author\" content=\"thomas.berner\" \/>\n<meta name=\"twitter:card\" content=\"summary_large_image\" \/>\n<meta name=\"twitter:title\" content=\"#MEM-KMU weiterhin unter Druck\" \/>\n<meta name=\"twitter:description\" content=\"Der neue #KMU-MEM-Gesch\u00e4ftsklimaindex von #Swissmechanic best\u00e4tigt: Die Lage in der Maschinen-, Elektro- und Metallindustrie bleibt angespannt.\" \/>\n<meta name=\"twitter:image\" content=\"https:\/\/www.organisator.ch\/wp-content\/uploads\/2025\/05\/MEM-KMU-weiterhin-unter-Druck-1_Organisator.jpg\" \/>\n<script type=\"application\/ld+json\" class=\"yoast-schema-graph\">{\"@context\":\"https:\\\/\\\/schema.org\",\"@graph\":[{\"@type\":\"Article\",\"@id\":\"https:\\\/\\\/www.organisator.ch\\\/management\\\/2025-05-28\\\/mem-kmu-weiterhin-unter-druck\\\/#article\",\"isPartOf\":{\"@id\":\"https:\\\/\\\/www.organisator.ch\\\/management\\\/2025-05-28\\\/mem-kmu-weiterhin-unter-druck\\\/\"},\"author\":{\"name\":\"thomas.berner\",\"@id\":\"https:\\\/\\\/www.organisator.ch\\\/#\\\/schema\\\/person\\\/6f650f90b2842cd4c0cc334b4e36f67e\"},\"headline\":\"MEM-KMU weiterhin unter Druck\",\"datePublished\":\"2025-05-28T06:37:38+00:00\",\"mainEntityOfPage\":{\"@id\":\"https:\\\/\\\/www.organisator.ch\\\/management\\\/2025-05-28\\\/mem-kmu-weiterhin-unter-druck\\\/\"},\"wordCount\":351,\"publisher\":{\"@id\":\"https:\\\/\\\/www.organisator.ch\\\/#organization\"},\"image\":{\"@id\":\"https:\\\/\\\/www.organisator.ch\\\/management\\\/2025-05-28\\\/mem-kmu-weiterhin-unter-druck\\\/#primaryimage\"},\"thumbnailUrl\":\"https:\\\/\\\/www.organisator.ch\\\/wp-content\\\/uploads\\\/2025\\\/05\\\/MEM-KMU-weiterhin-unter-Druck-1_Organisator.jpg\",\"keywords\":[\"KMU-MEM\",\"Konjunktur\",\"Management und Unternehmensf\u00fchrung\",\"Swissmechanic\"],\"articleSection\":[\"MANAGEMENT\"],\"inLanguage\":\"it-IT\"},{\"@type\":\"WebPage\",\"@id\":\"https:\\\/\\\/www.organisator.ch\\\/management\\\/2025-05-28\\\/mem-kmu-weiterhin-unter-druck\\\/\",\"url\":\"https:\\\/\\\/www.organisator.ch\\\/management\\\/2025-05-28\\\/mem-kmu-weiterhin-unter-druck\\\/\",\"name\":\"MEM-KMU weiterhin unter Druck - Organisator\",\"isPartOf\":{\"@id\":\"https:\\\/\\\/www.organisator.ch\\\/#website\"},\"primaryImageOfPage\":{\"@id\":\"https:\\\/\\\/www.organisator.ch\\\/management\\\/2025-05-28\\\/mem-kmu-weiterhin-unter-druck\\\/#primaryimage\"},\"image\":{\"@id\":\"https:\\\/\\\/www.organisator.ch\\\/management\\\/2025-05-28\\\/mem-kmu-weiterhin-unter-druck\\\/#primaryimage\"},\"thumbnailUrl\":\"https:\\\/\\\/www.organisator.ch\\\/wp-content\\\/uploads\\\/2025\\\/05\\\/MEM-KMU-weiterhin-unter-Druck-1_Organisator.jpg\",\"datePublished\":\"2025-05-28T06:37:38+00:00\",\"description\":\"Der neue KMU-MEM-Gesch\u00e4ftsklimaindex von Swissmechanic best\u00e4tigt: Die Lage in der Maschinen-, Elektro- und Metallindustrie bleibt angespannt.\",\"breadcrumb\":{\"@id\":\"https:\\\/\\\/www.organisator.ch\\\/management\\\/2025-05-28\\\/mem-kmu-weiterhin-unter-druck\\\/#breadcrumb\"},\"inLanguage\":\"it-IT\",\"potentialAction\":[{\"@type\":\"ReadAction\",\"target\":[\"https:\\\/\\\/www.organisator.ch\\\/management\\\/2025-05-28\\\/mem-kmu-weiterhin-unter-druck\\\/\"]}]},{\"@type\":\"ImageObject\",\"inLanguage\":\"it-IT\",\"@id\":\"https:\\\/\\\/www.organisator.ch\\\/management\\\/2025-05-28\\\/mem-kmu-weiterhin-unter-druck\\\/#primaryimage\",\"url\":\"https:\\\/\\\/www.organisator.ch\\\/wp-content\\\/uploads\\\/2025\\\/05\\\/MEM-KMU-weiterhin-unter-Druck-1_Organisator.jpg\",\"contentUrl\":\"https:\\\/\\\/www.organisator.ch\\\/wp-content\\\/uploads\\\/2025\\\/05\\\/MEM-KMU-weiterhin-unter-Druck-1_Organisator.jpg\"},{\"@type\":\"BreadcrumbList\",\"@id\":\"https:\\\/\\\/www.organisator.ch\\\/management\\\/2025-05-28\\\/mem-kmu-weiterhin-unter-druck\\\/#breadcrumb\",\"itemListElement\":[{\"@type\":\"ListItem\",\"position\":1,\"name\":\"Home\",\"item\":\"https:\\\/\\\/www.organisator.ch\\\/\"},{\"@type\":\"ListItem\",\"position\":2,\"name\":\"MEM-KMU weiterhin unter Druck\"}]},{\"@type\":\"WebSite\",\"@id\":\"https:\\\/\\\/www.organisator.ch\\\/#website\",\"url\":\"https:\\\/\\\/www.organisator.ch\\\/\",\"name\":\"Organisator\",\"description\":\"Kompetent. Praxisnah. Der ORGANISATOR bereitet in 10 Ausgaben pro Jahr die wesentlichen Themen f\u00fcr F\u00fchrungskr\u00e4fte von KMU auf.\",\"publisher\":{\"@id\":\"https:\\\/\\\/www.organisator.ch\\\/#organization\"},\"potentialAction\":[{\"@type\":\"SearchAction\",\"target\":{\"@type\":\"EntryPoint\",\"urlTemplate\":\"https:\\\/\\\/www.organisator.ch\\\/?s={search_term_string}\"},\"query-input\":{\"@type\":\"PropertyValueSpecification\",\"valueRequired\":true,\"valueName\":\"search_term_string\"}}],\"inLanguage\":\"it-IT\"},{\"@type\":\"Organization\",\"@id\":\"https:\\\/\\\/www.organisator.ch\\\/#organization\",\"name\":\"Organisator\",\"url\":\"https:\\\/\\\/www.organisator.ch\\\/\",\"logo\":{\"@type\":\"ImageObject\",\"inLanguage\":\"it-IT\",\"@id\":\"https:\\\/\\\/www.organisator.ch\\\/#\\\/schema\\\/logo\\\/image\\\/\",\"url\":\"https:\\\/\\\/www.organisator.ch\\\/wp-content\\\/uploads\\\/2022\\\/01\\\/Logo_Organisator_Website.png\",\"contentUrl\":\"https:\\\/\\\/www.organisator.ch\\\/wp-content\\\/uploads\\\/2022\\\/01\\\/Logo_Organisator_Website.png\",\"width\":800,\"height\":77,\"caption\":\"Organisator\"},\"image\":{\"@id\":\"https:\\\/\\\/www.organisator.ch\\\/#\\\/schema\\\/logo\\\/image\\\/\"},\"sameAs\":[\"https:\\\/\\\/www.facebook.com\\\/OrganisatorFachmagazin\",\"https:\\\/\\\/www.linkedin.com\\\/showcase\\\/organisator-das-magazin-fr-kmu\",\"https:\\\/\\\/www.xing.com\\\/news\\\/pages\\\/organisator-ch-695\",\"https:\\\/\\\/www.youtube.com\\\/channel\\\/UCGP2Sq0iWaZwT3BdIAQFYpw\"]},{\"@type\":\"Person\",\"@id\":\"https:\\\/\\\/www.organisator.ch\\\/#\\\/schema\\\/person\\\/6f650f90b2842cd4c0cc334b4e36f67e\",\"name\":\"thomas.berner\",\"image\":{\"@type\":\"ImageObject\",\"inLanguage\":\"it-IT\",\"@id\":\"https:\\\/\\\/secure.gravatar.com\\\/avatar\\\/ac5001d2a36cb6c6cd3e50789007ffca834b477b74a2144564522e944eabff61?s=96&d=mm&r=g\",\"url\":\"https:\\\/\\\/secure.gravatar.com\\\/avatar\\\/ac5001d2a36cb6c6cd3e50789007ffca834b477b74a2144564522e944eabff61?s=96&d=mm&r=g\",\"contentUrl\":\"https:\\\/\\\/secure.gravatar.com\\\/avatar\\\/ac5001d2a36cb6c6cd3e50789007ffca834b477b74a2144564522e944eabff61?s=96&d=mm&r=g\",\"caption\":\"thomas.berner\"},\"url\":\"https:\\\/\\\/www.organisator.ch\\\/it\\\/author\\\/thomas-berner\\\/\"}]}<\/script>\n<!-- \/ Yoast SEO plugin. -->","yoast_head_json":{"title":"Le PMI MEM sono ancora sotto pressione - Organizzatore","description":"Lo conferma il nuovo indice del clima aziendale PMI MEM di Swissmechanic: La situazione dell'industria meccanica, elettrica e metallurgica rimane tesa.","robots":{"index":"index","follow":"follow","max-snippet":"max-snippet:-1","max-image-preview":"max-image-preview:large","max-video-preview":"max-video-preview:-1"},"canonical":"https:\/\/www.organisator.ch\/it\/gestione-2\/2025-05-28\/mem-kmu-weiterhin-unter-druck\/","og_locale":"it_IT","og_type":"article","og_title":"MEM-KMU weiterhin unter Druck","og_description":"Der neue KMU-MEM-Gesch\u00e4ftsklimaindex von Swissmechanic best\u00e4tigt: Die Lage in der Maschinen-, Elektro- und Metallindustrie bleibt angespannt.","og_url":"https:\/\/www.organisator.ch\/it\/gestione-2\/2025-05-28\/mem-kmu-weiterhin-unter-druck\/","og_site_name":"Organisator","article_publisher":"https:\/\/www.facebook.com\/OrganisatorFachmagazin","article_published_time":"2025-05-28T06:37:38+00:00","og_image":[{"width":680,"height":341,"url":"https:\/\/www.organisator.ch\/wp-content\/uploads\/2025\/05\/MEM-KMU-weiterhin-unter-Druck-1_Organisator.jpg","type":"image\/jpeg"}],"author":"thomas.berner","twitter_card":"summary_large_image","twitter_title":"#MEM-KMU weiterhin unter Druck","twitter_description":"Der neue #KMU-MEM-Gesch\u00e4ftsklimaindex von #Swissmechanic best\u00e4tigt: Die Lage in der Maschinen-, Elektro- und Metallindustrie bleibt angespannt.","twitter_image":"https:\/\/www.organisator.ch\/wp-content\/uploads\/2025\/05\/MEM-KMU-weiterhin-unter-Druck-1_Organisator.jpg","schema":{"@context":"https:\/\/schema.org","@graph":[{"@type":"Article","@id":"https:\/\/www.organisator.ch\/management\/2025-05-28\/mem-kmu-weiterhin-unter-druck\/#article","isPartOf":{"@id":"https:\/\/www.organisator.ch\/management\/2025-05-28\/mem-kmu-weiterhin-unter-druck\/"},"author":{"name":"thomas.berner","@id":"https:\/\/www.organisator.ch\/#\/schema\/person\/6f650f90b2842cd4c0cc334b4e36f67e"},"headline":"MEM-KMU weiterhin unter Druck","datePublished":"2025-05-28T06:37:38+00:00","mainEntityOfPage":{"@id":"https:\/\/www.organisator.ch\/management\/2025-05-28\/mem-kmu-weiterhin-unter-druck\/"},"wordCount":351,"publisher":{"@id":"https:\/\/www.organisator.ch\/#organization"},"image":{"@id":"https:\/\/www.organisator.ch\/management\/2025-05-28\/mem-kmu-weiterhin-unter-druck\/#primaryimage"},"thumbnailUrl":"https:\/\/www.organisator.ch\/wp-content\/uploads\/2025\/05\/MEM-KMU-weiterhin-unter-Druck-1_Organisator.jpg","keywords":["KMU-MEM","Konjunktur","Management und Unternehmensf\u00fchrung","Swissmechanic"],"articleSection":["MANAGEMENT"],"inLanguage":"it-IT"},{"@type":"WebPage","@id":"https:\/\/www.organisator.ch\/management\/2025-05-28\/mem-kmu-weiterhin-unter-druck\/","url":"https:\/\/www.organisator.ch\/management\/2025-05-28\/mem-kmu-weiterhin-unter-druck\/","name":"Le PMI MEM sono ancora sotto pressione - Organizzatore","isPartOf":{"@id":"https:\/\/www.organisator.ch\/#website"},"primaryImageOfPage":{"@id":"https:\/\/www.organisator.ch\/management\/2025-05-28\/mem-kmu-weiterhin-unter-druck\/#primaryimage"},"image":{"@id":"https:\/\/www.organisator.ch\/management\/2025-05-28\/mem-kmu-weiterhin-unter-druck\/#primaryimage"},"thumbnailUrl":"https:\/\/www.organisator.ch\/wp-content\/uploads\/2025\/05\/MEM-KMU-weiterhin-unter-Druck-1_Organisator.jpg","datePublished":"2025-05-28T06:37:38+00:00","description":"Lo conferma il nuovo indice del clima aziendale PMI MEM di Swissmechanic: La situazione dell'industria meccanica, elettrica e metallurgica rimane tesa.","breadcrumb":{"@id":"https:\/\/www.organisator.ch\/management\/2025-05-28\/mem-kmu-weiterhin-unter-druck\/#breadcrumb"},"inLanguage":"it-IT","potentialAction":[{"@type":"ReadAction","target":["https:\/\/www.organisator.ch\/management\/2025-05-28\/mem-kmu-weiterhin-unter-druck\/"]}]},{"@type":"ImageObject","inLanguage":"it-IT","@id":"https:\/\/www.organisator.ch\/management\/2025-05-28\/mem-kmu-weiterhin-unter-druck\/#primaryimage","url":"https:\/\/www.organisator.ch\/wp-content\/uploads\/2025\/05\/MEM-KMU-weiterhin-unter-Druck-1_Organisator.jpg","contentUrl":"https:\/\/www.organisator.ch\/wp-content\/uploads\/2025\/05\/MEM-KMU-weiterhin-unter-Druck-1_Organisator.jpg"},{"@type":"BreadcrumbList","@id":"https:\/\/www.organisator.ch\/management\/2025-05-28\/mem-kmu-weiterhin-unter-druck\/#breadcrumb","itemListElement":[{"@type":"ListItem","position":1,"name":"Home","item":"https:\/\/www.organisator.ch\/"},{"@type":"ListItem","position":2,"name":"MEM-KMU weiterhin unter Druck"}]},{"@type":"WebSite","@id":"https:\/\/www.organisator.ch\/#website","url":"https:\/\/www.organisator.ch\/","name":"Organizzatore","description":"Competente. Pratico. In 10 numeri all'anno, ORGANISATOR presenta i temi essenziali per i manager delle PMI.","publisher":{"@id":"https:\/\/www.organisator.ch\/#organization"},"potentialAction":[{"@type":"SearchAction","target":{"@type":"EntryPoint","urlTemplate":"https:\/\/www.organisator.ch\/?s={search_term_string}"},"query-input":{"@type":"PropertyValueSpecification","valueRequired":true,"valueName":"search_term_string"}}],"inLanguage":"it-IT"},{"@type":"Organization","@id":"https:\/\/www.organisator.ch\/#organization","name":"Organizzatore","url":"https:\/\/www.organisator.ch\/","logo":{"@type":"ImageObject","inLanguage":"it-IT","@id":"https:\/\/www.organisator.ch\/#\/schema\/logo\/image\/","url":"https:\/\/www.organisator.ch\/wp-content\/uploads\/2022\/01\/Logo_Organisator_Website.png","contentUrl":"https:\/\/www.organisator.ch\/wp-content\/uploads\/2022\/01\/Logo_Organisator_Website.png","width":800,"height":77,"caption":"Organisator"},"image":{"@id":"https:\/\/www.organisator.ch\/#\/schema\/logo\/image\/"},"sameAs":["https:\/\/www.facebook.com\/OrganisatorFachmagazin","https:\/\/www.linkedin.com\/showcase\/organisator-das-magazin-fr-kmu","https:\/\/www.xing.com\/news\/pages\/organisator-ch-695","https:\/\/www.youtube.com\/channel\/UCGP2Sq0iWaZwT3BdIAQFYpw"]},{"@type":"Person","@id":"https:\/\/www.organisator.ch\/#\/schema\/person\/6f650f90b2842cd4c0cc334b4e36f67e","name":"Tommaso.berner","image":{"@type":"ImageObject","inLanguage":"it-IT","@id":"https:\/\/secure.gravatar.com\/avatar\/ac5001d2a36cb6c6cd3e50789007ffca834b477b74a2144564522e944eabff61?s=96&d=mm&r=g","url":"https:\/\/secure.gravatar.com\/avatar\/ac5001d2a36cb6c6cd3e50789007ffca834b477b74a2144564522e944eabff61?s=96&d=mm&r=g","contentUrl":"https:\/\/secure.gravatar.com\/avatar\/ac5001d2a36cb6c6cd3e50789007ffca834b477b74a2144564522e944eabff61?s=96&d=mm&r=g","caption":"thomas.berner"},"url":"https:\/\/www.organisator.ch\/it\/author\/thomas-berner\/"}]}},"_links":{"self":[{"href":"https:\/\/www.organisator.ch\/it\/wp-json\/wp\/v2\/posts\/38613","targetHints":{"allow":["GET"]}}],"collection":[{"href":"https:\/\/www.organisator.ch\/it\/wp-json\/wp\/v2\/posts"}],"about":[{"href":"https:\/\/www.organisator.ch\/it\/wp-json\/wp\/v2\/types\/post"}],"author":[{"embeddable":true,"href":"https:\/\/www.organisator.ch\/it\/wp-json\/wp\/v2\/users\/4"}],"replies":[{"embeddable":true,"href":"https:\/\/www.organisator.ch\/it\/wp-json\/wp\/v2\/comments?post=38613"}],"version-history":[{"count":4,"href":"https:\/\/www.organisator.ch\/it\/wp-json\/wp\/v2\/posts\/38613\/revisions"}],"predecessor-version":[{"id":38639,"href":"https:\/\/www.organisator.ch\/it\/wp-json\/wp\/v2\/posts\/38613\/revisions\/38639"}],"wp:attachment":[{"href":"https:\/\/www.organisator.ch\/it\/wp-json\/wp\/v2\/media?parent=38613"}],"wp:term":[{"taxonomy":"category","embeddable":true,"href":"https:\/\/www.organisator.ch\/it\/wp-json\/wp\/v2\/categories?post=38613"},{"taxonomy":"post_tag","embeddable":true,"href":"https:\/\/www.organisator.ch\/it\/wp-json\/wp\/v2\/tags?post=38613"}],"curies":[{"name":"wp","href":"https:\/\/api.w.org\/{rel}","templated":true}]}}