{"id":38657,"date":"2025-06-04T05:17:54","date_gmt":"2025-06-04T03:17:54","guid":{"rendered":"https:\/\/www.organisator.ch\/?p=38657"},"modified":"2025-07-03T08:12:17","modified_gmt":"2025-07-03T06:12:17","slug":"pessimistische-schweizer-kmu","status":"publish","type":"post","link":"https:\/\/www.organisator.ch\/it\/management\/2025-06-04\/pessimistische-schweizer-kmu\/","title":{"rendered":"PMI svizzere pessimiste"},"content":{"rendered":"<figure id=\"attachment_38658\" aria-describedby=\"caption-attachment-38658\" style=\"width: 680px\" class=\"wp-caption alignnone\"><img loading=\"lazy\" decoding=\"async\" class=\"size-full wp-image-38658\" src=\"https:\/\/www.organisator.ch\/wp-content\/uploads\/2025\/06\/Pessimistische-Schweizer-KMU-1_Organisator.jpg\" alt=\"\" width=\"680\" height=\"454\" srcset=\"https:\/\/www.organisator.ch\/wp-content\/uploads\/2025\/06\/Pessimistische-Schweizer-KMU-1_Organisator.jpg 680w, https:\/\/www.organisator.ch\/wp-content\/uploads\/2025\/06\/Pessimistische-Schweizer-KMU-1_Organisator-18x12.jpg 18w, https:\/\/www.organisator.ch\/wp-content\/uploads\/2025\/06\/Pessimistische-Schweizer-KMU-1_Organisator-375x250.jpg 375w, https:\/\/www.organisator.ch\/wp-content\/uploads\/2025\/06\/Pessimistische-Schweizer-KMU-1_Organisator-524x350.jpg 524w\" sizes=\"auto, (max-width: 680px) 100vw, 680px\" \/><figcaption id=\"caption-attachment-38658\" class=\"wp-caption-text\">Mezzo pieno o mezzo vuoto? Le PMI svizzere sono attualmente pessimiste. (Immagine: olly18 \/ Depositphotos.com)<\/figcaption><\/figure>\n<p>In vista dello Swiss Economic Forum (SEF), la NZZ e l'Universit\u00e0 di Scienze Applicate Kalaidos hanno misurato per la quinta volta l'umore dell'economia svizzera con il Barometro PMI della NZZ. L'indagine fornisce informazioni sulle preoccupazioni e sulle prospettive dell'economia svizzera, in particolare delle piccole e medie imprese (PMI). Al sondaggio, condotto in aprile, hanno partecipato 519 persone, la maggior parte delle quali lavora nella direzione, nel consiglio di amministrazione o nell'alta direzione della propria azienda.<\/p>\n<h3>Le PMI sono pi\u00f9 pessimiste di quanto non lo siano state per molto tempo<\/h3>\n<p>Con un valore di -6,3 punti, l'indice complessivo ha raggiunto il livello pi\u00f9 basso dall'inizio dell'indagine. Rispetto all'anno precedente, \u00e8 diminuito di 7,9 punti. Sebbene alcuni indicatori, come la competitivit\u00e0 e il potenziale di attivit\u00e0 economica sostenibile, continuino a essere valutati positivamente, anche in questo caso \u00e8 evidente una tendenza al ribasso. La politica economica degli Stati Uniti sotto Donald Trump, in particolare, sta avendo un impatto negativo sulle aspettative future. \"La guerra dei dazi e le misure di politica economica del nuovo governo statunitense sono fonte di grande preoccupazione per le PMI svizzere. Si aspettano un aumento dei prezzi e condizioni pi\u00f9 difficili negli affari con l'America, ma vedono ancora poche opportunit\u00e0 per proteggersi da questo\", commenta Peter A. Fischer, capo economista della NZZ.<\/p>\n<figure id=\"attachment_38659\" aria-describedby=\"caption-attachment-38659\" style=\"width: 680px\" class=\"wp-caption alignnone\"><img loading=\"lazy\" decoding=\"async\" class=\"size-full wp-image-38659\" src=\"https:\/\/www.organisator.ch\/wp-content\/uploads\/2025\/06\/Pessimistische-Schweizer-KMU-2_Organisator.jpg\" alt=\"\" width=\"680\" height=\"561\" srcset=\"https:\/\/www.organisator.ch\/wp-content\/uploads\/2025\/06\/Pessimistische-Schweizer-KMU-2_Organisator.jpg 680w, https:\/\/www.organisator.ch\/wp-content\/uploads\/2025\/06\/Pessimistische-Schweizer-KMU-2_Organisator-15x12.jpg 15w, https:\/\/www.organisator.ch\/wp-content\/uploads\/2025\/06\/Pessimistische-Schweizer-KMU-2_Organisator-364x300.jpg 364w, https:\/\/www.organisator.ch\/wp-content\/uploads\/2025\/06\/Pessimistische-Schweizer-KMU-2_Organisator-424x350.jpg 424w\" sizes=\"auto, (max-width: 680px) 100vw, 680px\" \/><figcaption id=\"caption-attachment-38659\" class=\"wp-caption-text\">Barometro PMI della NZZ: Indice complessivo inferiore agli anni precedenti, valutazione positiva della propria forza. (Grafico: NZZ)<\/figcaption><\/figure>\n<h3>L'Europa come luogo di produzione: importanza crescente<\/h3>\n<p>A seguito delle mutate condizioni geopolitiche, il 46% degli intervistati prevede che l'Europa diventer\u00e0 sempre pi\u00f9 importante come luogo di produzione. Il 20,4% delle aziende orientate all'export dichiara di aver rinviato gli investimenti a causa dell'incertezza prevalente, mentre solo il 5,5% intende accelerare gli investimenti. La presidenza di Donald Trump e le incertezze geopolitiche stanno portando alla ribalta anche altre questioni. L'88% degli intervistati \u00e8 favorevole a un aumento degli investimenti militari in Europa. Un altro 88% ritiene necessarie ulteriori misure di sicurezza informatica a causa degli attuali sviluppi.<\/p>\n<h3>PMI sotto l'incantesimo dell'IA<\/h3>\n<p>L'intelligenza artificiale rimane al primo posto tra i temi di interesse: il 25% degli intervistati l'ha indicata come l'argomento che li occuper\u00e0 maggiormente nei prossimi tre anni. Seguono la carenza di lavoratori qualificati con il 17% e l'avanzamento della digitalizzazione con il 16%. L'intelligenza artificiale rimane al primo posto tra i temi di interesse: il 25% degli intervistati l'ha indicata come l'argomento che li interesser\u00e0 maggiormente nei prossimi tre anni. Segue la carenza di lavoratori qualificati con il 17% e l'avanzamento della digitalizzazione con il 16%.<\/p>\n<p><em>Fonte: <a href=\"https:\/\/unternehmen.nzz.ch\/\">azienda.nzz.ch<\/a><\/em><\/p>\n<blockquote>\n<h3>\u00a0<\/h3>\n<h3>Previsioni economiche riviste al ribasso<\/h3>\n<p>Secondo l'organizzazione mantello dell'economia Economiesuisse, la crescita economica in Svizzera si sta leggermente raffreddando. Secondo le previsioni, nel corso dell'anno l'economia globale in crisi perder\u00e0 molto slancio. La debolezza della domanda \u00e8 particolarmente pronunciata nel settore dei beni strumentali, ma sta colpendo anche l'industria dei beni di consumo nel settore delle esportazioni svizzere. Solo le esportazioni di servizi sono meno colpite. Le controversie commerciali innescate dal presidente statunitense Donald Trump sono considerate la causa principale. Poich\u00e9 si prevede che queste continueranno, anche le prospettive per il 2026 sono modeste. Per contro, l'economia interna svizzera \u00e8 in solida crescita. Economiesuisse stima che il prodotto interno lordo (PIL) reale svizzero aumenter\u00e0 complessivamente dell'1,1% nel 2025. Anche nel 2026 la crescita sar\u00e0 inferiore al potenziale, pari all'1,4%. La situazione occupazionale si deteriorer\u00e0 leggermente e il tasso di disoccupazione salir\u00e0 al 3,0% (2025) e al 3,1% (2026). L'inflazione quest'anno e il prossimo sar\u00e0 in media dello 0,3% (2025) e dello 0,8% (2026). I tassi di interesse a breve termine scenderanno a zero.<\/p>\n<p><em>Fonte: <a href=\"http:\/\/www.economiesuisse.ch\">economiesuisse<\/a><\/em><\/p>\n<\/blockquote>","protected":false},"excerpt":{"rendered":"<p>L'indice complessivo del Barometro PMI della NZZ, condotto annualmente dal 2021, nel 2025 \u00e8 pi\u00f9 pessimista che mai. In particolare, le tensioni internazionali derivanti dall'attuale politica economica degli USA rappresentano un peso per le PMI. Allo stesso tempo, le PMI rimangono positive sulla propria competitivit\u00e0 e sul potenziale di business sostenibile.<\/p>","protected":false},"author":4,"featured_media":38658,"comment_status":"closed","ping_status":"closed","sticky":false,"template":"","format":"standard","meta":{"_acf_changed":false,"_yoast_wpseo_focuskw":"Schweizer KMU","_yoast_wpseo_metadesc":"Pessimistische Schweizer KMU: Der Gesamtindex des seit 2021 j\u00e4hrlich erhobenen NZZ-KMU-Barometers ist 2025 so negativ wie noch nie.","articlekey":"","footnotes":""},"categories":[28],"tags":[5365,335,3942,487],"class_list":["post-38657","post","type-post","status-publish","format-standard","has-post-thumbnail","hentry","category-management","tag-kmu-barometer","tag-management-und-unternehmensfuehrung","tag-schweizer-kmu","tag-umfrage"],"acf":[],"yoast_head":"<!-- This site is optimized with the Yoast SEO plugin v27.4 - https:\/\/yoast.com\/product\/yoast-seo-wordpress\/ -->\n<title>Pessimistische Schweizer KMU - Organisator<\/title>\n<meta name=\"description\" content=\"Pessimistische Schweizer KMU: Der Gesamtindex des seit 2021 j\u00e4hrlich erhobenen NZZ-KMU-Barometers ist 2025 so negativ wie noch nie.\" \/>\n<meta name=\"robots\" content=\"index, follow, max-snippet:-1, max-image-preview:large, max-video-preview:-1\" \/>\n<link rel=\"canonical\" href=\"https:\/\/www.organisator.ch\/it\/gestione-2\/2025-06-04\/pessimistische-schweizer-kmu\/\" \/>\n<meta property=\"og:locale\" content=\"it_IT\" \/>\n<meta property=\"og:type\" content=\"article\" \/>\n<meta property=\"og:title\" content=\"Pessimistische Schweizer KMU - Organisator\" \/>\n<meta property=\"og:description\" content=\"Pessimistische Schweizer KMU: Der Gesamtindex des seit 2021 j\u00e4hrlich erhobenen NZZ-KMU-Barometers ist 2025 so negativ wie noch nie.\" \/>\n<meta property=\"og:url\" content=\"https:\/\/www.organisator.ch\/it\/gestione-2\/2025-06-04\/pessimistische-schweizer-kmu\/\" \/>\n<meta property=\"og:site_name\" content=\"Organisator\" \/>\n<meta property=\"article:publisher\" content=\"https:\/\/www.facebook.com\/OrganisatorFachmagazin\" \/>\n<meta property=\"article:published_time\" content=\"2025-06-04T03:17:54+00:00\" \/>\n<meta property=\"article:modified_time\" content=\"2025-07-03T06:12:17+00:00\" \/>\n<meta property=\"og:image\" content=\"https:\/\/www.organisator.ch\/wp-content\/uploads\/2025\/06\/Pessimistische-Schweizer-KMU-1_Organisator.jpg\" \/>\n\t<meta property=\"og:image:width\" content=\"680\" \/>\n\t<meta property=\"og:image:height\" content=\"454\" \/>\n\t<meta property=\"og:image:type\" content=\"image\/jpeg\" \/>\n<meta name=\"author\" content=\"thomas.berner\" \/>\n<meta name=\"twitter:card\" content=\"summary_large_image\" \/>\n<script type=\"application\/ld+json\" class=\"yoast-schema-graph\">{\"@context\":\"https:\\\/\\\/schema.org\",\"@graph\":[{\"@type\":\"Article\",\"@id\":\"https:\\\/\\\/www.organisator.ch\\\/management\\\/2025-06-04\\\/pessimistische-schweizer-kmu\\\/#article\",\"isPartOf\":{\"@id\":\"https:\\\/\\\/www.organisator.ch\\\/management\\\/2025-06-04\\\/pessimistische-schweizer-kmu\\\/\"},\"author\":{\"name\":\"thomas.berner\",\"@id\":\"https:\\\/\\\/www.organisator.ch\\\/#\\\/schema\\\/person\\\/6f650f90b2842cd4c0cc334b4e36f67e\"},\"headline\":\"Pessimistische Schweizer KMU\",\"datePublished\":\"2025-06-04T03:17:54+00:00\",\"dateModified\":\"2025-07-03T06:12:17+00:00\",\"mainEntityOfPage\":{\"@id\":\"https:\\\/\\\/www.organisator.ch\\\/management\\\/2025-06-04\\\/pessimistische-schweizer-kmu\\\/\"},\"wordCount\":578,\"publisher\":{\"@id\":\"https:\\\/\\\/www.organisator.ch\\\/#organization\"},\"image\":{\"@id\":\"https:\\\/\\\/www.organisator.ch\\\/management\\\/2025-06-04\\\/pessimistische-schweizer-kmu\\\/#primaryimage\"},\"thumbnailUrl\":\"https:\\\/\\\/www.organisator.ch\\\/wp-content\\\/uploads\\\/2025\\\/06\\\/Pessimistische-Schweizer-KMU-1_Organisator.jpg\",\"keywords\":[\"KMU-Barometer\",\"Management und Unternehmensf\u00fchrung\",\"Schweizer KMU\",\"Umfrage\"],\"articleSection\":[\"MANAGEMENT\"],\"inLanguage\":\"it-IT\"},{\"@type\":\"WebPage\",\"@id\":\"https:\\\/\\\/www.organisator.ch\\\/management\\\/2025-06-04\\\/pessimistische-schweizer-kmu\\\/\",\"url\":\"https:\\\/\\\/www.organisator.ch\\\/management\\\/2025-06-04\\\/pessimistische-schweizer-kmu\\\/\",\"name\":\"Pessimistische Schweizer KMU - Organisator\",\"isPartOf\":{\"@id\":\"https:\\\/\\\/www.organisator.ch\\\/#website\"},\"primaryImageOfPage\":{\"@id\":\"https:\\\/\\\/www.organisator.ch\\\/management\\\/2025-06-04\\\/pessimistische-schweizer-kmu\\\/#primaryimage\"},\"image\":{\"@id\":\"https:\\\/\\\/www.organisator.ch\\\/management\\\/2025-06-04\\\/pessimistische-schweizer-kmu\\\/#primaryimage\"},\"thumbnailUrl\":\"https:\\\/\\\/www.organisator.ch\\\/wp-content\\\/uploads\\\/2025\\\/06\\\/Pessimistische-Schweizer-KMU-1_Organisator.jpg\",\"datePublished\":\"2025-06-04T03:17:54+00:00\",\"dateModified\":\"2025-07-03T06:12:17+00:00\",\"description\":\"Pessimistische Schweizer KMU: Der Gesamtindex des seit 2021 j\u00e4hrlich erhobenen NZZ-KMU-Barometers ist 2025 so negativ wie noch nie.\",\"breadcrumb\":{\"@id\":\"https:\\\/\\\/www.organisator.ch\\\/management\\\/2025-06-04\\\/pessimistische-schweizer-kmu\\\/#breadcrumb\"},\"inLanguage\":\"it-IT\",\"potentialAction\":[{\"@type\":\"ReadAction\",\"target\":[\"https:\\\/\\\/www.organisator.ch\\\/management\\\/2025-06-04\\\/pessimistische-schweizer-kmu\\\/\"]}]},{\"@type\":\"ImageObject\",\"inLanguage\":\"it-IT\",\"@id\":\"https:\\\/\\\/www.organisator.ch\\\/management\\\/2025-06-04\\\/pessimistische-schweizer-kmu\\\/#primaryimage\",\"url\":\"https:\\\/\\\/www.organisator.ch\\\/wp-content\\\/uploads\\\/2025\\\/06\\\/Pessimistische-Schweizer-KMU-1_Organisator.jpg\",\"contentUrl\":\"https:\\\/\\\/www.organisator.ch\\\/wp-content\\\/uploads\\\/2025\\\/06\\\/Pessimistische-Schweizer-KMU-1_Organisator.jpg\",\"width\":680,\"height\":454,\"caption\":\"Halbvoll oder halb leer? Schweizer KMU sind derzeit pessimistisch. (Bild: olly18 \\\/ Depositphotos.com)\"},{\"@type\":\"BreadcrumbList\",\"@id\":\"https:\\\/\\\/www.organisator.ch\\\/management\\\/2025-06-04\\\/pessimistische-schweizer-kmu\\\/#breadcrumb\",\"itemListElement\":[{\"@type\":\"ListItem\",\"position\":1,\"name\":\"Home\",\"item\":\"https:\\\/\\\/www.organisator.ch\\\/\"},{\"@type\":\"ListItem\",\"position\":2,\"name\":\"Pessimistische Schweizer KMU\"}]},{\"@type\":\"WebSite\",\"@id\":\"https:\\\/\\\/www.organisator.ch\\\/#website\",\"url\":\"https:\\\/\\\/www.organisator.ch\\\/\",\"name\":\"Organisator\",\"description\":\"Kompetent. Praxisnah. Der ORGANISATOR bereitet in 10 Ausgaben pro Jahr die wesentlichen Themen f\u00fcr F\u00fchrungskr\u00e4fte von KMU auf.\",\"publisher\":{\"@id\":\"https:\\\/\\\/www.organisator.ch\\\/#organization\"},\"potentialAction\":[{\"@type\":\"SearchAction\",\"target\":{\"@type\":\"EntryPoint\",\"urlTemplate\":\"https:\\\/\\\/www.organisator.ch\\\/?s={search_term_string}\"},\"query-input\":{\"@type\":\"PropertyValueSpecification\",\"valueRequired\":true,\"valueName\":\"search_term_string\"}}],\"inLanguage\":\"it-IT\"},{\"@type\":\"Organization\",\"@id\":\"https:\\\/\\\/www.organisator.ch\\\/#organization\",\"name\":\"Organisator\",\"url\":\"https:\\\/\\\/www.organisator.ch\\\/\",\"logo\":{\"@type\":\"ImageObject\",\"inLanguage\":\"it-IT\",\"@id\":\"https:\\\/\\\/www.organisator.ch\\\/#\\\/schema\\\/logo\\\/image\\\/\",\"url\":\"https:\\\/\\\/www.organisator.ch\\\/wp-content\\\/uploads\\\/2022\\\/01\\\/Logo_Organisator_Website.png\",\"contentUrl\":\"https:\\\/\\\/www.organisator.ch\\\/wp-content\\\/uploads\\\/2022\\\/01\\\/Logo_Organisator_Website.png\",\"width\":800,\"height\":77,\"caption\":\"Organisator\"},\"image\":{\"@id\":\"https:\\\/\\\/www.organisator.ch\\\/#\\\/schema\\\/logo\\\/image\\\/\"},\"sameAs\":[\"https:\\\/\\\/www.facebook.com\\\/OrganisatorFachmagazin\",\"https:\\\/\\\/www.linkedin.com\\\/showcase\\\/organisator-das-magazin-fr-kmu\",\"https:\\\/\\\/www.xing.com\\\/news\\\/pages\\\/organisator-ch-695\",\"https:\\\/\\\/www.youtube.com\\\/channel\\\/UCGP2Sq0iWaZwT3BdIAQFYpw\"]},{\"@type\":\"Person\",\"@id\":\"https:\\\/\\\/www.organisator.ch\\\/#\\\/schema\\\/person\\\/6f650f90b2842cd4c0cc334b4e36f67e\",\"name\":\"thomas.berner\",\"image\":{\"@type\":\"ImageObject\",\"inLanguage\":\"it-IT\",\"@id\":\"https:\\\/\\\/secure.gravatar.com\\\/avatar\\\/ac5001d2a36cb6c6cd3e50789007ffca834b477b74a2144564522e944eabff61?s=96&d=mm&r=g\",\"url\":\"https:\\\/\\\/secure.gravatar.com\\\/avatar\\\/ac5001d2a36cb6c6cd3e50789007ffca834b477b74a2144564522e944eabff61?s=96&d=mm&r=g\",\"contentUrl\":\"https:\\\/\\\/secure.gravatar.com\\\/avatar\\\/ac5001d2a36cb6c6cd3e50789007ffca834b477b74a2144564522e944eabff61?s=96&d=mm&r=g\",\"caption\":\"thomas.berner\"},\"url\":\"https:\\\/\\\/www.organisator.ch\\\/it\\\/author\\\/thomas-berner\\\/\"}]}<\/script>\n<!-- \/ Yoast SEO plugin. -->","yoast_head_json":{"title":"PMI svizzere pessimiste - Organizzatore","description":"PMI svizzere pessimiste: l'indice complessivo del Barometro PMI della NZZ, compilato annualmente dal 2021, nel 2025 \u00e8 pi\u00f9 negativo che mai.","robots":{"index":"index","follow":"follow","max-snippet":"max-snippet:-1","max-image-preview":"max-image-preview:large","max-video-preview":"max-video-preview:-1"},"canonical":"https:\/\/www.organisator.ch\/it\/gestione-2\/2025-06-04\/pessimistische-schweizer-kmu\/","og_locale":"it_IT","og_type":"article","og_title":"Pessimistische Schweizer KMU - Organisator","og_description":"Pessimistische Schweizer KMU: Der Gesamtindex des seit 2021 j\u00e4hrlich erhobenen NZZ-KMU-Barometers ist 2025 so negativ wie noch nie.","og_url":"https:\/\/www.organisator.ch\/it\/gestione-2\/2025-06-04\/pessimistische-schweizer-kmu\/","og_site_name":"Organisator","article_publisher":"https:\/\/www.facebook.com\/OrganisatorFachmagazin","article_published_time":"2025-06-04T03:17:54+00:00","article_modified_time":"2025-07-03T06:12:17+00:00","og_image":[{"width":680,"height":454,"url":"https:\/\/www.organisator.ch\/wp-content\/uploads\/2025\/06\/Pessimistische-Schweizer-KMU-1_Organisator.jpg","type":"image\/jpeg"}],"author":"thomas.berner","twitter_card":"summary_large_image","schema":{"@context":"https:\/\/schema.org","@graph":[{"@type":"Article","@id":"https:\/\/www.organisator.ch\/management\/2025-06-04\/pessimistische-schweizer-kmu\/#article","isPartOf":{"@id":"https:\/\/www.organisator.ch\/management\/2025-06-04\/pessimistische-schweizer-kmu\/"},"author":{"name":"thomas.berner","@id":"https:\/\/www.organisator.ch\/#\/schema\/person\/6f650f90b2842cd4c0cc334b4e36f67e"},"headline":"Pessimistische Schweizer KMU","datePublished":"2025-06-04T03:17:54+00:00","dateModified":"2025-07-03T06:12:17+00:00","mainEntityOfPage":{"@id":"https:\/\/www.organisator.ch\/management\/2025-06-04\/pessimistische-schweizer-kmu\/"},"wordCount":578,"publisher":{"@id":"https:\/\/www.organisator.ch\/#organization"},"image":{"@id":"https:\/\/www.organisator.ch\/management\/2025-06-04\/pessimistische-schweizer-kmu\/#primaryimage"},"thumbnailUrl":"https:\/\/www.organisator.ch\/wp-content\/uploads\/2025\/06\/Pessimistische-Schweizer-KMU-1_Organisator.jpg","keywords":["KMU-Barometer","Management und Unternehmensf\u00fchrung","Schweizer KMU","Umfrage"],"articleSection":["MANAGEMENT"],"inLanguage":"it-IT"},{"@type":"WebPage","@id":"https:\/\/www.organisator.ch\/management\/2025-06-04\/pessimistische-schweizer-kmu\/","url":"https:\/\/www.organisator.ch\/management\/2025-06-04\/pessimistische-schweizer-kmu\/","name":"PMI svizzere pessimiste - Organizzatore","isPartOf":{"@id":"https:\/\/www.organisator.ch\/#website"},"primaryImageOfPage":{"@id":"https:\/\/www.organisator.ch\/management\/2025-06-04\/pessimistische-schweizer-kmu\/#primaryimage"},"image":{"@id":"https:\/\/www.organisator.ch\/management\/2025-06-04\/pessimistische-schweizer-kmu\/#primaryimage"},"thumbnailUrl":"https:\/\/www.organisator.ch\/wp-content\/uploads\/2025\/06\/Pessimistische-Schweizer-KMU-1_Organisator.jpg","datePublished":"2025-06-04T03:17:54+00:00","dateModified":"2025-07-03T06:12:17+00:00","description":"PMI svizzere pessimiste: l'indice complessivo del Barometro PMI della NZZ, compilato annualmente dal 2021, nel 2025 \u00e8 pi\u00f9 negativo che mai.","breadcrumb":{"@id":"https:\/\/www.organisator.ch\/management\/2025-06-04\/pessimistische-schweizer-kmu\/#breadcrumb"},"inLanguage":"it-IT","potentialAction":[{"@type":"ReadAction","target":["https:\/\/www.organisator.ch\/management\/2025-06-04\/pessimistische-schweizer-kmu\/"]}]},{"@type":"ImageObject","inLanguage":"it-IT","@id":"https:\/\/www.organisator.ch\/management\/2025-06-04\/pessimistische-schweizer-kmu\/#primaryimage","url":"https:\/\/www.organisator.ch\/wp-content\/uploads\/2025\/06\/Pessimistische-Schweizer-KMU-1_Organisator.jpg","contentUrl":"https:\/\/www.organisator.ch\/wp-content\/uploads\/2025\/06\/Pessimistische-Schweizer-KMU-1_Organisator.jpg","width":680,"height":454,"caption":"Halbvoll oder halb leer? Schweizer KMU sind derzeit pessimistisch. (Bild: olly18 \/ Depositphotos.com)"},{"@type":"BreadcrumbList","@id":"https:\/\/www.organisator.ch\/management\/2025-06-04\/pessimistische-schweizer-kmu\/#breadcrumb","itemListElement":[{"@type":"ListItem","position":1,"name":"Home","item":"https:\/\/www.organisator.ch\/"},{"@type":"ListItem","position":2,"name":"Pessimistische Schweizer KMU"}]},{"@type":"WebSite","@id":"https:\/\/www.organisator.ch\/#website","url":"https:\/\/www.organisator.ch\/","name":"Organizzatore","description":"Competente. Pratico. In 10 numeri all'anno, ORGANISATOR presenta i temi essenziali per i manager delle PMI.","publisher":{"@id":"https:\/\/www.organisator.ch\/#organization"},"potentialAction":[{"@type":"SearchAction","target":{"@type":"EntryPoint","urlTemplate":"https:\/\/www.organisator.ch\/?s={search_term_string}"},"query-input":{"@type":"PropertyValueSpecification","valueRequired":true,"valueName":"search_term_string"}}],"inLanguage":"it-IT"},{"@type":"Organization","@id":"https:\/\/www.organisator.ch\/#organization","name":"Organizzatore","url":"https:\/\/www.organisator.ch\/","logo":{"@type":"ImageObject","inLanguage":"it-IT","@id":"https:\/\/www.organisator.ch\/#\/schema\/logo\/image\/","url":"https:\/\/www.organisator.ch\/wp-content\/uploads\/2022\/01\/Logo_Organisator_Website.png","contentUrl":"https:\/\/www.organisator.ch\/wp-content\/uploads\/2022\/01\/Logo_Organisator_Website.png","width":800,"height":77,"caption":"Organisator"},"image":{"@id":"https:\/\/www.organisator.ch\/#\/schema\/logo\/image\/"},"sameAs":["https:\/\/www.facebook.com\/OrganisatorFachmagazin","https:\/\/www.linkedin.com\/showcase\/organisator-das-magazin-fr-kmu","https:\/\/www.xing.com\/news\/pages\/organisator-ch-695","https:\/\/www.youtube.com\/channel\/UCGP2Sq0iWaZwT3BdIAQFYpw"]},{"@type":"Person","@id":"https:\/\/www.organisator.ch\/#\/schema\/person\/6f650f90b2842cd4c0cc334b4e36f67e","name":"Tommaso.berner","image":{"@type":"ImageObject","inLanguage":"it-IT","@id":"https:\/\/secure.gravatar.com\/avatar\/ac5001d2a36cb6c6cd3e50789007ffca834b477b74a2144564522e944eabff61?s=96&d=mm&r=g","url":"https:\/\/secure.gravatar.com\/avatar\/ac5001d2a36cb6c6cd3e50789007ffca834b477b74a2144564522e944eabff61?s=96&d=mm&r=g","contentUrl":"https:\/\/secure.gravatar.com\/avatar\/ac5001d2a36cb6c6cd3e50789007ffca834b477b74a2144564522e944eabff61?s=96&d=mm&r=g","caption":"thomas.berner"},"url":"https:\/\/www.organisator.ch\/it\/author\/thomas-berner\/"}]}},"_links":{"self":[{"href":"https:\/\/www.organisator.ch\/it\/wp-json\/wp\/v2\/posts\/38657","targetHints":{"allow":["GET"]}}],"collection":[{"href":"https:\/\/www.organisator.ch\/it\/wp-json\/wp\/v2\/posts"}],"about":[{"href":"https:\/\/www.organisator.ch\/it\/wp-json\/wp\/v2\/types\/post"}],"author":[{"embeddable":true,"href":"https:\/\/www.organisator.ch\/it\/wp-json\/wp\/v2\/users\/4"}],"replies":[{"embeddable":true,"href":"https:\/\/www.organisator.ch\/it\/wp-json\/wp\/v2\/comments?post=38657"}],"version-history":[{"count":4,"href":"https:\/\/www.organisator.ch\/it\/wp-json\/wp\/v2\/posts\/38657\/revisions"}],"predecessor-version":[{"id":39425,"href":"https:\/\/www.organisator.ch\/it\/wp-json\/wp\/v2\/posts\/38657\/revisions\/39425"}],"wp:featuredmedia":[{"embeddable":true,"href":"https:\/\/www.organisator.ch\/it\/wp-json\/wp\/v2\/media\/38658"}],"wp:attachment":[{"href":"https:\/\/www.organisator.ch\/it\/wp-json\/wp\/v2\/media?parent=38657"}],"wp:term":[{"taxonomy":"category","embeddable":true,"href":"https:\/\/www.organisator.ch\/it\/wp-json\/wp\/v2\/categories?post=38657"},{"taxonomy":"post_tag","embeddable":true,"href":"https:\/\/www.organisator.ch\/it\/wp-json\/wp\/v2\/tags?post=38657"}],"curies":[{"name":"wp","href":"https:\/\/api.w.org\/{rel}","templated":true}]}}