{"id":38665,"date":"2025-06-04T14:45:07","date_gmt":"2025-06-04T12:45:07","guid":{"rendered":"https:\/\/www.markt-kom.com\/?p=235640"},"modified":"2025-06-04T14:43:55","modified_gmt":"2025-06-04T12:43:55","slug":"patrick-farinato-wird-chief-marketing-communication-officer-bei-six","status":"publish","type":"post","link":"https:\/\/www.organisator.ch\/it\/marketing\/2025-06-04\/patrick-farinato-wird-chief-marketing-communication-officer-bei-six\/","title":{"rendered":"Patrick Farinato diventa Chief Marketing &amp; Communication Officer di Six"},"content":{"rendered":"<figure id=\"attachment_235641\" class=\"wp-caption aligncenter\" style=\"width: 631px;\" aria-describedby=\"caption-attachment-235641\"><a href=\"https:\/\/www.markt-kom.com\/wp-content\/uploads\/2025\/06\/patrick-farinato-six.jpg\"><img class=\"size-full wp-image-235641\" src=\"https:\/\/www.markt-kom.com\/wp-content\/uploads\/2025\/06\/patrick-farinato-six.jpg\" sizes=\"(max-width: 631px) 100vw, 631px\" srcset=\"https:\/\/www.markt-kom.com\/wp-content\/uploads\/2025\/06\/patrick-farinato-six.jpg 631w, https:\/\/www.markt-kom.com\/wp-content\/uploads\/2025\/06\/patrick-farinato-six-600x450.jpg 600w, https:\/\/www.markt-kom.com\/wp-content\/uploads\/2025\/06\/patrick-farinato-six-16x12.jpg 16w, https:\/\/www.markt-kom.com\/wp-content\/uploads\/2025\/06\/patrick-farinato-six-233x175.jpg 233w, https:\/\/www.markt-kom.com\/wp-content\/uploads\/2025\/06\/patrick-farinato-six-467x350.jpg 467w\" alt=\"\" width=\"631\" height=\"473\" \/><\/a>\r\n<figcaption id=\"caption-attachment-235641\" class=\"wp-caption-text\">(Immagine: zVg.)<\/figcaption>\r\n<\/figure>\r\n<p>Nell'ambito della strategia di crescita \"Scale Up 2027\", Six sta riorganizzando il proprio dipartimento di Marketing e Comunicazione. L'obiettivo \u00e8 rendere le attivit\u00e0 esistenti ancora pi\u00f9 strategiche e proattive in futuro. A tal fine, l'operatore di borsa ha nominato Patrick Farinato nuovo Chief Marketing &amp; Communication Officer (CMCO). Farinato assumer\u00e0 il ruolo il 1\u00b0 settembre 2025 e diventer\u00e0 membro del Comitato esecutivo allargato. Farinato succede ad Alain Bichsel, che ha guidato l'organizzazione per molti anni e sta supportando attivamente il passaggio di consegne. Bichsel continuer\u00e0 a ricoprire in futuro un ruolo all'interno della Comunicazione aziendale, scrive Six in un comunicato stampa.<\/p>\r\n<p>Patrick Farinato ha un'esperienza pluriennale nella gestione del marketing strategico e della comunicazione. Attualmente gestisce una propria societ\u00e0 di consulenza. Tra i suoi incarichi precedenti figurano L\u00e4derach Chocolatier Suisse come CMO e CCO, Bank Vontobel come Global Head of Marketing &amp; Analytics e posizioni dirigenziali internazionali presso Bosch, SAM Sustainable Asset Management e Man Group. \u00c8 inoltre membro del Consiglio di amministrazione e presidente del Comitato consultivo del Gruppo Myty.<\/p>\r\n<p>\"Con Patrick abbiamo acquisito un esperto collaudato e molto intraprendente come CMCO\", ha dichiarato Bj\u00f8rn Sibbern, CEO di Six, nel comunicato stampa. \"Ha molti anni di esperienza internazionale nel campo del marketing e della comunicazione, che ha gi\u00e0 utilizzato con successo in diversi settori e con compiti simili\". Allo stesso tempo, ringrazia Alain Bichsel per il suo contributo fino ad oggi e si augura di continuare a lavorare con lui nel nuovo assetto.<\/p>","protected":false},"excerpt":{"rendered":"<p>Six nomina Patrick Farinato Chief Marketing &amp; Communication Officer a partire da settembre 2025. Con questo cambiamento, l'azienda intende fornire un supporto di comunicazione pi\u00f9 mirato alla sua strategia di crescita nell'ambito di \"Scale Up 2027\".<\/p>","protected":false},"author":8,"featured_media":0,"comment_status":"closed","ping_status":"closed","sticky":false,"template":"","format":"standard","meta":{"_acf_changed":false,"_yoast_wpseo_focuskw":"Patrick Farinato","_yoast_wpseo_metadesc":"Six beruft Patrick Farinato zum Chief Marketing & Communication Officer, um die Wachstumsstrategie kommunikativ gezielter zu unterst\u00fctzen.","articlekey":"","footnotes":""},"categories":[29],"tags":[2853,4343,5366],"class_list":["post-38665","post","type-post","status-publish","format-standard","hentry","category-marketing","tag-jobchange","tag-markom","tag-six"],"acf":[],"yoast_head":"<!-- This site is optimized with the Yoast SEO plugin v27.4 - https:\/\/yoast.com\/product\/yoast-seo-wordpress\/ -->\n<title>Patrick Farinato wird Chief Marketing &amp; Communication Officer bei Six - Organisator<\/title>\n<meta name=\"description\" content=\"Six beruft Patrick Farinato zum Chief Marketing &amp; Communication Officer, um die Wachstumsstrategie kommunikativ gezielter zu unterst\u00fctzen.\" \/>\n<meta name=\"robots\" content=\"index, follow, max-snippet:-1, max-image-preview:large, max-video-preview:-1\" \/>\n<link rel=\"canonical\" href=\"https:\/\/www.organisator.ch\/it\/marketing\/2025-06-04\/patrick-farinato-wird-chief-marketing-communication-officer-bei-six\/\" \/>\n<meta property=\"og:locale\" content=\"it_IT\" \/>\n<meta property=\"og:type\" content=\"article\" \/>\n<meta property=\"og:title\" content=\"Patrick Farinato wird Chief Marketing &amp; Communication Officer bei Six - Organisator\" \/>\n<meta property=\"og:description\" content=\"Six beruft Patrick Farinato zum Chief Marketing &amp; Communication Officer, um die Wachstumsstrategie kommunikativ gezielter zu unterst\u00fctzen.\" \/>\n<meta property=\"og:url\" content=\"https:\/\/www.organisator.ch\/it\/marketing\/2025-06-04\/patrick-farinato-wird-chief-marketing-communication-officer-bei-six\/\" \/>\n<meta property=\"og:site_name\" content=\"Organisator\" \/>\n<meta property=\"article:publisher\" content=\"https:\/\/www.facebook.com\/OrganisatorFachmagazin\" \/>\n<meta property=\"article:published_time\" content=\"2025-06-04T12:45:07+00:00\" \/>\n<meta name=\"author\" content=\"galledia\" \/>\n<meta name=\"twitter:card\" content=\"summary_large_image\" \/>\n<meta name=\"twitter:creator\" content=\"@admin\" \/>\n<script type=\"application\/ld+json\" class=\"yoast-schema-graph\">{\"@context\":\"https:\\\/\\\/schema.org\",\"@graph\":[{\"@type\":\"Article\",\"@id\":\"https:\\\/\\\/www.organisator.ch\\\/marketing\\\/2025-06-04\\\/patrick-farinato-wird-chief-marketing-communication-officer-bei-six\\\/#article\",\"isPartOf\":{\"@id\":\"https:\\\/\\\/www.organisator.ch\\\/marketing\\\/2025-06-04\\\/patrick-farinato-wird-chief-marketing-communication-officer-bei-six\\\/\"},\"author\":{\"name\":\"galledia\",\"@id\":\"https:\\\/\\\/www.organisator.ch\\\/#\\\/schema\\\/person\\\/4e51799071cd2dd1232ac003643ef5f0\"},\"headline\":\"Patrick Farinato wird Chief Marketing &amp; Communication Officer bei Six\",\"datePublished\":\"2025-06-04T12:45:07+00:00\",\"mainEntityOfPage\":{\"@id\":\"https:\\\/\\\/www.organisator.ch\\\/marketing\\\/2025-06-04\\\/patrick-farinato-wird-chief-marketing-communication-officer-bei-six\\\/\"},\"wordCount\":246,\"publisher\":{\"@id\":\"https:\\\/\\\/www.organisator.ch\\\/#organization\"},\"image\":{\"@id\":\"https:\\\/\\\/www.organisator.ch\\\/marketing\\\/2025-06-04\\\/patrick-farinato-wird-chief-marketing-communication-officer-bei-six\\\/#primaryimage\"},\"thumbnailUrl\":\"https:\\\/\\\/www.markt-kom.com\\\/wp-content\\\/uploads\\\/2025\\\/06\\\/patrick-farinato-six.jpg\",\"keywords\":[\"Jobchange\",\"MarKom\",\"Six\"],\"articleSection\":[\"MARKETING\"],\"inLanguage\":\"it-IT\"},{\"@type\":\"WebPage\",\"@id\":\"https:\\\/\\\/www.organisator.ch\\\/marketing\\\/2025-06-04\\\/patrick-farinato-wird-chief-marketing-communication-officer-bei-six\\\/\",\"url\":\"https:\\\/\\\/www.organisator.ch\\\/marketing\\\/2025-06-04\\\/patrick-farinato-wird-chief-marketing-communication-officer-bei-six\\\/\",\"name\":\"Patrick Farinato wird Chief Marketing &amp; Communication Officer bei Six - Organisator\",\"isPartOf\":{\"@id\":\"https:\\\/\\\/www.organisator.ch\\\/#website\"},\"primaryImageOfPage\":{\"@id\":\"https:\\\/\\\/www.organisator.ch\\\/marketing\\\/2025-06-04\\\/patrick-farinato-wird-chief-marketing-communication-officer-bei-six\\\/#primaryimage\"},\"image\":{\"@id\":\"https:\\\/\\\/www.organisator.ch\\\/marketing\\\/2025-06-04\\\/patrick-farinato-wird-chief-marketing-communication-officer-bei-six\\\/#primaryimage\"},\"thumbnailUrl\":\"https:\\\/\\\/www.markt-kom.com\\\/wp-content\\\/uploads\\\/2025\\\/06\\\/patrick-farinato-six.jpg\",\"datePublished\":\"2025-06-04T12:45:07+00:00\",\"description\":\"Six beruft Patrick Farinato zum Chief Marketing & Communication Officer, um die Wachstumsstrategie kommunikativ gezielter zu unterst\u00fctzen.\",\"breadcrumb\":{\"@id\":\"https:\\\/\\\/www.organisator.ch\\\/marketing\\\/2025-06-04\\\/patrick-farinato-wird-chief-marketing-communication-officer-bei-six\\\/#breadcrumb\"},\"inLanguage\":\"it-IT\",\"potentialAction\":[{\"@type\":\"ReadAction\",\"target\":[\"https:\\\/\\\/www.organisator.ch\\\/marketing\\\/2025-06-04\\\/patrick-farinato-wird-chief-marketing-communication-officer-bei-six\\\/\"]}]},{\"@type\":\"ImageObject\",\"inLanguage\":\"it-IT\",\"@id\":\"https:\\\/\\\/www.organisator.ch\\\/marketing\\\/2025-06-04\\\/patrick-farinato-wird-chief-marketing-communication-officer-bei-six\\\/#primaryimage\",\"url\":\"https:\\\/\\\/www.markt-kom.com\\\/wp-content\\\/uploads\\\/2025\\\/06\\\/patrick-farinato-six.jpg\",\"contentUrl\":\"https:\\\/\\\/www.markt-kom.com\\\/wp-content\\\/uploads\\\/2025\\\/06\\\/patrick-farinato-six.jpg\"},{\"@type\":\"BreadcrumbList\",\"@id\":\"https:\\\/\\\/www.organisator.ch\\\/marketing\\\/2025-06-04\\\/patrick-farinato-wird-chief-marketing-communication-officer-bei-six\\\/#breadcrumb\",\"itemListElement\":[{\"@type\":\"ListItem\",\"position\":1,\"name\":\"Home\",\"item\":\"https:\\\/\\\/www.organisator.ch\\\/\"},{\"@type\":\"ListItem\",\"position\":2,\"name\":\"Patrick Farinato wird Chief Marketing &amp; Communication Officer bei Six\"}]},{\"@type\":\"WebSite\",\"@id\":\"https:\\\/\\\/www.organisator.ch\\\/#website\",\"url\":\"https:\\\/\\\/www.organisator.ch\\\/\",\"name\":\"Organisator\",\"description\":\"Kompetent. Praxisnah. Der ORGANISATOR bereitet in 10 Ausgaben pro Jahr die wesentlichen Themen f\u00fcr F\u00fchrungskr\u00e4fte von KMU auf.\",\"publisher\":{\"@id\":\"https:\\\/\\\/www.organisator.ch\\\/#organization\"},\"potentialAction\":[{\"@type\":\"SearchAction\",\"target\":{\"@type\":\"EntryPoint\",\"urlTemplate\":\"https:\\\/\\\/www.organisator.ch\\\/?s={search_term_string}\"},\"query-input\":{\"@type\":\"PropertyValueSpecification\",\"valueRequired\":true,\"valueName\":\"search_term_string\"}}],\"inLanguage\":\"it-IT\"},{\"@type\":\"Organization\",\"@id\":\"https:\\\/\\\/www.organisator.ch\\\/#organization\",\"name\":\"Organisator\",\"url\":\"https:\\\/\\\/www.organisator.ch\\\/\",\"logo\":{\"@type\":\"ImageObject\",\"inLanguage\":\"it-IT\",\"@id\":\"https:\\\/\\\/www.organisator.ch\\\/#\\\/schema\\\/logo\\\/image\\\/\",\"url\":\"https:\\\/\\\/www.organisator.ch\\\/wp-content\\\/uploads\\\/2022\\\/01\\\/Logo_Organisator_Website.png\",\"contentUrl\":\"https:\\\/\\\/www.organisator.ch\\\/wp-content\\\/uploads\\\/2022\\\/01\\\/Logo_Organisator_Website.png\",\"width\":800,\"height\":77,\"caption\":\"Organisator\"},\"image\":{\"@id\":\"https:\\\/\\\/www.organisator.ch\\\/#\\\/schema\\\/logo\\\/image\\\/\"},\"sameAs\":[\"https:\\\/\\\/www.facebook.com\\\/OrganisatorFachmagazin\",\"https:\\\/\\\/www.linkedin.com\\\/showcase\\\/organisator-das-magazin-fr-kmu\",\"https:\\\/\\\/www.xing.com\\\/news\\\/pages\\\/organisator-ch-695\",\"https:\\\/\\\/www.youtube.com\\\/channel\\\/UCGP2Sq0iWaZwT3BdIAQFYpw\"]},{\"@type\":\"Person\",\"@id\":\"https:\\\/\\\/www.organisator.ch\\\/#\\\/schema\\\/person\\\/4e51799071cd2dd1232ac003643ef5f0\",\"name\":\"galledia\",\"image\":{\"@type\":\"ImageObject\",\"inLanguage\":\"it-IT\",\"@id\":\"https:\\\/\\\/secure.gravatar.com\\\/avatar\\\/78a7f90c01fc2bfc875782a0d4922b37cde2cf184ce347b91316d23cd7f69a36?s=96&d=mm&r=g\",\"url\":\"https:\\\/\\\/secure.gravatar.com\\\/avatar\\\/78a7f90c01fc2bfc875782a0d4922b37cde2cf184ce347b91316d23cd7f69a36?s=96&d=mm&r=g\",\"contentUrl\":\"https:\\\/\\\/secure.gravatar.com\\\/avatar\\\/78a7f90c01fc2bfc875782a0d4922b37cde2cf184ce347b91316d23cd7f69a36?s=96&d=mm&r=g\",\"caption\":\"galledia\"},\"sameAs\":[\"https:\\\/\\\/x.com\\\/admin\"],\"url\":\"https:\\\/\\\/www.organisator.ch\\\/it\\\/author\\\/galledia\\\/\"}]}<\/script>\n<!-- \/ Yoast SEO plugin. -->","yoast_head_json":{"title":"Patrick Farinato diventa Chief Marketing &amp; Communication Officer di Six - Organiser","description":"Six nomina Patrick Farinato Chief Marketing &amp; Communication Officer per fornire un supporto di comunicazione pi\u00f9 mirato alla strategia di crescita.","robots":{"index":"index","follow":"follow","max-snippet":"max-snippet:-1","max-image-preview":"max-image-preview:large","max-video-preview":"max-video-preview:-1"},"canonical":"https:\/\/www.organisator.ch\/it\/marketing\/2025-06-04\/patrick-farinato-wird-chief-marketing-communication-officer-bei-six\/","og_locale":"it_IT","og_type":"article","og_title":"Patrick Farinato wird Chief Marketing &amp; Communication Officer bei Six - Organisator","og_description":"Six beruft Patrick Farinato zum Chief Marketing & Communication Officer, um die Wachstumsstrategie kommunikativ gezielter zu unterst\u00fctzen.","og_url":"https:\/\/www.organisator.ch\/it\/marketing\/2025-06-04\/patrick-farinato-wird-chief-marketing-communication-officer-bei-six\/","og_site_name":"Organisator","article_publisher":"https:\/\/www.facebook.com\/OrganisatorFachmagazin","article_published_time":"2025-06-04T12:45:07+00:00","author":"galledia","twitter_card":"summary_large_image","twitter_creator":"@admin","schema":{"@context":"https:\/\/schema.org","@graph":[{"@type":"Article","@id":"https:\/\/www.organisator.ch\/marketing\/2025-06-04\/patrick-farinato-wird-chief-marketing-communication-officer-bei-six\/#article","isPartOf":{"@id":"https:\/\/www.organisator.ch\/marketing\/2025-06-04\/patrick-farinato-wird-chief-marketing-communication-officer-bei-six\/"},"author":{"name":"galledia","@id":"https:\/\/www.organisator.ch\/#\/schema\/person\/4e51799071cd2dd1232ac003643ef5f0"},"headline":"Patrick Farinato wird Chief Marketing &amp; Communication Officer bei Six","datePublished":"2025-06-04T12:45:07+00:00","mainEntityOfPage":{"@id":"https:\/\/www.organisator.ch\/marketing\/2025-06-04\/patrick-farinato-wird-chief-marketing-communication-officer-bei-six\/"},"wordCount":246,"publisher":{"@id":"https:\/\/www.organisator.ch\/#organization"},"image":{"@id":"https:\/\/www.organisator.ch\/marketing\/2025-06-04\/patrick-farinato-wird-chief-marketing-communication-officer-bei-six\/#primaryimage"},"thumbnailUrl":"https:\/\/www.markt-kom.com\/wp-content\/uploads\/2025\/06\/patrick-farinato-six.jpg","keywords":["Jobchange","MarKom","Six"],"articleSection":["MARKETING"],"inLanguage":"it-IT"},{"@type":"WebPage","@id":"https:\/\/www.organisator.ch\/marketing\/2025-06-04\/patrick-farinato-wird-chief-marketing-communication-officer-bei-six\/","url":"https:\/\/www.organisator.ch\/marketing\/2025-06-04\/patrick-farinato-wird-chief-marketing-communication-officer-bei-six\/","name":"Patrick Farinato diventa Chief Marketing &amp; Communication Officer di Six - Organiser","isPartOf":{"@id":"https:\/\/www.organisator.ch\/#website"},"primaryImageOfPage":{"@id":"https:\/\/www.organisator.ch\/marketing\/2025-06-04\/patrick-farinato-wird-chief-marketing-communication-officer-bei-six\/#primaryimage"},"image":{"@id":"https:\/\/www.organisator.ch\/marketing\/2025-06-04\/patrick-farinato-wird-chief-marketing-communication-officer-bei-six\/#primaryimage"},"thumbnailUrl":"https:\/\/www.markt-kom.com\/wp-content\/uploads\/2025\/06\/patrick-farinato-six.jpg","datePublished":"2025-06-04T12:45:07+00:00","description":"Six nomina Patrick Farinato Chief Marketing &amp; Communication Officer per fornire un supporto di comunicazione pi\u00f9 mirato alla strategia di crescita.","breadcrumb":{"@id":"https:\/\/www.organisator.ch\/marketing\/2025-06-04\/patrick-farinato-wird-chief-marketing-communication-officer-bei-six\/#breadcrumb"},"inLanguage":"it-IT","potentialAction":[{"@type":"ReadAction","target":["https:\/\/www.organisator.ch\/marketing\/2025-06-04\/patrick-farinato-wird-chief-marketing-communication-officer-bei-six\/"]}]},{"@type":"ImageObject","inLanguage":"it-IT","@id":"https:\/\/www.organisator.ch\/marketing\/2025-06-04\/patrick-farinato-wird-chief-marketing-communication-officer-bei-six\/#primaryimage","url":"https:\/\/www.markt-kom.com\/wp-content\/uploads\/2025\/06\/patrick-farinato-six.jpg","contentUrl":"https:\/\/www.markt-kom.com\/wp-content\/uploads\/2025\/06\/patrick-farinato-six.jpg"},{"@type":"BreadcrumbList","@id":"https:\/\/www.organisator.ch\/marketing\/2025-06-04\/patrick-farinato-wird-chief-marketing-communication-officer-bei-six\/#breadcrumb","itemListElement":[{"@type":"ListItem","position":1,"name":"Home","item":"https:\/\/www.organisator.ch\/"},{"@type":"ListItem","position":2,"name":"Patrick Farinato wird Chief Marketing &amp; Communication Officer bei Six"}]},{"@type":"WebSite","@id":"https:\/\/www.organisator.ch\/#website","url":"https:\/\/www.organisator.ch\/","name":"Organizzatore","description":"Competente. Pratico. In 10 numeri all'anno, ORGANISATOR presenta i temi essenziali per i manager delle PMI.","publisher":{"@id":"https:\/\/www.organisator.ch\/#organization"},"potentialAction":[{"@type":"SearchAction","target":{"@type":"EntryPoint","urlTemplate":"https:\/\/www.organisator.ch\/?s={search_term_string}"},"query-input":{"@type":"PropertyValueSpecification","valueRequired":true,"valueName":"search_term_string"}}],"inLanguage":"it-IT"},{"@type":"Organization","@id":"https:\/\/www.organisator.ch\/#organization","name":"Organizzatore","url":"https:\/\/www.organisator.ch\/","logo":{"@type":"ImageObject","inLanguage":"it-IT","@id":"https:\/\/www.organisator.ch\/#\/schema\/logo\/image\/","url":"https:\/\/www.organisator.ch\/wp-content\/uploads\/2022\/01\/Logo_Organisator_Website.png","contentUrl":"https:\/\/www.organisator.ch\/wp-content\/uploads\/2022\/01\/Logo_Organisator_Website.png","width":800,"height":77,"caption":"Organisator"},"image":{"@id":"https:\/\/www.organisator.ch\/#\/schema\/logo\/image\/"},"sameAs":["https:\/\/www.facebook.com\/OrganisatorFachmagazin","https:\/\/www.linkedin.com\/showcase\/organisator-das-magazin-fr-kmu","https:\/\/www.xing.com\/news\/pages\/organisator-ch-695","https:\/\/www.youtube.com\/channel\/UCGP2Sq0iWaZwT3BdIAQFYpw"]},{"@type":"Person","@id":"https:\/\/www.organisator.ch\/#\/schema\/person\/4e51799071cd2dd1232ac003643ef5f0","name":"galledia","image":{"@type":"ImageObject","inLanguage":"it-IT","@id":"https:\/\/secure.gravatar.com\/avatar\/78a7f90c01fc2bfc875782a0d4922b37cde2cf184ce347b91316d23cd7f69a36?s=96&d=mm&r=g","url":"https:\/\/secure.gravatar.com\/avatar\/78a7f90c01fc2bfc875782a0d4922b37cde2cf184ce347b91316d23cd7f69a36?s=96&d=mm&r=g","contentUrl":"https:\/\/secure.gravatar.com\/avatar\/78a7f90c01fc2bfc875782a0d4922b37cde2cf184ce347b91316d23cd7f69a36?s=96&d=mm&r=g","caption":"galledia"},"sameAs":["https:\/\/x.com\/admin"],"url":"https:\/\/www.organisator.ch\/it\/author\/galledia\/"}]}},"_links":{"self":[{"href":"https:\/\/www.organisator.ch\/it\/wp-json\/wp\/v2\/posts\/38665","targetHints":{"allow":["GET"]}}],"collection":[{"href":"https:\/\/www.organisator.ch\/it\/wp-json\/wp\/v2\/posts"}],"about":[{"href":"https:\/\/www.organisator.ch\/it\/wp-json\/wp\/v2\/types\/post"}],"author":[{"embeddable":true,"href":"https:\/\/www.organisator.ch\/it\/wp-json\/wp\/v2\/users\/8"}],"replies":[{"embeddable":true,"href":"https:\/\/www.organisator.ch\/it\/wp-json\/wp\/v2\/comments?post=38665"}],"version-history":[{"count":4,"href":"https:\/\/www.organisator.ch\/it\/wp-json\/wp\/v2\/posts\/38665\/revisions"}],"predecessor-version":[{"id":38692,"href":"https:\/\/www.organisator.ch\/it\/wp-json\/wp\/v2\/posts\/38665\/revisions\/38692"}],"wp:attachment":[{"href":"https:\/\/www.organisator.ch\/it\/wp-json\/wp\/v2\/media?parent=38665"}],"wp:term":[{"taxonomy":"category","embeddable":true,"href":"https:\/\/www.organisator.ch\/it\/wp-json\/wp\/v2\/categories?post=38665"},{"taxonomy":"post_tag","embeddable":true,"href":"https:\/\/www.organisator.ch\/it\/wp-json\/wp\/v2\/tags?post=38665"}],"curies":[{"name":"wp","href":"https:\/\/api.w.org\/{rel}","templated":true}]}}