{"id":38668,"date":"2025-06-04T08:53:38","date_gmt":"2025-06-04T06:53:38","guid":{"rendered":"https:\/\/www.organisator.ch\/?p=38668"},"modified":"2025-06-04T08:53:38","modified_gmt":"2025-06-04T06:53:38","slug":"faigle-uebernimmt-druckzentrum-der-ehemaligen-credit-suisse","status":"publish","type":"post","link":"https:\/\/www.organisator.ch\/it\/management\/2025-06-04\/faigle-uebernimmt-druckzentrum-der-ehemaligen-credit-suisse\/","title":{"rendered":"Faigle rileva il centro stampa dell'ex Credit Suisse"},"content":{"rendered":"<figure id=\"attachment_38669\" aria-describedby=\"caption-attachment-38669\" style=\"width: 680px\" class=\"wp-caption alignnone\"><img loading=\"lazy\" decoding=\"async\" class=\"size-full wp-image-38669\" src=\"https:\/\/www.organisator.ch\/wp-content\/uploads\/2025\/06\/Faigle-uebernimmt-Druckzentrum-der-ehemaligen-Credit-Suisse_Organisator.jpg\" alt=\"\" width=\"680\" height=\"452\" srcset=\"https:\/\/www.organisator.ch\/wp-content\/uploads\/2025\/06\/Faigle-uebernimmt-Druckzentrum-der-ehemaligen-Credit-Suisse_Organisator.jpg 680w, https:\/\/www.organisator.ch\/wp-content\/uploads\/2025\/06\/Faigle-uebernimmt-Druckzentrum-der-ehemaligen-Credit-Suisse_Organisator-18x12.jpg 18w, https:\/\/www.organisator.ch\/wp-content\/uploads\/2025\/06\/Faigle-uebernimmt-Druckzentrum-der-ehemaligen-Credit-Suisse_Organisator-375x249.jpg 375w, https:\/\/www.organisator.ch\/wp-content\/uploads\/2025\/06\/Faigle-uebernimmt-Druckzentrum-der-ehemaligen-Credit-Suisse_Organisator-527x350.jpg 527w\" sizes=\"auto, (max-width: 680px) 100vw, 680px\" \/><figcaption id=\"caption-attachment-38669\" class=\"wp-caption-text\">Rilevando il centro stampa dell'ex Credit Suisse, Faigle rafforza la sua posizione di mercato nella stampa di transazioni. (Immagine simbolica \/ Depositphotos.com)<\/figcaption><\/figure>\n<p>Faigle AG, azienda specializzata nella gestione delle informazioni e dei documenti, sta ampliando le proprie capacit\u00e0 produttive nel settore della stampa di transazioni (fatture, solleciti, estratti conto, accertamenti fiscali, polizze, ecc.) rilevando il centro stampa dell'ex Credit Suisse a Uetlihof. Faigle \u00e8 ora in grado di servire anche i grandi clienti e i clienti di settori altamente regolamentati come i fornitori di servizi finanziari, le amministrazioni pubbliche e le istituzioni sanitarie con servizi completi di stampa in outsourcing. Questa acquisizione rappresenta un ulteriore passo avanti nella strategia di crescita dell'azienda. Inoltre, sottolinea l'importanza della PMI svizzera nel mercato dei servizi di stampa e output altamente regolamentati, come si legge nel comunicato.<\/p>\n<p>Il centro stampa di Uetlihof dispone di infrastrutture e processi all'avanguardia, che verranno mantenuti inalterati. Faigle soddisfa tutti i requisiti normativi e di sicurezza, comprese le specifiche FINMA e le certificazioni ISO, e risponde quindi agli standard pi\u00f9 elevati. \"Siamo convinti che il trattamento e la trasmissione di dati sensibili debbano essere affidati a un fornitore affermato come Faigle, che ha sede in Svizzera\", afferma il CEO Armin B\u00e4bler. \"Come azienda familiare di terza generazione, siamo sinonimo di continuit\u00e0, affidabilit\u00e0 e qualit\u00e0, sia per i nostri clienti che per i nostri dipendenti e partner\". Faigle AG sta inoltre assumendo una parte significativa dei dipendenti del centro stampa, garantendo cos\u00ec una preziosa esperienza e continuit\u00e0 nei processi.<\/p>\n<p><em>Fonte: <a href=\"https:\/\/faigle.ch\/de\">Faigle AG<\/a><\/em><\/p>","protected":false},"excerpt":{"rendered":"<p>Il 1\u00b0 luglio 2025 l'azienda familiare Faigle, gestita dai proprietari, rileva da UBS il centro stampa dell'ex Credit Suisse nell'Uetlihof di Zurigo. Con questa acquisizione, Faigle AG amplia le proprie capacit\u00e0 produttive e si afferma come uno dei principali fornitori di stampa di transazioni in Svizzera. <\/p>","protected":false},"author":4,"featured_media":38669,"comment_status":"closed","ping_status":"closed","sticky":false,"template":"","format":"standard","meta":{"_acf_changed":false,"_yoast_wpseo_focuskw":"Druckzentrum","_yoast_wpseo_metadesc":"Das Familienunternehmen Faigle \u00fcbernimmt per 1. Juli 2025 das Druckzentrum der ehemaligen Credit Suisse im Z\u00fcrcher Uetlihof von UBS.","articlekey":"","footnotes":""},"categories":[28],"tags":[35,492],"class_list":["post-38668","post","type-post","status-publish","format-standard","has-post-thumbnail","hentry","category-management","tag-akquisition","tag-unternehmen"],"acf":[],"yoast_head":"<!-- This site is optimized with the Yoast SEO plugin v27.5 - https:\/\/yoast.com\/product\/yoast-seo-wordpress\/ -->\n<title>Faigle \u00fcbernimmt Druckzentrum der ehemaligen Credit Suisse - Organisator<\/title>\n<meta name=\"description\" content=\"Das Familienunternehmen Faigle \u00fcbernimmt per 1. Juli 2025 das Druckzentrum der ehemaligen Credit Suisse im Z\u00fcrcher Uetlihof von UBS.\" \/>\n<meta name=\"robots\" content=\"index, follow, max-snippet:-1, max-image-preview:large, max-video-preview:-1\" \/>\n<link rel=\"canonical\" href=\"https:\/\/www.organisator.ch\/it\/gestione-2\/2025-06-04\/faigle-uebernimmt-druckzentrum-der-ehemaligen-credit-suisse\/\" \/>\n<meta property=\"og:locale\" content=\"it_IT\" \/>\n<meta property=\"og:type\" content=\"article\" \/>\n<meta property=\"og:title\" content=\"Faigle \u00fcbernimmt Druckzentrum der ehemaligen Credit Suisse\" \/>\n<meta property=\"og:description\" content=\"Das Familienunternehmen Faigle \u00fcbernimmt per 1. Juli 2025 das Druckzentrum der ehemaligen Credit Suisse im Z\u00fcrcher Uetlihof von UBS.\" \/>\n<meta property=\"og:url\" content=\"https:\/\/www.organisator.ch\/it\/gestione-2\/2025-06-04\/faigle-uebernimmt-druckzentrum-der-ehemaligen-credit-suisse\/\" \/>\n<meta property=\"og:site_name\" content=\"Organisator\" \/>\n<meta property=\"article:publisher\" content=\"https:\/\/www.facebook.com\/OrganisatorFachmagazin\" \/>\n<meta property=\"article:published_time\" content=\"2025-06-04T06:53:38+00:00\" \/>\n<meta property=\"og:image\" content=\"https:\/\/www.organisator.ch\/wp-content\/uploads\/2025\/06\/Faigle-uebernimmt-Druckzentrum-der-ehemaligen-Credit-Suisse_Organisator.jpg\" \/>\n\t<meta property=\"og:image:width\" content=\"680\" \/>\n\t<meta property=\"og:image:height\" content=\"452\" \/>\n\t<meta property=\"og:image:type\" content=\"image\/jpeg\" \/>\n<meta name=\"author\" content=\"thomas.berner\" \/>\n<meta name=\"twitter:card\" content=\"summary_large_image\" \/>\n<meta name=\"twitter:title\" content=\"#Faigle \u00fcbernimmt #Druckzentrum der ehemaligen Credit Suisse\" \/>\n<meta name=\"twitter:description\" content=\"Das Familienunternehmen #Faigle \u00fcbernimmt per 1. Juli 2025 das #Druckzentrum der ehemaligen Credit Suisse im Z\u00fcrcher Uetlihof von UBS.\" \/>\n<meta name=\"twitter:image\" content=\"https:\/\/www.organisator.ch\/wp-content\/uploads\/2025\/06\/Faigle-uebernimmt-Druckzentrum-der-ehemaligen-Credit-Suisse_Organisator.jpg\" \/>\n<script type=\"application\/ld+json\" class=\"yoast-schema-graph\">{\"@context\":\"https:\\\/\\\/schema.org\",\"@graph\":[{\"@type\":\"Article\",\"@id\":\"https:\\\/\\\/www.organisator.ch\\\/management\\\/2025-06-04\\\/faigle-uebernimmt-druckzentrum-der-ehemaligen-credit-suisse\\\/#article\",\"isPartOf\":{\"@id\":\"https:\\\/\\\/www.organisator.ch\\\/management\\\/2025-06-04\\\/faigle-uebernimmt-druckzentrum-der-ehemaligen-credit-suisse\\\/\"},\"author\":{\"name\":\"thomas.berner\",\"@id\":\"https:\\\/\\\/www.organisator.ch\\\/#\\\/schema\\\/person\\\/6f650f90b2842cd4c0cc334b4e36f67e\"},\"headline\":\"Faigle \u00fcbernimmt Druckzentrum der ehemaligen Credit Suisse\",\"datePublished\":\"2025-06-04T06:53:38+00:00\",\"mainEntityOfPage\":{\"@id\":\"https:\\\/\\\/www.organisator.ch\\\/management\\\/2025-06-04\\\/faigle-uebernimmt-druckzentrum-der-ehemaligen-credit-suisse\\\/\"},\"wordCount\":249,\"publisher\":{\"@id\":\"https:\\\/\\\/www.organisator.ch\\\/#organization\"},\"image\":{\"@id\":\"https:\\\/\\\/www.organisator.ch\\\/management\\\/2025-06-04\\\/faigle-uebernimmt-druckzentrum-der-ehemaligen-credit-suisse\\\/#primaryimage\"},\"thumbnailUrl\":\"https:\\\/\\\/www.organisator.ch\\\/wp-content\\\/uploads\\\/2025\\\/06\\\/Faigle-uebernimmt-Druckzentrum-der-ehemaligen-Credit-Suisse_Organisator.jpg\",\"keywords\":[\"Akquisition\",\"Unternehmen\"],\"articleSection\":[\"MANAGEMENT\"],\"inLanguage\":\"it-IT\"},{\"@type\":\"WebPage\",\"@id\":\"https:\\\/\\\/www.organisator.ch\\\/management\\\/2025-06-04\\\/faigle-uebernimmt-druckzentrum-der-ehemaligen-credit-suisse\\\/\",\"url\":\"https:\\\/\\\/www.organisator.ch\\\/management\\\/2025-06-04\\\/faigle-uebernimmt-druckzentrum-der-ehemaligen-credit-suisse\\\/\",\"name\":\"Faigle \u00fcbernimmt Druckzentrum der ehemaligen Credit Suisse - Organisator\",\"isPartOf\":{\"@id\":\"https:\\\/\\\/www.organisator.ch\\\/#website\"},\"primaryImageOfPage\":{\"@id\":\"https:\\\/\\\/www.organisator.ch\\\/management\\\/2025-06-04\\\/faigle-uebernimmt-druckzentrum-der-ehemaligen-credit-suisse\\\/#primaryimage\"},\"image\":{\"@id\":\"https:\\\/\\\/www.organisator.ch\\\/management\\\/2025-06-04\\\/faigle-uebernimmt-druckzentrum-der-ehemaligen-credit-suisse\\\/#primaryimage\"},\"thumbnailUrl\":\"https:\\\/\\\/www.organisator.ch\\\/wp-content\\\/uploads\\\/2025\\\/06\\\/Faigle-uebernimmt-Druckzentrum-der-ehemaligen-Credit-Suisse_Organisator.jpg\",\"datePublished\":\"2025-06-04T06:53:38+00:00\",\"description\":\"Das Familienunternehmen Faigle \u00fcbernimmt per 1. Juli 2025 das Druckzentrum der ehemaligen Credit Suisse im Z\u00fcrcher Uetlihof von UBS.\",\"breadcrumb\":{\"@id\":\"https:\\\/\\\/www.organisator.ch\\\/management\\\/2025-06-04\\\/faigle-uebernimmt-druckzentrum-der-ehemaligen-credit-suisse\\\/#breadcrumb\"},\"inLanguage\":\"it-IT\",\"potentialAction\":[{\"@type\":\"ReadAction\",\"target\":[\"https:\\\/\\\/www.organisator.ch\\\/management\\\/2025-06-04\\\/faigle-uebernimmt-druckzentrum-der-ehemaligen-credit-suisse\\\/\"]}]},{\"@type\":\"ImageObject\",\"inLanguage\":\"it-IT\",\"@id\":\"https:\\\/\\\/www.organisator.ch\\\/management\\\/2025-06-04\\\/faigle-uebernimmt-druckzentrum-der-ehemaligen-credit-suisse\\\/#primaryimage\",\"url\":\"https:\\\/\\\/www.organisator.ch\\\/wp-content\\\/uploads\\\/2025\\\/06\\\/Faigle-uebernimmt-Druckzentrum-der-ehemaligen-Credit-Suisse_Organisator.jpg\",\"contentUrl\":\"https:\\\/\\\/www.organisator.ch\\\/wp-content\\\/uploads\\\/2025\\\/06\\\/Faigle-uebernimmt-Druckzentrum-der-ehemaligen-Credit-Suisse_Organisator.jpg\",\"width\":680,\"height\":452,\"caption\":\"Durch die \u00dcbernahme des Druckzentrums der ehemaligen Credit Suisse verst\u00e4rkt das Unternehmen Faigle seine Marktstellung im Transaktionsdruck. (Symbolbild \\\/ Depositphotos.com)\"},{\"@type\":\"BreadcrumbList\",\"@id\":\"https:\\\/\\\/www.organisator.ch\\\/management\\\/2025-06-04\\\/faigle-uebernimmt-druckzentrum-der-ehemaligen-credit-suisse\\\/#breadcrumb\",\"itemListElement\":[{\"@type\":\"ListItem\",\"position\":1,\"name\":\"Home\",\"item\":\"https:\\\/\\\/www.organisator.ch\\\/\"},{\"@type\":\"ListItem\",\"position\":2,\"name\":\"Faigle \u00fcbernimmt Druckzentrum der ehemaligen Credit Suisse\"}]},{\"@type\":\"WebSite\",\"@id\":\"https:\\\/\\\/www.organisator.ch\\\/#website\",\"url\":\"https:\\\/\\\/www.organisator.ch\\\/\",\"name\":\"Organisator\",\"description\":\"Kompetent. Praxisnah. Der ORGANISATOR bereitet in 10 Ausgaben pro Jahr die wesentlichen Themen f\u00fcr F\u00fchrungskr\u00e4fte von KMU auf.\",\"publisher\":{\"@id\":\"https:\\\/\\\/www.organisator.ch\\\/#organization\"},\"potentialAction\":[{\"@type\":\"SearchAction\",\"target\":{\"@type\":\"EntryPoint\",\"urlTemplate\":\"https:\\\/\\\/www.organisator.ch\\\/?s={search_term_string}\"},\"query-input\":{\"@type\":\"PropertyValueSpecification\",\"valueRequired\":true,\"valueName\":\"search_term_string\"}}],\"inLanguage\":\"it-IT\"},{\"@type\":\"Organization\",\"@id\":\"https:\\\/\\\/www.organisator.ch\\\/#organization\",\"name\":\"Organisator\",\"url\":\"https:\\\/\\\/www.organisator.ch\\\/\",\"logo\":{\"@type\":\"ImageObject\",\"inLanguage\":\"it-IT\",\"@id\":\"https:\\\/\\\/www.organisator.ch\\\/#\\\/schema\\\/logo\\\/image\\\/\",\"url\":\"https:\\\/\\\/www.organisator.ch\\\/wp-content\\\/uploads\\\/2022\\\/01\\\/Logo_Organisator_Website.png\",\"contentUrl\":\"https:\\\/\\\/www.organisator.ch\\\/wp-content\\\/uploads\\\/2022\\\/01\\\/Logo_Organisator_Website.png\",\"width\":800,\"height\":77,\"caption\":\"Organisator\"},\"image\":{\"@id\":\"https:\\\/\\\/www.organisator.ch\\\/#\\\/schema\\\/logo\\\/image\\\/\"},\"sameAs\":[\"https:\\\/\\\/www.facebook.com\\\/OrganisatorFachmagazin\",\"https:\\\/\\\/www.linkedin.com\\\/showcase\\\/organisator-das-magazin-fr-kmu\",\"https:\\\/\\\/www.xing.com\\\/news\\\/pages\\\/organisator-ch-695\",\"https:\\\/\\\/www.youtube.com\\\/channel\\\/UCGP2Sq0iWaZwT3BdIAQFYpw\"]},{\"@type\":\"Person\",\"@id\":\"https:\\\/\\\/www.organisator.ch\\\/#\\\/schema\\\/person\\\/6f650f90b2842cd4c0cc334b4e36f67e\",\"name\":\"thomas.berner\",\"image\":{\"@type\":\"ImageObject\",\"inLanguage\":\"it-IT\",\"@id\":\"https:\\\/\\\/secure.gravatar.com\\\/avatar\\\/ac5001d2a36cb6c6cd3e50789007ffca834b477b74a2144564522e944eabff61?s=96&d=mm&r=g\",\"url\":\"https:\\\/\\\/secure.gravatar.com\\\/avatar\\\/ac5001d2a36cb6c6cd3e50789007ffca834b477b74a2144564522e944eabff61?s=96&d=mm&r=g\",\"contentUrl\":\"https:\\\/\\\/secure.gravatar.com\\\/avatar\\\/ac5001d2a36cb6c6cd3e50789007ffca834b477b74a2144564522e944eabff61?s=96&d=mm&r=g\",\"caption\":\"thomas.berner\"},\"url\":\"https:\\\/\\\/www.organisator.ch\\\/it\\\/author\\\/thomas-berner\\\/\"}]}<\/script>\n<!-- \/ Yoast SEO plugin. -->","yoast_head_json":{"title":"Faigle rileva il centro stampa dell'ex Credit Suisse - Organizzatore","description":"L'azienda familiare Faigle rilever\u00e0 da UBS il centro stampa dell'ex Credit Suisse nell'Uetlihof di Zurigo il 1\u00b0 luglio 2025.","robots":{"index":"index","follow":"follow","max-snippet":"max-snippet:-1","max-image-preview":"max-image-preview:large","max-video-preview":"max-video-preview:-1"},"canonical":"https:\/\/www.organisator.ch\/it\/gestione-2\/2025-06-04\/faigle-uebernimmt-druckzentrum-der-ehemaligen-credit-suisse\/","og_locale":"it_IT","og_type":"article","og_title":"Faigle \u00fcbernimmt Druckzentrum der ehemaligen Credit Suisse","og_description":"Das Familienunternehmen Faigle \u00fcbernimmt per 1. Juli 2025 das Druckzentrum der ehemaligen Credit Suisse im Z\u00fcrcher Uetlihof von UBS.","og_url":"https:\/\/www.organisator.ch\/it\/gestione-2\/2025-06-04\/faigle-uebernimmt-druckzentrum-der-ehemaligen-credit-suisse\/","og_site_name":"Organisator","article_publisher":"https:\/\/www.facebook.com\/OrganisatorFachmagazin","article_published_time":"2025-06-04T06:53:38+00:00","og_image":[{"width":680,"height":452,"url":"https:\/\/www.organisator.ch\/wp-content\/uploads\/2025\/06\/Faigle-uebernimmt-Druckzentrum-der-ehemaligen-Credit-Suisse_Organisator.jpg","type":"image\/jpeg"}],"author":"thomas.berner","twitter_card":"summary_large_image","twitter_title":"#Faigle \u00fcbernimmt #Druckzentrum der ehemaligen Credit Suisse","twitter_description":"Das Familienunternehmen #Faigle \u00fcbernimmt per 1. Juli 2025 das #Druckzentrum der ehemaligen Credit Suisse im Z\u00fcrcher Uetlihof von UBS.","twitter_image":"https:\/\/www.organisator.ch\/wp-content\/uploads\/2025\/06\/Faigle-uebernimmt-Druckzentrum-der-ehemaligen-Credit-Suisse_Organisator.jpg","schema":{"@context":"https:\/\/schema.org","@graph":[{"@type":"Article","@id":"https:\/\/www.organisator.ch\/management\/2025-06-04\/faigle-uebernimmt-druckzentrum-der-ehemaligen-credit-suisse\/#article","isPartOf":{"@id":"https:\/\/www.organisator.ch\/management\/2025-06-04\/faigle-uebernimmt-druckzentrum-der-ehemaligen-credit-suisse\/"},"author":{"name":"thomas.berner","@id":"https:\/\/www.organisator.ch\/#\/schema\/person\/6f650f90b2842cd4c0cc334b4e36f67e"},"headline":"Faigle \u00fcbernimmt Druckzentrum der ehemaligen Credit Suisse","datePublished":"2025-06-04T06:53:38+00:00","mainEntityOfPage":{"@id":"https:\/\/www.organisator.ch\/management\/2025-06-04\/faigle-uebernimmt-druckzentrum-der-ehemaligen-credit-suisse\/"},"wordCount":249,"publisher":{"@id":"https:\/\/www.organisator.ch\/#organization"},"image":{"@id":"https:\/\/www.organisator.ch\/management\/2025-06-04\/faigle-uebernimmt-druckzentrum-der-ehemaligen-credit-suisse\/#primaryimage"},"thumbnailUrl":"https:\/\/www.organisator.ch\/wp-content\/uploads\/2025\/06\/Faigle-uebernimmt-Druckzentrum-der-ehemaligen-Credit-Suisse_Organisator.jpg","keywords":["Akquisition","Unternehmen"],"articleSection":["MANAGEMENT"],"inLanguage":"it-IT"},{"@type":"WebPage","@id":"https:\/\/www.organisator.ch\/management\/2025-06-04\/faigle-uebernimmt-druckzentrum-der-ehemaligen-credit-suisse\/","url":"https:\/\/www.organisator.ch\/management\/2025-06-04\/faigle-uebernimmt-druckzentrum-der-ehemaligen-credit-suisse\/","name":"Faigle rileva il centro stampa dell'ex Credit Suisse - Organizzatore","isPartOf":{"@id":"https:\/\/www.organisator.ch\/#website"},"primaryImageOfPage":{"@id":"https:\/\/www.organisator.ch\/management\/2025-06-04\/faigle-uebernimmt-druckzentrum-der-ehemaligen-credit-suisse\/#primaryimage"},"image":{"@id":"https:\/\/www.organisator.ch\/management\/2025-06-04\/faigle-uebernimmt-druckzentrum-der-ehemaligen-credit-suisse\/#primaryimage"},"thumbnailUrl":"https:\/\/www.organisator.ch\/wp-content\/uploads\/2025\/06\/Faigle-uebernimmt-Druckzentrum-der-ehemaligen-Credit-Suisse_Organisator.jpg","datePublished":"2025-06-04T06:53:38+00:00","description":"L'azienda familiare Faigle rilever\u00e0 da UBS il centro stampa dell'ex Credit Suisse nell'Uetlihof di Zurigo il 1\u00b0 luglio 2025.","breadcrumb":{"@id":"https:\/\/www.organisator.ch\/management\/2025-06-04\/faigle-uebernimmt-druckzentrum-der-ehemaligen-credit-suisse\/#breadcrumb"},"inLanguage":"it-IT","potentialAction":[{"@type":"ReadAction","target":["https:\/\/www.organisator.ch\/management\/2025-06-04\/faigle-uebernimmt-druckzentrum-der-ehemaligen-credit-suisse\/"]}]},{"@type":"ImageObject","inLanguage":"it-IT","@id":"https:\/\/www.organisator.ch\/management\/2025-06-04\/faigle-uebernimmt-druckzentrum-der-ehemaligen-credit-suisse\/#primaryimage","url":"https:\/\/www.organisator.ch\/wp-content\/uploads\/2025\/06\/Faigle-uebernimmt-Druckzentrum-der-ehemaligen-Credit-Suisse_Organisator.jpg","contentUrl":"https:\/\/www.organisator.ch\/wp-content\/uploads\/2025\/06\/Faigle-uebernimmt-Druckzentrum-der-ehemaligen-Credit-Suisse_Organisator.jpg","width":680,"height":452,"caption":"Durch die \u00dcbernahme des Druckzentrums der ehemaligen Credit Suisse verst\u00e4rkt das Unternehmen Faigle seine Marktstellung im Transaktionsdruck. (Symbolbild \/ Depositphotos.com)"},{"@type":"BreadcrumbList","@id":"https:\/\/www.organisator.ch\/management\/2025-06-04\/faigle-uebernimmt-druckzentrum-der-ehemaligen-credit-suisse\/#breadcrumb","itemListElement":[{"@type":"ListItem","position":1,"name":"Home","item":"https:\/\/www.organisator.ch\/"},{"@type":"ListItem","position":2,"name":"Faigle \u00fcbernimmt Druckzentrum der ehemaligen Credit Suisse"}]},{"@type":"WebSite","@id":"https:\/\/www.organisator.ch\/#website","url":"https:\/\/www.organisator.ch\/","name":"Organizzatore","description":"Competente. Pratico. In 10 numeri all'anno, ORGANISATOR presenta i temi essenziali per i manager delle PMI.","publisher":{"@id":"https:\/\/www.organisator.ch\/#organization"},"potentialAction":[{"@type":"SearchAction","target":{"@type":"EntryPoint","urlTemplate":"https:\/\/www.organisator.ch\/?s={search_term_string}"},"query-input":{"@type":"PropertyValueSpecification","valueRequired":true,"valueName":"search_term_string"}}],"inLanguage":"it-IT"},{"@type":"Organization","@id":"https:\/\/www.organisator.ch\/#organization","name":"Organizzatore","url":"https:\/\/www.organisator.ch\/","logo":{"@type":"ImageObject","inLanguage":"it-IT","@id":"https:\/\/www.organisator.ch\/#\/schema\/logo\/image\/","url":"https:\/\/www.organisator.ch\/wp-content\/uploads\/2022\/01\/Logo_Organisator_Website.png","contentUrl":"https:\/\/www.organisator.ch\/wp-content\/uploads\/2022\/01\/Logo_Organisator_Website.png","width":800,"height":77,"caption":"Organisator"},"image":{"@id":"https:\/\/www.organisator.ch\/#\/schema\/logo\/image\/"},"sameAs":["https:\/\/www.facebook.com\/OrganisatorFachmagazin","https:\/\/www.linkedin.com\/showcase\/organisator-das-magazin-fr-kmu","https:\/\/www.xing.com\/news\/pages\/organisator-ch-695","https:\/\/www.youtube.com\/channel\/UCGP2Sq0iWaZwT3BdIAQFYpw"]},{"@type":"Person","@id":"https:\/\/www.organisator.ch\/#\/schema\/person\/6f650f90b2842cd4c0cc334b4e36f67e","name":"Tommaso.berner","image":{"@type":"ImageObject","inLanguage":"it-IT","@id":"https:\/\/secure.gravatar.com\/avatar\/ac5001d2a36cb6c6cd3e50789007ffca834b477b74a2144564522e944eabff61?s=96&d=mm&r=g","url":"https:\/\/secure.gravatar.com\/avatar\/ac5001d2a36cb6c6cd3e50789007ffca834b477b74a2144564522e944eabff61?s=96&d=mm&r=g","contentUrl":"https:\/\/secure.gravatar.com\/avatar\/ac5001d2a36cb6c6cd3e50789007ffca834b477b74a2144564522e944eabff61?s=96&d=mm&r=g","caption":"thomas.berner"},"url":"https:\/\/www.organisator.ch\/it\/author\/thomas-berner\/"}]}},"_links":{"self":[{"href":"https:\/\/www.organisator.ch\/it\/wp-json\/wp\/v2\/posts\/38668","targetHints":{"allow":["GET"]}}],"collection":[{"href":"https:\/\/www.organisator.ch\/it\/wp-json\/wp\/v2\/posts"}],"about":[{"href":"https:\/\/www.organisator.ch\/it\/wp-json\/wp\/v2\/types\/post"}],"author":[{"embeddable":true,"href":"https:\/\/www.organisator.ch\/it\/wp-json\/wp\/v2\/users\/4"}],"replies":[{"embeddable":true,"href":"https:\/\/www.organisator.ch\/it\/wp-json\/wp\/v2\/comments?post=38668"}],"version-history":[{"count":4,"href":"https:\/\/www.organisator.ch\/it\/wp-json\/wp\/v2\/posts\/38668\/revisions"}],"predecessor-version":[{"id":38705,"href":"https:\/\/www.organisator.ch\/it\/wp-json\/wp\/v2\/posts\/38668\/revisions\/38705"}],"wp:featuredmedia":[{"embeddable":true,"href":"https:\/\/www.organisator.ch\/it\/wp-json\/wp\/v2\/media\/38669"}],"wp:attachment":[{"href":"https:\/\/www.organisator.ch\/it\/wp-json\/wp\/v2\/media?parent=38668"}],"wp:term":[{"taxonomy":"category","embeddable":true,"href":"https:\/\/www.organisator.ch\/it\/wp-json\/wp\/v2\/categories?post=38668"},{"taxonomy":"post_tag","embeddable":true,"href":"https:\/\/www.organisator.ch\/it\/wp-json\/wp\/v2\/tags?post=38668"}],"curies":[{"name":"wp","href":"https:\/\/api.w.org\/{rel}","templated":true}]}}