{"id":3869,"date":"2018-06-27T17:01:23","date_gmt":"2018-06-27T15:01:23","guid":{"rendered":"https:\/\/www.organisator.ch\/?p=3869"},"modified":"2018-06-27T17:01:23","modified_gmt":"2018-06-27T15:01:23","slug":"veranstaltungs-hinweis-neue-zuercher-steuerkonferenz-2018","status":"publish","type":"post","link":"https:\/\/www.organisator.ch\/it\/management\/finanzen_recht\/2018-06-27\/veranstaltungs-hinweis-neue-zuercher-steuerkonferenz-2018\/","title":{"rendered":"Nota dell'evento: Nuova conferenza fiscale di Zurigo 2018"},"content":{"rendered":"<figure id=\"attachment_3870\" aria-describedby=\"caption-attachment-3870\" style=\"width: 680px\" class=\"wp-caption alignnone\"><img loading=\"lazy\" decoding=\"async\" class=\"size-medium wp-image-3870\" src=\"https:\/\/www.organisator.ch\/wp-content\/uploads\/2018\/06\/NZSK_2017_12_1_0.jpg\" alt=\"\" width=\"680\" height=\"452\" srcset=\"https:\/\/www.organisator.ch\/wp-content\/uploads\/2018\/06\/NZSK_2017_12_1_0.jpg 760w, https:\/\/www.organisator.ch\/wp-content\/uploads\/2018\/06\/NZSK_2017_12_1_0-680x452.jpg 680w, https:\/\/www.organisator.ch\/wp-content\/uploads\/2018\/06\/NZSK_2017_12_1_0-16x12.jpg 16w, https:\/\/www.organisator.ch\/wp-content\/uploads\/2018\/06\/NZSK_2017_12_1_0-263x175.jpg 263w, https:\/\/www.organisator.ch\/wp-content\/uploads\/2018\/06\/NZSK_2017_12_1_0-527x350.jpg 527w, https:\/\/www.organisator.ch\/wp-content\/uploads\/2018\/06\/NZSK_2017_12_1_0-300x199.jpg 300w\" sizes=\"auto, (max-width: 680px) 100vw, 680px\" \/><figcaption id=\"caption-attachment-3870\" class=\"wp-caption-text\">Nuova conferenza fiscale di Zurigo: dominare le sfide fiscali, agire con lungimiranza e certezza del diritto. (Immagine: zVg \/ Schulthess)<\/figcaption><\/figure>\n<p>Il crescente inasprimento della legislazione fiscale d\u00e0 luogo a una gestione professionale dei rischi fiscali nelle aziende. Alla New Zurich Tax Conference 2018 del 19 settembre allo Swiss\u00f4tel di Zurigo, i partecipanti apprenderanno, tra l'altro, come i cantoni stanno affrontando la questione. La tavola rotonda di quest'anno e due presentazioni di input forniranno informazioni.<\/p>\n<p align=\"LEFT\">Contrariamente alla credenza diffusa, le perquisizioni domiciliari nel perseguimento dei reati fiscali sono possibili anche in Svizzera. Nel panel di esperti, si pu\u00f2 imparare di pi\u00f9 sul lavoro degli investigatori fiscali nella regione D-A-CH. Un colloquio sullo scambio di informazioni in materia fiscale far\u00e0 emergere, tra l'altro, quali questioni sono ancora aperte e su quali punti l'Amministrazione federale delle contribuzioni e le persone interessate non sono in pieno accordo.<\/p>\n<p><span style=\"font-family: Calibri;\">\u00a0<\/span>Cos\u00ec, anche quest'anno, la New Zurich Tax Conference offre temi all'avanguardia, presentazioni di angoli interattivi e un alto livello di rilevanza pratica. Al programma serale sotto il motto \"Tax meets Jazz\", avrete l'opportunit\u00e0 di ampliare i contatti, fare nuove preziose connessioni d'affari ed entrare in dialogo con i relatori. L'evento \u00e8 rivolto a imprenditori, CEO, CFO, dirigenti e specialisti dei dipartimenti fiscali, legali e finanziari delle aziende, dirigenti delle amministrazioni fiscali, esperti fiscali, specialisti fiduciari, revisori, avvocati, cos\u00ec come dipendenti di tutti i tribunali e di tutte le istanze, della politica, delle associazioni e della scienza.<\/p>\n<p><span style=\"font-family: Calibri;\">\u00a0<\/span>Informazioni sul programma e sui relatori, cos\u00ec come la registrazione su <a href=\"http:\/\/www.nzsk.ch\/\">www.nzsk.ch<\/a>.<\/p>\n<p>&nbsp;<\/p>","protected":false},"excerpt":{"rendered":"<p>Die zunehmende Versch\u00e4rfung der Steuergesetzgebung gibt Anlass zu einem professionellen Management von Steuerrisiken in Unternehmen. An der Neuen Z\u00fcrcher Steuerkonferenz 2018 am 19. September im Swiss\u00f4tel Z\u00fcrich erfahren\u00a0die Teilnehmenden\u00a0unter anderem, wie die Kantone damit umgehen. Die diesj\u00e4hrige Podiumsdiskussion und zwei Inputreferate geben Aufschluss. Hausdurchsuchungen bei der Verfolgung von Steuerdelikten sind entgegen weit verbreiteter Auffassung auch [&hellip;]<\/p>\n","protected":false},"author":4,"featured_media":3870,"comment_status":"open","ping_status":"open","sticky":false,"template":"","format":"standard","meta":{"_acf_changed":false,"_yoast_wpseo_focuskw":"Neue Z\u00fcrcher Steuerkonferenz","_yoast_wpseo_metadesc":"Die Neue Z\u00fcrcher Steuerkonferenz ist der Treffpunkt f\u00fcr Steuer-Verantwortliche zu neuesten Praxisfragen und Entwicklungen im Steuerrecht.","articlekey":"","footnotes":""},"categories":[24],"tags":[202,454,502,531],"class_list":["post-3869","post","type-post","status-publish","format-standard","has-post-thumbnail","hentry","category-finanzen_recht","tag-finanzenrecht","tag-steuern","tag-veranstaltungen","tag-wirtschaftspolitik"],"acf":[],"yoast_head":"<!-- This site is optimized with the Yoast SEO plugin v27.4 - https:\/\/yoast.com\/product\/yoast-seo-wordpress\/ -->\n<title>Veranstaltungs-Hinweis: Neue Z\u00fcrcher Steuerkonferenz 2018 - Organisator<\/title>\n<meta name=\"description\" content=\"Die Neue Z\u00fcrcher Steuerkonferenz ist der Treffpunkt f\u00fcr Steuer-Verantwortliche zu neuesten Praxisfragen und Entwicklungen im Steuerrecht.\" \/>\n<meta name=\"robots\" content=\"index, follow, max-snippet:-1, max-image-preview:large, max-video-preview:-1\" \/>\n<link rel=\"canonical\" href=\"https:\/\/www.organisator.ch\/it\/gestione-2\/finanzen_recht\/2018-06-27\/veranstaltungs-hinweis-neue-zuercher-steuerkonferenz-2018\/\" \/>\n<meta property=\"og:locale\" content=\"it_IT\" \/>\n<meta property=\"og:type\" content=\"article\" \/>\n<meta property=\"og:title\" content=\"Veranstaltungs-Hinweis: Neue Z\u00fcrcher Steuerkonferenz 2018\" \/>\n<meta property=\"og:description\" content=\"Die Neue Z\u00fcrcher Steuerkonferenz ist der Treffpunkt f\u00fcr Steuer-Verantwortliche zu neuesten Praxisfragen und Entwicklungen im Steuerrecht.\" \/>\n<meta property=\"og:url\" content=\"https:\/\/www.organisator.ch\/it\/gestione-2\/finanzen_recht\/2018-06-27\/veranstaltungs-hinweis-neue-zuercher-steuerkonferenz-2018\/\" \/>\n<meta property=\"og:site_name\" content=\"Organisator\" \/>\n<meta property=\"article:publisher\" content=\"https:\/\/www.facebook.com\/OrganisatorFachmagazin\" \/>\n<meta property=\"article:published_time\" content=\"2018-06-27T15:01:23+00:00\" \/>\n<meta property=\"og:image\" content=\"https:\/\/www.organisator.ch\/wp-content\/uploads\/2018\/06\/NZSK_2017_12_1_0.jpg\" \/>\n\t<meta property=\"og:image:width\" content=\"760\" \/>\n\t<meta property=\"og:image:height\" content=\"505\" \/>\n\t<meta property=\"og:image:type\" content=\"image\/jpeg\" \/>\n<meta name=\"author\" content=\"thomas.berner\" \/>\n<meta name=\"twitter:card\" content=\"summary_large_image\" \/>\n<meta name=\"twitter:title\" content=\"Veranstaltungs-Hinweis: Neue Z\u00fcrcher Steuerkonferenz 2018 #NZSK\" \/>\n<meta name=\"twitter:description\" content=\"Die Neue Z\u00fcrcher #Steuerkonferenz ist der Treffpunkt f\u00fcr #Steuer-Verantwortliche zu neuesten Praxisfragen und Entwicklungen im Steuerrecht.\" \/>\n<meta name=\"twitter:image\" content=\"https:\/\/www.organisator.ch\/wp-content\/uploads\/2018\/06\/NZSK_2017_12_1_0.jpg\" \/>\n<script type=\"application\/ld+json\" class=\"yoast-schema-graph\">{\"@context\":\"https:\\\/\\\/schema.org\",\"@graph\":[{\"@type\":\"Article\",\"@id\":\"https:\\\/\\\/www.organisator.ch\\\/management\\\/finanzen_recht\\\/2018-06-27\\\/veranstaltungs-hinweis-neue-zuercher-steuerkonferenz-2018\\\/#article\",\"isPartOf\":{\"@id\":\"https:\\\/\\\/www.organisator.ch\\\/management\\\/finanzen_recht\\\/2018-06-27\\\/veranstaltungs-hinweis-neue-zuercher-steuerkonferenz-2018\\\/\"},\"author\":{\"name\":\"thomas.berner\",\"@id\":\"https:\\\/\\\/www.organisator.ch\\\/#\\\/schema\\\/person\\\/6f650f90b2842cd4c0cc334b4e36f67e\"},\"headline\":\"Veranstaltungs-Hinweis: Neue Z\u00fcrcher Steuerkonferenz 2018\",\"datePublished\":\"2018-06-27T15:01:23+00:00\",\"mainEntityOfPage\":{\"@id\":\"https:\\\/\\\/www.organisator.ch\\\/management\\\/finanzen_recht\\\/2018-06-27\\\/veranstaltungs-hinweis-neue-zuercher-steuerkonferenz-2018\\\/\"},\"wordCount\":252,\"commentCount\":0,\"publisher\":{\"@id\":\"https:\\\/\\\/www.organisator.ch\\\/#organization\"},\"image\":{\"@id\":\"https:\\\/\\\/www.organisator.ch\\\/management\\\/finanzen_recht\\\/2018-06-27\\\/veranstaltungs-hinweis-neue-zuercher-steuerkonferenz-2018\\\/#primaryimage\"},\"thumbnailUrl\":\"https:\\\/\\\/www.organisator.ch\\\/wp-content\\\/uploads\\\/2018\\\/06\\\/NZSK_2017_12_1_0.jpg\",\"keywords\":[\"Finanzen\\\/Recht\",\"Steuern\",\"Veranstaltungen\",\"Wirtschaftspolitik\"],\"articleSection\":[\"FINANZEN\\\/RECHT\"],\"inLanguage\":\"it-IT\"},{\"@type\":\"WebPage\",\"@id\":\"https:\\\/\\\/www.organisator.ch\\\/management\\\/finanzen_recht\\\/2018-06-27\\\/veranstaltungs-hinweis-neue-zuercher-steuerkonferenz-2018\\\/\",\"url\":\"https:\\\/\\\/www.organisator.ch\\\/management\\\/finanzen_recht\\\/2018-06-27\\\/veranstaltungs-hinweis-neue-zuercher-steuerkonferenz-2018\\\/\",\"name\":\"Veranstaltungs-Hinweis: Neue Z\u00fcrcher Steuerkonferenz 2018 - Organisator\",\"isPartOf\":{\"@id\":\"https:\\\/\\\/www.organisator.ch\\\/#website\"},\"primaryImageOfPage\":{\"@id\":\"https:\\\/\\\/www.organisator.ch\\\/management\\\/finanzen_recht\\\/2018-06-27\\\/veranstaltungs-hinweis-neue-zuercher-steuerkonferenz-2018\\\/#primaryimage\"},\"image\":{\"@id\":\"https:\\\/\\\/www.organisator.ch\\\/management\\\/finanzen_recht\\\/2018-06-27\\\/veranstaltungs-hinweis-neue-zuercher-steuerkonferenz-2018\\\/#primaryimage\"},\"thumbnailUrl\":\"https:\\\/\\\/www.organisator.ch\\\/wp-content\\\/uploads\\\/2018\\\/06\\\/NZSK_2017_12_1_0.jpg\",\"datePublished\":\"2018-06-27T15:01:23+00:00\",\"description\":\"Die Neue Z\u00fcrcher Steuerkonferenz ist der Treffpunkt f\u00fcr Steuer-Verantwortliche zu neuesten Praxisfragen und Entwicklungen im Steuerrecht.\",\"breadcrumb\":{\"@id\":\"https:\\\/\\\/www.organisator.ch\\\/management\\\/finanzen_recht\\\/2018-06-27\\\/veranstaltungs-hinweis-neue-zuercher-steuerkonferenz-2018\\\/#breadcrumb\"},\"inLanguage\":\"it-IT\",\"potentialAction\":[{\"@type\":\"ReadAction\",\"target\":[\"https:\\\/\\\/www.organisator.ch\\\/management\\\/finanzen_recht\\\/2018-06-27\\\/veranstaltungs-hinweis-neue-zuercher-steuerkonferenz-2018\\\/\"]}]},{\"@type\":\"ImageObject\",\"inLanguage\":\"it-IT\",\"@id\":\"https:\\\/\\\/www.organisator.ch\\\/management\\\/finanzen_recht\\\/2018-06-27\\\/veranstaltungs-hinweis-neue-zuercher-steuerkonferenz-2018\\\/#primaryimage\",\"url\":\"https:\\\/\\\/www.organisator.ch\\\/wp-content\\\/uploads\\\/2018\\\/06\\\/NZSK_2017_12_1_0.jpg\",\"contentUrl\":\"https:\\\/\\\/www.organisator.ch\\\/wp-content\\\/uploads\\\/2018\\\/06\\\/NZSK_2017_12_1_0.jpg\",\"width\":760,\"height\":505,\"caption\":\"Neue Z\u00fcrcher Steuerkonferenz: Steuerliche Herausforderungen meistern, vorausschauend und rechtssicher handeln. (Bild: zVg \\\/ Schulthess)\"},{\"@type\":\"BreadcrumbList\",\"@id\":\"https:\\\/\\\/www.organisator.ch\\\/management\\\/finanzen_recht\\\/2018-06-27\\\/veranstaltungs-hinweis-neue-zuercher-steuerkonferenz-2018\\\/#breadcrumb\",\"itemListElement\":[{\"@type\":\"ListItem\",\"position\":1,\"name\":\"Home\",\"item\":\"https:\\\/\\\/www.organisator.ch\\\/\"},{\"@type\":\"ListItem\",\"position\":2,\"name\":\"Veranstaltungs-Hinweis: Neue Z\u00fcrcher Steuerkonferenz 2018\"}]},{\"@type\":\"WebSite\",\"@id\":\"https:\\\/\\\/www.organisator.ch\\\/#website\",\"url\":\"https:\\\/\\\/www.organisator.ch\\\/\",\"name\":\"Organisator\",\"description\":\"Kompetent. Praxisnah. Der ORGANISATOR bereitet in 10 Ausgaben pro Jahr die wesentlichen Themen f\u00fcr F\u00fchrungskr\u00e4fte von KMU auf.\",\"publisher\":{\"@id\":\"https:\\\/\\\/www.organisator.ch\\\/#organization\"},\"potentialAction\":[{\"@type\":\"SearchAction\",\"target\":{\"@type\":\"EntryPoint\",\"urlTemplate\":\"https:\\\/\\\/www.organisator.ch\\\/?s={search_term_string}\"},\"query-input\":{\"@type\":\"PropertyValueSpecification\",\"valueRequired\":true,\"valueName\":\"search_term_string\"}}],\"inLanguage\":\"it-IT\"},{\"@type\":\"Organization\",\"@id\":\"https:\\\/\\\/www.organisator.ch\\\/#organization\",\"name\":\"Organisator\",\"url\":\"https:\\\/\\\/www.organisator.ch\\\/\",\"logo\":{\"@type\":\"ImageObject\",\"inLanguage\":\"it-IT\",\"@id\":\"https:\\\/\\\/www.organisator.ch\\\/#\\\/schema\\\/logo\\\/image\\\/\",\"url\":\"https:\\\/\\\/www.organisator.ch\\\/wp-content\\\/uploads\\\/2022\\\/01\\\/Logo_Organisator_Website.png\",\"contentUrl\":\"https:\\\/\\\/www.organisator.ch\\\/wp-content\\\/uploads\\\/2022\\\/01\\\/Logo_Organisator_Website.png\",\"width\":800,\"height\":77,\"caption\":\"Organisator\"},\"image\":{\"@id\":\"https:\\\/\\\/www.organisator.ch\\\/#\\\/schema\\\/logo\\\/image\\\/\"},\"sameAs\":[\"https:\\\/\\\/www.facebook.com\\\/OrganisatorFachmagazin\",\"https:\\\/\\\/www.linkedin.com\\\/showcase\\\/organisator-das-magazin-fr-kmu\",\"https:\\\/\\\/www.xing.com\\\/news\\\/pages\\\/organisator-ch-695\",\"https:\\\/\\\/www.youtube.com\\\/channel\\\/UCGP2Sq0iWaZwT3BdIAQFYpw\"]},{\"@type\":\"Person\",\"@id\":\"https:\\\/\\\/www.organisator.ch\\\/#\\\/schema\\\/person\\\/6f650f90b2842cd4c0cc334b4e36f67e\",\"name\":\"thomas.berner\",\"image\":{\"@type\":\"ImageObject\",\"inLanguage\":\"it-IT\",\"@id\":\"https:\\\/\\\/secure.gravatar.com\\\/avatar\\\/ac5001d2a36cb6c6cd3e50789007ffca834b477b74a2144564522e944eabff61?s=96&d=mm&r=g\",\"url\":\"https:\\\/\\\/secure.gravatar.com\\\/avatar\\\/ac5001d2a36cb6c6cd3e50789007ffca834b477b74a2144564522e944eabff61?s=96&d=mm&r=g\",\"contentUrl\":\"https:\\\/\\\/secure.gravatar.com\\\/avatar\\\/ac5001d2a36cb6c6cd3e50789007ffca834b477b74a2144564522e944eabff61?s=96&d=mm&r=g\",\"caption\":\"thomas.berner\"},\"url\":\"https:\\\/\\\/www.organisator.ch\\\/it\\\/author\\\/thomas-berner\\\/\"}]}<\/script>\n<!-- \/ Yoast SEO plugin. -->","yoast_head_json":{"title":"Informazioni sull'evento: Nuova Conferenza fiscale di Zurigo 2018 - Organizzatore","description":"La New Zurich Tax Conference \u00e8 il luogo di incontro per i manager fiscali sulle ultime questioni pratiche e sugli sviluppi del diritto tributario.","robots":{"index":"index","follow":"follow","max-snippet":"max-snippet:-1","max-image-preview":"max-image-preview:large","max-video-preview":"max-video-preview:-1"},"canonical":"https:\/\/www.organisator.ch\/it\/gestione-2\/finanzen_recht\/2018-06-27\/veranstaltungs-hinweis-neue-zuercher-steuerkonferenz-2018\/","og_locale":"it_IT","og_type":"article","og_title":"Veranstaltungs-Hinweis: Neue Z\u00fcrcher Steuerkonferenz 2018","og_description":"Die Neue Z\u00fcrcher Steuerkonferenz ist der Treffpunkt f\u00fcr Steuer-Verantwortliche zu neuesten Praxisfragen und Entwicklungen im Steuerrecht.","og_url":"https:\/\/www.organisator.ch\/it\/gestione-2\/finanzen_recht\/2018-06-27\/veranstaltungs-hinweis-neue-zuercher-steuerkonferenz-2018\/","og_site_name":"Organisator","article_publisher":"https:\/\/www.facebook.com\/OrganisatorFachmagazin","article_published_time":"2018-06-27T15:01:23+00:00","og_image":[{"width":760,"height":505,"url":"https:\/\/www.organisator.ch\/wp-content\/uploads\/2018\/06\/NZSK_2017_12_1_0.jpg","type":"image\/jpeg"}],"author":"thomas.berner","twitter_card":"summary_large_image","twitter_title":"Veranstaltungs-Hinweis: Neue Z\u00fcrcher Steuerkonferenz 2018 #NZSK","twitter_description":"Die Neue Z\u00fcrcher #Steuerkonferenz ist der Treffpunkt f\u00fcr #Steuer-Verantwortliche zu neuesten Praxisfragen und Entwicklungen im Steuerrecht.","twitter_image":"https:\/\/www.organisator.ch\/wp-content\/uploads\/2018\/06\/NZSK_2017_12_1_0.jpg","schema":{"@context":"https:\/\/schema.org","@graph":[{"@type":"Article","@id":"https:\/\/www.organisator.ch\/management\/finanzen_recht\/2018-06-27\/veranstaltungs-hinweis-neue-zuercher-steuerkonferenz-2018\/#article","isPartOf":{"@id":"https:\/\/www.organisator.ch\/management\/finanzen_recht\/2018-06-27\/veranstaltungs-hinweis-neue-zuercher-steuerkonferenz-2018\/"},"author":{"name":"thomas.berner","@id":"https:\/\/www.organisator.ch\/#\/schema\/person\/6f650f90b2842cd4c0cc334b4e36f67e"},"headline":"Veranstaltungs-Hinweis: Neue Z\u00fcrcher Steuerkonferenz 2018","datePublished":"2018-06-27T15:01:23+00:00","mainEntityOfPage":{"@id":"https:\/\/www.organisator.ch\/management\/finanzen_recht\/2018-06-27\/veranstaltungs-hinweis-neue-zuercher-steuerkonferenz-2018\/"},"wordCount":252,"commentCount":0,"publisher":{"@id":"https:\/\/www.organisator.ch\/#organization"},"image":{"@id":"https:\/\/www.organisator.ch\/management\/finanzen_recht\/2018-06-27\/veranstaltungs-hinweis-neue-zuercher-steuerkonferenz-2018\/#primaryimage"},"thumbnailUrl":"https:\/\/www.organisator.ch\/wp-content\/uploads\/2018\/06\/NZSK_2017_12_1_0.jpg","keywords":["Finanzen\/Recht","Steuern","Veranstaltungen","Wirtschaftspolitik"],"articleSection":["FINANZEN\/RECHT"],"inLanguage":"it-IT"},{"@type":"WebPage","@id":"https:\/\/www.organisator.ch\/management\/finanzen_recht\/2018-06-27\/veranstaltungs-hinweis-neue-zuercher-steuerkonferenz-2018\/","url":"https:\/\/www.organisator.ch\/management\/finanzen_recht\/2018-06-27\/veranstaltungs-hinweis-neue-zuercher-steuerkonferenz-2018\/","name":"Informazioni sull'evento: Nuova Conferenza fiscale di Zurigo 2018 - Organizzatore","isPartOf":{"@id":"https:\/\/www.organisator.ch\/#website"},"primaryImageOfPage":{"@id":"https:\/\/www.organisator.ch\/management\/finanzen_recht\/2018-06-27\/veranstaltungs-hinweis-neue-zuercher-steuerkonferenz-2018\/#primaryimage"},"image":{"@id":"https:\/\/www.organisator.ch\/management\/finanzen_recht\/2018-06-27\/veranstaltungs-hinweis-neue-zuercher-steuerkonferenz-2018\/#primaryimage"},"thumbnailUrl":"https:\/\/www.organisator.ch\/wp-content\/uploads\/2018\/06\/NZSK_2017_12_1_0.jpg","datePublished":"2018-06-27T15:01:23+00:00","description":"La New Zurich Tax Conference \u00e8 il luogo di incontro per i manager fiscali sulle ultime questioni pratiche e sugli sviluppi del diritto tributario.","breadcrumb":{"@id":"https:\/\/www.organisator.ch\/management\/finanzen_recht\/2018-06-27\/veranstaltungs-hinweis-neue-zuercher-steuerkonferenz-2018\/#breadcrumb"},"inLanguage":"it-IT","potentialAction":[{"@type":"ReadAction","target":["https:\/\/www.organisator.ch\/management\/finanzen_recht\/2018-06-27\/veranstaltungs-hinweis-neue-zuercher-steuerkonferenz-2018\/"]}]},{"@type":"ImageObject","inLanguage":"it-IT","@id":"https:\/\/www.organisator.ch\/management\/finanzen_recht\/2018-06-27\/veranstaltungs-hinweis-neue-zuercher-steuerkonferenz-2018\/#primaryimage","url":"https:\/\/www.organisator.ch\/wp-content\/uploads\/2018\/06\/NZSK_2017_12_1_0.jpg","contentUrl":"https:\/\/www.organisator.ch\/wp-content\/uploads\/2018\/06\/NZSK_2017_12_1_0.jpg","width":760,"height":505,"caption":"Neue Z\u00fcrcher Steuerkonferenz: Steuerliche Herausforderungen meistern, vorausschauend und rechtssicher handeln. (Bild: zVg \/ Schulthess)"},{"@type":"BreadcrumbList","@id":"https:\/\/www.organisator.ch\/management\/finanzen_recht\/2018-06-27\/veranstaltungs-hinweis-neue-zuercher-steuerkonferenz-2018\/#breadcrumb","itemListElement":[{"@type":"ListItem","position":1,"name":"Home","item":"https:\/\/www.organisator.ch\/"},{"@type":"ListItem","position":2,"name":"Veranstaltungs-Hinweis: Neue Z\u00fcrcher Steuerkonferenz 2018"}]},{"@type":"WebSite","@id":"https:\/\/www.organisator.ch\/#website","url":"https:\/\/www.organisator.ch\/","name":"Organizzatore","description":"Competente. Pratico. In 10 numeri all'anno, ORGANISATOR presenta i temi essenziali per i manager delle PMI.","publisher":{"@id":"https:\/\/www.organisator.ch\/#organization"},"potentialAction":[{"@type":"SearchAction","target":{"@type":"EntryPoint","urlTemplate":"https:\/\/www.organisator.ch\/?s={search_term_string}"},"query-input":{"@type":"PropertyValueSpecification","valueRequired":true,"valueName":"search_term_string"}}],"inLanguage":"it-IT"},{"@type":"Organization","@id":"https:\/\/www.organisator.ch\/#organization","name":"Organizzatore","url":"https:\/\/www.organisator.ch\/","logo":{"@type":"ImageObject","inLanguage":"it-IT","@id":"https:\/\/www.organisator.ch\/#\/schema\/logo\/image\/","url":"https:\/\/www.organisator.ch\/wp-content\/uploads\/2022\/01\/Logo_Organisator_Website.png","contentUrl":"https:\/\/www.organisator.ch\/wp-content\/uploads\/2022\/01\/Logo_Organisator_Website.png","width":800,"height":77,"caption":"Organisator"},"image":{"@id":"https:\/\/www.organisator.ch\/#\/schema\/logo\/image\/"},"sameAs":["https:\/\/www.facebook.com\/OrganisatorFachmagazin","https:\/\/www.linkedin.com\/showcase\/organisator-das-magazin-fr-kmu","https:\/\/www.xing.com\/news\/pages\/organisator-ch-695","https:\/\/www.youtube.com\/channel\/UCGP2Sq0iWaZwT3BdIAQFYpw"]},{"@type":"Person","@id":"https:\/\/www.organisator.ch\/#\/schema\/person\/6f650f90b2842cd4c0cc334b4e36f67e","name":"Tommaso.berner","image":{"@type":"ImageObject","inLanguage":"it-IT","@id":"https:\/\/secure.gravatar.com\/avatar\/ac5001d2a36cb6c6cd3e50789007ffca834b477b74a2144564522e944eabff61?s=96&d=mm&r=g","url":"https:\/\/secure.gravatar.com\/avatar\/ac5001d2a36cb6c6cd3e50789007ffca834b477b74a2144564522e944eabff61?s=96&d=mm&r=g","contentUrl":"https:\/\/secure.gravatar.com\/avatar\/ac5001d2a36cb6c6cd3e50789007ffca834b477b74a2144564522e944eabff61?s=96&d=mm&r=g","caption":"thomas.berner"},"url":"https:\/\/www.organisator.ch\/it\/author\/thomas-berner\/"}]}},"_links":{"self":[{"href":"https:\/\/www.organisator.ch\/it\/wp-json\/wp\/v2\/posts\/3869","targetHints":{"allow":["GET"]}}],"collection":[{"href":"https:\/\/www.organisator.ch\/it\/wp-json\/wp\/v2\/posts"}],"about":[{"href":"https:\/\/www.organisator.ch\/it\/wp-json\/wp\/v2\/types\/post"}],"author":[{"embeddable":true,"href":"https:\/\/www.organisator.ch\/it\/wp-json\/wp\/v2\/users\/4"}],"replies":[{"embeddable":true,"href":"https:\/\/www.organisator.ch\/it\/wp-json\/wp\/v2\/comments?post=3869"}],"version-history":[{"count":0,"href":"https:\/\/www.organisator.ch\/it\/wp-json\/wp\/v2\/posts\/3869\/revisions"}],"wp:featuredmedia":[{"embeddable":true,"href":"https:\/\/www.organisator.ch\/it\/wp-json\/wp\/v2\/media\/3870"}],"wp:attachment":[{"href":"https:\/\/www.organisator.ch\/it\/wp-json\/wp\/v2\/media?parent=3869"}],"wp:term":[{"taxonomy":"category","embeddable":true,"href":"https:\/\/www.organisator.ch\/it\/wp-json\/wp\/v2\/categories?post=3869"},{"taxonomy":"post_tag","embeddable":true,"href":"https:\/\/www.organisator.ch\/it\/wp-json\/wp\/v2\/tags?post=3869"}],"curies":[{"name":"wp","href":"https:\/\/api.w.org\/{rel}","templated":true}]}}