{"id":3871,"date":"2021-02-28T14:50:02","date_gmt":"2021-02-28T13:50:02","guid":{"rendered":"https:\/\/www.umweltperspektiven.ch\/?p=3871"},"modified":"2022-02-09T11:05:31","modified_gmt":"2022-02-09T10:05:31","slug":"aelteste-kva-der-schweiz-hat-ausgedient","status":"publish","type":"post","link":"https:\/\/www.organisator.ch\/it\/sustainability\/2021-02-28\/aelteste-kva-der-schweiz-hat-ausgedient\/","title":{"rendered":"Il pi\u00f9 vecchio impianto di incenerimento di rifiuti della Svizzera ha fatto il suo tempo"},"content":{"rendered":"<figure id=\"attachment_3872\" aria-describedby=\"caption-attachment-3872\" style=\"width: 680px\" class=\"wp-caption aligncenter\"><img loading=\"lazy\" decoding=\"async\" class=\"size-medium wp-image-3872\" src=\"\/\/www.umweltperspektiven.ch\/wp-content\/uploads\/2021\/02\/Josefstrasse-neu.jpeg\" alt=\"\" width=\"680\" height=\"453\" \/><figcaption id=\"caption-attachment-3872\" class=\"wp-caption-text\">Nell'impianto di Josefstrasse vengono riciclate circa 120.000 tonnellate di rifiuti all'anno.<br \/>Foto: ERZ<\/figcaption><\/figure>\n<p>L'impianto di incenerimento dei rifiuti di Josefstrasse ha raggiunto la fine della sua vita utile e la sua autorizzazione all'esercizio sta per scadere. Sar\u00e0 quindi utilizzato per l'incenerimento dei rifiuti per l'ultima volta alla fine di marzo 2021, dopodich\u00e9 sar\u00e0 spento e parzialmente demolito. L'approvvigionamento energetico dell'area di teleriscaldamento di Zurigo Ovest sar\u00e0 assicurato da questo momento in poi attraverso il nuovo centro energetico di Josefstrasse. Attualmente sono in fase di installazione e messa in funzione due caldaie a gas. Il centro energetico sar\u00e0 alimentato esclusivamente a combustibili fossili fino alla fine del 2021; a partire dal 2022, l'acqua calda per la rete di teleriscaldamento di Zurigo Ovest sar\u00e0 fornita dall'impianto di Hagenholz attraverso la nuova condotta di collegamento, lunga circa 6 km. L'energia fossile sar\u00e0 utilizzata a partire da gennaio 2022 principalmente per la copertura dei picchi e come livello di riserva. Le caldaie possono anche essere commutate a gasolio in caso di carenza di gas. Tuttavia, la citt\u00e0 di Zurigo vuole anche utilizzare il meno possibile l'energia fossile per la produzione di teleriscaldamento durante i periodi di picco di carico in futuro e sta lavorando a studi in merito.<\/p>\n<p><strong>Una novit\u00e0 per la Svizzera quando fu inaugurato nel 1904.<\/strong><\/p>\n<p>L'impianto di Josefstrasse si trova al centro del quartiere 5, densamente edificato, e rifornisce di energia circa l'80% degli immobili dell'area di teleriscaldamento di Zurigo Ovest, tra cui la Prime Tower e l'Europaallee. Tuttavia, quando l'incenerimento dei rifiuti inizi\u00f2 a Josefstrasse nel 1904, l'impianto era ancora circondato da prati e campi. L'impianto di Josefstrasse \u00e8 stato il primo inceneritore di rifiuti solidi urbani in Svizzera. Per molto tempo \u00e8 stata ancora una pratica comune smaltire i rifiuti in discarica. Circa due decenni dopo la sua entrata in funzione, nel 1928, la citt\u00e0 di Zurigo inizi\u00f2 a utilizzare il calore di scarto dell'impianto di Josefstrasse come fonte di energia e a fornirlo alle famiglie e alle aziende del centro citt\u00e0.<\/p>\n<p><strong>Assicurare la fornitura di teleriscaldamento a Zurigo Ovest<\/strong><\/p>\n<p>Dal 2011, il MWIP di Josefstrasse non \u00e8 pi\u00f9 incluso nella pianificazione cantonale dei rifiuti a causa della sovraccapacit\u00e0. Per continuare a rifornire l'area di teleriscaldamento di Zurigo Ovest, l'impianto \u00e8 stato comunque portato avanti. Negli ultimi dieci anni, il MWIP di Josefstrasse \u00e8 stato gestito da Fernw\u00e4rme Z\u00fcrich AG, una joint venture tra la citt\u00e0 di Zurigo e il fornitore tedesco di energia EnBW Energie Baden-W\u00fcrttemberg AG. La maggior parte dei rifiuti riciclati proviene dalla Germania meridionale. Il\u00a0<a href=\"\/\/www.stadt-zuerich.ch\/portal\/de\/index\/politik_u_recht\/abstimmungen_u_wahlen\/archiv_abstimmungen\/vergangene_termine\/180923.html\">Modello per l'estensione della fornitura di teleriscaldamento<\/a>che comprendeva anche la costruzione del centro energetico, lo smantellamento dell'impianto di incenerimento dei rifiuti di Josefstrasse e i primi passi per l'espansione della fornitura di teleriscaldamento, \u00e8 stato approvato dagli elettori nel 2018 con un s\u00ec dell'83%.<\/p>\n<p><strong>Le aree libere vengono riutilizzate<\/strong><strong>\u00a0<\/strong><\/p>\n<p>I siti dell'attuale stabilimento di Josefstrasse e della vicina lavanderia centrale, gi\u00e0 chiusa, formano insieme il sito Josef, un'area di 20 000 m2. Il centro energetico occuper\u00e0 4.000 m2 . Sotto la direzione dell'Ufficio di pianificazione urbana, si sta elaborando un concetto di sviluppo per la costruzione e l'utilizzo dell'area rimanente e liberamente disponibile. L'imponente ciminiera dell'impianto, alta circa 90 metri, sar\u00e0 comunque necessaria per il centro energetico e non sar\u00e0 quindi demolita. Ci\u00f2 significa che il camino collegato\u00a0<a href=\"\/\/www.stadt-zuerich.ch\/ted\/de\/index\/gsz\/beratung-und-wissen\/tier-und-mensch\/falkenkamera.html\">Nido del falco<\/a>\u00a0conservato, che spesso ospita la riproduzione di rapaci e gode di grande popolarit\u00e0 tra la popolazione.<\/p>\n<p><em>Fonte: Citt\u00e0 di Zurigo, Dipartimento di Ingegneria Civile e Gestione dei Rifiuti<\/em><\/p>\n<p>&nbsp;<\/p>\n<figure id=\"attachment_3873\" aria-describedby=\"caption-attachment-3873\" style=\"width: 680px\" class=\"wp-caption aligncenter\"><img loading=\"lazy\" decoding=\"async\" class=\"size-medium wp-image-3873\" src=\"\/\/www.umweltperspektiven.ch\/wp-content\/uploads\/2021\/02\/Josefstrasse.jpeg\" alt=\"\" width=\"680\" height=\"501\" \/><figcaption id=\"caption-attachment-3873\" class=\"wp-caption-text\">Quando, nel 1904, lo stabilimento di Josefstrasse fu costruito dietro il viadotto Aussersihler, si trovava ancora nella periferia di Zurigo.<br \/>\u00a9 Biblioteca nazionale svizzera \/ Wikimedia Commons<\/figcaption><\/figure>","protected":false},"excerpt":{"rendered":"<p>Die Kehrichtverwertungsanlage (KVA) Josefstrasse hat das Ende ihrer Lebensdauer erreicht, und ihre Betriebsbewilligung l\u00e4uft aus. Sie wird deshalb Ende M\u00e4rz 2021 letztmals f\u00fcr die Abfallverbrennung genutzt, anschliessend stillgelegt und teilweise abgerissen. Die Energieversorgung des Fernw\u00e4rmegebiets Z\u00fcrich-West wird ab diesem Zeitpunkt \u00fcber die neue Energiezentrale Josefstrasse sichergestellt. Dort werden gegenw\u00e4rtig zwei Gaskessel installiert und in Betrieb [&hellip;]<\/p>\n","protected":false},"author":6,"featured_media":9767,"comment_status":"closed","ping_status":"closed","sticky":false,"template":"","format":"standard","meta":{"_acf_changed":false,"_yoast_wpseo_focuskw":"Werk Josefstrasse","_yoast_wpseo_metadesc":"Nach \u00fcber hundert Jahren Betrieb ist Schluss: Im Werk Josefstrasse in der Stadt Z\u00fcrich wird Ende M\u00e4rz die letzte Tonne Kehricht verbrannt.","articlekey":"","footnotes":""},"categories":[580],"tags":[1165,1580,2555],"class_list":["post-3871","post","type-post","status-publish","format-standard","has-post-thumbnail","hentry","category-sustainability","tag-fernwaerme","tag-kva","tag-werk-josefstrasse"],"acf":[],"yoast_head":"<!-- This site is optimized with the Yoast SEO plugin v27.5 - https:\/\/yoast.com\/product\/yoast-seo-wordpress\/ -->\n<title>\u00c4lteste KVA der Schweiz hat ausgedient - Organisator<\/title>\n<meta name=\"description\" content=\"Nach \u00fcber hundert Jahren Betrieb ist Schluss: Im Werk Josefstrasse in der Stadt Z\u00fcrich wird Ende M\u00e4rz die letzte Tonne Kehricht verbrannt.\" \/>\n<meta name=\"robots\" content=\"index, follow, max-snippet:-1, max-image-preview:large, max-video-preview:-1\" \/>\n<link rel=\"canonical\" href=\"https:\/\/www.organisator.ch\/it\/sostenibilita\/2021-02-28\/aelteste-kva-der-schweiz-hat-ausgedient\/\" \/>\n<meta property=\"og:locale\" content=\"it_IT\" \/>\n<meta property=\"og:type\" content=\"article\" \/>\n<meta property=\"og:title\" content=\"\u00c4lteste KVA der Schweiz hat ausgedient - Organisator\" \/>\n<meta property=\"og:description\" content=\"Nach \u00fcber hundert Jahren Betrieb ist Schluss: Im Werk Josefstrasse in der Stadt Z\u00fcrich wird Ende M\u00e4rz die letzte Tonne Kehricht verbrannt.\" \/>\n<meta property=\"og:url\" content=\"https:\/\/www.organisator.ch\/it\/sostenibilita\/2021-02-28\/aelteste-kva-der-schweiz-hat-ausgedient\/\" \/>\n<meta property=\"og:site_name\" content=\"Organisator\" \/>\n<meta property=\"article:publisher\" content=\"https:\/\/www.facebook.com\/OrganisatorFachmagazin\" \/>\n<meta property=\"article:published_time\" content=\"2021-02-28T13:50:02+00:00\" \/>\n<meta property=\"article:modified_time\" content=\"2022-02-09T10:05:31+00:00\" \/>\n<meta property=\"og:image\" content=\"https:\/\/www.organisator.ch\/wp-content\/uploads\/2021\/02\/Josefstrasse-neu.jpeg\" \/>\n\t<meta property=\"og:image:width\" content=\"1280\" \/>\n\t<meta property=\"og:image:height\" content=\"853\" \/>\n\t<meta property=\"og:image:type\" content=\"image\/jpeg\" \/>\n<meta name=\"author\" content=\"roger.straessle\" \/>\n<meta name=\"twitter:card\" content=\"summary_large_image\" \/>\n<script type=\"application\/ld+json\" class=\"yoast-schema-graph\">{\"@context\":\"https:\\\/\\\/schema.org\",\"@graph\":[{\"@type\":\"Article\",\"@id\":\"https:\\\/\\\/www.organisator.ch\\\/sustainability\\\/2021-02-28\\\/aelteste-kva-der-schweiz-hat-ausgedient\\\/#article\",\"isPartOf\":{\"@id\":\"https:\\\/\\\/www.organisator.ch\\\/sustainability\\\/2021-02-28\\\/aelteste-kva-der-schweiz-hat-ausgedient\\\/\"},\"author\":{\"name\":\"roger.straessle\",\"@id\":\"https:\\\/\\\/www.organisator.ch\\\/#\\\/schema\\\/person\\\/a800b8c54e208b160517a7dcc323161d\"},\"headline\":\"\u00c4lteste KVA der Schweiz hat ausgedient\",\"datePublished\":\"2021-02-28T13:50:02+00:00\",\"dateModified\":\"2022-02-09T10:05:31+00:00\",\"mainEntityOfPage\":{\"@id\":\"https:\\\/\\\/www.organisator.ch\\\/sustainability\\\/2021-02-28\\\/aelteste-kva-der-schweiz-hat-ausgedient\\\/\"},\"wordCount\":563,\"publisher\":{\"@id\":\"https:\\\/\\\/www.organisator.ch\\\/#organization\"},\"image\":{\"@id\":\"https:\\\/\\\/www.organisator.ch\\\/sustainability\\\/2021-02-28\\\/aelteste-kva-der-schweiz-hat-ausgedient\\\/#primaryimage\"},\"thumbnailUrl\":\"https:\\\/\\\/www.organisator.ch\\\/wp-content\\\/uploads\\\/2021\\\/02\\\/Josefstrasse-neu.jpeg\",\"keywords\":[\"Fernw\u00e4rme\",\"KVA\",\"Werk Josefstrasse\"],\"articleSection\":[\"SUSTAINABILITY\"],\"inLanguage\":\"it-IT\"},{\"@type\":\"WebPage\",\"@id\":\"https:\\\/\\\/www.organisator.ch\\\/sustainability\\\/2021-02-28\\\/aelteste-kva-der-schweiz-hat-ausgedient\\\/\",\"url\":\"https:\\\/\\\/www.organisator.ch\\\/sustainability\\\/2021-02-28\\\/aelteste-kva-der-schweiz-hat-ausgedient\\\/\",\"name\":\"\u00c4lteste KVA der Schweiz hat ausgedient - Organisator\",\"isPartOf\":{\"@id\":\"https:\\\/\\\/www.organisator.ch\\\/#website\"},\"primaryImageOfPage\":{\"@id\":\"https:\\\/\\\/www.organisator.ch\\\/sustainability\\\/2021-02-28\\\/aelteste-kva-der-schweiz-hat-ausgedient\\\/#primaryimage\"},\"image\":{\"@id\":\"https:\\\/\\\/www.organisator.ch\\\/sustainability\\\/2021-02-28\\\/aelteste-kva-der-schweiz-hat-ausgedient\\\/#primaryimage\"},\"thumbnailUrl\":\"https:\\\/\\\/www.organisator.ch\\\/wp-content\\\/uploads\\\/2021\\\/02\\\/Josefstrasse-neu.jpeg\",\"datePublished\":\"2021-02-28T13:50:02+00:00\",\"dateModified\":\"2022-02-09T10:05:31+00:00\",\"description\":\"Nach \u00fcber hundert Jahren Betrieb ist Schluss: Im Werk Josefstrasse in der Stadt Z\u00fcrich wird Ende M\u00e4rz die letzte Tonne Kehricht verbrannt.\",\"breadcrumb\":{\"@id\":\"https:\\\/\\\/www.organisator.ch\\\/sustainability\\\/2021-02-28\\\/aelteste-kva-der-schweiz-hat-ausgedient\\\/#breadcrumb\"},\"inLanguage\":\"it-IT\",\"potentialAction\":[{\"@type\":\"ReadAction\",\"target\":[\"https:\\\/\\\/www.organisator.ch\\\/sustainability\\\/2021-02-28\\\/aelteste-kva-der-schweiz-hat-ausgedient\\\/\"]}]},{\"@type\":\"ImageObject\",\"inLanguage\":\"it-IT\",\"@id\":\"https:\\\/\\\/www.organisator.ch\\\/sustainability\\\/2021-02-28\\\/aelteste-kva-der-schweiz-hat-ausgedient\\\/#primaryimage\",\"url\":\"https:\\\/\\\/www.organisator.ch\\\/wp-content\\\/uploads\\\/2021\\\/02\\\/Josefstrasse-neu.jpeg\",\"contentUrl\":\"https:\\\/\\\/www.organisator.ch\\\/wp-content\\\/uploads\\\/2021\\\/02\\\/Josefstrasse-neu.jpeg\",\"width\":1280,\"height\":853,\"caption\":\"Rund 120'000 Tonnen Abfall wurden im Werk Josefstrasse pro Jahr verwertet. Foto: ERZ\"},{\"@type\":\"BreadcrumbList\",\"@id\":\"https:\\\/\\\/www.organisator.ch\\\/sustainability\\\/2021-02-28\\\/aelteste-kva-der-schweiz-hat-ausgedient\\\/#breadcrumb\",\"itemListElement\":[{\"@type\":\"ListItem\",\"position\":1,\"name\":\"Home\",\"item\":\"https:\\\/\\\/www.organisator.ch\\\/\"},{\"@type\":\"ListItem\",\"position\":2,\"name\":\"\u00c4lteste KVA der Schweiz hat ausgedient\"}]},{\"@type\":\"WebSite\",\"@id\":\"https:\\\/\\\/www.organisator.ch\\\/#website\",\"url\":\"https:\\\/\\\/www.organisator.ch\\\/\",\"name\":\"Organisator\",\"description\":\"Kompetent. Praxisnah. Der ORGANISATOR bereitet in 10 Ausgaben pro Jahr die wesentlichen Themen f\u00fcr F\u00fchrungskr\u00e4fte von KMU auf.\",\"publisher\":{\"@id\":\"https:\\\/\\\/www.organisator.ch\\\/#organization\"},\"potentialAction\":[{\"@type\":\"SearchAction\",\"target\":{\"@type\":\"EntryPoint\",\"urlTemplate\":\"https:\\\/\\\/www.organisator.ch\\\/?s={search_term_string}\"},\"query-input\":{\"@type\":\"PropertyValueSpecification\",\"valueRequired\":true,\"valueName\":\"search_term_string\"}}],\"inLanguage\":\"it-IT\"},{\"@type\":\"Organization\",\"@id\":\"https:\\\/\\\/www.organisator.ch\\\/#organization\",\"name\":\"Organisator\",\"url\":\"https:\\\/\\\/www.organisator.ch\\\/\",\"logo\":{\"@type\":\"ImageObject\",\"inLanguage\":\"it-IT\",\"@id\":\"https:\\\/\\\/www.organisator.ch\\\/#\\\/schema\\\/logo\\\/image\\\/\",\"url\":\"https:\\\/\\\/www.organisator.ch\\\/wp-content\\\/uploads\\\/2022\\\/01\\\/Logo_Organisator_Website.png\",\"contentUrl\":\"https:\\\/\\\/www.organisator.ch\\\/wp-content\\\/uploads\\\/2022\\\/01\\\/Logo_Organisator_Website.png\",\"width\":800,\"height\":77,\"caption\":\"Organisator\"},\"image\":{\"@id\":\"https:\\\/\\\/www.organisator.ch\\\/#\\\/schema\\\/logo\\\/image\\\/\"},\"sameAs\":[\"https:\\\/\\\/www.facebook.com\\\/OrganisatorFachmagazin\",\"https:\\\/\\\/www.linkedin.com\\\/showcase\\\/organisator-das-magazin-fr-kmu\",\"https:\\\/\\\/www.xing.com\\\/news\\\/pages\\\/organisator-ch-695\",\"https:\\\/\\\/www.youtube.com\\\/channel\\\/UCGP2Sq0iWaZwT3BdIAQFYpw\"]},{\"@type\":\"Person\",\"@id\":\"https:\\\/\\\/www.organisator.ch\\\/#\\\/schema\\\/person\\\/a800b8c54e208b160517a7dcc323161d\",\"name\":\"roger.straessle\",\"image\":{\"@type\":\"ImageObject\",\"inLanguage\":\"it-IT\",\"@id\":\"https:\\\/\\\/secure.gravatar.com\\\/avatar\\\/?s=96&d=mm&r=g\",\"url\":\"https:\\\/\\\/secure.gravatar.com\\\/avatar\\\/?s=96&d=mm&r=g\",\"contentUrl\":\"https:\\\/\\\/secure.gravatar.com\\\/avatar\\\/?s=96&d=mm&r=g\",\"caption\":\"roger.straessle\"},\"url\":\"https:\\\/\\\/www.organisator.ch\\\/it\\\/author\\\/roger-straessle\\\/\"}]}<\/script>\n<!-- \/ Yoast SEO plugin. -->","yoast_head_json":{"title":"Il pi\u00f9 antico MWIP della Svizzera \u00e8 giunto alla fine della sua vita - Organizzatore","description":"Dopo pi\u00f9 di cento anni di attivit\u00e0, \u00e8 finita: L'ultima tonnellata di rifiuti sar\u00e0 incenerita nell'impianto di Josefstrasse, nella citt\u00e0 di Zurigo, alla fine di marzo.","robots":{"index":"index","follow":"follow","max-snippet":"max-snippet:-1","max-image-preview":"max-image-preview:large","max-video-preview":"max-video-preview:-1"},"canonical":"https:\/\/www.organisator.ch\/it\/sostenibilita\/2021-02-28\/aelteste-kva-der-schweiz-hat-ausgedient\/","og_locale":"it_IT","og_type":"article","og_title":"\u00c4lteste KVA der Schweiz hat ausgedient - Organisator","og_description":"Nach \u00fcber hundert Jahren Betrieb ist Schluss: Im Werk Josefstrasse in der Stadt Z\u00fcrich wird Ende M\u00e4rz die letzte Tonne Kehricht verbrannt.","og_url":"https:\/\/www.organisator.ch\/it\/sostenibilita\/2021-02-28\/aelteste-kva-der-schweiz-hat-ausgedient\/","og_site_name":"Organisator","article_publisher":"https:\/\/www.facebook.com\/OrganisatorFachmagazin","article_published_time":"2021-02-28T13:50:02+00:00","article_modified_time":"2022-02-09T10:05:31+00:00","og_image":[{"width":1280,"height":853,"url":"https:\/\/www.organisator.ch\/wp-content\/uploads\/2021\/02\/Josefstrasse-neu.jpeg","type":"image\/jpeg"}],"author":"roger.straessle","twitter_card":"summary_large_image","schema":{"@context":"https:\/\/schema.org","@graph":[{"@type":"Article","@id":"https:\/\/www.organisator.ch\/sustainability\/2021-02-28\/aelteste-kva-der-schweiz-hat-ausgedient\/#article","isPartOf":{"@id":"https:\/\/www.organisator.ch\/sustainability\/2021-02-28\/aelteste-kva-der-schweiz-hat-ausgedient\/"},"author":{"name":"roger.straessle","@id":"https:\/\/www.organisator.ch\/#\/schema\/person\/a800b8c54e208b160517a7dcc323161d"},"headline":"\u00c4lteste KVA der Schweiz hat ausgedient","datePublished":"2021-02-28T13:50:02+00:00","dateModified":"2022-02-09T10:05:31+00:00","mainEntityOfPage":{"@id":"https:\/\/www.organisator.ch\/sustainability\/2021-02-28\/aelteste-kva-der-schweiz-hat-ausgedient\/"},"wordCount":563,"publisher":{"@id":"https:\/\/www.organisator.ch\/#organization"},"image":{"@id":"https:\/\/www.organisator.ch\/sustainability\/2021-02-28\/aelteste-kva-der-schweiz-hat-ausgedient\/#primaryimage"},"thumbnailUrl":"https:\/\/www.organisator.ch\/wp-content\/uploads\/2021\/02\/Josefstrasse-neu.jpeg","keywords":["Fernw\u00e4rme","KVA","Werk Josefstrasse"],"articleSection":["SUSTAINABILITY"],"inLanguage":"it-IT"},{"@type":"WebPage","@id":"https:\/\/www.organisator.ch\/sustainability\/2021-02-28\/aelteste-kva-der-schweiz-hat-ausgedient\/","url":"https:\/\/www.organisator.ch\/sustainability\/2021-02-28\/aelteste-kva-der-schweiz-hat-ausgedient\/","name":"Il pi\u00f9 antico MWIP della Svizzera \u00e8 giunto alla fine della sua vita - Organizzatore","isPartOf":{"@id":"https:\/\/www.organisator.ch\/#website"},"primaryImageOfPage":{"@id":"https:\/\/www.organisator.ch\/sustainability\/2021-02-28\/aelteste-kva-der-schweiz-hat-ausgedient\/#primaryimage"},"image":{"@id":"https:\/\/www.organisator.ch\/sustainability\/2021-02-28\/aelteste-kva-der-schweiz-hat-ausgedient\/#primaryimage"},"thumbnailUrl":"https:\/\/www.organisator.ch\/wp-content\/uploads\/2021\/02\/Josefstrasse-neu.jpeg","datePublished":"2021-02-28T13:50:02+00:00","dateModified":"2022-02-09T10:05:31+00:00","description":"Dopo pi\u00f9 di cento anni di attivit\u00e0, \u00e8 finita: L'ultima tonnellata di rifiuti sar\u00e0 incenerita nell'impianto di Josefstrasse, nella citt\u00e0 di Zurigo, alla fine di marzo.","breadcrumb":{"@id":"https:\/\/www.organisator.ch\/sustainability\/2021-02-28\/aelteste-kva-der-schweiz-hat-ausgedient\/#breadcrumb"},"inLanguage":"it-IT","potentialAction":[{"@type":"ReadAction","target":["https:\/\/www.organisator.ch\/sustainability\/2021-02-28\/aelteste-kva-der-schweiz-hat-ausgedient\/"]}]},{"@type":"ImageObject","inLanguage":"it-IT","@id":"https:\/\/www.organisator.ch\/sustainability\/2021-02-28\/aelteste-kva-der-schweiz-hat-ausgedient\/#primaryimage","url":"https:\/\/www.organisator.ch\/wp-content\/uploads\/2021\/02\/Josefstrasse-neu.jpeg","contentUrl":"https:\/\/www.organisator.ch\/wp-content\/uploads\/2021\/02\/Josefstrasse-neu.jpeg","width":1280,"height":853,"caption":"Rund 120'000 Tonnen Abfall wurden im Werk Josefstrasse pro Jahr verwertet. Foto: ERZ"},{"@type":"BreadcrumbList","@id":"https:\/\/www.organisator.ch\/sustainability\/2021-02-28\/aelteste-kva-der-schweiz-hat-ausgedient\/#breadcrumb","itemListElement":[{"@type":"ListItem","position":1,"name":"Home","item":"https:\/\/www.organisator.ch\/"},{"@type":"ListItem","position":2,"name":"\u00c4lteste KVA der Schweiz hat ausgedient"}]},{"@type":"WebSite","@id":"https:\/\/www.organisator.ch\/#website","url":"https:\/\/www.organisator.ch\/","name":"Organizzatore","description":"Competente. Pratico. In 10 numeri all'anno, ORGANISATOR presenta i temi essenziali per i manager delle PMI.","publisher":{"@id":"https:\/\/www.organisator.ch\/#organization"},"potentialAction":[{"@type":"SearchAction","target":{"@type":"EntryPoint","urlTemplate":"https:\/\/www.organisator.ch\/?s={search_term_string}"},"query-input":{"@type":"PropertyValueSpecification","valueRequired":true,"valueName":"search_term_string"}}],"inLanguage":"it-IT"},{"@type":"Organization","@id":"https:\/\/www.organisator.ch\/#organization","name":"Organizzatore","url":"https:\/\/www.organisator.ch\/","logo":{"@type":"ImageObject","inLanguage":"it-IT","@id":"https:\/\/www.organisator.ch\/#\/schema\/logo\/image\/","url":"https:\/\/www.organisator.ch\/wp-content\/uploads\/2022\/01\/Logo_Organisator_Website.png","contentUrl":"https:\/\/www.organisator.ch\/wp-content\/uploads\/2022\/01\/Logo_Organisator_Website.png","width":800,"height":77,"caption":"Organisator"},"image":{"@id":"https:\/\/www.organisator.ch\/#\/schema\/logo\/image\/"},"sameAs":["https:\/\/www.facebook.com\/OrganisatorFachmagazin","https:\/\/www.linkedin.com\/showcase\/organisator-das-magazin-fr-kmu","https:\/\/www.xing.com\/news\/pages\/organisator-ch-695","https:\/\/www.youtube.com\/channel\/UCGP2Sq0iWaZwT3BdIAQFYpw"]},{"@type":"Person","@id":"https:\/\/www.organisator.ch\/#\/schema\/person\/a800b8c54e208b160517a7dcc323161d","name":"roger.straessle","image":{"@type":"ImageObject","inLanguage":"it-IT","@id":"https:\/\/secure.gravatar.com\/avatar\/?s=96&d=mm&r=g","url":"https:\/\/secure.gravatar.com\/avatar\/?s=96&d=mm&r=g","contentUrl":"https:\/\/secure.gravatar.com\/avatar\/?s=96&d=mm&r=g","caption":"roger.straessle"},"url":"https:\/\/www.organisator.ch\/it\/author\/roger-straessle\/"}]}},"_links":{"self":[{"href":"https:\/\/www.organisator.ch\/it\/wp-json\/wp\/v2\/posts\/3871","targetHints":{"allow":["GET"]}}],"collection":[{"href":"https:\/\/www.organisator.ch\/it\/wp-json\/wp\/v2\/posts"}],"about":[{"href":"https:\/\/www.organisator.ch\/it\/wp-json\/wp\/v2\/types\/post"}],"author":[{"embeddable":true,"href":"https:\/\/www.organisator.ch\/it\/wp-json\/wp\/v2\/users\/6"}],"replies":[{"embeddable":true,"href":"https:\/\/www.organisator.ch\/it\/wp-json\/wp\/v2\/comments?post=3871"}],"version-history":[{"count":1,"href":"https:\/\/www.organisator.ch\/it\/wp-json\/wp\/v2\/posts\/3871\/revisions"}],"predecessor-version":[{"id":10374,"href":"https:\/\/www.organisator.ch\/it\/wp-json\/wp\/v2\/posts\/3871\/revisions\/10374"}],"wp:featuredmedia":[{"embeddable":true,"href":"https:\/\/www.organisator.ch\/it\/wp-json\/wp\/v2\/media\/9767"}],"wp:attachment":[{"href":"https:\/\/www.organisator.ch\/it\/wp-json\/wp\/v2\/media?parent=3871"}],"wp:term":[{"taxonomy":"category","embeddable":true,"href":"https:\/\/www.organisator.ch\/it\/wp-json\/wp\/v2\/categories?post=3871"},{"taxonomy":"post_tag","embeddable":true,"href":"https:\/\/www.organisator.ch\/it\/wp-json\/wp\/v2\/tags?post=3871"}],"curies":[{"name":"wp","href":"https:\/\/api.w.org\/{rel}","templated":true}]}}