{"id":38731,"date":"2025-06-06T07:41:57","date_gmt":"2025-06-06T05:41:57","guid":{"rendered":"https:\/\/www.organisator.ch\/?p=38731"},"modified":"2025-06-06T07:41:57","modified_gmt":"2025-06-06T05:41:57","slug":"startfeld-diamant-2025-weitere-auszeichnung-fuer-upgrain","status":"publish","type":"post","link":"https:\/\/www.organisator.ch\/it\/sustainability\/2025-06-06\/startfeld-diamant-2025-weitere-auszeichnung-fuer-upgrain\/","title":{"rendered":"Campo di partenza Diamant 2025: un altro premio per UpGrain"},"content":{"rendered":"<figure id=\"attachment_38732\" aria-describedby=\"caption-attachment-38732\" style=\"width: 680px\" class=\"wp-caption alignnone\"><img loading=\"lazy\" decoding=\"async\" class=\"wp-image-38732 size-full\" src=\"https:\/\/www.organisator.ch\/wp-content\/uploads\/2025\/06\/Startfeld-Diamant-2025-Weitere-Auszeichnung-fuer-UpGrain_Organisator.jpg\" alt=\"\" width=\"680\" height=\"502\" srcset=\"https:\/\/www.organisator.ch\/wp-content\/uploads\/2025\/06\/Startfeld-Diamant-2025-Weitere-Auszeichnung-fuer-UpGrain_Organisator.jpg 680w, https:\/\/www.organisator.ch\/wp-content\/uploads\/2025\/06\/Startfeld-Diamant-2025-Weitere-Auszeichnung-fuer-UpGrain_Organisator-16x12.jpg 16w, https:\/\/www.organisator.ch\/wp-content\/uploads\/2025\/06\/Startfeld-Diamant-2025-Weitere-Auszeichnung-fuer-UpGrain_Organisator-375x277.jpg 375w, https:\/\/www.organisator.ch\/wp-content\/uploads\/2025\/06\/Startfeld-Diamant-2025-Weitere-Auszeichnung-fuer-UpGrain_Organisator-474x350.jpg 474w\" sizes=\"auto, (max-width: 680px) 100vw, 680px\" \/><figcaption id=\"caption-attachment-38732\" class=\"wp-caption-text\">Il CEO e fondatore Vincent Vida (a sinistra) e il COO William Beiskjaer di UpGrain sono felici di aver vinto lo Startfeld Diamant 2025 (Immagine: zVg)<\/figcaption><\/figure>\n<p>Cibo dai flussi laterali dei birrifici: la start-up appenzellese UpGrain ha ricevuto il prestigioso premio Diamant 2025 per le start-up a San Gallo all'inizio di giugno. Dopo il <a href=\"https:\/\/www.organisator.ch\/de\/sustainability\/2025-03-21\/upgrain-gewinnt-swiss-sustainability-impact-award-2025\/\">Vincitore del Premio svizzero per l'impatto sulla sostenibilit\u00e0<\/a> Questo \u00e8 il secondo premio che la giovane azienda riceve in pochi mesi.<\/p>\n<h3>Realizzazione della visione dei sistemi alimentari circolari<\/h3>\n<p>Fondata nel 2021, UpGrain AG utilizza tecnologie di upcycling all'avanguardia per produrre proteine e fibre in polvere di alta qualit\u00e0 dai cereali esausti. I prodotti realizzati da UpGrain possono essere integrati in numerose ricette di prodotti da forno, pasta e snack. Queste materie prime rappresentano un'alternativa ecologica per l'industria alimentare e contribuiscono a una produzione a basso consumo di risorse. Siamo lieti di aver vinto lo Startfeld Diamant 2025: \"Questo premio \u00e8 un grande onore per il nostro team e dimostra che la nostra visione di sistemi alimentari sostenibili e circolari costituir\u00e0 un precedente\", afferma Vincent Vida, fondatore di UpGrain.<\/p>\n<h3><strong>Partnership forti con effetto di segnalazione<\/strong><\/h3>\n<p>Insieme al birrificio Locher, l'anno scorso UpGrain ha creato il pi\u00f9 grande impianto di produzione di birra d'Europa. <a href=\"https:\/\/www.organisator.ch\/de\/sustainability\/2024-09-12\/groesste-food-upcycling-anlage-europas-steht-in-appenzell\/\">Impianto di riciclaggio degli alimenti<\/a> \u00e8 entrato in funzione. L'impianto trasforma ogni anno circa 25.000 tonnellate di cereali esausti in proteine e fibre per l'industria alimentare. Queste vengono utilizzate come sostituto della farina, per migliorare la consistenza dei prodotti da forno e dei sostituti della carne e come base per snack e bevande ricchi di proteine. Questo processo contribuisce a ridurre le emissioni di CO\u2082, a risparmiare acqua e a ridurre la necessit\u00e0 di terreni coltivabili per le fonti proteiche tradizionali come il grano o la soia. Aur\u00e8le Meyer, amministratore delegato del birrificio Locher, sottolinea: \"UpGrain ha dimostrato di aver creato un'innovazione scalabile nel campo dell'upcycling alimentare che rende versatili i flussi collaterali del nostro birrificio\". Il membro della giuria Bettina Hein G\u00f6ldi ha aggiunto: \"UpGrain ci ha colpito per il suo approccio sostenibile all'innovazione. La start-up non solo \u00e8 scalabile, ma apporta anche un reale valore aggiunto ecologico a lungo termine\", ha dichiarato Bettina Hein G\u00f6ldi, membro della giuria.<\/p>\n<p><em><a href=\"http:\/\/www.upgrain.ch\/\">www.upgrain.ch<\/a><\/em><\/p>","protected":false},"excerpt":{"rendered":"<p>La start-up appenzellese UpGrain \u00e8 stata insignita del premio Startfeld Diamant 2025. Il premio della Banca Cantonale di San Gallo riconosce le aziende eccellenti della Svizzera orientale che convincono per la loro forza innovativa e la loro visione del futuro.<\/p>","protected":false},"author":4,"featured_media":38732,"comment_status":"closed","ping_status":"closed","sticky":false,"template":"","format":"standard","meta":{"_acf_changed":false,"_yoast_wpseo_focuskw":"Startfeld Diamant","_yoast_wpseo_metadesc":"Das Appenzeller Start-up UpGrain wurde mit dem Startfeld Diamant 2025, dem Jungunternehmerpreis der St.Galler Kantonalbank, ausgezeichnet.","articlekey":"","footnotes":""},"categories":[580],"tags":[66,358,451,492],"class_list":["post-38731","post","type-post","status-publish","format-standard","has-post-thumbnail","hentry","category-sustainability","tag-awards","tag-nachhaltige-wirtschaft","tag-startups","tag-unternehmen"],"acf":[],"yoast_head":"<!-- This site is optimized with the Yoast SEO plugin v27.5 - https:\/\/yoast.com\/product\/yoast-seo-wordpress\/ -->\n<title>Startfeld Diamant 2025: Weitere Auszeichnung f\u00fcr UpGrain - Organisator<\/title>\n<meta name=\"description\" content=\"Das Appenzeller Start-up UpGrain wurde mit dem Startfeld Diamant 2025, dem Jungunternehmerpreis der St.Galler Kantonalbank, ausgezeichnet.\" \/>\n<meta name=\"robots\" content=\"index, follow, max-snippet:-1, max-image-preview:large, max-video-preview:-1\" \/>\n<link rel=\"canonical\" href=\"https:\/\/www.organisator.ch\/it\/sostenibilita\/2025-06-06\/startfeld-diamant-2025-weitere-auszeichnung-fuer-upgrain\/\" \/>\n<meta property=\"og:locale\" content=\"it_IT\" \/>\n<meta property=\"og:type\" content=\"article\" \/>\n<meta property=\"og:title\" content=\"Startfeld Diamant 2025: Weitere Auszeichnung f\u00fcr UpGrain\" \/>\n<meta property=\"og:description\" content=\"Das Appenzeller Start-up UpGrain wurde mit dem Startfeld Diamant 2025, dem Jungunternehmerpreis der St.Galler Kantonalbank, ausgezeichnet.\" \/>\n<meta property=\"og:url\" content=\"https:\/\/www.organisator.ch\/it\/sostenibilita\/2025-06-06\/startfeld-diamant-2025-weitere-auszeichnung-fuer-upgrain\/\" \/>\n<meta property=\"og:site_name\" content=\"Organisator\" \/>\n<meta property=\"article:publisher\" content=\"https:\/\/www.facebook.com\/OrganisatorFachmagazin\" \/>\n<meta property=\"article:published_time\" content=\"2025-06-06T05:41:57+00:00\" \/>\n<meta property=\"og:image\" content=\"https:\/\/www.organisator.ch\/wp-content\/uploads\/2025\/06\/Startfeld-Diamant-2025-Weitere-Auszeichnung-fuer-UpGrain_Organisator.jpg\" \/>\n\t<meta property=\"og:image:width\" content=\"680\" \/>\n\t<meta property=\"og:image:height\" content=\"502\" \/>\n\t<meta property=\"og:image:type\" content=\"image\/jpeg\" \/>\n<meta name=\"author\" content=\"thomas.berner\" \/>\n<meta name=\"twitter:card\" content=\"summary_large_image\" \/>\n<meta name=\"twitter:title\" content=\"#Startfeld Diamant 2025: Weitere Auszeichnung f\u00fcr #UpGrain\" \/>\n<meta name=\"twitter:description\" content=\"Das Appenzeller #Start-up UpGrain wurde mit dem Startfeld Diamant 2025, dem Jungunternehmerpreis der St.Galler Kantonalbank, ausgezeichnet.\" \/>\n<meta name=\"twitter:image\" content=\"https:\/\/www.organisator.ch\/wp-content\/uploads\/2025\/06\/Startfeld-Diamant-2025-Weitere-Auszeichnung-fuer-UpGrain_Organisator.jpg\" \/>\n<script type=\"application\/ld+json\" class=\"yoast-schema-graph\">{\"@context\":\"https:\\\/\\\/schema.org\",\"@graph\":[{\"@type\":\"Article\",\"@id\":\"https:\\\/\\\/www.organisator.ch\\\/sustainability\\\/2025-06-06\\\/startfeld-diamant-2025-weitere-auszeichnung-fuer-upgrain\\\/#article\",\"isPartOf\":{\"@id\":\"https:\\\/\\\/www.organisator.ch\\\/sustainability\\\/2025-06-06\\\/startfeld-diamant-2025-weitere-auszeichnung-fuer-upgrain\\\/\"},\"author\":{\"name\":\"thomas.berner\",\"@id\":\"https:\\\/\\\/www.organisator.ch\\\/#\\\/schema\\\/person\\\/6f650f90b2842cd4c0cc334b4e36f67e\"},\"headline\":\"Startfeld Diamant 2025: Weitere Auszeichnung f\u00fcr UpGrain\",\"datePublished\":\"2025-06-06T05:41:57+00:00\",\"mainEntityOfPage\":{\"@id\":\"https:\\\/\\\/www.organisator.ch\\\/sustainability\\\/2025-06-06\\\/startfeld-diamant-2025-weitere-auszeichnung-fuer-upgrain\\\/\"},\"wordCount\":335,\"publisher\":{\"@id\":\"https:\\\/\\\/www.organisator.ch\\\/#organization\"},\"image\":{\"@id\":\"https:\\\/\\\/www.organisator.ch\\\/sustainability\\\/2025-06-06\\\/startfeld-diamant-2025-weitere-auszeichnung-fuer-upgrain\\\/#primaryimage\"},\"thumbnailUrl\":\"https:\\\/\\\/www.organisator.ch\\\/wp-content\\\/uploads\\\/2025\\\/06\\\/Startfeld-Diamant-2025-Weitere-Auszeichnung-fuer-UpGrain_Organisator.jpg\",\"keywords\":[\"Awards\",\"Nachhaltige Wirtschaft\",\"Startups\",\"Unternehmen\"],\"articleSection\":[\"SUSTAINABILITY\"],\"inLanguage\":\"it-IT\"},{\"@type\":\"WebPage\",\"@id\":\"https:\\\/\\\/www.organisator.ch\\\/sustainability\\\/2025-06-06\\\/startfeld-diamant-2025-weitere-auszeichnung-fuer-upgrain\\\/\",\"url\":\"https:\\\/\\\/www.organisator.ch\\\/sustainability\\\/2025-06-06\\\/startfeld-diamant-2025-weitere-auszeichnung-fuer-upgrain\\\/\",\"name\":\"Startfeld Diamant 2025: Weitere Auszeichnung f\u00fcr UpGrain - Organisator\",\"isPartOf\":{\"@id\":\"https:\\\/\\\/www.organisator.ch\\\/#website\"},\"primaryImageOfPage\":{\"@id\":\"https:\\\/\\\/www.organisator.ch\\\/sustainability\\\/2025-06-06\\\/startfeld-diamant-2025-weitere-auszeichnung-fuer-upgrain\\\/#primaryimage\"},\"image\":{\"@id\":\"https:\\\/\\\/www.organisator.ch\\\/sustainability\\\/2025-06-06\\\/startfeld-diamant-2025-weitere-auszeichnung-fuer-upgrain\\\/#primaryimage\"},\"thumbnailUrl\":\"https:\\\/\\\/www.organisator.ch\\\/wp-content\\\/uploads\\\/2025\\\/06\\\/Startfeld-Diamant-2025-Weitere-Auszeichnung-fuer-UpGrain_Organisator.jpg\",\"datePublished\":\"2025-06-06T05:41:57+00:00\",\"description\":\"Das Appenzeller Start-up UpGrain wurde mit dem Startfeld Diamant 2025, dem Jungunternehmerpreis der St.Galler Kantonalbank, ausgezeichnet.\",\"breadcrumb\":{\"@id\":\"https:\\\/\\\/www.organisator.ch\\\/sustainability\\\/2025-06-06\\\/startfeld-diamant-2025-weitere-auszeichnung-fuer-upgrain\\\/#breadcrumb\"},\"inLanguage\":\"it-IT\",\"potentialAction\":[{\"@type\":\"ReadAction\",\"target\":[\"https:\\\/\\\/www.organisator.ch\\\/sustainability\\\/2025-06-06\\\/startfeld-diamant-2025-weitere-auszeichnung-fuer-upgrain\\\/\"]}]},{\"@type\":\"ImageObject\",\"inLanguage\":\"it-IT\",\"@id\":\"https:\\\/\\\/www.organisator.ch\\\/sustainability\\\/2025-06-06\\\/startfeld-diamant-2025-weitere-auszeichnung-fuer-upgrain\\\/#primaryimage\",\"url\":\"https:\\\/\\\/www.organisator.ch\\\/wp-content\\\/uploads\\\/2025\\\/06\\\/Startfeld-Diamant-2025-Weitere-Auszeichnung-fuer-UpGrain_Organisator.jpg\",\"contentUrl\":\"https:\\\/\\\/www.organisator.ch\\\/wp-content\\\/uploads\\\/2025\\\/06\\\/Startfeld-Diamant-2025-Weitere-Auszeichnung-fuer-UpGrain_Organisator.jpg\",\"width\":680,\"height\":502,\"caption\":\"SONY DSC\"},{\"@type\":\"BreadcrumbList\",\"@id\":\"https:\\\/\\\/www.organisator.ch\\\/sustainability\\\/2025-06-06\\\/startfeld-diamant-2025-weitere-auszeichnung-fuer-upgrain\\\/#breadcrumb\",\"itemListElement\":[{\"@type\":\"ListItem\",\"position\":1,\"name\":\"Home\",\"item\":\"https:\\\/\\\/www.organisator.ch\\\/\"},{\"@type\":\"ListItem\",\"position\":2,\"name\":\"Startfeld Diamant 2025: Weitere Auszeichnung f\u00fcr UpGrain\"}]},{\"@type\":\"WebSite\",\"@id\":\"https:\\\/\\\/www.organisator.ch\\\/#website\",\"url\":\"https:\\\/\\\/www.organisator.ch\\\/\",\"name\":\"Organisator\",\"description\":\"Kompetent. Praxisnah. Der ORGANISATOR bereitet in 10 Ausgaben pro Jahr die wesentlichen Themen f\u00fcr F\u00fchrungskr\u00e4fte von KMU auf.\",\"publisher\":{\"@id\":\"https:\\\/\\\/www.organisator.ch\\\/#organization\"},\"potentialAction\":[{\"@type\":\"SearchAction\",\"target\":{\"@type\":\"EntryPoint\",\"urlTemplate\":\"https:\\\/\\\/www.organisator.ch\\\/?s={search_term_string}\"},\"query-input\":{\"@type\":\"PropertyValueSpecification\",\"valueRequired\":true,\"valueName\":\"search_term_string\"}}],\"inLanguage\":\"it-IT\"},{\"@type\":\"Organization\",\"@id\":\"https:\\\/\\\/www.organisator.ch\\\/#organization\",\"name\":\"Organisator\",\"url\":\"https:\\\/\\\/www.organisator.ch\\\/\",\"logo\":{\"@type\":\"ImageObject\",\"inLanguage\":\"it-IT\",\"@id\":\"https:\\\/\\\/www.organisator.ch\\\/#\\\/schema\\\/logo\\\/image\\\/\",\"url\":\"https:\\\/\\\/www.organisator.ch\\\/wp-content\\\/uploads\\\/2022\\\/01\\\/Logo_Organisator_Website.png\",\"contentUrl\":\"https:\\\/\\\/www.organisator.ch\\\/wp-content\\\/uploads\\\/2022\\\/01\\\/Logo_Organisator_Website.png\",\"width\":800,\"height\":77,\"caption\":\"Organisator\"},\"image\":{\"@id\":\"https:\\\/\\\/www.organisator.ch\\\/#\\\/schema\\\/logo\\\/image\\\/\"},\"sameAs\":[\"https:\\\/\\\/www.facebook.com\\\/OrganisatorFachmagazin\",\"https:\\\/\\\/www.linkedin.com\\\/showcase\\\/organisator-das-magazin-fr-kmu\",\"https:\\\/\\\/www.xing.com\\\/news\\\/pages\\\/organisator-ch-695\",\"https:\\\/\\\/www.youtube.com\\\/channel\\\/UCGP2Sq0iWaZwT3BdIAQFYpw\"]},{\"@type\":\"Person\",\"@id\":\"https:\\\/\\\/www.organisator.ch\\\/#\\\/schema\\\/person\\\/6f650f90b2842cd4c0cc334b4e36f67e\",\"name\":\"thomas.berner\",\"image\":{\"@type\":\"ImageObject\",\"inLanguage\":\"it-IT\",\"@id\":\"https:\\\/\\\/secure.gravatar.com\\\/avatar\\\/ac5001d2a36cb6c6cd3e50789007ffca834b477b74a2144564522e944eabff61?s=96&d=mm&r=g\",\"url\":\"https:\\\/\\\/secure.gravatar.com\\\/avatar\\\/ac5001d2a36cb6c6cd3e50789007ffca834b477b74a2144564522e944eabff61?s=96&d=mm&r=g\",\"contentUrl\":\"https:\\\/\\\/secure.gravatar.com\\\/avatar\\\/ac5001d2a36cb6c6cd3e50789007ffca834b477b74a2144564522e944eabff61?s=96&d=mm&r=g\",\"caption\":\"thomas.berner\"},\"url\":\"https:\\\/\\\/www.organisator.ch\\\/it\\\/author\\\/thomas-berner\\\/\"}]}<\/script>\n<!-- \/ Yoast SEO plugin. -->","yoast_head_json":{"title":"Campo di partenza del Diamant 2025: un altro premio per UpGrain - organizzatore","description":"La start-up appenzellese UpGrain \u00e8 stata premiata con lo Startfeld Diamant 2025, il premio per giovani imprenditori della Banca Cantonale di San Gallo.","robots":{"index":"index","follow":"follow","max-snippet":"max-snippet:-1","max-image-preview":"max-image-preview:large","max-video-preview":"max-video-preview:-1"},"canonical":"https:\/\/www.organisator.ch\/it\/sostenibilita\/2025-06-06\/startfeld-diamant-2025-weitere-auszeichnung-fuer-upgrain\/","og_locale":"it_IT","og_type":"article","og_title":"Startfeld Diamant 2025: Weitere Auszeichnung f\u00fcr UpGrain","og_description":"Das Appenzeller Start-up UpGrain wurde mit dem Startfeld Diamant 2025, dem Jungunternehmerpreis der St.Galler Kantonalbank, ausgezeichnet.","og_url":"https:\/\/www.organisator.ch\/it\/sostenibilita\/2025-06-06\/startfeld-diamant-2025-weitere-auszeichnung-fuer-upgrain\/","og_site_name":"Organisator","article_publisher":"https:\/\/www.facebook.com\/OrganisatorFachmagazin","article_published_time":"2025-06-06T05:41:57+00:00","og_image":[{"width":680,"height":502,"url":"https:\/\/www.organisator.ch\/wp-content\/uploads\/2025\/06\/Startfeld-Diamant-2025-Weitere-Auszeichnung-fuer-UpGrain_Organisator.jpg","type":"image\/jpeg"}],"author":"thomas.berner","twitter_card":"summary_large_image","twitter_title":"#Startfeld Diamant 2025: Weitere Auszeichnung f\u00fcr #UpGrain","twitter_description":"Das Appenzeller #Start-up UpGrain wurde mit dem Startfeld Diamant 2025, dem Jungunternehmerpreis der St.Galler Kantonalbank, ausgezeichnet.","twitter_image":"https:\/\/www.organisator.ch\/wp-content\/uploads\/2025\/06\/Startfeld-Diamant-2025-Weitere-Auszeichnung-fuer-UpGrain_Organisator.jpg","schema":{"@context":"https:\/\/schema.org","@graph":[{"@type":"Article","@id":"https:\/\/www.organisator.ch\/sustainability\/2025-06-06\/startfeld-diamant-2025-weitere-auszeichnung-fuer-upgrain\/#article","isPartOf":{"@id":"https:\/\/www.organisator.ch\/sustainability\/2025-06-06\/startfeld-diamant-2025-weitere-auszeichnung-fuer-upgrain\/"},"author":{"name":"thomas.berner","@id":"https:\/\/www.organisator.ch\/#\/schema\/person\/6f650f90b2842cd4c0cc334b4e36f67e"},"headline":"Startfeld Diamant 2025: Weitere Auszeichnung f\u00fcr UpGrain","datePublished":"2025-06-06T05:41:57+00:00","mainEntityOfPage":{"@id":"https:\/\/www.organisator.ch\/sustainability\/2025-06-06\/startfeld-diamant-2025-weitere-auszeichnung-fuer-upgrain\/"},"wordCount":335,"publisher":{"@id":"https:\/\/www.organisator.ch\/#organization"},"image":{"@id":"https:\/\/www.organisator.ch\/sustainability\/2025-06-06\/startfeld-diamant-2025-weitere-auszeichnung-fuer-upgrain\/#primaryimage"},"thumbnailUrl":"https:\/\/www.organisator.ch\/wp-content\/uploads\/2025\/06\/Startfeld-Diamant-2025-Weitere-Auszeichnung-fuer-UpGrain_Organisator.jpg","keywords":["Awards","Nachhaltige Wirtschaft","Startups","Unternehmen"],"articleSection":["SUSTAINABILITY"],"inLanguage":"it-IT"},{"@type":"WebPage","@id":"https:\/\/www.organisator.ch\/sustainability\/2025-06-06\/startfeld-diamant-2025-weitere-auszeichnung-fuer-upgrain\/","url":"https:\/\/www.organisator.ch\/sustainability\/2025-06-06\/startfeld-diamant-2025-weitere-auszeichnung-fuer-upgrain\/","name":"Campo di partenza del Diamant 2025: un altro premio per UpGrain - organizzatore","isPartOf":{"@id":"https:\/\/www.organisator.ch\/#website"},"primaryImageOfPage":{"@id":"https:\/\/www.organisator.ch\/sustainability\/2025-06-06\/startfeld-diamant-2025-weitere-auszeichnung-fuer-upgrain\/#primaryimage"},"image":{"@id":"https:\/\/www.organisator.ch\/sustainability\/2025-06-06\/startfeld-diamant-2025-weitere-auszeichnung-fuer-upgrain\/#primaryimage"},"thumbnailUrl":"https:\/\/www.organisator.ch\/wp-content\/uploads\/2025\/06\/Startfeld-Diamant-2025-Weitere-Auszeichnung-fuer-UpGrain_Organisator.jpg","datePublished":"2025-06-06T05:41:57+00:00","description":"La start-up appenzellese UpGrain \u00e8 stata premiata con lo Startfeld Diamant 2025, il premio per giovani imprenditori della Banca Cantonale di San Gallo.","breadcrumb":{"@id":"https:\/\/www.organisator.ch\/sustainability\/2025-06-06\/startfeld-diamant-2025-weitere-auszeichnung-fuer-upgrain\/#breadcrumb"},"inLanguage":"it-IT","potentialAction":[{"@type":"ReadAction","target":["https:\/\/www.organisator.ch\/sustainability\/2025-06-06\/startfeld-diamant-2025-weitere-auszeichnung-fuer-upgrain\/"]}]},{"@type":"ImageObject","inLanguage":"it-IT","@id":"https:\/\/www.organisator.ch\/sustainability\/2025-06-06\/startfeld-diamant-2025-weitere-auszeichnung-fuer-upgrain\/#primaryimage","url":"https:\/\/www.organisator.ch\/wp-content\/uploads\/2025\/06\/Startfeld-Diamant-2025-Weitere-Auszeichnung-fuer-UpGrain_Organisator.jpg","contentUrl":"https:\/\/www.organisator.ch\/wp-content\/uploads\/2025\/06\/Startfeld-Diamant-2025-Weitere-Auszeichnung-fuer-UpGrain_Organisator.jpg","width":680,"height":502,"caption":"SONY DSC"},{"@type":"BreadcrumbList","@id":"https:\/\/www.organisator.ch\/sustainability\/2025-06-06\/startfeld-diamant-2025-weitere-auszeichnung-fuer-upgrain\/#breadcrumb","itemListElement":[{"@type":"ListItem","position":1,"name":"Home","item":"https:\/\/www.organisator.ch\/"},{"@type":"ListItem","position":2,"name":"Startfeld Diamant 2025: Weitere Auszeichnung f\u00fcr UpGrain"}]},{"@type":"WebSite","@id":"https:\/\/www.organisator.ch\/#website","url":"https:\/\/www.organisator.ch\/","name":"Organizzatore","description":"Competente. Pratico. In 10 numeri all'anno, ORGANISATOR presenta i temi essenziali per i manager delle PMI.","publisher":{"@id":"https:\/\/www.organisator.ch\/#organization"},"potentialAction":[{"@type":"SearchAction","target":{"@type":"EntryPoint","urlTemplate":"https:\/\/www.organisator.ch\/?s={search_term_string}"},"query-input":{"@type":"PropertyValueSpecification","valueRequired":true,"valueName":"search_term_string"}}],"inLanguage":"it-IT"},{"@type":"Organization","@id":"https:\/\/www.organisator.ch\/#organization","name":"Organizzatore","url":"https:\/\/www.organisator.ch\/","logo":{"@type":"ImageObject","inLanguage":"it-IT","@id":"https:\/\/www.organisator.ch\/#\/schema\/logo\/image\/","url":"https:\/\/www.organisator.ch\/wp-content\/uploads\/2022\/01\/Logo_Organisator_Website.png","contentUrl":"https:\/\/www.organisator.ch\/wp-content\/uploads\/2022\/01\/Logo_Organisator_Website.png","width":800,"height":77,"caption":"Organisator"},"image":{"@id":"https:\/\/www.organisator.ch\/#\/schema\/logo\/image\/"},"sameAs":["https:\/\/www.facebook.com\/OrganisatorFachmagazin","https:\/\/www.linkedin.com\/showcase\/organisator-das-magazin-fr-kmu","https:\/\/www.xing.com\/news\/pages\/organisator-ch-695","https:\/\/www.youtube.com\/channel\/UCGP2Sq0iWaZwT3BdIAQFYpw"]},{"@type":"Person","@id":"https:\/\/www.organisator.ch\/#\/schema\/person\/6f650f90b2842cd4c0cc334b4e36f67e","name":"Tommaso.berner","image":{"@type":"ImageObject","inLanguage":"it-IT","@id":"https:\/\/secure.gravatar.com\/avatar\/ac5001d2a36cb6c6cd3e50789007ffca834b477b74a2144564522e944eabff61?s=96&d=mm&r=g","url":"https:\/\/secure.gravatar.com\/avatar\/ac5001d2a36cb6c6cd3e50789007ffca834b477b74a2144564522e944eabff61?s=96&d=mm&r=g","contentUrl":"https:\/\/secure.gravatar.com\/avatar\/ac5001d2a36cb6c6cd3e50789007ffca834b477b74a2144564522e944eabff61?s=96&d=mm&r=g","caption":"thomas.berner"},"url":"https:\/\/www.organisator.ch\/it\/author\/thomas-berner\/"}]}},"_links":{"self":[{"href":"https:\/\/www.organisator.ch\/it\/wp-json\/wp\/v2\/posts\/38731","targetHints":{"allow":["GET"]}}],"collection":[{"href":"https:\/\/www.organisator.ch\/it\/wp-json\/wp\/v2\/posts"}],"about":[{"href":"https:\/\/www.organisator.ch\/it\/wp-json\/wp\/v2\/types\/post"}],"author":[{"embeddable":true,"href":"https:\/\/www.organisator.ch\/it\/wp-json\/wp\/v2\/users\/4"}],"replies":[{"embeddable":true,"href":"https:\/\/www.organisator.ch\/it\/wp-json\/wp\/v2\/comments?post=38731"}],"version-history":[{"count":3,"href":"https:\/\/www.organisator.ch\/it\/wp-json\/wp\/v2\/posts\/38731\/revisions"}],"predecessor-version":[{"id":38775,"href":"https:\/\/www.organisator.ch\/it\/wp-json\/wp\/v2\/posts\/38731\/revisions\/38775"}],"wp:featuredmedia":[{"embeddable":true,"href":"https:\/\/www.organisator.ch\/it\/wp-json\/wp\/v2\/media\/38732"}],"wp:attachment":[{"href":"https:\/\/www.organisator.ch\/it\/wp-json\/wp\/v2\/media?parent=38731"}],"wp:term":[{"taxonomy":"category","embeddable":true,"href":"https:\/\/www.organisator.ch\/it\/wp-json\/wp\/v2\/categories?post=38731"},{"taxonomy":"post_tag","embeddable":true,"href":"https:\/\/www.organisator.ch\/it\/wp-json\/wp\/v2\/tags?post=38731"}],"curies":[{"name":"wp","href":"https:\/\/api.w.org\/{rel}","templated":true}]}}