{"id":38760,"date":"2025-06-10T10:16:25","date_gmt":"2025-06-10T08:16:25","guid":{"rendered":"https:\/\/www.organisator.ch\/?p=38760"},"modified":"2025-09-09T08:35:30","modified_gmt":"2025-09-09T06:35:30","slug":"pensionierung-fuer-unternehmer-die-vierte-saeule-clever-planen","status":"publish","type":"post","link":"https:\/\/www.organisator.ch\/it\/management\/2025-06-10\/pensionierung-fuer-unternehmer-die-vierte-saeule-clever-planen\/","title":{"rendered":"La pensione per gli imprenditori: una pianificazione intelligente per il quarto pilastro"},"content":{"rendered":"<figure id=\"attachment_38762\" aria-describedby=\"caption-attachment-38762\" style=\"width: 680px\" class=\"wp-caption alignnone\"><img loading=\"lazy\" decoding=\"async\" class=\"size-full wp-image-38762\" src=\"https:\/\/www.organisator.ch\/wp-content\/uploads\/2025\/06\/Pensionierung-fuer-Unternehmer-Die-vierte-Saeule-clever-planen-1_Organisator.jpg\" alt=\"\" width=\"680\" height=\"454\" srcset=\"https:\/\/www.organisator.ch\/wp-content\/uploads\/2025\/06\/Pensionierung-fuer-Unternehmer-Die-vierte-Saeule-clever-planen-1_Organisator.jpg 680w, https:\/\/www.organisator.ch\/wp-content\/uploads\/2025\/06\/Pensionierung-fuer-Unternehmer-Die-vierte-Saeule-clever-planen-1_Organisator-18x12.jpg 18w, https:\/\/www.organisator.ch\/wp-content\/uploads\/2025\/06\/Pensionierung-fuer-Unternehmer-Die-vierte-Saeule-clever-planen-1_Organisator-375x250.jpg 375w, https:\/\/www.organisator.ch\/wp-content\/uploads\/2025\/06\/Pensionierung-fuer-Unternehmer-Die-vierte-Saeule-clever-planen-1_Organisator-524x350.jpg 524w\" sizes=\"auto, (max-width: 680px) 100vw, 680px\" \/><figcaption id=\"caption-attachment-38762\" class=\"wp-caption-text\">La preparazione alla pensione comprende lo scopo della vita, la pianificazione finanziaria e la gestione patrimoniale. (Immagine: Depositphotos.com)<\/figcaption><\/figure>\n<p>La preparazione strategica al pensionamento \u00e8 una componente centrale della pianificazione della successione nelle piccole e medie imprese. Si tratta di considerazioni non solo economiche, ma anche personali e strutturali. Iniziare presto, idealmente a partire dai 50 anni, crea la flessibilit\u00e0 necessaria per impostare la giusta rotta in tempo utile.<\/p>\n<h3>Pianificare il proprio stile di vita<\/h3>\n<p>Oltre alla sicurezza finanziaria, la pianificazione si concentra anche sulle questioni relative alla vita personale dopo il pensionamento. La transizione verso il pensionamento comporta spesso un riorientamento: la perdita di responsabilit\u00e0, di riconoscimento sociale e di strutture quotidiane consolidate pu\u00f2 rappresentare una sfida. Per questo \u00e8 ancora pi\u00f9 importante formulare obiettivi chiari, analizzare il proprio ruolo e sviluppare una nuova prospettiva per il periodo di vita successivo alla carriera imprenditoriale.<\/p>\n<p>Anche la componente finanziaria svolge un ruolo importante. Gli imprenditori hanno la possibilit\u00e0 di ottimizzare la propria previdenza in modo mirato, sia attraverso riscatti scaglionati nella cassa pensioni, sia attraverso investimenti o la creazione di fonti di reddito aggiuntive. \u00c8 importante analizzare attentamente la propria struttura patrimoniale, ad esempio per quanto riguarda le prestazioni AVS, il patrimonio della cassa pensioni, il patrimonio privato e il potenziale reddito derivante da nuovi impegni imprenditoriali. I prelievi di capitale possono essere utilizzati, ad esempio, per finanziare progetti con entrate regolari che contribuiscono a stabilizzare il tenore di vita.<\/p>\n<h3>Definire una chiara strategia di successione<\/h3>\n<p>\u00c8 altrettanto importante sviluppare una chiara strategia di successione. Che si tratti di un passaggio di consegne completo, di una vendita parziale o di un cambiamento di ruolo nell'azienda, il pensionamento offre l'opportunit\u00e0 di trasmettere o riorganizzare consapevolmente il lavoro di una vita. Poich\u00e9 le circostanze di vita e le condizioni generali possono cambiare, \u00e8 consigliabile rivedere regolarmente i propri piani e modificarli se necessario. Solo cos\u00ec \u00e8 possibile garantire che la strategia scelta rimanga sostenibile e a prova di futuro. Con un approccio ben ponderato, gli imprenditori creano una base stabile per il loro \"quarto pilastro\" personale e quindi per una transizione ben preparata verso una nuova fase della vita.<\/p>\n<p><em>Ulteriori informazioni: <a href=\"https:\/\/www.chdu.ch\/\">Organizzazione mantello svizzera per la successione aziendale - CHDU<\/a><\/em><\/p>\n<p>&nbsp;<\/p>\n<blockquote>\n<h3><strong>Informazioni sull'evento<\/strong><\/h3>\n<p><img loading=\"lazy\" decoding=\"async\" class=\"alignnone size-full wp-image-38763\" src=\"https:\/\/www.organisator.ch\/wp-content\/uploads\/2025\/06\/Pensionierung-fuer-Unternehmer-Die-vierte-Saeule-clever-planen-2_Organisator.jpg\" alt=\"\" width=\"480\" height=\"270\" srcset=\"https:\/\/www.organisator.ch\/wp-content\/uploads\/2025\/06\/Pensionierung-fuer-Unternehmer-Die-vierte-Saeule-clever-planen-2_Organisator.jpg 480w, https:\/\/www.organisator.ch\/wp-content\/uploads\/2025\/06\/Pensionierung-fuer-Unternehmer-Die-vierte-Saeule-clever-planen-2_Organisator-18x10.jpg 18w, https:\/\/www.organisator.ch\/wp-content\/uploads\/2025\/06\/Pensionierung-fuer-Unternehmer-Die-vierte-Saeule-clever-planen-2_Organisator-375x211.jpg 375w\" sizes=\"auto, (max-width: 480px) 100vw, 480px\" \/><\/p>\n<p>L'associazione svizzera per la successione aziendale - CHDU - si \u00e8 prefissata il compito di dare alla successione aziendale la necessaria importanza a livello economico e politico. Nell'ambito di corsi e workshop, gli interessati possono trovare informazioni preziose su come pianificare la propria successione aziendale. La prossima occasione per saperne di pi\u00f9 su importanti strategie di successo per la successione aziendale e il pensionamento \u00e8 offerta dal<\/p>\n<p><strong>Impulso post-lavorativo <\/strong><strong>\"Dare forma alla ricchezza - assicurare il futuro\".<\/strong><\/p>\n<p>organizzato dalla Swiss Umbrella Association for Corporate Succession - CHDU in collaborazione con Swiss Life Wealth Managers.<\/p>\n<p><strong>Data: 1\u00b0 luglio 2025, ore 18.00, Casin\u00f2 di Berna<\/strong><\/p>\n<p>La partecipazione \u00e8 gratuita. <strong>Registrazione via e-mail a <a href=\"mailto:info@chdu.ch\">info@chdu.ch<\/a><\/strong><\/p>\n<\/blockquote>","protected":false},"excerpt":{"rendered":"<p>Gli imprenditori hanno un margine di manovra maggiore rispetto ai dipendenti nell'organizzazione del loro pensionamento. Queste opzioni aggiuntive vengono definite il \"quarto pilastro\". Esse integrano la previdenza tradizionale e richiedono una pianificazione previdente e attenta.<\/p>","protected":false},"author":4,"featured_media":38762,"comment_status":"closed","ping_status":"closed","sticky":false,"template":"","format":"standard","meta":{"_acf_changed":false,"_yoast_wpseo_focuskw":"vierte S\u00e4ule","_yoast_wpseo_metadesc":"Unternehmer*innen haben bei der Pensionierung Spielraum: So nutzen Sie die \u00abvierte S\u00e4ule\u00bb f\u00fcr eine sichere und individuelle Altersvorsorge.","articlekey":"","footnotes":""},"categories":[28],"tags":[5374,356,4910,5375],"class_list":["post-38760","post","type-post","status-publish","format-standard","has-post-thumbnail","hentry","category-management","tag-finanzplanung","tag-nachfolgeplanung","tag-pensionierung","tag-veranstaltungshinweis"],"acf":[],"yoast_head":"<!-- This site is optimized with the Yoast SEO plugin v27.5 - https:\/\/yoast.com\/product\/yoast-seo-wordpress\/ -->\n<title>Pensionierung f\u00fcr Unternehmer: Die vierte S\u00e4ule clever planen - Organisator<\/title>\n<meta name=\"description\" content=\"Unternehmer*innen haben bei der Pensionierung Spielraum: So nutzen Sie die \u00abvierte S\u00e4ule\u00bb f\u00fcr eine sichere und individuelle Altersvorsorge.\" \/>\n<meta name=\"robots\" content=\"index, follow, max-snippet:-1, max-image-preview:large, max-video-preview:-1\" \/>\n<link rel=\"canonical\" href=\"https:\/\/www.organisator.ch\/it\/gestione-2\/2025-06-10\/pensionierung-fuer-unternehmer-die-vierte-saeule-clever-planen\/\" \/>\n<meta property=\"og:locale\" content=\"it_IT\" \/>\n<meta property=\"og:type\" content=\"article\" \/>\n<meta property=\"og:title\" content=\"Pensionierung f\u00fcr Unternehmer: Die vierte S\u00e4ule clever planen\" \/>\n<meta property=\"og:description\" content=\"Unternehmer*innen haben bei der Pensionierung Spielraum: So nutzen Sie die \u00abvierte S\u00e4ule\u00bb f\u00fcr eine sichere und individuelle Altersvorsorge.\" \/>\n<meta property=\"og:url\" content=\"https:\/\/www.organisator.ch\/it\/gestione-2\/2025-06-10\/pensionierung-fuer-unternehmer-die-vierte-saeule-clever-planen\/\" \/>\n<meta property=\"og:site_name\" content=\"Organisator\" \/>\n<meta property=\"article:publisher\" content=\"https:\/\/www.facebook.com\/OrganisatorFachmagazin\" \/>\n<meta property=\"article:published_time\" content=\"2025-06-10T08:16:25+00:00\" \/>\n<meta property=\"article:modified_time\" content=\"2025-09-09T06:35:30+00:00\" \/>\n<meta property=\"og:image\" content=\"https:\/\/www.organisator.ch\/wp-content\/uploads\/2025\/06\/Pensionierung-fuer-Unternehmer-Die-vierte-Saeule-clever-planen-1_Organisator.jpg\" \/>\n\t<meta property=\"og:image:width\" content=\"680\" \/>\n\t<meta property=\"og:image:height\" content=\"454\" \/>\n\t<meta property=\"og:image:type\" content=\"image\/jpeg\" \/>\n<meta name=\"author\" content=\"thomas.berner\" \/>\n<meta name=\"twitter:card\" content=\"summary_large_image\" \/>\n<meta name=\"twitter:title\" content=\"#Pensionierung f\u00fcr Unternehmer: Die vierte S\u00e4ule clever planen\" \/>\n<meta name=\"twitter:description\" content=\"#Unternehmer*innen haben bei der #Pensionierung Spielraum: So nutzen Sie die \u00abvierte S\u00e4ule\u00bb f\u00fcr eine sichere und individuelle Altersvorsorge.\" \/>\n<meta name=\"twitter:image\" content=\"https:\/\/www.organisator.ch\/wp-content\/uploads\/2025\/06\/Pensionierung-fuer-Unternehmer-Die-vierte-Saeule-clever-planen-1_Organisator.jpg\" \/>\n<script type=\"application\/ld+json\" class=\"yoast-schema-graph\">{\"@context\":\"https:\\\/\\\/schema.org\",\"@graph\":[{\"@type\":\"Article\",\"@id\":\"https:\\\/\\\/www.organisator.ch\\\/management\\\/2025-06-10\\\/pensionierung-fuer-unternehmer-die-vierte-saeule-clever-planen\\\/#article\",\"isPartOf\":{\"@id\":\"https:\\\/\\\/www.organisator.ch\\\/management\\\/2025-06-10\\\/pensionierung-fuer-unternehmer-die-vierte-saeule-clever-planen\\\/\"},\"author\":{\"name\":\"thomas.berner\",\"@id\":\"https:\\\/\\\/www.organisator.ch\\\/#\\\/schema\\\/person\\\/6f650f90b2842cd4c0cc334b4e36f67e\"},\"headline\":\"Pensionierung f\u00fcr Unternehmer: Die vierte S\u00e4ule clever planen\",\"datePublished\":\"2025-06-10T08:16:25+00:00\",\"dateModified\":\"2025-09-09T06:35:30+00:00\",\"mainEntityOfPage\":{\"@id\":\"https:\\\/\\\/www.organisator.ch\\\/management\\\/2025-06-10\\\/pensionierung-fuer-unternehmer-die-vierte-saeule-clever-planen\\\/\"},\"wordCount\":463,\"publisher\":{\"@id\":\"https:\\\/\\\/www.organisator.ch\\\/#organization\"},\"image\":{\"@id\":\"https:\\\/\\\/www.organisator.ch\\\/management\\\/2025-06-10\\\/pensionierung-fuer-unternehmer-die-vierte-saeule-clever-planen\\\/#primaryimage\"},\"thumbnailUrl\":\"https:\\\/\\\/www.organisator.ch\\\/wp-content\\\/uploads\\\/2025\\\/06\\\/Pensionierung-fuer-Unternehmer-Die-vierte-Saeule-clever-planen-1_Organisator.jpg\",\"keywords\":[\"Finanzplanung\",\"Nachfolgeplanung\",\"Pensionierung\",\"Veranstaltungshinweis\"],\"articleSection\":[\"MANAGEMENT\"],\"inLanguage\":\"it-IT\"},{\"@type\":\"WebPage\",\"@id\":\"https:\\\/\\\/www.organisator.ch\\\/management\\\/2025-06-10\\\/pensionierung-fuer-unternehmer-die-vierte-saeule-clever-planen\\\/\",\"url\":\"https:\\\/\\\/www.organisator.ch\\\/management\\\/2025-06-10\\\/pensionierung-fuer-unternehmer-die-vierte-saeule-clever-planen\\\/\",\"name\":\"Pensionierung f\u00fcr Unternehmer: Die vierte S\u00e4ule clever planen - Organisator\",\"isPartOf\":{\"@id\":\"https:\\\/\\\/www.organisator.ch\\\/#website\"},\"primaryImageOfPage\":{\"@id\":\"https:\\\/\\\/www.organisator.ch\\\/management\\\/2025-06-10\\\/pensionierung-fuer-unternehmer-die-vierte-saeule-clever-planen\\\/#primaryimage\"},\"image\":{\"@id\":\"https:\\\/\\\/www.organisator.ch\\\/management\\\/2025-06-10\\\/pensionierung-fuer-unternehmer-die-vierte-saeule-clever-planen\\\/#primaryimage\"},\"thumbnailUrl\":\"https:\\\/\\\/www.organisator.ch\\\/wp-content\\\/uploads\\\/2025\\\/06\\\/Pensionierung-fuer-Unternehmer-Die-vierte-Saeule-clever-planen-1_Organisator.jpg\",\"datePublished\":\"2025-06-10T08:16:25+00:00\",\"dateModified\":\"2025-09-09T06:35:30+00:00\",\"description\":\"Unternehmer*innen haben bei der Pensionierung Spielraum: So nutzen Sie die \u00abvierte S\u00e4ule\u00bb f\u00fcr eine sichere und individuelle Altersvorsorge.\",\"breadcrumb\":{\"@id\":\"https:\\\/\\\/www.organisator.ch\\\/management\\\/2025-06-10\\\/pensionierung-fuer-unternehmer-die-vierte-saeule-clever-planen\\\/#breadcrumb\"},\"inLanguage\":\"it-IT\",\"potentialAction\":[{\"@type\":\"ReadAction\",\"target\":[\"https:\\\/\\\/www.organisator.ch\\\/management\\\/2025-06-10\\\/pensionierung-fuer-unternehmer-die-vierte-saeule-clever-planen\\\/\"]}]},{\"@type\":\"ImageObject\",\"inLanguage\":\"it-IT\",\"@id\":\"https:\\\/\\\/www.organisator.ch\\\/management\\\/2025-06-10\\\/pensionierung-fuer-unternehmer-die-vierte-saeule-clever-planen\\\/#primaryimage\",\"url\":\"https:\\\/\\\/www.organisator.ch\\\/wp-content\\\/uploads\\\/2025\\\/06\\\/Pensionierung-fuer-Unternehmer-Die-vierte-Saeule-clever-planen-1_Organisator.jpg\",\"contentUrl\":\"https:\\\/\\\/www.organisator.ch\\\/wp-content\\\/uploads\\\/2025\\\/06\\\/Pensionierung-fuer-Unternehmer-Die-vierte-Saeule-clever-planen-1_Organisator.jpg\",\"width\":680,\"height\":454,\"caption\":\"Die Vorbereitung auf die Pensionierung umfasst die Bereiche Lebensinhalt, Finanzplanung, Verm\u00f6gensverwaltung. (Bild: Depositphotos.com)\"},{\"@type\":\"BreadcrumbList\",\"@id\":\"https:\\\/\\\/www.organisator.ch\\\/management\\\/2025-06-10\\\/pensionierung-fuer-unternehmer-die-vierte-saeule-clever-planen\\\/#breadcrumb\",\"itemListElement\":[{\"@type\":\"ListItem\",\"position\":1,\"name\":\"Home\",\"item\":\"https:\\\/\\\/www.organisator.ch\\\/\"},{\"@type\":\"ListItem\",\"position\":2,\"name\":\"Pensionierung f\u00fcr Unternehmer: Die vierte S\u00e4ule clever planen\"}]},{\"@type\":\"WebSite\",\"@id\":\"https:\\\/\\\/www.organisator.ch\\\/#website\",\"url\":\"https:\\\/\\\/www.organisator.ch\\\/\",\"name\":\"Organisator\",\"description\":\"Kompetent. Praxisnah. Der ORGANISATOR bereitet in 10 Ausgaben pro Jahr die wesentlichen Themen f\u00fcr F\u00fchrungskr\u00e4fte von KMU auf.\",\"publisher\":{\"@id\":\"https:\\\/\\\/www.organisator.ch\\\/#organization\"},\"potentialAction\":[{\"@type\":\"SearchAction\",\"target\":{\"@type\":\"EntryPoint\",\"urlTemplate\":\"https:\\\/\\\/www.organisator.ch\\\/?s={search_term_string}\"},\"query-input\":{\"@type\":\"PropertyValueSpecification\",\"valueRequired\":true,\"valueName\":\"search_term_string\"}}],\"inLanguage\":\"it-IT\"},{\"@type\":\"Organization\",\"@id\":\"https:\\\/\\\/www.organisator.ch\\\/#organization\",\"name\":\"Organisator\",\"url\":\"https:\\\/\\\/www.organisator.ch\\\/\",\"logo\":{\"@type\":\"ImageObject\",\"inLanguage\":\"it-IT\",\"@id\":\"https:\\\/\\\/www.organisator.ch\\\/#\\\/schema\\\/logo\\\/image\\\/\",\"url\":\"https:\\\/\\\/www.organisator.ch\\\/wp-content\\\/uploads\\\/2022\\\/01\\\/Logo_Organisator_Website.png\",\"contentUrl\":\"https:\\\/\\\/www.organisator.ch\\\/wp-content\\\/uploads\\\/2022\\\/01\\\/Logo_Organisator_Website.png\",\"width\":800,\"height\":77,\"caption\":\"Organisator\"},\"image\":{\"@id\":\"https:\\\/\\\/www.organisator.ch\\\/#\\\/schema\\\/logo\\\/image\\\/\"},\"sameAs\":[\"https:\\\/\\\/www.facebook.com\\\/OrganisatorFachmagazin\",\"https:\\\/\\\/www.linkedin.com\\\/showcase\\\/organisator-das-magazin-fr-kmu\",\"https:\\\/\\\/www.xing.com\\\/news\\\/pages\\\/organisator-ch-695\",\"https:\\\/\\\/www.youtube.com\\\/channel\\\/UCGP2Sq0iWaZwT3BdIAQFYpw\"]},{\"@type\":\"Person\",\"@id\":\"https:\\\/\\\/www.organisator.ch\\\/#\\\/schema\\\/person\\\/6f650f90b2842cd4c0cc334b4e36f67e\",\"name\":\"thomas.berner\",\"image\":{\"@type\":\"ImageObject\",\"inLanguage\":\"it-IT\",\"@id\":\"https:\\\/\\\/secure.gravatar.com\\\/avatar\\\/ac5001d2a36cb6c6cd3e50789007ffca834b477b74a2144564522e944eabff61?s=96&d=mm&r=g\",\"url\":\"https:\\\/\\\/secure.gravatar.com\\\/avatar\\\/ac5001d2a36cb6c6cd3e50789007ffca834b477b74a2144564522e944eabff61?s=96&d=mm&r=g\",\"contentUrl\":\"https:\\\/\\\/secure.gravatar.com\\\/avatar\\\/ac5001d2a36cb6c6cd3e50789007ffca834b477b74a2144564522e944eabff61?s=96&d=mm&r=g\",\"caption\":\"thomas.berner\"},\"url\":\"https:\\\/\\\/www.organisator.ch\\\/it\\\/author\\\/thomas-berner\\\/\"}]}<\/script>\n<!-- \/ Yoast SEO plugin. -->","yoast_head_json":{"title":"La pensione per gli imprenditori: una pianificazione intelligente per il quarto pilastro - Organizzatore","description":"Gli imprenditori hanno un margine di manovra quando si tratta di pensione: come utilizzare il \"quarto pilastro\" per una previdenza sicura e individuale.","robots":{"index":"index","follow":"follow","max-snippet":"max-snippet:-1","max-image-preview":"max-image-preview:large","max-video-preview":"max-video-preview:-1"},"canonical":"https:\/\/www.organisator.ch\/it\/gestione-2\/2025-06-10\/pensionierung-fuer-unternehmer-die-vierte-saeule-clever-planen\/","og_locale":"it_IT","og_type":"article","og_title":"Pensionierung f\u00fcr Unternehmer: Die vierte S\u00e4ule clever planen","og_description":"Unternehmer*innen haben bei der Pensionierung Spielraum: So nutzen Sie die \u00abvierte S\u00e4ule\u00bb f\u00fcr eine sichere und individuelle Altersvorsorge.","og_url":"https:\/\/www.organisator.ch\/it\/gestione-2\/2025-06-10\/pensionierung-fuer-unternehmer-die-vierte-saeule-clever-planen\/","og_site_name":"Organisator","article_publisher":"https:\/\/www.facebook.com\/OrganisatorFachmagazin","article_published_time":"2025-06-10T08:16:25+00:00","article_modified_time":"2025-09-09T06:35:30+00:00","og_image":[{"width":680,"height":454,"url":"https:\/\/www.organisator.ch\/wp-content\/uploads\/2025\/06\/Pensionierung-fuer-Unternehmer-Die-vierte-Saeule-clever-planen-1_Organisator.jpg","type":"image\/jpeg"}],"author":"thomas.berner","twitter_card":"summary_large_image","twitter_title":"#Pensionierung f\u00fcr Unternehmer: Die vierte S\u00e4ule clever planen","twitter_description":"#Unternehmer*innen haben bei der #Pensionierung Spielraum: So nutzen Sie die \u00abvierte S\u00e4ule\u00bb f\u00fcr eine sichere und individuelle Altersvorsorge.","twitter_image":"https:\/\/www.organisator.ch\/wp-content\/uploads\/2025\/06\/Pensionierung-fuer-Unternehmer-Die-vierte-Saeule-clever-planen-1_Organisator.jpg","schema":{"@context":"https:\/\/schema.org","@graph":[{"@type":"Article","@id":"https:\/\/www.organisator.ch\/management\/2025-06-10\/pensionierung-fuer-unternehmer-die-vierte-saeule-clever-planen\/#article","isPartOf":{"@id":"https:\/\/www.organisator.ch\/management\/2025-06-10\/pensionierung-fuer-unternehmer-die-vierte-saeule-clever-planen\/"},"author":{"name":"thomas.berner","@id":"https:\/\/www.organisator.ch\/#\/schema\/person\/6f650f90b2842cd4c0cc334b4e36f67e"},"headline":"Pensionierung f\u00fcr Unternehmer: Die vierte S\u00e4ule clever planen","datePublished":"2025-06-10T08:16:25+00:00","dateModified":"2025-09-09T06:35:30+00:00","mainEntityOfPage":{"@id":"https:\/\/www.organisator.ch\/management\/2025-06-10\/pensionierung-fuer-unternehmer-die-vierte-saeule-clever-planen\/"},"wordCount":463,"publisher":{"@id":"https:\/\/www.organisator.ch\/#organization"},"image":{"@id":"https:\/\/www.organisator.ch\/management\/2025-06-10\/pensionierung-fuer-unternehmer-die-vierte-saeule-clever-planen\/#primaryimage"},"thumbnailUrl":"https:\/\/www.organisator.ch\/wp-content\/uploads\/2025\/06\/Pensionierung-fuer-Unternehmer-Die-vierte-Saeule-clever-planen-1_Organisator.jpg","keywords":["Finanzplanung","Nachfolgeplanung","Pensionierung","Veranstaltungshinweis"],"articleSection":["MANAGEMENT"],"inLanguage":"it-IT"},{"@type":"WebPage","@id":"https:\/\/www.organisator.ch\/management\/2025-06-10\/pensionierung-fuer-unternehmer-die-vierte-saeule-clever-planen\/","url":"https:\/\/www.organisator.ch\/management\/2025-06-10\/pensionierung-fuer-unternehmer-die-vierte-saeule-clever-planen\/","name":"La pensione per gli imprenditori: una pianificazione intelligente per il quarto pilastro - Organizzatore","isPartOf":{"@id":"https:\/\/www.organisator.ch\/#website"},"primaryImageOfPage":{"@id":"https:\/\/www.organisator.ch\/management\/2025-06-10\/pensionierung-fuer-unternehmer-die-vierte-saeule-clever-planen\/#primaryimage"},"image":{"@id":"https:\/\/www.organisator.ch\/management\/2025-06-10\/pensionierung-fuer-unternehmer-die-vierte-saeule-clever-planen\/#primaryimage"},"thumbnailUrl":"https:\/\/www.organisator.ch\/wp-content\/uploads\/2025\/06\/Pensionierung-fuer-Unternehmer-Die-vierte-Saeule-clever-planen-1_Organisator.jpg","datePublished":"2025-06-10T08:16:25+00:00","dateModified":"2025-09-09T06:35:30+00:00","description":"Gli imprenditori hanno un margine di manovra quando si tratta di pensione: come utilizzare il \"quarto pilastro\" per una previdenza sicura e individuale.","breadcrumb":{"@id":"https:\/\/www.organisator.ch\/management\/2025-06-10\/pensionierung-fuer-unternehmer-die-vierte-saeule-clever-planen\/#breadcrumb"},"inLanguage":"it-IT","potentialAction":[{"@type":"ReadAction","target":["https:\/\/www.organisator.ch\/management\/2025-06-10\/pensionierung-fuer-unternehmer-die-vierte-saeule-clever-planen\/"]}]},{"@type":"ImageObject","inLanguage":"it-IT","@id":"https:\/\/www.organisator.ch\/management\/2025-06-10\/pensionierung-fuer-unternehmer-die-vierte-saeule-clever-planen\/#primaryimage","url":"https:\/\/www.organisator.ch\/wp-content\/uploads\/2025\/06\/Pensionierung-fuer-Unternehmer-Die-vierte-Saeule-clever-planen-1_Organisator.jpg","contentUrl":"https:\/\/www.organisator.ch\/wp-content\/uploads\/2025\/06\/Pensionierung-fuer-Unternehmer-Die-vierte-Saeule-clever-planen-1_Organisator.jpg","width":680,"height":454,"caption":"Die Vorbereitung auf die Pensionierung umfasst die Bereiche Lebensinhalt, Finanzplanung, Verm\u00f6gensverwaltung. (Bild: Depositphotos.com)"},{"@type":"BreadcrumbList","@id":"https:\/\/www.organisator.ch\/management\/2025-06-10\/pensionierung-fuer-unternehmer-die-vierte-saeule-clever-planen\/#breadcrumb","itemListElement":[{"@type":"ListItem","position":1,"name":"Home","item":"https:\/\/www.organisator.ch\/"},{"@type":"ListItem","position":2,"name":"Pensionierung f\u00fcr Unternehmer: Die vierte S\u00e4ule clever planen"}]},{"@type":"WebSite","@id":"https:\/\/www.organisator.ch\/#website","url":"https:\/\/www.organisator.ch\/","name":"Organizzatore","description":"Competente. Pratico. In 10 numeri all'anno, ORGANISATOR presenta i temi essenziali per i manager delle PMI.","publisher":{"@id":"https:\/\/www.organisator.ch\/#organization"},"potentialAction":[{"@type":"SearchAction","target":{"@type":"EntryPoint","urlTemplate":"https:\/\/www.organisator.ch\/?s={search_term_string}"},"query-input":{"@type":"PropertyValueSpecification","valueRequired":true,"valueName":"search_term_string"}}],"inLanguage":"it-IT"},{"@type":"Organization","@id":"https:\/\/www.organisator.ch\/#organization","name":"Organizzatore","url":"https:\/\/www.organisator.ch\/","logo":{"@type":"ImageObject","inLanguage":"it-IT","@id":"https:\/\/www.organisator.ch\/#\/schema\/logo\/image\/","url":"https:\/\/www.organisator.ch\/wp-content\/uploads\/2022\/01\/Logo_Organisator_Website.png","contentUrl":"https:\/\/www.organisator.ch\/wp-content\/uploads\/2022\/01\/Logo_Organisator_Website.png","width":800,"height":77,"caption":"Organisator"},"image":{"@id":"https:\/\/www.organisator.ch\/#\/schema\/logo\/image\/"},"sameAs":["https:\/\/www.facebook.com\/OrganisatorFachmagazin","https:\/\/www.linkedin.com\/showcase\/organisator-das-magazin-fr-kmu","https:\/\/www.xing.com\/news\/pages\/organisator-ch-695","https:\/\/www.youtube.com\/channel\/UCGP2Sq0iWaZwT3BdIAQFYpw"]},{"@type":"Person","@id":"https:\/\/www.organisator.ch\/#\/schema\/person\/6f650f90b2842cd4c0cc334b4e36f67e","name":"Tommaso.berner","image":{"@type":"ImageObject","inLanguage":"it-IT","@id":"https:\/\/secure.gravatar.com\/avatar\/ac5001d2a36cb6c6cd3e50789007ffca834b477b74a2144564522e944eabff61?s=96&d=mm&r=g","url":"https:\/\/secure.gravatar.com\/avatar\/ac5001d2a36cb6c6cd3e50789007ffca834b477b74a2144564522e944eabff61?s=96&d=mm&r=g","contentUrl":"https:\/\/secure.gravatar.com\/avatar\/ac5001d2a36cb6c6cd3e50789007ffca834b477b74a2144564522e944eabff61?s=96&d=mm&r=g","caption":"thomas.berner"},"url":"https:\/\/www.organisator.ch\/it\/author\/thomas-berner\/"}]}},"_links":{"self":[{"href":"https:\/\/www.organisator.ch\/it\/wp-json\/wp\/v2\/posts\/38760","targetHints":{"allow":["GET"]}}],"collection":[{"href":"https:\/\/www.organisator.ch\/it\/wp-json\/wp\/v2\/posts"}],"about":[{"href":"https:\/\/www.organisator.ch\/it\/wp-json\/wp\/v2\/types\/post"}],"author":[{"embeddable":true,"href":"https:\/\/www.organisator.ch\/it\/wp-json\/wp\/v2\/users\/4"}],"replies":[{"embeddable":true,"href":"https:\/\/www.organisator.ch\/it\/wp-json\/wp\/v2\/comments?post=38760"}],"version-history":[{"count":7,"href":"https:\/\/www.organisator.ch\/it\/wp-json\/wp\/v2\/posts\/38760\/revisions"}],"predecessor-version":[{"id":38819,"href":"https:\/\/www.organisator.ch\/it\/wp-json\/wp\/v2\/posts\/38760\/revisions\/38819"}],"wp:featuredmedia":[{"embeddable":true,"href":"https:\/\/www.organisator.ch\/it\/wp-json\/wp\/v2\/media\/38762"}],"wp:attachment":[{"href":"https:\/\/www.organisator.ch\/it\/wp-json\/wp\/v2\/media?parent=38760"}],"wp:term":[{"taxonomy":"category","embeddable":true,"href":"https:\/\/www.organisator.ch\/it\/wp-json\/wp\/v2\/categories?post=38760"},{"taxonomy":"post_tag","embeddable":true,"href":"https:\/\/www.organisator.ch\/it\/wp-json\/wp\/v2\/tags?post=38760"}],"curies":[{"name":"wp","href":"https:\/\/api.w.org\/{rel}","templated":true}]}}