{"id":38776,"date":"2025-06-11T08:15:11","date_gmt":"2025-06-11T06:15:11","guid":{"rendered":"https:\/\/www.organisator.ch\/?p=38776"},"modified":"2025-06-10T11:43:21","modified_gmt":"2025-06-10T09:43:21","slug":"germann-wiggli-ist-neuer-vr-praesident-der-bank-wir","status":"publish","type":"post","link":"https:\/\/www.organisator.ch\/it\/management\/2025-06-11\/germann-wiggli-ist-neuer-vr-praesident-der-bank-wir\/","title":{"rendered":"Germann Wiggli \u00e8 il nuovo presidente del Consiglio di amministrazione della Banca WIR"},"content":{"rendered":"<figure id=\"attachment_38777\" aria-describedby=\"caption-attachment-38777\" style=\"width: 680px\" class=\"wp-caption alignnone\"><img loading=\"lazy\" decoding=\"async\" class=\"size-full wp-image-38777\" src=\"https:\/\/www.organisator.ch\/wp-content\/uploads\/2025\/06\/Germann-Wiggli-ist-neuer-VR-Praesident-der-Bank-WIR_Organisator.jpg\" alt=\"\" width=\"680\" height=\"271\" srcset=\"https:\/\/www.organisator.ch\/wp-content\/uploads\/2025\/06\/Germann-Wiggli-ist-neuer-VR-Praesident-der-Bank-WIR_Organisator.jpg 680w, https:\/\/www.organisator.ch\/wp-content\/uploads\/2025\/06\/Germann-Wiggli-ist-neuer-VR-Praesident-der-Bank-WIR_Organisator-18x7.jpg 18w, https:\/\/www.organisator.ch\/wp-content\/uploads\/2025\/06\/Germann-Wiggli-ist-neuer-VR-Praesident-der-Bank-WIR_Organisator-375x149.jpg 375w\" sizes=\"auto, (max-width: 680px) 100vw, 680px\" \/><figcaption id=\"caption-attachment-38777\" class=\"wp-caption-text\">I nuovi membri del Consiglio di amministrazione di WIR Bank (da sinistra a destra): Germann Wiggli (Presidente del Consiglio di amministrazione), Yvonne Seiler Zimmermann, Daniel Hug. (Foto: zVg \/ Banca WIR)<\/figcaption><\/figure>\n<p>Come l'anno precedente, l'Assemblea generale annuale 2025 di Bank WIR si \u00e8 svolta sotto forma di scrutinio con voto elettronico. A febbraio, la banca cooperativa svizzera ha annunciato risultati record per l'esercizio 2024: un utile annuale di 17,5 milioni di franchi svizzeri, un'ulteriore crescita dei prestiti ipotecari e dei depositi dei clienti e un patrimonio totale di 6,6 miliardi di franchi svizzeri rendono l'anno un'altra pietra miliare nello sviluppo dell'azienda, secondo il comunicato.<\/p>\n<h3>Diventare la banca delle PMI<\/h3>\n<p>La Banca WIR si \u00e8 trasformata in una banca principale completa per le PMI svizzere e ora offre soluzioni nei settori dei conti\/carta (incluso TWINT), dei risparmi, delle pensioni, degli investimenti e dei finanziamenti. In particolare, sono in evidenza l'interessante \"conto di risparmio plus\" e il \"pacchetto top banking\" gratuito, con il quale la banca ha dichiarato guerra alle commissioni nascoste nel settore bancario - compresa una carta di debito senza commissioni. Inoltre, da dicembre VIAC Invest - un prodotto della societ\u00e0 fintech VIAC, che appartiene a Bank WIR - offre ai clienti un accesso semplice e conveniente ai risparmi in titoli gratuiti.<\/p>\n<p>Sulla base del risultato record dello scorso anno, l'Assemblea generale ha approvato la proposta del Consiglio di amministrazione (CdA) di aumentare il dividendo del 2,3%, portandolo a 11 franchi per azione. La distribuzione avverr\u00e0 nuovamente come dividendo opzionale (\"dividendo con reinvestimento\" o distribuzione in contanti) e corrisponde a un dividend yield in contanti di oltre il 2,2%. La distribuzione sui certificati di partecipazione detenuti come patrimonio privato rimane esente da imposte.<\/p>\n<h3><strong>Elezioni generali del Consiglio di amministrazione<\/strong><\/h3>\n<p>Marc Reimann si \u00e8 dimesso dal Consiglio di amministrazione per raggiunti limiti di durata. I soci della Cooperativa hanno eletto Germann Wiggli come nuovo Presidente. Wiggli \u00e8 membro del Consiglio di amministrazione dal 2019 e in precedenza ha ricoperto per molti anni una posizione dirigenziale presso la Banca WIR, tra cui quella di CEO dal 2006 al 2019. \"Attualmente la stabilit\u00e0 e la forza innovativa sono ugualmente richieste\", commenta Germann Wiggli. \"Bank WIR \u00e8 posizionata in modo eccellente per creare valore aggiunto a lungo termine per i suoi clienti, anche in un contesto difficile\".<\/p>\n<p>Daniel Hug e Yvonne Seiler Zimmermann sono stati recentemente eletti nel Consiglio di amministrazione. Daniel Hug (58) \u00e8 proprietario e amministratore delegato di una societ\u00e0 di consulenza patrimoniale indipendente con una societ\u00e0 fiduciaria affiliata a Zurigo e revisore contabile. Yvonne Seiler Zimmermann (49) \u00e8 docente di Finanza presso l'Istituto di Servizi Finanziari di Zug IFZ dell'Universit\u00e0 di Scienze Applicate e Arti di Lucerna. La rielezione degli attuali membri del Consiglio di amministrazione Christoph Lenz (dal 2021), Philipp Berger (dal 2022), Michael Benes e Chantal Lutz (entrambi dal 2023) \u00e8 stata indiscussa. Heinz Fuchs non \u00e8 stato disponibile per un ulteriore mandato a causa del suo previsto pensionamento.<\/p>\n<p><em>Fonte: <a href=\"http:\/\/www.wir.ch\">Banca WIR<\/a><\/em><\/p>","protected":false},"excerpt":{"rendered":"<p>Le elezioni del Consiglio di amministrazione sono state al centro dell'Assemblea generale annuale della Banca WIR di quest'anno, che si \u00e8 svolta sotto forma di scrutinio come nel 2024. Germann Wiggli \u00e8 stato eletto nuovo Presidente, succedendo a Marc Reimann. Due nuovi membri, Daniel Hug e Yvonne Seiler Zimmermann, sono stati eletti in questo organo. \u00c8 stato inoltre approvato un aumento del dividendo.<\/p>","protected":false},"author":4,"featured_media":38777,"comment_status":"closed","ping_status":"closed","sticky":false,"template":"","format":"standard","meta":{"_acf_changed":false,"_yoast_wpseo_focuskw":"Germann Wiggli","_yoast_wpseo_metadesc":"F\u00fcr die Bank WIR sitzen Yvonne Seiler Zimmermann und Daniel Hug neu im Verwaltungsrat. Germann Wiggli wird neuer VR-Pr\u00e4sident.","articlekey":"","footnotes":""},"categories":[28],"tags":[69,1264,492,2471],"class_list":["post-38776","post","type-post","status-publish","format-standard","has-post-thumbnail","hentry","category-management","tag-banken","tag-generalversammlung","tag-unternehmen","tag-verwaltungsrat"],"acf":[],"yoast_head":"<!-- This site is optimized with the Yoast SEO plugin v27.5 - https:\/\/yoast.com\/product\/yoast-seo-wordpress\/ -->\n<title>Germann Wiggli ist neuer VR-Pr\u00e4sident der Bank WIR - Organisator<\/title>\n<meta name=\"description\" content=\"F\u00fcr die Bank WIR sitzen Yvonne Seiler Zimmermann und Daniel Hug neu im Verwaltungsrat. Germann Wiggli wird neuer VR-Pr\u00e4sident.\" \/>\n<meta name=\"robots\" content=\"index, follow, max-snippet:-1, max-image-preview:large, max-video-preview:-1\" \/>\n<link rel=\"canonical\" href=\"https:\/\/www.organisator.ch\/it\/gestione-2\/2025-06-11\/germann-wiggli-ist-neuer-vr-praesident-der-bank-wir\/\" \/>\n<meta property=\"og:locale\" content=\"it_IT\" \/>\n<meta property=\"og:type\" content=\"article\" \/>\n<meta property=\"og:title\" content=\"Germann Wiggli ist neuer VR-Pr\u00e4sident der Bank WIR\" \/>\n<meta property=\"og:description\" content=\"F\u00fcr die Bank WIR sitzen Yvonne Seiler Zimmermann und Daniel Hug neu im Verwaltungsrat. Germann Wiggli wird neuer VR-Pr\u00e4sident.\" \/>\n<meta property=\"og:url\" content=\"https:\/\/www.organisator.ch\/it\/gestione-2\/2025-06-11\/germann-wiggli-ist-neuer-vr-praesident-der-bank-wir\/\" \/>\n<meta property=\"og:site_name\" content=\"Organisator\" \/>\n<meta property=\"article:publisher\" content=\"https:\/\/www.facebook.com\/OrganisatorFachmagazin\" \/>\n<meta property=\"article:published_time\" content=\"2025-06-11T06:15:11+00:00\" \/>\n<meta property=\"og:image\" content=\"https:\/\/www.organisator.ch\/wp-content\/uploads\/2025\/06\/Germann-Wiggli-ist-neuer-VR-Praesident-der-Bank-WIR_Organisator.jpg\" \/>\n\t<meta property=\"og:image:width\" content=\"680\" \/>\n\t<meta property=\"og:image:height\" content=\"271\" \/>\n\t<meta property=\"og:image:type\" content=\"image\/jpeg\" \/>\n<meta name=\"author\" content=\"thomas.berner\" \/>\n<meta name=\"twitter:card\" content=\"summary_large_image\" \/>\n<meta name=\"twitter:title\" content=\"Germann #Wiggli ist neuer VR-Pr\u00e4sident der Bank #WIR\" \/>\n<meta name=\"twitter:description\" content=\"F\u00fcr die Bank WIR sitzen Yvonne Seiler Zimmermann und Daniel Hug neu im Verwaltungsrat. Germann #Wiggli wird neuer #VR-Pr\u00e4sident.\" \/>\n<meta name=\"twitter:image\" content=\"https:\/\/www.organisator.ch\/wp-content\/uploads\/2025\/06\/Germann-Wiggli-ist-neuer-VR-Praesident-der-Bank-WIR_Organisator.jpg\" \/>\n<script type=\"application\/ld+json\" class=\"yoast-schema-graph\">{\"@context\":\"https:\\\/\\\/schema.org\",\"@graph\":[{\"@type\":\"Article\",\"@id\":\"https:\\\/\\\/www.organisator.ch\\\/management\\\/2025-06-11\\\/germann-wiggli-ist-neuer-vr-praesident-der-bank-wir\\\/#article\",\"isPartOf\":{\"@id\":\"https:\\\/\\\/www.organisator.ch\\\/management\\\/2025-06-11\\\/germann-wiggli-ist-neuer-vr-praesident-der-bank-wir\\\/\"},\"author\":{\"name\":\"thomas.berner\",\"@id\":\"https:\\\/\\\/www.organisator.ch\\\/#\\\/schema\\\/person\\\/6f650f90b2842cd4c0cc334b4e36f67e\"},\"headline\":\"Germann Wiggli ist neuer VR-Pr\u00e4sident der Bank WIR\",\"datePublished\":\"2025-06-11T06:15:11+00:00\",\"mainEntityOfPage\":{\"@id\":\"https:\\\/\\\/www.organisator.ch\\\/management\\\/2025-06-11\\\/germann-wiggli-ist-neuer-vr-praesident-der-bank-wir\\\/\"},\"wordCount\":451,\"publisher\":{\"@id\":\"https:\\\/\\\/www.organisator.ch\\\/#organization\"},\"image\":{\"@id\":\"https:\\\/\\\/www.organisator.ch\\\/management\\\/2025-06-11\\\/germann-wiggli-ist-neuer-vr-praesident-der-bank-wir\\\/#primaryimage\"},\"thumbnailUrl\":\"https:\\\/\\\/www.organisator.ch\\\/wp-content\\\/uploads\\\/2025\\\/06\\\/Germann-Wiggli-ist-neuer-VR-Praesident-der-Bank-WIR_Organisator.jpg\",\"keywords\":[\"Banken\",\"Generalversammlung\",\"Unternehmen\",\"Verwaltungsrat\"],\"articleSection\":[\"MANAGEMENT\"],\"inLanguage\":\"it-IT\"},{\"@type\":\"WebPage\",\"@id\":\"https:\\\/\\\/www.organisator.ch\\\/management\\\/2025-06-11\\\/germann-wiggli-ist-neuer-vr-praesident-der-bank-wir\\\/\",\"url\":\"https:\\\/\\\/www.organisator.ch\\\/management\\\/2025-06-11\\\/germann-wiggli-ist-neuer-vr-praesident-der-bank-wir\\\/\",\"name\":\"Germann Wiggli ist neuer VR-Pr\u00e4sident der Bank WIR - Organisator\",\"isPartOf\":{\"@id\":\"https:\\\/\\\/www.organisator.ch\\\/#website\"},\"primaryImageOfPage\":{\"@id\":\"https:\\\/\\\/www.organisator.ch\\\/management\\\/2025-06-11\\\/germann-wiggli-ist-neuer-vr-praesident-der-bank-wir\\\/#primaryimage\"},\"image\":{\"@id\":\"https:\\\/\\\/www.organisator.ch\\\/management\\\/2025-06-11\\\/germann-wiggli-ist-neuer-vr-praesident-der-bank-wir\\\/#primaryimage\"},\"thumbnailUrl\":\"https:\\\/\\\/www.organisator.ch\\\/wp-content\\\/uploads\\\/2025\\\/06\\\/Germann-Wiggli-ist-neuer-VR-Praesident-der-Bank-WIR_Organisator.jpg\",\"datePublished\":\"2025-06-11T06:15:11+00:00\",\"description\":\"F\u00fcr die Bank WIR sitzen Yvonne Seiler Zimmermann und Daniel Hug neu im Verwaltungsrat. Germann Wiggli wird neuer VR-Pr\u00e4sident.\",\"breadcrumb\":{\"@id\":\"https:\\\/\\\/www.organisator.ch\\\/management\\\/2025-06-11\\\/germann-wiggli-ist-neuer-vr-praesident-der-bank-wir\\\/#breadcrumb\"},\"inLanguage\":\"it-IT\",\"potentialAction\":[{\"@type\":\"ReadAction\",\"target\":[\"https:\\\/\\\/www.organisator.ch\\\/management\\\/2025-06-11\\\/germann-wiggli-ist-neuer-vr-praesident-der-bank-wir\\\/\"]}]},{\"@type\":\"ImageObject\",\"inLanguage\":\"it-IT\",\"@id\":\"https:\\\/\\\/www.organisator.ch\\\/management\\\/2025-06-11\\\/germann-wiggli-ist-neuer-vr-praesident-der-bank-wir\\\/#primaryimage\",\"url\":\"https:\\\/\\\/www.organisator.ch\\\/wp-content\\\/uploads\\\/2025\\\/06\\\/Germann-Wiggli-ist-neuer-VR-Praesident-der-Bank-WIR_Organisator.jpg\",\"contentUrl\":\"https:\\\/\\\/www.organisator.ch\\\/wp-content\\\/uploads\\\/2025\\\/06\\\/Germann-Wiggli-ist-neuer-VR-Praesident-der-Bank-WIR_Organisator.jpg\",\"width\":680,\"height\":271,\"caption\":\"Neu im Verwaltungsrat der WIR Bank (v.l.n.r.): Germann Wiggli (VR-Pr\u00e4sident), Yvonne Seiler Zimmermann, Michael Hug. (Bilder: zVg \\\/ Bank WIR)\"},{\"@type\":\"BreadcrumbList\",\"@id\":\"https:\\\/\\\/www.organisator.ch\\\/management\\\/2025-06-11\\\/germann-wiggli-ist-neuer-vr-praesident-der-bank-wir\\\/#breadcrumb\",\"itemListElement\":[{\"@type\":\"ListItem\",\"position\":1,\"name\":\"Home\",\"item\":\"https:\\\/\\\/www.organisator.ch\\\/\"},{\"@type\":\"ListItem\",\"position\":2,\"name\":\"Germann Wiggli ist neuer VR-Pr\u00e4sident der Bank WIR\"}]},{\"@type\":\"WebSite\",\"@id\":\"https:\\\/\\\/www.organisator.ch\\\/#website\",\"url\":\"https:\\\/\\\/www.organisator.ch\\\/\",\"name\":\"Organisator\",\"description\":\"Kompetent. Praxisnah. Der ORGANISATOR bereitet in 10 Ausgaben pro Jahr die wesentlichen Themen f\u00fcr F\u00fchrungskr\u00e4fte von KMU auf.\",\"publisher\":{\"@id\":\"https:\\\/\\\/www.organisator.ch\\\/#organization\"},\"potentialAction\":[{\"@type\":\"SearchAction\",\"target\":{\"@type\":\"EntryPoint\",\"urlTemplate\":\"https:\\\/\\\/www.organisator.ch\\\/?s={search_term_string}\"},\"query-input\":{\"@type\":\"PropertyValueSpecification\",\"valueRequired\":true,\"valueName\":\"search_term_string\"}}],\"inLanguage\":\"it-IT\"},{\"@type\":\"Organization\",\"@id\":\"https:\\\/\\\/www.organisator.ch\\\/#organization\",\"name\":\"Organisator\",\"url\":\"https:\\\/\\\/www.organisator.ch\\\/\",\"logo\":{\"@type\":\"ImageObject\",\"inLanguage\":\"it-IT\",\"@id\":\"https:\\\/\\\/www.organisator.ch\\\/#\\\/schema\\\/logo\\\/image\\\/\",\"url\":\"https:\\\/\\\/www.organisator.ch\\\/wp-content\\\/uploads\\\/2022\\\/01\\\/Logo_Organisator_Website.png\",\"contentUrl\":\"https:\\\/\\\/www.organisator.ch\\\/wp-content\\\/uploads\\\/2022\\\/01\\\/Logo_Organisator_Website.png\",\"width\":800,\"height\":77,\"caption\":\"Organisator\"},\"image\":{\"@id\":\"https:\\\/\\\/www.organisator.ch\\\/#\\\/schema\\\/logo\\\/image\\\/\"},\"sameAs\":[\"https:\\\/\\\/www.facebook.com\\\/OrganisatorFachmagazin\",\"https:\\\/\\\/www.linkedin.com\\\/showcase\\\/organisator-das-magazin-fr-kmu\",\"https:\\\/\\\/www.xing.com\\\/news\\\/pages\\\/organisator-ch-695\",\"https:\\\/\\\/www.youtube.com\\\/channel\\\/UCGP2Sq0iWaZwT3BdIAQFYpw\"]},{\"@type\":\"Person\",\"@id\":\"https:\\\/\\\/www.organisator.ch\\\/#\\\/schema\\\/person\\\/6f650f90b2842cd4c0cc334b4e36f67e\",\"name\":\"thomas.berner\",\"image\":{\"@type\":\"ImageObject\",\"inLanguage\":\"it-IT\",\"@id\":\"https:\\\/\\\/secure.gravatar.com\\\/avatar\\\/ac5001d2a36cb6c6cd3e50789007ffca834b477b74a2144564522e944eabff61?s=96&d=mm&r=g\",\"url\":\"https:\\\/\\\/secure.gravatar.com\\\/avatar\\\/ac5001d2a36cb6c6cd3e50789007ffca834b477b74a2144564522e944eabff61?s=96&d=mm&r=g\",\"contentUrl\":\"https:\\\/\\\/secure.gravatar.com\\\/avatar\\\/ac5001d2a36cb6c6cd3e50789007ffca834b477b74a2144564522e944eabff61?s=96&d=mm&r=g\",\"caption\":\"thomas.berner\"},\"url\":\"https:\\\/\\\/www.organisator.ch\\\/it\\\/author\\\/thomas-berner\\\/\"}]}<\/script>\n<!-- \/ Yoast SEO plugin. -->","yoast_head_json":{"title":"Germann Wiggli \u00e8 il nuovo presidente del Consiglio di amministrazione della Banca WIR - Organizzatore","description":"Yvonne Seiler Zimmermann e Daniel Hug sono i nuovi membri del Consiglio di amministrazione della Banca WIR. Germann Wiggli diventa il nuovo Presidente del Consiglio di Amministrazione.","robots":{"index":"index","follow":"follow","max-snippet":"max-snippet:-1","max-image-preview":"max-image-preview:large","max-video-preview":"max-video-preview:-1"},"canonical":"https:\/\/www.organisator.ch\/it\/gestione-2\/2025-06-11\/germann-wiggli-ist-neuer-vr-praesident-der-bank-wir\/","og_locale":"it_IT","og_type":"article","og_title":"Germann Wiggli ist neuer VR-Pr\u00e4sident der Bank WIR","og_description":"F\u00fcr die Bank WIR sitzen Yvonne Seiler Zimmermann und Daniel Hug neu im Verwaltungsrat. Germann Wiggli wird neuer VR-Pr\u00e4sident.","og_url":"https:\/\/www.organisator.ch\/it\/gestione-2\/2025-06-11\/germann-wiggli-ist-neuer-vr-praesident-der-bank-wir\/","og_site_name":"Organisator","article_publisher":"https:\/\/www.facebook.com\/OrganisatorFachmagazin","article_published_time":"2025-06-11T06:15:11+00:00","og_image":[{"width":680,"height":271,"url":"https:\/\/www.organisator.ch\/wp-content\/uploads\/2025\/06\/Germann-Wiggli-ist-neuer-VR-Praesident-der-Bank-WIR_Organisator.jpg","type":"image\/jpeg"}],"author":"thomas.berner","twitter_card":"summary_large_image","twitter_title":"Germann #Wiggli ist neuer VR-Pr\u00e4sident der Bank #WIR","twitter_description":"F\u00fcr die Bank WIR sitzen Yvonne Seiler Zimmermann und Daniel Hug neu im Verwaltungsrat. Germann #Wiggli wird neuer #VR-Pr\u00e4sident.","twitter_image":"https:\/\/www.organisator.ch\/wp-content\/uploads\/2025\/06\/Germann-Wiggli-ist-neuer-VR-Praesident-der-Bank-WIR_Organisator.jpg","schema":{"@context":"https:\/\/schema.org","@graph":[{"@type":"Article","@id":"https:\/\/www.organisator.ch\/management\/2025-06-11\/germann-wiggli-ist-neuer-vr-praesident-der-bank-wir\/#article","isPartOf":{"@id":"https:\/\/www.organisator.ch\/management\/2025-06-11\/germann-wiggli-ist-neuer-vr-praesident-der-bank-wir\/"},"author":{"name":"thomas.berner","@id":"https:\/\/www.organisator.ch\/#\/schema\/person\/6f650f90b2842cd4c0cc334b4e36f67e"},"headline":"Germann Wiggli ist neuer VR-Pr\u00e4sident der Bank WIR","datePublished":"2025-06-11T06:15:11+00:00","mainEntityOfPage":{"@id":"https:\/\/www.organisator.ch\/management\/2025-06-11\/germann-wiggli-ist-neuer-vr-praesident-der-bank-wir\/"},"wordCount":451,"publisher":{"@id":"https:\/\/www.organisator.ch\/#organization"},"image":{"@id":"https:\/\/www.organisator.ch\/management\/2025-06-11\/germann-wiggli-ist-neuer-vr-praesident-der-bank-wir\/#primaryimage"},"thumbnailUrl":"https:\/\/www.organisator.ch\/wp-content\/uploads\/2025\/06\/Germann-Wiggli-ist-neuer-VR-Praesident-der-Bank-WIR_Organisator.jpg","keywords":["Banken","Generalversammlung","Unternehmen","Verwaltungsrat"],"articleSection":["MANAGEMENT"],"inLanguage":"it-IT"},{"@type":"WebPage","@id":"https:\/\/www.organisator.ch\/management\/2025-06-11\/germann-wiggli-ist-neuer-vr-praesident-der-bank-wir\/","url":"https:\/\/www.organisator.ch\/management\/2025-06-11\/germann-wiggli-ist-neuer-vr-praesident-der-bank-wir\/","name":"Germann Wiggli \u00e8 il nuovo presidente del Consiglio di amministrazione della Banca WIR - Organizzatore","isPartOf":{"@id":"https:\/\/www.organisator.ch\/#website"},"primaryImageOfPage":{"@id":"https:\/\/www.organisator.ch\/management\/2025-06-11\/germann-wiggli-ist-neuer-vr-praesident-der-bank-wir\/#primaryimage"},"image":{"@id":"https:\/\/www.organisator.ch\/management\/2025-06-11\/germann-wiggli-ist-neuer-vr-praesident-der-bank-wir\/#primaryimage"},"thumbnailUrl":"https:\/\/www.organisator.ch\/wp-content\/uploads\/2025\/06\/Germann-Wiggli-ist-neuer-VR-Praesident-der-Bank-WIR_Organisator.jpg","datePublished":"2025-06-11T06:15:11+00:00","description":"Yvonne Seiler Zimmermann e Daniel Hug sono i nuovi membri del Consiglio di amministrazione della Banca WIR. Germann Wiggli diventa il nuovo Presidente del Consiglio di Amministrazione.","breadcrumb":{"@id":"https:\/\/www.organisator.ch\/management\/2025-06-11\/germann-wiggli-ist-neuer-vr-praesident-der-bank-wir\/#breadcrumb"},"inLanguage":"it-IT","potentialAction":[{"@type":"ReadAction","target":["https:\/\/www.organisator.ch\/management\/2025-06-11\/germann-wiggli-ist-neuer-vr-praesident-der-bank-wir\/"]}]},{"@type":"ImageObject","inLanguage":"it-IT","@id":"https:\/\/www.organisator.ch\/management\/2025-06-11\/germann-wiggli-ist-neuer-vr-praesident-der-bank-wir\/#primaryimage","url":"https:\/\/www.organisator.ch\/wp-content\/uploads\/2025\/06\/Germann-Wiggli-ist-neuer-VR-Praesident-der-Bank-WIR_Organisator.jpg","contentUrl":"https:\/\/www.organisator.ch\/wp-content\/uploads\/2025\/06\/Germann-Wiggli-ist-neuer-VR-Praesident-der-Bank-WIR_Organisator.jpg","width":680,"height":271,"caption":"Neu im Verwaltungsrat der WIR Bank (v.l.n.r.): Germann Wiggli (VR-Pr\u00e4sident), Yvonne Seiler Zimmermann, Michael Hug. (Bilder: zVg \/ Bank WIR)"},{"@type":"BreadcrumbList","@id":"https:\/\/www.organisator.ch\/management\/2025-06-11\/germann-wiggli-ist-neuer-vr-praesident-der-bank-wir\/#breadcrumb","itemListElement":[{"@type":"ListItem","position":1,"name":"Home","item":"https:\/\/www.organisator.ch\/"},{"@type":"ListItem","position":2,"name":"Germann Wiggli ist neuer VR-Pr\u00e4sident der Bank WIR"}]},{"@type":"WebSite","@id":"https:\/\/www.organisator.ch\/#website","url":"https:\/\/www.organisator.ch\/","name":"Organizzatore","description":"Competente. Pratico. In 10 numeri all'anno, ORGANISATOR presenta i temi essenziali per i manager delle PMI.","publisher":{"@id":"https:\/\/www.organisator.ch\/#organization"},"potentialAction":[{"@type":"SearchAction","target":{"@type":"EntryPoint","urlTemplate":"https:\/\/www.organisator.ch\/?s={search_term_string}"},"query-input":{"@type":"PropertyValueSpecification","valueRequired":true,"valueName":"search_term_string"}}],"inLanguage":"it-IT"},{"@type":"Organization","@id":"https:\/\/www.organisator.ch\/#organization","name":"Organizzatore","url":"https:\/\/www.organisator.ch\/","logo":{"@type":"ImageObject","inLanguage":"it-IT","@id":"https:\/\/www.organisator.ch\/#\/schema\/logo\/image\/","url":"https:\/\/www.organisator.ch\/wp-content\/uploads\/2022\/01\/Logo_Organisator_Website.png","contentUrl":"https:\/\/www.organisator.ch\/wp-content\/uploads\/2022\/01\/Logo_Organisator_Website.png","width":800,"height":77,"caption":"Organisator"},"image":{"@id":"https:\/\/www.organisator.ch\/#\/schema\/logo\/image\/"},"sameAs":["https:\/\/www.facebook.com\/OrganisatorFachmagazin","https:\/\/www.linkedin.com\/showcase\/organisator-das-magazin-fr-kmu","https:\/\/www.xing.com\/news\/pages\/organisator-ch-695","https:\/\/www.youtube.com\/channel\/UCGP2Sq0iWaZwT3BdIAQFYpw"]},{"@type":"Person","@id":"https:\/\/www.organisator.ch\/#\/schema\/person\/6f650f90b2842cd4c0cc334b4e36f67e","name":"Tommaso.berner","image":{"@type":"ImageObject","inLanguage":"it-IT","@id":"https:\/\/secure.gravatar.com\/avatar\/ac5001d2a36cb6c6cd3e50789007ffca834b477b74a2144564522e944eabff61?s=96&d=mm&r=g","url":"https:\/\/secure.gravatar.com\/avatar\/ac5001d2a36cb6c6cd3e50789007ffca834b477b74a2144564522e944eabff61?s=96&d=mm&r=g","contentUrl":"https:\/\/secure.gravatar.com\/avatar\/ac5001d2a36cb6c6cd3e50789007ffca834b477b74a2144564522e944eabff61?s=96&d=mm&r=g","caption":"thomas.berner"},"url":"https:\/\/www.organisator.ch\/it\/author\/thomas-berner\/"}]}},"_links":{"self":[{"href":"https:\/\/www.organisator.ch\/it\/wp-json\/wp\/v2\/posts\/38776","targetHints":{"allow":["GET"]}}],"collection":[{"href":"https:\/\/www.organisator.ch\/it\/wp-json\/wp\/v2\/posts"}],"about":[{"href":"https:\/\/www.organisator.ch\/it\/wp-json\/wp\/v2\/types\/post"}],"author":[{"embeddable":true,"href":"https:\/\/www.organisator.ch\/it\/wp-json\/wp\/v2\/users\/4"}],"replies":[{"embeddable":true,"href":"https:\/\/www.organisator.ch\/it\/wp-json\/wp\/v2\/comments?post=38776"}],"version-history":[{"count":3,"href":"https:\/\/www.organisator.ch\/it\/wp-json\/wp\/v2\/posts\/38776\/revisions"}],"predecessor-version":[{"id":38827,"href":"https:\/\/www.organisator.ch\/it\/wp-json\/wp\/v2\/posts\/38776\/revisions\/38827"}],"wp:featuredmedia":[{"embeddable":true,"href":"https:\/\/www.organisator.ch\/it\/wp-json\/wp\/v2\/media\/38777"}],"wp:attachment":[{"href":"https:\/\/www.organisator.ch\/it\/wp-json\/wp\/v2\/media?parent=38776"}],"wp:term":[{"taxonomy":"category","embeddable":true,"href":"https:\/\/www.organisator.ch\/it\/wp-json\/wp\/v2\/categories?post=38776"},{"taxonomy":"post_tag","embeddable":true,"href":"https:\/\/www.organisator.ch\/it\/wp-json\/wp\/v2\/tags?post=38776"}],"curies":[{"name":"wp","href":"https:\/\/api.w.org\/{rel}","templated":true}]}}