{"id":38780,"date":"2025-06-11T09:47:08","date_gmt":"2025-06-11T07:47:08","guid":{"rendered":"https:\/\/www.m-q.ch\/?p=21581"},"modified":"2025-06-11T09:44:57","modified_gmt":"2025-06-11T07:44:57","slug":"neue-leitung-fuer-den-bereich-certifications-im-swiss-safety-center","status":"publish","type":"post","link":"https:\/\/www.organisator.ch\/it\/operational-excellence\/2025-06-11\/neue-leitung-fuer-den-bereich-certifications-im-swiss-safety-center\/","title":{"rendered":"Nuovo responsabile delle certificazioni del Centro Svizzero di Sicurezza"},"content":{"rendered":"<figure id=\"attachment_21582\" class=\"wp-caption alignnone\" style=\"width: 680px;\" aria-describedby=\"caption-attachment-21582\"><img class=\"size-full wp-image-21582\" src=\"https:\/\/www.m-q.ch\/wp-content\/uploads\/2025\/06\/Neue-Leitung-fuer-den-Bereich-Certifications-im-Swiss-Safety-Center_MQ.jpg\" sizes=\"(max-width: 680px) 100vw, 680px\" srcset=\"https:\/\/www.m-q.ch\/wp-content\/uploads\/2025\/06\/Neue-Leitung-fuer-den-Bereich-Certifications-im-Swiss-Safety-Center_MQ.jpg 680w, https:\/\/www.m-q.ch\/wp-content\/uploads\/2025\/06\/Neue-Leitung-fuer-den-Bereich-Certifications-im-Swiss-Safety-Center_MQ-15x12.jpg 15w, https:\/\/www.m-q.ch\/wp-content\/uploads\/2025\/06\/Neue-Leitung-fuer-den-Bereich-Certifications-im-Swiss-Safety-Center_MQ-375x295.jpg 375w, https:\/\/www.m-q.ch\/wp-content\/uploads\/2025\/06\/Neue-Leitung-fuer-den-Bereich-Certifications-im-Swiss-Safety-Center_MQ-445x350.jpg 445w\" alt=\"\" width=\"680\" height=\"535\" \/>\r\n<figcaption id=\"caption-attachment-21582\" class=\"wp-caption-text\">Sar\u00e0 il nuovo responsabile delle certificazioni del Centro svizzero di sicurezza: Michael Gr\u00fcnenfelder. (Immagine: zVg \/ Centro svizzero di sicurezza)<\/figcaption>\r\n<\/figure>\r\n<p>C'\u00e8 un passaggio di consegne nella divisione Certificazioni del Centro Svizzero di Sicurezza: Heinrich A. Bieler va in pensione. Le sue responsabilit\u00e0 saranno assunte da Michael Gr\u00fcnenfelder, Dr oec. HSG. Michael Gr\u00fcnenfelder, leader esperto nel settore dei servizi professionali, ha diretto dipartimenti nazionali e internazionali come manager di linea e ha una vasta esperienza nella gestione di grandi progetti e team di progetto per progetti infrastrutturali (centrali termiche ed energie rinnovabili). Ha inoltre una vasta esperienza nei rapporti con le autorit\u00e0 e nella conformit\u00e0, evitando conflitti di interesse e garantendo l'imparzialit\u00e0. La sua esperienza pratica nel campo della certificazione comprende numerosi casi d'uso per l'ottimizzazione dei processi e lo sviluppo di sistemi di gestione in conformit\u00e0 a vari standard.<\/p>\r\n<p>La dott.ssa Elisabetta Carrea, CEO di Swiss Safety Center AG, vede nella nomina di Michael Gr\u00fcnenfelder a nuovo responsabile dell'ente di certificazione un'opportunit\u00e0 per consolidare la posizione dell'azienda come fornitore di certificazioni rinomato e leader in Svizzera. Allo stesso tempo, il Centro Svizzero per la Sicurezza intende proseguire sulla strada del successo per un'ulteriore crescita in questo settore. Swiss Safety Center AG \u00e8 una societ\u00e0 del Gruppo SVTI e fa quindi parte del centro di competenza per la sicurezza tecnica e la gestione del rischio. L'azienda offre soluzioni per tutti i settori industriali con servizi, prodotti e qualifiche specifiche nei settori della sicurezza e della qualit\u00e0.\u00a0<\/p>\r\n<p><em>Fonte e ulteriori informazioni: <a href=\"http:\/\/www.safetycenter.ch\/\">Centro di sicurezza svizzero<\/a><\/em><\/p>\n<p class=\"syndicated-attribution\">Questo articolo \u00e8 apparso originariamente su m-q.ch - <a href=\"https:\/\/www.m-q.ch\/de\/neue-leitung-fuer-den-bereich-certifications-im-swiss-safety-center\/\" target=\"_blank\">https:\/\/www.m-q.ch\/de\/neue-leitung-fuer-den-bereich-certifications-im-swiss-safety-center\/<\/a><\/p>","protected":false},"excerpt":{"rendered":"<p>Dopo oltre 20 anni di attivit\u00e0 come responsabile delle certificazioni del Centro Svizzero di Sicurezza, Heinrich A. Bieler andr\u00e0 in meritato riposo nel giugno 2025. Egli cede al suo successore il lavoro di una vita, il centro di certificazione che ha costruito fino a diventare un attore rinomato nel mercato svizzero della certificazione.<\/p>","protected":false},"author":8,"featured_media":0,"comment_status":"closed","ping_status":"closed","sticky":false,"template":"","format":"standard","meta":{"_acf_changed":false,"_yoast_wpseo_focuskw":"Certifications","_yoast_wpseo_metadesc":"Dr. Michael Gr\u00fcnenfelder wird neuer Leiter Certifications im Swiss Safety Center. Er tritt die Nachfolge von Heinrich A. Bieler an.","articlekey":"","footnotes":""},"categories":[582],"tags":[381,605,418,492,540],"class_list":["post-38780","post","type-post","status-publish","format-standard","hentry","category-operational-excellence","tag-personalia","tag-qualitaetsmanagement","tag-risikomanagement","tag-unternehmen","tag-zertifizierungs-pruefstellen"],"acf":[],"yoast_head":"<!-- This site is optimized with the Yoast SEO plugin v27.5 - https:\/\/yoast.com\/product\/yoast-seo-wordpress\/ -->\n<title>Neue Leitung f\u00fcr den Bereich Certifications im Swiss Safety Center - Organisator<\/title>\n<meta name=\"description\" content=\"Dr. Michael Gr\u00fcnenfelder wird neuer Leiter Certifications im Swiss Safety Center. Er tritt die Nachfolge von Heinrich A. Bieler an.\" \/>\n<meta name=\"robots\" content=\"index, follow, max-snippet:-1, max-image-preview:large, max-video-preview:-1\" \/>\n<link rel=\"canonical\" href=\"https:\/\/www.organisator.ch\/it\/eccellenza-operativa\/2025-06-11\/neue-leitung-fuer-den-bereich-certifications-im-swiss-safety-center\/\" \/>\n<meta property=\"og:locale\" content=\"it_IT\" \/>\n<meta property=\"og:type\" content=\"article\" \/>\n<meta property=\"og:title\" content=\"Neue Leitung f\u00fcr den Bereich Certifications im Swiss Safety Center - Organisator\" \/>\n<meta property=\"og:description\" content=\"Dr. Michael Gr\u00fcnenfelder wird neuer Leiter Certifications im Swiss Safety Center. Er tritt die Nachfolge von Heinrich A. Bieler an.\" \/>\n<meta property=\"og:url\" content=\"https:\/\/www.organisator.ch\/it\/eccellenza-operativa\/2025-06-11\/neue-leitung-fuer-den-bereich-certifications-im-swiss-safety-center\/\" \/>\n<meta property=\"og:site_name\" content=\"Organisator\" \/>\n<meta property=\"article:publisher\" content=\"https:\/\/www.facebook.com\/OrganisatorFachmagazin\" \/>\n<meta property=\"article:published_time\" content=\"2025-06-11T07:47:08+00:00\" \/>\n<meta name=\"author\" content=\"galledia\" \/>\n<meta name=\"twitter:card\" content=\"summary_large_image\" \/>\n<meta name=\"twitter:creator\" content=\"@admin\" \/>\n<script type=\"application\/ld+json\" class=\"yoast-schema-graph\">{\"@context\":\"https:\\\/\\\/schema.org\",\"@graph\":[{\"@type\":\"Article\",\"@id\":\"https:\\\/\\\/www.organisator.ch\\\/operational-excellence\\\/2025-06-11\\\/neue-leitung-fuer-den-bereich-certifications-im-swiss-safety-center\\\/#article\",\"isPartOf\":{\"@id\":\"https:\\\/\\\/www.organisator.ch\\\/operational-excellence\\\/2025-06-11\\\/neue-leitung-fuer-den-bereich-certifications-im-swiss-safety-center\\\/\"},\"author\":{\"name\":\"galledia\",\"@id\":\"https:\\\/\\\/www.organisator.ch\\\/#\\\/schema\\\/person\\\/4e51799071cd2dd1232ac003643ef5f0\"},\"headline\":\"Neue Leitung f\u00fcr den Bereich Certifications im Swiss Safety Center\",\"datePublished\":\"2025-06-11T07:47:08+00:00\",\"mainEntityOfPage\":{\"@id\":\"https:\\\/\\\/www.organisator.ch\\\/operational-excellence\\\/2025-06-11\\\/neue-leitung-fuer-den-bereich-certifications-im-swiss-safety-center\\\/\"},\"wordCount\":251,\"publisher\":{\"@id\":\"https:\\\/\\\/www.organisator.ch\\\/#organization\"},\"image\":{\"@id\":\"https:\\\/\\\/www.organisator.ch\\\/operational-excellence\\\/2025-06-11\\\/neue-leitung-fuer-den-bereich-certifications-im-swiss-safety-center\\\/#primaryimage\"},\"thumbnailUrl\":\"https:\\\/\\\/www.m-q.ch\\\/wp-content\\\/uploads\\\/2025\\\/06\\\/Neue-Leitung-fuer-den-Bereich-Certifications-im-Swiss-Safety-Center_MQ.jpg\",\"keywords\":[\"Personalia\",\"Qualit\u00e4tsmanagement\",\"Risikomanagement\",\"Unternehmen\",\"Zertifizierungs-\\\/Pr\u00fcfstellen\"],\"articleSection\":[\"OPERATIONAL EXCELLENCE\"],\"inLanguage\":\"it-IT\"},{\"@type\":\"WebPage\",\"@id\":\"https:\\\/\\\/www.organisator.ch\\\/operational-excellence\\\/2025-06-11\\\/neue-leitung-fuer-den-bereich-certifications-im-swiss-safety-center\\\/\",\"url\":\"https:\\\/\\\/www.organisator.ch\\\/operational-excellence\\\/2025-06-11\\\/neue-leitung-fuer-den-bereich-certifications-im-swiss-safety-center\\\/\",\"name\":\"Neue Leitung f\u00fcr den Bereich Certifications im Swiss Safety Center - Organisator\",\"isPartOf\":{\"@id\":\"https:\\\/\\\/www.organisator.ch\\\/#website\"},\"primaryImageOfPage\":{\"@id\":\"https:\\\/\\\/www.organisator.ch\\\/operational-excellence\\\/2025-06-11\\\/neue-leitung-fuer-den-bereich-certifications-im-swiss-safety-center\\\/#primaryimage\"},\"image\":{\"@id\":\"https:\\\/\\\/www.organisator.ch\\\/operational-excellence\\\/2025-06-11\\\/neue-leitung-fuer-den-bereich-certifications-im-swiss-safety-center\\\/#primaryimage\"},\"thumbnailUrl\":\"https:\\\/\\\/www.m-q.ch\\\/wp-content\\\/uploads\\\/2025\\\/06\\\/Neue-Leitung-fuer-den-Bereich-Certifications-im-Swiss-Safety-Center_MQ.jpg\",\"datePublished\":\"2025-06-11T07:47:08+00:00\",\"description\":\"Dr. Michael Gr\u00fcnenfelder wird neuer Leiter Certifications im Swiss Safety Center. Er tritt die Nachfolge von Heinrich A. Bieler an.\",\"breadcrumb\":{\"@id\":\"https:\\\/\\\/www.organisator.ch\\\/operational-excellence\\\/2025-06-11\\\/neue-leitung-fuer-den-bereich-certifications-im-swiss-safety-center\\\/#breadcrumb\"},\"inLanguage\":\"it-IT\",\"potentialAction\":[{\"@type\":\"ReadAction\",\"target\":[\"https:\\\/\\\/www.organisator.ch\\\/operational-excellence\\\/2025-06-11\\\/neue-leitung-fuer-den-bereich-certifications-im-swiss-safety-center\\\/\"]}]},{\"@type\":\"ImageObject\",\"inLanguage\":\"it-IT\",\"@id\":\"https:\\\/\\\/www.organisator.ch\\\/operational-excellence\\\/2025-06-11\\\/neue-leitung-fuer-den-bereich-certifications-im-swiss-safety-center\\\/#primaryimage\",\"url\":\"https:\\\/\\\/www.m-q.ch\\\/wp-content\\\/uploads\\\/2025\\\/06\\\/Neue-Leitung-fuer-den-Bereich-Certifications-im-Swiss-Safety-Center_MQ.jpg\",\"contentUrl\":\"https:\\\/\\\/www.m-q.ch\\\/wp-content\\\/uploads\\\/2025\\\/06\\\/Neue-Leitung-fuer-den-Bereich-Certifications-im-Swiss-Safety-Center_MQ.jpg\"},{\"@type\":\"BreadcrumbList\",\"@id\":\"https:\\\/\\\/www.organisator.ch\\\/operational-excellence\\\/2025-06-11\\\/neue-leitung-fuer-den-bereich-certifications-im-swiss-safety-center\\\/#breadcrumb\",\"itemListElement\":[{\"@type\":\"ListItem\",\"position\":1,\"name\":\"Home\",\"item\":\"https:\\\/\\\/www.organisator.ch\\\/\"},{\"@type\":\"ListItem\",\"position\":2,\"name\":\"Neue Leitung f\u00fcr den Bereich Certifications im Swiss Safety Center\"}]},{\"@type\":\"WebSite\",\"@id\":\"https:\\\/\\\/www.organisator.ch\\\/#website\",\"url\":\"https:\\\/\\\/www.organisator.ch\\\/\",\"name\":\"Organisator\",\"description\":\"Kompetent. Praxisnah. Der ORGANISATOR bereitet in 10 Ausgaben pro Jahr die wesentlichen Themen f\u00fcr F\u00fchrungskr\u00e4fte von KMU auf.\",\"publisher\":{\"@id\":\"https:\\\/\\\/www.organisator.ch\\\/#organization\"},\"potentialAction\":[{\"@type\":\"SearchAction\",\"target\":{\"@type\":\"EntryPoint\",\"urlTemplate\":\"https:\\\/\\\/www.organisator.ch\\\/?s={search_term_string}\"},\"query-input\":{\"@type\":\"PropertyValueSpecification\",\"valueRequired\":true,\"valueName\":\"search_term_string\"}}],\"inLanguage\":\"it-IT\"},{\"@type\":\"Organization\",\"@id\":\"https:\\\/\\\/www.organisator.ch\\\/#organization\",\"name\":\"Organisator\",\"url\":\"https:\\\/\\\/www.organisator.ch\\\/\",\"logo\":{\"@type\":\"ImageObject\",\"inLanguage\":\"it-IT\",\"@id\":\"https:\\\/\\\/www.organisator.ch\\\/#\\\/schema\\\/logo\\\/image\\\/\",\"url\":\"https:\\\/\\\/www.organisator.ch\\\/wp-content\\\/uploads\\\/2022\\\/01\\\/Logo_Organisator_Website.png\",\"contentUrl\":\"https:\\\/\\\/www.organisator.ch\\\/wp-content\\\/uploads\\\/2022\\\/01\\\/Logo_Organisator_Website.png\",\"width\":800,\"height\":77,\"caption\":\"Organisator\"},\"image\":{\"@id\":\"https:\\\/\\\/www.organisator.ch\\\/#\\\/schema\\\/logo\\\/image\\\/\"},\"sameAs\":[\"https:\\\/\\\/www.facebook.com\\\/OrganisatorFachmagazin\",\"https:\\\/\\\/www.linkedin.com\\\/showcase\\\/organisator-das-magazin-fr-kmu\",\"https:\\\/\\\/www.xing.com\\\/news\\\/pages\\\/organisator-ch-695\",\"https:\\\/\\\/www.youtube.com\\\/channel\\\/UCGP2Sq0iWaZwT3BdIAQFYpw\"]},{\"@type\":\"Person\",\"@id\":\"https:\\\/\\\/www.organisator.ch\\\/#\\\/schema\\\/person\\\/4e51799071cd2dd1232ac003643ef5f0\",\"name\":\"galledia\",\"image\":{\"@type\":\"ImageObject\",\"inLanguage\":\"it-IT\",\"@id\":\"https:\\\/\\\/secure.gravatar.com\\\/avatar\\\/78a7f90c01fc2bfc875782a0d4922b37cde2cf184ce347b91316d23cd7f69a36?s=96&d=mm&r=g\",\"url\":\"https:\\\/\\\/secure.gravatar.com\\\/avatar\\\/78a7f90c01fc2bfc875782a0d4922b37cde2cf184ce347b91316d23cd7f69a36?s=96&d=mm&r=g\",\"contentUrl\":\"https:\\\/\\\/secure.gravatar.com\\\/avatar\\\/78a7f90c01fc2bfc875782a0d4922b37cde2cf184ce347b91316d23cd7f69a36?s=96&d=mm&r=g\",\"caption\":\"galledia\"},\"sameAs\":[\"https:\\\/\\\/x.com\\\/admin\"],\"url\":\"https:\\\/\\\/www.organisator.ch\\\/it\\\/author\\\/galledia\\\/\"}]}<\/script>\n<!-- \/ Yoast SEO plugin. -->","yoast_head_json":{"title":"Nuovo responsabile delle certificazioni presso il Centro svizzero per la sicurezza - Organizzatore","description":"Il dottor Michael Gr\u00fcnenfelder \u00e8 il nuovo responsabile delle certificazioni del Centro svizzero per la sicurezza. Succede a Heinrich A. Bieler.","robots":{"index":"index","follow":"follow","max-snippet":"max-snippet:-1","max-image-preview":"max-image-preview:large","max-video-preview":"max-video-preview:-1"},"canonical":"https:\/\/www.organisator.ch\/it\/eccellenza-operativa\/2025-06-11\/neue-leitung-fuer-den-bereich-certifications-im-swiss-safety-center\/","og_locale":"it_IT","og_type":"article","og_title":"Neue Leitung f\u00fcr den Bereich Certifications im Swiss Safety Center - Organisator","og_description":"Dr. Michael Gr\u00fcnenfelder wird neuer Leiter Certifications im Swiss Safety Center. Er tritt die Nachfolge von Heinrich A. Bieler an.","og_url":"https:\/\/www.organisator.ch\/it\/eccellenza-operativa\/2025-06-11\/neue-leitung-fuer-den-bereich-certifications-im-swiss-safety-center\/","og_site_name":"Organisator","article_publisher":"https:\/\/www.facebook.com\/OrganisatorFachmagazin","article_published_time":"2025-06-11T07:47:08+00:00","author":"galledia","twitter_card":"summary_large_image","twitter_creator":"@admin","schema":{"@context":"https:\/\/schema.org","@graph":[{"@type":"Article","@id":"https:\/\/www.organisator.ch\/operational-excellence\/2025-06-11\/neue-leitung-fuer-den-bereich-certifications-im-swiss-safety-center\/#article","isPartOf":{"@id":"https:\/\/www.organisator.ch\/operational-excellence\/2025-06-11\/neue-leitung-fuer-den-bereich-certifications-im-swiss-safety-center\/"},"author":{"name":"galledia","@id":"https:\/\/www.organisator.ch\/#\/schema\/person\/4e51799071cd2dd1232ac003643ef5f0"},"headline":"Neue Leitung f\u00fcr den Bereich Certifications im Swiss Safety Center","datePublished":"2025-06-11T07:47:08+00:00","mainEntityOfPage":{"@id":"https:\/\/www.organisator.ch\/operational-excellence\/2025-06-11\/neue-leitung-fuer-den-bereich-certifications-im-swiss-safety-center\/"},"wordCount":251,"publisher":{"@id":"https:\/\/www.organisator.ch\/#organization"},"image":{"@id":"https:\/\/www.organisator.ch\/operational-excellence\/2025-06-11\/neue-leitung-fuer-den-bereich-certifications-im-swiss-safety-center\/#primaryimage"},"thumbnailUrl":"https:\/\/www.m-q.ch\/wp-content\/uploads\/2025\/06\/Neue-Leitung-fuer-den-Bereich-Certifications-im-Swiss-Safety-Center_MQ.jpg","keywords":["Personalia","Qualit\u00e4tsmanagement","Risikomanagement","Unternehmen","Zertifizierungs-\/Pr\u00fcfstellen"],"articleSection":["OPERATIONAL EXCELLENCE"],"inLanguage":"it-IT"},{"@type":"WebPage","@id":"https:\/\/www.organisator.ch\/operational-excellence\/2025-06-11\/neue-leitung-fuer-den-bereich-certifications-im-swiss-safety-center\/","url":"https:\/\/www.organisator.ch\/operational-excellence\/2025-06-11\/neue-leitung-fuer-den-bereich-certifications-im-swiss-safety-center\/","name":"Nuovo responsabile delle certificazioni presso il Centro svizzero per la sicurezza - Organizzatore","isPartOf":{"@id":"https:\/\/www.organisator.ch\/#website"},"primaryImageOfPage":{"@id":"https:\/\/www.organisator.ch\/operational-excellence\/2025-06-11\/neue-leitung-fuer-den-bereich-certifications-im-swiss-safety-center\/#primaryimage"},"image":{"@id":"https:\/\/www.organisator.ch\/operational-excellence\/2025-06-11\/neue-leitung-fuer-den-bereich-certifications-im-swiss-safety-center\/#primaryimage"},"thumbnailUrl":"https:\/\/www.m-q.ch\/wp-content\/uploads\/2025\/06\/Neue-Leitung-fuer-den-Bereich-Certifications-im-Swiss-Safety-Center_MQ.jpg","datePublished":"2025-06-11T07:47:08+00:00","description":"Il dottor Michael Gr\u00fcnenfelder \u00e8 il nuovo responsabile delle certificazioni del Centro svizzero per la sicurezza. Succede a Heinrich A. Bieler.","breadcrumb":{"@id":"https:\/\/www.organisator.ch\/operational-excellence\/2025-06-11\/neue-leitung-fuer-den-bereich-certifications-im-swiss-safety-center\/#breadcrumb"},"inLanguage":"it-IT","potentialAction":[{"@type":"ReadAction","target":["https:\/\/www.organisator.ch\/operational-excellence\/2025-06-11\/neue-leitung-fuer-den-bereich-certifications-im-swiss-safety-center\/"]}]},{"@type":"ImageObject","inLanguage":"it-IT","@id":"https:\/\/www.organisator.ch\/operational-excellence\/2025-06-11\/neue-leitung-fuer-den-bereich-certifications-im-swiss-safety-center\/#primaryimage","url":"https:\/\/www.m-q.ch\/wp-content\/uploads\/2025\/06\/Neue-Leitung-fuer-den-Bereich-Certifications-im-Swiss-Safety-Center_MQ.jpg","contentUrl":"https:\/\/www.m-q.ch\/wp-content\/uploads\/2025\/06\/Neue-Leitung-fuer-den-Bereich-Certifications-im-Swiss-Safety-Center_MQ.jpg"},{"@type":"BreadcrumbList","@id":"https:\/\/www.organisator.ch\/operational-excellence\/2025-06-11\/neue-leitung-fuer-den-bereich-certifications-im-swiss-safety-center\/#breadcrumb","itemListElement":[{"@type":"ListItem","position":1,"name":"Home","item":"https:\/\/www.organisator.ch\/"},{"@type":"ListItem","position":2,"name":"Neue Leitung f\u00fcr den Bereich Certifications im Swiss Safety Center"}]},{"@type":"WebSite","@id":"https:\/\/www.organisator.ch\/#website","url":"https:\/\/www.organisator.ch\/","name":"Organizzatore","description":"Competente. Pratico. In 10 numeri all'anno, ORGANISATOR presenta i temi essenziali per i manager delle PMI.","publisher":{"@id":"https:\/\/www.organisator.ch\/#organization"},"potentialAction":[{"@type":"SearchAction","target":{"@type":"EntryPoint","urlTemplate":"https:\/\/www.organisator.ch\/?s={search_term_string}"},"query-input":{"@type":"PropertyValueSpecification","valueRequired":true,"valueName":"search_term_string"}}],"inLanguage":"it-IT"},{"@type":"Organization","@id":"https:\/\/www.organisator.ch\/#organization","name":"Organizzatore","url":"https:\/\/www.organisator.ch\/","logo":{"@type":"ImageObject","inLanguage":"it-IT","@id":"https:\/\/www.organisator.ch\/#\/schema\/logo\/image\/","url":"https:\/\/www.organisator.ch\/wp-content\/uploads\/2022\/01\/Logo_Organisator_Website.png","contentUrl":"https:\/\/www.organisator.ch\/wp-content\/uploads\/2022\/01\/Logo_Organisator_Website.png","width":800,"height":77,"caption":"Organisator"},"image":{"@id":"https:\/\/www.organisator.ch\/#\/schema\/logo\/image\/"},"sameAs":["https:\/\/www.facebook.com\/OrganisatorFachmagazin","https:\/\/www.linkedin.com\/showcase\/organisator-das-magazin-fr-kmu","https:\/\/www.xing.com\/news\/pages\/organisator-ch-695","https:\/\/www.youtube.com\/channel\/UCGP2Sq0iWaZwT3BdIAQFYpw"]},{"@type":"Person","@id":"https:\/\/www.organisator.ch\/#\/schema\/person\/4e51799071cd2dd1232ac003643ef5f0","name":"galledia","image":{"@type":"ImageObject","inLanguage":"it-IT","@id":"https:\/\/secure.gravatar.com\/avatar\/78a7f90c01fc2bfc875782a0d4922b37cde2cf184ce347b91316d23cd7f69a36?s=96&d=mm&r=g","url":"https:\/\/secure.gravatar.com\/avatar\/78a7f90c01fc2bfc875782a0d4922b37cde2cf184ce347b91316d23cd7f69a36?s=96&d=mm&r=g","contentUrl":"https:\/\/secure.gravatar.com\/avatar\/78a7f90c01fc2bfc875782a0d4922b37cde2cf184ce347b91316d23cd7f69a36?s=96&d=mm&r=g","caption":"galledia"},"sameAs":["https:\/\/x.com\/admin"],"url":"https:\/\/www.organisator.ch\/it\/author\/galledia\/"}]}},"_links":{"self":[{"href":"https:\/\/www.organisator.ch\/it\/wp-json\/wp\/v2\/posts\/38780","targetHints":{"allow":["GET"]}}],"collection":[{"href":"https:\/\/www.organisator.ch\/it\/wp-json\/wp\/v2\/posts"}],"about":[{"href":"https:\/\/www.organisator.ch\/it\/wp-json\/wp\/v2\/types\/post"}],"author":[{"embeddable":true,"href":"https:\/\/www.organisator.ch\/it\/wp-json\/wp\/v2\/users\/8"}],"replies":[{"embeddable":true,"href":"https:\/\/www.organisator.ch\/it\/wp-json\/wp\/v2\/comments?post=38780"}],"version-history":[{"count":6,"href":"https:\/\/www.organisator.ch\/it\/wp-json\/wp\/v2\/posts\/38780\/revisions"}],"predecessor-version":[{"id":38825,"href":"https:\/\/www.organisator.ch\/it\/wp-json\/wp\/v2\/posts\/38780\/revisions\/38825"}],"wp:attachment":[{"href":"https:\/\/www.organisator.ch\/it\/wp-json\/wp\/v2\/media?parent=38780"}],"wp:term":[{"taxonomy":"category","embeddable":true,"href":"https:\/\/www.organisator.ch\/it\/wp-json\/wp\/v2\/categories?post=38780"},{"taxonomy":"post_tag","embeddable":true,"href":"https:\/\/www.organisator.ch\/it\/wp-json\/wp\/v2\/tags?post=38780"}],"curies":[{"name":"wp","href":"https:\/\/api.w.org\/{rel}","templated":true}]}}