{"id":38790,"date":"2025-06-10T16:07:52","date_gmt":"2025-06-10T14:07:52","guid":{"rendered":"https:\/\/www.organisator.ch\/?p=38790"},"modified":"2025-06-10T16:07:52","modified_gmt":"2025-06-10T14:07:52","slug":"it-dienstleister-tn-regelt-nachfolge","status":"publish","type":"post","link":"https:\/\/www.organisator.ch\/it\/management\/2025-06-10\/it-dienstleister-tn-regelt-nachfolge\/","title":{"rendered":"Il fornitore di servizi IT T&amp;N organizza la successione"},"content":{"rendered":"<figure id=\"attachment_38791\" aria-describedby=\"caption-attachment-38791\" style=\"width: 680px\" class=\"wp-caption alignnone\"><img loading=\"lazy\" decoding=\"async\" class=\"wp-image-38791 size-full\" src=\"https:\/\/www.organisator.ch\/wp-content\/uploads\/2025\/06\/IT-Dienstleister-TN-regelt-Nachfolge_Organisator.jpg\" alt=\"\" width=\"680\" height=\"453\" srcset=\"https:\/\/www.organisator.ch\/wp-content\/uploads\/2025\/06\/IT-Dienstleister-TN-regelt-Nachfolge_Organisator.jpg 680w, https:\/\/www.organisator.ch\/wp-content\/uploads\/2025\/06\/IT-Dienstleister-TN-regelt-Nachfolge_Organisator-18x12.jpg 18w, https:\/\/www.organisator.ch\/wp-content\/uploads\/2025\/06\/IT-Dienstleister-TN-regelt-Nachfolge_Organisator-375x250.jpg 375w, https:\/\/www.organisator.ch\/wp-content\/uploads\/2025\/06\/IT-Dienstleister-TN-regelt-Nachfolge_Organisator-525x350.jpg 525w\" sizes=\"auto, (max-width: 680px) 100vw, 680px\" \/><figcaption id=\"caption-attachment-38791\" class=\"wp-caption-text\">Dirk Walla, CEO WTG (sinistra), Hermann Graf, CEO T&amp;N (destra). (Immagine: T&amp;N Telekom &amp; Netzwerk GmbH)<\/figcaption><\/figure>\n<p>Da quasi 30 anni, il Gruppo T&amp;N \u00e8 una costante importante nel panorama dell'ICT in Svizzera e in Austria. Fondata nell'ottobre 1996, una visione ambiziosa si \u00e8 sviluppata in un'azienda con circa 180 dipendenti in 12 sedi. Oggi l'azienda \u00e8 un partner apprezzato per i servizi ICT, la sicurezza informatica, il cloud computing e molte altre soluzioni.<\/p>\n<h3><b>Un passo importante<\/b><\/h3>\n<p>Dopo un'attenta preparazione, i fondatori dell'azienda Brigitte e Hermann Graf hanno deciso di organizzare la successione per il Gruppo T&amp;N, garantendo cos\u00ec lo sviluppo a lungo termine dell'azienda. In questo contesto, il 27 maggio 2025 WTG Holding GmbH, con sede a Berlino, ha acquisito il 100 % delle azioni di T&amp;N Holding e quindi di tutte le societ\u00e0 affiliate in Svizzera e Austria. Come T&amp;N, WTG \u00e8 un'azienda familiare con un'impressionante storia di 112 anni ed \u00e8 presente con 12 sedi in Germania, un centro di sviluppo software in Polonia e una piccola sede in Svizzera.<\/p>\n<h3><b>Sinergie e nuove prospettive<\/b><\/h3>\n<p>Secondo il comunicato stampa pubblicato per l'occasione, WTG e T&amp;N Group sono una coppia perfetta. \"Dove i punti di forza si sovrappongono, si creano potenti sinergie e si aprono nuove opportunit\u00e0 e prospettive in aree che in precedenza erano coperte da una sola delle due societ\u00e0\", ha annunciato T&amp;N.<\/p>\n<p>Il gruppo di aziende coprir\u00e0 la Svizzera e l'Austria all'interno del Gruppo WTG, mantenendo la propria indipendenza. Per i clienti, questo passo significa che in futuro potranno beneficiare delle nuove sinergie. La gamma di servizi sar\u00e0 ampliata in modo mirato e la rete allargata garantir\u00e0 sviluppi positivi. Allo stesso tempo, i clienti potranno contare sulla consueta qualit\u00e0 di T&amp;N, promette l'azienda.<\/p>\n<h3><b>Cambiamento e coerenza<\/b><\/h3>\n<p>L'azienda non solo andr\u00e0 avanti con la stessa ragione sociale, ma anche con un team forte alle spalle. I contratti di lavoro, i compiti, le sedi e le responsabilit\u00e0 rimarranno invariati. Anche il team di gestione di T&amp;N rimarr\u00e0 al suo posto per il momento, il che dovrebbe garantire continuit\u00e0 e affidabilit\u00e0. Il fondatore della societ\u00e0, Hermann Graf, rimarr\u00e0 CEO e membro del Consiglio di Amministrazione fino al 31 marzo 2026. In seguito, continuer\u00e0 a far parte del Consiglio di amministrazione e a fornire consulenza ai nuovi proprietari. Si sta cercando una persona adatta a succedergli come CEO.<\/p>\n<h3><b>Crescere insieme<\/b><\/h3>\n<p>\"Per noi era fondamentale trovare una soluzione che creasse sinergie e potenziale di innovazione, raddoppiando l'energia per un buon futuro\", afferma Hermann Graf, spiegando la decisione. \"Stiamo facendo leva sull'impegno e sulle competenze dei nostri dipendenti, perch\u00e9 ognuno di loro contribuisce al nostro successo comune\". Con questo passo di sviluppo, il Gruppo T&amp;N pu\u00f2 rafforzare ulteriormente la propria posizione sul mercato, sottolinea Hermann Graf. \"In WTG abbiamo trovato un partner che condivide i nostri valori e con il quale possiamo crescere insieme. Non vediamo l'ora di continuare insieme la storia di successo di T&amp;N - con nuovi capitoli e prospettive entusiasmanti\".<\/p>\n<p><em>Fonte e ulteriori informazioni: <a href=\"http:\/\/www.tn-ict.com\">T&amp;N<\/a><\/em><\/p>","protected":false},"excerpt":{"rendered":"<p>Dopo 30 anni, il Gruppo T&amp;N compie un passo importante nel suo sviluppo: il fornitore svizzero di servizi informatici e di telecomunicazioni subentra ai fondatori dell'azienda Brigitte e Hermann Graf ed entra a far parte di WTG Holding GmbH.<\/p>","protected":false},"author":4,"featured_media":38791,"comment_status":"closed","ping_status":"closed","sticky":false,"template":"","format":"standard","meta":{"_acf_changed":false,"_yoast_wpseo_focuskw":"T&N","_yoast_wpseo_metadesc":"Der IT-Dienstleister f\u00fcr Informatik und Telekommunikation T&N regelt die Nachfolge der Unternehmensgr\u00fcnder Brigitte und Hermann Graf.","articlekey":"","footnotes":""},"categories":[28],"tags":[207,286,335,492],"class_list":["post-38790","post","type-post","status-publish","format-standard","has-post-thumbnail","hentry","category-management","tag-firmennachfolge","tag-it","tag-management-und-unternehmensfuehrung","tag-unternehmen"],"acf":[],"yoast_head":"<!-- This site is optimized with the Yoast SEO plugin v27.5 - https:\/\/yoast.com\/product\/yoast-seo-wordpress\/ -->\n<title>IT-Dienstleister T&amp;N regelt Nachfolge - Organisator<\/title>\n<meta name=\"description\" content=\"Der IT-Dienstleister f\u00fcr Informatik und Telekommunikation T&amp;N regelt die Nachfolge der Unternehmensgr\u00fcnder Brigitte und Hermann Graf.\" \/>\n<meta name=\"robots\" content=\"index, follow, max-snippet:-1, max-image-preview:large, max-video-preview:-1\" \/>\n<link rel=\"canonical\" href=\"https:\/\/www.organisator.ch\/it\/gestione-2\/2025-06-10\/it-dienstleister-tn-regelt-nachfolge\/\" \/>\n<meta property=\"og:locale\" content=\"it_IT\" \/>\n<meta property=\"og:type\" content=\"article\" \/>\n<meta property=\"og:title\" content=\"IT-Dienstleister T&amp;N regelt Nachfolge\" \/>\n<meta property=\"og:description\" content=\"Der IT-Dienstleister f\u00fcr Informatik und Telekommunikation T&amp;N regelt die Nachfolge der Unternehmensgr\u00fcnder Brigitte und Hermann Graf.\" \/>\n<meta property=\"og:url\" content=\"https:\/\/www.organisator.ch\/it\/gestione-2\/2025-06-10\/it-dienstleister-tn-regelt-nachfolge\/\" \/>\n<meta property=\"og:site_name\" content=\"Organisator\" \/>\n<meta property=\"article:publisher\" content=\"https:\/\/www.facebook.com\/OrganisatorFachmagazin\" \/>\n<meta property=\"article:published_time\" content=\"2025-06-10T14:07:52+00:00\" \/>\n<meta property=\"og:image\" content=\"https:\/\/www.organisator.ch\/wp-content\/uploads\/2025\/06\/IT-Dienstleister-TN-regelt-Nachfolge_Organisator.jpg\" \/>\n\t<meta property=\"og:image:width\" content=\"680\" \/>\n\t<meta property=\"og:image:height\" content=\"453\" \/>\n\t<meta property=\"og:image:type\" content=\"image\/jpeg\" \/>\n<meta name=\"author\" content=\"thomas.berner\" \/>\n<meta name=\"twitter:card\" content=\"summary_large_image\" \/>\n<meta name=\"twitter:title\" content=\"#IT-Dienstleister #T&amp;N regelt Nachfolge\" \/>\n<meta name=\"twitter:description\" content=\"Der #IT-Dienstleister f\u00fcr Informatik und Telekommunikation #T&amp;N regelt die Nachfolge der Unternehmensgr\u00fcnder Brigitte und Hermann Graf.\" \/>\n<meta name=\"twitter:image\" content=\"https:\/\/www.organisator.ch\/wp-content\/uploads\/2025\/06\/IT-Dienstleister-TN-regelt-Nachfolge_Organisator.jpg\" \/>\n<script type=\"application\/ld+json\" class=\"yoast-schema-graph\">{\"@context\":\"https:\\\/\\\/schema.org\",\"@graph\":[{\"@type\":\"Article\",\"@id\":\"https:\\\/\\\/www.organisator.ch\\\/management\\\/2025-06-10\\\/it-dienstleister-tn-regelt-nachfolge\\\/#article\",\"isPartOf\":{\"@id\":\"https:\\\/\\\/www.organisator.ch\\\/management\\\/2025-06-10\\\/it-dienstleister-tn-regelt-nachfolge\\\/\"},\"author\":{\"name\":\"thomas.berner\",\"@id\":\"https:\\\/\\\/www.organisator.ch\\\/#\\\/schema\\\/person\\\/6f650f90b2842cd4c0cc334b4e36f67e\"},\"headline\":\"IT-Dienstleister T&#038;N regelt Nachfolge\",\"datePublished\":\"2025-06-10T14:07:52+00:00\",\"mainEntityOfPage\":{\"@id\":\"https:\\\/\\\/www.organisator.ch\\\/management\\\/2025-06-10\\\/it-dienstleister-tn-regelt-nachfolge\\\/\"},\"wordCount\":542,\"publisher\":{\"@id\":\"https:\\\/\\\/www.organisator.ch\\\/#organization\"},\"image\":{\"@id\":\"https:\\\/\\\/www.organisator.ch\\\/management\\\/2025-06-10\\\/it-dienstleister-tn-regelt-nachfolge\\\/#primaryimage\"},\"thumbnailUrl\":\"https:\\\/\\\/www.organisator.ch\\\/wp-content\\\/uploads\\\/2025\\\/06\\\/IT-Dienstleister-TN-regelt-Nachfolge_Organisator.jpg\",\"keywords\":[\"Firmennachfolge\",\"IT\",\"Management und Unternehmensf\u00fchrung\",\"Unternehmen\"],\"articleSection\":[\"MANAGEMENT\"],\"inLanguage\":\"it-IT\"},{\"@type\":\"WebPage\",\"@id\":\"https:\\\/\\\/www.organisator.ch\\\/management\\\/2025-06-10\\\/it-dienstleister-tn-regelt-nachfolge\\\/\",\"url\":\"https:\\\/\\\/www.organisator.ch\\\/management\\\/2025-06-10\\\/it-dienstleister-tn-regelt-nachfolge\\\/\",\"name\":\"IT-Dienstleister T&N regelt Nachfolge - Organisator\",\"isPartOf\":{\"@id\":\"https:\\\/\\\/www.organisator.ch\\\/#website\"},\"primaryImageOfPage\":{\"@id\":\"https:\\\/\\\/www.organisator.ch\\\/management\\\/2025-06-10\\\/it-dienstleister-tn-regelt-nachfolge\\\/#primaryimage\"},\"image\":{\"@id\":\"https:\\\/\\\/www.organisator.ch\\\/management\\\/2025-06-10\\\/it-dienstleister-tn-regelt-nachfolge\\\/#primaryimage\"},\"thumbnailUrl\":\"https:\\\/\\\/www.organisator.ch\\\/wp-content\\\/uploads\\\/2025\\\/06\\\/IT-Dienstleister-TN-regelt-Nachfolge_Organisator.jpg\",\"datePublished\":\"2025-06-10T14:07:52+00:00\",\"description\":\"Der IT-Dienstleister f\u00fcr Informatik und Telekommunikation T&N regelt die Nachfolge der Unternehmensgr\u00fcnder Brigitte und Hermann Graf.\",\"breadcrumb\":{\"@id\":\"https:\\\/\\\/www.organisator.ch\\\/management\\\/2025-06-10\\\/it-dienstleister-tn-regelt-nachfolge\\\/#breadcrumb\"},\"inLanguage\":\"it-IT\",\"potentialAction\":[{\"@type\":\"ReadAction\",\"target\":[\"https:\\\/\\\/www.organisator.ch\\\/management\\\/2025-06-10\\\/it-dienstleister-tn-regelt-nachfolge\\\/\"]}]},{\"@type\":\"ImageObject\",\"inLanguage\":\"it-IT\",\"@id\":\"https:\\\/\\\/www.organisator.ch\\\/management\\\/2025-06-10\\\/it-dienstleister-tn-regelt-nachfolge\\\/#primaryimage\",\"url\":\"https:\\\/\\\/www.organisator.ch\\\/wp-content\\\/uploads\\\/2025\\\/06\\\/IT-Dienstleister-TN-regelt-Nachfolge_Organisator.jpg\",\"contentUrl\":\"https:\\\/\\\/www.organisator.ch\\\/wp-content\\\/uploads\\\/2025\\\/06\\\/IT-Dienstleister-TN-regelt-Nachfolge_Organisator.jpg\",\"width\":680,\"height\":453,\"caption\":\"Dirk Walla, CEO WTG (links), Hermann Graf, CEO T&amp;N (rechts) \\\/ Weiterer Text \u00fcber ots und www.presseportal.ch\\\/de\\\/nr\\\/100061850 \\\/ Die Verwendung dieses Bildes f\u00fcr redaktionelle Zwecke ist unter Beachtung aller mitgeteilten Nutzungsbedingungen zul\u00e4ssig und dann auch honorarfrei. Ver\u00f6ffentlichung ausschlie\u00dflich mit Bildrechte-Hinweis.\"},{\"@type\":\"BreadcrumbList\",\"@id\":\"https:\\\/\\\/www.organisator.ch\\\/management\\\/2025-06-10\\\/it-dienstleister-tn-regelt-nachfolge\\\/#breadcrumb\",\"itemListElement\":[{\"@type\":\"ListItem\",\"position\":1,\"name\":\"Home\",\"item\":\"https:\\\/\\\/www.organisator.ch\\\/\"},{\"@type\":\"ListItem\",\"position\":2,\"name\":\"IT-Dienstleister T&#038;N regelt Nachfolge\"}]},{\"@type\":\"WebSite\",\"@id\":\"https:\\\/\\\/www.organisator.ch\\\/#website\",\"url\":\"https:\\\/\\\/www.organisator.ch\\\/\",\"name\":\"Organisator\",\"description\":\"Kompetent. Praxisnah. Der ORGANISATOR bereitet in 10 Ausgaben pro Jahr die wesentlichen Themen f\u00fcr F\u00fchrungskr\u00e4fte von KMU auf.\",\"publisher\":{\"@id\":\"https:\\\/\\\/www.organisator.ch\\\/#organization\"},\"potentialAction\":[{\"@type\":\"SearchAction\",\"target\":{\"@type\":\"EntryPoint\",\"urlTemplate\":\"https:\\\/\\\/www.organisator.ch\\\/?s={search_term_string}\"},\"query-input\":{\"@type\":\"PropertyValueSpecification\",\"valueRequired\":true,\"valueName\":\"search_term_string\"}}],\"inLanguage\":\"it-IT\"},{\"@type\":\"Organization\",\"@id\":\"https:\\\/\\\/www.organisator.ch\\\/#organization\",\"name\":\"Organisator\",\"url\":\"https:\\\/\\\/www.organisator.ch\\\/\",\"logo\":{\"@type\":\"ImageObject\",\"inLanguage\":\"it-IT\",\"@id\":\"https:\\\/\\\/www.organisator.ch\\\/#\\\/schema\\\/logo\\\/image\\\/\",\"url\":\"https:\\\/\\\/www.organisator.ch\\\/wp-content\\\/uploads\\\/2022\\\/01\\\/Logo_Organisator_Website.png\",\"contentUrl\":\"https:\\\/\\\/www.organisator.ch\\\/wp-content\\\/uploads\\\/2022\\\/01\\\/Logo_Organisator_Website.png\",\"width\":800,\"height\":77,\"caption\":\"Organisator\"},\"image\":{\"@id\":\"https:\\\/\\\/www.organisator.ch\\\/#\\\/schema\\\/logo\\\/image\\\/\"},\"sameAs\":[\"https:\\\/\\\/www.facebook.com\\\/OrganisatorFachmagazin\",\"https:\\\/\\\/www.linkedin.com\\\/showcase\\\/organisator-das-magazin-fr-kmu\",\"https:\\\/\\\/www.xing.com\\\/news\\\/pages\\\/organisator-ch-695\",\"https:\\\/\\\/www.youtube.com\\\/channel\\\/UCGP2Sq0iWaZwT3BdIAQFYpw\"]},{\"@type\":\"Person\",\"@id\":\"https:\\\/\\\/www.organisator.ch\\\/#\\\/schema\\\/person\\\/6f650f90b2842cd4c0cc334b4e36f67e\",\"name\":\"thomas.berner\",\"image\":{\"@type\":\"ImageObject\",\"inLanguage\":\"it-IT\",\"@id\":\"https:\\\/\\\/secure.gravatar.com\\\/avatar\\\/ac5001d2a36cb6c6cd3e50789007ffca834b477b74a2144564522e944eabff61?s=96&d=mm&r=g\",\"url\":\"https:\\\/\\\/secure.gravatar.com\\\/avatar\\\/ac5001d2a36cb6c6cd3e50789007ffca834b477b74a2144564522e944eabff61?s=96&d=mm&r=g\",\"contentUrl\":\"https:\\\/\\\/secure.gravatar.com\\\/avatar\\\/ac5001d2a36cb6c6cd3e50789007ffca834b477b74a2144564522e944eabff61?s=96&d=mm&r=g\",\"caption\":\"thomas.berner\"},\"url\":\"https:\\\/\\\/www.organisator.ch\\\/it\\\/author\\\/thomas-berner\\\/\"}]}<\/script>\n<!-- \/ Yoast SEO plugin. -->","yoast_head_json":{"title":"Il fornitore di servizi IT T&amp;N organizza la successione - Organizzatore","description":"T&amp;N, fornitore di servizi informatici e di telecomunicazioni, sta regolando la successione dei fondatori dell'azienda Brigitte e Hermann Graf.","robots":{"index":"index","follow":"follow","max-snippet":"max-snippet:-1","max-image-preview":"max-image-preview:large","max-video-preview":"max-video-preview:-1"},"canonical":"https:\/\/www.organisator.ch\/it\/gestione-2\/2025-06-10\/it-dienstleister-tn-regelt-nachfolge\/","og_locale":"it_IT","og_type":"article","og_title":"IT-Dienstleister T&N regelt Nachfolge","og_description":"Der IT-Dienstleister f\u00fcr Informatik und Telekommunikation T&N regelt die Nachfolge der Unternehmensgr\u00fcnder Brigitte und Hermann Graf.","og_url":"https:\/\/www.organisator.ch\/it\/gestione-2\/2025-06-10\/it-dienstleister-tn-regelt-nachfolge\/","og_site_name":"Organisator","article_publisher":"https:\/\/www.facebook.com\/OrganisatorFachmagazin","article_published_time":"2025-06-10T14:07:52+00:00","og_image":[{"width":680,"height":453,"url":"https:\/\/www.organisator.ch\/wp-content\/uploads\/2025\/06\/IT-Dienstleister-TN-regelt-Nachfolge_Organisator.jpg","type":"image\/jpeg"}],"author":"thomas.berner","twitter_card":"summary_large_image","twitter_title":"#IT-Dienstleister #T&N regelt Nachfolge","twitter_description":"Der #IT-Dienstleister f\u00fcr Informatik und Telekommunikation #T&N regelt die Nachfolge der Unternehmensgr\u00fcnder Brigitte und Hermann Graf.","twitter_image":"https:\/\/www.organisator.ch\/wp-content\/uploads\/2025\/06\/IT-Dienstleister-TN-regelt-Nachfolge_Organisator.jpg","schema":{"@context":"https:\/\/schema.org","@graph":[{"@type":"Article","@id":"https:\/\/www.organisator.ch\/management\/2025-06-10\/it-dienstleister-tn-regelt-nachfolge\/#article","isPartOf":{"@id":"https:\/\/www.organisator.ch\/management\/2025-06-10\/it-dienstleister-tn-regelt-nachfolge\/"},"author":{"name":"thomas.berner","@id":"https:\/\/www.organisator.ch\/#\/schema\/person\/6f650f90b2842cd4c0cc334b4e36f67e"},"headline":"IT-Dienstleister T&#038;N regelt Nachfolge","datePublished":"2025-06-10T14:07:52+00:00","mainEntityOfPage":{"@id":"https:\/\/www.organisator.ch\/management\/2025-06-10\/it-dienstleister-tn-regelt-nachfolge\/"},"wordCount":542,"publisher":{"@id":"https:\/\/www.organisator.ch\/#organization"},"image":{"@id":"https:\/\/www.organisator.ch\/management\/2025-06-10\/it-dienstleister-tn-regelt-nachfolge\/#primaryimage"},"thumbnailUrl":"https:\/\/www.organisator.ch\/wp-content\/uploads\/2025\/06\/IT-Dienstleister-TN-regelt-Nachfolge_Organisator.jpg","keywords":["Firmennachfolge","IT","Management und Unternehmensf\u00fchrung","Unternehmen"],"articleSection":["MANAGEMENT"],"inLanguage":"it-IT"},{"@type":"WebPage","@id":"https:\/\/www.organisator.ch\/management\/2025-06-10\/it-dienstleister-tn-regelt-nachfolge\/","url":"https:\/\/www.organisator.ch\/management\/2025-06-10\/it-dienstleister-tn-regelt-nachfolge\/","name":"Il fornitore di servizi IT T&amp;N organizza la successione - Organizzatore","isPartOf":{"@id":"https:\/\/www.organisator.ch\/#website"},"primaryImageOfPage":{"@id":"https:\/\/www.organisator.ch\/management\/2025-06-10\/it-dienstleister-tn-regelt-nachfolge\/#primaryimage"},"image":{"@id":"https:\/\/www.organisator.ch\/management\/2025-06-10\/it-dienstleister-tn-regelt-nachfolge\/#primaryimage"},"thumbnailUrl":"https:\/\/www.organisator.ch\/wp-content\/uploads\/2025\/06\/IT-Dienstleister-TN-regelt-Nachfolge_Organisator.jpg","datePublished":"2025-06-10T14:07:52+00:00","description":"T&amp;N, fornitore di servizi informatici e di telecomunicazioni, sta regolando la successione dei fondatori dell'azienda Brigitte e Hermann Graf.","breadcrumb":{"@id":"https:\/\/www.organisator.ch\/management\/2025-06-10\/it-dienstleister-tn-regelt-nachfolge\/#breadcrumb"},"inLanguage":"it-IT","potentialAction":[{"@type":"ReadAction","target":["https:\/\/www.organisator.ch\/management\/2025-06-10\/it-dienstleister-tn-regelt-nachfolge\/"]}]},{"@type":"ImageObject","inLanguage":"it-IT","@id":"https:\/\/www.organisator.ch\/management\/2025-06-10\/it-dienstleister-tn-regelt-nachfolge\/#primaryimage","url":"https:\/\/www.organisator.ch\/wp-content\/uploads\/2025\/06\/IT-Dienstleister-TN-regelt-Nachfolge_Organisator.jpg","contentUrl":"https:\/\/www.organisator.ch\/wp-content\/uploads\/2025\/06\/IT-Dienstleister-TN-regelt-Nachfolge_Organisator.jpg","width":680,"height":453,"caption":"Dirk Walla, CEO WTG (links), Hermann Graf, CEO T&amp;N (rechts) \/ Weiterer Text \u00fcber ots und www.presseportal.ch\/de\/nr\/100061850 \/ Die Verwendung dieses Bildes f\u00fcr redaktionelle Zwecke ist unter Beachtung aller mitgeteilten Nutzungsbedingungen zul\u00e4ssig und dann auch honorarfrei. Ver\u00f6ffentlichung ausschlie\u00dflich mit Bildrechte-Hinweis."},{"@type":"BreadcrumbList","@id":"https:\/\/www.organisator.ch\/management\/2025-06-10\/it-dienstleister-tn-regelt-nachfolge\/#breadcrumb","itemListElement":[{"@type":"ListItem","position":1,"name":"Home","item":"https:\/\/www.organisator.ch\/"},{"@type":"ListItem","position":2,"name":"IT-Dienstleister T&#038;N regelt Nachfolge"}]},{"@type":"WebSite","@id":"https:\/\/www.organisator.ch\/#website","url":"https:\/\/www.organisator.ch\/","name":"Organizzatore","description":"Competente. Pratico. In 10 numeri all'anno, ORGANISATOR presenta i temi essenziali per i manager delle PMI.","publisher":{"@id":"https:\/\/www.organisator.ch\/#organization"},"potentialAction":[{"@type":"SearchAction","target":{"@type":"EntryPoint","urlTemplate":"https:\/\/www.organisator.ch\/?s={search_term_string}"},"query-input":{"@type":"PropertyValueSpecification","valueRequired":true,"valueName":"search_term_string"}}],"inLanguage":"it-IT"},{"@type":"Organization","@id":"https:\/\/www.organisator.ch\/#organization","name":"Organizzatore","url":"https:\/\/www.organisator.ch\/","logo":{"@type":"ImageObject","inLanguage":"it-IT","@id":"https:\/\/www.organisator.ch\/#\/schema\/logo\/image\/","url":"https:\/\/www.organisator.ch\/wp-content\/uploads\/2022\/01\/Logo_Organisator_Website.png","contentUrl":"https:\/\/www.organisator.ch\/wp-content\/uploads\/2022\/01\/Logo_Organisator_Website.png","width":800,"height":77,"caption":"Organisator"},"image":{"@id":"https:\/\/www.organisator.ch\/#\/schema\/logo\/image\/"},"sameAs":["https:\/\/www.facebook.com\/OrganisatorFachmagazin","https:\/\/www.linkedin.com\/showcase\/organisator-das-magazin-fr-kmu","https:\/\/www.xing.com\/news\/pages\/organisator-ch-695","https:\/\/www.youtube.com\/channel\/UCGP2Sq0iWaZwT3BdIAQFYpw"]},{"@type":"Person","@id":"https:\/\/www.organisator.ch\/#\/schema\/person\/6f650f90b2842cd4c0cc334b4e36f67e","name":"Tommaso.berner","image":{"@type":"ImageObject","inLanguage":"it-IT","@id":"https:\/\/secure.gravatar.com\/avatar\/ac5001d2a36cb6c6cd3e50789007ffca834b477b74a2144564522e944eabff61?s=96&d=mm&r=g","url":"https:\/\/secure.gravatar.com\/avatar\/ac5001d2a36cb6c6cd3e50789007ffca834b477b74a2144564522e944eabff61?s=96&d=mm&r=g","contentUrl":"https:\/\/secure.gravatar.com\/avatar\/ac5001d2a36cb6c6cd3e50789007ffca834b477b74a2144564522e944eabff61?s=96&d=mm&r=g","caption":"thomas.berner"},"url":"https:\/\/www.organisator.ch\/it\/author\/thomas-berner\/"}]}},"_links":{"self":[{"href":"https:\/\/www.organisator.ch\/it\/wp-json\/wp\/v2\/posts\/38790","targetHints":{"allow":["GET"]}}],"collection":[{"href":"https:\/\/www.organisator.ch\/it\/wp-json\/wp\/v2\/posts"}],"about":[{"href":"https:\/\/www.organisator.ch\/it\/wp-json\/wp\/v2\/types\/post"}],"author":[{"embeddable":true,"href":"https:\/\/www.organisator.ch\/it\/wp-json\/wp\/v2\/users\/4"}],"replies":[{"embeddable":true,"href":"https:\/\/www.organisator.ch\/it\/wp-json\/wp\/v2\/comments?post=38790"}],"version-history":[{"count":4,"href":"https:\/\/www.organisator.ch\/it\/wp-json\/wp\/v2\/posts\/38790\/revisions"}],"predecessor-version":[{"id":38829,"href":"https:\/\/www.organisator.ch\/it\/wp-json\/wp\/v2\/posts\/38790\/revisions\/38829"}],"wp:featuredmedia":[{"embeddable":true,"href":"https:\/\/www.organisator.ch\/it\/wp-json\/wp\/v2\/media\/38791"}],"wp:attachment":[{"href":"https:\/\/www.organisator.ch\/it\/wp-json\/wp\/v2\/media?parent=38790"}],"wp:term":[{"taxonomy":"category","embeddable":true,"href":"https:\/\/www.organisator.ch\/it\/wp-json\/wp\/v2\/categories?post=38790"},{"taxonomy":"post_tag","embeddable":true,"href":"https:\/\/www.organisator.ch\/it\/wp-json\/wp\/v2\/tags?post=38790"}],"curies":[{"name":"wp","href":"https:\/\/api.w.org\/{rel}","templated":true}]}}