{"id":38803,"date":"2025-06-11T08:50:24","date_gmt":"2025-06-11T06:50:24","guid":{"rendered":"https:\/\/www.organisator.ch\/?p=38803"},"modified":"2025-06-11T08:50:24","modified_gmt":"2025-06-11T06:50:24","slug":"einstellungsplaene-arbeitgeber-wollen-weniger-personal-einstellen","status":"publish","type":"post","link":"https:\/\/www.organisator.ch\/it\/human-resources\/2025-06-11\/einstellungsplaene-arbeitgeber-wollen-weniger-personal-einstellen\/","title":{"rendered":"Piani di assunzione: i datori di lavoro vogliono assumere meno personale"},"content":{"rendered":"<figure id=\"attachment_38807\" aria-describedby=\"caption-attachment-38807\" style=\"width: 680px\" class=\"wp-caption alignnone\"><img loading=\"lazy\" decoding=\"async\" class=\"size-full wp-image-38807\" src=\"https:\/\/www.organisator.ch\/wp-content\/uploads\/2025\/06\/Einstellungsplaene-Arbeitgeber-wollen-weniger-Personal-einstellen_Organisator.jpg\" alt=\"\" width=\"680\" height=\"355\" srcset=\"https:\/\/www.organisator.ch\/wp-content\/uploads\/2025\/06\/Einstellungsplaene-Arbeitgeber-wollen-weniger-Personal-einstellen_Organisator.jpg 680w, https:\/\/www.organisator.ch\/wp-content\/uploads\/2025\/06\/Einstellungsplaene-Arbeitgeber-wollen-weniger-Personal-einstellen_Organisator-18x9.jpg 18w, https:\/\/www.organisator.ch\/wp-content\/uploads\/2025\/06\/Einstellungsplaene-Arbeitgeber-wollen-weniger-Personal-einstellen_Organisator-375x196.jpg 375w, https:\/\/www.organisator.ch\/wp-content\/uploads\/2025\/06\/Einstellungsplaene-Arbeitgeber-wollen-weniger-Personal-einstellen_Organisator-670x350.jpg 670w\" sizes=\"auto, (max-width: 680px) 100vw, 680px\" \/><figcaption id=\"caption-attachment-38807\" class=\"wp-caption-text\">Cambiano i piani di assunzione: previsioni nette di occupazione nelle regioni svizzere per il 3\u00b0 trimestre 2025 (grafico: Manpower)<\/figcaption><\/figure>\n<p>I datori di lavoro svizzeri segnalano una prospettiva occupazionale netta (NEO) di 24 punti percentuali per il terzo trimestre del 2025, che corrisponde a un calo di due punti percentuali rispetto al trimestre precedente e di dieci punti percentuali rispetto all'anno precedente. Nonostante le sfide economiche globali, solo 14 % delle aziende intervistate prevedono di ridurre la propria forza lavoro (T2: 12 %). Mentre 38 % delle aziende svizzere prevedono di aumentare l'organico (invariato rispetto al T2), 44 % prevedono di mantenere lo stesso livello di personale (42 % nel T2) e 4 % sono incerte. Nel complesso, le previsioni di occupazione per la Svizzera rimangono nella met\u00e0 superiore dei Paesi in Europa, Medio Oriente e Africa (EMEA) e superano di 5 punti percentuali la media regionale di 19 % e i Paesi vicini (Germania: 20 %, Francia e Italia: 16 %, Austria: 12 %).<\/p>\n<p>\"Le prospettive di assunzione in Svizzera sono in calo, poich\u00e9 i datori di lavoro si trovano ad affrontare complessi cambiamenti della forza lavoro che stanno trasformando il loro modo di operare\", afferma Eric Jeannerod, Country Manager di ManpowerGroup Svizzera. \"Di fronte all'invecchiamento della forza lavoro, alla volatilit\u00e0 del commercio globale e ai rapidi progressi tecnologici, le organizzazioni investono sempre pi\u00f9 nell'automazione per rimanere competitive e adottano una strategia di acquisizione dei talenti prudente.\"<\/p>\n<h3>Prospettive occupazionali nette per settore e regione<\/h3>\n<p>Nella situazione attuale, solo le aziende dei settori dei servizi di comunicazione (29 %), dei beni e servizi di consumo (21 %) e delle tecnologie dell'informazione (33 %) hanno segnalato un miglioramento delle loro intenzioni di assunzione rispetto al trimestre precedente.<\/p>\n<p>Tra le sette regioni svizzere, il Ticino e Zurigo guidano la classifica con un NEO di 30 %. Nonostante un calo di 8 punti percentuali rispetto al trimestre precedente, le prospettive per il Ticino sono superiori di 45 punti percentuali rispetto al terzo trimestre del 2024. Al contrario, le prospettive occupazionali nette per la regione di Zurigo sono diminuite di 5 punti percentuali rispetto al trimestre precedente e di 18 punti percentuali rispetto all'anno precedente.<\/p>\n<h3>Gestire i cambiamenti nella forza lavoro<\/h3>\n<p>Il mercato del lavoro svizzero sta subendo una profonda trasformazione a causa dei cambiamenti demografici, delle pressioni economiche globali e della crescente digitalizzazione. L'invecchiamento della forza lavoro sta cambiando le priorit\u00e0 dei dipartimenti HR in tutto il Paese. Pi\u00f9 di sei organizzazioni su dieci (63 %) affermano che il pensionamento sta avendo un impatto da moderato a significativo sulle loro strategie per i talenti. Questa tendenza \u00e8 particolarmente pronunciata nelle organizzazioni medio-grandi e in settori come i servizi di comunicazione, la sanit\u00e0 e le scienze della vita, l'industria e i materiali, i trasporti e la logistica.<\/p>\n<h3>Le aziende fanno progredire l'automazione<\/h3>\n<p>L'automazione sta diventando una pietra miliare della strategia HR. Oltre la met\u00e0 delle aziende svizzere (51 %) prevede di aumentare in modo significativo o lieve gli investimenti nell'automazione di compiti e processi nei prossimi 12 mesi, al fine di semplificare le operazioni e contrastare la carenza di manodopera. Nel frattempo, 24 % prevedono di mantenere gli attuali livelli di automazione e 20 % prevedono di diminuirli.<\/p>\n<p>Le professioni legate all'informatica e ai dati sono in prima linea, con 38 % dei datori di lavoro che prevedono cambiamenti significativi e altri 38 % che prevedono cambiamenti moderati, guidati dai progressi dell'IA e dell'analisi dei dati. Seguono a ruota le attivit\u00e0 operative e logistiche e le attivit\u00e0 manifatturiere e di produzione, per le quali il 33,% dei datori di lavoro prevede cambiamenti significativi e il 38-40,% prevede impatti moderati, in quanto l'automazione ottimizza le catene di approvvigionamento e i processi produttivi.<\/p>\n<p>L'incertezza nel commercio globale \u00e8 un altro fattore critico che influisce sul mercato del lavoro svizzero: al momento dell'indagine (aprile 2025), il 62 % dei datori di lavoro ha dichiarato che le fluttuazioni commerciali stavano gi\u00e0 avendo un impatto moderato o significativo sulle loro decisioni di assunzione.<\/p>\n<p><em>Fonte: <a href=\"http:\/\/www.manpowergroup.com\/\">www.manpowergroup.com<\/a><\/em><\/p>","protected":false},"excerpt":{"rendered":"<p>I datori di lavoro svizzeri sono cauti sui loro piani di assunzione per il terzo trimestre del 2025. Le prospettive occupazionali nette (NEO) sono diminuite di dieci punti percentuali rispetto allo stesso periodo dell'anno scorso. <\/p>","protected":false},"author":4,"featured_media":38807,"comment_status":"closed","ping_status":"closed","sticky":false,"template":"","format":"standard","meta":{"_acf_changed":false,"_yoast_wpseo_focuskw":"Einstellungspl\u00e4ne","_yoast_wpseo_metadesc":"Schweizer Arbeitgeber zeigen sich hinsichtlich ihrer Einstellungspl\u00e4ne f\u00fcr das dritte Quartal 2025 vorsichtig. Dies zeigt eine neue Umfrage.","articlekey":"","footnotes":""},"categories":[579],"tags":[47,254,407,459],"class_list":["post-38803","post","type-post","status-publish","format-standard","has-post-thumbnail","hentry","category-human-resources","tag-arbeitsmarkt","tag-hrm","tag-recruiting","tag-studie"],"acf":[],"yoast_head":"<!-- This site is optimized with the Yoast SEO plugin v27.5 - https:\/\/yoast.com\/product\/yoast-seo-wordpress\/ -->\n<title>Einstellungspl\u00e4ne: Arbeitgeber wollen weniger Personal einstellen - Organisator<\/title>\n<meta name=\"description\" content=\"Schweizer Arbeitgeber zeigen sich hinsichtlich ihrer Einstellungspl\u00e4ne f\u00fcr das dritte Quartal 2025 vorsichtig. Dies zeigt eine neue Umfrage.\" \/>\n<meta name=\"robots\" content=\"index, follow, max-snippet:-1, max-image-preview:large, max-video-preview:-1\" \/>\n<link rel=\"canonical\" href=\"https:\/\/www.organisator.ch\/it\/risorse-umane\/2025-06-11\/einstellungsplaene-arbeitgeber-wollen-weniger-personal-einstellen\/\" \/>\n<meta property=\"og:locale\" content=\"it_IT\" \/>\n<meta property=\"og:type\" content=\"article\" \/>\n<meta property=\"og:title\" content=\"Einstellungspl\u00e4ne: Arbeitgeber wollen weniger Personal einstellen\" \/>\n<meta property=\"og:description\" content=\"Schweizer Arbeitgeber zeigen sich hinsichtlich ihrer Einstellungspl\u00e4ne f\u00fcr das dritte Quartal 2025 vorsichtig. Dies zeigt eine neue Umfrage.\" \/>\n<meta property=\"og:url\" content=\"https:\/\/www.organisator.ch\/it\/risorse-umane\/2025-06-11\/einstellungsplaene-arbeitgeber-wollen-weniger-personal-einstellen\/\" \/>\n<meta property=\"og:site_name\" content=\"Organisator\" \/>\n<meta property=\"article:publisher\" content=\"https:\/\/www.facebook.com\/OrganisatorFachmagazin\" \/>\n<meta property=\"article:published_time\" content=\"2025-06-11T06:50:24+00:00\" \/>\n<meta property=\"og:image\" content=\"https:\/\/www.organisator.ch\/wp-content\/uploads\/2025\/06\/Einstellungsplaene-Arbeitgeber-wollen-weniger-Personal-einstellen_Organisator.jpg\" \/>\n\t<meta property=\"og:image:width\" content=\"680\" \/>\n\t<meta property=\"og:image:height\" content=\"355\" \/>\n\t<meta property=\"og:image:type\" content=\"image\/jpeg\" \/>\n<meta name=\"author\" content=\"thomas.berner\" \/>\n<meta name=\"twitter:card\" content=\"summary_large_image\" \/>\n<meta name=\"twitter:title\" content=\"#Einstellungspl\u00e4ne: Arbeitgeber wollen weniger #Personal einstellen\" \/>\n<meta name=\"twitter:description\" content=\"Schweizer #Arbeitgeber zeigen sich hinsichtlich ihrer #Einstellungspl\u00e4ne f\u00fcr das dritte Quartal 2025 vorsichtig. Dies zeigt eine neue Umfrage.\" \/>\n<meta name=\"twitter:image\" content=\"https:\/\/www.organisator.ch\/wp-content\/uploads\/2025\/06\/Einstellungsplaene-Arbeitgeber-wollen-weniger-Personal-einstellen_Organisator.jpg\" \/>\n<script type=\"application\/ld+json\" class=\"yoast-schema-graph\">{\"@context\":\"https:\\\/\\\/schema.org\",\"@graph\":[{\"@type\":\"Article\",\"@id\":\"https:\\\/\\\/www.organisator.ch\\\/human-resources\\\/2025-06-11\\\/einstellungsplaene-arbeitgeber-wollen-weniger-personal-einstellen\\\/#article\",\"isPartOf\":{\"@id\":\"https:\\\/\\\/www.organisator.ch\\\/human-resources\\\/2025-06-11\\\/einstellungsplaene-arbeitgeber-wollen-weniger-personal-einstellen\\\/\"},\"author\":{\"name\":\"thomas.berner\",\"@id\":\"https:\\\/\\\/www.organisator.ch\\\/#\\\/schema\\\/person\\\/6f650f90b2842cd4c0cc334b4e36f67e\"},\"headline\":\"Einstellungspl\u00e4ne: Arbeitgeber wollen weniger Personal einstellen\",\"datePublished\":\"2025-06-11T06:50:24+00:00\",\"mainEntityOfPage\":{\"@id\":\"https:\\\/\\\/www.organisator.ch\\\/human-resources\\\/2025-06-11\\\/einstellungsplaene-arbeitgeber-wollen-weniger-personal-einstellen\\\/\"},\"wordCount\":572,\"publisher\":{\"@id\":\"https:\\\/\\\/www.organisator.ch\\\/#organization\"},\"image\":{\"@id\":\"https:\\\/\\\/www.organisator.ch\\\/human-resources\\\/2025-06-11\\\/einstellungsplaene-arbeitgeber-wollen-weniger-personal-einstellen\\\/#primaryimage\"},\"thumbnailUrl\":\"https:\\\/\\\/www.organisator.ch\\\/wp-content\\\/uploads\\\/2025\\\/06\\\/Einstellungsplaene-Arbeitgeber-wollen-weniger-Personal-einstellen_Organisator.jpg\",\"keywords\":[\"Arbeitsmarkt\",\"HRM\",\"Recruiting\",\"Studie\"],\"articleSection\":[\"HUMAN RESOURCES\"],\"inLanguage\":\"it-IT\"},{\"@type\":\"WebPage\",\"@id\":\"https:\\\/\\\/www.organisator.ch\\\/human-resources\\\/2025-06-11\\\/einstellungsplaene-arbeitgeber-wollen-weniger-personal-einstellen\\\/\",\"url\":\"https:\\\/\\\/www.organisator.ch\\\/human-resources\\\/2025-06-11\\\/einstellungsplaene-arbeitgeber-wollen-weniger-personal-einstellen\\\/\",\"name\":\"Einstellungspl\u00e4ne: Arbeitgeber wollen weniger Personal einstellen - Organisator\",\"isPartOf\":{\"@id\":\"https:\\\/\\\/www.organisator.ch\\\/#website\"},\"primaryImageOfPage\":{\"@id\":\"https:\\\/\\\/www.organisator.ch\\\/human-resources\\\/2025-06-11\\\/einstellungsplaene-arbeitgeber-wollen-weniger-personal-einstellen\\\/#primaryimage\"},\"image\":{\"@id\":\"https:\\\/\\\/www.organisator.ch\\\/human-resources\\\/2025-06-11\\\/einstellungsplaene-arbeitgeber-wollen-weniger-personal-einstellen\\\/#primaryimage\"},\"thumbnailUrl\":\"https:\\\/\\\/www.organisator.ch\\\/wp-content\\\/uploads\\\/2025\\\/06\\\/Einstellungsplaene-Arbeitgeber-wollen-weniger-Personal-einstellen_Organisator.jpg\",\"datePublished\":\"2025-06-11T06:50:24+00:00\",\"description\":\"Schweizer Arbeitgeber zeigen sich hinsichtlich ihrer Einstellungspl\u00e4ne f\u00fcr das dritte Quartal 2025 vorsichtig. Dies zeigt eine neue Umfrage.\",\"breadcrumb\":{\"@id\":\"https:\\\/\\\/www.organisator.ch\\\/human-resources\\\/2025-06-11\\\/einstellungsplaene-arbeitgeber-wollen-weniger-personal-einstellen\\\/#breadcrumb\"},\"inLanguage\":\"it-IT\",\"potentialAction\":[{\"@type\":\"ReadAction\",\"target\":[\"https:\\\/\\\/www.organisator.ch\\\/human-resources\\\/2025-06-11\\\/einstellungsplaene-arbeitgeber-wollen-weniger-personal-einstellen\\\/\"]}]},{\"@type\":\"ImageObject\",\"inLanguage\":\"it-IT\",\"@id\":\"https:\\\/\\\/www.organisator.ch\\\/human-resources\\\/2025-06-11\\\/einstellungsplaene-arbeitgeber-wollen-weniger-personal-einstellen\\\/#primaryimage\",\"url\":\"https:\\\/\\\/www.organisator.ch\\\/wp-content\\\/uploads\\\/2025\\\/06\\\/Einstellungsplaene-Arbeitgeber-wollen-weniger-Personal-einstellen_Organisator.jpg\",\"contentUrl\":\"https:\\\/\\\/www.organisator.ch\\\/wp-content\\\/uploads\\\/2025\\\/06\\\/Einstellungsplaene-Arbeitgeber-wollen-weniger-Personal-einstellen_Organisator.jpg\",\"width\":680,\"height\":355,\"caption\":\"Einstellungspl\u00e4ne ver\u00e4ndern sich: Die Netto-Besch\u00e4ftigungsprognosen in den Schweizer Regionen f\u00fcr das 3. Quartal 2025. (Grafik: Manpower)\"},{\"@type\":\"BreadcrumbList\",\"@id\":\"https:\\\/\\\/www.organisator.ch\\\/human-resources\\\/2025-06-11\\\/einstellungsplaene-arbeitgeber-wollen-weniger-personal-einstellen\\\/#breadcrumb\",\"itemListElement\":[{\"@type\":\"ListItem\",\"position\":1,\"name\":\"Home\",\"item\":\"https:\\\/\\\/www.organisator.ch\\\/\"},{\"@type\":\"ListItem\",\"position\":2,\"name\":\"Einstellungspl\u00e4ne: Arbeitgeber wollen weniger Personal einstellen\"}]},{\"@type\":\"WebSite\",\"@id\":\"https:\\\/\\\/www.organisator.ch\\\/#website\",\"url\":\"https:\\\/\\\/www.organisator.ch\\\/\",\"name\":\"Organisator\",\"description\":\"Kompetent. Praxisnah. Der ORGANISATOR bereitet in 10 Ausgaben pro Jahr die wesentlichen Themen f\u00fcr F\u00fchrungskr\u00e4fte von KMU auf.\",\"publisher\":{\"@id\":\"https:\\\/\\\/www.organisator.ch\\\/#organization\"},\"potentialAction\":[{\"@type\":\"SearchAction\",\"target\":{\"@type\":\"EntryPoint\",\"urlTemplate\":\"https:\\\/\\\/www.organisator.ch\\\/?s={search_term_string}\"},\"query-input\":{\"@type\":\"PropertyValueSpecification\",\"valueRequired\":true,\"valueName\":\"search_term_string\"}}],\"inLanguage\":\"it-IT\"},{\"@type\":\"Organization\",\"@id\":\"https:\\\/\\\/www.organisator.ch\\\/#organization\",\"name\":\"Organisator\",\"url\":\"https:\\\/\\\/www.organisator.ch\\\/\",\"logo\":{\"@type\":\"ImageObject\",\"inLanguage\":\"it-IT\",\"@id\":\"https:\\\/\\\/www.organisator.ch\\\/#\\\/schema\\\/logo\\\/image\\\/\",\"url\":\"https:\\\/\\\/www.organisator.ch\\\/wp-content\\\/uploads\\\/2022\\\/01\\\/Logo_Organisator_Website.png\",\"contentUrl\":\"https:\\\/\\\/www.organisator.ch\\\/wp-content\\\/uploads\\\/2022\\\/01\\\/Logo_Organisator_Website.png\",\"width\":800,\"height\":77,\"caption\":\"Organisator\"},\"image\":{\"@id\":\"https:\\\/\\\/www.organisator.ch\\\/#\\\/schema\\\/logo\\\/image\\\/\"},\"sameAs\":[\"https:\\\/\\\/www.facebook.com\\\/OrganisatorFachmagazin\",\"https:\\\/\\\/www.linkedin.com\\\/showcase\\\/organisator-das-magazin-fr-kmu\",\"https:\\\/\\\/www.xing.com\\\/news\\\/pages\\\/organisator-ch-695\",\"https:\\\/\\\/www.youtube.com\\\/channel\\\/UCGP2Sq0iWaZwT3BdIAQFYpw\"]},{\"@type\":\"Person\",\"@id\":\"https:\\\/\\\/www.organisator.ch\\\/#\\\/schema\\\/person\\\/6f650f90b2842cd4c0cc334b4e36f67e\",\"name\":\"thomas.berner\",\"image\":{\"@type\":\"ImageObject\",\"inLanguage\":\"it-IT\",\"@id\":\"https:\\\/\\\/secure.gravatar.com\\\/avatar\\\/ac5001d2a36cb6c6cd3e50789007ffca834b477b74a2144564522e944eabff61?s=96&d=mm&r=g\",\"url\":\"https:\\\/\\\/secure.gravatar.com\\\/avatar\\\/ac5001d2a36cb6c6cd3e50789007ffca834b477b74a2144564522e944eabff61?s=96&d=mm&r=g\",\"contentUrl\":\"https:\\\/\\\/secure.gravatar.com\\\/avatar\\\/ac5001d2a36cb6c6cd3e50789007ffca834b477b74a2144564522e944eabff61?s=96&d=mm&r=g\",\"caption\":\"thomas.berner\"},\"url\":\"https:\\\/\\\/www.organisator.ch\\\/it\\\/author\\\/thomas-berner\\\/\"}]}<\/script>\n<!-- \/ Yoast SEO plugin. -->","yoast_head_json":{"title":"Piani di assunzione: i datori di lavoro vogliono assumere meno personale - Organizzatore","description":"I datori di lavoro svizzeri sono cauti sui loro piani di assunzione per il terzo trimestre del 2025. Questo \u00e8 il risultato di un nuovo sondaggio.","robots":{"index":"index","follow":"follow","max-snippet":"max-snippet:-1","max-image-preview":"max-image-preview:large","max-video-preview":"max-video-preview:-1"},"canonical":"https:\/\/www.organisator.ch\/it\/risorse-umane\/2025-06-11\/einstellungsplaene-arbeitgeber-wollen-weniger-personal-einstellen\/","og_locale":"it_IT","og_type":"article","og_title":"Einstellungspl\u00e4ne: Arbeitgeber wollen weniger Personal einstellen","og_description":"Schweizer Arbeitgeber zeigen sich hinsichtlich ihrer Einstellungspl\u00e4ne f\u00fcr das dritte Quartal 2025 vorsichtig. Dies zeigt eine neue Umfrage.","og_url":"https:\/\/www.organisator.ch\/it\/risorse-umane\/2025-06-11\/einstellungsplaene-arbeitgeber-wollen-weniger-personal-einstellen\/","og_site_name":"Organisator","article_publisher":"https:\/\/www.facebook.com\/OrganisatorFachmagazin","article_published_time":"2025-06-11T06:50:24+00:00","og_image":[{"width":680,"height":355,"url":"https:\/\/www.organisator.ch\/wp-content\/uploads\/2025\/06\/Einstellungsplaene-Arbeitgeber-wollen-weniger-Personal-einstellen_Organisator.jpg","type":"image\/jpeg"}],"author":"thomas.berner","twitter_card":"summary_large_image","twitter_title":"#Einstellungspl\u00e4ne: Arbeitgeber wollen weniger #Personal einstellen","twitter_description":"Schweizer #Arbeitgeber zeigen sich hinsichtlich ihrer #Einstellungspl\u00e4ne f\u00fcr das dritte Quartal 2025 vorsichtig. Dies zeigt eine neue Umfrage.","twitter_image":"https:\/\/www.organisator.ch\/wp-content\/uploads\/2025\/06\/Einstellungsplaene-Arbeitgeber-wollen-weniger-Personal-einstellen_Organisator.jpg","schema":{"@context":"https:\/\/schema.org","@graph":[{"@type":"Article","@id":"https:\/\/www.organisator.ch\/human-resources\/2025-06-11\/einstellungsplaene-arbeitgeber-wollen-weniger-personal-einstellen\/#article","isPartOf":{"@id":"https:\/\/www.organisator.ch\/human-resources\/2025-06-11\/einstellungsplaene-arbeitgeber-wollen-weniger-personal-einstellen\/"},"author":{"name":"thomas.berner","@id":"https:\/\/www.organisator.ch\/#\/schema\/person\/6f650f90b2842cd4c0cc334b4e36f67e"},"headline":"Einstellungspl\u00e4ne: Arbeitgeber wollen weniger Personal einstellen","datePublished":"2025-06-11T06:50:24+00:00","mainEntityOfPage":{"@id":"https:\/\/www.organisator.ch\/human-resources\/2025-06-11\/einstellungsplaene-arbeitgeber-wollen-weniger-personal-einstellen\/"},"wordCount":572,"publisher":{"@id":"https:\/\/www.organisator.ch\/#organization"},"image":{"@id":"https:\/\/www.organisator.ch\/human-resources\/2025-06-11\/einstellungsplaene-arbeitgeber-wollen-weniger-personal-einstellen\/#primaryimage"},"thumbnailUrl":"https:\/\/www.organisator.ch\/wp-content\/uploads\/2025\/06\/Einstellungsplaene-Arbeitgeber-wollen-weniger-Personal-einstellen_Organisator.jpg","keywords":["Arbeitsmarkt","HRM","Recruiting","Studie"],"articleSection":["HUMAN RESOURCES"],"inLanguage":"it-IT"},{"@type":"WebPage","@id":"https:\/\/www.organisator.ch\/human-resources\/2025-06-11\/einstellungsplaene-arbeitgeber-wollen-weniger-personal-einstellen\/","url":"https:\/\/www.organisator.ch\/human-resources\/2025-06-11\/einstellungsplaene-arbeitgeber-wollen-weniger-personal-einstellen\/","name":"Piani di assunzione: i datori di lavoro vogliono assumere meno personale - Organizzatore","isPartOf":{"@id":"https:\/\/www.organisator.ch\/#website"},"primaryImageOfPage":{"@id":"https:\/\/www.organisator.ch\/human-resources\/2025-06-11\/einstellungsplaene-arbeitgeber-wollen-weniger-personal-einstellen\/#primaryimage"},"image":{"@id":"https:\/\/www.organisator.ch\/human-resources\/2025-06-11\/einstellungsplaene-arbeitgeber-wollen-weniger-personal-einstellen\/#primaryimage"},"thumbnailUrl":"https:\/\/www.organisator.ch\/wp-content\/uploads\/2025\/06\/Einstellungsplaene-Arbeitgeber-wollen-weniger-Personal-einstellen_Organisator.jpg","datePublished":"2025-06-11T06:50:24+00:00","description":"I datori di lavoro svizzeri sono cauti sui loro piani di assunzione per il terzo trimestre del 2025. Questo \u00e8 il risultato di un nuovo sondaggio.","breadcrumb":{"@id":"https:\/\/www.organisator.ch\/human-resources\/2025-06-11\/einstellungsplaene-arbeitgeber-wollen-weniger-personal-einstellen\/#breadcrumb"},"inLanguage":"it-IT","potentialAction":[{"@type":"ReadAction","target":["https:\/\/www.organisator.ch\/human-resources\/2025-06-11\/einstellungsplaene-arbeitgeber-wollen-weniger-personal-einstellen\/"]}]},{"@type":"ImageObject","inLanguage":"it-IT","@id":"https:\/\/www.organisator.ch\/human-resources\/2025-06-11\/einstellungsplaene-arbeitgeber-wollen-weniger-personal-einstellen\/#primaryimage","url":"https:\/\/www.organisator.ch\/wp-content\/uploads\/2025\/06\/Einstellungsplaene-Arbeitgeber-wollen-weniger-Personal-einstellen_Organisator.jpg","contentUrl":"https:\/\/www.organisator.ch\/wp-content\/uploads\/2025\/06\/Einstellungsplaene-Arbeitgeber-wollen-weniger-Personal-einstellen_Organisator.jpg","width":680,"height":355,"caption":"Einstellungspl\u00e4ne ver\u00e4ndern sich: Die Netto-Besch\u00e4ftigungsprognosen in den Schweizer Regionen f\u00fcr das 3. Quartal 2025. (Grafik: Manpower)"},{"@type":"BreadcrumbList","@id":"https:\/\/www.organisator.ch\/human-resources\/2025-06-11\/einstellungsplaene-arbeitgeber-wollen-weniger-personal-einstellen\/#breadcrumb","itemListElement":[{"@type":"ListItem","position":1,"name":"Home","item":"https:\/\/www.organisator.ch\/"},{"@type":"ListItem","position":2,"name":"Einstellungspl\u00e4ne: Arbeitgeber wollen weniger Personal einstellen"}]},{"@type":"WebSite","@id":"https:\/\/www.organisator.ch\/#website","url":"https:\/\/www.organisator.ch\/","name":"Organizzatore","description":"Competente. Pratico. In 10 numeri all'anno, ORGANISATOR presenta i temi essenziali per i manager delle PMI.","publisher":{"@id":"https:\/\/www.organisator.ch\/#organization"},"potentialAction":[{"@type":"SearchAction","target":{"@type":"EntryPoint","urlTemplate":"https:\/\/www.organisator.ch\/?s={search_term_string}"},"query-input":{"@type":"PropertyValueSpecification","valueRequired":true,"valueName":"search_term_string"}}],"inLanguage":"it-IT"},{"@type":"Organization","@id":"https:\/\/www.organisator.ch\/#organization","name":"Organizzatore","url":"https:\/\/www.organisator.ch\/","logo":{"@type":"ImageObject","inLanguage":"it-IT","@id":"https:\/\/www.organisator.ch\/#\/schema\/logo\/image\/","url":"https:\/\/www.organisator.ch\/wp-content\/uploads\/2022\/01\/Logo_Organisator_Website.png","contentUrl":"https:\/\/www.organisator.ch\/wp-content\/uploads\/2022\/01\/Logo_Organisator_Website.png","width":800,"height":77,"caption":"Organisator"},"image":{"@id":"https:\/\/www.organisator.ch\/#\/schema\/logo\/image\/"},"sameAs":["https:\/\/www.facebook.com\/OrganisatorFachmagazin","https:\/\/www.linkedin.com\/showcase\/organisator-das-magazin-fr-kmu","https:\/\/www.xing.com\/news\/pages\/organisator-ch-695","https:\/\/www.youtube.com\/channel\/UCGP2Sq0iWaZwT3BdIAQFYpw"]},{"@type":"Person","@id":"https:\/\/www.organisator.ch\/#\/schema\/person\/6f650f90b2842cd4c0cc334b4e36f67e","name":"Tommaso.berner","image":{"@type":"ImageObject","inLanguage":"it-IT","@id":"https:\/\/secure.gravatar.com\/avatar\/ac5001d2a36cb6c6cd3e50789007ffca834b477b74a2144564522e944eabff61?s=96&d=mm&r=g","url":"https:\/\/secure.gravatar.com\/avatar\/ac5001d2a36cb6c6cd3e50789007ffca834b477b74a2144564522e944eabff61?s=96&d=mm&r=g","contentUrl":"https:\/\/secure.gravatar.com\/avatar\/ac5001d2a36cb6c6cd3e50789007ffca834b477b74a2144564522e944eabff61?s=96&d=mm&r=g","caption":"thomas.berner"},"url":"https:\/\/www.organisator.ch\/it\/author\/thomas-berner\/"}]}},"_links":{"self":[{"href":"https:\/\/www.organisator.ch\/it\/wp-json\/wp\/v2\/posts\/38803","targetHints":{"allow":["GET"]}}],"collection":[{"href":"https:\/\/www.organisator.ch\/it\/wp-json\/wp\/v2\/posts"}],"about":[{"href":"https:\/\/www.organisator.ch\/it\/wp-json\/wp\/v2\/types\/post"}],"author":[{"embeddable":true,"href":"https:\/\/www.organisator.ch\/it\/wp-json\/wp\/v2\/users\/4"}],"replies":[{"embeddable":true,"href":"https:\/\/www.organisator.ch\/it\/wp-json\/wp\/v2\/comments?post=38803"}],"version-history":[{"count":2,"href":"https:\/\/www.organisator.ch\/it\/wp-json\/wp\/v2\/posts\/38803\/revisions"}],"predecessor-version":[{"id":38826,"href":"https:\/\/www.organisator.ch\/it\/wp-json\/wp\/v2\/posts\/38803\/revisions\/38826"}],"wp:featuredmedia":[{"embeddable":true,"href":"https:\/\/www.organisator.ch\/it\/wp-json\/wp\/v2\/media\/38807"}],"wp:attachment":[{"href":"https:\/\/www.organisator.ch\/it\/wp-json\/wp\/v2\/media?parent=38803"}],"wp:term":[{"taxonomy":"category","embeddable":true,"href":"https:\/\/www.organisator.ch\/it\/wp-json\/wp\/v2\/categories?post=38803"},{"taxonomy":"post_tag","embeddable":true,"href":"https:\/\/www.organisator.ch\/it\/wp-json\/wp\/v2\/tags?post=38803"}],"curies":[{"name":"wp","href":"https:\/\/api.w.org\/{rel}","templated":true}]}}