{"id":38844,"date":"2025-06-11T21:34:09","date_gmt":"2025-06-11T19:34:09","guid":{"rendered":"https:\/\/www.markt-kom.com\/?p=235864"},"modified":"2025-06-12T07:46:40","modified_gmt":"2025-06-12T05:46:40","slug":"zweifel-ist-promarca-brand-of-the-year-2025","status":"publish","type":"post","link":"https:\/\/www.organisator.ch\/it\/marketing\/2025-06-11\/zweifel-ist-promarca-brand-of-the-year-2025\/","title":{"rendered":"Zweifel \u00e8 il marchio Promarca dell'anno 2025"},"content":{"rendered":"<figure id=\"attachment_235872\" class=\"wp-caption alignnone\" style=\"width: 1200px;\" aria-describedby=\"caption-attachment-235872\"><img class=\"wp-image-235872 size-full\" src=\"https:\/\/www.markt-kom.com\/wp-content\/uploads\/2025\/06\/SAE_1464.jpg\" sizes=\"(max-width: 1200px) 100vw, 1200px\" srcset=\"https:\/\/www.markt-kom.com\/wp-content\/uploads\/2025\/06\/SAE_1464.jpg 1200w, https:\/\/www.markt-kom.com\/wp-content\/uploads\/2025\/06\/SAE_1464-600x400.jpg 600w, https:\/\/www.markt-kom.com\/wp-content\/uploads\/2025\/06\/SAE_1464-1024x683.jpg 1024w, https:\/\/www.markt-kom.com\/wp-content\/uploads\/2025\/06\/SAE_1464-768x512.jpg 768w, https:\/\/www.markt-kom.com\/wp-content\/uploads\/2025\/06\/SAE_1464-18x12.jpg 18w, https:\/\/www.markt-kom.com\/wp-content\/uploads\/2025\/06\/SAE_1464-263x175.jpg 263w, https:\/\/www.markt-kom.com\/wp-content\/uploads\/2025\/06\/SAE_1464-525x350.jpg 525w, https:\/\/www.markt-kom.com\/wp-content\/uploads\/2025\/06\/SAE_1464-1000x667.jpg 1000w\" alt=\"\" width=\"1200\" height=\"800\" \/>\r\n<figcaption id=\"caption-attachment-235872\" class=\"wp-caption-text\">1\u00b0 posto: Philip Honegger, Christoph Zweifel (CEO) &amp; Sascha Meier<\/figcaption>\r\n<\/figure>\r\n<p>Il Brand Day si \u00e8 tenuto mercoled\u00ec presso lo stabilimento di produzione di Ricola a Laufen. Oltre 250 ospiti e membri dell'associazione Promarca sono stati assistiti da Ricola con diverse visite guidate che hanno mostrato come le 13 erbe contenute in ogni BonBon Ricola vengono conservate con amore. Gli ospiti hanno potuto ammirare lo stabilimento di produzione e annusare le erbe essiccate. Dopo un pranzo volante in una splendida cornice rurale, \u00e8 iniziato l'evento Promarca, la giornata del marchio.<\/p>\r\n<p>La presidente Monique Bourquin ha fornito una panoramica dettagliata della situazione politica e sociale del settore, sottolineando l'importanza dell'associazione come forte spina dorsale per i suoi membri. Il moderatore ha poi intervistato Barbara Castegnaro, direttrice dell'Associazione Promarca da gennaio. Ha descritto con competenza e lungimiranza l'agenda che ha in mente per il suo ufficio e ha fornito sostegno e fiducia al settore.<\/p>\r\n<p>\u00c8 stato poi consegnato il premio Promarca Brand Award.<\/p>\r\n<p>Il vincitore di quest'anno \u00e8 Zweifel Chips &amp; Snacks, una tradizionale azienda familiare svizzera gi\u00e0 premiata nel 2018.<\/p>\r\n<p><img class=\"alignnone size-full wp-image-235872\" src=\"https:\/\/www.markt-kom.com\/wp-content\/uploads\/2025\/06\/SAE_1464.jpg\" sizes=\"(max-width: 1200px) 100vw, 1200px\" srcset=\"https:\/\/www.markt-kom.com\/wp-content\/uploads\/2025\/06\/SAE_1464.jpg 1200w, https:\/\/www.markt-kom.com\/wp-content\/uploads\/2025\/06\/SAE_1464-600x400.jpg 600w, https:\/\/www.markt-kom.com\/wp-content\/uploads\/2025\/06\/SAE_1464-1024x683.jpg 1024w, https:\/\/www.markt-kom.com\/wp-content\/uploads\/2025\/06\/SAE_1464-768x512.jpg 768w, https:\/\/www.markt-kom.com\/wp-content\/uploads\/2025\/06\/SAE_1464-18x12.jpg 18w, https:\/\/www.markt-kom.com\/wp-content\/uploads\/2025\/06\/SAE_1464-263x175.jpg 263w, https:\/\/www.markt-kom.com\/wp-content\/uploads\/2025\/06\/SAE_1464-525x350.jpg 525w, https:\/\/www.markt-kom.com\/wp-content\/uploads\/2025\/06\/SAE_1464-1000x667.jpg 1000w\" alt=\"\" width=\"1200\" height=\"800\" \/><\/p>\r\n<p>\"Il premio Promarca Brand of the Year \u00e8 un grande onore per noi ed \u00e8 il risultato di un fantastico lavoro di squadra. Per noi \u00e8 pi\u00f9 di un semplice titolo: \u00e8 un voto di fiducia che ci sprona a continuare a dare il meglio ogni giorno\", afferma Christoph Zweifel, CEO di Zweifel Chips &amp; Snacks.<\/p>\r\n<h3><strong>\u00a0<\/strong><strong>Sondaggio rappresentativo dei consumatori con oltre 6.000 partecipanti<\/strong><\/h3>\r\n<p>Il premio si basa su uno studio indipendente condotto da Havas Svizzera su 6.251 consumatori della Svizzera tedesca e francese. Sono stati valutati 396 marchi, compresi quelli dei membri di Promarca. I fattori decisivi sono stati il dinamismo percepito e la fiducia del pubblico nel marchio. Jonas Eliassen, CEO di Havas Svizzera, aggiunge:<\/p>\r\n<p>\"Zweifel vince per la seconda volta il prestigioso premio Promarca Brand of the Year\". Questo eccezionale sviluppo \u00e8 il risultato di una strategia di marchio e di innovazione costantemente perseguita: Con un portafoglio prodotti in costante evoluzione, soluzioni di packaging sostenibili, una vicinanza tangibile al cliente e un'immagine di marca moderna e accattivante, Zweifel dimostra come tradizione e progresso possano essere combinati con successo.\"<\/p>\r\n<h3><strong>Zweifel combina tradizione, forza innovativa e radici locali<\/strong><\/h3>\r\n<p>Zweifel \u00e8 un marchio familiare tradizionale con profonde radici in Svizzera che si concentra sulla vicinanza al cliente, anche attraverso la rete di comunit\u00e0 \"FriendZ\". Il marchio persegue una chiara strategia di innovazione, ad esempio diversificando la sua gamma di snack con marchi come Zweifel VAYA e Berger. Con l'ampliamento della gamma di prodotti e il nuovo stabilimento di Spreitenbach (ZH), l'azienda riafferma il suo impegno per la qualit\u00e0 e la sostenibilit\u00e0 dei posti di lavoro in Svizzera.<\/p>\r\n<figure id=\"attachment_235871\" class=\"wp-caption alignnone\" style=\"width: 1200px;\" aria-describedby=\"caption-attachment-235871\"><img class=\"wp-image-235871 size-full\" src=\"https:\/\/www.markt-kom.com\/wp-content\/uploads\/2025\/06\/SAE_1414.jpg\" sizes=\"(max-width: 1200px) 100vw, 1200px\" srcset=\"https:\/\/www.markt-kom.com\/wp-content\/uploads\/2025\/06\/SAE_1414.jpg 1200w, https:\/\/www.markt-kom.com\/wp-content\/uploads\/2025\/06\/SAE_1414-600x400.jpg 600w, https:\/\/www.markt-kom.com\/wp-content\/uploads\/2025\/06\/SAE_1414-1024x683.jpg 1024w, https:\/\/www.markt-kom.com\/wp-content\/uploads\/2025\/06\/SAE_1414-768x512.jpg 768w, https:\/\/www.markt-kom.com\/wp-content\/uploads\/2025\/06\/SAE_1414-18x12.jpg 18w, https:\/\/www.markt-kom.com\/wp-content\/uploads\/2025\/06\/SAE_1414-263x175.jpg 263w, https:\/\/www.markt-kom.com\/wp-content\/uploads\/2025\/06\/SAE_1414-525x350.jpg 525w, https:\/\/www.markt-kom.com\/wp-content\/uploads\/2025\/06\/SAE_1414-1000x667.jpg 1000w\" alt=\"\" width=\"1200\" height=\"800\" \/>\r\n<figcaption id=\"caption-attachment-235871\" class=\"wp-caption-text\">2\u00b0 posto: Thomas P. Meier (CEO), Daniela Ruoss<\/figcaption>\r\n<\/figure>\r\n<h3><strong>Ricola e Kambly sul podio<\/strong><\/h3>\r\n<p>Ricola si \u00e8 classificata al secondo posto. Il marchio \u00e8 un simbolo della Swissness e colpisce i consumatori per i suoi ingredienti naturali, i metodi di produzione sostenibili, la chiara identit\u00e0 del marchio e l'inconfondibile immagine Ricola.<\/p>\r\n<figure id=\"attachment_235873\" class=\"wp-caption alignnone\" style=\"width: 1200px;\" aria-describedby=\"caption-attachment-235873\"><img class=\"wp-image-235873 size-full\" src=\"https:\/\/www.markt-kom.com\/wp-content\/uploads\/2025\/06\/SAE_1466.jpg\" sizes=\"(max-width: 1200px) 100vw, 1200px\" srcset=\"https:\/\/www.markt-kom.com\/wp-content\/uploads\/2025\/06\/SAE_1466.jpg 1200w, https:\/\/www.markt-kom.com\/wp-content\/uploads\/2025\/06\/SAE_1466-600x400.jpg 600w, https:\/\/www.markt-kom.com\/wp-content\/uploads\/2025\/06\/SAE_1466-1024x683.jpg 1024w, https:\/\/www.markt-kom.com\/wp-content\/uploads\/2025\/06\/SAE_1466-768x512.jpg 768w, https:\/\/www.markt-kom.com\/wp-content\/uploads\/2025\/06\/SAE_1466-18x12.jpg 18w, https:\/\/www.markt-kom.com\/wp-content\/uploads\/2025\/06\/SAE_1466-263x175.jpg 263w, https:\/\/www.markt-kom.com\/wp-content\/uploads\/2025\/06\/SAE_1466-525x350.jpg 525w, https:\/\/www.markt-kom.com\/wp-content\/uploads\/2025\/06\/SAE_1466-1000x667.jpg 1000w\" alt=\"\" width=\"1200\" height=\"800\" \/>\r\n<figcaption id=\"caption-attachment-235873\" class=\"wp-caption-text\">3\u00b0 posto: Tanja Sch\u00fctz, Dania Kambly (Presidente di Verwaltunsgrat), Stefan Stoll<\/figcaption>\r\n<\/figure>\r\n<p>Il terzo posto \u00e8 andato a Kambly. Il marchio di biscotti tradizionali ispira con la sua qualit\u00e0 artigianale, l'innovazione gentile, le esperienze di marca e la capacit\u00e0 di creare un'esperienza di piacere emotivo con ogni prodotto.<\/p>\r\n<h3><strong>I membri di Promarca restano il motore dell'innovazione in Svizzera<\/strong><\/h3>\r\n<p>Promarca \u00e8 lieta di premiare ogni anno i risultati eccezionali dei marchi. La forza innovativa delle aziende associate rimane costantemente elevata: nel 2024, i membri di Promarca hanno lanciato 8.750 nuovi prodotti sul mercato svizzero - una prova impressionante del loro ruolo di pionieri economici e tecnologici. Lo scorso anno, le aziende associate hanno generato un fatturato complessivo di oltre 14,2 miliardi di franchi svizzeri, comprese le esportazioni.<\/p>\r\n<p><img class=\"alignnone size-full wp-image-235874\" src=\"https:\/\/www.markt-kom.com\/wp-content\/uploads\/2025\/06\/Brand_2025_DE.jpeg\" sizes=\"(max-width: 1200px) 100vw, 1200px\" srcset=\"https:\/\/www.markt-kom.com\/wp-content\/uploads\/2025\/06\/Brand_2025_DE.jpeg 1200w, https:\/\/www.markt-kom.com\/wp-content\/uploads\/2025\/06\/Brand_2025_DE-600x338.jpeg 600w, https:\/\/www.markt-kom.com\/wp-content\/uploads\/2025\/06\/Brand_2025_DE-1024x576.jpeg 1024w, https:\/\/www.markt-kom.com\/wp-content\/uploads\/2025\/06\/Brand_2025_DE-768x432.jpeg 768w, https:\/\/www.markt-kom.com\/wp-content\/uploads\/2025\/06\/Brand_2025_DE-18x10.jpeg 18w, https:\/\/www.markt-kom.com\/wp-content\/uploads\/2025\/06\/Brand_2025_DE-311x175.jpeg 311w, https:\/\/www.markt-kom.com\/wp-content\/uploads\/2025\/06\/Brand_2025_DE-622x350.jpeg 622w, https:\/\/www.markt-kom.com\/wp-content\/uploads\/2025\/06\/Brand_2025_DE-1000x563.jpeg 1000w\" alt=\"\" width=\"1200\" height=\"675\" \/><\/p>\r\n<p>&nbsp;<\/p>\r\n<hr \/>\r\n<p><em>Promarca, l'Associazione svizzera dei prodotti di marca, \u00e8 la voce impegnata dei marchi in Svizzera dal 1929. Oggi Promarca annovera tra i suoi membri 102 rinomate aziende nazionali e internazionali. L'associazione si impegna a rappresentare i valori del marchio e a creare condizioni favorevoli per le aziende di marca in Svizzera. Lo scorso anno, le aziende associate hanno generato un fatturato complessivo di oltre 14,2 miliardi di franchi svizzeri, comprese le esportazioni. Le unit\u00e0 di queste aziende con sede in Svizzera creano 18.811 posti di lavoro e investono ogni anno decine di milioni nel Paese. L'industria dei prodotti di marca contribuisce quindi in modo significativo alla competitivit\u00e0 e alla stabilit\u00e0 dell'economia svizzera.<\/em><\/p>","protected":false},"excerpt":{"rendered":"<p>Il prestigioso Promarca Brand of the Year \u00e8 stato assegnato per l'undicesima volta in occasione del Brand Day 2025. Dal 2015, l'associazione svizzera dei prodotti di marca Promarca premia il marchio pi\u00f9 dinamico o affidabile tra i suoi membri.<\/p>","protected":false},"author":8,"featured_media":0,"comment_status":"closed","ping_status":"closed","sticky":false,"template":"","format":"standard","meta":{"_acf_changed":false,"_yoast_wpseo_focuskw":"Promarca","_yoast_wpseo_metadesc":"Am Tag der Marke 2025 wurde zum 11. Mal der renommierte Promarca Brand of the Year verliehen. Zweifel als beliebteste Marke ausgezeichnet.","articlekey":"","footnotes":""},"categories":[29],"tags":[5384,5385,4343,4867,3562,492,3621],"class_list":["post-38844","post","type-post","status-publish","format-standard","hentry","category-marketing","tag-brand-of-the-year","tag-kambly","tag-markom","tag-promarca","tag-ricola","tag-unternehmen","tag-zweifel"],"acf":[],"yoast_head":"<!-- This site is optimized with the Yoast SEO plugin v27.5 - https:\/\/yoast.com\/product\/yoast-seo-wordpress\/ -->\n<title>Zweifel ist Promarca Brand of the Year 2025 - Organisator<\/title>\n<meta name=\"description\" content=\"Am Tag der Marke 2025 wurde zum 11. Mal der renommierte Promarca Brand of the Year verliehen. Zweifel als beliebteste Marke ausgezeichnet.\" \/>\n<meta name=\"robots\" content=\"index, follow, max-snippet:-1, max-image-preview:large, max-video-preview:-1\" \/>\n<link rel=\"canonical\" href=\"https:\/\/www.organisator.ch\/it\/marketing\/2025-06-11\/zweifel-ist-promarca-brand-of-the-year-2025\/\" \/>\n<meta property=\"og:locale\" content=\"it_IT\" \/>\n<meta property=\"og:type\" content=\"article\" \/>\n<meta property=\"og:title\" content=\"Zweifel ist Promarca Brand of the Year 2025 - Organisator\" \/>\n<meta property=\"og:description\" content=\"Am Tag der Marke 2025 wurde zum 11. Mal der renommierte Promarca Brand of the Year verliehen. Zweifel als beliebteste Marke ausgezeichnet.\" \/>\n<meta property=\"og:url\" content=\"https:\/\/www.organisator.ch\/it\/marketing\/2025-06-11\/zweifel-ist-promarca-brand-of-the-year-2025\/\" \/>\n<meta property=\"og:site_name\" content=\"Organisator\" \/>\n<meta property=\"article:publisher\" content=\"https:\/\/www.facebook.com\/OrganisatorFachmagazin\" \/>\n<meta property=\"article:published_time\" content=\"2025-06-11T19:34:09+00:00\" \/>\n<meta property=\"article:modified_time\" content=\"2025-06-12T05:46:40+00:00\" \/>\n<meta name=\"author\" content=\"galledia\" \/>\n<meta name=\"twitter:card\" content=\"summary_large_image\" \/>\n<meta name=\"twitter:creator\" content=\"@admin\" \/>\n<script type=\"application\/ld+json\" class=\"yoast-schema-graph\">{\"@context\":\"https:\\\/\\\/schema.org\",\"@graph\":[{\"@type\":\"Article\",\"@id\":\"https:\\\/\\\/www.organisator.ch\\\/marketing\\\/2025-06-11\\\/zweifel-ist-promarca-brand-of-the-year-2025\\\/#article\",\"isPartOf\":{\"@id\":\"https:\\\/\\\/www.organisator.ch\\\/marketing\\\/2025-06-11\\\/zweifel-ist-promarca-brand-of-the-year-2025\\\/\"},\"author\":{\"name\":\"galledia\",\"@id\":\"https:\\\/\\\/www.organisator.ch\\\/#\\\/schema\\\/person\\\/4e51799071cd2dd1232ac003643ef5f0\"},\"headline\":\"Zweifel ist Promarca Brand of the Year 2025\",\"datePublished\":\"2025-06-11T19:34:09+00:00\",\"dateModified\":\"2025-06-12T05:46:40+00:00\",\"mainEntityOfPage\":{\"@id\":\"https:\\\/\\\/www.organisator.ch\\\/marketing\\\/2025-06-11\\\/zweifel-ist-promarca-brand-of-the-year-2025\\\/\"},\"wordCount\":683,\"publisher\":{\"@id\":\"https:\\\/\\\/www.organisator.ch\\\/#organization\"},\"image\":{\"@id\":\"https:\\\/\\\/www.organisator.ch\\\/marketing\\\/2025-06-11\\\/zweifel-ist-promarca-brand-of-the-year-2025\\\/#primaryimage\"},\"thumbnailUrl\":\"https:\\\/\\\/www.markt-kom.com\\\/wp-content\\\/uploads\\\/2025\\\/06\\\/SAE_1464.jpg\",\"keywords\":[\"Brand of the Year\",\"Kambly\",\"MarKom\",\"Promarca\",\"Ricola\",\"Unternehmen\",\"Zweifel\"],\"articleSection\":[\"MARKETING\"],\"inLanguage\":\"it-IT\"},{\"@type\":\"WebPage\",\"@id\":\"https:\\\/\\\/www.organisator.ch\\\/marketing\\\/2025-06-11\\\/zweifel-ist-promarca-brand-of-the-year-2025\\\/\",\"url\":\"https:\\\/\\\/www.organisator.ch\\\/marketing\\\/2025-06-11\\\/zweifel-ist-promarca-brand-of-the-year-2025\\\/\",\"name\":\"Zweifel ist Promarca Brand of the Year 2025 - Organisator\",\"isPartOf\":{\"@id\":\"https:\\\/\\\/www.organisator.ch\\\/#website\"},\"primaryImageOfPage\":{\"@id\":\"https:\\\/\\\/www.organisator.ch\\\/marketing\\\/2025-06-11\\\/zweifel-ist-promarca-brand-of-the-year-2025\\\/#primaryimage\"},\"image\":{\"@id\":\"https:\\\/\\\/www.organisator.ch\\\/marketing\\\/2025-06-11\\\/zweifel-ist-promarca-brand-of-the-year-2025\\\/#primaryimage\"},\"thumbnailUrl\":\"https:\\\/\\\/www.markt-kom.com\\\/wp-content\\\/uploads\\\/2025\\\/06\\\/SAE_1464.jpg\",\"datePublished\":\"2025-06-11T19:34:09+00:00\",\"dateModified\":\"2025-06-12T05:46:40+00:00\",\"description\":\"Am Tag der Marke 2025 wurde zum 11. Mal der renommierte Promarca Brand of the Year verliehen. Zweifel als beliebteste Marke ausgezeichnet.\",\"breadcrumb\":{\"@id\":\"https:\\\/\\\/www.organisator.ch\\\/marketing\\\/2025-06-11\\\/zweifel-ist-promarca-brand-of-the-year-2025\\\/#breadcrumb\"},\"inLanguage\":\"it-IT\",\"potentialAction\":[{\"@type\":\"ReadAction\",\"target\":[\"https:\\\/\\\/www.organisator.ch\\\/marketing\\\/2025-06-11\\\/zweifel-ist-promarca-brand-of-the-year-2025\\\/\"]}]},{\"@type\":\"ImageObject\",\"inLanguage\":\"it-IT\",\"@id\":\"https:\\\/\\\/www.organisator.ch\\\/marketing\\\/2025-06-11\\\/zweifel-ist-promarca-brand-of-the-year-2025\\\/#primaryimage\",\"url\":\"https:\\\/\\\/www.markt-kom.com\\\/wp-content\\\/uploads\\\/2025\\\/06\\\/SAE_1464.jpg\",\"contentUrl\":\"https:\\\/\\\/www.markt-kom.com\\\/wp-content\\\/uploads\\\/2025\\\/06\\\/SAE_1464.jpg\"},{\"@type\":\"BreadcrumbList\",\"@id\":\"https:\\\/\\\/www.organisator.ch\\\/marketing\\\/2025-06-11\\\/zweifel-ist-promarca-brand-of-the-year-2025\\\/#breadcrumb\",\"itemListElement\":[{\"@type\":\"ListItem\",\"position\":1,\"name\":\"Home\",\"item\":\"https:\\\/\\\/www.organisator.ch\\\/\"},{\"@type\":\"ListItem\",\"position\":2,\"name\":\"Zweifel ist Promarca Brand of the Year 2025\"}]},{\"@type\":\"WebSite\",\"@id\":\"https:\\\/\\\/www.organisator.ch\\\/#website\",\"url\":\"https:\\\/\\\/www.organisator.ch\\\/\",\"name\":\"Organisator\",\"description\":\"Kompetent. Praxisnah. Der ORGANISATOR bereitet in 10 Ausgaben pro Jahr die wesentlichen Themen f\u00fcr F\u00fchrungskr\u00e4fte von KMU auf.\",\"publisher\":{\"@id\":\"https:\\\/\\\/www.organisator.ch\\\/#organization\"},\"potentialAction\":[{\"@type\":\"SearchAction\",\"target\":{\"@type\":\"EntryPoint\",\"urlTemplate\":\"https:\\\/\\\/www.organisator.ch\\\/?s={search_term_string}\"},\"query-input\":{\"@type\":\"PropertyValueSpecification\",\"valueRequired\":true,\"valueName\":\"search_term_string\"}}],\"inLanguage\":\"it-IT\"},{\"@type\":\"Organization\",\"@id\":\"https:\\\/\\\/www.organisator.ch\\\/#organization\",\"name\":\"Organisator\",\"url\":\"https:\\\/\\\/www.organisator.ch\\\/\",\"logo\":{\"@type\":\"ImageObject\",\"inLanguage\":\"it-IT\",\"@id\":\"https:\\\/\\\/www.organisator.ch\\\/#\\\/schema\\\/logo\\\/image\\\/\",\"url\":\"https:\\\/\\\/www.organisator.ch\\\/wp-content\\\/uploads\\\/2022\\\/01\\\/Logo_Organisator_Website.png\",\"contentUrl\":\"https:\\\/\\\/www.organisator.ch\\\/wp-content\\\/uploads\\\/2022\\\/01\\\/Logo_Organisator_Website.png\",\"width\":800,\"height\":77,\"caption\":\"Organisator\"},\"image\":{\"@id\":\"https:\\\/\\\/www.organisator.ch\\\/#\\\/schema\\\/logo\\\/image\\\/\"},\"sameAs\":[\"https:\\\/\\\/www.facebook.com\\\/OrganisatorFachmagazin\",\"https:\\\/\\\/www.linkedin.com\\\/showcase\\\/organisator-das-magazin-fr-kmu\",\"https:\\\/\\\/www.xing.com\\\/news\\\/pages\\\/organisator-ch-695\",\"https:\\\/\\\/www.youtube.com\\\/channel\\\/UCGP2Sq0iWaZwT3BdIAQFYpw\"]},{\"@type\":\"Person\",\"@id\":\"https:\\\/\\\/www.organisator.ch\\\/#\\\/schema\\\/person\\\/4e51799071cd2dd1232ac003643ef5f0\",\"name\":\"galledia\",\"image\":{\"@type\":\"ImageObject\",\"inLanguage\":\"it-IT\",\"@id\":\"https:\\\/\\\/secure.gravatar.com\\\/avatar\\\/78a7f90c01fc2bfc875782a0d4922b37cde2cf184ce347b91316d23cd7f69a36?s=96&d=mm&r=g\",\"url\":\"https:\\\/\\\/secure.gravatar.com\\\/avatar\\\/78a7f90c01fc2bfc875782a0d4922b37cde2cf184ce347b91316d23cd7f69a36?s=96&d=mm&r=g\",\"contentUrl\":\"https:\\\/\\\/secure.gravatar.com\\\/avatar\\\/78a7f90c01fc2bfc875782a0d4922b37cde2cf184ce347b91316d23cd7f69a36?s=96&d=mm&r=g\",\"caption\":\"galledia\"},\"sameAs\":[\"https:\\\/\\\/x.com\\\/admin\"],\"url\":\"https:\\\/\\\/www.organisator.ch\\\/it\\\/author\\\/galledia\\\/\"}]}<\/script>\n<!-- \/ Yoast SEO plugin. -->","yoast_head_json":{"title":"Zweifel \u00e8 il marchio Promarca dell'anno 2025 - Organizzatore","description":"In occasione del Brand Day 2025, il prestigioso Promarca Brand of the Year \u00e8 stato assegnato per l'undicesima volta. Zweifel \u00e8 stato premiato come il marchio pi\u00f9 popolare.","robots":{"index":"index","follow":"follow","max-snippet":"max-snippet:-1","max-image-preview":"max-image-preview:large","max-video-preview":"max-video-preview:-1"},"canonical":"https:\/\/www.organisator.ch\/it\/marketing\/2025-06-11\/zweifel-ist-promarca-brand-of-the-year-2025\/","og_locale":"it_IT","og_type":"article","og_title":"Zweifel ist Promarca Brand of the Year 2025 - Organisator","og_description":"Am Tag der Marke 2025 wurde zum 11. Mal der renommierte Promarca Brand of the Year verliehen. Zweifel als beliebteste Marke ausgezeichnet.","og_url":"https:\/\/www.organisator.ch\/it\/marketing\/2025-06-11\/zweifel-ist-promarca-brand-of-the-year-2025\/","og_site_name":"Organisator","article_publisher":"https:\/\/www.facebook.com\/OrganisatorFachmagazin","article_published_time":"2025-06-11T19:34:09+00:00","article_modified_time":"2025-06-12T05:46:40+00:00","author":"galledia","twitter_card":"summary_large_image","twitter_creator":"@admin","schema":{"@context":"https:\/\/schema.org","@graph":[{"@type":"Article","@id":"https:\/\/www.organisator.ch\/marketing\/2025-06-11\/zweifel-ist-promarca-brand-of-the-year-2025\/#article","isPartOf":{"@id":"https:\/\/www.organisator.ch\/marketing\/2025-06-11\/zweifel-ist-promarca-brand-of-the-year-2025\/"},"author":{"name":"galledia","@id":"https:\/\/www.organisator.ch\/#\/schema\/person\/4e51799071cd2dd1232ac003643ef5f0"},"headline":"Zweifel ist Promarca Brand of the Year 2025","datePublished":"2025-06-11T19:34:09+00:00","dateModified":"2025-06-12T05:46:40+00:00","mainEntityOfPage":{"@id":"https:\/\/www.organisator.ch\/marketing\/2025-06-11\/zweifel-ist-promarca-brand-of-the-year-2025\/"},"wordCount":683,"publisher":{"@id":"https:\/\/www.organisator.ch\/#organization"},"image":{"@id":"https:\/\/www.organisator.ch\/marketing\/2025-06-11\/zweifel-ist-promarca-brand-of-the-year-2025\/#primaryimage"},"thumbnailUrl":"https:\/\/www.markt-kom.com\/wp-content\/uploads\/2025\/06\/SAE_1464.jpg","keywords":["Brand of the Year","Kambly","MarKom","Promarca","Ricola","Unternehmen","Zweifel"],"articleSection":["MARKETING"],"inLanguage":"it-IT"},{"@type":"WebPage","@id":"https:\/\/www.organisator.ch\/marketing\/2025-06-11\/zweifel-ist-promarca-brand-of-the-year-2025\/","url":"https:\/\/www.organisator.ch\/marketing\/2025-06-11\/zweifel-ist-promarca-brand-of-the-year-2025\/","name":"Zweifel \u00e8 il marchio Promarca dell'anno 2025 - Organizzatore","isPartOf":{"@id":"https:\/\/www.organisator.ch\/#website"},"primaryImageOfPage":{"@id":"https:\/\/www.organisator.ch\/marketing\/2025-06-11\/zweifel-ist-promarca-brand-of-the-year-2025\/#primaryimage"},"image":{"@id":"https:\/\/www.organisator.ch\/marketing\/2025-06-11\/zweifel-ist-promarca-brand-of-the-year-2025\/#primaryimage"},"thumbnailUrl":"https:\/\/www.markt-kom.com\/wp-content\/uploads\/2025\/06\/SAE_1464.jpg","datePublished":"2025-06-11T19:34:09+00:00","dateModified":"2025-06-12T05:46:40+00:00","description":"In occasione del Brand Day 2025, il prestigioso Promarca Brand of the Year \u00e8 stato assegnato per l'undicesima volta. Zweifel \u00e8 stato premiato come il marchio pi\u00f9 popolare.","breadcrumb":{"@id":"https:\/\/www.organisator.ch\/marketing\/2025-06-11\/zweifel-ist-promarca-brand-of-the-year-2025\/#breadcrumb"},"inLanguage":"it-IT","potentialAction":[{"@type":"ReadAction","target":["https:\/\/www.organisator.ch\/marketing\/2025-06-11\/zweifel-ist-promarca-brand-of-the-year-2025\/"]}]},{"@type":"ImageObject","inLanguage":"it-IT","@id":"https:\/\/www.organisator.ch\/marketing\/2025-06-11\/zweifel-ist-promarca-brand-of-the-year-2025\/#primaryimage","url":"https:\/\/www.markt-kom.com\/wp-content\/uploads\/2025\/06\/SAE_1464.jpg","contentUrl":"https:\/\/www.markt-kom.com\/wp-content\/uploads\/2025\/06\/SAE_1464.jpg"},{"@type":"BreadcrumbList","@id":"https:\/\/www.organisator.ch\/marketing\/2025-06-11\/zweifel-ist-promarca-brand-of-the-year-2025\/#breadcrumb","itemListElement":[{"@type":"ListItem","position":1,"name":"Home","item":"https:\/\/www.organisator.ch\/"},{"@type":"ListItem","position":2,"name":"Zweifel ist Promarca Brand of the Year 2025"}]},{"@type":"WebSite","@id":"https:\/\/www.organisator.ch\/#website","url":"https:\/\/www.organisator.ch\/","name":"Organizzatore","description":"Competente. Pratico. In 10 numeri all'anno, ORGANISATOR presenta i temi essenziali per i manager delle PMI.","publisher":{"@id":"https:\/\/www.organisator.ch\/#organization"},"potentialAction":[{"@type":"SearchAction","target":{"@type":"EntryPoint","urlTemplate":"https:\/\/www.organisator.ch\/?s={search_term_string}"},"query-input":{"@type":"PropertyValueSpecification","valueRequired":true,"valueName":"search_term_string"}}],"inLanguage":"it-IT"},{"@type":"Organization","@id":"https:\/\/www.organisator.ch\/#organization","name":"Organizzatore","url":"https:\/\/www.organisator.ch\/","logo":{"@type":"ImageObject","inLanguage":"it-IT","@id":"https:\/\/www.organisator.ch\/#\/schema\/logo\/image\/","url":"https:\/\/www.organisator.ch\/wp-content\/uploads\/2022\/01\/Logo_Organisator_Website.png","contentUrl":"https:\/\/www.organisator.ch\/wp-content\/uploads\/2022\/01\/Logo_Organisator_Website.png","width":800,"height":77,"caption":"Organisator"},"image":{"@id":"https:\/\/www.organisator.ch\/#\/schema\/logo\/image\/"},"sameAs":["https:\/\/www.facebook.com\/OrganisatorFachmagazin","https:\/\/www.linkedin.com\/showcase\/organisator-das-magazin-fr-kmu","https:\/\/www.xing.com\/news\/pages\/organisator-ch-695","https:\/\/www.youtube.com\/channel\/UCGP2Sq0iWaZwT3BdIAQFYpw"]},{"@type":"Person","@id":"https:\/\/www.organisator.ch\/#\/schema\/person\/4e51799071cd2dd1232ac003643ef5f0","name":"galledia","image":{"@type":"ImageObject","inLanguage":"it-IT","@id":"https:\/\/secure.gravatar.com\/avatar\/78a7f90c01fc2bfc875782a0d4922b37cde2cf184ce347b91316d23cd7f69a36?s=96&d=mm&r=g","url":"https:\/\/secure.gravatar.com\/avatar\/78a7f90c01fc2bfc875782a0d4922b37cde2cf184ce347b91316d23cd7f69a36?s=96&d=mm&r=g","contentUrl":"https:\/\/secure.gravatar.com\/avatar\/78a7f90c01fc2bfc875782a0d4922b37cde2cf184ce347b91316d23cd7f69a36?s=96&d=mm&r=g","caption":"galledia"},"sameAs":["https:\/\/x.com\/admin"],"url":"https:\/\/www.organisator.ch\/it\/author\/galledia\/"}]}},"_links":{"self":[{"href":"https:\/\/www.organisator.ch\/it\/wp-json\/wp\/v2\/posts\/38844","targetHints":{"allow":["GET"]}}],"collection":[{"href":"https:\/\/www.organisator.ch\/it\/wp-json\/wp\/v2\/posts"}],"about":[{"href":"https:\/\/www.organisator.ch\/it\/wp-json\/wp\/v2\/types\/post"}],"author":[{"embeddable":true,"href":"https:\/\/www.organisator.ch\/it\/wp-json\/wp\/v2\/users\/8"}],"replies":[{"embeddable":true,"href":"https:\/\/www.organisator.ch\/it\/wp-json\/wp\/v2\/comments?post=38844"}],"version-history":[{"count":4,"href":"https:\/\/www.organisator.ch\/it\/wp-json\/wp\/v2\/posts\/38844\/revisions"}],"predecessor-version":[{"id":38852,"href":"https:\/\/www.organisator.ch\/it\/wp-json\/wp\/v2\/posts\/38844\/revisions\/38852"}],"wp:attachment":[{"href":"https:\/\/www.organisator.ch\/it\/wp-json\/wp\/v2\/media?parent=38844"}],"wp:term":[{"taxonomy":"category","embeddable":true,"href":"https:\/\/www.organisator.ch\/it\/wp-json\/wp\/v2\/categories?post=38844"},{"taxonomy":"post_tag","embeddable":true,"href":"https:\/\/www.organisator.ch\/it\/wp-json\/wp\/v2\/tags?post=38844"}],"curies":[{"name":"wp","href":"https:\/\/api.w.org\/{rel}","templated":true}]}}