{"id":38849,"date":"2025-06-12T07:42:26","date_gmt":"2025-06-12T05:42:26","guid":{"rendered":"https:\/\/www.organisator.ch\/?p=38849"},"modified":"2025-06-12T07:42:26","modified_gmt":"2025-06-12T05:42:26","slug":"die-elektronws-ag-basel-wird-von-der-builtech-group-uebernommen","status":"publish","type":"post","link":"https:\/\/www.organisator.ch\/it\/management\/2025-06-12\/die-elektronws-ag-basel-wird-von-der-builtech-group-uebernommen\/","title":{"rendered":"elektroNWS AG Basilea viene rilevata dal Gruppo Builtech"},"content":{"rendered":"<figure id=\"attachment_38850\" aria-describedby=\"caption-attachment-38850\" style=\"width: 680px\" class=\"wp-caption alignnone\"><img loading=\"lazy\" decoding=\"async\" class=\"size-full wp-image-38850\" src=\"https:\/\/www.organisator.ch\/wp-content\/uploads\/2025\/06\/Die-elektroNWS-AG-Basel-wird-von-der-Builtech-Group-uebernommen_Organisator.jpg\" alt=\"\" width=\"680\" height=\"419\" srcset=\"https:\/\/www.organisator.ch\/wp-content\/uploads\/2025\/06\/Die-elektroNWS-AG-Basel-wird-von-der-Builtech-Group-uebernommen_Organisator.jpg 680w, https:\/\/www.organisator.ch\/wp-content\/uploads\/2025\/06\/Die-elektroNWS-AG-Basel-wird-von-der-Builtech-Group-uebernommen_Organisator-18x12.jpg 18w, https:\/\/www.organisator.ch\/wp-content\/uploads\/2025\/06\/Die-elektroNWS-AG-Basel-wird-von-der-Builtech-Group-uebernommen_Organisator-375x231.jpg 375w, https:\/\/www.organisator.ch\/wp-content\/uploads\/2025\/06\/Die-elektroNWS-AG-Basel-wird-von-der-Builtech-Group-uebernommen_Organisator-568x350.jpg 568w\" sizes=\"auto, (max-width: 680px) 100vw, 680px\" \/><figcaption id=\"caption-attachment-38850\" class=\"wp-caption-text\">Acquisizione di elektroNWS AG da parte del Gruppo Builtech: da destra a sinistra: Maurice Freiherr von Dalwigk, Mehmet Kum, Bahattin Ates e Lennart Neuhaus (da sinistra a destra). Immagine: zVg \/ Builtech Group.<\/figcaption><\/figure>\n<p>elektroNWS AG, un importante fornitore di servizi elettronici con sede nel cantone di Basilea Campagna, \u00e8 cresciuta costantemente fino a raggiungere i 130 dipendenti dalla sua fondazione nel 2013. L'azienda vanta una forte posizione di mercato e una vasta esperienza nel campo dei progetti elettrici di grandi dimensioni ed \u00e8 una delle poche aziende della regione in grado di gestire progetti di qualsiasi dimensione. Con oltre 30 apprendisti, l'azienda contribuisce attivamente a garantire una manodopera qualificata nella regione. L'azienda si concentra su progetti B2B impegnativi ed \u00e8 un partner ricercato, in particolare per strutture sanitarie\/edifici commerciali\/sviluppi residenziali\/energie rinnovabili.<\/p>\n<h3>Espansione strategica in Svizzera<\/h3>\n<p>L'azienda \u00e8 stata acquisita da Builtech Group. Builtech \u00e8 un gruppo in crescita dinamica che conta attualmente 51 aziende leader e oltre 2.000 dipendenti nei Paesi di lingua tedesca (DACH) e in Svezia. Con l'acquisizione di elektroNWS AG, il gruppo sta espandendo in modo significativo la sua presenza in Svizzera. L'azienda completa il portafoglio di servizi nel campo dell'ingegneria elettrica, un settore chiave per la transizione energetica nel settore edilizio. \"Con elektroNWS AG acquisiamo un'azienda economicamente forte. Siamo chiaramente sulla strada della crescita in un mercato importante\", afferma Maurice Freiherr von Dalwigk, CEO del Gruppo Builtech. \"Basilea \u00e8 una citt\u00e0 strategicamente importante per noi. L'acquisizione ci permetter\u00e0 di offrire ai clienti della regione una gamma completa di servizi MEP in futuro\", continua von Dalwigk.<\/p>\n<h3>Builtech si concentra sulla crescita decentralizzata con partner forti<\/h3>\n<p>Il Gruppo Builtech persegue una strategia chiara: espandere le competenze tecniche e la presenza regionale attraverso l'acquisizione di forti aziende locali. Le aziende mantengono la loro identit\u00e0 e beneficiano di sinergie a livello di Gruppo. In Svizzera, Builtech \u00e8 gi\u00e0 attiva a Zurigo; ora si aggiunge la regione della Svizzera nordoccidentale, con Basilea come secondo obiettivo strategico e la regione economica pi\u00f9 forte della Svizzera. elektroNWS completa perfettamente la Emi AG di Zurigo, specializzata in impianti idraulici e di riscaldamento e prima societ\u00e0 del Gruppo in Svizzera. \"Non vediamo l'ora di entrare a far parte di un gruppo forte che non solo \u00e8 presente in Svizzera, ma anche nel resto del mondo.<br \/>\n\u00e8 attivo in tutta la regione DACH e oltre. Saremo in grado di apportare al gruppo competenze e conoscenze preziose. In cambio, beneficeremo dell'esperienza di Builtech in settori quali la finanza, il marketing e il reclutamento\", afferma l'amministratore delegato e comproprietario Bahattin Ates. \"Come parte del Gruppo Builtech, saremo in grado di consolidare ed espandere ulteriormente la nostra posizione sul mercato\", aggiunge l'azionista di maggioranza Mehmet Kum. Bahattin Ates continuer\u00e0 ad essere responsabile come amministratore delegato. Kum sar\u00e0 disponibile in qualit\u00e0 di consulente per dodici mesi e poi si dedicher\u00e0 ad altri argomenti.<\/p>\n<p>Builtech afferma di avere in programma ulteriori acquisizioni. \"Effettuiamo investimenti mirati in aziende di successo economico e gestite in modo imprenditoriale con radici regionali. A queste aziende offriamo prospettive di crescita a lungo termine, in termini di attivit\u00e0, personale e tecnologia\", sottolinea von Dalwigk.<\/p>\n<p><em>Fonte e ulteriori informazioni: <a href=\"http:\/\/www.builtech.de\">www.builtech.de<\/a><\/em><\/p>","protected":false},"excerpt":{"rendered":"<p>Il Gruppo Builtech, attivo a livello internazionale, prosegue la sua strategia di crescita in Svizzera con l'acquisizione dell'azienda basilese elektroNWS AG, uno dei principali fornitori di servizi di ingegneria elettrica della regione con 130 dipendenti. <\/p>","protected":false},"author":4,"featured_media":38850,"comment_status":"closed","ping_status":"closed","sticky":false,"template":"","format":"standard","meta":{"_acf_changed":false,"_yoast_wpseo_focuskw":"elektroNWS","_yoast_wpseo_metadesc":"Die international t\u00e4tige Builtech Group setzt ihren Wachstumskurs in der Schweiz fort und \u00fcbernimmt die in Basel ans\u00e4ssige elektroNWS AG.","articlekey":"","footnotes":""},"categories":[28],"tags":[35,5386,335,492],"class_list":["post-38849","post","type-post","status-publish","format-standard","has-post-thumbnail","hentry","category-management","tag-akquisition","tag-gebaeudetechnik","tag-management-und-unternehmensfuehrung","tag-unternehmen"],"acf":[],"yoast_head":"<!-- This site is optimized with the Yoast SEO plugin v27.5 - https:\/\/yoast.com\/product\/yoast-seo-wordpress\/ -->\n<title>Die elektroNWS AG Basel wird von der Builtech Group \u00fcbernommen - Organisator<\/title>\n<meta name=\"description\" content=\"Die international t\u00e4tige Builtech Group setzt ihren Wachstumskurs in der Schweiz fort und \u00fcbernimmt die in Basel ans\u00e4ssige elektroNWS AG.\" \/>\n<meta name=\"robots\" content=\"index, follow, max-snippet:-1, max-image-preview:large, max-video-preview:-1\" \/>\n<link rel=\"canonical\" href=\"https:\/\/www.organisator.ch\/it\/gestione-2\/2025-06-12\/die-elektronws-ag-basel-wird-von-der-builtech-group-uebernommen\/\" \/>\n<meta property=\"og:locale\" content=\"it_IT\" \/>\n<meta property=\"og:type\" content=\"article\" \/>\n<meta property=\"og:title\" content=\"Die elektroNWS AG Basel wird von der Builtech Group \u00fcbernommen\" \/>\n<meta property=\"og:description\" content=\"Die international t\u00e4tige Builtech Group setzt ihren Wachstumskurs in der Schweiz fort und \u00fcbernimmt die in Basel ans\u00e4ssige elektroNWS AG.\" \/>\n<meta property=\"og:url\" content=\"https:\/\/www.organisator.ch\/it\/gestione-2\/2025-06-12\/die-elektronws-ag-basel-wird-von-der-builtech-group-uebernommen\/\" \/>\n<meta property=\"og:site_name\" content=\"Organisator\" \/>\n<meta property=\"article:publisher\" content=\"https:\/\/www.facebook.com\/OrganisatorFachmagazin\" \/>\n<meta property=\"article:published_time\" content=\"2025-06-12T05:42:26+00:00\" \/>\n<meta property=\"og:image\" content=\"https:\/\/www.organisator.ch\/wp-content\/uploads\/2025\/06\/Die-elektroNWS-AG-Basel-wird-von-der-Builtech-Group-uebernommen_Organisator.jpg\" \/>\n\t<meta property=\"og:image:width\" content=\"680\" \/>\n\t<meta property=\"og:image:height\" content=\"419\" \/>\n\t<meta property=\"og:image:type\" content=\"image\/jpeg\" \/>\n<meta name=\"author\" content=\"thomas.berner\" \/>\n<meta name=\"twitter:card\" content=\"summary_large_image\" \/>\n<meta name=\"twitter:title\" content=\"Die #elektroNWS AG Basel wird von der #Builtech Group \u00fcbernommen\" \/>\n<meta name=\"twitter:description\" content=\"Die international t\u00e4tige #Builtech Group setzt ihren Wachstumskurs in der Schweiz fort und \u00fcbernimmt die in Basel ans\u00e4ssige #elektroNWS AG.\" \/>\n<meta name=\"twitter:image\" content=\"https:\/\/www.organisator.ch\/wp-content\/uploads\/2025\/06\/Die-elektroNWS-AG-Basel-wird-von-der-Builtech-Group-uebernommen_Organisator.jpg\" \/>\n<script type=\"application\/ld+json\" class=\"yoast-schema-graph\">{\"@context\":\"https:\\\/\\\/schema.org\",\"@graph\":[{\"@type\":\"Article\",\"@id\":\"https:\\\/\\\/www.organisator.ch\\\/management\\\/2025-06-12\\\/die-elektronws-ag-basel-wird-von-der-builtech-group-uebernommen\\\/#article\",\"isPartOf\":{\"@id\":\"https:\\\/\\\/www.organisator.ch\\\/management\\\/2025-06-12\\\/die-elektronws-ag-basel-wird-von-der-builtech-group-uebernommen\\\/\"},\"author\":{\"name\":\"thomas.berner\",\"@id\":\"https:\\\/\\\/www.organisator.ch\\\/#\\\/schema\\\/person\\\/6f650f90b2842cd4c0cc334b4e36f67e\"},\"headline\":\"Die elektroNWS AG Basel wird von der Builtech Group \u00fcbernommen\",\"datePublished\":\"2025-06-12T05:42:26+00:00\",\"mainEntityOfPage\":{\"@id\":\"https:\\\/\\\/www.organisator.ch\\\/management\\\/2025-06-12\\\/die-elektronws-ag-basel-wird-von-der-builtech-group-uebernommen\\\/\"},\"wordCount\":523,\"publisher\":{\"@id\":\"https:\\\/\\\/www.organisator.ch\\\/#organization\"},\"image\":{\"@id\":\"https:\\\/\\\/www.organisator.ch\\\/management\\\/2025-06-12\\\/die-elektronws-ag-basel-wird-von-der-builtech-group-uebernommen\\\/#primaryimage\"},\"thumbnailUrl\":\"https:\\\/\\\/www.organisator.ch\\\/wp-content\\\/uploads\\\/2025\\\/06\\\/Die-elektroNWS-AG-Basel-wird-von-der-Builtech-Group-uebernommen_Organisator.jpg\",\"keywords\":[\"Akquisition\",\"Geb\u00e4udetechnik\",\"Management und Unternehmensf\u00fchrung\",\"Unternehmen\"],\"articleSection\":[\"MANAGEMENT\"],\"inLanguage\":\"it-IT\"},{\"@type\":\"WebPage\",\"@id\":\"https:\\\/\\\/www.organisator.ch\\\/management\\\/2025-06-12\\\/die-elektronws-ag-basel-wird-von-der-builtech-group-uebernommen\\\/\",\"url\":\"https:\\\/\\\/www.organisator.ch\\\/management\\\/2025-06-12\\\/die-elektronws-ag-basel-wird-von-der-builtech-group-uebernommen\\\/\",\"name\":\"Die elektroNWS AG Basel wird von der Builtech Group \u00fcbernommen - Organisator\",\"isPartOf\":{\"@id\":\"https:\\\/\\\/www.organisator.ch\\\/#website\"},\"primaryImageOfPage\":{\"@id\":\"https:\\\/\\\/www.organisator.ch\\\/management\\\/2025-06-12\\\/die-elektronws-ag-basel-wird-von-der-builtech-group-uebernommen\\\/#primaryimage\"},\"image\":{\"@id\":\"https:\\\/\\\/www.organisator.ch\\\/management\\\/2025-06-12\\\/die-elektronws-ag-basel-wird-von-der-builtech-group-uebernommen\\\/#primaryimage\"},\"thumbnailUrl\":\"https:\\\/\\\/www.organisator.ch\\\/wp-content\\\/uploads\\\/2025\\\/06\\\/Die-elektroNWS-AG-Basel-wird-von-der-Builtech-Group-uebernommen_Organisator.jpg\",\"datePublished\":\"2025-06-12T05:42:26+00:00\",\"description\":\"Die international t\u00e4tige Builtech Group setzt ihren Wachstumskurs in der Schweiz fort und \u00fcbernimmt die in Basel ans\u00e4ssige elektroNWS AG.\",\"breadcrumb\":{\"@id\":\"https:\\\/\\\/www.organisator.ch\\\/management\\\/2025-06-12\\\/die-elektronws-ag-basel-wird-von-der-builtech-group-uebernommen\\\/#breadcrumb\"},\"inLanguage\":\"it-IT\",\"potentialAction\":[{\"@type\":\"ReadAction\",\"target\":[\"https:\\\/\\\/www.organisator.ch\\\/management\\\/2025-06-12\\\/die-elektronws-ag-basel-wird-von-der-builtech-group-uebernommen\\\/\"]}]},{\"@type\":\"ImageObject\",\"inLanguage\":\"it-IT\",\"@id\":\"https:\\\/\\\/www.organisator.ch\\\/management\\\/2025-06-12\\\/die-elektronws-ag-basel-wird-von-der-builtech-group-uebernommen\\\/#primaryimage\",\"url\":\"https:\\\/\\\/www.organisator.ch\\\/wp-content\\\/uploads\\\/2025\\\/06\\\/Die-elektroNWS-AG-Basel-wird-von-der-Builtech-Group-uebernommen_Organisator.jpg\",\"contentUrl\":\"https:\\\/\\\/www.organisator.ch\\\/wp-content\\\/uploads\\\/2025\\\/06\\\/Die-elektroNWS-AG-Basel-wird-von-der-Builtech-Group-uebernommen_Organisator.jpg\",\"width\":680,\"height\":419,\"caption\":\"\u00dcbernahme der elektroNWS AG durch die Builtech Group: Von rechts nach links: Maurice Freiherr von Dalwigk, Mehmet Kum, Bahattin Ates und Lennart Neuhaus (v.l.n.r.). Bild: zVg \\\/ Builtech Group.\"},{\"@type\":\"BreadcrumbList\",\"@id\":\"https:\\\/\\\/www.organisator.ch\\\/management\\\/2025-06-12\\\/die-elektronws-ag-basel-wird-von-der-builtech-group-uebernommen\\\/#breadcrumb\",\"itemListElement\":[{\"@type\":\"ListItem\",\"position\":1,\"name\":\"Home\",\"item\":\"https:\\\/\\\/www.organisator.ch\\\/\"},{\"@type\":\"ListItem\",\"position\":2,\"name\":\"Die elektroNWS AG Basel wird von der Builtech Group \u00fcbernommen\"}]},{\"@type\":\"WebSite\",\"@id\":\"https:\\\/\\\/www.organisator.ch\\\/#website\",\"url\":\"https:\\\/\\\/www.organisator.ch\\\/\",\"name\":\"Organisator\",\"description\":\"Kompetent. Praxisnah. Der ORGANISATOR bereitet in 10 Ausgaben pro Jahr die wesentlichen Themen f\u00fcr F\u00fchrungskr\u00e4fte von KMU auf.\",\"publisher\":{\"@id\":\"https:\\\/\\\/www.organisator.ch\\\/#organization\"},\"potentialAction\":[{\"@type\":\"SearchAction\",\"target\":{\"@type\":\"EntryPoint\",\"urlTemplate\":\"https:\\\/\\\/www.organisator.ch\\\/?s={search_term_string}\"},\"query-input\":{\"@type\":\"PropertyValueSpecification\",\"valueRequired\":true,\"valueName\":\"search_term_string\"}}],\"inLanguage\":\"it-IT\"},{\"@type\":\"Organization\",\"@id\":\"https:\\\/\\\/www.organisator.ch\\\/#organization\",\"name\":\"Organisator\",\"url\":\"https:\\\/\\\/www.organisator.ch\\\/\",\"logo\":{\"@type\":\"ImageObject\",\"inLanguage\":\"it-IT\",\"@id\":\"https:\\\/\\\/www.organisator.ch\\\/#\\\/schema\\\/logo\\\/image\\\/\",\"url\":\"https:\\\/\\\/www.organisator.ch\\\/wp-content\\\/uploads\\\/2022\\\/01\\\/Logo_Organisator_Website.png\",\"contentUrl\":\"https:\\\/\\\/www.organisator.ch\\\/wp-content\\\/uploads\\\/2022\\\/01\\\/Logo_Organisator_Website.png\",\"width\":800,\"height\":77,\"caption\":\"Organisator\"},\"image\":{\"@id\":\"https:\\\/\\\/www.organisator.ch\\\/#\\\/schema\\\/logo\\\/image\\\/\"},\"sameAs\":[\"https:\\\/\\\/www.facebook.com\\\/OrganisatorFachmagazin\",\"https:\\\/\\\/www.linkedin.com\\\/showcase\\\/organisator-das-magazin-fr-kmu\",\"https:\\\/\\\/www.xing.com\\\/news\\\/pages\\\/organisator-ch-695\",\"https:\\\/\\\/www.youtube.com\\\/channel\\\/UCGP2Sq0iWaZwT3BdIAQFYpw\"]},{\"@type\":\"Person\",\"@id\":\"https:\\\/\\\/www.organisator.ch\\\/#\\\/schema\\\/person\\\/6f650f90b2842cd4c0cc334b4e36f67e\",\"name\":\"thomas.berner\",\"image\":{\"@type\":\"ImageObject\",\"inLanguage\":\"it-IT\",\"@id\":\"https:\\\/\\\/secure.gravatar.com\\\/avatar\\\/ac5001d2a36cb6c6cd3e50789007ffca834b477b74a2144564522e944eabff61?s=96&d=mm&r=g\",\"url\":\"https:\\\/\\\/secure.gravatar.com\\\/avatar\\\/ac5001d2a36cb6c6cd3e50789007ffca834b477b74a2144564522e944eabff61?s=96&d=mm&r=g\",\"contentUrl\":\"https:\\\/\\\/secure.gravatar.com\\\/avatar\\\/ac5001d2a36cb6c6cd3e50789007ffca834b477b74a2144564522e944eabff61?s=96&d=mm&r=g\",\"caption\":\"thomas.berner\"},\"url\":\"https:\\\/\\\/www.organisator.ch\\\/it\\\/author\\\/thomas-berner\\\/\"}]}<\/script>\n<!-- \/ Yoast SEO plugin. -->","yoast_head_json":{"title":"elektroNWS AG Basilea viene rilevata dal Gruppo Builtech - Organizzatore","description":"Il Gruppo Builtech, attivo a livello internazionale, continua il suo percorso di crescita in Svizzera e acquisisce l'azienda basilese elektroNWS AG.","robots":{"index":"index","follow":"follow","max-snippet":"max-snippet:-1","max-image-preview":"max-image-preview:large","max-video-preview":"max-video-preview:-1"},"canonical":"https:\/\/www.organisator.ch\/it\/gestione-2\/2025-06-12\/die-elektronws-ag-basel-wird-von-der-builtech-group-uebernommen\/","og_locale":"it_IT","og_type":"article","og_title":"Die elektroNWS AG Basel wird von der Builtech Group \u00fcbernommen","og_description":"Die international t\u00e4tige Builtech Group setzt ihren Wachstumskurs in der Schweiz fort und \u00fcbernimmt die in Basel ans\u00e4ssige elektroNWS AG.","og_url":"https:\/\/www.organisator.ch\/it\/gestione-2\/2025-06-12\/die-elektronws-ag-basel-wird-von-der-builtech-group-uebernommen\/","og_site_name":"Organisator","article_publisher":"https:\/\/www.facebook.com\/OrganisatorFachmagazin","article_published_time":"2025-06-12T05:42:26+00:00","og_image":[{"width":680,"height":419,"url":"https:\/\/www.organisator.ch\/wp-content\/uploads\/2025\/06\/Die-elektroNWS-AG-Basel-wird-von-der-Builtech-Group-uebernommen_Organisator.jpg","type":"image\/jpeg"}],"author":"thomas.berner","twitter_card":"summary_large_image","twitter_title":"Die #elektroNWS AG Basel wird von der #Builtech Group \u00fcbernommen","twitter_description":"Die international t\u00e4tige #Builtech Group setzt ihren Wachstumskurs in der Schweiz fort und \u00fcbernimmt die in Basel ans\u00e4ssige #elektroNWS AG.","twitter_image":"https:\/\/www.organisator.ch\/wp-content\/uploads\/2025\/06\/Die-elektroNWS-AG-Basel-wird-von-der-Builtech-Group-uebernommen_Organisator.jpg","schema":{"@context":"https:\/\/schema.org","@graph":[{"@type":"Article","@id":"https:\/\/www.organisator.ch\/management\/2025-06-12\/die-elektronws-ag-basel-wird-von-der-builtech-group-uebernommen\/#article","isPartOf":{"@id":"https:\/\/www.organisator.ch\/management\/2025-06-12\/die-elektronws-ag-basel-wird-von-der-builtech-group-uebernommen\/"},"author":{"name":"thomas.berner","@id":"https:\/\/www.organisator.ch\/#\/schema\/person\/6f650f90b2842cd4c0cc334b4e36f67e"},"headline":"Die elektroNWS AG Basel wird von der Builtech Group \u00fcbernommen","datePublished":"2025-06-12T05:42:26+00:00","mainEntityOfPage":{"@id":"https:\/\/www.organisator.ch\/management\/2025-06-12\/die-elektronws-ag-basel-wird-von-der-builtech-group-uebernommen\/"},"wordCount":523,"publisher":{"@id":"https:\/\/www.organisator.ch\/#organization"},"image":{"@id":"https:\/\/www.organisator.ch\/management\/2025-06-12\/die-elektronws-ag-basel-wird-von-der-builtech-group-uebernommen\/#primaryimage"},"thumbnailUrl":"https:\/\/www.organisator.ch\/wp-content\/uploads\/2025\/06\/Die-elektroNWS-AG-Basel-wird-von-der-Builtech-Group-uebernommen_Organisator.jpg","keywords":["Akquisition","Geb\u00e4udetechnik","Management und Unternehmensf\u00fchrung","Unternehmen"],"articleSection":["MANAGEMENT"],"inLanguage":"it-IT"},{"@type":"WebPage","@id":"https:\/\/www.organisator.ch\/management\/2025-06-12\/die-elektronws-ag-basel-wird-von-der-builtech-group-uebernommen\/","url":"https:\/\/www.organisator.ch\/management\/2025-06-12\/die-elektronws-ag-basel-wird-von-der-builtech-group-uebernommen\/","name":"elektroNWS AG Basilea viene rilevata dal Gruppo Builtech - Organizzatore","isPartOf":{"@id":"https:\/\/www.organisator.ch\/#website"},"primaryImageOfPage":{"@id":"https:\/\/www.organisator.ch\/management\/2025-06-12\/die-elektronws-ag-basel-wird-von-der-builtech-group-uebernommen\/#primaryimage"},"image":{"@id":"https:\/\/www.organisator.ch\/management\/2025-06-12\/die-elektronws-ag-basel-wird-von-der-builtech-group-uebernommen\/#primaryimage"},"thumbnailUrl":"https:\/\/www.organisator.ch\/wp-content\/uploads\/2025\/06\/Die-elektroNWS-AG-Basel-wird-von-der-Builtech-Group-uebernommen_Organisator.jpg","datePublished":"2025-06-12T05:42:26+00:00","description":"Il Gruppo Builtech, attivo a livello internazionale, continua il suo percorso di crescita in Svizzera e acquisisce l'azienda basilese elektroNWS AG.","breadcrumb":{"@id":"https:\/\/www.organisator.ch\/management\/2025-06-12\/die-elektronws-ag-basel-wird-von-der-builtech-group-uebernommen\/#breadcrumb"},"inLanguage":"it-IT","potentialAction":[{"@type":"ReadAction","target":["https:\/\/www.organisator.ch\/management\/2025-06-12\/die-elektronws-ag-basel-wird-von-der-builtech-group-uebernommen\/"]}]},{"@type":"ImageObject","inLanguage":"it-IT","@id":"https:\/\/www.organisator.ch\/management\/2025-06-12\/die-elektronws-ag-basel-wird-von-der-builtech-group-uebernommen\/#primaryimage","url":"https:\/\/www.organisator.ch\/wp-content\/uploads\/2025\/06\/Die-elektroNWS-AG-Basel-wird-von-der-Builtech-Group-uebernommen_Organisator.jpg","contentUrl":"https:\/\/www.organisator.ch\/wp-content\/uploads\/2025\/06\/Die-elektroNWS-AG-Basel-wird-von-der-Builtech-Group-uebernommen_Organisator.jpg","width":680,"height":419,"caption":"\u00dcbernahme der elektroNWS AG durch die Builtech Group: Von rechts nach links: Maurice Freiherr von Dalwigk, Mehmet Kum, Bahattin Ates und Lennart Neuhaus (v.l.n.r.). Bild: zVg \/ Builtech Group."},{"@type":"BreadcrumbList","@id":"https:\/\/www.organisator.ch\/management\/2025-06-12\/die-elektronws-ag-basel-wird-von-der-builtech-group-uebernommen\/#breadcrumb","itemListElement":[{"@type":"ListItem","position":1,"name":"Home","item":"https:\/\/www.organisator.ch\/"},{"@type":"ListItem","position":2,"name":"Die elektroNWS AG Basel wird von der Builtech Group \u00fcbernommen"}]},{"@type":"WebSite","@id":"https:\/\/www.organisator.ch\/#website","url":"https:\/\/www.organisator.ch\/","name":"Organizzatore","description":"Competente. Pratico. In 10 numeri all'anno, ORGANISATOR presenta i temi essenziali per i manager delle PMI.","publisher":{"@id":"https:\/\/www.organisator.ch\/#organization"},"potentialAction":[{"@type":"SearchAction","target":{"@type":"EntryPoint","urlTemplate":"https:\/\/www.organisator.ch\/?s={search_term_string}"},"query-input":{"@type":"PropertyValueSpecification","valueRequired":true,"valueName":"search_term_string"}}],"inLanguage":"it-IT"},{"@type":"Organization","@id":"https:\/\/www.organisator.ch\/#organization","name":"Organizzatore","url":"https:\/\/www.organisator.ch\/","logo":{"@type":"ImageObject","inLanguage":"it-IT","@id":"https:\/\/www.organisator.ch\/#\/schema\/logo\/image\/","url":"https:\/\/www.organisator.ch\/wp-content\/uploads\/2022\/01\/Logo_Organisator_Website.png","contentUrl":"https:\/\/www.organisator.ch\/wp-content\/uploads\/2022\/01\/Logo_Organisator_Website.png","width":800,"height":77,"caption":"Organisator"},"image":{"@id":"https:\/\/www.organisator.ch\/#\/schema\/logo\/image\/"},"sameAs":["https:\/\/www.facebook.com\/OrganisatorFachmagazin","https:\/\/www.linkedin.com\/showcase\/organisator-das-magazin-fr-kmu","https:\/\/www.xing.com\/news\/pages\/organisator-ch-695","https:\/\/www.youtube.com\/channel\/UCGP2Sq0iWaZwT3BdIAQFYpw"]},{"@type":"Person","@id":"https:\/\/www.organisator.ch\/#\/schema\/person\/6f650f90b2842cd4c0cc334b4e36f67e","name":"Tommaso.berner","image":{"@type":"ImageObject","inLanguage":"it-IT","@id":"https:\/\/secure.gravatar.com\/avatar\/ac5001d2a36cb6c6cd3e50789007ffca834b477b74a2144564522e944eabff61?s=96&d=mm&r=g","url":"https:\/\/secure.gravatar.com\/avatar\/ac5001d2a36cb6c6cd3e50789007ffca834b477b74a2144564522e944eabff61?s=96&d=mm&r=g","contentUrl":"https:\/\/secure.gravatar.com\/avatar\/ac5001d2a36cb6c6cd3e50789007ffca834b477b74a2144564522e944eabff61?s=96&d=mm&r=g","caption":"thomas.berner"},"url":"https:\/\/www.organisator.ch\/it\/author\/thomas-berner\/"}]}},"_links":{"self":[{"href":"https:\/\/www.organisator.ch\/it\/wp-json\/wp\/v2\/posts\/38849","targetHints":{"allow":["GET"]}}],"collection":[{"href":"https:\/\/www.organisator.ch\/it\/wp-json\/wp\/v2\/posts"}],"about":[{"href":"https:\/\/www.organisator.ch\/it\/wp-json\/wp\/v2\/types\/post"}],"author":[{"embeddable":true,"href":"https:\/\/www.organisator.ch\/it\/wp-json\/wp\/v2\/users\/4"}],"replies":[{"embeddable":true,"href":"https:\/\/www.organisator.ch\/it\/wp-json\/wp\/v2\/comments?post=38849"}],"version-history":[{"count":3,"href":"https:\/\/www.organisator.ch\/it\/wp-json\/wp\/v2\/posts\/38849\/revisions"}],"predecessor-version":[{"id":38885,"href":"https:\/\/www.organisator.ch\/it\/wp-json\/wp\/v2\/posts\/38849\/revisions\/38885"}],"wp:featuredmedia":[{"embeddable":true,"href":"https:\/\/www.organisator.ch\/it\/wp-json\/wp\/v2\/media\/38850"}],"wp:attachment":[{"href":"https:\/\/www.organisator.ch\/it\/wp-json\/wp\/v2\/media?parent=38849"}],"wp:term":[{"taxonomy":"category","embeddable":true,"href":"https:\/\/www.organisator.ch\/it\/wp-json\/wp\/v2\/categories?post=38849"},{"taxonomy":"post_tag","embeddable":true,"href":"https:\/\/www.organisator.ch\/it\/wp-json\/wp\/v2\/tags?post=38849"}],"curies":[{"name":"wp","href":"https:\/\/api.w.org\/{rel}","templated":true}]}}