{"id":3887,"date":"2018-07-02T09:09:33","date_gmt":"2018-07-02T07:09:33","guid":{"rendered":"https:\/\/www.organisator.ch\/?p=3887"},"modified":"2018-07-02T09:09:33","modified_gmt":"2018-07-02T07:09:33","slug":"inlaendervorrang-effizientere-umsetzung-gefordert","status":"publish","type":"post","link":"https:\/\/www.organisator.ch\/it\/allgemein\/2018-07-02\/inlaendervorrang-effizientere-umsetzung-gefordert\/","title":{"rendered":"Priorit\u00e0 ai cittadini svizzeri: \u00e8 necessaria un'attuazione pi\u00f9 efficiente"},"content":{"rendered":"<figure id=\"attachment_3888\" aria-describedby=\"caption-attachment-3888\" style=\"width: 680px\" class=\"wp-caption alignnone\"><img loading=\"lazy\" decoding=\"async\" class=\"size-medium wp-image-3888\" src=\"https:\/\/www.organisator.ch\/wp-content\/uploads\/2018\/07\/Inlaendervorrang-Effizientere-Umsetzung-gefordert_Organisator.jpg\" alt=\"\" width=\"680\" height=\"444\" srcset=\"https:\/\/www.organisator.ch\/wp-content\/uploads\/2018\/07\/Inlaendervorrang-Effizientere-Umsetzung-gefordert_Organisator.jpg 736w, https:\/\/www.organisator.ch\/wp-content\/uploads\/2018\/07\/Inlaendervorrang-Effizientere-Umsetzung-gefordert_Organisator-680x444.jpg 680w, https:\/\/www.organisator.ch\/wp-content\/uploads\/2018\/07\/Inlaendervorrang-Effizientere-Umsetzung-gefordert_Organisator-16x10.jpg 16w, https:\/\/www.organisator.ch\/wp-content\/uploads\/2018\/07\/Inlaendervorrang-Effizientere-Umsetzung-gefordert_Organisator-268x175.jpg 268w, https:\/\/www.organisator.ch\/wp-content\/uploads\/2018\/07\/Inlaendervorrang-Effizientere-Umsetzung-gefordert_Organisator-536x350.jpg 536w, https:\/\/www.organisator.ch\/wp-content\/uploads\/2018\/07\/Inlaendervorrang-Effizientere-Umsetzung-gefordert_Organisator-300x196.jpg 300w\" sizes=\"auto, (max-width: 680px) 100vw, 680px\" \/><figcaption id=\"caption-attachment-3888\" class=\"wp-caption-text\">Lo sviluppo della Svizzera come luogo di lavoro \u00e8 frenato dalla mancanza di specialisti? (Fonte: Popolazione residente permanente dell'UST di 15 anni e oltre per professione appresa)<\/figcaption><\/figure>\n<p>Secondo il Recruiting Index MEM Branche Schweiz\u00a9, il comportamento di reclutamento delle industrie MEM svizzere (ingegneria meccanica, elettrotecnica e industria metallurgica) \u00e8 sostenibile e stabile nel lungo periodo. Ciononostante, la Svizzera conta oltre 240.000 disoccupati. La quota maggiore (54.443) \u00e8 costituita da persone senza formazione riconosciuta. Il settore commerciale e del commercio al dettaglio conta 30.678 disoccupati, il maggior numero dei quali con un livello di istruzione II. Le professioni economiche, invece, rappresentano gi\u00e0 il quarto maggior numero di disoccupati con 7.883, secondo i dati comunicati da Swissmechanic. I professionisti con un'istruzione superiore (livello terziario B), invece, non si trovano tra i disoccupati - il mercato si \u00e8 prosciugato. In breve: ci sono troppi accademici, ma troppo pochi professionisti con una formazione continua.<\/p>\n<h2>Professionisti, non accademici<\/h2>\n<p>Come dimostra il nuovo indice, non \u00e8 sufficiente essere stati votati per anni come il Paese pi\u00f9 innovativo del mondo da istituzioni indipendenti, lamenta Swissmechanic. Questa forza innovativa deve essere convertita in posti di lavoro sostenibili per il mondo del lavoro svizzero. Non si tratta di accademici, ma di professionisti di alto livello. Questa carenza di lavoratori qualificati deve essere contrastata con ogni mezzo e nel pi\u00f9 breve tempo possibile.<\/p>\n<h2><strong>Attuazione efficiente della priorit\u00e0 per i cittadini svizzeri<\/strong><\/h2>\n<p>Pi\u00f9 di 120.000 persone senza lavoro sono prive del sostegno della cassa integrazione. Stanno gravando sempre pi\u00f9 sui costi sociali dei comuni. La priorit\u00e0 per i cittadini svizzeri mira a contrastare questo sviluppo. L'implementazione \u00e8 gi\u00e0 prevedibilmente molto inefficiente, come nota l'associazione di categoria. \"Non possiamo aspettare che il conseguente risentimento della popolazione porti a ulteriori decisioni politiche che mettono in pericolo la nostra capacit\u00e0 di esportazione\", scrive Swissmechanic in una dichiarazione del 1\u00b0 luglio 2018.<\/p>\n<h2>La cooperazione dovrebbe portare maggiore efficienza<\/h2>\n<p>In collaborazione con l'associazione dei datori di lavoro Swissmechanic e la Fondazione svizzera per il lavoro e la formazione continua SSAW, \u00e8 stata sviluppata una soluzione per un'attuazione pi\u00f9 efficiente della priorit\u00e0 per i cittadini: Una posizione vacante pu\u00f2 essere semplicemente inviata a <a href=\"mailto:ilv123@ssaw.ch\">ilv123@ssaw.ch<\/a> essere inviato. La fondazione verifica gratuitamente per la PMI se deve essere segnalata e suggerisce, se necessario, i destinatari delle prestazioni sociali.<\/p>\n<p><em><a href=\"http:\/\/www.swissmechanic.ch\">www.swissmechanic.ch<\/a> \/ <a href=\"http:\/\/www.ssaw.ch\">www.ssaw.ch<\/a><\/em><\/p>","protected":false},"excerpt":{"rendered":"<p>Gem\u00e4ss dem Recruiting Index MEM Branche Schweiz\u00a9 ist das Rekrutierungsverhalten der Schweizer MEM Industrien (Maschinen-, Elektro- und Metall-Industrie) ist in der Schweiz \u2013 langfristig gesehen \u2013 nachhaltig und stabil. Nichtsdestotrotz z\u00e4hlt die Schweiz \u00fcber 240&#8217;000 Erwerbslose. Den gr\u00f6ssten Anteil (54&#8217;443) davon bilden Menschen ohne anerkannte Ausbildung. KV und Detailhandel z\u00e4hlen 30&#8217;678 Erwerbslose; das ist die [&hellip;]<\/p>\n","protected":false},"author":4,"featured_media":3888,"comment_status":"open","ping_status":"open","sticky":false,"template":"","format":"standard","meta":{"_acf_changed":false,"_yoast_wpseo_focuskw":"Inl\u00e4ndervorrang","_yoast_wpseo_metadesc":"Swissmechanic und die Schweizerische Stiftung f\u00fcr Arbeit und Weiterbildung SSAW wollen gemeinsam den Inl\u00e4ndervorrang effizienter umsetzen.","articlekey":"","footnotes":""},"categories":[1],"tags":[254,266,407,531],"class_list":["post-3887","post","type-post","status-publish","format-standard","has-post-thumbnail","hentry","category-allgemein","tag-hrm","tag-industrie","tag-recruiting","tag-wirtschaftspolitik"],"acf":[],"yoast_head":"<!-- This site is optimized with the Yoast SEO plugin v27.4 - https:\/\/yoast.com\/product\/yoast-seo-wordpress\/ -->\n<title>Inl\u00e4ndervorrang: Effizientere Umsetzung gefordert - Organisator<\/title>\n<meta name=\"description\" content=\"Swissmechanic und die Schweizerische Stiftung f\u00fcr Arbeit und Weiterbildung SSAW wollen gemeinsam den Inl\u00e4ndervorrang effizienter umsetzen.\" \/>\n<meta name=\"robots\" content=\"index, follow, max-snippet:-1, max-image-preview:large, max-video-preview:-1\" \/>\n<link rel=\"canonical\" href=\"https:\/\/www.organisator.ch\/it\/generale\/2018-07-02\/inlaendervorrang-effizientere-umsetzung-gefordert\/\" \/>\n<meta property=\"og:locale\" content=\"it_IT\" \/>\n<meta property=\"og:type\" content=\"article\" \/>\n<meta property=\"og:title\" content=\"Inl\u00e4ndervorrang: Effizientere Umsetzung gefordert\" \/>\n<meta property=\"og:description\" content=\"Swissmechanic und die Schweizerische Stiftung f\u00fcr Arbeit und Weiterbildung SSAW wollen gemeinsam den Inl\u00e4ndervorrang effizienter umsetzen.\" \/>\n<meta property=\"og:url\" content=\"https:\/\/www.organisator.ch\/it\/generale\/2018-07-02\/inlaendervorrang-effizientere-umsetzung-gefordert\/\" \/>\n<meta property=\"og:site_name\" content=\"Organisator\" \/>\n<meta property=\"article:publisher\" content=\"https:\/\/www.facebook.com\/OrganisatorFachmagazin\" \/>\n<meta property=\"article:published_time\" content=\"2018-07-02T07:09:33+00:00\" \/>\n<meta property=\"og:image\" content=\"https:\/\/www.organisator.ch\/wp-content\/uploads\/2018\/07\/Inlaendervorrang-Effizientere-Umsetzung-gefordert_Organisator.jpg\" \/>\n\t<meta property=\"og:image:width\" content=\"736\" \/>\n\t<meta property=\"og:image:height\" content=\"481\" \/>\n\t<meta property=\"og:image:type\" content=\"image\/jpeg\" \/>\n<meta name=\"author\" content=\"thomas.berner\" \/>\n<meta name=\"twitter:card\" content=\"summary_large_image\" \/>\n<meta name=\"twitter:title\" content=\"#Inl\u00e4ndervorrang: Effizientere Umsetzung gefordert\" \/>\n<meta name=\"twitter:description\" content=\"#Swissmechanic und die Schweizerische Stiftung f\u00fcr Arbeit und Weiterbildung #SSAW wollen gemeinsam den #Inl\u00e4ndervorrang effizienter umsetzen.\" \/>\n<meta name=\"twitter:image\" content=\"https:\/\/www.organisator.ch\/wp-content\/uploads\/2018\/07\/Inl\u00e4ndervorrang-Effizientere-Umsetzung-gefordert_Organisator.jpg\" \/>\n<script type=\"application\/ld+json\" class=\"yoast-schema-graph\">{\"@context\":\"https:\\\/\\\/schema.org\",\"@graph\":[{\"@type\":\"Article\",\"@id\":\"https:\\\/\\\/www.organisator.ch\\\/en\\\/general\\\/2018-07-02\\\/inlaendervorrang-effizientere-umsetzung-gefordert\\\/#article\",\"isPartOf\":{\"@id\":\"https:\\\/\\\/www.organisator.ch\\\/en\\\/general\\\/2018-07-02\\\/inlaendervorrang-effizientere-umsetzung-gefordert\\\/\"},\"author\":{\"name\":\"thomas.berner\",\"@id\":\"https:\\\/\\\/www.organisator.ch\\\/#\\\/schema\\\/person\\\/6f650f90b2842cd4c0cc334b4e36f67e\"},\"headline\":\"Inl\u00e4ndervorrang: Effizientere Umsetzung gefordert\",\"datePublished\":\"2018-07-02T07:09:33+00:00\",\"mainEntityOfPage\":{\"@id\":\"https:\\\/\\\/www.organisator.ch\\\/en\\\/general\\\/2018-07-02\\\/inlaendervorrang-effizientere-umsetzung-gefordert\\\/\"},\"wordCount\":369,\"commentCount\":0,\"publisher\":{\"@id\":\"https:\\\/\\\/www.organisator.ch\\\/#organization\"},\"image\":{\"@id\":\"https:\\\/\\\/www.organisator.ch\\\/en\\\/general\\\/2018-07-02\\\/inlaendervorrang-effizientere-umsetzung-gefordert\\\/#primaryimage\"},\"thumbnailUrl\":\"https:\\\/\\\/www.organisator.ch\\\/wp-content\\\/uploads\\\/2018\\\/07\\\/Inlaendervorrang-Effizientere-Umsetzung-gefordert_Organisator.jpg\",\"keywords\":[\"HRM\",\"Industrie\",\"Recruiting\",\"Wirtschaftspolitik\"],\"articleSection\":[\"Allgemein\"],\"inLanguage\":\"it-IT\"},{\"@type\":\"WebPage\",\"@id\":\"https:\\\/\\\/www.organisator.ch\\\/en\\\/general\\\/2018-07-02\\\/inlaendervorrang-effizientere-umsetzung-gefordert\\\/\",\"url\":\"https:\\\/\\\/www.organisator.ch\\\/en\\\/general\\\/2018-07-02\\\/inlaendervorrang-effizientere-umsetzung-gefordert\\\/\",\"name\":\"Inl\u00e4ndervorrang: Effizientere Umsetzung gefordert - Organisator\",\"isPartOf\":{\"@id\":\"https:\\\/\\\/www.organisator.ch\\\/#website\"},\"primaryImageOfPage\":{\"@id\":\"https:\\\/\\\/www.organisator.ch\\\/en\\\/general\\\/2018-07-02\\\/inlaendervorrang-effizientere-umsetzung-gefordert\\\/#primaryimage\"},\"image\":{\"@id\":\"https:\\\/\\\/www.organisator.ch\\\/en\\\/general\\\/2018-07-02\\\/inlaendervorrang-effizientere-umsetzung-gefordert\\\/#primaryimage\"},\"thumbnailUrl\":\"https:\\\/\\\/www.organisator.ch\\\/wp-content\\\/uploads\\\/2018\\\/07\\\/Inlaendervorrang-Effizientere-Umsetzung-gefordert_Organisator.jpg\",\"datePublished\":\"2018-07-02T07:09:33+00:00\",\"description\":\"Swissmechanic und die Schweizerische Stiftung f\u00fcr Arbeit und Weiterbildung SSAW wollen gemeinsam den Inl\u00e4ndervorrang effizienter umsetzen.\",\"breadcrumb\":{\"@id\":\"https:\\\/\\\/www.organisator.ch\\\/en\\\/general\\\/2018-07-02\\\/inlaendervorrang-effizientere-umsetzung-gefordert\\\/#breadcrumb\"},\"inLanguage\":\"it-IT\",\"potentialAction\":[{\"@type\":\"ReadAction\",\"target\":[\"https:\\\/\\\/www.organisator.ch\\\/en\\\/general\\\/2018-07-02\\\/inlaendervorrang-effizientere-umsetzung-gefordert\\\/\"]}]},{\"@type\":\"ImageObject\",\"inLanguage\":\"it-IT\",\"@id\":\"https:\\\/\\\/www.organisator.ch\\\/en\\\/general\\\/2018-07-02\\\/inlaendervorrang-effizientere-umsetzung-gefordert\\\/#primaryimage\",\"url\":\"https:\\\/\\\/www.organisator.ch\\\/wp-content\\\/uploads\\\/2018\\\/07\\\/Inlaendervorrang-Effizientere-Umsetzung-gefordert_Organisator.jpg\",\"contentUrl\":\"https:\\\/\\\/www.organisator.ch\\\/wp-content\\\/uploads\\\/2018\\\/07\\\/Inlaendervorrang-Effizientere-Umsetzung-gefordert_Organisator.jpg\",\"width\":736,\"height\":481,\"caption\":\"Entwicklung Werkplatz Schweiz gebremst durch Mangel an Fachspezialisten? (Quelle: BFS St\u00e4ndige Wohnbev\u00f6lkerung von 15 und mehr Jahren nach erlerntem Beruf)\"},{\"@type\":\"BreadcrumbList\",\"@id\":\"https:\\\/\\\/www.organisator.ch\\\/en\\\/general\\\/2018-07-02\\\/inlaendervorrang-effizientere-umsetzung-gefordert\\\/#breadcrumb\",\"itemListElement\":[{\"@type\":\"ListItem\",\"position\":1,\"name\":\"Home\",\"item\":\"https:\\\/\\\/www.organisator.ch\\\/\"},{\"@type\":\"ListItem\",\"position\":2,\"name\":\"Inl\u00e4ndervorrang: Effizientere Umsetzung gefordert\"}]},{\"@type\":\"WebSite\",\"@id\":\"https:\\\/\\\/www.organisator.ch\\\/#website\",\"url\":\"https:\\\/\\\/www.organisator.ch\\\/\",\"name\":\"Organisator\",\"description\":\"Kompetent. Praxisnah. Der ORGANISATOR bereitet in 10 Ausgaben pro Jahr die wesentlichen Themen f\u00fcr F\u00fchrungskr\u00e4fte von KMU auf.\",\"publisher\":{\"@id\":\"https:\\\/\\\/www.organisator.ch\\\/#organization\"},\"potentialAction\":[{\"@type\":\"SearchAction\",\"target\":{\"@type\":\"EntryPoint\",\"urlTemplate\":\"https:\\\/\\\/www.organisator.ch\\\/?s={search_term_string}\"},\"query-input\":{\"@type\":\"PropertyValueSpecification\",\"valueRequired\":true,\"valueName\":\"search_term_string\"}}],\"inLanguage\":\"it-IT\"},{\"@type\":\"Organization\",\"@id\":\"https:\\\/\\\/www.organisator.ch\\\/#organization\",\"name\":\"Organisator\",\"url\":\"https:\\\/\\\/www.organisator.ch\\\/\",\"logo\":{\"@type\":\"ImageObject\",\"inLanguage\":\"it-IT\",\"@id\":\"https:\\\/\\\/www.organisator.ch\\\/#\\\/schema\\\/logo\\\/image\\\/\",\"url\":\"https:\\\/\\\/www.organisator.ch\\\/wp-content\\\/uploads\\\/2022\\\/01\\\/Logo_Organisator_Website.png\",\"contentUrl\":\"https:\\\/\\\/www.organisator.ch\\\/wp-content\\\/uploads\\\/2022\\\/01\\\/Logo_Organisator_Website.png\",\"width\":800,\"height\":77,\"caption\":\"Organisator\"},\"image\":{\"@id\":\"https:\\\/\\\/www.organisator.ch\\\/#\\\/schema\\\/logo\\\/image\\\/\"},\"sameAs\":[\"https:\\\/\\\/www.facebook.com\\\/OrganisatorFachmagazin\",\"https:\\\/\\\/www.linkedin.com\\\/showcase\\\/organisator-das-magazin-fr-kmu\",\"https:\\\/\\\/www.xing.com\\\/news\\\/pages\\\/organisator-ch-695\",\"https:\\\/\\\/www.youtube.com\\\/channel\\\/UCGP2Sq0iWaZwT3BdIAQFYpw\"]},{\"@type\":\"Person\",\"@id\":\"https:\\\/\\\/www.organisator.ch\\\/#\\\/schema\\\/person\\\/6f650f90b2842cd4c0cc334b4e36f67e\",\"name\":\"thomas.berner\",\"image\":{\"@type\":\"ImageObject\",\"inLanguage\":\"it-IT\",\"@id\":\"https:\\\/\\\/secure.gravatar.com\\\/avatar\\\/ac5001d2a36cb6c6cd3e50789007ffca834b477b74a2144564522e944eabff61?s=96&d=mm&r=g\",\"url\":\"https:\\\/\\\/secure.gravatar.com\\\/avatar\\\/ac5001d2a36cb6c6cd3e50789007ffca834b477b74a2144564522e944eabff61?s=96&d=mm&r=g\",\"contentUrl\":\"https:\\\/\\\/secure.gravatar.com\\\/avatar\\\/ac5001d2a36cb6c6cd3e50789007ffca834b477b74a2144564522e944eabff61?s=96&d=mm&r=g\",\"caption\":\"thomas.berner\"},\"url\":\"https:\\\/\\\/www.organisator.ch\\\/it\\\/author\\\/thomas-berner\\\/\"}]}<\/script>\n<!-- \/ Yoast SEO plugin. -->","yoast_head_json":{"title":"Priorit\u00e0 ai cittadini svizzeri: \u00e8 necessaria un'attuazione pi\u00f9 efficiente - Organizzatore","description":"Swissmechanic e la Fondazione svizzera per l'occupazione e la formazione continua SSAW vogliono collaborare per attuare in modo pi\u00f9 efficiente la priorit\u00e0 per i cittadini svizzeri.","robots":{"index":"index","follow":"follow","max-snippet":"max-snippet:-1","max-image-preview":"max-image-preview:large","max-video-preview":"max-video-preview:-1"},"canonical":"https:\/\/www.organisator.ch\/it\/generale\/2018-07-02\/inlaendervorrang-effizientere-umsetzung-gefordert\/","og_locale":"it_IT","og_type":"article","og_title":"Inl\u00e4ndervorrang: Effizientere Umsetzung gefordert","og_description":"Swissmechanic und die Schweizerische Stiftung f\u00fcr Arbeit und Weiterbildung SSAW wollen gemeinsam den Inl\u00e4ndervorrang effizienter umsetzen.","og_url":"https:\/\/www.organisator.ch\/it\/generale\/2018-07-02\/inlaendervorrang-effizientere-umsetzung-gefordert\/","og_site_name":"Organisator","article_publisher":"https:\/\/www.facebook.com\/OrganisatorFachmagazin","article_published_time":"2018-07-02T07:09:33+00:00","og_image":[{"width":736,"height":481,"url":"https:\/\/www.organisator.ch\/wp-content\/uploads\/2018\/07\/Inlaendervorrang-Effizientere-Umsetzung-gefordert_Organisator.jpg","type":"image\/jpeg"}],"author":"thomas.berner","twitter_card":"summary_large_image","twitter_title":"#Inl\u00e4ndervorrang: Effizientere Umsetzung gefordert","twitter_description":"#Swissmechanic und die Schweizerische Stiftung f\u00fcr Arbeit und Weiterbildung #SSAW wollen gemeinsam den #Inl\u00e4ndervorrang effizienter umsetzen.","twitter_image":"https:\/\/www.organisator.ch\/wp-content\/uploads\/2018\/07\/Inl\u00e4ndervorrang-Effizientere-Umsetzung-gefordert_Organisator.jpg","schema":{"@context":"https:\/\/schema.org","@graph":[{"@type":"Article","@id":"https:\/\/www.organisator.ch\/en\/general\/2018-07-02\/inlaendervorrang-effizientere-umsetzung-gefordert\/#article","isPartOf":{"@id":"https:\/\/www.organisator.ch\/en\/general\/2018-07-02\/inlaendervorrang-effizientere-umsetzung-gefordert\/"},"author":{"name":"thomas.berner","@id":"https:\/\/www.organisator.ch\/#\/schema\/person\/6f650f90b2842cd4c0cc334b4e36f67e"},"headline":"Inl\u00e4ndervorrang: Effizientere Umsetzung gefordert","datePublished":"2018-07-02T07:09:33+00:00","mainEntityOfPage":{"@id":"https:\/\/www.organisator.ch\/en\/general\/2018-07-02\/inlaendervorrang-effizientere-umsetzung-gefordert\/"},"wordCount":369,"commentCount":0,"publisher":{"@id":"https:\/\/www.organisator.ch\/#organization"},"image":{"@id":"https:\/\/www.organisator.ch\/en\/general\/2018-07-02\/inlaendervorrang-effizientere-umsetzung-gefordert\/#primaryimage"},"thumbnailUrl":"https:\/\/www.organisator.ch\/wp-content\/uploads\/2018\/07\/Inlaendervorrang-Effizientere-Umsetzung-gefordert_Organisator.jpg","keywords":["HRM","Industrie","Recruiting","Wirtschaftspolitik"],"articleSection":["Allgemein"],"inLanguage":"it-IT"},{"@type":"WebPage","@id":"https:\/\/www.organisator.ch\/en\/general\/2018-07-02\/inlaendervorrang-effizientere-umsetzung-gefordert\/","url":"https:\/\/www.organisator.ch\/en\/general\/2018-07-02\/inlaendervorrang-effizientere-umsetzung-gefordert\/","name":"Priorit\u00e0 ai cittadini svizzeri: \u00e8 necessaria un'attuazione pi\u00f9 efficiente - Organizzatore","isPartOf":{"@id":"https:\/\/www.organisator.ch\/#website"},"primaryImageOfPage":{"@id":"https:\/\/www.organisator.ch\/en\/general\/2018-07-02\/inlaendervorrang-effizientere-umsetzung-gefordert\/#primaryimage"},"image":{"@id":"https:\/\/www.organisator.ch\/en\/general\/2018-07-02\/inlaendervorrang-effizientere-umsetzung-gefordert\/#primaryimage"},"thumbnailUrl":"https:\/\/www.organisator.ch\/wp-content\/uploads\/2018\/07\/Inlaendervorrang-Effizientere-Umsetzung-gefordert_Organisator.jpg","datePublished":"2018-07-02T07:09:33+00:00","description":"Swissmechanic e la Fondazione svizzera per l'occupazione e la formazione continua SSAW vogliono collaborare per attuare in modo pi\u00f9 efficiente la priorit\u00e0 per i cittadini svizzeri.","breadcrumb":{"@id":"https:\/\/www.organisator.ch\/en\/general\/2018-07-02\/inlaendervorrang-effizientere-umsetzung-gefordert\/#breadcrumb"},"inLanguage":"it-IT","potentialAction":[{"@type":"ReadAction","target":["https:\/\/www.organisator.ch\/en\/general\/2018-07-02\/inlaendervorrang-effizientere-umsetzung-gefordert\/"]}]},{"@type":"ImageObject","inLanguage":"it-IT","@id":"https:\/\/www.organisator.ch\/en\/general\/2018-07-02\/inlaendervorrang-effizientere-umsetzung-gefordert\/#primaryimage","url":"https:\/\/www.organisator.ch\/wp-content\/uploads\/2018\/07\/Inlaendervorrang-Effizientere-Umsetzung-gefordert_Organisator.jpg","contentUrl":"https:\/\/www.organisator.ch\/wp-content\/uploads\/2018\/07\/Inlaendervorrang-Effizientere-Umsetzung-gefordert_Organisator.jpg","width":736,"height":481,"caption":"Entwicklung Werkplatz Schweiz gebremst durch Mangel an Fachspezialisten? (Quelle: BFS St\u00e4ndige Wohnbev\u00f6lkerung von 15 und mehr Jahren nach erlerntem Beruf)"},{"@type":"BreadcrumbList","@id":"https:\/\/www.organisator.ch\/en\/general\/2018-07-02\/inlaendervorrang-effizientere-umsetzung-gefordert\/#breadcrumb","itemListElement":[{"@type":"ListItem","position":1,"name":"Home","item":"https:\/\/www.organisator.ch\/"},{"@type":"ListItem","position":2,"name":"Inl\u00e4ndervorrang: Effizientere Umsetzung gefordert"}]},{"@type":"WebSite","@id":"https:\/\/www.organisator.ch\/#website","url":"https:\/\/www.organisator.ch\/","name":"Organizzatore","description":"Competente. Pratico. In 10 numeri all'anno, ORGANISATOR presenta i temi essenziali per i manager delle PMI.","publisher":{"@id":"https:\/\/www.organisator.ch\/#organization"},"potentialAction":[{"@type":"SearchAction","target":{"@type":"EntryPoint","urlTemplate":"https:\/\/www.organisator.ch\/?s={search_term_string}"},"query-input":{"@type":"PropertyValueSpecification","valueRequired":true,"valueName":"search_term_string"}}],"inLanguage":"it-IT"},{"@type":"Organization","@id":"https:\/\/www.organisator.ch\/#organization","name":"Organizzatore","url":"https:\/\/www.organisator.ch\/","logo":{"@type":"ImageObject","inLanguage":"it-IT","@id":"https:\/\/www.organisator.ch\/#\/schema\/logo\/image\/","url":"https:\/\/www.organisator.ch\/wp-content\/uploads\/2022\/01\/Logo_Organisator_Website.png","contentUrl":"https:\/\/www.organisator.ch\/wp-content\/uploads\/2022\/01\/Logo_Organisator_Website.png","width":800,"height":77,"caption":"Organisator"},"image":{"@id":"https:\/\/www.organisator.ch\/#\/schema\/logo\/image\/"},"sameAs":["https:\/\/www.facebook.com\/OrganisatorFachmagazin","https:\/\/www.linkedin.com\/showcase\/organisator-das-magazin-fr-kmu","https:\/\/www.xing.com\/news\/pages\/organisator-ch-695","https:\/\/www.youtube.com\/channel\/UCGP2Sq0iWaZwT3BdIAQFYpw"]},{"@type":"Person","@id":"https:\/\/www.organisator.ch\/#\/schema\/person\/6f650f90b2842cd4c0cc334b4e36f67e","name":"Tommaso.berner","image":{"@type":"ImageObject","inLanguage":"it-IT","@id":"https:\/\/secure.gravatar.com\/avatar\/ac5001d2a36cb6c6cd3e50789007ffca834b477b74a2144564522e944eabff61?s=96&d=mm&r=g","url":"https:\/\/secure.gravatar.com\/avatar\/ac5001d2a36cb6c6cd3e50789007ffca834b477b74a2144564522e944eabff61?s=96&d=mm&r=g","contentUrl":"https:\/\/secure.gravatar.com\/avatar\/ac5001d2a36cb6c6cd3e50789007ffca834b477b74a2144564522e944eabff61?s=96&d=mm&r=g","caption":"thomas.berner"},"url":"https:\/\/www.organisator.ch\/it\/author\/thomas-berner\/"}]}},"_links":{"self":[{"href":"https:\/\/www.organisator.ch\/it\/wp-json\/wp\/v2\/posts\/3887","targetHints":{"allow":["GET"]}}],"collection":[{"href":"https:\/\/www.organisator.ch\/it\/wp-json\/wp\/v2\/posts"}],"about":[{"href":"https:\/\/www.organisator.ch\/it\/wp-json\/wp\/v2\/types\/post"}],"author":[{"embeddable":true,"href":"https:\/\/www.organisator.ch\/it\/wp-json\/wp\/v2\/users\/4"}],"replies":[{"embeddable":true,"href":"https:\/\/www.organisator.ch\/it\/wp-json\/wp\/v2\/comments?post=3887"}],"version-history":[{"count":0,"href":"https:\/\/www.organisator.ch\/it\/wp-json\/wp\/v2\/posts\/3887\/revisions"}],"wp:featuredmedia":[{"embeddable":true,"href":"https:\/\/www.organisator.ch\/it\/wp-json\/wp\/v2\/media\/3888"}],"wp:attachment":[{"href":"https:\/\/www.organisator.ch\/it\/wp-json\/wp\/v2\/media?parent=3887"}],"wp:term":[{"taxonomy":"category","embeddable":true,"href":"https:\/\/www.organisator.ch\/it\/wp-json\/wp\/v2\/categories?post=3887"},{"taxonomy":"post_tag","embeddable":true,"href":"https:\/\/www.organisator.ch\/it\/wp-json\/wp\/v2\/tags?post=3887"}],"curies":[{"name":"wp","href":"https:\/\/api.w.org\/{rel}","templated":true}]}}