{"id":38931,"date":"2025-06-16T16:31:58","date_gmt":"2025-06-16T14:31:58","guid":{"rendered":"https:\/\/www.organisator.ch\/?p=38931"},"modified":"2025-06-16T16:31:58","modified_gmt":"2025-06-16T14:31:58","slug":"greenovation-summit-2025-nachhaltige-innovationen-live-erleben","status":"publish","type":"post","link":"https:\/\/www.organisator.ch\/it\/sustainability\/2025-06-16\/greenovation-summit-2025-nachhaltige-innovationen-live-erleben\/","title":{"rendered":"Greenovation Summit 2025 - Vivere le innovazioni sostenibili dal vivo"},"content":{"rendered":"<figure id=\"attachment_38932\" aria-describedby=\"caption-attachment-38932\" style=\"width: 680px\" class=\"wp-caption alignnone\"><img loading=\"lazy\" decoding=\"async\" class=\"size-full wp-image-38932\" src=\"https:\/\/www.organisator.ch\/wp-content\/uploads\/2025\/06\/Greenovation-Summit-2025-Nachhaltige-Innovationen-live-erleben_Organisator.png\" alt=\"\" width=\"680\" height=\"383\" srcset=\"https:\/\/www.organisator.ch\/wp-content\/uploads\/2025\/06\/Greenovation-Summit-2025-Nachhaltige-Innovationen-live-erleben_Organisator.png 680w, https:\/\/www.organisator.ch\/wp-content\/uploads\/2025\/06\/Greenovation-Summit-2025-Nachhaltige-Innovationen-live-erleben_Organisator-18x10.png 18w, https:\/\/www.organisator.ch\/wp-content\/uploads\/2025\/06\/Greenovation-Summit-2025-Nachhaltige-Innovationen-live-erleben_Organisator-375x211.png 375w, https:\/\/www.organisator.ch\/wp-content\/uploads\/2025\/06\/Greenovation-Summit-2025-Nachhaltige-Innovationen-live-erleben_Organisator-621x350.png 621w\" sizes=\"auto, (max-width: 680px) 100vw, 680px\" \/><figcaption id=\"caption-attachment-38932\" class=\"wp-caption-text\">I relatori del Greenovation Summit 2025 (Immagine: Galledia Event AG)<\/figcaption><\/figure>\n<p>La sede rimane l'ispirante CUBIC di B\u00fchler AG, che offre spazio a circa 200 partecipanti. B\u00fchler AG non \u00e8 solo il padrone di casa, ma anche un partner impegnato nella location dell'evento. Il summit combina discorsi chiave compatti, sessioni interattive e un forte formato di networking. L'attenzione si concentra sullo scambio di idee sulle innovazioni d'impatto - radicate a livello regionale, orientate al futuro e pratiche.<\/p>\n<h3>Le presentazioni dal campo devono ispirare<\/h3>\n<p>Il programma pomeridiano del Greenovation Summit 2025 sar\u00e0 caratterizzato da impulsi entusiasmanti provenienti da diversi settori industriali: Pascal Loepfe-Br\u00fcgger, CEO di Appenzeller Alpenbitter AG, presenter\u00e0 la strategia \"idoneit\u00e0 dei nipoti\". Marc Stoffel, fondatore di 42hacks, dimostrer\u00e0 in modo impressionante come gli hacking creativi e il nuovo pensiero possano trasformare anche sistemi apparentemente \"pesanti\" come la mobilit\u00e0.<\/p>\n<p>Un altro momento importante sar\u00e0 la presentazione di Sascha Rohner, CEO di FrugalTec AG. Egli presenter\u00e0 come le tecnologie frugali nell'agricoltura verticale possano non solo preservare le risorse, ma anche ripensare l'alimentazione regionale.<\/p>\n<h3><strong>Sessioni di approfondimento<\/strong><\/h3>\n<p>Le sessioni interattive sono un elemento centrale del vertice: In piccoli gruppi, i partecipanti discutono le sfide attuali direttamente con esperti del mondo economico, scientifico e della societ\u00e0 civile, in modo pratico e orientato alle soluzioni e ad altezza d'uomo. Tra i partecipanti figurano esperti di AMAG, dell'Universit\u00e0 di Scienze Applicate OST e del Villaggio Pestalozzi per bambini.<\/p>\n<h3>Premio Greenovation 2025<\/h3>\n<p>L'evento si concluder\u00e0 con la presentazione del Greenovation Award 2025, che premia i progetti in tre categorie. Nella categoria <strong>Prodotto<\/strong> L'attenzione \u00e8 rivolta a soluzioni innovative e a risparmio di risorse con un potenziale di mercato. La categoria <strong>Progetto<\/strong> premia le iniziative che creano un chiaro valore aggiunto sociale o ecologico. E nella categoria <strong>Servizio<\/strong> Il premio riconosce le offerte sostenibili che hanno un impatto tangibile.<\/p>\n<p>&nbsp;<\/p>\n<blockquote>\n<h3>La registrazione \u00e8 ora possibile<\/h3>\n<p>La finestra di registrazione per il 2\u00b0 Greenovation Summit \u00e8 ora aperta su <a href=\"http:\/\/www.greenovation-summit.ch\">www.greenovation-summit.ch<\/a> aperto. Il numero di partecipanti \u00e8 limitato a 200 persone. Uno sconto early bird \u00e8 disponibile fino al 31 luglio 2025.<\/p>\n<\/blockquote>","protected":false},"excerpt":{"rendered":"<p>Dopo il successo della prima edizione dello scorso anno, il Greenovation Summit entrer\u00e0 nella sua seconda fase il 23 ottobre 2025 a Uzwil. L'evento si rivolge ai decisori di PMI, start-up e organizzazioni che vogliono dare forma concreta alla sostenibilit\u00e0. Il Greenovation Summit 2025 \u00e8 organizzato e ospitato da Galledia Event AG.<\/p>","protected":false},"author":4,"featured_media":38932,"comment_status":"closed","ping_status":"closed","sticky":false,"template":"","format":"standard","meta":{"_acf_changed":false,"_yoast_wpseo_focuskw":"Greenovation Summit 2025","_yoast_wpseo_metadesc":"Nach der erfolgreichen Premiere im vergangenen Jahr geht der Greenovation Summit 2025 am 23. Oktober in Uzwil in die zweite Runde.","articlekey":"","footnotes":""},"categories":[580],"tags":[66,193,274,358,502],"class_list":["post-38931","post","type-post","status-publish","format-standard","has-post-thumbnail","hentry","category-sustainability","tag-awards","tag-fachkongressfachmesse","tag-innovation","tag-nachhaltige-wirtschaft","tag-veranstaltungen"],"acf":[],"yoast_head":"<!-- This site is optimized with the Yoast SEO plugin v27.4 - https:\/\/yoast.com\/product\/yoast-seo-wordpress\/ -->\n<title>Greenovation Summit 2025 \u2013 Nachhaltige Innovationen live erleben - Organisator<\/title>\n<meta name=\"description\" content=\"Nach der erfolgreichen Premiere im vergangenen Jahr geht der Greenovation Summit 2025 am 23. Oktober in Uzwil in die zweite Runde.\" \/>\n<meta name=\"robots\" content=\"index, follow, max-snippet:-1, max-image-preview:large, max-video-preview:-1\" \/>\n<link rel=\"canonical\" href=\"https:\/\/www.organisator.ch\/it\/sostenibilita\/2025-06-16\/greenovation-summit-2025-nachhaltige-innovationen-live-erleben\/\" \/>\n<meta property=\"og:locale\" content=\"it_IT\" \/>\n<meta property=\"og:type\" content=\"article\" \/>\n<meta property=\"og:title\" content=\"Greenovation Summit 2025 \u2013 Nachhaltige Innovationen live erleben\" \/>\n<meta property=\"og:description\" content=\"Nach der erfolgreichen Premiere im vergangenen Jahr geht der Greenovation Summit 2025 am 23. Oktober in Uzwil in die zweite Runde.\" \/>\n<meta property=\"og:url\" content=\"https:\/\/www.organisator.ch\/it\/sostenibilita\/2025-06-16\/greenovation-summit-2025-nachhaltige-innovationen-live-erleben\/\" \/>\n<meta property=\"og:site_name\" content=\"Organisator\" \/>\n<meta property=\"article:publisher\" content=\"https:\/\/www.facebook.com\/OrganisatorFachmagazin\" \/>\n<meta property=\"article:published_time\" content=\"2025-06-16T14:31:58+00:00\" \/>\n<meta property=\"og:image\" content=\"https:\/\/www.organisator.ch\/wp-content\/uploads\/2025\/06\/Greenovation-Summit-2025-Nachhaltige-Innovationen-live-erleben_Organisator.png\" \/>\n\t<meta property=\"og:image:width\" content=\"680\" \/>\n\t<meta property=\"og:image:height\" content=\"383\" \/>\n\t<meta property=\"og:image:type\" content=\"image\/png\" \/>\n<meta name=\"author\" content=\"thomas.berner\" \/>\n<meta name=\"twitter:card\" content=\"summary_large_image\" \/>\n<meta name=\"twitter:title\" content=\"#Greenovation Summit 2025 \u2013 Nachhaltige Innovationen live erleben\" \/>\n<meta name=\"twitter:description\" content=\"Nach der erfolgreichen Premiere im vergangenen Jahr geht der #Greenovation Summit 2025 am 23. Oktober in Uzwil in die zweite Runde.\" \/>\n<meta name=\"twitter:image\" content=\"https:\/\/www.organisator.ch\/wp-content\/uploads\/2025\/06\/Greenovation-Summit-2025-Nachhaltige-Innovationen-live-erleben_Organisator.png\" \/>\n<script type=\"application\/ld+json\" class=\"yoast-schema-graph\">{\"@context\":\"https:\\\/\\\/schema.org\",\"@graph\":[{\"@type\":\"Article\",\"@id\":\"https:\\\/\\\/www.organisator.ch\\\/sustainability\\\/2025-06-16\\\/greenovation-summit-2025-nachhaltige-innovationen-live-erleben\\\/#article\",\"isPartOf\":{\"@id\":\"https:\\\/\\\/www.organisator.ch\\\/sustainability\\\/2025-06-16\\\/greenovation-summit-2025-nachhaltige-innovationen-live-erleben\\\/\"},\"author\":{\"name\":\"thomas.berner\",\"@id\":\"https:\\\/\\\/www.organisator.ch\\\/#\\\/schema\\\/person\\\/6f650f90b2842cd4c0cc334b4e36f67e\"},\"headline\":\"Greenovation Summit 2025 \u2013 Nachhaltige Innovationen live erleben\",\"datePublished\":\"2025-06-16T14:31:58+00:00\",\"mainEntityOfPage\":{\"@id\":\"https:\\\/\\\/www.organisator.ch\\\/sustainability\\\/2025-06-16\\\/greenovation-summit-2025-nachhaltige-innovationen-live-erleben\\\/\"},\"wordCount\":329,\"publisher\":{\"@id\":\"https:\\\/\\\/www.organisator.ch\\\/#organization\"},\"image\":{\"@id\":\"https:\\\/\\\/www.organisator.ch\\\/sustainability\\\/2025-06-16\\\/greenovation-summit-2025-nachhaltige-innovationen-live-erleben\\\/#primaryimage\"},\"thumbnailUrl\":\"https:\\\/\\\/www.organisator.ch\\\/wp-content\\\/uploads\\\/2025\\\/06\\\/Greenovation-Summit-2025-Nachhaltige-Innovationen-live-erleben_Organisator.png\",\"keywords\":[\"Awards\",\"Fachkongress\\\/Fachmesse\",\"Innovation\",\"Nachhaltige Wirtschaft\",\"Veranstaltungen\"],\"articleSection\":[\"SUSTAINABILITY\"],\"inLanguage\":\"it-IT\"},{\"@type\":\"WebPage\",\"@id\":\"https:\\\/\\\/www.organisator.ch\\\/sustainability\\\/2025-06-16\\\/greenovation-summit-2025-nachhaltige-innovationen-live-erleben\\\/\",\"url\":\"https:\\\/\\\/www.organisator.ch\\\/sustainability\\\/2025-06-16\\\/greenovation-summit-2025-nachhaltige-innovationen-live-erleben\\\/\",\"name\":\"Greenovation Summit 2025 \u2013 Nachhaltige Innovationen live erleben - Organisator\",\"isPartOf\":{\"@id\":\"https:\\\/\\\/www.organisator.ch\\\/#website\"},\"primaryImageOfPage\":{\"@id\":\"https:\\\/\\\/www.organisator.ch\\\/sustainability\\\/2025-06-16\\\/greenovation-summit-2025-nachhaltige-innovationen-live-erleben\\\/#primaryimage\"},\"image\":{\"@id\":\"https:\\\/\\\/www.organisator.ch\\\/sustainability\\\/2025-06-16\\\/greenovation-summit-2025-nachhaltige-innovationen-live-erleben\\\/#primaryimage\"},\"thumbnailUrl\":\"https:\\\/\\\/www.organisator.ch\\\/wp-content\\\/uploads\\\/2025\\\/06\\\/Greenovation-Summit-2025-Nachhaltige-Innovationen-live-erleben_Organisator.png\",\"datePublished\":\"2025-06-16T14:31:58+00:00\",\"description\":\"Nach der erfolgreichen Premiere im vergangenen Jahr geht der Greenovation Summit 2025 am 23. Oktober in Uzwil in die zweite Runde.\",\"breadcrumb\":{\"@id\":\"https:\\\/\\\/www.organisator.ch\\\/sustainability\\\/2025-06-16\\\/greenovation-summit-2025-nachhaltige-innovationen-live-erleben\\\/#breadcrumb\"},\"inLanguage\":\"it-IT\",\"potentialAction\":[{\"@type\":\"ReadAction\",\"target\":[\"https:\\\/\\\/www.organisator.ch\\\/sustainability\\\/2025-06-16\\\/greenovation-summit-2025-nachhaltige-innovationen-live-erleben\\\/\"]}]},{\"@type\":\"ImageObject\",\"inLanguage\":\"it-IT\",\"@id\":\"https:\\\/\\\/www.organisator.ch\\\/sustainability\\\/2025-06-16\\\/greenovation-summit-2025-nachhaltige-innovationen-live-erleben\\\/#primaryimage\",\"url\":\"https:\\\/\\\/www.organisator.ch\\\/wp-content\\\/uploads\\\/2025\\\/06\\\/Greenovation-Summit-2025-Nachhaltige-Innovationen-live-erleben_Organisator.png\",\"contentUrl\":\"https:\\\/\\\/www.organisator.ch\\\/wp-content\\\/uploads\\\/2025\\\/06\\\/Greenovation-Summit-2025-Nachhaltige-Innovationen-live-erleben_Organisator.png\",\"width\":680,\"height\":383,\"caption\":\"Die Refererierenden am Greenovation Summit 2025. (Bild: Galledia Event AG)\"},{\"@type\":\"BreadcrumbList\",\"@id\":\"https:\\\/\\\/www.organisator.ch\\\/sustainability\\\/2025-06-16\\\/greenovation-summit-2025-nachhaltige-innovationen-live-erleben\\\/#breadcrumb\",\"itemListElement\":[{\"@type\":\"ListItem\",\"position\":1,\"name\":\"Home\",\"item\":\"https:\\\/\\\/www.organisator.ch\\\/\"},{\"@type\":\"ListItem\",\"position\":2,\"name\":\"Greenovation Summit 2025 \u2013 Nachhaltige Innovationen live erleben\"}]},{\"@type\":\"WebSite\",\"@id\":\"https:\\\/\\\/www.organisator.ch\\\/#website\",\"url\":\"https:\\\/\\\/www.organisator.ch\\\/\",\"name\":\"Organisator\",\"description\":\"Kompetent. Praxisnah. Der ORGANISATOR bereitet in 10 Ausgaben pro Jahr die wesentlichen Themen f\u00fcr F\u00fchrungskr\u00e4fte von KMU auf.\",\"publisher\":{\"@id\":\"https:\\\/\\\/www.organisator.ch\\\/#organization\"},\"potentialAction\":[{\"@type\":\"SearchAction\",\"target\":{\"@type\":\"EntryPoint\",\"urlTemplate\":\"https:\\\/\\\/www.organisator.ch\\\/?s={search_term_string}\"},\"query-input\":{\"@type\":\"PropertyValueSpecification\",\"valueRequired\":true,\"valueName\":\"search_term_string\"}}],\"inLanguage\":\"it-IT\"},{\"@type\":\"Organization\",\"@id\":\"https:\\\/\\\/www.organisator.ch\\\/#organization\",\"name\":\"Organisator\",\"url\":\"https:\\\/\\\/www.organisator.ch\\\/\",\"logo\":{\"@type\":\"ImageObject\",\"inLanguage\":\"it-IT\",\"@id\":\"https:\\\/\\\/www.organisator.ch\\\/#\\\/schema\\\/logo\\\/image\\\/\",\"url\":\"https:\\\/\\\/www.organisator.ch\\\/wp-content\\\/uploads\\\/2022\\\/01\\\/Logo_Organisator_Website.png\",\"contentUrl\":\"https:\\\/\\\/www.organisator.ch\\\/wp-content\\\/uploads\\\/2022\\\/01\\\/Logo_Organisator_Website.png\",\"width\":800,\"height\":77,\"caption\":\"Organisator\"},\"image\":{\"@id\":\"https:\\\/\\\/www.organisator.ch\\\/#\\\/schema\\\/logo\\\/image\\\/\"},\"sameAs\":[\"https:\\\/\\\/www.facebook.com\\\/OrganisatorFachmagazin\",\"https:\\\/\\\/www.linkedin.com\\\/showcase\\\/organisator-das-magazin-fr-kmu\",\"https:\\\/\\\/www.xing.com\\\/news\\\/pages\\\/organisator-ch-695\",\"https:\\\/\\\/www.youtube.com\\\/channel\\\/UCGP2Sq0iWaZwT3BdIAQFYpw\"]},{\"@type\":\"Person\",\"@id\":\"https:\\\/\\\/www.organisator.ch\\\/#\\\/schema\\\/person\\\/6f650f90b2842cd4c0cc334b4e36f67e\",\"name\":\"thomas.berner\",\"image\":{\"@type\":\"ImageObject\",\"inLanguage\":\"it-IT\",\"@id\":\"https:\\\/\\\/secure.gravatar.com\\\/avatar\\\/ac5001d2a36cb6c6cd3e50789007ffca834b477b74a2144564522e944eabff61?s=96&d=mm&r=g\",\"url\":\"https:\\\/\\\/secure.gravatar.com\\\/avatar\\\/ac5001d2a36cb6c6cd3e50789007ffca834b477b74a2144564522e944eabff61?s=96&d=mm&r=g\",\"contentUrl\":\"https:\\\/\\\/secure.gravatar.com\\\/avatar\\\/ac5001d2a36cb6c6cd3e50789007ffca834b477b74a2144564522e944eabff61?s=96&d=mm&r=g\",\"caption\":\"thomas.berner\"},\"url\":\"https:\\\/\\\/www.organisator.ch\\\/it\\\/author\\\/thomas-berner\\\/\"}]}<\/script>\n<!-- \/ Yoast SEO plugin. -->","yoast_head_json":{"title":"Greenovation Summit 2025 - Vivere le innovazioni sostenibili dal vivo - Organizzatore","description":"Dopo il successo della prima edizione dello scorso anno, il Greenovation Summit 2025 entrer\u00e0 nella sua seconda fase il 23 ottobre a Uzwil.","robots":{"index":"index","follow":"follow","max-snippet":"max-snippet:-1","max-image-preview":"max-image-preview:large","max-video-preview":"max-video-preview:-1"},"canonical":"https:\/\/www.organisator.ch\/it\/sostenibilita\/2025-06-16\/greenovation-summit-2025-nachhaltige-innovationen-live-erleben\/","og_locale":"it_IT","og_type":"article","og_title":"Greenovation Summit 2025 \u2013 Nachhaltige Innovationen live erleben","og_description":"Nach der erfolgreichen Premiere im vergangenen Jahr geht der Greenovation Summit 2025 am 23. Oktober in Uzwil in die zweite Runde.","og_url":"https:\/\/www.organisator.ch\/it\/sostenibilita\/2025-06-16\/greenovation-summit-2025-nachhaltige-innovationen-live-erleben\/","og_site_name":"Organisator","article_publisher":"https:\/\/www.facebook.com\/OrganisatorFachmagazin","article_published_time":"2025-06-16T14:31:58+00:00","og_image":[{"width":680,"height":383,"url":"https:\/\/www.organisator.ch\/wp-content\/uploads\/2025\/06\/Greenovation-Summit-2025-Nachhaltige-Innovationen-live-erleben_Organisator.png","type":"image\/png"}],"author":"thomas.berner","twitter_card":"summary_large_image","twitter_title":"#Greenovation Summit 2025 \u2013 Nachhaltige Innovationen live erleben","twitter_description":"Nach der erfolgreichen Premiere im vergangenen Jahr geht der #Greenovation Summit 2025 am 23. Oktober in Uzwil in die zweite Runde.","twitter_image":"https:\/\/www.organisator.ch\/wp-content\/uploads\/2025\/06\/Greenovation-Summit-2025-Nachhaltige-Innovationen-live-erleben_Organisator.png","schema":{"@context":"https:\/\/schema.org","@graph":[{"@type":"Article","@id":"https:\/\/www.organisator.ch\/sustainability\/2025-06-16\/greenovation-summit-2025-nachhaltige-innovationen-live-erleben\/#article","isPartOf":{"@id":"https:\/\/www.organisator.ch\/sustainability\/2025-06-16\/greenovation-summit-2025-nachhaltige-innovationen-live-erleben\/"},"author":{"name":"thomas.berner","@id":"https:\/\/www.organisator.ch\/#\/schema\/person\/6f650f90b2842cd4c0cc334b4e36f67e"},"headline":"Greenovation Summit 2025 \u2013 Nachhaltige Innovationen live erleben","datePublished":"2025-06-16T14:31:58+00:00","mainEntityOfPage":{"@id":"https:\/\/www.organisator.ch\/sustainability\/2025-06-16\/greenovation-summit-2025-nachhaltige-innovationen-live-erleben\/"},"wordCount":329,"publisher":{"@id":"https:\/\/www.organisator.ch\/#organization"},"image":{"@id":"https:\/\/www.organisator.ch\/sustainability\/2025-06-16\/greenovation-summit-2025-nachhaltige-innovationen-live-erleben\/#primaryimage"},"thumbnailUrl":"https:\/\/www.organisator.ch\/wp-content\/uploads\/2025\/06\/Greenovation-Summit-2025-Nachhaltige-Innovationen-live-erleben_Organisator.png","keywords":["Awards","Fachkongress\/Fachmesse","Innovation","Nachhaltige Wirtschaft","Veranstaltungen"],"articleSection":["SUSTAINABILITY"],"inLanguage":"it-IT"},{"@type":"WebPage","@id":"https:\/\/www.organisator.ch\/sustainability\/2025-06-16\/greenovation-summit-2025-nachhaltige-innovationen-live-erleben\/","url":"https:\/\/www.organisator.ch\/sustainability\/2025-06-16\/greenovation-summit-2025-nachhaltige-innovationen-live-erleben\/","name":"Greenovation Summit 2025 - Vivere le innovazioni sostenibili dal vivo - Organizzatore","isPartOf":{"@id":"https:\/\/www.organisator.ch\/#website"},"primaryImageOfPage":{"@id":"https:\/\/www.organisator.ch\/sustainability\/2025-06-16\/greenovation-summit-2025-nachhaltige-innovationen-live-erleben\/#primaryimage"},"image":{"@id":"https:\/\/www.organisator.ch\/sustainability\/2025-06-16\/greenovation-summit-2025-nachhaltige-innovationen-live-erleben\/#primaryimage"},"thumbnailUrl":"https:\/\/www.organisator.ch\/wp-content\/uploads\/2025\/06\/Greenovation-Summit-2025-Nachhaltige-Innovationen-live-erleben_Organisator.png","datePublished":"2025-06-16T14:31:58+00:00","description":"Dopo il successo della prima edizione dello scorso anno, il Greenovation Summit 2025 entrer\u00e0 nella sua seconda fase il 23 ottobre a Uzwil.","breadcrumb":{"@id":"https:\/\/www.organisator.ch\/sustainability\/2025-06-16\/greenovation-summit-2025-nachhaltige-innovationen-live-erleben\/#breadcrumb"},"inLanguage":"it-IT","potentialAction":[{"@type":"ReadAction","target":["https:\/\/www.organisator.ch\/sustainability\/2025-06-16\/greenovation-summit-2025-nachhaltige-innovationen-live-erleben\/"]}]},{"@type":"ImageObject","inLanguage":"it-IT","@id":"https:\/\/www.organisator.ch\/sustainability\/2025-06-16\/greenovation-summit-2025-nachhaltige-innovationen-live-erleben\/#primaryimage","url":"https:\/\/www.organisator.ch\/wp-content\/uploads\/2025\/06\/Greenovation-Summit-2025-Nachhaltige-Innovationen-live-erleben_Organisator.png","contentUrl":"https:\/\/www.organisator.ch\/wp-content\/uploads\/2025\/06\/Greenovation-Summit-2025-Nachhaltige-Innovationen-live-erleben_Organisator.png","width":680,"height":383,"caption":"Die Refererierenden am Greenovation Summit 2025. (Bild: Galledia Event AG)"},{"@type":"BreadcrumbList","@id":"https:\/\/www.organisator.ch\/sustainability\/2025-06-16\/greenovation-summit-2025-nachhaltige-innovationen-live-erleben\/#breadcrumb","itemListElement":[{"@type":"ListItem","position":1,"name":"Home","item":"https:\/\/www.organisator.ch\/"},{"@type":"ListItem","position":2,"name":"Greenovation Summit 2025 \u2013 Nachhaltige Innovationen live erleben"}]},{"@type":"WebSite","@id":"https:\/\/www.organisator.ch\/#website","url":"https:\/\/www.organisator.ch\/","name":"Organizzatore","description":"Competente. Pratico. In 10 numeri all'anno, ORGANISATOR presenta i temi essenziali per i manager delle PMI.","publisher":{"@id":"https:\/\/www.organisator.ch\/#organization"},"potentialAction":[{"@type":"SearchAction","target":{"@type":"EntryPoint","urlTemplate":"https:\/\/www.organisator.ch\/?s={search_term_string}"},"query-input":{"@type":"PropertyValueSpecification","valueRequired":true,"valueName":"search_term_string"}}],"inLanguage":"it-IT"},{"@type":"Organization","@id":"https:\/\/www.organisator.ch\/#organization","name":"Organizzatore","url":"https:\/\/www.organisator.ch\/","logo":{"@type":"ImageObject","inLanguage":"it-IT","@id":"https:\/\/www.organisator.ch\/#\/schema\/logo\/image\/","url":"https:\/\/www.organisator.ch\/wp-content\/uploads\/2022\/01\/Logo_Organisator_Website.png","contentUrl":"https:\/\/www.organisator.ch\/wp-content\/uploads\/2022\/01\/Logo_Organisator_Website.png","width":800,"height":77,"caption":"Organisator"},"image":{"@id":"https:\/\/www.organisator.ch\/#\/schema\/logo\/image\/"},"sameAs":["https:\/\/www.facebook.com\/OrganisatorFachmagazin","https:\/\/www.linkedin.com\/showcase\/organisator-das-magazin-fr-kmu","https:\/\/www.xing.com\/news\/pages\/organisator-ch-695","https:\/\/www.youtube.com\/channel\/UCGP2Sq0iWaZwT3BdIAQFYpw"]},{"@type":"Person","@id":"https:\/\/www.organisator.ch\/#\/schema\/person\/6f650f90b2842cd4c0cc334b4e36f67e","name":"Tommaso.berner","image":{"@type":"ImageObject","inLanguage":"it-IT","@id":"https:\/\/secure.gravatar.com\/avatar\/ac5001d2a36cb6c6cd3e50789007ffca834b477b74a2144564522e944eabff61?s=96&d=mm&r=g","url":"https:\/\/secure.gravatar.com\/avatar\/ac5001d2a36cb6c6cd3e50789007ffca834b477b74a2144564522e944eabff61?s=96&d=mm&r=g","contentUrl":"https:\/\/secure.gravatar.com\/avatar\/ac5001d2a36cb6c6cd3e50789007ffca834b477b74a2144564522e944eabff61?s=96&d=mm&r=g","caption":"thomas.berner"},"url":"https:\/\/www.organisator.ch\/it\/author\/thomas-berner\/"}]}},"_links":{"self":[{"href":"https:\/\/www.organisator.ch\/it\/wp-json\/wp\/v2\/posts\/38931","targetHints":{"allow":["GET"]}}],"collection":[{"href":"https:\/\/www.organisator.ch\/it\/wp-json\/wp\/v2\/posts"}],"about":[{"href":"https:\/\/www.organisator.ch\/it\/wp-json\/wp\/v2\/types\/post"}],"author":[{"embeddable":true,"href":"https:\/\/www.organisator.ch\/it\/wp-json\/wp\/v2\/users\/4"}],"replies":[{"embeddable":true,"href":"https:\/\/www.organisator.ch\/it\/wp-json\/wp\/v2\/comments?post=38931"}],"version-history":[{"count":3,"href":"https:\/\/www.organisator.ch\/it\/wp-json\/wp\/v2\/posts\/38931\/revisions"}],"predecessor-version":[{"id":39028,"href":"https:\/\/www.organisator.ch\/it\/wp-json\/wp\/v2\/posts\/38931\/revisions\/39028"}],"wp:featuredmedia":[{"embeddable":true,"href":"https:\/\/www.organisator.ch\/it\/wp-json\/wp\/v2\/media\/38932"}],"wp:attachment":[{"href":"https:\/\/www.organisator.ch\/it\/wp-json\/wp\/v2\/media?parent=38931"}],"wp:term":[{"taxonomy":"category","embeddable":true,"href":"https:\/\/www.organisator.ch\/it\/wp-json\/wp\/v2\/categories?post=38931"},{"taxonomy":"post_tag","embeddable":true,"href":"https:\/\/www.organisator.ch\/it\/wp-json\/wp\/v2\/tags?post=38931"}],"curies":[{"name":"wp","href":"https:\/\/api.w.org\/{rel}","templated":true}]}}