{"id":38980,"date":"2025-06-19T21:21:49","date_gmt":"2025-06-19T19:21:49","guid":{"rendered":"https:\/\/www.organisator.ch\/de\/?p=38980"},"modified":"2025-06-17T11:35:26","modified_gmt":"2025-06-17T09:35:26","slug":"geld-anlegen-fuers-alter-geringe-risikobereitschaft","status":"publish","type":"post","link":"https:\/\/www.organisator.ch\/it\/management\/2025-06-19\/geld-anlegen-fuers-alter-geringe-risikobereitschaft\/","title":{"rendered":"Investire denaro per la vecchiaia: bassa tolleranza al rischio"},"content":{"rendered":"<div class=\"swpm-post-not-logged-in-msg\">Devi eseguire l&#039;accesso per visualizzare questo contenuto. Avrete bisogno di <a class=\"swpm-login-link\" href=\"https:\/\/www.organisator.ch\/login\/\">Accedi<\/a>. Non sei un membro? <a href=\"https:\/\/www.organisator.ch\/shop\/\">Registrati<\/a><\/div>","protected":false},"excerpt":{"rendered":"<p>In Svizzera i dipendenti mostrano una propensione al rischio notevolmente bassa quando si tratta di investire. Ciononostante, molti sono favorevoli alla libera scelta della strategia d'investimento del capitale pensionistico. Una contraddizione? Un nuovo studio mostra il ruolo che il genere, l'et\u00e0 e la valutazione delle proprie conoscenze finanziarie svolgono in questo atteggiamento.<\/p>","protected":false},"author":1,"featured_media":38979,"comment_status":"closed","ping_status":"closed","sticky":false,"template":"","format":"standard","meta":{"_acf_changed":false,"_yoast_wpseo_focuskw":"Geld anlegen","_yoast_wpseo_metadesc":"Arbeitnehmende in der Schweiz zeigen eine auffallend tiefe Risikobereitschaft, wenn sie f\u00fcrs Alter ihr Geld anlegen.","articlekey":"161274","footnotes":""},"categories":[578,28],"tags":[2932,3419,2933],"class_list":["post-38980","post","type-post","status-publish","format-standard","has-post-thumbnail","hentry","category-abo","category-management","tag-altersvorsorge","tag-geldanlagen","tag-renten"],"acf":[],"yoast_head":"<!-- This site is optimized with the Yoast SEO plugin v27.5 - https:\/\/yoast.com\/product\/yoast-seo-wordpress\/ -->\n<title>Geld anlegen f\u00fcrs Alter: Geringe Risikobereitschaft - Organisator<\/title>\n<meta name=\"description\" content=\"Arbeitnehmende in der Schweiz zeigen eine auffallend tiefe Risikobereitschaft, wenn sie f\u00fcrs Alter ihr Geld anlegen.\" \/>\n<meta name=\"robots\" content=\"index, follow, max-snippet:-1, max-image-preview:large, max-video-preview:-1\" \/>\n<link rel=\"canonical\" href=\"https:\/\/www.organisator.ch\/it\/gestione-2\/2025-06-19\/geld-anlegen-fuers-alter-geringe-risikobereitschaft\/\" \/>\n<meta property=\"og:locale\" content=\"it_IT\" \/>\n<meta property=\"og:type\" content=\"article\" \/>\n<meta property=\"og:title\" content=\"Geld anlegen f\u00fcrs Alter: Geringe Risikobereitschaft - Organisator\" \/>\n<meta property=\"og:description\" content=\"Arbeitnehmende in der Schweiz zeigen eine auffallend tiefe Risikobereitschaft, wenn sie f\u00fcrs Alter ihr Geld anlegen.\" \/>\n<meta property=\"og:url\" content=\"https:\/\/www.organisator.ch\/it\/gestione-2\/2025-06-19\/geld-anlegen-fuers-alter-geringe-risikobereitschaft\/\" \/>\n<meta property=\"og:site_name\" content=\"Organisator\" \/>\n<meta property=\"article:publisher\" content=\"https:\/\/www.facebook.com\/OrganisatorFachmagazin\" \/>\n<meta property=\"article:published_time\" content=\"2025-06-19T19:21:49+00:00\" \/>\n<meta property=\"og:image\" content=\"https:\/\/www.organisator.ch\/wp-content\/uploads\/2025\/06\/PK-Special_Auftakt_Bild_organisator_161276-scaled-e1750152260425.jpg\" \/>\n\t<meta property=\"og:image:width\" content=\"1043\" \/>\n\t<meta property=\"og:image:height\" content=\"868\" \/>\n\t<meta property=\"og:image:type\" content=\"image\/jpeg\" \/>\n<meta name=\"author\" content=\"admin\" \/>\n<meta name=\"twitter:card\" content=\"summary_large_image\" \/>\n<script type=\"application\/ld+json\" class=\"yoast-schema-graph\">{\"@context\":\"https:\\\/\\\/schema.org\",\"@graph\":[{\"@type\":\"Article\",\"@id\":\"https:\\\/\\\/www.organisator.ch\\\/management\\\/2025-06-19\\\/geld-anlegen-fuers-alter-geringe-risikobereitschaft\\\/#article\",\"isPartOf\":{\"@id\":\"https:\\\/\\\/www.organisator.ch\\\/management\\\/2025-06-19\\\/geld-anlegen-fuers-alter-geringe-risikobereitschaft\\\/\"},\"author\":{\"name\":\"admin\",\"@id\":\"https:\\\/\\\/www.organisator.ch\\\/#\\\/schema\\\/person\\\/aa2bace6c5c5aad60102004a50c4eb1c\"},\"headline\":\"Geld anlegen f\u00fcrs Alter: Geringe Risikobereitschaft\",\"datePublished\":\"2025-06-19T19:21:49+00:00\",\"mainEntityOfPage\":{\"@id\":\"https:\\\/\\\/www.organisator.ch\\\/management\\\/2025-06-19\\\/geld-anlegen-fuers-alter-geringe-risikobereitschaft\\\/\"},\"wordCount\":937,\"publisher\":{\"@id\":\"https:\\\/\\\/www.organisator.ch\\\/#organization\"},\"image\":{\"@id\":\"https:\\\/\\\/www.organisator.ch\\\/management\\\/2025-06-19\\\/geld-anlegen-fuers-alter-geringe-risikobereitschaft\\\/#primaryimage\"},\"thumbnailUrl\":\"https:\\\/\\\/www.organisator.ch\\\/wp-content\\\/uploads\\\/2025\\\/06\\\/PK-Special_Auftakt_Bild_organisator_161276-scaled-e1750152260425.jpg\",\"keywords\":[\"Altersvorsorge\",\"Geldanlagen\",\"Renten\"],\"articleSection\":[\"ABO+\",\"MANAGEMENT\"],\"inLanguage\":\"it-IT\"},{\"@type\":\"WebPage\",\"@id\":\"https:\\\/\\\/www.organisator.ch\\\/management\\\/2025-06-19\\\/geld-anlegen-fuers-alter-geringe-risikobereitschaft\\\/\",\"url\":\"https:\\\/\\\/www.organisator.ch\\\/management\\\/2025-06-19\\\/geld-anlegen-fuers-alter-geringe-risikobereitschaft\\\/\",\"name\":\"Geld anlegen f\u00fcrs Alter: Geringe Risikobereitschaft - Organisator\",\"isPartOf\":{\"@id\":\"https:\\\/\\\/www.organisator.ch\\\/#website\"},\"primaryImageOfPage\":{\"@id\":\"https:\\\/\\\/www.organisator.ch\\\/management\\\/2025-06-19\\\/geld-anlegen-fuers-alter-geringe-risikobereitschaft\\\/#primaryimage\"},\"image\":{\"@id\":\"https:\\\/\\\/www.organisator.ch\\\/management\\\/2025-06-19\\\/geld-anlegen-fuers-alter-geringe-risikobereitschaft\\\/#primaryimage\"},\"thumbnailUrl\":\"https:\\\/\\\/www.organisator.ch\\\/wp-content\\\/uploads\\\/2025\\\/06\\\/PK-Special_Auftakt_Bild_organisator_161276-scaled-e1750152260425.jpg\",\"datePublished\":\"2025-06-19T19:21:49+00:00\",\"description\":\"Arbeitnehmende in der Schweiz zeigen eine auffallend tiefe Risikobereitschaft, wenn sie f\u00fcrs Alter ihr Geld anlegen.\",\"breadcrumb\":{\"@id\":\"https:\\\/\\\/www.organisator.ch\\\/management\\\/2025-06-19\\\/geld-anlegen-fuers-alter-geringe-risikobereitschaft\\\/#breadcrumb\"},\"inLanguage\":\"it-IT\",\"potentialAction\":[{\"@type\":\"ReadAction\",\"target\":[\"https:\\\/\\\/www.organisator.ch\\\/management\\\/2025-06-19\\\/geld-anlegen-fuers-alter-geringe-risikobereitschaft\\\/\"]}]},{\"@type\":\"ImageObject\",\"inLanguage\":\"it-IT\",\"@id\":\"https:\\\/\\\/www.organisator.ch\\\/management\\\/2025-06-19\\\/geld-anlegen-fuers-alter-geringe-risikobereitschaft\\\/#primaryimage\",\"url\":\"https:\\\/\\\/www.organisator.ch\\\/wp-content\\\/uploads\\\/2025\\\/06\\\/PK-Special_Auftakt_Bild_organisator_161276-scaled-e1750152260425.jpg\",\"contentUrl\":\"https:\\\/\\\/www.organisator.ch\\\/wp-content\\\/uploads\\\/2025\\\/06\\\/PK-Special_Auftakt_Bild_organisator_161276-scaled-e1750152260425.jpg\",\"width\":1043,\"height\":868,\"caption\":\"Ersparnisse f\u00fcrs Alter anlegen: Soziodemografische Faktoren spielen f\u00fcr die Risikobereitschaft eine grosse Rolle. Foto: AndreyPopov \\\/ Depositphotos.com\"},{\"@type\":\"BreadcrumbList\",\"@id\":\"https:\\\/\\\/www.organisator.ch\\\/management\\\/2025-06-19\\\/geld-anlegen-fuers-alter-geringe-risikobereitschaft\\\/#breadcrumb\",\"itemListElement\":[{\"@type\":\"ListItem\",\"position\":1,\"name\":\"Home\",\"item\":\"https:\\\/\\\/www.organisator.ch\\\/\"},{\"@type\":\"ListItem\",\"position\":2,\"name\":\"Geld anlegen f\u00fcrs Alter: Geringe Risikobereitschaft\"}]},{\"@type\":\"WebSite\",\"@id\":\"https:\\\/\\\/www.organisator.ch\\\/#website\",\"url\":\"https:\\\/\\\/www.organisator.ch\\\/\",\"name\":\"Organisator\",\"description\":\"Kompetent. Praxisnah. Der ORGANISATOR bereitet in 10 Ausgaben pro Jahr die wesentlichen Themen f\u00fcr F\u00fchrungskr\u00e4fte von KMU auf.\",\"publisher\":{\"@id\":\"https:\\\/\\\/www.organisator.ch\\\/#organization\"},\"potentialAction\":[{\"@type\":\"SearchAction\",\"target\":{\"@type\":\"EntryPoint\",\"urlTemplate\":\"https:\\\/\\\/www.organisator.ch\\\/?s={search_term_string}\"},\"query-input\":{\"@type\":\"PropertyValueSpecification\",\"valueRequired\":true,\"valueName\":\"search_term_string\"}}],\"inLanguage\":\"it-IT\"},{\"@type\":\"Organization\",\"@id\":\"https:\\\/\\\/www.organisator.ch\\\/#organization\",\"name\":\"Organisator\",\"url\":\"https:\\\/\\\/www.organisator.ch\\\/\",\"logo\":{\"@type\":\"ImageObject\",\"inLanguage\":\"it-IT\",\"@id\":\"https:\\\/\\\/www.organisator.ch\\\/#\\\/schema\\\/logo\\\/image\\\/\",\"url\":\"https:\\\/\\\/www.organisator.ch\\\/wp-content\\\/uploads\\\/2022\\\/01\\\/Logo_Organisator_Website.png\",\"contentUrl\":\"https:\\\/\\\/www.organisator.ch\\\/wp-content\\\/uploads\\\/2022\\\/01\\\/Logo_Organisator_Website.png\",\"width\":800,\"height\":77,\"caption\":\"Organisator\"},\"image\":{\"@id\":\"https:\\\/\\\/www.organisator.ch\\\/#\\\/schema\\\/logo\\\/image\\\/\"},\"sameAs\":[\"https:\\\/\\\/www.facebook.com\\\/OrganisatorFachmagazin\",\"https:\\\/\\\/www.linkedin.com\\\/showcase\\\/organisator-das-magazin-fr-kmu\",\"https:\\\/\\\/www.xing.com\\\/news\\\/pages\\\/organisator-ch-695\",\"https:\\\/\\\/www.youtube.com\\\/channel\\\/UCGP2Sq0iWaZwT3BdIAQFYpw\"]},{\"@type\":\"Person\",\"@id\":\"https:\\\/\\\/www.organisator.ch\\\/#\\\/schema\\\/person\\\/aa2bace6c5c5aad60102004a50c4eb1c\",\"name\":\"admin\",\"image\":{\"@type\":\"ImageObject\",\"inLanguage\":\"it-IT\",\"@id\":\"https:\\\/\\\/secure.gravatar.com\\\/avatar\\\/ae2f4d718e6c49043e314ce431e7e645d646302a24a5ef5a8bc8e3f5a032e319?s=96&d=mm&r=g\",\"url\":\"https:\\\/\\\/secure.gravatar.com\\\/avatar\\\/ae2f4d718e6c49043e314ce431e7e645d646302a24a5ef5a8bc8e3f5a032e319?s=96&d=mm&r=g\",\"contentUrl\":\"https:\\\/\\\/secure.gravatar.com\\\/avatar\\\/ae2f4d718e6c49043e314ce431e7e645d646302a24a5ef5a8bc8e3f5a032e319?s=96&d=mm&r=g\",\"caption\":\"admin\"},\"sameAs\":[\"https:\\\/\\\/www.organisator.ch\"],\"url\":\"https:\\\/\\\/www.organisator.ch\\\/it\\\/author\\\/admin\\\/\"}]}<\/script>\n<!-- \/ Yoast SEO plugin. -->","yoast_head_json":{"title":"Investire il denaro per la vecchiaia: bassa tolleranza al rischio - Organizzatore","description":"I dipendenti svizzeri mostrano una scarsa propensione al rischio nell'investire il proprio denaro per la pensione.","robots":{"index":"index","follow":"follow","max-snippet":"max-snippet:-1","max-image-preview":"max-image-preview:large","max-video-preview":"max-video-preview:-1"},"canonical":"https:\/\/www.organisator.ch\/it\/gestione-2\/2025-06-19\/geld-anlegen-fuers-alter-geringe-risikobereitschaft\/","og_locale":"it_IT","og_type":"article","og_title":"Geld anlegen f\u00fcrs Alter: Geringe Risikobereitschaft - Organisator","og_description":"Arbeitnehmende in der Schweiz zeigen eine auffallend tiefe Risikobereitschaft, wenn sie f\u00fcrs Alter ihr Geld anlegen.","og_url":"https:\/\/www.organisator.ch\/it\/gestione-2\/2025-06-19\/geld-anlegen-fuers-alter-geringe-risikobereitschaft\/","og_site_name":"Organisator","article_publisher":"https:\/\/www.facebook.com\/OrganisatorFachmagazin","article_published_time":"2025-06-19T19:21:49+00:00","og_image":[{"width":1043,"height":868,"url":"https:\/\/www.organisator.ch\/wp-content\/uploads\/2025\/06\/PK-Special_Auftakt_Bild_organisator_161276-scaled-e1750152260425.jpg","type":"image\/jpeg"}],"author":"admin","twitter_card":"summary_large_image","schema":{"@context":"https:\/\/schema.org","@graph":[{"@type":"Article","@id":"https:\/\/www.organisator.ch\/management\/2025-06-19\/geld-anlegen-fuers-alter-geringe-risikobereitschaft\/#article","isPartOf":{"@id":"https:\/\/www.organisator.ch\/management\/2025-06-19\/geld-anlegen-fuers-alter-geringe-risikobereitschaft\/"},"author":{"name":"admin","@id":"https:\/\/www.organisator.ch\/#\/schema\/person\/aa2bace6c5c5aad60102004a50c4eb1c"},"headline":"Geld anlegen f\u00fcrs Alter: Geringe Risikobereitschaft","datePublished":"2025-06-19T19:21:49+00:00","mainEntityOfPage":{"@id":"https:\/\/www.organisator.ch\/management\/2025-06-19\/geld-anlegen-fuers-alter-geringe-risikobereitschaft\/"},"wordCount":937,"publisher":{"@id":"https:\/\/www.organisator.ch\/#organization"},"image":{"@id":"https:\/\/www.organisator.ch\/management\/2025-06-19\/geld-anlegen-fuers-alter-geringe-risikobereitschaft\/#primaryimage"},"thumbnailUrl":"https:\/\/www.organisator.ch\/wp-content\/uploads\/2025\/06\/PK-Special_Auftakt_Bild_organisator_161276-scaled-e1750152260425.jpg","keywords":["Altersvorsorge","Geldanlagen","Renten"],"articleSection":["ABO+","MANAGEMENT"],"inLanguage":"it-IT"},{"@type":"WebPage","@id":"https:\/\/www.organisator.ch\/management\/2025-06-19\/geld-anlegen-fuers-alter-geringe-risikobereitschaft\/","url":"https:\/\/www.organisator.ch\/management\/2025-06-19\/geld-anlegen-fuers-alter-geringe-risikobereitschaft\/","name":"Investire il denaro per la vecchiaia: bassa tolleranza al rischio - Organizzatore","isPartOf":{"@id":"https:\/\/www.organisator.ch\/#website"},"primaryImageOfPage":{"@id":"https:\/\/www.organisator.ch\/management\/2025-06-19\/geld-anlegen-fuers-alter-geringe-risikobereitschaft\/#primaryimage"},"image":{"@id":"https:\/\/www.organisator.ch\/management\/2025-06-19\/geld-anlegen-fuers-alter-geringe-risikobereitschaft\/#primaryimage"},"thumbnailUrl":"https:\/\/www.organisator.ch\/wp-content\/uploads\/2025\/06\/PK-Special_Auftakt_Bild_organisator_161276-scaled-e1750152260425.jpg","datePublished":"2025-06-19T19:21:49+00:00","description":"I dipendenti svizzeri mostrano una scarsa propensione al rischio nell'investire il proprio denaro per la pensione.","breadcrumb":{"@id":"https:\/\/www.organisator.ch\/management\/2025-06-19\/geld-anlegen-fuers-alter-geringe-risikobereitschaft\/#breadcrumb"},"inLanguage":"it-IT","potentialAction":[{"@type":"ReadAction","target":["https:\/\/www.organisator.ch\/management\/2025-06-19\/geld-anlegen-fuers-alter-geringe-risikobereitschaft\/"]}]},{"@type":"ImageObject","inLanguage":"it-IT","@id":"https:\/\/www.organisator.ch\/management\/2025-06-19\/geld-anlegen-fuers-alter-geringe-risikobereitschaft\/#primaryimage","url":"https:\/\/www.organisator.ch\/wp-content\/uploads\/2025\/06\/PK-Special_Auftakt_Bild_organisator_161276-scaled-e1750152260425.jpg","contentUrl":"https:\/\/www.organisator.ch\/wp-content\/uploads\/2025\/06\/PK-Special_Auftakt_Bild_organisator_161276-scaled-e1750152260425.jpg","width":1043,"height":868,"caption":"Ersparnisse f\u00fcrs Alter anlegen: Soziodemografische Faktoren spielen f\u00fcr die Risikobereitschaft eine grosse Rolle. Foto: AndreyPopov \/ Depositphotos.com"},{"@type":"BreadcrumbList","@id":"https:\/\/www.organisator.ch\/management\/2025-06-19\/geld-anlegen-fuers-alter-geringe-risikobereitschaft\/#breadcrumb","itemListElement":[{"@type":"ListItem","position":1,"name":"Home","item":"https:\/\/www.organisator.ch\/"},{"@type":"ListItem","position":2,"name":"Geld anlegen f\u00fcrs Alter: Geringe Risikobereitschaft"}]},{"@type":"WebSite","@id":"https:\/\/www.organisator.ch\/#website","url":"https:\/\/www.organisator.ch\/","name":"Organizzatore","description":"Competente. Pratico. In 10 numeri all'anno, ORGANISATOR presenta i temi essenziali per i manager delle PMI.","publisher":{"@id":"https:\/\/www.organisator.ch\/#organization"},"potentialAction":[{"@type":"SearchAction","target":{"@type":"EntryPoint","urlTemplate":"https:\/\/www.organisator.ch\/?s={search_term_string}"},"query-input":{"@type":"PropertyValueSpecification","valueRequired":true,"valueName":"search_term_string"}}],"inLanguage":"it-IT"},{"@type":"Organization","@id":"https:\/\/www.organisator.ch\/#organization","name":"Organizzatore","url":"https:\/\/www.organisator.ch\/","logo":{"@type":"ImageObject","inLanguage":"it-IT","@id":"https:\/\/www.organisator.ch\/#\/schema\/logo\/image\/","url":"https:\/\/www.organisator.ch\/wp-content\/uploads\/2022\/01\/Logo_Organisator_Website.png","contentUrl":"https:\/\/www.organisator.ch\/wp-content\/uploads\/2022\/01\/Logo_Organisator_Website.png","width":800,"height":77,"caption":"Organisator"},"image":{"@id":"https:\/\/www.organisator.ch\/#\/schema\/logo\/image\/"},"sameAs":["https:\/\/www.facebook.com\/OrganisatorFachmagazin","https:\/\/www.linkedin.com\/showcase\/organisator-das-magazin-fr-kmu","https:\/\/www.xing.com\/news\/pages\/organisator-ch-695","https:\/\/www.youtube.com\/channel\/UCGP2Sq0iWaZwT3BdIAQFYpw"]},{"@type":"Person","@id":"https:\/\/www.organisator.ch\/#\/schema\/person\/aa2bace6c5c5aad60102004a50c4eb1c","name":"amministratore","image":{"@type":"ImageObject","inLanguage":"it-IT","@id":"https:\/\/secure.gravatar.com\/avatar\/ae2f4d718e6c49043e314ce431e7e645d646302a24a5ef5a8bc8e3f5a032e319?s=96&d=mm&r=g","url":"https:\/\/secure.gravatar.com\/avatar\/ae2f4d718e6c49043e314ce431e7e645d646302a24a5ef5a8bc8e3f5a032e319?s=96&d=mm&r=g","contentUrl":"https:\/\/secure.gravatar.com\/avatar\/ae2f4d718e6c49043e314ce431e7e645d646302a24a5ef5a8bc8e3f5a032e319?s=96&d=mm&r=g","caption":"admin"},"sameAs":["https:\/\/www.organisator.ch"],"url":"https:\/\/www.organisator.ch\/it\/author\/admin\/"}]}},"_links":{"self":[{"href":"https:\/\/www.organisator.ch\/it\/wp-json\/wp\/v2\/posts\/38980","targetHints":{"allow":["GET"]}}],"collection":[{"href":"https:\/\/www.organisator.ch\/it\/wp-json\/wp\/v2\/posts"}],"about":[{"href":"https:\/\/www.organisator.ch\/it\/wp-json\/wp\/v2\/types\/post"}],"author":[{"embeddable":true,"href":"https:\/\/www.organisator.ch\/it\/wp-json\/wp\/v2\/users\/1"}],"replies":[{"embeddable":true,"href":"https:\/\/www.organisator.ch\/it\/wp-json\/wp\/v2\/comments?post=38980"}],"version-history":[{"count":2,"href":"https:\/\/www.organisator.ch\/it\/wp-json\/wp\/v2\/posts\/38980\/revisions"}],"predecessor-version":[{"id":39037,"href":"https:\/\/www.organisator.ch\/it\/wp-json\/wp\/v2\/posts\/38980\/revisions\/39037"}],"wp:featuredmedia":[{"embeddable":true,"href":"https:\/\/www.organisator.ch\/it\/wp-json\/wp\/v2\/media\/38979"}],"wp:attachment":[{"href":"https:\/\/www.organisator.ch\/it\/wp-json\/wp\/v2\/media?parent=38980"}],"wp:term":[{"taxonomy":"category","embeddable":true,"href":"https:\/\/www.organisator.ch\/it\/wp-json\/wp\/v2\/categories?post=38980"},{"taxonomy":"post_tag","embeddable":true,"href":"https:\/\/www.organisator.ch\/it\/wp-json\/wp\/v2\/tags?post=38980"}],"curies":[{"name":"wp","href":"https:\/\/api.w.org\/{rel}","templated":true}]}}