{"id":39020,"date":"2025-06-17T10:45:29","date_gmt":"2025-06-17T08:45:29","guid":{"rendered":"https:\/\/www.organisator.ch\/?p=39020"},"modified":"2025-06-17T10:45:29","modified_gmt":"2025-06-17T08:45:29","slug":"marco-zanchi-wird-neuer-ceo-der-wander-ag","status":"publish","type":"post","link":"https:\/\/www.organisator.ch\/it\/management\/2025-06-17\/marco-zanchi-wird-neuer-ceo-der-wander-ag\/","title":{"rendered":"Marco Zanchi diventa il nuovo CEO di Wander AG"},"content":{"rendered":"<figure id=\"attachment_39021\" aria-describedby=\"caption-attachment-39021\" style=\"width: 680px\" class=\"wp-caption alignnone\"><img loading=\"lazy\" decoding=\"async\" class=\"size-full wp-image-39021\" src=\"https:\/\/www.organisator.ch\/wp-content\/uploads\/2025\/06\/Marco-Zanchi-wird-neuer-CEO-der-Wander-AG_Organisator.png\" alt=\"\" width=\"680\" height=\"472\" srcset=\"https:\/\/www.organisator.ch\/wp-content\/uploads\/2025\/06\/Marco-Zanchi-wird-neuer-CEO-der-Wander-AG_Organisator.png 680w, https:\/\/www.organisator.ch\/wp-content\/uploads\/2025\/06\/Marco-Zanchi-wird-neuer-CEO-der-Wander-AG_Organisator-18x12.png 18w, https:\/\/www.organisator.ch\/wp-content\/uploads\/2025\/06\/Marco-Zanchi-wird-neuer-CEO-der-Wander-AG_Organisator-375x260.png 375w, https:\/\/www.organisator.ch\/wp-content\/uploads\/2025\/06\/Marco-Zanchi-wird-neuer-CEO-der-Wander-AG_Organisator-504x350.png 504w\" sizes=\"auto, (max-width: 680px) 100vw, 680px\" \/><figcaption id=\"caption-attachment-39021\" class=\"wp-caption-text\">Marco Zanchi assumer\u00e0 il nuovo ruolo di CEO di Wander AG il 19 agosto 2025. (Immagine: zVg)<\/figcaption><\/figure>\n<p>Con oltre 20 anni di esperienza nel settore alimentare e dei beni di largo consumo, Marco Zanchi ha una vasta esperienza nella gestione dei marchi, nella gestione strategica e nella gestione aziendale internazionale. Dopo aver ricoperto per diversi anni posizioni di responsabilit\u00e0 presso Nestl\u00e9 in Svizzera e in Italia, ha trascorso gli ultimi sei anni come General Manager Food a Parigi e, pi\u00f9 recentemente, come Regional General Manager Food Benelux &amp; Nordics ad Amsterdam. \u00c8 stato responsabile dello sviluppo e della gestione di numerosi marchi famosi, tra cui Maggi, Thomy, Frisco, M\u00f6venpick, Leisi e altri. \u00a0<\/p>\n<h3><strong>Marchi con una storia<\/strong><\/h3>\n<p>\"Ovomaltine, Caotina e Twinings sono marchi d'amore che da decenni caratterizzano la vita quotidiana dei consumatori. Mi riempie di orgoglio poter lavorare per marchi che hanno storia, carattere ed energia. Mi motiva sempre di pi\u00f9 a ispirare le persone con prodotti che fanno la differenza\", afferma Marco Zanchi. Il nuovo Amministratore Delegato completa cos\u00ec il Comitato Esecutivo con gli altri membri Christina Kieni R\u00f6mer, Marketing; Daniela Kuonen Gugger, Risorse Umane; Georg Kundert, Vendite Nazionali e Internazionali; Xavier Ducousso, Supply Chain; Stefan Stucki, Finanza e IT; Marco Ihle, Amministratore Delegato Wander GmbH, Germania.<\/p>\n<h3><strong>L'innovazione si crea insieme<\/strong><\/h3>\n<p>Marco Zanchi \u00e8 convinto che il lavoro di squadra, la diversit\u00e0 culturale e la fiducia reciproca siano alla base dell'innovazione e delle soluzioni creative. \"Insieme, come team, creiamo un'atmosfera in cui le conoscenze condivise vengono utilizzate e la creativit\u00e0 \u00e8 incoraggiata. In Wander sento davvero questo spirito di squadra\", afferma il futuro CEO, che assumer\u00e0 il suo nuovo ruolo in agosto.<\/p>\n<p>Marco Zanchi ha lavorato in Svizzera per diversi anni e conosce a fondo il mercato e la cultura locali. La sua esperienza internazionale, la sua lungimiranza strategica e la sua passione per i marchi forti continueranno a portare avanti l'attuale forza innovativa di Wander AG e, allo stesso tempo, a rafforzare in modo sostenibile la Svizzera come luogo di produzione e la posizione dell'azienda nei mercati di riferimento.<\/p>\n<p><em>Fonte: <a href=\"http:\/\/www.wander.ch\">Vagabondaggio AG<\/a><\/em><\/p>","protected":false},"excerpt":{"rendered":"<p>Wander AG nomina Marco Zanchi nuovo CEO a partire dal 19 agosto 2025. Marco Zanchi succede a Christina Kieni R\u00f6mer, Direttore Marketing, e Stefan Stucki, Direttore Finanza e IT, in qualit\u00e0 di Co-Amministratori Delegati ad interim. <\/p>","protected":false},"author":4,"featured_media":39021,"comment_status":"closed","ping_status":"closed","sticky":false,"template":"","format":"standard","meta":{"_acf_changed":false,"_yoast_wpseo_focuskw":"Marco Zanchi","_yoast_wpseo_metadesc":"Die Wander AG ernennt Marco Zanchi per 19. August 2025 zum neuen CEO. Er folgt auf die bisherige interimistische Co-Gesch\u00e4ftsleitung.","articlekey":"","footnotes":""},"categories":[28],"tags":[904,335,492],"class_list":["post-39020","post","type-post","status-publish","format-standard","has-post-thumbnail","hentry","category-management","tag-ceo","tag-management-und-unternehmensfuehrung","tag-unternehmen"],"acf":[],"yoast_head":"<!-- This site is optimized with the Yoast SEO plugin v27.5 - https:\/\/yoast.com\/product\/yoast-seo-wordpress\/ -->\n<title>Marco Zanchi wird neuer CEO der Wander AG - Organisator<\/title>\n<meta name=\"description\" content=\"Die Wander AG ernennt Marco Zanchi per 19. August 2025 zum neuen CEO. Er folgt auf die bisherige interimistische Co-Gesch\u00e4ftsleitung.\" \/>\n<meta name=\"robots\" content=\"index, follow, max-snippet:-1, max-image-preview:large, max-video-preview:-1\" \/>\n<link rel=\"canonical\" href=\"https:\/\/www.organisator.ch\/it\/gestione-2\/2025-06-17\/marco-zanchi-wird-neuer-ceo-der-wander-ag\/\" \/>\n<meta property=\"og:locale\" content=\"it_IT\" \/>\n<meta property=\"og:type\" content=\"article\" \/>\n<meta property=\"og:title\" content=\"Marco Zanchi wird neuer CEO der Wander AG\" \/>\n<meta property=\"og:description\" content=\"Die Wander AG ernennt Marco Zanchi per 19. August 2025 zum neuen CEO. Er folgt auf die bisherige interimistische Co-Gesch\u00e4ftsleitung.\" \/>\n<meta property=\"og:url\" content=\"https:\/\/www.organisator.ch\/it\/gestione-2\/2025-06-17\/marco-zanchi-wird-neuer-ceo-der-wander-ag\/\" \/>\n<meta property=\"og:site_name\" content=\"Organisator\" \/>\n<meta property=\"article:publisher\" content=\"https:\/\/www.facebook.com\/OrganisatorFachmagazin\" \/>\n<meta property=\"article:published_time\" content=\"2025-06-17T08:45:29+00:00\" \/>\n<meta property=\"og:image\" content=\"https:\/\/www.organisator.ch\/wp-content\/uploads\/2025\/06\/Marco-Zanchi-wird-neuer-CEO-der-Wander-AG_Organisator.png\" \/>\n\t<meta property=\"og:image:width\" content=\"680\" \/>\n\t<meta property=\"og:image:height\" content=\"472\" \/>\n\t<meta property=\"og:image:type\" content=\"image\/png\" \/>\n<meta name=\"author\" content=\"thomas.berner\" \/>\n<meta name=\"twitter:card\" content=\"summary_large_image\" \/>\n<meta name=\"twitter:title\" content=\"Marco #Zanchi wird neuer CEO der #Wander AG\" \/>\n<meta name=\"twitter:description\" content=\"Die #Wander AG ernennt Marco #Zanchi per 19. August 2025 zum neuen CEO. Er folgt auf die bisherige interimistische Co-Gesch\u00e4ftsleitung.\" \/>\n<meta name=\"twitter:image\" content=\"https:\/\/www.organisator.ch\/wp-content\/uploads\/2025\/06\/Marco-Zanchi-wird-neuer-CEO-der-Wander-AG_Organisator.png\" \/>\n<script type=\"application\/ld+json\" class=\"yoast-schema-graph\">{\"@context\":\"https:\\\/\\\/schema.org\",\"@graph\":[{\"@type\":\"Article\",\"@id\":\"https:\\\/\\\/www.organisator.ch\\\/management\\\/2025-06-17\\\/marco-zanchi-wird-neuer-ceo-der-wander-ag\\\/#article\",\"isPartOf\":{\"@id\":\"https:\\\/\\\/www.organisator.ch\\\/management\\\/2025-06-17\\\/marco-zanchi-wird-neuer-ceo-der-wander-ag\\\/\"},\"author\":{\"name\":\"thomas.berner\",\"@id\":\"https:\\\/\\\/www.organisator.ch\\\/#\\\/schema\\\/person\\\/6f650f90b2842cd4c0cc334b4e36f67e\"},\"headline\":\"Marco Zanchi wird neuer CEO der Wander AG\",\"datePublished\":\"2025-06-17T08:45:29+00:00\",\"mainEntityOfPage\":{\"@id\":\"https:\\\/\\\/www.organisator.ch\\\/management\\\/2025-06-17\\\/marco-zanchi-wird-neuer-ceo-der-wander-ag\\\/\"},\"wordCount\":339,\"publisher\":{\"@id\":\"https:\\\/\\\/www.organisator.ch\\\/#organization\"},\"image\":{\"@id\":\"https:\\\/\\\/www.organisator.ch\\\/management\\\/2025-06-17\\\/marco-zanchi-wird-neuer-ceo-der-wander-ag\\\/#primaryimage\"},\"thumbnailUrl\":\"https:\\\/\\\/www.organisator.ch\\\/wp-content\\\/uploads\\\/2025\\\/06\\\/Marco-Zanchi-wird-neuer-CEO-der-Wander-AG_Organisator.png\",\"keywords\":[\"CEO\",\"Management und Unternehmensf\u00fchrung\",\"Unternehmen\"],\"articleSection\":[\"MANAGEMENT\"],\"inLanguage\":\"it-IT\"},{\"@type\":\"WebPage\",\"@id\":\"https:\\\/\\\/www.organisator.ch\\\/management\\\/2025-06-17\\\/marco-zanchi-wird-neuer-ceo-der-wander-ag\\\/\",\"url\":\"https:\\\/\\\/www.organisator.ch\\\/management\\\/2025-06-17\\\/marco-zanchi-wird-neuer-ceo-der-wander-ag\\\/\",\"name\":\"Marco Zanchi wird neuer CEO der Wander AG - Organisator\",\"isPartOf\":{\"@id\":\"https:\\\/\\\/www.organisator.ch\\\/#website\"},\"primaryImageOfPage\":{\"@id\":\"https:\\\/\\\/www.organisator.ch\\\/management\\\/2025-06-17\\\/marco-zanchi-wird-neuer-ceo-der-wander-ag\\\/#primaryimage\"},\"image\":{\"@id\":\"https:\\\/\\\/www.organisator.ch\\\/management\\\/2025-06-17\\\/marco-zanchi-wird-neuer-ceo-der-wander-ag\\\/#primaryimage\"},\"thumbnailUrl\":\"https:\\\/\\\/www.organisator.ch\\\/wp-content\\\/uploads\\\/2025\\\/06\\\/Marco-Zanchi-wird-neuer-CEO-der-Wander-AG_Organisator.png\",\"datePublished\":\"2025-06-17T08:45:29+00:00\",\"description\":\"Die Wander AG ernennt Marco Zanchi per 19. August 2025 zum neuen CEO. Er folgt auf die bisherige interimistische Co-Gesch\u00e4ftsleitung.\",\"breadcrumb\":{\"@id\":\"https:\\\/\\\/www.organisator.ch\\\/management\\\/2025-06-17\\\/marco-zanchi-wird-neuer-ceo-der-wander-ag\\\/#breadcrumb\"},\"inLanguage\":\"it-IT\",\"potentialAction\":[{\"@type\":\"ReadAction\",\"target\":[\"https:\\\/\\\/www.organisator.ch\\\/management\\\/2025-06-17\\\/marco-zanchi-wird-neuer-ceo-der-wander-ag\\\/\"]}]},{\"@type\":\"ImageObject\",\"inLanguage\":\"it-IT\",\"@id\":\"https:\\\/\\\/www.organisator.ch\\\/management\\\/2025-06-17\\\/marco-zanchi-wird-neuer-ceo-der-wander-ag\\\/#primaryimage\",\"url\":\"https:\\\/\\\/www.organisator.ch\\\/wp-content\\\/uploads\\\/2025\\\/06\\\/Marco-Zanchi-wird-neuer-CEO-der-Wander-AG_Organisator.png\",\"contentUrl\":\"https:\\\/\\\/www.organisator.ch\\\/wp-content\\\/uploads\\\/2025\\\/06\\\/Marco-Zanchi-wird-neuer-CEO-der-Wander-AG_Organisator.png\",\"width\":680,\"height\":472,\"caption\":\"Marco Zanchi \u00fcbernimmt am 19. August 2025 seine neue Funktion als CEO der Wander AG. (Bild: zVg)\"},{\"@type\":\"BreadcrumbList\",\"@id\":\"https:\\\/\\\/www.organisator.ch\\\/management\\\/2025-06-17\\\/marco-zanchi-wird-neuer-ceo-der-wander-ag\\\/#breadcrumb\",\"itemListElement\":[{\"@type\":\"ListItem\",\"position\":1,\"name\":\"Home\",\"item\":\"https:\\\/\\\/www.organisator.ch\\\/\"},{\"@type\":\"ListItem\",\"position\":2,\"name\":\"Marco Zanchi wird neuer CEO der Wander AG\"}]},{\"@type\":\"WebSite\",\"@id\":\"https:\\\/\\\/www.organisator.ch\\\/#website\",\"url\":\"https:\\\/\\\/www.organisator.ch\\\/\",\"name\":\"Organisator\",\"description\":\"Kompetent. Praxisnah. Der ORGANISATOR bereitet in 10 Ausgaben pro Jahr die wesentlichen Themen f\u00fcr F\u00fchrungskr\u00e4fte von KMU auf.\",\"publisher\":{\"@id\":\"https:\\\/\\\/www.organisator.ch\\\/#organization\"},\"potentialAction\":[{\"@type\":\"SearchAction\",\"target\":{\"@type\":\"EntryPoint\",\"urlTemplate\":\"https:\\\/\\\/www.organisator.ch\\\/?s={search_term_string}\"},\"query-input\":{\"@type\":\"PropertyValueSpecification\",\"valueRequired\":true,\"valueName\":\"search_term_string\"}}],\"inLanguage\":\"it-IT\"},{\"@type\":\"Organization\",\"@id\":\"https:\\\/\\\/www.organisator.ch\\\/#organization\",\"name\":\"Organisator\",\"url\":\"https:\\\/\\\/www.organisator.ch\\\/\",\"logo\":{\"@type\":\"ImageObject\",\"inLanguage\":\"it-IT\",\"@id\":\"https:\\\/\\\/www.organisator.ch\\\/#\\\/schema\\\/logo\\\/image\\\/\",\"url\":\"https:\\\/\\\/www.organisator.ch\\\/wp-content\\\/uploads\\\/2022\\\/01\\\/Logo_Organisator_Website.png\",\"contentUrl\":\"https:\\\/\\\/www.organisator.ch\\\/wp-content\\\/uploads\\\/2022\\\/01\\\/Logo_Organisator_Website.png\",\"width\":800,\"height\":77,\"caption\":\"Organisator\"},\"image\":{\"@id\":\"https:\\\/\\\/www.organisator.ch\\\/#\\\/schema\\\/logo\\\/image\\\/\"},\"sameAs\":[\"https:\\\/\\\/www.facebook.com\\\/OrganisatorFachmagazin\",\"https:\\\/\\\/www.linkedin.com\\\/showcase\\\/organisator-das-magazin-fr-kmu\",\"https:\\\/\\\/www.xing.com\\\/news\\\/pages\\\/organisator-ch-695\",\"https:\\\/\\\/www.youtube.com\\\/channel\\\/UCGP2Sq0iWaZwT3BdIAQFYpw\"]},{\"@type\":\"Person\",\"@id\":\"https:\\\/\\\/www.organisator.ch\\\/#\\\/schema\\\/person\\\/6f650f90b2842cd4c0cc334b4e36f67e\",\"name\":\"thomas.berner\",\"image\":{\"@type\":\"ImageObject\",\"inLanguage\":\"it-IT\",\"@id\":\"https:\\\/\\\/secure.gravatar.com\\\/avatar\\\/ac5001d2a36cb6c6cd3e50789007ffca834b477b74a2144564522e944eabff61?s=96&d=mm&r=g\",\"url\":\"https:\\\/\\\/secure.gravatar.com\\\/avatar\\\/ac5001d2a36cb6c6cd3e50789007ffca834b477b74a2144564522e944eabff61?s=96&d=mm&r=g\",\"contentUrl\":\"https:\\\/\\\/secure.gravatar.com\\\/avatar\\\/ac5001d2a36cb6c6cd3e50789007ffca834b477b74a2144564522e944eabff61?s=96&d=mm&r=g\",\"caption\":\"thomas.berner\"},\"url\":\"https:\\\/\\\/www.organisator.ch\\\/it\\\/author\\\/thomas-berner\\\/\"}]}<\/script>\n<!-- \/ Yoast SEO plugin. -->","yoast_head_json":{"title":"Marco Zanchi diventa il nuovo CEO di Wander AG - Organizzatore","description":"Wander AG nomina Marco Zanchi nuovo Amministratore delegato con effetto dal 19 agosto 2025. Egli succede al precedente co-amministratore delegato ad interim.","robots":{"index":"index","follow":"follow","max-snippet":"max-snippet:-1","max-image-preview":"max-image-preview:large","max-video-preview":"max-video-preview:-1"},"canonical":"https:\/\/www.organisator.ch\/it\/gestione-2\/2025-06-17\/marco-zanchi-wird-neuer-ceo-der-wander-ag\/","og_locale":"it_IT","og_type":"article","og_title":"Marco Zanchi wird neuer CEO der Wander AG","og_description":"Die Wander AG ernennt Marco Zanchi per 19. August 2025 zum neuen CEO. Er folgt auf die bisherige interimistische Co-Gesch\u00e4ftsleitung.","og_url":"https:\/\/www.organisator.ch\/it\/gestione-2\/2025-06-17\/marco-zanchi-wird-neuer-ceo-der-wander-ag\/","og_site_name":"Organisator","article_publisher":"https:\/\/www.facebook.com\/OrganisatorFachmagazin","article_published_time":"2025-06-17T08:45:29+00:00","og_image":[{"width":680,"height":472,"url":"https:\/\/www.organisator.ch\/wp-content\/uploads\/2025\/06\/Marco-Zanchi-wird-neuer-CEO-der-Wander-AG_Organisator.png","type":"image\/png"}],"author":"thomas.berner","twitter_card":"summary_large_image","twitter_title":"Marco #Zanchi wird neuer CEO der #Wander AG","twitter_description":"Die #Wander AG ernennt Marco #Zanchi per 19. August 2025 zum neuen CEO. Er folgt auf die bisherige interimistische Co-Gesch\u00e4ftsleitung.","twitter_image":"https:\/\/www.organisator.ch\/wp-content\/uploads\/2025\/06\/Marco-Zanchi-wird-neuer-CEO-der-Wander-AG_Organisator.png","schema":{"@context":"https:\/\/schema.org","@graph":[{"@type":"Article","@id":"https:\/\/www.organisator.ch\/management\/2025-06-17\/marco-zanchi-wird-neuer-ceo-der-wander-ag\/#article","isPartOf":{"@id":"https:\/\/www.organisator.ch\/management\/2025-06-17\/marco-zanchi-wird-neuer-ceo-der-wander-ag\/"},"author":{"name":"thomas.berner","@id":"https:\/\/www.organisator.ch\/#\/schema\/person\/6f650f90b2842cd4c0cc334b4e36f67e"},"headline":"Marco Zanchi wird neuer CEO der Wander AG","datePublished":"2025-06-17T08:45:29+00:00","mainEntityOfPage":{"@id":"https:\/\/www.organisator.ch\/management\/2025-06-17\/marco-zanchi-wird-neuer-ceo-der-wander-ag\/"},"wordCount":339,"publisher":{"@id":"https:\/\/www.organisator.ch\/#organization"},"image":{"@id":"https:\/\/www.organisator.ch\/management\/2025-06-17\/marco-zanchi-wird-neuer-ceo-der-wander-ag\/#primaryimage"},"thumbnailUrl":"https:\/\/www.organisator.ch\/wp-content\/uploads\/2025\/06\/Marco-Zanchi-wird-neuer-CEO-der-Wander-AG_Organisator.png","keywords":["CEO","Management und Unternehmensf\u00fchrung","Unternehmen"],"articleSection":["MANAGEMENT"],"inLanguage":"it-IT"},{"@type":"WebPage","@id":"https:\/\/www.organisator.ch\/management\/2025-06-17\/marco-zanchi-wird-neuer-ceo-der-wander-ag\/","url":"https:\/\/www.organisator.ch\/management\/2025-06-17\/marco-zanchi-wird-neuer-ceo-der-wander-ag\/","name":"Marco Zanchi diventa il nuovo CEO di Wander AG - Organizzatore","isPartOf":{"@id":"https:\/\/www.organisator.ch\/#website"},"primaryImageOfPage":{"@id":"https:\/\/www.organisator.ch\/management\/2025-06-17\/marco-zanchi-wird-neuer-ceo-der-wander-ag\/#primaryimage"},"image":{"@id":"https:\/\/www.organisator.ch\/management\/2025-06-17\/marco-zanchi-wird-neuer-ceo-der-wander-ag\/#primaryimage"},"thumbnailUrl":"https:\/\/www.organisator.ch\/wp-content\/uploads\/2025\/06\/Marco-Zanchi-wird-neuer-CEO-der-Wander-AG_Organisator.png","datePublished":"2025-06-17T08:45:29+00:00","description":"Wander AG nomina Marco Zanchi nuovo Amministratore delegato con effetto dal 19 agosto 2025. Egli succede al precedente co-amministratore delegato ad interim.","breadcrumb":{"@id":"https:\/\/www.organisator.ch\/management\/2025-06-17\/marco-zanchi-wird-neuer-ceo-der-wander-ag\/#breadcrumb"},"inLanguage":"it-IT","potentialAction":[{"@type":"ReadAction","target":["https:\/\/www.organisator.ch\/management\/2025-06-17\/marco-zanchi-wird-neuer-ceo-der-wander-ag\/"]}]},{"@type":"ImageObject","inLanguage":"it-IT","@id":"https:\/\/www.organisator.ch\/management\/2025-06-17\/marco-zanchi-wird-neuer-ceo-der-wander-ag\/#primaryimage","url":"https:\/\/www.organisator.ch\/wp-content\/uploads\/2025\/06\/Marco-Zanchi-wird-neuer-CEO-der-Wander-AG_Organisator.png","contentUrl":"https:\/\/www.organisator.ch\/wp-content\/uploads\/2025\/06\/Marco-Zanchi-wird-neuer-CEO-der-Wander-AG_Organisator.png","width":680,"height":472,"caption":"Marco Zanchi \u00fcbernimmt am 19. August 2025 seine neue Funktion als CEO der Wander AG. (Bild: zVg)"},{"@type":"BreadcrumbList","@id":"https:\/\/www.organisator.ch\/management\/2025-06-17\/marco-zanchi-wird-neuer-ceo-der-wander-ag\/#breadcrumb","itemListElement":[{"@type":"ListItem","position":1,"name":"Home","item":"https:\/\/www.organisator.ch\/"},{"@type":"ListItem","position":2,"name":"Marco Zanchi wird neuer CEO der Wander AG"}]},{"@type":"WebSite","@id":"https:\/\/www.organisator.ch\/#website","url":"https:\/\/www.organisator.ch\/","name":"Organizzatore","description":"Competente. Pratico. In 10 numeri all'anno, ORGANISATOR presenta i temi essenziali per i manager delle PMI.","publisher":{"@id":"https:\/\/www.organisator.ch\/#organization"},"potentialAction":[{"@type":"SearchAction","target":{"@type":"EntryPoint","urlTemplate":"https:\/\/www.organisator.ch\/?s={search_term_string}"},"query-input":{"@type":"PropertyValueSpecification","valueRequired":true,"valueName":"search_term_string"}}],"inLanguage":"it-IT"},{"@type":"Organization","@id":"https:\/\/www.organisator.ch\/#organization","name":"Organizzatore","url":"https:\/\/www.organisator.ch\/","logo":{"@type":"ImageObject","inLanguage":"it-IT","@id":"https:\/\/www.organisator.ch\/#\/schema\/logo\/image\/","url":"https:\/\/www.organisator.ch\/wp-content\/uploads\/2022\/01\/Logo_Organisator_Website.png","contentUrl":"https:\/\/www.organisator.ch\/wp-content\/uploads\/2022\/01\/Logo_Organisator_Website.png","width":800,"height":77,"caption":"Organisator"},"image":{"@id":"https:\/\/www.organisator.ch\/#\/schema\/logo\/image\/"},"sameAs":["https:\/\/www.facebook.com\/OrganisatorFachmagazin","https:\/\/www.linkedin.com\/showcase\/organisator-das-magazin-fr-kmu","https:\/\/www.xing.com\/news\/pages\/organisator-ch-695","https:\/\/www.youtube.com\/channel\/UCGP2Sq0iWaZwT3BdIAQFYpw"]},{"@type":"Person","@id":"https:\/\/www.organisator.ch\/#\/schema\/person\/6f650f90b2842cd4c0cc334b4e36f67e","name":"Tommaso.berner","image":{"@type":"ImageObject","inLanguage":"it-IT","@id":"https:\/\/secure.gravatar.com\/avatar\/ac5001d2a36cb6c6cd3e50789007ffca834b477b74a2144564522e944eabff61?s=96&d=mm&r=g","url":"https:\/\/secure.gravatar.com\/avatar\/ac5001d2a36cb6c6cd3e50789007ffca834b477b74a2144564522e944eabff61?s=96&d=mm&r=g","contentUrl":"https:\/\/secure.gravatar.com\/avatar\/ac5001d2a36cb6c6cd3e50789007ffca834b477b74a2144564522e944eabff61?s=96&d=mm&r=g","caption":"thomas.berner"},"url":"https:\/\/www.organisator.ch\/it\/author\/thomas-berner\/"}]}},"_links":{"self":[{"href":"https:\/\/www.organisator.ch\/it\/wp-json\/wp\/v2\/posts\/39020","targetHints":{"allow":["GET"]}}],"collection":[{"href":"https:\/\/www.organisator.ch\/it\/wp-json\/wp\/v2\/posts"}],"about":[{"href":"https:\/\/www.organisator.ch\/it\/wp-json\/wp\/v2\/types\/post"}],"author":[{"embeddable":true,"href":"https:\/\/www.organisator.ch\/it\/wp-json\/wp\/v2\/users\/4"}],"replies":[{"embeddable":true,"href":"https:\/\/www.organisator.ch\/it\/wp-json\/wp\/v2\/comments?post=39020"}],"version-history":[{"count":3,"href":"https:\/\/www.organisator.ch\/it\/wp-json\/wp\/v2\/posts\/39020\/revisions"}],"predecessor-version":[{"id":39090,"href":"https:\/\/www.organisator.ch\/it\/wp-json\/wp\/v2\/posts\/39020\/revisions\/39090"}],"wp:featuredmedia":[{"embeddable":true,"href":"https:\/\/www.organisator.ch\/it\/wp-json\/wp\/v2\/media\/39021"}],"wp:attachment":[{"href":"https:\/\/www.organisator.ch\/it\/wp-json\/wp\/v2\/media?parent=39020"}],"wp:term":[{"taxonomy":"category","embeddable":true,"href":"https:\/\/www.organisator.ch\/it\/wp-json\/wp\/v2\/categories?post=39020"},{"taxonomy":"post_tag","embeddable":true,"href":"https:\/\/www.organisator.ch\/it\/wp-json\/wp\/v2\/tags?post=39020"}],"curies":[{"name":"wp","href":"https:\/\/api.w.org\/{rel}","templated":true}]}}