{"id":39049,"date":"2025-06-18T08:47:22","date_gmt":"2025-06-18T06:47:22","guid":{"rendered":"https:\/\/www.markt-kom.com\/?p=236184"},"modified":"2025-06-18T08:39:31","modified_gmt":"2025-06-18T06:39:31","slug":"gdi-stellt-analysemodell-fuer-dynamische-trendentwicklungen-vor","status":"publish","type":"post","link":"https:\/\/www.organisator.ch\/it\/management\/2025-06-18\/gdi-stellt-analysemodell-fuer-dynamische-trendentwicklungen-vor\/","title":{"rendered":"GDI presenta un modello di analisi per gli sviluppi dinamici delle tendenze"},"content":{"rendered":"<figure id=\"attachment_236186\" class=\"wp-caption aligncenter\" style=\"width: 1000px;\" aria-describedby=\"caption-attachment-236186\"><a href=\"https:\/\/www.markt-kom.com\/wp-content\/uploads\/2025\/06\/gdi-major-shifts.jpg\"><img class=\"size-full wp-image-236186\" src=\"https:\/\/www.markt-kom.com\/wp-content\/uploads\/2025\/06\/gdi-major-shifts.jpg\" sizes=\"(max-width: 1000px) 100vw, 1000px\" srcset=\"https:\/\/www.markt-kom.com\/wp-content\/uploads\/2025\/06\/gdi-major-shifts.jpg 1000w, https:\/\/www.markt-kom.com\/wp-content\/uploads\/2025\/06\/gdi-major-shifts-600x226.jpg 600w, https:\/\/www.markt-kom.com\/wp-content\/uploads\/2025\/06\/gdi-major-shifts-768x290.jpg 768w, https:\/\/www.markt-kom.com\/wp-content\/uploads\/2025\/06\/gdi-major-shifts-18x7.jpg 18w, https:\/\/www.markt-kom.com\/wp-content\/uploads\/2025\/06\/gdi-major-shifts-375x141.jpg 375w, https:\/\/www.markt-kom.com\/wp-content\/uploads\/2025\/06\/gdi-major-shifts-760x287.jpg 760w\" alt=\"\" width=\"1000\" height=\"377\" \/><\/a>\r\n<figcaption id=\"caption-attachment-236186\" class=\"wp-caption-text\">(Grafico: GDI)<\/figcaption>\r\n<\/figure>\r\n<p>L'Istituto Gottlieb Duttweiler GDI ha sviluppato il modello \"GDI Major Shifts\", basato sulla sua pluriennale ricerca sulle tendenze. Questo modello identifica 20 sviluppi chiave in cinque categorie - societ\u00e0, tecnologia, economia, ambiente e geopolitica - e li classifica all'interno dei rispettivi cicli di vita. L'obiettivo non \u00e8 quello di considerare le tendenze macroeconomiche in modo isolato, ma di comprenderle come sviluppi dinamici che riflettono pi\u00f9 precisamente le fasi di transizione e le incertezze strategiche.<\/p>\r\n<p>Il modello si basa sul consolidato quadro STEEP e viene continuamente aggiornato con nuovi risultati. Nell'applicazione pratica, aiuta le aziende a classificare gli sviluppi futuri e a ricavare opzioni specifiche di intervento.<\/p>\r\n<p>Nell'ambito del servizio di previsione strategica GDI, l'istituto aiuta le organizzazioni a tradurre i risultati dell'analisi delle tendenze in misure strategiche concrete. \"Con il GDI Major Shifts, offriamo ai nostri clienti un'analisi del contesto basata sui dati. Serve come solida base per un solido processo decisionale strategico\", afferma Susan Shaw, responsabile del servizio di previsione strategica e membro del comitato esecutivo del Gottlieb Duttweiler Institute.<\/p>\r\n<p>Una versione ridotta del modello \u00e8 disponibile pubblicamente e pu\u00f2 essere <a href=\"https:\/\/gdi.ch\/publikationen\/studien\/gdi-major-shifts-de-kurzversion#attr=\" rel=\"noopener\">pu\u00f2 essere scaricato gratuitamente<\/a>.<\/p>","protected":false},"excerpt":{"rendered":"<p>Con il modello \"GDI Major Shifts\", il Gottlieb Duttweiler Institute presenta un nuovo strumento per analizzare gli sviluppi sociali, tecnologici, economici, ecologici e geopolitici. \u00c8 stato progettato per supportare le aziende nel loro orientamento strategico in ambienti complessi.<\/p>","protected":false},"author":8,"featured_media":0,"comment_status":"closed","ping_status":"closed","sticky":false,"template":"","format":"standard","meta":{"_acf_changed":false,"_yoast_wpseo_focuskw":"Analysemodell","_yoast_wpseo_metadesc":"Das GDI pr\u00e4sentiert ein neues Analysemodell f\u00fcr gesellschaftliche, technologische, wirtschaftliche, \u00f6kologische und geopolitische Trends.","articlekey":"","footnotes":""},"categories":[28],"tags":[5406,4343,4935,5407],"class_list":["post-39049","post","type-post","status-publish","format-standard","hentry","category-management","tag-gdi","tag-markom","tag-strategien","tag-trendforschung"],"acf":[],"yoast_head":"<!-- This site is optimized with the Yoast SEO plugin v27.5 - https:\/\/yoast.com\/product\/yoast-seo-wordpress\/ -->\n<title>GDI stellt Analysemodell f\u00fcr dynamische Trendentwicklungen vor - Organisator<\/title>\n<meta name=\"description\" content=\"Das GDI pr\u00e4sentiert ein neues Analysemodell f\u00fcr gesellschaftliche, technologische, wirtschaftliche, \u00f6kologische und geopolitische Trends.\" \/>\n<meta name=\"robots\" content=\"index, follow, max-snippet:-1, max-image-preview:large, max-video-preview:-1\" \/>\n<link rel=\"canonical\" href=\"https:\/\/www.organisator.ch\/it\/gestione-2\/2025-06-18\/gdi-stellt-analysemodell-fuer-dynamische-trendentwicklungen-vor\/\" \/>\n<meta property=\"og:locale\" content=\"it_IT\" \/>\n<meta property=\"og:type\" content=\"article\" \/>\n<meta property=\"og:title\" content=\"GDI stellt Analysemodell f\u00fcr dynamische Trendentwicklungen vor - Organisator\" \/>\n<meta property=\"og:description\" content=\"Das GDI pr\u00e4sentiert ein neues Analysemodell f\u00fcr gesellschaftliche, technologische, wirtschaftliche, \u00f6kologische und geopolitische Trends.\" \/>\n<meta property=\"og:url\" content=\"https:\/\/www.organisator.ch\/it\/gestione-2\/2025-06-18\/gdi-stellt-analysemodell-fuer-dynamische-trendentwicklungen-vor\/\" \/>\n<meta property=\"og:site_name\" content=\"Organisator\" \/>\n<meta property=\"article:publisher\" content=\"https:\/\/www.facebook.com\/OrganisatorFachmagazin\" \/>\n<meta property=\"article:published_time\" content=\"2025-06-18T06:47:22+00:00\" \/>\n<meta name=\"author\" content=\"galledia\" \/>\n<meta name=\"twitter:card\" content=\"summary_large_image\" \/>\n<meta name=\"twitter:creator\" content=\"@admin\" \/>\n<script type=\"application\/ld+json\" class=\"yoast-schema-graph\">{\"@context\":\"https:\\\/\\\/schema.org\",\"@graph\":[{\"@type\":\"Article\",\"@id\":\"https:\\\/\\\/www.organisator.ch\\\/management\\\/2025-06-18\\\/gdi-stellt-analysemodell-fuer-dynamische-trendentwicklungen-vor\\\/#article\",\"isPartOf\":{\"@id\":\"https:\\\/\\\/www.organisator.ch\\\/management\\\/2025-06-18\\\/gdi-stellt-analysemodell-fuer-dynamische-trendentwicklungen-vor\\\/\"},\"author\":{\"name\":\"galledia\",\"@id\":\"https:\\\/\\\/www.organisator.ch\\\/#\\\/schema\\\/person\\\/4e51799071cd2dd1232ac003643ef5f0\"},\"headline\":\"GDI stellt Analysemodell f\u00fcr dynamische Trendentwicklungen vor\",\"datePublished\":\"2025-06-18T06:47:22+00:00\",\"mainEntityOfPage\":{\"@id\":\"https:\\\/\\\/www.organisator.ch\\\/management\\\/2025-06-18\\\/gdi-stellt-analysemodell-fuer-dynamische-trendentwicklungen-vor\\\/\"},\"wordCount\":181,\"publisher\":{\"@id\":\"https:\\\/\\\/www.organisator.ch\\\/#organization\"},\"image\":{\"@id\":\"https:\\\/\\\/www.organisator.ch\\\/management\\\/2025-06-18\\\/gdi-stellt-analysemodell-fuer-dynamische-trendentwicklungen-vor\\\/#primaryimage\"},\"thumbnailUrl\":\"https:\\\/\\\/www.markt-kom.com\\\/wp-content\\\/uploads\\\/2025\\\/06\\\/gdi-major-shifts.jpg\",\"keywords\":[\"GDI\",\"MarKom\",\"Strategien\",\"Trendforschung\"],\"articleSection\":[\"MANAGEMENT\"],\"inLanguage\":\"it-IT\"},{\"@type\":\"WebPage\",\"@id\":\"https:\\\/\\\/www.organisator.ch\\\/management\\\/2025-06-18\\\/gdi-stellt-analysemodell-fuer-dynamische-trendentwicklungen-vor\\\/\",\"url\":\"https:\\\/\\\/www.organisator.ch\\\/management\\\/2025-06-18\\\/gdi-stellt-analysemodell-fuer-dynamische-trendentwicklungen-vor\\\/\",\"name\":\"GDI stellt Analysemodell f\u00fcr dynamische Trendentwicklungen vor - Organisator\",\"isPartOf\":{\"@id\":\"https:\\\/\\\/www.organisator.ch\\\/#website\"},\"primaryImageOfPage\":{\"@id\":\"https:\\\/\\\/www.organisator.ch\\\/management\\\/2025-06-18\\\/gdi-stellt-analysemodell-fuer-dynamische-trendentwicklungen-vor\\\/#primaryimage\"},\"image\":{\"@id\":\"https:\\\/\\\/www.organisator.ch\\\/management\\\/2025-06-18\\\/gdi-stellt-analysemodell-fuer-dynamische-trendentwicklungen-vor\\\/#primaryimage\"},\"thumbnailUrl\":\"https:\\\/\\\/www.markt-kom.com\\\/wp-content\\\/uploads\\\/2025\\\/06\\\/gdi-major-shifts.jpg\",\"datePublished\":\"2025-06-18T06:47:22+00:00\",\"description\":\"Das GDI pr\u00e4sentiert ein neues Analysemodell f\u00fcr gesellschaftliche, technologische, wirtschaftliche, \u00f6kologische und geopolitische Trends.\",\"breadcrumb\":{\"@id\":\"https:\\\/\\\/www.organisator.ch\\\/management\\\/2025-06-18\\\/gdi-stellt-analysemodell-fuer-dynamische-trendentwicklungen-vor\\\/#breadcrumb\"},\"inLanguage\":\"it-IT\",\"potentialAction\":[{\"@type\":\"ReadAction\",\"target\":[\"https:\\\/\\\/www.organisator.ch\\\/management\\\/2025-06-18\\\/gdi-stellt-analysemodell-fuer-dynamische-trendentwicklungen-vor\\\/\"]}]},{\"@type\":\"ImageObject\",\"inLanguage\":\"it-IT\",\"@id\":\"https:\\\/\\\/www.organisator.ch\\\/management\\\/2025-06-18\\\/gdi-stellt-analysemodell-fuer-dynamische-trendentwicklungen-vor\\\/#primaryimage\",\"url\":\"https:\\\/\\\/www.markt-kom.com\\\/wp-content\\\/uploads\\\/2025\\\/06\\\/gdi-major-shifts.jpg\",\"contentUrl\":\"https:\\\/\\\/www.markt-kom.com\\\/wp-content\\\/uploads\\\/2025\\\/06\\\/gdi-major-shifts.jpg\"},{\"@type\":\"BreadcrumbList\",\"@id\":\"https:\\\/\\\/www.organisator.ch\\\/management\\\/2025-06-18\\\/gdi-stellt-analysemodell-fuer-dynamische-trendentwicklungen-vor\\\/#breadcrumb\",\"itemListElement\":[{\"@type\":\"ListItem\",\"position\":1,\"name\":\"Home\",\"item\":\"https:\\\/\\\/www.organisator.ch\\\/\"},{\"@type\":\"ListItem\",\"position\":2,\"name\":\"GDI stellt Analysemodell f\u00fcr dynamische Trendentwicklungen vor\"}]},{\"@type\":\"WebSite\",\"@id\":\"https:\\\/\\\/www.organisator.ch\\\/#website\",\"url\":\"https:\\\/\\\/www.organisator.ch\\\/\",\"name\":\"Organisator\",\"description\":\"Kompetent. Praxisnah. Der ORGANISATOR bereitet in 10 Ausgaben pro Jahr die wesentlichen Themen f\u00fcr F\u00fchrungskr\u00e4fte von KMU auf.\",\"publisher\":{\"@id\":\"https:\\\/\\\/www.organisator.ch\\\/#organization\"},\"potentialAction\":[{\"@type\":\"SearchAction\",\"target\":{\"@type\":\"EntryPoint\",\"urlTemplate\":\"https:\\\/\\\/www.organisator.ch\\\/?s={search_term_string}\"},\"query-input\":{\"@type\":\"PropertyValueSpecification\",\"valueRequired\":true,\"valueName\":\"search_term_string\"}}],\"inLanguage\":\"it-IT\"},{\"@type\":\"Organization\",\"@id\":\"https:\\\/\\\/www.organisator.ch\\\/#organization\",\"name\":\"Organisator\",\"url\":\"https:\\\/\\\/www.organisator.ch\\\/\",\"logo\":{\"@type\":\"ImageObject\",\"inLanguage\":\"it-IT\",\"@id\":\"https:\\\/\\\/www.organisator.ch\\\/#\\\/schema\\\/logo\\\/image\\\/\",\"url\":\"https:\\\/\\\/www.organisator.ch\\\/wp-content\\\/uploads\\\/2022\\\/01\\\/Logo_Organisator_Website.png\",\"contentUrl\":\"https:\\\/\\\/www.organisator.ch\\\/wp-content\\\/uploads\\\/2022\\\/01\\\/Logo_Organisator_Website.png\",\"width\":800,\"height\":77,\"caption\":\"Organisator\"},\"image\":{\"@id\":\"https:\\\/\\\/www.organisator.ch\\\/#\\\/schema\\\/logo\\\/image\\\/\"},\"sameAs\":[\"https:\\\/\\\/www.facebook.com\\\/OrganisatorFachmagazin\",\"https:\\\/\\\/www.linkedin.com\\\/showcase\\\/organisator-das-magazin-fr-kmu\",\"https:\\\/\\\/www.xing.com\\\/news\\\/pages\\\/organisator-ch-695\",\"https:\\\/\\\/www.youtube.com\\\/channel\\\/UCGP2Sq0iWaZwT3BdIAQFYpw\"]},{\"@type\":\"Person\",\"@id\":\"https:\\\/\\\/www.organisator.ch\\\/#\\\/schema\\\/person\\\/4e51799071cd2dd1232ac003643ef5f0\",\"name\":\"galledia\",\"image\":{\"@type\":\"ImageObject\",\"inLanguage\":\"it-IT\",\"@id\":\"https:\\\/\\\/secure.gravatar.com\\\/avatar\\\/78a7f90c01fc2bfc875782a0d4922b37cde2cf184ce347b91316d23cd7f69a36?s=96&d=mm&r=g\",\"url\":\"https:\\\/\\\/secure.gravatar.com\\\/avatar\\\/78a7f90c01fc2bfc875782a0d4922b37cde2cf184ce347b91316d23cd7f69a36?s=96&d=mm&r=g\",\"contentUrl\":\"https:\\\/\\\/secure.gravatar.com\\\/avatar\\\/78a7f90c01fc2bfc875782a0d4922b37cde2cf184ce347b91316d23cd7f69a36?s=96&d=mm&r=g\",\"caption\":\"galledia\"},\"sameAs\":[\"https:\\\/\\\/x.com\\\/admin\"],\"url\":\"https:\\\/\\\/www.organisator.ch\\\/it\\\/author\\\/galledia\\\/\"}]}<\/script>\n<!-- \/ Yoast SEO plugin. -->","yoast_head_json":{"title":"GDI presenta un modello di analisi per gli sviluppi dinamici delle tendenze - Organizzatore","description":"Il GDI presenta un nuovo modello di analisi delle tendenze sociali, tecnologiche, economiche, ecologiche e geopolitiche.","robots":{"index":"index","follow":"follow","max-snippet":"max-snippet:-1","max-image-preview":"max-image-preview:large","max-video-preview":"max-video-preview:-1"},"canonical":"https:\/\/www.organisator.ch\/it\/gestione-2\/2025-06-18\/gdi-stellt-analysemodell-fuer-dynamische-trendentwicklungen-vor\/","og_locale":"it_IT","og_type":"article","og_title":"GDI stellt Analysemodell f\u00fcr dynamische Trendentwicklungen vor - Organisator","og_description":"Das GDI pr\u00e4sentiert ein neues Analysemodell f\u00fcr gesellschaftliche, technologische, wirtschaftliche, \u00f6kologische und geopolitische Trends.","og_url":"https:\/\/www.organisator.ch\/it\/gestione-2\/2025-06-18\/gdi-stellt-analysemodell-fuer-dynamische-trendentwicklungen-vor\/","og_site_name":"Organisator","article_publisher":"https:\/\/www.facebook.com\/OrganisatorFachmagazin","article_published_time":"2025-06-18T06:47:22+00:00","author":"galledia","twitter_card":"summary_large_image","twitter_creator":"@admin","schema":{"@context":"https:\/\/schema.org","@graph":[{"@type":"Article","@id":"https:\/\/www.organisator.ch\/management\/2025-06-18\/gdi-stellt-analysemodell-fuer-dynamische-trendentwicklungen-vor\/#article","isPartOf":{"@id":"https:\/\/www.organisator.ch\/management\/2025-06-18\/gdi-stellt-analysemodell-fuer-dynamische-trendentwicklungen-vor\/"},"author":{"name":"galledia","@id":"https:\/\/www.organisator.ch\/#\/schema\/person\/4e51799071cd2dd1232ac003643ef5f0"},"headline":"GDI stellt Analysemodell f\u00fcr dynamische Trendentwicklungen vor","datePublished":"2025-06-18T06:47:22+00:00","mainEntityOfPage":{"@id":"https:\/\/www.organisator.ch\/management\/2025-06-18\/gdi-stellt-analysemodell-fuer-dynamische-trendentwicklungen-vor\/"},"wordCount":181,"publisher":{"@id":"https:\/\/www.organisator.ch\/#organization"},"image":{"@id":"https:\/\/www.organisator.ch\/management\/2025-06-18\/gdi-stellt-analysemodell-fuer-dynamische-trendentwicklungen-vor\/#primaryimage"},"thumbnailUrl":"https:\/\/www.markt-kom.com\/wp-content\/uploads\/2025\/06\/gdi-major-shifts.jpg","keywords":["GDI","MarKom","Strategien","Trendforschung"],"articleSection":["MANAGEMENT"],"inLanguage":"it-IT"},{"@type":"WebPage","@id":"https:\/\/www.organisator.ch\/management\/2025-06-18\/gdi-stellt-analysemodell-fuer-dynamische-trendentwicklungen-vor\/","url":"https:\/\/www.organisator.ch\/management\/2025-06-18\/gdi-stellt-analysemodell-fuer-dynamische-trendentwicklungen-vor\/","name":"GDI presenta un modello di analisi per gli sviluppi dinamici delle tendenze - Organizzatore","isPartOf":{"@id":"https:\/\/www.organisator.ch\/#website"},"primaryImageOfPage":{"@id":"https:\/\/www.organisator.ch\/management\/2025-06-18\/gdi-stellt-analysemodell-fuer-dynamische-trendentwicklungen-vor\/#primaryimage"},"image":{"@id":"https:\/\/www.organisator.ch\/management\/2025-06-18\/gdi-stellt-analysemodell-fuer-dynamische-trendentwicklungen-vor\/#primaryimage"},"thumbnailUrl":"https:\/\/www.markt-kom.com\/wp-content\/uploads\/2025\/06\/gdi-major-shifts.jpg","datePublished":"2025-06-18T06:47:22+00:00","description":"Il GDI presenta un nuovo modello di analisi delle tendenze sociali, tecnologiche, economiche, ecologiche e geopolitiche.","breadcrumb":{"@id":"https:\/\/www.organisator.ch\/management\/2025-06-18\/gdi-stellt-analysemodell-fuer-dynamische-trendentwicklungen-vor\/#breadcrumb"},"inLanguage":"it-IT","potentialAction":[{"@type":"ReadAction","target":["https:\/\/www.organisator.ch\/management\/2025-06-18\/gdi-stellt-analysemodell-fuer-dynamische-trendentwicklungen-vor\/"]}]},{"@type":"ImageObject","inLanguage":"it-IT","@id":"https:\/\/www.organisator.ch\/management\/2025-06-18\/gdi-stellt-analysemodell-fuer-dynamische-trendentwicklungen-vor\/#primaryimage","url":"https:\/\/www.markt-kom.com\/wp-content\/uploads\/2025\/06\/gdi-major-shifts.jpg","contentUrl":"https:\/\/www.markt-kom.com\/wp-content\/uploads\/2025\/06\/gdi-major-shifts.jpg"},{"@type":"BreadcrumbList","@id":"https:\/\/www.organisator.ch\/management\/2025-06-18\/gdi-stellt-analysemodell-fuer-dynamische-trendentwicklungen-vor\/#breadcrumb","itemListElement":[{"@type":"ListItem","position":1,"name":"Home","item":"https:\/\/www.organisator.ch\/"},{"@type":"ListItem","position":2,"name":"GDI stellt Analysemodell f\u00fcr dynamische Trendentwicklungen vor"}]},{"@type":"WebSite","@id":"https:\/\/www.organisator.ch\/#website","url":"https:\/\/www.organisator.ch\/","name":"Organizzatore","description":"Competente. Pratico. In 10 numeri all'anno, ORGANISATOR presenta i temi essenziali per i manager delle PMI.","publisher":{"@id":"https:\/\/www.organisator.ch\/#organization"},"potentialAction":[{"@type":"SearchAction","target":{"@type":"EntryPoint","urlTemplate":"https:\/\/www.organisator.ch\/?s={search_term_string}"},"query-input":{"@type":"PropertyValueSpecification","valueRequired":true,"valueName":"search_term_string"}}],"inLanguage":"it-IT"},{"@type":"Organization","@id":"https:\/\/www.organisator.ch\/#organization","name":"Organizzatore","url":"https:\/\/www.organisator.ch\/","logo":{"@type":"ImageObject","inLanguage":"it-IT","@id":"https:\/\/www.organisator.ch\/#\/schema\/logo\/image\/","url":"https:\/\/www.organisator.ch\/wp-content\/uploads\/2022\/01\/Logo_Organisator_Website.png","contentUrl":"https:\/\/www.organisator.ch\/wp-content\/uploads\/2022\/01\/Logo_Organisator_Website.png","width":800,"height":77,"caption":"Organisator"},"image":{"@id":"https:\/\/www.organisator.ch\/#\/schema\/logo\/image\/"},"sameAs":["https:\/\/www.facebook.com\/OrganisatorFachmagazin","https:\/\/www.linkedin.com\/showcase\/organisator-das-magazin-fr-kmu","https:\/\/www.xing.com\/news\/pages\/organisator-ch-695","https:\/\/www.youtube.com\/channel\/UCGP2Sq0iWaZwT3BdIAQFYpw"]},{"@type":"Person","@id":"https:\/\/www.organisator.ch\/#\/schema\/person\/4e51799071cd2dd1232ac003643ef5f0","name":"galledia","image":{"@type":"ImageObject","inLanguage":"it-IT","@id":"https:\/\/secure.gravatar.com\/avatar\/78a7f90c01fc2bfc875782a0d4922b37cde2cf184ce347b91316d23cd7f69a36?s=96&d=mm&r=g","url":"https:\/\/secure.gravatar.com\/avatar\/78a7f90c01fc2bfc875782a0d4922b37cde2cf184ce347b91316d23cd7f69a36?s=96&d=mm&r=g","contentUrl":"https:\/\/secure.gravatar.com\/avatar\/78a7f90c01fc2bfc875782a0d4922b37cde2cf184ce347b91316d23cd7f69a36?s=96&d=mm&r=g","caption":"galledia"},"sameAs":["https:\/\/x.com\/admin"],"url":"https:\/\/www.organisator.ch\/it\/author\/galledia\/"}]}},"_links":{"self":[{"href":"https:\/\/www.organisator.ch\/it\/wp-json\/wp\/v2\/posts\/39049","targetHints":{"allow":["GET"]}}],"collection":[{"href":"https:\/\/www.organisator.ch\/it\/wp-json\/wp\/v2\/posts"}],"about":[{"href":"https:\/\/www.organisator.ch\/it\/wp-json\/wp\/v2\/types\/post"}],"author":[{"embeddable":true,"href":"https:\/\/www.organisator.ch\/it\/wp-json\/wp\/v2\/users\/8"}],"replies":[{"embeddable":true,"href":"https:\/\/www.organisator.ch\/it\/wp-json\/wp\/v2\/comments?post=39049"}],"version-history":[{"count":4,"href":"https:\/\/www.organisator.ch\/it\/wp-json\/wp\/v2\/posts\/39049\/revisions"}],"predecessor-version":[{"id":39099,"href":"https:\/\/www.organisator.ch\/it\/wp-json\/wp\/v2\/posts\/39049\/revisions\/39099"}],"wp:attachment":[{"href":"https:\/\/www.organisator.ch\/it\/wp-json\/wp\/v2\/media?parent=39049"}],"wp:term":[{"taxonomy":"category","embeddable":true,"href":"https:\/\/www.organisator.ch\/it\/wp-json\/wp\/v2\/categories?post=39049"},{"taxonomy":"post_tag","embeddable":true,"href":"https:\/\/www.organisator.ch\/it\/wp-json\/wp\/v2\/tags?post=39049"}],"curies":[{"name":"wp","href":"https:\/\/api.w.org\/{rel}","templated":true}]}}