{"id":39070,"date":"2025-06-18T05:11:07","date_gmt":"2025-06-18T03:11:07","guid":{"rendered":"https:\/\/www.markt-kom.com\/?p=236201"},"modified":"2025-06-17T16:43:24","modified_gmt":"2025-06-17T14:43:24","slug":"whitepaper-wie-politisch-sollen-sich-unternehmen-aeussern","status":"publish","type":"post","link":"https:\/\/www.organisator.ch\/it\/marketing\/2025-06-18\/whitepaper-wie-politisch-sollen-sich-unternehmen-aeussern\/","title":{"rendered":"Whitepaper: Come devono esprimersi politicamente le aziende?"},"content":{"rendered":"<figure id=\"attachment_236202\" class=\"wp-caption aligncenter\" style=\"width: 1200px;\" aria-describedby=\"caption-attachment-236202\"><a href=\"https:\/\/www.markt-kom.com\/wp-content\/uploads\/2025\/06\/Boesch-Huber-RX-Whitepaper2-Autor-innen.jpg\"><img class=\"size-full wp-image-236202\" src=\"https:\/\/www.markt-kom.com\/wp-content\/uploads\/2025\/06\/Boesch-Huber-RX-Whitepaper2-Autor-innen.jpg\" sizes=\"(max-width: 1200px) 100vw, 1200px\" srcset=\"https:\/\/www.markt-kom.com\/wp-content\/uploads\/2025\/06\/Boesch-Huber-RX-Whitepaper2-Autor-innen.jpg 1200w, https:\/\/www.markt-kom.com\/wp-content\/uploads\/2025\/06\/Boesch-Huber-RX-Whitepaper2-Autor-innen-600x426.jpg 600w, https:\/\/www.markt-kom.com\/wp-content\/uploads\/2025\/06\/Boesch-Huber-RX-Whitepaper2-Autor-innen-1024x727.jpg 1024w, https:\/\/www.markt-kom.com\/wp-content\/uploads\/2025\/06\/Boesch-Huber-RX-Whitepaper2-Autor-innen-768x545.jpg 768w, https:\/\/www.markt-kom.com\/wp-content\/uploads\/2025\/06\/Boesch-Huber-RX-Whitepaper2-Autor-innen-18x12.jpg 18w, https:\/\/www.markt-kom.com\/wp-content\/uploads\/2025\/06\/Boesch-Huber-RX-Whitepaper2-Autor-innen-246x175.jpg 246w, https:\/\/www.markt-kom.com\/wp-content\/uploads\/2025\/06\/Boesch-Huber-RX-Whitepaper2-Autor-innen-493x350.jpg 493w, https:\/\/www.markt-kom.com\/wp-content\/uploads\/2025\/06\/Boesch-Huber-RX-Whitepaper2-Autor-innen-1000x710.jpg 1000w\" alt=\"\" width=\"1200\" height=\"852\" \/><\/a>\r\n<figcaption id=\"caption-attachment-236202\" class=\"wp-caption-text\">Hans-Jakob Boesch e Sabrina Huber di Reputation Experts presentano il secondo libro bianco. (Immagini: zVg.)<\/figcaption>\r\n<\/figure>\r\n<p>Le crescenti aspettative nei confronti delle aziende che prendono posizione su questioni sociali o politiche sollevano interrogativi sulle opportunit\u00e0 e sui rischi per la loro reputazione. In un nuovo libro bianco, Hans-Jakob Boesch di Hjb e Sabrina Huber di Sabrina Huber Consulting forniscono una guida ai responsabili delle decisioni. I due fanno parte del network \"Reputation Experts\".<\/p>\r\n<p>Tre criteri sono al centro di una decisione fondata: La rilevanza di una questione per l'azienda, l'accettazione da parte dei gruppi di interesse e un beneficio chiaramente riconoscibile. \"Le aziende non devono assolutamente lasciarsi pressare da terzi su questo tema, ma devono decidere esclusivamente sulla base dei propri interessi\", ha dichiarato Hans-Jakob Boesch.<\/p>\r\n<p>Le linee guida sono rivolte ai membri dei consigli di amministrazione, ai consigli di gestione e ai responsabili della comunicazione. Si occupa sia della considerazione strategica che dell'attuazione operativa delle dichiarazioni politiche. \"Non c'\u00e8 niente di pi\u00f9 pericoloso di un discorso o di un silenzio rumoroso senza un piano e una sostanza\", afferma Sabrina Huber.<\/p>\r\n<p>Il libro bianco contiene spunti di riflessione, identifica i rischi e contiene una lista di controllo per l'implementazione. \u00c8 disponibile su <a href=\"https:\/\/reputationexperts.ch\/downloads\/\" rel=\"noopener\">Reputationexperts.ch pronto per il download<\/a>.<\/p>\r\n<hr \/>\r\n<p><em>A febbraio Reputation Experts ha pubblicato un libro bianco. In esso, Susanne M\u00fcller Zantop si \u00e8 espressa a favore dell'introduzione di un \"consiglio di reputazione\" nelle aziende.<\/em><\/p>","protected":false},"excerpt":{"rendered":"<p>Il secondo libro bianco di Reputation Experts affronta la questione se e a quali condizioni le aziende debbano commentare le questioni politiche. Fornisce punti di riferimento concreti per un processo decisionale strategicamente valido da parte del consiglio di amministrazione e del management.<\/p>","protected":false},"author":8,"featured_media":0,"comment_status":"closed","ping_status":"closed","sticky":false,"template":"","format":"standard","meta":{"_acf_changed":false,"_yoast_wpseo_focuskw":"Whitepaper","_yoast_wpseo_metadesc":"Ein Whitepaper befasst sich mit der Frage, ob und unter welchen Bedingungen sich Unternehmen zu politischen Themen \u00e4ussern sollten.","articlekey":"","footnotes":""},"categories":[29],"tags":[4343,5103],"class_list":["post-39070","post","type-post","status-publish","format-standard","hentry","category-marketing","tag-markom","tag-reputation-experts"],"acf":[],"yoast_head":"<!-- This site is optimized with the Yoast SEO plugin v27.5 - https:\/\/yoast.com\/product\/yoast-seo-wordpress\/ -->\n<title>Whitepaper: Wie politisch sollen sich Unternehmen \u00e4ussern? - Organisator<\/title>\n<meta name=\"description\" content=\"Ein Whitepaper befasst sich mit der Frage, ob und unter welchen Bedingungen sich Unternehmen zu politischen Themen \u00e4ussern sollten.\" \/>\n<meta name=\"robots\" content=\"index, follow, max-snippet:-1, max-image-preview:large, max-video-preview:-1\" \/>\n<link rel=\"canonical\" href=\"https:\/\/www.organisator.ch\/it\/marketing\/2025-06-18\/whitepaper-wie-politisch-sollen-sich-unternehmen-aeussern\/\" \/>\n<meta property=\"og:locale\" content=\"it_IT\" \/>\n<meta property=\"og:type\" content=\"article\" \/>\n<meta property=\"og:title\" content=\"Whitepaper: Wie politisch sollen sich Unternehmen \u00e4ussern? - Organisator\" \/>\n<meta property=\"og:description\" content=\"Ein Whitepaper befasst sich mit der Frage, ob und unter welchen Bedingungen sich Unternehmen zu politischen Themen \u00e4ussern sollten.\" \/>\n<meta property=\"og:url\" content=\"https:\/\/www.organisator.ch\/it\/marketing\/2025-06-18\/whitepaper-wie-politisch-sollen-sich-unternehmen-aeussern\/\" \/>\n<meta property=\"og:site_name\" content=\"Organisator\" \/>\n<meta property=\"article:publisher\" content=\"https:\/\/www.facebook.com\/OrganisatorFachmagazin\" \/>\n<meta property=\"article:published_time\" content=\"2025-06-18T03:11:07+00:00\" \/>\n<meta name=\"author\" content=\"galledia\" \/>\n<meta name=\"twitter:card\" content=\"summary_large_image\" \/>\n<meta name=\"twitter:creator\" content=\"@admin\" \/>\n<script type=\"application\/ld+json\" class=\"yoast-schema-graph\">{\"@context\":\"https:\\\/\\\/schema.org\",\"@graph\":[{\"@type\":\"Article\",\"@id\":\"https:\\\/\\\/www.organisator.ch\\\/marketing\\\/2025-06-18\\\/whitepaper-wie-politisch-sollen-sich-unternehmen-aeussern\\\/#article\",\"isPartOf\":{\"@id\":\"https:\\\/\\\/www.organisator.ch\\\/marketing\\\/2025-06-18\\\/whitepaper-wie-politisch-sollen-sich-unternehmen-aeussern\\\/\"},\"author\":{\"name\":\"galledia\",\"@id\":\"https:\\\/\\\/www.organisator.ch\\\/#\\\/schema\\\/person\\\/4e51799071cd2dd1232ac003643ef5f0\"},\"headline\":\"Whitepaper: Wie politisch sollen sich Unternehmen \u00e4ussern?\",\"datePublished\":\"2025-06-18T03:11:07+00:00\",\"mainEntityOfPage\":{\"@id\":\"https:\\\/\\\/www.organisator.ch\\\/marketing\\\/2025-06-18\\\/whitepaper-wie-politisch-sollen-sich-unternehmen-aeussern\\\/\"},\"wordCount\":227,\"publisher\":{\"@id\":\"https:\\\/\\\/www.organisator.ch\\\/#organization\"},\"image\":{\"@id\":\"https:\\\/\\\/www.organisator.ch\\\/marketing\\\/2025-06-18\\\/whitepaper-wie-politisch-sollen-sich-unternehmen-aeussern\\\/#primaryimage\"},\"thumbnailUrl\":\"https:\\\/\\\/www.markt-kom.com\\\/wp-content\\\/uploads\\\/2025\\\/06\\\/Boesch-Huber-RX-Whitepaper2-Autor-innen.jpg\",\"keywords\":[\"MarKom\",\"Reputation Experts\"],\"articleSection\":[\"MARKETING\"],\"inLanguage\":\"it-IT\"},{\"@type\":\"WebPage\",\"@id\":\"https:\\\/\\\/www.organisator.ch\\\/marketing\\\/2025-06-18\\\/whitepaper-wie-politisch-sollen-sich-unternehmen-aeussern\\\/\",\"url\":\"https:\\\/\\\/www.organisator.ch\\\/marketing\\\/2025-06-18\\\/whitepaper-wie-politisch-sollen-sich-unternehmen-aeussern\\\/\",\"name\":\"Whitepaper: Wie politisch sollen sich Unternehmen \u00e4ussern? - Organisator\",\"isPartOf\":{\"@id\":\"https:\\\/\\\/www.organisator.ch\\\/#website\"},\"primaryImageOfPage\":{\"@id\":\"https:\\\/\\\/www.organisator.ch\\\/marketing\\\/2025-06-18\\\/whitepaper-wie-politisch-sollen-sich-unternehmen-aeussern\\\/#primaryimage\"},\"image\":{\"@id\":\"https:\\\/\\\/www.organisator.ch\\\/marketing\\\/2025-06-18\\\/whitepaper-wie-politisch-sollen-sich-unternehmen-aeussern\\\/#primaryimage\"},\"thumbnailUrl\":\"https:\\\/\\\/www.markt-kom.com\\\/wp-content\\\/uploads\\\/2025\\\/06\\\/Boesch-Huber-RX-Whitepaper2-Autor-innen.jpg\",\"datePublished\":\"2025-06-18T03:11:07+00:00\",\"description\":\"Ein Whitepaper befasst sich mit der Frage, ob und unter welchen Bedingungen sich Unternehmen zu politischen Themen \u00e4ussern sollten.\",\"breadcrumb\":{\"@id\":\"https:\\\/\\\/www.organisator.ch\\\/marketing\\\/2025-06-18\\\/whitepaper-wie-politisch-sollen-sich-unternehmen-aeussern\\\/#breadcrumb\"},\"inLanguage\":\"it-IT\",\"potentialAction\":[{\"@type\":\"ReadAction\",\"target\":[\"https:\\\/\\\/www.organisator.ch\\\/marketing\\\/2025-06-18\\\/whitepaper-wie-politisch-sollen-sich-unternehmen-aeussern\\\/\"]}]},{\"@type\":\"ImageObject\",\"inLanguage\":\"it-IT\",\"@id\":\"https:\\\/\\\/www.organisator.ch\\\/marketing\\\/2025-06-18\\\/whitepaper-wie-politisch-sollen-sich-unternehmen-aeussern\\\/#primaryimage\",\"url\":\"https:\\\/\\\/www.markt-kom.com\\\/wp-content\\\/uploads\\\/2025\\\/06\\\/Boesch-Huber-RX-Whitepaper2-Autor-innen.jpg\",\"contentUrl\":\"https:\\\/\\\/www.markt-kom.com\\\/wp-content\\\/uploads\\\/2025\\\/06\\\/Boesch-Huber-RX-Whitepaper2-Autor-innen.jpg\"},{\"@type\":\"BreadcrumbList\",\"@id\":\"https:\\\/\\\/www.organisator.ch\\\/marketing\\\/2025-06-18\\\/whitepaper-wie-politisch-sollen-sich-unternehmen-aeussern\\\/#breadcrumb\",\"itemListElement\":[{\"@type\":\"ListItem\",\"position\":1,\"name\":\"Home\",\"item\":\"https:\\\/\\\/www.organisator.ch\\\/\"},{\"@type\":\"ListItem\",\"position\":2,\"name\":\"Whitepaper: Wie politisch sollen sich Unternehmen \u00e4ussern?\"}]},{\"@type\":\"WebSite\",\"@id\":\"https:\\\/\\\/www.organisator.ch\\\/#website\",\"url\":\"https:\\\/\\\/www.organisator.ch\\\/\",\"name\":\"Organisator\",\"description\":\"Kompetent. Praxisnah. Der ORGANISATOR bereitet in 10 Ausgaben pro Jahr die wesentlichen Themen f\u00fcr F\u00fchrungskr\u00e4fte von KMU auf.\",\"publisher\":{\"@id\":\"https:\\\/\\\/www.organisator.ch\\\/#organization\"},\"potentialAction\":[{\"@type\":\"SearchAction\",\"target\":{\"@type\":\"EntryPoint\",\"urlTemplate\":\"https:\\\/\\\/www.organisator.ch\\\/?s={search_term_string}\"},\"query-input\":{\"@type\":\"PropertyValueSpecification\",\"valueRequired\":true,\"valueName\":\"search_term_string\"}}],\"inLanguage\":\"it-IT\"},{\"@type\":\"Organization\",\"@id\":\"https:\\\/\\\/www.organisator.ch\\\/#organization\",\"name\":\"Organisator\",\"url\":\"https:\\\/\\\/www.organisator.ch\\\/\",\"logo\":{\"@type\":\"ImageObject\",\"inLanguage\":\"it-IT\",\"@id\":\"https:\\\/\\\/www.organisator.ch\\\/#\\\/schema\\\/logo\\\/image\\\/\",\"url\":\"https:\\\/\\\/www.organisator.ch\\\/wp-content\\\/uploads\\\/2022\\\/01\\\/Logo_Organisator_Website.png\",\"contentUrl\":\"https:\\\/\\\/www.organisator.ch\\\/wp-content\\\/uploads\\\/2022\\\/01\\\/Logo_Organisator_Website.png\",\"width\":800,\"height\":77,\"caption\":\"Organisator\"},\"image\":{\"@id\":\"https:\\\/\\\/www.organisator.ch\\\/#\\\/schema\\\/logo\\\/image\\\/\"},\"sameAs\":[\"https:\\\/\\\/www.facebook.com\\\/OrganisatorFachmagazin\",\"https:\\\/\\\/www.linkedin.com\\\/showcase\\\/organisator-das-magazin-fr-kmu\",\"https:\\\/\\\/www.xing.com\\\/news\\\/pages\\\/organisator-ch-695\",\"https:\\\/\\\/www.youtube.com\\\/channel\\\/UCGP2Sq0iWaZwT3BdIAQFYpw\"]},{\"@type\":\"Person\",\"@id\":\"https:\\\/\\\/www.organisator.ch\\\/#\\\/schema\\\/person\\\/4e51799071cd2dd1232ac003643ef5f0\",\"name\":\"galledia\",\"image\":{\"@type\":\"ImageObject\",\"inLanguage\":\"it-IT\",\"@id\":\"https:\\\/\\\/secure.gravatar.com\\\/avatar\\\/78a7f90c01fc2bfc875782a0d4922b37cde2cf184ce347b91316d23cd7f69a36?s=96&d=mm&r=g\",\"url\":\"https:\\\/\\\/secure.gravatar.com\\\/avatar\\\/78a7f90c01fc2bfc875782a0d4922b37cde2cf184ce347b91316d23cd7f69a36?s=96&d=mm&r=g\",\"contentUrl\":\"https:\\\/\\\/secure.gravatar.com\\\/avatar\\\/78a7f90c01fc2bfc875782a0d4922b37cde2cf184ce347b91316d23cd7f69a36?s=96&d=mm&r=g\",\"caption\":\"galledia\"},\"sameAs\":[\"https:\\\/\\\/x.com\\\/admin\"],\"url\":\"https:\\\/\\\/www.organisator.ch\\\/it\\\/author\\\/galledia\\\/\"}]}<\/script>\n<!-- \/ Yoast SEO plugin. -->","yoast_head_json":{"title":"Whitepaper: Quanto devono essere politiche le aziende? - Organizzatore","description":"Un libro bianco affronta la questione se e a quali condizioni le aziende debbano esprimersi su questioni politiche.","robots":{"index":"index","follow":"follow","max-snippet":"max-snippet:-1","max-image-preview":"max-image-preview:large","max-video-preview":"max-video-preview:-1"},"canonical":"https:\/\/www.organisator.ch\/it\/marketing\/2025-06-18\/whitepaper-wie-politisch-sollen-sich-unternehmen-aeussern\/","og_locale":"it_IT","og_type":"article","og_title":"Whitepaper: Wie politisch sollen sich Unternehmen \u00e4ussern? - Organisator","og_description":"Ein Whitepaper befasst sich mit der Frage, ob und unter welchen Bedingungen sich Unternehmen zu politischen Themen \u00e4ussern sollten.","og_url":"https:\/\/www.organisator.ch\/it\/marketing\/2025-06-18\/whitepaper-wie-politisch-sollen-sich-unternehmen-aeussern\/","og_site_name":"Organisator","article_publisher":"https:\/\/www.facebook.com\/OrganisatorFachmagazin","article_published_time":"2025-06-18T03:11:07+00:00","author":"galledia","twitter_card":"summary_large_image","twitter_creator":"@admin","schema":{"@context":"https:\/\/schema.org","@graph":[{"@type":"Article","@id":"https:\/\/www.organisator.ch\/marketing\/2025-06-18\/whitepaper-wie-politisch-sollen-sich-unternehmen-aeussern\/#article","isPartOf":{"@id":"https:\/\/www.organisator.ch\/marketing\/2025-06-18\/whitepaper-wie-politisch-sollen-sich-unternehmen-aeussern\/"},"author":{"name":"galledia","@id":"https:\/\/www.organisator.ch\/#\/schema\/person\/4e51799071cd2dd1232ac003643ef5f0"},"headline":"Whitepaper: Wie politisch sollen sich Unternehmen \u00e4ussern?","datePublished":"2025-06-18T03:11:07+00:00","mainEntityOfPage":{"@id":"https:\/\/www.organisator.ch\/marketing\/2025-06-18\/whitepaper-wie-politisch-sollen-sich-unternehmen-aeussern\/"},"wordCount":227,"publisher":{"@id":"https:\/\/www.organisator.ch\/#organization"},"image":{"@id":"https:\/\/www.organisator.ch\/marketing\/2025-06-18\/whitepaper-wie-politisch-sollen-sich-unternehmen-aeussern\/#primaryimage"},"thumbnailUrl":"https:\/\/www.markt-kom.com\/wp-content\/uploads\/2025\/06\/Boesch-Huber-RX-Whitepaper2-Autor-innen.jpg","keywords":["MarKom","Reputation Experts"],"articleSection":["MARKETING"],"inLanguage":"it-IT"},{"@type":"WebPage","@id":"https:\/\/www.organisator.ch\/marketing\/2025-06-18\/whitepaper-wie-politisch-sollen-sich-unternehmen-aeussern\/","url":"https:\/\/www.organisator.ch\/marketing\/2025-06-18\/whitepaper-wie-politisch-sollen-sich-unternehmen-aeussern\/","name":"Whitepaper: Quanto devono essere politiche le aziende? - Organizzatore","isPartOf":{"@id":"https:\/\/www.organisator.ch\/#website"},"primaryImageOfPage":{"@id":"https:\/\/www.organisator.ch\/marketing\/2025-06-18\/whitepaper-wie-politisch-sollen-sich-unternehmen-aeussern\/#primaryimage"},"image":{"@id":"https:\/\/www.organisator.ch\/marketing\/2025-06-18\/whitepaper-wie-politisch-sollen-sich-unternehmen-aeussern\/#primaryimage"},"thumbnailUrl":"https:\/\/www.markt-kom.com\/wp-content\/uploads\/2025\/06\/Boesch-Huber-RX-Whitepaper2-Autor-innen.jpg","datePublished":"2025-06-18T03:11:07+00:00","description":"Un libro bianco affronta la questione se e a quali condizioni le aziende debbano esprimersi su questioni politiche.","breadcrumb":{"@id":"https:\/\/www.organisator.ch\/marketing\/2025-06-18\/whitepaper-wie-politisch-sollen-sich-unternehmen-aeussern\/#breadcrumb"},"inLanguage":"it-IT","potentialAction":[{"@type":"ReadAction","target":["https:\/\/www.organisator.ch\/marketing\/2025-06-18\/whitepaper-wie-politisch-sollen-sich-unternehmen-aeussern\/"]}]},{"@type":"ImageObject","inLanguage":"it-IT","@id":"https:\/\/www.organisator.ch\/marketing\/2025-06-18\/whitepaper-wie-politisch-sollen-sich-unternehmen-aeussern\/#primaryimage","url":"https:\/\/www.markt-kom.com\/wp-content\/uploads\/2025\/06\/Boesch-Huber-RX-Whitepaper2-Autor-innen.jpg","contentUrl":"https:\/\/www.markt-kom.com\/wp-content\/uploads\/2025\/06\/Boesch-Huber-RX-Whitepaper2-Autor-innen.jpg"},{"@type":"BreadcrumbList","@id":"https:\/\/www.organisator.ch\/marketing\/2025-06-18\/whitepaper-wie-politisch-sollen-sich-unternehmen-aeussern\/#breadcrumb","itemListElement":[{"@type":"ListItem","position":1,"name":"Home","item":"https:\/\/www.organisator.ch\/"},{"@type":"ListItem","position":2,"name":"Whitepaper: Wie politisch sollen sich Unternehmen \u00e4ussern?"}]},{"@type":"WebSite","@id":"https:\/\/www.organisator.ch\/#website","url":"https:\/\/www.organisator.ch\/","name":"Organizzatore","description":"Competente. Pratico. In 10 numeri all'anno, ORGANISATOR presenta i temi essenziali per i manager delle PMI.","publisher":{"@id":"https:\/\/www.organisator.ch\/#organization"},"potentialAction":[{"@type":"SearchAction","target":{"@type":"EntryPoint","urlTemplate":"https:\/\/www.organisator.ch\/?s={search_term_string}"},"query-input":{"@type":"PropertyValueSpecification","valueRequired":true,"valueName":"search_term_string"}}],"inLanguage":"it-IT"},{"@type":"Organization","@id":"https:\/\/www.organisator.ch\/#organization","name":"Organizzatore","url":"https:\/\/www.organisator.ch\/","logo":{"@type":"ImageObject","inLanguage":"it-IT","@id":"https:\/\/www.organisator.ch\/#\/schema\/logo\/image\/","url":"https:\/\/www.organisator.ch\/wp-content\/uploads\/2022\/01\/Logo_Organisator_Website.png","contentUrl":"https:\/\/www.organisator.ch\/wp-content\/uploads\/2022\/01\/Logo_Organisator_Website.png","width":800,"height":77,"caption":"Organisator"},"image":{"@id":"https:\/\/www.organisator.ch\/#\/schema\/logo\/image\/"},"sameAs":["https:\/\/www.facebook.com\/OrganisatorFachmagazin","https:\/\/www.linkedin.com\/showcase\/organisator-das-magazin-fr-kmu","https:\/\/www.xing.com\/news\/pages\/organisator-ch-695","https:\/\/www.youtube.com\/channel\/UCGP2Sq0iWaZwT3BdIAQFYpw"]},{"@type":"Person","@id":"https:\/\/www.organisator.ch\/#\/schema\/person\/4e51799071cd2dd1232ac003643ef5f0","name":"galledia","image":{"@type":"ImageObject","inLanguage":"it-IT","@id":"https:\/\/secure.gravatar.com\/avatar\/78a7f90c01fc2bfc875782a0d4922b37cde2cf184ce347b91316d23cd7f69a36?s=96&d=mm&r=g","url":"https:\/\/secure.gravatar.com\/avatar\/78a7f90c01fc2bfc875782a0d4922b37cde2cf184ce347b91316d23cd7f69a36?s=96&d=mm&r=g","contentUrl":"https:\/\/secure.gravatar.com\/avatar\/78a7f90c01fc2bfc875782a0d4922b37cde2cf184ce347b91316d23cd7f69a36?s=96&d=mm&r=g","caption":"galledia"},"sameAs":["https:\/\/x.com\/admin"],"url":"https:\/\/www.organisator.ch\/it\/author\/galledia\/"}]}},"_links":{"self":[{"href":"https:\/\/www.organisator.ch\/it\/wp-json\/wp\/v2\/posts\/39070","targetHints":{"allow":["GET"]}}],"collection":[{"href":"https:\/\/www.organisator.ch\/it\/wp-json\/wp\/v2\/posts"}],"about":[{"href":"https:\/\/www.organisator.ch\/it\/wp-json\/wp\/v2\/types\/post"}],"author":[{"embeddable":true,"href":"https:\/\/www.organisator.ch\/it\/wp-json\/wp\/v2\/users\/8"}],"replies":[{"embeddable":true,"href":"https:\/\/www.organisator.ch\/it\/wp-json\/wp\/v2\/comments?post=39070"}],"version-history":[{"count":3,"href":"https:\/\/www.organisator.ch\/it\/wp-json\/wp\/v2\/posts\/39070\/revisions"}],"predecessor-version":[{"id":39088,"href":"https:\/\/www.organisator.ch\/it\/wp-json\/wp\/v2\/posts\/39070\/revisions\/39088"}],"wp:attachment":[{"href":"https:\/\/www.organisator.ch\/it\/wp-json\/wp\/v2\/media?parent=39070"}],"wp:term":[{"taxonomy":"category","embeddable":true,"href":"https:\/\/www.organisator.ch\/it\/wp-json\/wp\/v2\/categories?post=39070"},{"taxonomy":"post_tag","embeddable":true,"href":"https:\/\/www.organisator.ch\/it\/wp-json\/wp\/v2\/tags?post=39070"}],"curies":[{"name":"wp","href":"https:\/\/api.w.org\/{rel}","templated":true}]}}