{"id":39120,"date":"2025-06-18T16:09:54","date_gmt":"2025-06-18T14:09:54","guid":{"rendered":"https:\/\/www.m-q.ch\/?p=21610"},"modified":"2025-06-19T07:18:04","modified_gmt":"2025-06-19T05:18:04","slug":"it-dienstleister-bechtle-erhaelt-validierung-seiner-emissionsreduktionsziele","status":"publish","type":"post","link":"https:\/\/www.organisator.ch\/it\/sustainability\/2025-06-18\/it-dienstleister-bechtle-erhaelt-validierung-seiner-emissionsreduktionsziele\/","title":{"rendered":"Il fornitore di servizi IT Bechtle riceve la convalida dei suoi obiettivi di riduzione delle emissioni"},"content":{"rendered":"<div class=\"neo-richTextStyles neo-margin--bottom-20\">\r\n<figure id=\"attachment_21611\" class=\"wp-caption alignnone\" style=\"width: 680px;\" aria-describedby=\"caption-attachment-21611\"><img class=\"size-full wp-image-21611\" src=\"https:\/\/www.m-q.ch\/wp-content\/uploads\/2025\/06\/IT-Dienstleister-Bechtle-erhaelt-Validierung-seiner-Emissionsreduktionsziele_MQ.jpg\" sizes=\"(max-width: 680px) 100vw, 680px\" srcset=\"https:\/\/www.m-q.ch\/wp-content\/uploads\/2025\/06\/IT-Dienstleister-Bechtle-erhaelt-Validierung-seiner-Emissionsreduktionsziele_MQ.jpg 680w, https:\/\/www.m-q.ch\/wp-content\/uploads\/2025\/06\/IT-Dienstleister-Bechtle-erhaelt-Validierung-seiner-Emissionsreduktionsziele_MQ-18x10.jpg 18w, https:\/\/www.m-q.ch\/wp-content\/uploads\/2025\/06\/IT-Dienstleister-Bechtle-erhaelt-Validierung-seiner-Emissionsreduktionsziele_MQ-375x217.jpg 375w, https:\/\/www.m-q.ch\/wp-content\/uploads\/2025\/06\/IT-Dienstleister-Bechtle-erhaelt-Validierung-seiner-Emissionsreduktionsziele_MQ-606x350.jpg 606w\" alt=\"\" width=\"680\" height=\"393\" \/>\r\n<figcaption id=\"caption-attachment-21611\" class=\"wp-caption-text\">Bechtle riceve la convalida degli obiettivi climatici basati sulla scienza dalla Science Based Targets Initiative (SBTi). (Immagine: Bechtle.com)<\/figcaption>\r\n<\/figure>\r\n<p class=\"leadin\">Il fornitore di servizi IT Bechtle, che opera anche in Svizzera, si \u00e8 visto convalidare dall'SBTi i propri obiettivi di riduzione delle emissioni a breve e medio termine. L'obiettivo dichiarato \u00e8 quello di raggiungere le emissioni nette zero al pi\u00f9 tardi entro il 2050. L'SBTi \u00e8 un'iniziativa congiunta dell'organizzazione ambientale globale no-profit Carbon Disclosure Project (CDP), del Global Compact delle Nazioni Unite, del World Resources Institute (WRI) e del World Wide Fund for Nature (WWF). Sostiene le aziende nel raggiungimento di obiettivi di riduzione delle emissioni in linea con le pi\u00f9 recenti conoscenze climatiche. Una base fondamentale \u00e8 l'Accordo di Parigi, con il quale gli Stati firmatari si sono impegnati a limitare il riscaldamento globale a 1,5 gradi rispetto ai livelli preindustriali.<\/p>\r\n<p>Gli obiettivi di riduzione delle emissioni presentati da Bechtle all'SBTi sono in linea con l'obiettivo di 1,5 \u00b0C di questo accordo sul clima. Bechtle AG si impegna a ridurre le emissioni assolute di gas serra nelle categorie Scope 1 e 2 di 54,4 % entro il 2030 e a ridurre le emissioni Scope 3 delle categorie \"beni e servizi acquistati\" e \"uso di prodotti venduti\" di 55 % per 1.000 euro di valore aggiunto entro il 2030. Questi obiettivi sono stati esaminati nell'ambito del processo di convalida dell'SBTi e soddisfano i requisiti dell'attuale standard SBTi.<\/p>\r\n<h3><strong>Impegno per un obiettivo a lungo termine di zero emissioni entro il 2050<\/strong><\/h3>\r\n<p>Inoltre, Bechtle ha firmato la Lettera di Impegno Net-Zero ufficiale dell'SBTi. Questa impegna l'azienda informatica a raggiungere, entro il 2050, l'azzeramento delle emissioni di gas serra per tutte le fonti di emissione rilevanti degli Ambiti 1 e 2 e per le categorie dell'Ambito 3 sopra citate. Le misure mirano a ridurre sistematicamente le emissioni dirette e indirette lungo l'intera catena del valore. Firmando l'impegno, Bechtle intende sottolineare ulteriormente gli obiettivi fissati nella Strategia di Sostenibilit\u00e0 2030.<\/p>\r\n<p>\"La convalida dei nostri obiettivi da parte dell'SBTi sottolinea la credibilit\u00e0 del nostro impegno per la protezione del clima. Prendiamo sul serio la nostra responsabilit\u00e0 di fornitori di servizi IT leader in Europa e sosteniamo espressamente l'approccio scientifico del SBTi\", afferma Antje Leminsky, COO di Bechtle AG.<\/p>\r\n<h3><strong>Linee guida per un'imprenditoria responsabile<\/strong><\/h3>\r\n<p>Con la strategia di sostenibilit\u00e0 2030, Bechtle ha definito obiettivi economici, ecologici e sociali. Fa riferimento agli Obiettivi di Sviluppo Sostenibile delle Nazioni Unite e comprende i quattro campi d'azione strategici Business Etico, Ambiente, Persone e Futuro Digitale. Ogni campo d'azione \u00e8 sostenuto da un programma che comprende obiettivi, tappe e misure operative.<\/p>\r\n<p><a href=\"http:\/\/www.bechtle.com\"><em>Fonte e ulteriori informazioni<\/em><\/a><\/p>\r\n<\/div>\n<p class=\"syndicated-attribution\">Questo articolo \u00e8 apparso originariamente su m-q.ch - <a href=\"https:\/\/www.m-q.ch\/de\/it-dienstleister-bechtle-erhaelt-validierung-seiner-emissionsreduktionsziele\/\" target=\"_blank\">https:\/\/www.m-q.ch\/de\/it-dienstleister-bechtle-erhaelt-validierung-seiner-emissionsreduktionsziele\/<\/a><\/p>","protected":false},"excerpt":{"rendered":"<p>Bechtle AG ha ricevuto la conferma ufficiale dalla Science Based Targets Initiative (SBTi) che i suoi obiettivi a breve e medio termine per la riduzione delle emissioni di gas serra soddisfano i criteri SBTi. Ci\u00f2 significa che gli obiettivi presentati dal fornitore di servizi IT sono stati convalidati in conformit\u00e0 con gli standard basati sulla scienza del clima. Inoltre, con la firma della SBTi Net-Zero Commitment Letter, Bechtle conferma il suo impegno a lungo termine per la protezione del clima e la sostenibilit\u00e0.<\/p>","protected":false},"author":8,"featured_media":0,"comment_status":"closed","ping_status":"closed","sticky":false,"template":"","format":"standard","meta":{"_acf_changed":false,"_yoast_wpseo_focuskw":"Bechtle","_yoast_wpseo_metadesc":"Die Bechtle AG hat von der Science Based Targets Initiative die offizielle Validierung ihrer Ziele zur Treibhausgas-Reduktion erhalten.","articlekey":"","footnotes":""},"categories":[580],"tags":[5413,605,5414,3988,4857,613],"class_list":["post-39120","post","type-post","status-publish","format-standard","hentry","category-sustainability","tag-emissionsreduktionsziele","tag-qualitaetsmanagement","tag-science-based-targets-initiative","tag-uno-nachhaltigkeitsziele","tag-validierung","tag-zertifizierung"],"acf":[],"yoast_head":"<!-- This site is optimized with the Yoast SEO plugin v27.5 - https:\/\/yoast.com\/product\/yoast-seo-wordpress\/ -->\n<title>IT-Dienstleister Bechtle erh\u00e4lt Validierung seiner Emissionsreduktionsziele - Organisator<\/title>\n<meta name=\"description\" content=\"Die Bechtle AG hat von der Science Based Targets Initiative die offizielle Validierung ihrer Ziele zur Treibhausgas-Reduktion erhalten.\" \/>\n<meta name=\"robots\" content=\"index, follow, max-snippet:-1, max-image-preview:large, max-video-preview:-1\" \/>\n<link rel=\"canonical\" href=\"https:\/\/www.organisator.ch\/it\/sostenibilita\/2025-06-18\/it-dienstleister-bechtle-erhaelt-validierung-seiner-emissionsreduktionsziele\/\" \/>\n<meta property=\"og:locale\" content=\"it_IT\" \/>\n<meta property=\"og:type\" content=\"article\" \/>\n<meta property=\"og:title\" content=\"IT-Dienstleister Bechtle erh\u00e4lt Validierung seiner Emissionsreduktionsziele - Organisator\" \/>\n<meta property=\"og:description\" content=\"Die Bechtle AG hat von der Science Based Targets Initiative die offizielle Validierung ihrer Ziele zur Treibhausgas-Reduktion erhalten.\" \/>\n<meta property=\"og:url\" content=\"https:\/\/www.organisator.ch\/it\/sostenibilita\/2025-06-18\/it-dienstleister-bechtle-erhaelt-validierung-seiner-emissionsreduktionsziele\/\" \/>\n<meta property=\"og:site_name\" content=\"Organisator\" \/>\n<meta property=\"article:publisher\" content=\"https:\/\/www.facebook.com\/OrganisatorFachmagazin\" \/>\n<meta property=\"article:published_time\" content=\"2025-06-18T14:09:54+00:00\" \/>\n<meta property=\"article:modified_time\" content=\"2025-06-19T05:18:04+00:00\" \/>\n<meta name=\"author\" content=\"galledia\" \/>\n<meta name=\"twitter:card\" content=\"summary_large_image\" \/>\n<meta name=\"twitter:creator\" content=\"@admin\" \/>\n<script type=\"application\/ld+json\" class=\"yoast-schema-graph\">{\"@context\":\"https:\\\/\\\/schema.org\",\"@graph\":[{\"@type\":\"Article\",\"@id\":\"https:\\\/\\\/www.organisator.ch\\\/sustainability\\\/2025-06-18\\\/it-dienstleister-bechtle-erhaelt-validierung-seiner-emissionsreduktionsziele\\\/#article\",\"isPartOf\":{\"@id\":\"https:\\\/\\\/www.organisator.ch\\\/sustainability\\\/2025-06-18\\\/it-dienstleister-bechtle-erhaelt-validierung-seiner-emissionsreduktionsziele\\\/\"},\"author\":{\"name\":\"galledia\",\"@id\":\"https:\\\/\\\/www.organisator.ch\\\/#\\\/schema\\\/person\\\/4e51799071cd2dd1232ac003643ef5f0\"},\"headline\":\"IT-Dienstleister Bechtle erh\u00e4lt Validierung seiner Emissionsreduktionsziele\",\"datePublished\":\"2025-06-18T14:09:54+00:00\",\"dateModified\":\"2025-06-19T05:18:04+00:00\",\"mainEntityOfPage\":{\"@id\":\"https:\\\/\\\/www.organisator.ch\\\/sustainability\\\/2025-06-18\\\/it-dienstleister-bechtle-erhaelt-validierung-seiner-emissionsreduktionsziele\\\/\"},\"wordCount\":385,\"publisher\":{\"@id\":\"https:\\\/\\\/www.organisator.ch\\\/#organization\"},\"image\":{\"@id\":\"https:\\\/\\\/www.organisator.ch\\\/sustainability\\\/2025-06-18\\\/it-dienstleister-bechtle-erhaelt-validierung-seiner-emissionsreduktionsziele\\\/#primaryimage\"},\"thumbnailUrl\":\"https:\\\/\\\/www.m-q.ch\\\/wp-content\\\/uploads\\\/2025\\\/06\\\/IT-Dienstleister-Bechtle-erhaelt-Validierung-seiner-Emissionsreduktionsziele_MQ.jpg\",\"keywords\":[\"Emissionsreduktionsziele\",\"Qualit\u00e4tsmanagement\",\"Science Based Targets Initiative\",\"UNO-Nachhaltigkeitsziele\",\"Validierung\",\"Zertifizierung\"],\"articleSection\":[\"SUSTAINABILITY\"],\"inLanguage\":\"it-IT\"},{\"@type\":\"WebPage\",\"@id\":\"https:\\\/\\\/www.organisator.ch\\\/sustainability\\\/2025-06-18\\\/it-dienstleister-bechtle-erhaelt-validierung-seiner-emissionsreduktionsziele\\\/\",\"url\":\"https:\\\/\\\/www.organisator.ch\\\/sustainability\\\/2025-06-18\\\/it-dienstleister-bechtle-erhaelt-validierung-seiner-emissionsreduktionsziele\\\/\",\"name\":\"IT-Dienstleister Bechtle erh\u00e4lt Validierung seiner Emissionsreduktionsziele - Organisator\",\"isPartOf\":{\"@id\":\"https:\\\/\\\/www.organisator.ch\\\/#website\"},\"primaryImageOfPage\":{\"@id\":\"https:\\\/\\\/www.organisator.ch\\\/sustainability\\\/2025-06-18\\\/it-dienstleister-bechtle-erhaelt-validierung-seiner-emissionsreduktionsziele\\\/#primaryimage\"},\"image\":{\"@id\":\"https:\\\/\\\/www.organisator.ch\\\/sustainability\\\/2025-06-18\\\/it-dienstleister-bechtle-erhaelt-validierung-seiner-emissionsreduktionsziele\\\/#primaryimage\"},\"thumbnailUrl\":\"https:\\\/\\\/www.m-q.ch\\\/wp-content\\\/uploads\\\/2025\\\/06\\\/IT-Dienstleister-Bechtle-erhaelt-Validierung-seiner-Emissionsreduktionsziele_MQ.jpg\",\"datePublished\":\"2025-06-18T14:09:54+00:00\",\"dateModified\":\"2025-06-19T05:18:04+00:00\",\"description\":\"Die Bechtle AG hat von der Science Based Targets Initiative die offizielle Validierung ihrer Ziele zur Treibhausgas-Reduktion erhalten.\",\"breadcrumb\":{\"@id\":\"https:\\\/\\\/www.organisator.ch\\\/sustainability\\\/2025-06-18\\\/it-dienstleister-bechtle-erhaelt-validierung-seiner-emissionsreduktionsziele\\\/#breadcrumb\"},\"inLanguage\":\"it-IT\",\"potentialAction\":[{\"@type\":\"ReadAction\",\"target\":[\"https:\\\/\\\/www.organisator.ch\\\/sustainability\\\/2025-06-18\\\/it-dienstleister-bechtle-erhaelt-validierung-seiner-emissionsreduktionsziele\\\/\"]}]},{\"@type\":\"ImageObject\",\"inLanguage\":\"it-IT\",\"@id\":\"https:\\\/\\\/www.organisator.ch\\\/sustainability\\\/2025-06-18\\\/it-dienstleister-bechtle-erhaelt-validierung-seiner-emissionsreduktionsziele\\\/#primaryimage\",\"url\":\"https:\\\/\\\/www.m-q.ch\\\/wp-content\\\/uploads\\\/2025\\\/06\\\/IT-Dienstleister-Bechtle-erhaelt-Validierung-seiner-Emissionsreduktionsziele_MQ.jpg\",\"contentUrl\":\"https:\\\/\\\/www.m-q.ch\\\/wp-content\\\/uploads\\\/2025\\\/06\\\/IT-Dienstleister-Bechtle-erhaelt-Validierung-seiner-Emissionsreduktionsziele_MQ.jpg\"},{\"@type\":\"BreadcrumbList\",\"@id\":\"https:\\\/\\\/www.organisator.ch\\\/sustainability\\\/2025-06-18\\\/it-dienstleister-bechtle-erhaelt-validierung-seiner-emissionsreduktionsziele\\\/#breadcrumb\",\"itemListElement\":[{\"@type\":\"ListItem\",\"position\":1,\"name\":\"Home\",\"item\":\"https:\\\/\\\/www.organisator.ch\\\/\"},{\"@type\":\"ListItem\",\"position\":2,\"name\":\"IT-Dienstleister Bechtle erh\u00e4lt Validierung seiner Emissionsreduktionsziele\"}]},{\"@type\":\"WebSite\",\"@id\":\"https:\\\/\\\/www.organisator.ch\\\/#website\",\"url\":\"https:\\\/\\\/www.organisator.ch\\\/\",\"name\":\"Organisator\",\"description\":\"Kompetent. Praxisnah. Der ORGANISATOR bereitet in 10 Ausgaben pro Jahr die wesentlichen Themen f\u00fcr F\u00fchrungskr\u00e4fte von KMU auf.\",\"publisher\":{\"@id\":\"https:\\\/\\\/www.organisator.ch\\\/#organization\"},\"potentialAction\":[{\"@type\":\"SearchAction\",\"target\":{\"@type\":\"EntryPoint\",\"urlTemplate\":\"https:\\\/\\\/www.organisator.ch\\\/?s={search_term_string}\"},\"query-input\":{\"@type\":\"PropertyValueSpecification\",\"valueRequired\":true,\"valueName\":\"search_term_string\"}}],\"inLanguage\":\"it-IT\"},{\"@type\":\"Organization\",\"@id\":\"https:\\\/\\\/www.organisator.ch\\\/#organization\",\"name\":\"Organisator\",\"url\":\"https:\\\/\\\/www.organisator.ch\\\/\",\"logo\":{\"@type\":\"ImageObject\",\"inLanguage\":\"it-IT\",\"@id\":\"https:\\\/\\\/www.organisator.ch\\\/#\\\/schema\\\/logo\\\/image\\\/\",\"url\":\"https:\\\/\\\/www.organisator.ch\\\/wp-content\\\/uploads\\\/2022\\\/01\\\/Logo_Organisator_Website.png\",\"contentUrl\":\"https:\\\/\\\/www.organisator.ch\\\/wp-content\\\/uploads\\\/2022\\\/01\\\/Logo_Organisator_Website.png\",\"width\":800,\"height\":77,\"caption\":\"Organisator\"},\"image\":{\"@id\":\"https:\\\/\\\/www.organisator.ch\\\/#\\\/schema\\\/logo\\\/image\\\/\"},\"sameAs\":[\"https:\\\/\\\/www.facebook.com\\\/OrganisatorFachmagazin\",\"https:\\\/\\\/www.linkedin.com\\\/showcase\\\/organisator-das-magazin-fr-kmu\",\"https:\\\/\\\/www.xing.com\\\/news\\\/pages\\\/organisator-ch-695\",\"https:\\\/\\\/www.youtube.com\\\/channel\\\/UCGP2Sq0iWaZwT3BdIAQFYpw\"]},{\"@type\":\"Person\",\"@id\":\"https:\\\/\\\/www.organisator.ch\\\/#\\\/schema\\\/person\\\/4e51799071cd2dd1232ac003643ef5f0\",\"name\":\"galledia\",\"image\":{\"@type\":\"ImageObject\",\"inLanguage\":\"it-IT\",\"@id\":\"https:\\\/\\\/secure.gravatar.com\\\/avatar\\\/78a7f90c01fc2bfc875782a0d4922b37cde2cf184ce347b91316d23cd7f69a36?s=96&d=mm&r=g\",\"url\":\"https:\\\/\\\/secure.gravatar.com\\\/avatar\\\/78a7f90c01fc2bfc875782a0d4922b37cde2cf184ce347b91316d23cd7f69a36?s=96&d=mm&r=g\",\"contentUrl\":\"https:\\\/\\\/secure.gravatar.com\\\/avatar\\\/78a7f90c01fc2bfc875782a0d4922b37cde2cf184ce347b91316d23cd7f69a36?s=96&d=mm&r=g\",\"caption\":\"galledia\"},\"sameAs\":[\"https:\\\/\\\/x.com\\\/admin\"],\"url\":\"https:\\\/\\\/www.organisator.ch\\\/it\\\/author\\\/galledia\\\/\"}]}<\/script>\n<!-- \/ Yoast SEO plugin. -->","yoast_head_json":{"title":"Il fornitore di servizi IT Bechtle riceve la convalida dei suoi obiettivi di riduzione delle emissioni - Organizzatore","description":"Bechtle AG ha ricevuto la convalida ufficiale dei suoi obiettivi di riduzione dei gas serra dalla Science Based Targets Initiative.","robots":{"index":"index","follow":"follow","max-snippet":"max-snippet:-1","max-image-preview":"max-image-preview:large","max-video-preview":"max-video-preview:-1"},"canonical":"https:\/\/www.organisator.ch\/it\/sostenibilita\/2025-06-18\/it-dienstleister-bechtle-erhaelt-validierung-seiner-emissionsreduktionsziele\/","og_locale":"it_IT","og_type":"article","og_title":"IT-Dienstleister Bechtle erh\u00e4lt Validierung seiner Emissionsreduktionsziele - Organisator","og_description":"Die Bechtle AG hat von der Science Based Targets Initiative die offizielle Validierung ihrer Ziele zur Treibhausgas-Reduktion erhalten.","og_url":"https:\/\/www.organisator.ch\/it\/sostenibilita\/2025-06-18\/it-dienstleister-bechtle-erhaelt-validierung-seiner-emissionsreduktionsziele\/","og_site_name":"Organisator","article_publisher":"https:\/\/www.facebook.com\/OrganisatorFachmagazin","article_published_time":"2025-06-18T14:09:54+00:00","article_modified_time":"2025-06-19T05:18:04+00:00","author":"galledia","twitter_card":"summary_large_image","twitter_creator":"@admin","schema":{"@context":"https:\/\/schema.org","@graph":[{"@type":"Article","@id":"https:\/\/www.organisator.ch\/sustainability\/2025-06-18\/it-dienstleister-bechtle-erhaelt-validierung-seiner-emissionsreduktionsziele\/#article","isPartOf":{"@id":"https:\/\/www.organisator.ch\/sustainability\/2025-06-18\/it-dienstleister-bechtle-erhaelt-validierung-seiner-emissionsreduktionsziele\/"},"author":{"name":"galledia","@id":"https:\/\/www.organisator.ch\/#\/schema\/person\/4e51799071cd2dd1232ac003643ef5f0"},"headline":"IT-Dienstleister Bechtle erh\u00e4lt Validierung seiner Emissionsreduktionsziele","datePublished":"2025-06-18T14:09:54+00:00","dateModified":"2025-06-19T05:18:04+00:00","mainEntityOfPage":{"@id":"https:\/\/www.organisator.ch\/sustainability\/2025-06-18\/it-dienstleister-bechtle-erhaelt-validierung-seiner-emissionsreduktionsziele\/"},"wordCount":385,"publisher":{"@id":"https:\/\/www.organisator.ch\/#organization"},"image":{"@id":"https:\/\/www.organisator.ch\/sustainability\/2025-06-18\/it-dienstleister-bechtle-erhaelt-validierung-seiner-emissionsreduktionsziele\/#primaryimage"},"thumbnailUrl":"https:\/\/www.m-q.ch\/wp-content\/uploads\/2025\/06\/IT-Dienstleister-Bechtle-erhaelt-Validierung-seiner-Emissionsreduktionsziele_MQ.jpg","keywords":["Emissionsreduktionsziele","Qualit\u00e4tsmanagement","Science Based Targets Initiative","UNO-Nachhaltigkeitsziele","Validierung","Zertifizierung"],"articleSection":["SUSTAINABILITY"],"inLanguage":"it-IT"},{"@type":"WebPage","@id":"https:\/\/www.organisator.ch\/sustainability\/2025-06-18\/it-dienstleister-bechtle-erhaelt-validierung-seiner-emissionsreduktionsziele\/","url":"https:\/\/www.organisator.ch\/sustainability\/2025-06-18\/it-dienstleister-bechtle-erhaelt-validierung-seiner-emissionsreduktionsziele\/","name":"Il fornitore di servizi IT Bechtle riceve la convalida dei suoi obiettivi di riduzione delle emissioni - Organizzatore","isPartOf":{"@id":"https:\/\/www.organisator.ch\/#website"},"primaryImageOfPage":{"@id":"https:\/\/www.organisator.ch\/sustainability\/2025-06-18\/it-dienstleister-bechtle-erhaelt-validierung-seiner-emissionsreduktionsziele\/#primaryimage"},"image":{"@id":"https:\/\/www.organisator.ch\/sustainability\/2025-06-18\/it-dienstleister-bechtle-erhaelt-validierung-seiner-emissionsreduktionsziele\/#primaryimage"},"thumbnailUrl":"https:\/\/www.m-q.ch\/wp-content\/uploads\/2025\/06\/IT-Dienstleister-Bechtle-erhaelt-Validierung-seiner-Emissionsreduktionsziele_MQ.jpg","datePublished":"2025-06-18T14:09:54+00:00","dateModified":"2025-06-19T05:18:04+00:00","description":"Bechtle AG ha ricevuto la convalida ufficiale dei suoi obiettivi di riduzione dei gas serra dalla Science Based Targets Initiative.","breadcrumb":{"@id":"https:\/\/www.organisator.ch\/sustainability\/2025-06-18\/it-dienstleister-bechtle-erhaelt-validierung-seiner-emissionsreduktionsziele\/#breadcrumb"},"inLanguage":"it-IT","potentialAction":[{"@type":"ReadAction","target":["https:\/\/www.organisator.ch\/sustainability\/2025-06-18\/it-dienstleister-bechtle-erhaelt-validierung-seiner-emissionsreduktionsziele\/"]}]},{"@type":"ImageObject","inLanguage":"it-IT","@id":"https:\/\/www.organisator.ch\/sustainability\/2025-06-18\/it-dienstleister-bechtle-erhaelt-validierung-seiner-emissionsreduktionsziele\/#primaryimage","url":"https:\/\/www.m-q.ch\/wp-content\/uploads\/2025\/06\/IT-Dienstleister-Bechtle-erhaelt-Validierung-seiner-Emissionsreduktionsziele_MQ.jpg","contentUrl":"https:\/\/www.m-q.ch\/wp-content\/uploads\/2025\/06\/IT-Dienstleister-Bechtle-erhaelt-Validierung-seiner-Emissionsreduktionsziele_MQ.jpg"},{"@type":"BreadcrumbList","@id":"https:\/\/www.organisator.ch\/sustainability\/2025-06-18\/it-dienstleister-bechtle-erhaelt-validierung-seiner-emissionsreduktionsziele\/#breadcrumb","itemListElement":[{"@type":"ListItem","position":1,"name":"Home","item":"https:\/\/www.organisator.ch\/"},{"@type":"ListItem","position":2,"name":"IT-Dienstleister Bechtle erh\u00e4lt Validierung seiner Emissionsreduktionsziele"}]},{"@type":"WebSite","@id":"https:\/\/www.organisator.ch\/#website","url":"https:\/\/www.organisator.ch\/","name":"Organizzatore","description":"Competente. Pratico. In 10 numeri all'anno, ORGANISATOR presenta i temi essenziali per i manager delle PMI.","publisher":{"@id":"https:\/\/www.organisator.ch\/#organization"},"potentialAction":[{"@type":"SearchAction","target":{"@type":"EntryPoint","urlTemplate":"https:\/\/www.organisator.ch\/?s={search_term_string}"},"query-input":{"@type":"PropertyValueSpecification","valueRequired":true,"valueName":"search_term_string"}}],"inLanguage":"it-IT"},{"@type":"Organization","@id":"https:\/\/www.organisator.ch\/#organization","name":"Organizzatore","url":"https:\/\/www.organisator.ch\/","logo":{"@type":"ImageObject","inLanguage":"it-IT","@id":"https:\/\/www.organisator.ch\/#\/schema\/logo\/image\/","url":"https:\/\/www.organisator.ch\/wp-content\/uploads\/2022\/01\/Logo_Organisator_Website.png","contentUrl":"https:\/\/www.organisator.ch\/wp-content\/uploads\/2022\/01\/Logo_Organisator_Website.png","width":800,"height":77,"caption":"Organisator"},"image":{"@id":"https:\/\/www.organisator.ch\/#\/schema\/logo\/image\/"},"sameAs":["https:\/\/www.facebook.com\/OrganisatorFachmagazin","https:\/\/www.linkedin.com\/showcase\/organisator-das-magazin-fr-kmu","https:\/\/www.xing.com\/news\/pages\/organisator-ch-695","https:\/\/www.youtube.com\/channel\/UCGP2Sq0iWaZwT3BdIAQFYpw"]},{"@type":"Person","@id":"https:\/\/www.organisator.ch\/#\/schema\/person\/4e51799071cd2dd1232ac003643ef5f0","name":"galledia","image":{"@type":"ImageObject","inLanguage":"it-IT","@id":"https:\/\/secure.gravatar.com\/avatar\/78a7f90c01fc2bfc875782a0d4922b37cde2cf184ce347b91316d23cd7f69a36?s=96&d=mm&r=g","url":"https:\/\/secure.gravatar.com\/avatar\/78a7f90c01fc2bfc875782a0d4922b37cde2cf184ce347b91316d23cd7f69a36?s=96&d=mm&r=g","contentUrl":"https:\/\/secure.gravatar.com\/avatar\/78a7f90c01fc2bfc875782a0d4922b37cde2cf184ce347b91316d23cd7f69a36?s=96&d=mm&r=g","caption":"galledia"},"sameAs":["https:\/\/x.com\/admin"],"url":"https:\/\/www.organisator.ch\/it\/author\/galledia\/"}]}},"_links":{"self":[{"href":"https:\/\/www.organisator.ch\/it\/wp-json\/wp\/v2\/posts\/39120","targetHints":{"allow":["GET"]}}],"collection":[{"href":"https:\/\/www.organisator.ch\/it\/wp-json\/wp\/v2\/posts"}],"about":[{"href":"https:\/\/www.organisator.ch\/it\/wp-json\/wp\/v2\/types\/post"}],"author":[{"embeddable":true,"href":"https:\/\/www.organisator.ch\/it\/wp-json\/wp\/v2\/users\/8"}],"replies":[{"embeddable":true,"href":"https:\/\/www.organisator.ch\/it\/wp-json\/wp\/v2\/comments?post=39120"}],"version-history":[{"count":6,"href":"https:\/\/www.organisator.ch\/it\/wp-json\/wp\/v2\/posts\/39120\/revisions"}],"predecessor-version":[{"id":39133,"href":"https:\/\/www.organisator.ch\/it\/wp-json\/wp\/v2\/posts\/39120\/revisions\/39133"}],"wp:attachment":[{"href":"https:\/\/www.organisator.ch\/it\/wp-json\/wp\/v2\/media?parent=39120"}],"wp:term":[{"taxonomy":"category","embeddable":true,"href":"https:\/\/www.organisator.ch\/it\/wp-json\/wp\/v2\/categories?post=39120"},{"taxonomy":"post_tag","embeddable":true,"href":"https:\/\/www.organisator.ch\/it\/wp-json\/wp\/v2\/tags?post=39120"}],"curies":[{"name":"wp","href":"https:\/\/api.w.org\/{rel}","templated":true}]}}