{"id":39134,"date":"2025-06-19T08:14:48","date_gmt":"2025-06-19T06:14:48","guid":{"rendered":"https:\/\/www.organisator.ch\/?p=39134"},"modified":"2025-06-19T08:14:48","modified_gmt":"2025-06-19T06:14:48","slug":"magdalena-martullo-blocher-am-wirtschaftsforum-thurgau-2025","status":"publish","type":"post","link":"https:\/\/www.organisator.ch\/it\/management\/2025-06-19\/magdalena-martullo-blocher-am-wirtschaftsforum-thurgau-2025\/","title":{"rendered":"Magdalena Martullo-Blocher al Forum economico Turgovia 2025"},"content":{"rendered":"<figure id=\"attachment_39135\" aria-describedby=\"caption-attachment-39135\" style=\"width: 680px\" class=\"wp-caption alignnone\"><img loading=\"lazy\" decoding=\"async\" class=\"size-full wp-image-39135\" src=\"https:\/\/www.organisator.ch\/wp-content\/uploads\/2025\/06\/Magdalena-Martullo-Blocher-am-Wirtschaftsforum-Thurgau-2025_Organisator.jpg\" alt=\"\" width=\"680\" height=\"341\" srcset=\"https:\/\/www.organisator.ch\/wp-content\/uploads\/2025\/06\/Magdalena-Martullo-Blocher-am-Wirtschaftsforum-Thurgau-2025_Organisator.jpg 680w, https:\/\/www.organisator.ch\/wp-content\/uploads\/2025\/06\/Magdalena-Martullo-Blocher-am-Wirtschaftsforum-Thurgau-2025_Organisator-18x9.jpg 18w, https:\/\/www.organisator.ch\/wp-content\/uploads\/2025\/06\/Magdalena-Martullo-Blocher-am-Wirtschaftsforum-Thurgau-2025_Organisator-375x188.jpg 375w\" sizes=\"auto, (max-width: 680px) 100vw, 680px\" \/><figcaption id=\"caption-attachment-39135\" class=\"wp-caption-text\">Ospiti del Forum economico della Turgovia: Magdalena Martullo-Blocher e Simon Michel. (Foto: zVg)<\/figcaption><\/figure>\n<p>Con il titolo \"Geopolitica - Effetti sul mercato nazionale\", il 29\u00b0 Forum economico della Turgovia \u00e8 dedicato a una delle questioni pi\u00f9 urgenti del nostro tempo. Gli spostamenti di potere a livello globale, i conflitti commerciali internazionali e le instabilit\u00e0 regionali sollevano questioni fondamentali per la piazza economica svizzera. Come si pu\u00f2 rafforzare la resilienza economica in un contesto commerciale mondiale frammentato? Che ruolo hanno le relazioni bilaterali? E dove nascono le nuove opportunit\u00e0 per le aziende coraggiose e agili in un ambiente instabile?<\/p>\n<h3>Confermati i primi relatori di spicco<\/h3>\n<p>Christoph Frei, professore di relazioni internazionali all'Universit\u00e0 di San Gallo, \u00e8 un esperto riconosciuto che fornir\u00e0 una panoramica geopolitica. Magdalena Martullo-Blocher, CEO di Ems-Chemie AG, e Simon Michel, CEO di Ypsomed AG, parleranno delle relazioni bilaterali da una prospettiva commerciale. Nel suo discorso programmatico, l'esperto di resilienza Marc Wallert, che ha raggiunto fama internazionale grazie alla sua storia personale, parler\u00e0 della resilienza imprenditoriale in tempi di crisi globale.<\/p>\n<h3>Conferenza di apertura sull'economia turgoviese<\/h3>\n<p>Per la prima volta, il forum inizier\u00e0 con un discorso di apertura che far\u00e0 luce sulla situazione economica del Canton Turgovia. In una discussione con la moderatrice Mona Vetsch, Thomas Koller, presidente del consiglio di amministrazione della Thurgauer Kantonalbank, e Daniel Wessner, capo dell'ufficio per l'economia e il lavoro del Cantone di Turgovia, discuteranno degli sviluppi regionali e getteranno un ponte verso il tema principale dell'evento.<\/p>\n<h3>Chi si prenota per tempo ne trae vantaggio: la registrazione \u00e8 ora possibile<\/h3>\n<p>Il Forum economico della Turgovia si terr\u00e0 gioved\u00ec 13 novembre 2025 al Thurgauerhof di Weinfelden. Coloro che si iscriveranno entro il 31 luglio 2025 potranno beneficiare di un interessante prezzo early bird. Tutte le informazioni e il modulo di registrazione sono disponibili al seguente indirizzo <a href=\"http:\/\/www.wft.ch\">www.wft.ch.<\/a><\/p>","protected":false},"excerpt":{"rendered":"<p>Il Forum economico della Turgovia inizia l'anno 2025 con una ventata di novit\u00e0, avendo rinnovato completamente il logo, il sito web e la comunicazione visiva. La conferenza si concentrer\u00e0 sulla geopolitica e sulla resilienza. Con Magdalena Martullo-Blocher e Simon Michel, due importanti rappresentanti del mondo economico faranno la loro comparsa.<\/p>","protected":false},"author":4,"featured_media":39135,"comment_status":"closed","ping_status":"closed","sticky":false,"template":"","format":"standard","meta":{"_acf_changed":false,"_yoast_wpseo_focuskw":"Magdalena Martullo-Blocher","_yoast_wpseo_metadesc":"Mit Magdalena Martullo-Blocher und Simon Michel treten zwei prominente Wirtschaftsvertreter am Wirtschaftsforum Thurgau auf.","articlekey":"","footnotes":""},"categories":[28],"tags":[334,502,2708,531],"class_list":["post-39134","post","type-post","status-publish","format-standard","has-post-thumbnail","hentry","category-management","tag-management","tag-veranstaltungen","tag-wirtschaftsforum","tag-wirtschaftspolitik"],"acf":[],"yoast_head":"<!-- This site is optimized with the Yoast SEO plugin v27.4 - https:\/\/yoast.com\/product\/yoast-seo-wordpress\/ -->\n<title>Magdalena Martullo-Blocher am Wirtschaftsforum Thurgau 2025 - Organisator<\/title>\n<meta name=\"description\" content=\"Mit Magdalena Martullo-Blocher und Simon Michel treten zwei prominente Wirtschaftsvertreter am Wirtschaftsforum Thurgau auf.\" \/>\n<meta name=\"robots\" content=\"index, follow, max-snippet:-1, max-image-preview:large, max-video-preview:-1\" \/>\n<link rel=\"canonical\" href=\"https:\/\/www.organisator.ch\/it\/gestione-2\/2025-06-19\/magdalena-martullo-blocher-am-wirtschaftsforum-thurgau-2025\/\" \/>\n<meta property=\"og:locale\" content=\"it_IT\" \/>\n<meta property=\"og:type\" content=\"article\" \/>\n<meta property=\"og:title\" content=\"Magdalena Martullo-Blocher am Wirtschaftsforum Thurgau 2025\" \/>\n<meta property=\"og:description\" content=\"Mit Magdalena Martullo-Blocher und Simon Michel treten zwei prominente Wirtschaftsvertreter am Wirtschaftsforum Thurgau auf.\" \/>\n<meta property=\"og:url\" content=\"https:\/\/www.organisator.ch\/it\/gestione-2\/2025-06-19\/magdalena-martullo-blocher-am-wirtschaftsforum-thurgau-2025\/\" \/>\n<meta property=\"og:site_name\" content=\"Organisator\" \/>\n<meta property=\"article:publisher\" content=\"https:\/\/www.facebook.com\/OrganisatorFachmagazin\" \/>\n<meta property=\"article:published_time\" content=\"2025-06-19T06:14:48+00:00\" \/>\n<meta property=\"og:image\" content=\"https:\/\/www.organisator.ch\/wp-content\/uploads\/2025\/06\/Magdalena-Martullo-Blocher-am-Wirtschaftsforum-Thurgau-2025_Organisator.jpg\" \/>\n\t<meta property=\"og:image:width\" content=\"680\" \/>\n\t<meta property=\"og:image:height\" content=\"341\" \/>\n\t<meta property=\"og:image:type\" content=\"image\/jpeg\" \/>\n<meta name=\"author\" content=\"thomas.berner\" \/>\n<meta name=\"twitter:card\" content=\"summary_large_image\" \/>\n<meta name=\"twitter:title\" content=\"Magdalena #Martullo-Blocher am #Wirtschaftsforum Thurgau 2025\" \/>\n<meta name=\"twitter:description\" content=\"Mit Magdalena #Martullo-Blocher und Simon Michel treten zwei prominente Wirtschaftsvertreter am #Wirtschaftsforum #Thurgau auf.\" \/>\n<meta name=\"twitter:image\" content=\"https:\/\/www.organisator.ch\/wp-content\/uploads\/2025\/06\/Magdalena-Martullo-Blocher-am-Wirtschaftsforum-Thurgau-2025_Organisator.jpg\" \/>\n<script type=\"application\/ld+json\" class=\"yoast-schema-graph\">{\"@context\":\"https:\\\/\\\/schema.org\",\"@graph\":[{\"@type\":\"Article\",\"@id\":\"https:\\\/\\\/www.organisator.ch\\\/management\\\/2025-06-19\\\/magdalena-martullo-blocher-am-wirtschaftsforum-thurgau-2025\\\/#article\",\"isPartOf\":{\"@id\":\"https:\\\/\\\/www.organisator.ch\\\/management\\\/2025-06-19\\\/magdalena-martullo-blocher-am-wirtschaftsforum-thurgau-2025\\\/\"},\"author\":{\"name\":\"thomas.berner\",\"@id\":\"https:\\\/\\\/www.organisator.ch\\\/#\\\/schema\\\/person\\\/6f650f90b2842cd4c0cc334b4e36f67e\"},\"headline\":\"Magdalena Martullo-Blocher am Wirtschaftsforum Thurgau 2025\",\"datePublished\":\"2025-06-19T06:14:48+00:00\",\"mainEntityOfPage\":{\"@id\":\"https:\\\/\\\/www.organisator.ch\\\/management\\\/2025-06-19\\\/magdalena-martullo-blocher-am-wirtschaftsforum-thurgau-2025\\\/\"},\"wordCount\":288,\"publisher\":{\"@id\":\"https:\\\/\\\/www.organisator.ch\\\/#organization\"},\"image\":{\"@id\":\"https:\\\/\\\/www.organisator.ch\\\/management\\\/2025-06-19\\\/magdalena-martullo-blocher-am-wirtschaftsforum-thurgau-2025\\\/#primaryimage\"},\"thumbnailUrl\":\"https:\\\/\\\/www.organisator.ch\\\/wp-content\\\/uploads\\\/2025\\\/06\\\/Magdalena-Martullo-Blocher-am-Wirtschaftsforum-Thurgau-2025_Organisator.jpg\",\"keywords\":[\"Management\",\"Veranstaltungen\",\"Wirtschaftsforum\",\"Wirtschaftspolitik\"],\"articleSection\":[\"MANAGEMENT\"],\"inLanguage\":\"it-IT\"},{\"@type\":\"WebPage\",\"@id\":\"https:\\\/\\\/www.organisator.ch\\\/management\\\/2025-06-19\\\/magdalena-martullo-blocher-am-wirtschaftsforum-thurgau-2025\\\/\",\"url\":\"https:\\\/\\\/www.organisator.ch\\\/management\\\/2025-06-19\\\/magdalena-martullo-blocher-am-wirtschaftsforum-thurgau-2025\\\/\",\"name\":\"Magdalena Martullo-Blocher am Wirtschaftsforum Thurgau 2025 - Organisator\",\"isPartOf\":{\"@id\":\"https:\\\/\\\/www.organisator.ch\\\/#website\"},\"primaryImageOfPage\":{\"@id\":\"https:\\\/\\\/www.organisator.ch\\\/management\\\/2025-06-19\\\/magdalena-martullo-blocher-am-wirtschaftsforum-thurgau-2025\\\/#primaryimage\"},\"image\":{\"@id\":\"https:\\\/\\\/www.organisator.ch\\\/management\\\/2025-06-19\\\/magdalena-martullo-blocher-am-wirtschaftsforum-thurgau-2025\\\/#primaryimage\"},\"thumbnailUrl\":\"https:\\\/\\\/www.organisator.ch\\\/wp-content\\\/uploads\\\/2025\\\/06\\\/Magdalena-Martullo-Blocher-am-Wirtschaftsforum-Thurgau-2025_Organisator.jpg\",\"datePublished\":\"2025-06-19T06:14:48+00:00\",\"description\":\"Mit Magdalena Martullo-Blocher und Simon Michel treten zwei prominente Wirtschaftsvertreter am Wirtschaftsforum Thurgau auf.\",\"breadcrumb\":{\"@id\":\"https:\\\/\\\/www.organisator.ch\\\/management\\\/2025-06-19\\\/magdalena-martullo-blocher-am-wirtschaftsforum-thurgau-2025\\\/#breadcrumb\"},\"inLanguage\":\"it-IT\",\"potentialAction\":[{\"@type\":\"ReadAction\",\"target\":[\"https:\\\/\\\/www.organisator.ch\\\/management\\\/2025-06-19\\\/magdalena-martullo-blocher-am-wirtschaftsforum-thurgau-2025\\\/\"]}]},{\"@type\":\"ImageObject\",\"inLanguage\":\"it-IT\",\"@id\":\"https:\\\/\\\/www.organisator.ch\\\/management\\\/2025-06-19\\\/magdalena-martullo-blocher-am-wirtschaftsforum-thurgau-2025\\\/#primaryimage\",\"url\":\"https:\\\/\\\/www.organisator.ch\\\/wp-content\\\/uploads\\\/2025\\\/06\\\/Magdalena-Martullo-Blocher-am-Wirtschaftsforum-Thurgau-2025_Organisator.jpg\",\"contentUrl\":\"https:\\\/\\\/www.organisator.ch\\\/wp-content\\\/uploads\\\/2025\\\/06\\\/Magdalena-Martullo-Blocher-am-Wirtschaftsforum-Thurgau-2025_Organisator.jpg\",\"width\":680,\"height\":341,\"caption\":\"Treten als Talkg\u00e4ste am Wirtschaftsforum Thurgau auf: Magdalena Martullo-Blocher und Simon Michel. (Bilder: zVg)\"},{\"@type\":\"BreadcrumbList\",\"@id\":\"https:\\\/\\\/www.organisator.ch\\\/management\\\/2025-06-19\\\/magdalena-martullo-blocher-am-wirtschaftsforum-thurgau-2025\\\/#breadcrumb\",\"itemListElement\":[{\"@type\":\"ListItem\",\"position\":1,\"name\":\"Home\",\"item\":\"https:\\\/\\\/www.organisator.ch\\\/\"},{\"@type\":\"ListItem\",\"position\":2,\"name\":\"Magdalena Martullo-Blocher am Wirtschaftsforum Thurgau 2025\"}]},{\"@type\":\"WebSite\",\"@id\":\"https:\\\/\\\/www.organisator.ch\\\/#website\",\"url\":\"https:\\\/\\\/www.organisator.ch\\\/\",\"name\":\"Organisator\",\"description\":\"Kompetent. Praxisnah. Der ORGANISATOR bereitet in 10 Ausgaben pro Jahr die wesentlichen Themen f\u00fcr F\u00fchrungskr\u00e4fte von KMU auf.\",\"publisher\":{\"@id\":\"https:\\\/\\\/www.organisator.ch\\\/#organization\"},\"potentialAction\":[{\"@type\":\"SearchAction\",\"target\":{\"@type\":\"EntryPoint\",\"urlTemplate\":\"https:\\\/\\\/www.organisator.ch\\\/?s={search_term_string}\"},\"query-input\":{\"@type\":\"PropertyValueSpecification\",\"valueRequired\":true,\"valueName\":\"search_term_string\"}}],\"inLanguage\":\"it-IT\"},{\"@type\":\"Organization\",\"@id\":\"https:\\\/\\\/www.organisator.ch\\\/#organization\",\"name\":\"Organisator\",\"url\":\"https:\\\/\\\/www.organisator.ch\\\/\",\"logo\":{\"@type\":\"ImageObject\",\"inLanguage\":\"it-IT\",\"@id\":\"https:\\\/\\\/www.organisator.ch\\\/#\\\/schema\\\/logo\\\/image\\\/\",\"url\":\"https:\\\/\\\/www.organisator.ch\\\/wp-content\\\/uploads\\\/2022\\\/01\\\/Logo_Organisator_Website.png\",\"contentUrl\":\"https:\\\/\\\/www.organisator.ch\\\/wp-content\\\/uploads\\\/2022\\\/01\\\/Logo_Organisator_Website.png\",\"width\":800,\"height\":77,\"caption\":\"Organisator\"},\"image\":{\"@id\":\"https:\\\/\\\/www.organisator.ch\\\/#\\\/schema\\\/logo\\\/image\\\/\"},\"sameAs\":[\"https:\\\/\\\/www.facebook.com\\\/OrganisatorFachmagazin\",\"https:\\\/\\\/www.linkedin.com\\\/showcase\\\/organisator-das-magazin-fr-kmu\",\"https:\\\/\\\/www.xing.com\\\/news\\\/pages\\\/organisator-ch-695\",\"https:\\\/\\\/www.youtube.com\\\/channel\\\/UCGP2Sq0iWaZwT3BdIAQFYpw\"]},{\"@type\":\"Person\",\"@id\":\"https:\\\/\\\/www.organisator.ch\\\/#\\\/schema\\\/person\\\/6f650f90b2842cd4c0cc334b4e36f67e\",\"name\":\"thomas.berner\",\"image\":{\"@type\":\"ImageObject\",\"inLanguage\":\"it-IT\",\"@id\":\"https:\\\/\\\/secure.gravatar.com\\\/avatar\\\/ac5001d2a36cb6c6cd3e50789007ffca834b477b74a2144564522e944eabff61?s=96&d=mm&r=g\",\"url\":\"https:\\\/\\\/secure.gravatar.com\\\/avatar\\\/ac5001d2a36cb6c6cd3e50789007ffca834b477b74a2144564522e944eabff61?s=96&d=mm&r=g\",\"contentUrl\":\"https:\\\/\\\/secure.gravatar.com\\\/avatar\\\/ac5001d2a36cb6c6cd3e50789007ffca834b477b74a2144564522e944eabff61?s=96&d=mm&r=g\",\"caption\":\"thomas.berner\"},\"url\":\"https:\\\/\\\/www.organisator.ch\\\/it\\\/author\\\/thomas-berner\\\/\"}]}<\/script>\n<!-- \/ Yoast SEO plugin. -->","yoast_head_json":{"title":"Magdalena Martullo-Blocher al Forum economico Turgovia 2025 - Organizzatore","description":"Magdalena Martullo-Blocher e Simon Michel, due importanti rappresentanti del mondo economico, parteciperanno al Forum economico della Turgovia.","robots":{"index":"index","follow":"follow","max-snippet":"max-snippet:-1","max-image-preview":"max-image-preview:large","max-video-preview":"max-video-preview:-1"},"canonical":"https:\/\/www.organisator.ch\/it\/gestione-2\/2025-06-19\/magdalena-martullo-blocher-am-wirtschaftsforum-thurgau-2025\/","og_locale":"it_IT","og_type":"article","og_title":"Magdalena Martullo-Blocher am Wirtschaftsforum Thurgau 2025","og_description":"Mit Magdalena Martullo-Blocher und Simon Michel treten zwei prominente Wirtschaftsvertreter am Wirtschaftsforum Thurgau auf.","og_url":"https:\/\/www.organisator.ch\/it\/gestione-2\/2025-06-19\/magdalena-martullo-blocher-am-wirtschaftsforum-thurgau-2025\/","og_site_name":"Organisator","article_publisher":"https:\/\/www.facebook.com\/OrganisatorFachmagazin","article_published_time":"2025-06-19T06:14:48+00:00","og_image":[{"width":680,"height":341,"url":"https:\/\/www.organisator.ch\/wp-content\/uploads\/2025\/06\/Magdalena-Martullo-Blocher-am-Wirtschaftsforum-Thurgau-2025_Organisator.jpg","type":"image\/jpeg"}],"author":"thomas.berner","twitter_card":"summary_large_image","twitter_title":"Magdalena #Martullo-Blocher am #Wirtschaftsforum Thurgau 2025","twitter_description":"Mit Magdalena #Martullo-Blocher und Simon Michel treten zwei prominente Wirtschaftsvertreter am #Wirtschaftsforum #Thurgau auf.","twitter_image":"https:\/\/www.organisator.ch\/wp-content\/uploads\/2025\/06\/Magdalena-Martullo-Blocher-am-Wirtschaftsforum-Thurgau-2025_Organisator.jpg","schema":{"@context":"https:\/\/schema.org","@graph":[{"@type":"Article","@id":"https:\/\/www.organisator.ch\/management\/2025-06-19\/magdalena-martullo-blocher-am-wirtschaftsforum-thurgau-2025\/#article","isPartOf":{"@id":"https:\/\/www.organisator.ch\/management\/2025-06-19\/magdalena-martullo-blocher-am-wirtschaftsforum-thurgau-2025\/"},"author":{"name":"thomas.berner","@id":"https:\/\/www.organisator.ch\/#\/schema\/person\/6f650f90b2842cd4c0cc334b4e36f67e"},"headline":"Magdalena Martullo-Blocher am Wirtschaftsforum Thurgau 2025","datePublished":"2025-06-19T06:14:48+00:00","mainEntityOfPage":{"@id":"https:\/\/www.organisator.ch\/management\/2025-06-19\/magdalena-martullo-blocher-am-wirtschaftsforum-thurgau-2025\/"},"wordCount":288,"publisher":{"@id":"https:\/\/www.organisator.ch\/#organization"},"image":{"@id":"https:\/\/www.organisator.ch\/management\/2025-06-19\/magdalena-martullo-blocher-am-wirtschaftsforum-thurgau-2025\/#primaryimage"},"thumbnailUrl":"https:\/\/www.organisator.ch\/wp-content\/uploads\/2025\/06\/Magdalena-Martullo-Blocher-am-Wirtschaftsforum-Thurgau-2025_Organisator.jpg","keywords":["Management","Veranstaltungen","Wirtschaftsforum","Wirtschaftspolitik"],"articleSection":["MANAGEMENT"],"inLanguage":"it-IT"},{"@type":"WebPage","@id":"https:\/\/www.organisator.ch\/management\/2025-06-19\/magdalena-martullo-blocher-am-wirtschaftsforum-thurgau-2025\/","url":"https:\/\/www.organisator.ch\/management\/2025-06-19\/magdalena-martullo-blocher-am-wirtschaftsforum-thurgau-2025\/","name":"Magdalena Martullo-Blocher al Forum economico Turgovia 2025 - Organizzatore","isPartOf":{"@id":"https:\/\/www.organisator.ch\/#website"},"primaryImageOfPage":{"@id":"https:\/\/www.organisator.ch\/management\/2025-06-19\/magdalena-martullo-blocher-am-wirtschaftsforum-thurgau-2025\/#primaryimage"},"image":{"@id":"https:\/\/www.organisator.ch\/management\/2025-06-19\/magdalena-martullo-blocher-am-wirtschaftsforum-thurgau-2025\/#primaryimage"},"thumbnailUrl":"https:\/\/www.organisator.ch\/wp-content\/uploads\/2025\/06\/Magdalena-Martullo-Blocher-am-Wirtschaftsforum-Thurgau-2025_Organisator.jpg","datePublished":"2025-06-19T06:14:48+00:00","description":"Magdalena Martullo-Blocher e Simon Michel, due importanti rappresentanti del mondo economico, parteciperanno al Forum economico della Turgovia.","breadcrumb":{"@id":"https:\/\/www.organisator.ch\/management\/2025-06-19\/magdalena-martullo-blocher-am-wirtschaftsforum-thurgau-2025\/#breadcrumb"},"inLanguage":"it-IT","potentialAction":[{"@type":"ReadAction","target":["https:\/\/www.organisator.ch\/management\/2025-06-19\/magdalena-martullo-blocher-am-wirtschaftsforum-thurgau-2025\/"]}]},{"@type":"ImageObject","inLanguage":"it-IT","@id":"https:\/\/www.organisator.ch\/management\/2025-06-19\/magdalena-martullo-blocher-am-wirtschaftsforum-thurgau-2025\/#primaryimage","url":"https:\/\/www.organisator.ch\/wp-content\/uploads\/2025\/06\/Magdalena-Martullo-Blocher-am-Wirtschaftsforum-Thurgau-2025_Organisator.jpg","contentUrl":"https:\/\/www.organisator.ch\/wp-content\/uploads\/2025\/06\/Magdalena-Martullo-Blocher-am-Wirtschaftsforum-Thurgau-2025_Organisator.jpg","width":680,"height":341,"caption":"Treten als Talkg\u00e4ste am Wirtschaftsforum Thurgau auf: Magdalena Martullo-Blocher und Simon Michel. (Bilder: zVg)"},{"@type":"BreadcrumbList","@id":"https:\/\/www.organisator.ch\/management\/2025-06-19\/magdalena-martullo-blocher-am-wirtschaftsforum-thurgau-2025\/#breadcrumb","itemListElement":[{"@type":"ListItem","position":1,"name":"Home","item":"https:\/\/www.organisator.ch\/"},{"@type":"ListItem","position":2,"name":"Magdalena Martullo-Blocher am Wirtschaftsforum Thurgau 2025"}]},{"@type":"WebSite","@id":"https:\/\/www.organisator.ch\/#website","url":"https:\/\/www.organisator.ch\/","name":"Organizzatore","description":"Competente. Pratico. In 10 numeri all'anno, ORGANISATOR presenta i temi essenziali per i manager delle PMI.","publisher":{"@id":"https:\/\/www.organisator.ch\/#organization"},"potentialAction":[{"@type":"SearchAction","target":{"@type":"EntryPoint","urlTemplate":"https:\/\/www.organisator.ch\/?s={search_term_string}"},"query-input":{"@type":"PropertyValueSpecification","valueRequired":true,"valueName":"search_term_string"}}],"inLanguage":"it-IT"},{"@type":"Organization","@id":"https:\/\/www.organisator.ch\/#organization","name":"Organizzatore","url":"https:\/\/www.organisator.ch\/","logo":{"@type":"ImageObject","inLanguage":"it-IT","@id":"https:\/\/www.organisator.ch\/#\/schema\/logo\/image\/","url":"https:\/\/www.organisator.ch\/wp-content\/uploads\/2022\/01\/Logo_Organisator_Website.png","contentUrl":"https:\/\/www.organisator.ch\/wp-content\/uploads\/2022\/01\/Logo_Organisator_Website.png","width":800,"height":77,"caption":"Organisator"},"image":{"@id":"https:\/\/www.organisator.ch\/#\/schema\/logo\/image\/"},"sameAs":["https:\/\/www.facebook.com\/OrganisatorFachmagazin","https:\/\/www.linkedin.com\/showcase\/organisator-das-magazin-fr-kmu","https:\/\/www.xing.com\/news\/pages\/organisator-ch-695","https:\/\/www.youtube.com\/channel\/UCGP2Sq0iWaZwT3BdIAQFYpw"]},{"@type":"Person","@id":"https:\/\/www.organisator.ch\/#\/schema\/person\/6f650f90b2842cd4c0cc334b4e36f67e","name":"Tommaso.berner","image":{"@type":"ImageObject","inLanguage":"it-IT","@id":"https:\/\/secure.gravatar.com\/avatar\/ac5001d2a36cb6c6cd3e50789007ffca834b477b74a2144564522e944eabff61?s=96&d=mm&r=g","url":"https:\/\/secure.gravatar.com\/avatar\/ac5001d2a36cb6c6cd3e50789007ffca834b477b74a2144564522e944eabff61?s=96&d=mm&r=g","contentUrl":"https:\/\/secure.gravatar.com\/avatar\/ac5001d2a36cb6c6cd3e50789007ffca834b477b74a2144564522e944eabff61?s=96&d=mm&r=g","caption":"thomas.berner"},"url":"https:\/\/www.organisator.ch\/it\/author\/thomas-berner\/"}]}},"_links":{"self":[{"href":"https:\/\/www.organisator.ch\/it\/wp-json\/wp\/v2\/posts\/39134","targetHints":{"allow":["GET"]}}],"collection":[{"href":"https:\/\/www.organisator.ch\/it\/wp-json\/wp\/v2\/posts"}],"about":[{"href":"https:\/\/www.organisator.ch\/it\/wp-json\/wp\/v2\/types\/post"}],"author":[{"embeddable":true,"href":"https:\/\/www.organisator.ch\/it\/wp-json\/wp\/v2\/users\/4"}],"replies":[{"embeddable":true,"href":"https:\/\/www.organisator.ch\/it\/wp-json\/wp\/v2\/comments?post=39134"}],"version-history":[{"count":3,"href":"https:\/\/www.organisator.ch\/it\/wp-json\/wp\/v2\/posts\/39134\/revisions"}],"predecessor-version":[{"id":39160,"href":"https:\/\/www.organisator.ch\/it\/wp-json\/wp\/v2\/posts\/39134\/revisions\/39160"}],"wp:featuredmedia":[{"embeddable":true,"href":"https:\/\/www.organisator.ch\/it\/wp-json\/wp\/v2\/media\/39135"}],"wp:attachment":[{"href":"https:\/\/www.organisator.ch\/it\/wp-json\/wp\/v2\/media?parent=39134"}],"wp:term":[{"taxonomy":"category","embeddable":true,"href":"https:\/\/www.organisator.ch\/it\/wp-json\/wp\/v2\/categories?post=39134"},{"taxonomy":"post_tag","embeddable":true,"href":"https:\/\/www.organisator.ch\/it\/wp-json\/wp\/v2\/tags?post=39134"}],"curies":[{"name":"wp","href":"https:\/\/api.w.org\/{rel}","templated":true}]}}