{"id":39137,"date":"2025-06-19T09:56:12","date_gmt":"2025-06-19T07:56:12","guid":{"rendered":"https:\/\/www.organisator.ch\/?p=39137"},"modified":"2025-06-19T09:56:12","modified_gmt":"2025-06-19T07:56:12","slug":"erste-foerderrunde-2025-der-klimastiftung-schweiz-unterstuetzt-11-projekte","status":"publish","type":"post","link":"https:\/\/www.organisator.ch\/it\/sustainability\/2025-06-19\/erste-foerderrunde-2025-der-klimastiftung-schweiz-unterstuetzt-11-projekte\/","title":{"rendered":"Il primo round di finanziamento 2025 della Fondazione svizzera per il clima sostiene 11 progetti"},"content":{"rendered":"<figure id=\"attachment_39139\" aria-describedby=\"caption-attachment-39139\" style=\"width: 680px\" class=\"wp-caption alignnone\"><img loading=\"lazy\" decoding=\"async\" class=\"size-full wp-image-39139\" src=\"https:\/\/www.organisator.ch\/wp-content\/uploads\/2025\/06\/Erste-Foerderrunde-2025-der-Klimastiftung-Schweiz-unterstuetzt-11-Projekte_Organisator.png\" alt=\"\" width=\"680\" height=\"354\" srcset=\"https:\/\/www.organisator.ch\/wp-content\/uploads\/2025\/06\/Erste-Foerderrunde-2025-der-Klimastiftung-Schweiz-unterstuetzt-11-Projekte_Organisator.png 680w, https:\/\/www.organisator.ch\/wp-content\/uploads\/2025\/06\/Erste-Foerderrunde-2025-der-Klimastiftung-Schweiz-unterstuetzt-11-Projekte_Organisator-18x9.png 18w, https:\/\/www.organisator.ch\/wp-content\/uploads\/2025\/06\/Erste-Foerderrunde-2025-der-Klimastiftung-Schweiz-unterstuetzt-11-Projekte_Organisator-375x195.png 375w, https:\/\/www.organisator.ch\/wp-content\/uploads\/2025\/06\/Erste-Foerderrunde-2025-der-Klimastiftung-Schweiz-unterstuetzt-11-Projekte_Organisator-672x350.png 672w\" sizes=\"auto, (max-width: 680px) 100vw, 680px\" \/><figcaption id=\"caption-attachment-39139\" class=\"wp-caption-text\">Uno dei progetti sostenuti dalla Fondazione Svizzera per il Clima nel primo round di finanziamento 2025: Una tecnologia di compressione rispettosa del clima di Novaris AG. (Schermata Novaris AG, Hochdorf)<\/figcaption><\/figure>\n<p>L'interesse per la Fondazione Svizzera per il Clima prosegue senza sosta e la qualit\u00e0 delle domande presentate \u00e8 elevata. I comitati della Fondazione Svizzera per il Clima hanno studiato attentamente e deciso in merito alle domande presentate nella prima met\u00e0 del 2025. I progetti sostenuti nella prima tornata di finanziamenti dell'anno comprendono\u00a0<\/p>\n<h3><strong>Da Hochdorf\/LU - aria compressa ecologica per l'industria<\/strong><\/h3>\n<p>Con la tecnologia di compressione ForceCUBE appositamente sviluppata, Novaris AG di Hochdorf\/LU persegue l'obiettivo di rendere obsoleti i compressori a vite tradizionali. La generazione di aria compressa, infatti, \u00e8 uno dei maggiori sprechi di energia nascosti nell'industria. \"Il nostro sviluppo sar\u00e0 in grado di evitare assurde perdite di energia\", sottolinea l'amministratore delegato di Novaris Daniel Bertschi (<a href=\"https:\/\/maxcomm.us12.list-manage.com\/track\/click?u=74090039ecde65db808b5baa9&amp;id=25f9099815&amp;e=2fa6853443\">www.novaris.ch<\/a>)<\/p>\n<h3><strong>Da Ruggell\/FL - laser agricolo per il controllo dei parassiti<\/strong><\/h3>\n<p>I laser hanno un impatto sul clima in agricoltura perch\u00e9 aiutano a ridurre o addirittura a sostituire completamente l'uso di pesticidi chimici. Pantec Biosolutions AG di Ruggell, nel Liechtenstein, sta sviluppando un laser autonomo per il rilevamento e il trattamento dei parassiti. Questo laser pu\u00f2 essere montato su un trattore o su un robot da campo, aprendo opportunit\u00e0 di collaborazione con progetti gi\u00e0 sostenuti dalla Fondazione svizzera per il clima. (<a href=\"https:\/\/maxcomm.us12.list-manage.com\/track\/click?u=74090039ecde65db808b5baa9&amp;id=2af89801ac&amp;e=2fa6853443\">www.pantec-biosolutions.com<\/a>)<\/p>\n<h3><strong>Da M\u00f6riken-Wildegg\/AG - Eliminazione del protossido di azoto negli impianti di trattamento delle acque reflue <\/strong><\/h3>\n<p>Gli impianti di trattamento delle acque reflue devono ridurre efficacemente l'immissione di composti azotati nei corpi idrici. I processi attualmente preferiti possono portare al rilascio di protossido di azoto (N\u2082O), altamente dannoso per il clima. \u00c8 qui che entra in gioco la tecnologia di Bituga GmbH: Grazie alla combinazione mirata di processi esistenti e allo sviluppo di componenti adeguati, il protossido di azoto proveniente dai flussi d'aria di processo inquinati viene scomposto in modo affidabile nei suoi componenti azoto e ossigeno, neutri per il clima. (<a href=\"https:\/\/maxcomm.us12.list-manage.com\/track\/click?u=74090039ecde65db808b5baa9&amp;id=f507353903&amp;e=2fa6853443\">www.bituga.ch<\/a>)<\/p>\n<h3><strong>Da Biel\/BE - La tecnologia di pressatura modella il legno con la stessa efficienza della plastica<\/strong><\/h3>\n<p>La tecnologia di pressatura \u00e8 un processo con cui il legno pu\u00f2 essere stampato ad alta velocit\u00e0 e a costi paragonabili a quelli dello stampaggio a iniezione o della punzonatura della plastica. L'azienda Creaholic AG, con sede a Bienne, offre cos\u00ec un'alternativa sostenibile a un gran numero di prodotti a base di plastica. L'eco-bilancio pu\u00f2 essere fino a nove volte migliore e, date le grandi quantit\u00e0 di prodotto, il potenziale di riduzione dell'impronta di carbonio \u00e8 notevole. (<a href=\"https:\/\/maxcomm.us12.list-manage.com\/track\/click?u=74090039ecde65db808b5baa9&amp;id=d3e55ceffc&amp;e=2fa6853443\">www.creaholic.com<\/a>)<\/p>\n<h3><strong>Da Au\/ZH - Pannelli leggeri prefabbricati per la ristrutturazione ad alta efficienza energetica degli edifici<\/strong><\/h3>\n<p>Con la nuova tecnologia di prefabbricazione di Aeroskin Tech di Au\/ZH, un numero significativamente maggiore di vecchi edifici in Svizzera potrebbe essere ristrutturato per renderli pi\u00f9 efficienti dal punto di vista energetico. La tecnologia riduce la quantit\u00e0 di manodopera necessaria in cantiere. Il sistema di facciata leggero e multistrato \u00e8 particolarmente adatto e viene personalizzato per ogni edificio. Riduce i costi di ristrutturazione e accorcia i tempi di ristrutturazione. (<a href=\"https:\/\/maxcomm.us12.list-manage.com\/track\/click?u=74090039ecde65db808b5baa9&amp;id=6dd1e8f725&amp;e=2fa6853443\">www.aeroskintech.com<\/a>)<\/p>\n<p>Anche le tecnologie e i progetti delle seguenti PMI saranno sostenuti nel primo ciclo di finanziamenti 2025:<\/p>\n<ul>\n<li>da Gerlafingen\/SO, societ\u00e0 Neosys<\/li>\n<li>da Sion\/VS, azienda WattAnyWhere<\/li>\n<li>da Stettlen\/BE, azienda svizzera Clinx<\/li>\n<li>da San Gallo\/SG, azienda Ionic Wind<\/li>\n<li>da Wallisellen\/ZH, compagnia Simple Train<\/li>\n<li>da Zurigo, azienda Recoal<\/li>\n<\/ul>\n<h3><strong>Il prossimo termine di presentazione scade il 1\u00b0 settembre<\/strong><\/h3>\n<p>Il fatto che il finanziamento da parte della Fondazione Svizzera per il Clima possa essere utile per la PMI proponente \u00e8 dimostrato dai risultati del <a href=\"https:\/\/www.organisator.ch\/de\/sustainability\/2025-04-29\/projekte-der-klimastiftung-schweiz-zeigen-wirkung\/\">Misurazione dell'impatto 2024<\/a>. 40% delle innovazioni sostenute finora sono state lanciate con successo sul mercato. Pi\u00f9 della met\u00e0 dei progetti sostenuti provengono dai settori della produzione di energia, dell'edilizia e delle costruzioni, nonch\u00e9 dell'alimentazione e dell'agricoltura.<\/p>\n<p>La Fondazione Svizzera per il Clima decide sulle richieste di finanziamento presentate due volte l'anno, in primavera e in autunno. Il prossimo termine di presentazione \u00e8 il 1\u00b0 settembre 2025.<\/p>\n<p><em>Ulteriori informazioni: <a href=\"https:\/\/www.klimastiftung.ch\/de\/\">Fondazione per il clima Svizzera<\/a><\/em><\/p>","protected":false},"excerpt":{"rendered":"<p>Nel primo ciclo di finanziamenti 2025, la Fondazione Svizzera per il Clima sostiene undici progetti particolarmente efficaci per il clima di piccole e medie imprese (PMI) della Svizzera e del Liechtenstein con un totale di oltre 1,4 milioni di franchi svizzeri. I progetti sovvenzionati dimostrano in modo impressionante come l'innovazione imprenditoriale contribuisca alla riduzione delle emissioni di CO\u2082. <\/p>","protected":false},"author":4,"featured_media":39139,"comment_status":"closed","ping_status":"closed","sticky":false,"template":"","format":"standard","meta":{"_acf_changed":false,"_yoast_wpseo_focuskw":"F\u00f6rderrunde","_yoast_wpseo_metadesc":"Die Klimastiftung Schweiz unterst\u00fctzt in der ersten F\u00f6rderrunde 2025 elf besonders klimawirksame Projekte von KMU.","articlekey":"","footnotes":""},"categories":[580],"tags":[274,1525,358,2707],"class_list":["post-39137","post","type-post","status-publish","format-standard","has-post-thumbnail","hentry","category-sustainability","tag-innovation","tag-klimastiftung","tag-nachhaltige-wirtschaft","tag-wirtschaftsfoerderung"],"acf":[],"yoast_head":"<!-- This site is optimized with the Yoast SEO plugin v27.5 - https:\/\/yoast.com\/product\/yoast-seo-wordpress\/ -->\n<title>Erste F\u00f6rderrunde 2025 der Klimastiftung Schweiz unterst\u00fctzt 11 Projekte - Organisator<\/title>\n<meta name=\"description\" content=\"Die Klimastiftung Schweiz unterst\u00fctzt in der ersten F\u00f6rderrunde 2025 elf besonders klimawirksame Projekte von KMU.\" \/>\n<meta name=\"robots\" content=\"index, follow, max-snippet:-1, max-image-preview:large, max-video-preview:-1\" \/>\n<link rel=\"canonical\" href=\"https:\/\/www.organisator.ch\/it\/sostenibilita\/2025-06-19\/erste-foerderrunde-2025-der-klimastiftung-schweiz-unterstuetzt-11-projekte\/\" \/>\n<meta property=\"og:locale\" content=\"it_IT\" \/>\n<meta property=\"og:type\" content=\"article\" \/>\n<meta property=\"og:title\" content=\"Erste F\u00f6rderrunde 2025 der Klimastiftung Schweiz unterst\u00fctzt 11 Projekte\" \/>\n<meta property=\"og:description\" content=\"Die Klimastiftung Schweiz unterst\u00fctzt in der ersten F\u00f6rderrunde 2025 elf besonders klimawirksame Projekte von KMU.\" \/>\n<meta property=\"og:url\" content=\"https:\/\/www.organisator.ch\/it\/sostenibilita\/2025-06-19\/erste-foerderrunde-2025-der-klimastiftung-schweiz-unterstuetzt-11-projekte\/\" \/>\n<meta property=\"og:site_name\" content=\"Organisator\" \/>\n<meta property=\"article:publisher\" content=\"https:\/\/www.facebook.com\/OrganisatorFachmagazin\" \/>\n<meta property=\"article:published_time\" content=\"2025-06-19T07:56:12+00:00\" \/>\n<meta property=\"og:image\" content=\"https:\/\/www.organisator.ch\/wp-content\/uploads\/2025\/06\/Erste-Foerderrunde-2025-der-Klimastiftung-Schweiz-unterstuetzt-11-Projekte_Organisator.png\" \/>\n\t<meta property=\"og:image:width\" content=\"680\" \/>\n\t<meta property=\"og:image:height\" content=\"354\" \/>\n\t<meta property=\"og:image:type\" content=\"image\/png\" \/>\n<meta name=\"author\" content=\"thomas.berner\" \/>\n<meta name=\"twitter:card\" content=\"summary_large_image\" \/>\n<meta name=\"twitter:title\" content=\"Erste #F\u00f6rderrunde 2025 der #Klimastiftung Schweiz unterst\u00fctzt 11 Projekte\" \/>\n<meta name=\"twitter:description\" content=\"Die #Klimastiftung Schweiz unterst\u00fctzt in der ersten F\u00f6rderrunde 2025 elf besonders klimawirksame Projekte von KMU.\" \/>\n<meta name=\"twitter:image\" content=\"https:\/\/www.organisator.ch\/wp-content\/uploads\/2025\/06\/Erste-Foerderrunde-2025-der-Klimastiftung-Schweiz-unterstuetzt-11-Projekte_Organisator.png\" \/>\n<script type=\"application\/ld+json\" class=\"yoast-schema-graph\">{\"@context\":\"https:\\\/\\\/schema.org\",\"@graph\":[{\"@type\":\"Article\",\"@id\":\"https:\\\/\\\/www.organisator.ch\\\/sustainability\\\/2025-06-19\\\/erste-foerderrunde-2025-der-klimastiftung-schweiz-unterstuetzt-11-projekte\\\/#article\",\"isPartOf\":{\"@id\":\"https:\\\/\\\/www.organisator.ch\\\/sustainability\\\/2025-06-19\\\/erste-foerderrunde-2025-der-klimastiftung-schweiz-unterstuetzt-11-projekte\\\/\"},\"author\":{\"name\":\"thomas.berner\",\"@id\":\"https:\\\/\\\/www.organisator.ch\\\/#\\\/schema\\\/person\\\/6f650f90b2842cd4c0cc334b4e36f67e\"},\"headline\":\"Erste F\u00f6rderrunde 2025 der Klimastiftung Schweiz unterst\u00fctzt 11 Projekte\",\"datePublished\":\"2025-06-19T07:56:12+00:00\",\"mainEntityOfPage\":{\"@id\":\"https:\\\/\\\/www.organisator.ch\\\/sustainability\\\/2025-06-19\\\/erste-foerderrunde-2025-der-klimastiftung-schweiz-unterstuetzt-11-projekte\\\/\"},\"wordCount\":595,\"publisher\":{\"@id\":\"https:\\\/\\\/www.organisator.ch\\\/#organization\"},\"image\":{\"@id\":\"https:\\\/\\\/www.organisator.ch\\\/sustainability\\\/2025-06-19\\\/erste-foerderrunde-2025-der-klimastiftung-schweiz-unterstuetzt-11-projekte\\\/#primaryimage\"},\"thumbnailUrl\":\"https:\\\/\\\/www.organisator.ch\\\/wp-content\\\/uploads\\\/2025\\\/06\\\/Erste-Foerderrunde-2025-der-Klimastiftung-Schweiz-unterstuetzt-11-Projekte_Organisator.png\",\"keywords\":[\"Innovation\",\"Klimastiftung\",\"Nachhaltige Wirtschaft\",\"Wirtschaftsf\u00f6rderung\"],\"articleSection\":[\"SUSTAINABILITY\"],\"inLanguage\":\"it-IT\"},{\"@type\":\"WebPage\",\"@id\":\"https:\\\/\\\/www.organisator.ch\\\/sustainability\\\/2025-06-19\\\/erste-foerderrunde-2025-der-klimastiftung-schweiz-unterstuetzt-11-projekte\\\/\",\"url\":\"https:\\\/\\\/www.organisator.ch\\\/sustainability\\\/2025-06-19\\\/erste-foerderrunde-2025-der-klimastiftung-schweiz-unterstuetzt-11-projekte\\\/\",\"name\":\"Erste F\u00f6rderrunde 2025 der Klimastiftung Schweiz unterst\u00fctzt 11 Projekte - Organisator\",\"isPartOf\":{\"@id\":\"https:\\\/\\\/www.organisator.ch\\\/#website\"},\"primaryImageOfPage\":{\"@id\":\"https:\\\/\\\/www.organisator.ch\\\/sustainability\\\/2025-06-19\\\/erste-foerderrunde-2025-der-klimastiftung-schweiz-unterstuetzt-11-projekte\\\/#primaryimage\"},\"image\":{\"@id\":\"https:\\\/\\\/www.organisator.ch\\\/sustainability\\\/2025-06-19\\\/erste-foerderrunde-2025-der-klimastiftung-schweiz-unterstuetzt-11-projekte\\\/#primaryimage\"},\"thumbnailUrl\":\"https:\\\/\\\/www.organisator.ch\\\/wp-content\\\/uploads\\\/2025\\\/06\\\/Erste-Foerderrunde-2025-der-Klimastiftung-Schweiz-unterstuetzt-11-Projekte_Organisator.png\",\"datePublished\":\"2025-06-19T07:56:12+00:00\",\"description\":\"Die Klimastiftung Schweiz unterst\u00fctzt in der ersten F\u00f6rderrunde 2025 elf besonders klimawirksame Projekte von KMU.\",\"breadcrumb\":{\"@id\":\"https:\\\/\\\/www.organisator.ch\\\/sustainability\\\/2025-06-19\\\/erste-foerderrunde-2025-der-klimastiftung-schweiz-unterstuetzt-11-projekte\\\/#breadcrumb\"},\"inLanguage\":\"it-IT\",\"potentialAction\":[{\"@type\":\"ReadAction\",\"target\":[\"https:\\\/\\\/www.organisator.ch\\\/sustainability\\\/2025-06-19\\\/erste-foerderrunde-2025-der-klimastiftung-schweiz-unterstuetzt-11-projekte\\\/\"]}]},{\"@type\":\"ImageObject\",\"inLanguage\":\"it-IT\",\"@id\":\"https:\\\/\\\/www.organisator.ch\\\/sustainability\\\/2025-06-19\\\/erste-foerderrunde-2025-der-klimastiftung-schweiz-unterstuetzt-11-projekte\\\/#primaryimage\",\"url\":\"https:\\\/\\\/www.organisator.ch\\\/wp-content\\\/uploads\\\/2025\\\/06\\\/Erste-Foerderrunde-2025-der-Klimastiftung-Schweiz-unterstuetzt-11-Projekte_Organisator.png\",\"contentUrl\":\"https:\\\/\\\/www.organisator.ch\\\/wp-content\\\/uploads\\\/2025\\\/06\\\/Erste-Foerderrunde-2025-der-Klimastiftung-Schweiz-unterstuetzt-11-Projekte_Organisator.png\",\"width\":680,\"height\":354,\"caption\":\"Eines der in der ersten F\u00f6rderrunde 2025 von der Klimastiftung Schweiz unterst\u00fctzte Projekte: Eine klimafreundliche Kompressionstechnologie von Novaris AG. (Bild: Novaris AG, Hochdorf)\"},{\"@type\":\"BreadcrumbList\",\"@id\":\"https:\\\/\\\/www.organisator.ch\\\/sustainability\\\/2025-06-19\\\/erste-foerderrunde-2025-der-klimastiftung-schweiz-unterstuetzt-11-projekte\\\/#breadcrumb\",\"itemListElement\":[{\"@type\":\"ListItem\",\"position\":1,\"name\":\"Home\",\"item\":\"https:\\\/\\\/www.organisator.ch\\\/\"},{\"@type\":\"ListItem\",\"position\":2,\"name\":\"Erste F\u00f6rderrunde 2025 der Klimastiftung Schweiz unterst\u00fctzt 11 Projekte\"}]},{\"@type\":\"WebSite\",\"@id\":\"https:\\\/\\\/www.organisator.ch\\\/#website\",\"url\":\"https:\\\/\\\/www.organisator.ch\\\/\",\"name\":\"Organisator\",\"description\":\"Kompetent. Praxisnah. Der ORGANISATOR bereitet in 10 Ausgaben pro Jahr die wesentlichen Themen f\u00fcr F\u00fchrungskr\u00e4fte von KMU auf.\",\"publisher\":{\"@id\":\"https:\\\/\\\/www.organisator.ch\\\/#organization\"},\"potentialAction\":[{\"@type\":\"SearchAction\",\"target\":{\"@type\":\"EntryPoint\",\"urlTemplate\":\"https:\\\/\\\/www.organisator.ch\\\/?s={search_term_string}\"},\"query-input\":{\"@type\":\"PropertyValueSpecification\",\"valueRequired\":true,\"valueName\":\"search_term_string\"}}],\"inLanguage\":\"it-IT\"},{\"@type\":\"Organization\",\"@id\":\"https:\\\/\\\/www.organisator.ch\\\/#organization\",\"name\":\"Organisator\",\"url\":\"https:\\\/\\\/www.organisator.ch\\\/\",\"logo\":{\"@type\":\"ImageObject\",\"inLanguage\":\"it-IT\",\"@id\":\"https:\\\/\\\/www.organisator.ch\\\/#\\\/schema\\\/logo\\\/image\\\/\",\"url\":\"https:\\\/\\\/www.organisator.ch\\\/wp-content\\\/uploads\\\/2022\\\/01\\\/Logo_Organisator_Website.png\",\"contentUrl\":\"https:\\\/\\\/www.organisator.ch\\\/wp-content\\\/uploads\\\/2022\\\/01\\\/Logo_Organisator_Website.png\",\"width\":800,\"height\":77,\"caption\":\"Organisator\"},\"image\":{\"@id\":\"https:\\\/\\\/www.organisator.ch\\\/#\\\/schema\\\/logo\\\/image\\\/\"},\"sameAs\":[\"https:\\\/\\\/www.facebook.com\\\/OrganisatorFachmagazin\",\"https:\\\/\\\/www.linkedin.com\\\/showcase\\\/organisator-das-magazin-fr-kmu\",\"https:\\\/\\\/www.xing.com\\\/news\\\/pages\\\/organisator-ch-695\",\"https:\\\/\\\/www.youtube.com\\\/channel\\\/UCGP2Sq0iWaZwT3BdIAQFYpw\"]},{\"@type\":\"Person\",\"@id\":\"https:\\\/\\\/www.organisator.ch\\\/#\\\/schema\\\/person\\\/6f650f90b2842cd4c0cc334b4e36f67e\",\"name\":\"thomas.berner\",\"image\":{\"@type\":\"ImageObject\",\"inLanguage\":\"it-IT\",\"@id\":\"https:\\\/\\\/secure.gravatar.com\\\/avatar\\\/ac5001d2a36cb6c6cd3e50789007ffca834b477b74a2144564522e944eabff61?s=96&d=mm&r=g\",\"url\":\"https:\\\/\\\/secure.gravatar.com\\\/avatar\\\/ac5001d2a36cb6c6cd3e50789007ffca834b477b74a2144564522e944eabff61?s=96&d=mm&r=g\",\"contentUrl\":\"https:\\\/\\\/secure.gravatar.com\\\/avatar\\\/ac5001d2a36cb6c6cd3e50789007ffca834b477b74a2144564522e944eabff61?s=96&d=mm&r=g\",\"caption\":\"thomas.berner\"},\"url\":\"https:\\\/\\\/www.organisator.ch\\\/it\\\/author\\\/thomas-berner\\\/\"}]}<\/script>\n<!-- \/ Yoast SEO plugin. -->","yoast_head_json":{"title":"Il primo round di finanziamento 2025 della Fondazione svizzera per il clima sostiene 11 progetti - Organizzatore","description":"La Fondazione Svizzera per il Clima sostiene undici progetti di PMI particolarmente efficaci per il clima nel primo ciclo di finanziamenti 2025.","robots":{"index":"index","follow":"follow","max-snippet":"max-snippet:-1","max-image-preview":"max-image-preview:large","max-video-preview":"max-video-preview:-1"},"canonical":"https:\/\/www.organisator.ch\/it\/sostenibilita\/2025-06-19\/erste-foerderrunde-2025-der-klimastiftung-schweiz-unterstuetzt-11-projekte\/","og_locale":"it_IT","og_type":"article","og_title":"Erste F\u00f6rderrunde 2025 der Klimastiftung Schweiz unterst\u00fctzt 11 Projekte","og_description":"Die Klimastiftung Schweiz unterst\u00fctzt in der ersten F\u00f6rderrunde 2025 elf besonders klimawirksame Projekte von KMU.","og_url":"https:\/\/www.organisator.ch\/it\/sostenibilita\/2025-06-19\/erste-foerderrunde-2025-der-klimastiftung-schweiz-unterstuetzt-11-projekte\/","og_site_name":"Organisator","article_publisher":"https:\/\/www.facebook.com\/OrganisatorFachmagazin","article_published_time":"2025-06-19T07:56:12+00:00","og_image":[{"width":680,"height":354,"url":"https:\/\/www.organisator.ch\/wp-content\/uploads\/2025\/06\/Erste-Foerderrunde-2025-der-Klimastiftung-Schweiz-unterstuetzt-11-Projekte_Organisator.png","type":"image\/png"}],"author":"thomas.berner","twitter_card":"summary_large_image","twitter_title":"Erste #F\u00f6rderrunde 2025 der #Klimastiftung Schweiz unterst\u00fctzt 11 Projekte","twitter_description":"Die #Klimastiftung Schweiz unterst\u00fctzt in der ersten F\u00f6rderrunde 2025 elf besonders klimawirksame Projekte von KMU.","twitter_image":"https:\/\/www.organisator.ch\/wp-content\/uploads\/2025\/06\/Erste-Foerderrunde-2025-der-Klimastiftung-Schweiz-unterstuetzt-11-Projekte_Organisator.png","schema":{"@context":"https:\/\/schema.org","@graph":[{"@type":"Article","@id":"https:\/\/www.organisator.ch\/sustainability\/2025-06-19\/erste-foerderrunde-2025-der-klimastiftung-schweiz-unterstuetzt-11-projekte\/#article","isPartOf":{"@id":"https:\/\/www.organisator.ch\/sustainability\/2025-06-19\/erste-foerderrunde-2025-der-klimastiftung-schweiz-unterstuetzt-11-projekte\/"},"author":{"name":"thomas.berner","@id":"https:\/\/www.organisator.ch\/#\/schema\/person\/6f650f90b2842cd4c0cc334b4e36f67e"},"headline":"Erste F\u00f6rderrunde 2025 der Klimastiftung Schweiz unterst\u00fctzt 11 Projekte","datePublished":"2025-06-19T07:56:12+00:00","mainEntityOfPage":{"@id":"https:\/\/www.organisator.ch\/sustainability\/2025-06-19\/erste-foerderrunde-2025-der-klimastiftung-schweiz-unterstuetzt-11-projekte\/"},"wordCount":595,"publisher":{"@id":"https:\/\/www.organisator.ch\/#organization"},"image":{"@id":"https:\/\/www.organisator.ch\/sustainability\/2025-06-19\/erste-foerderrunde-2025-der-klimastiftung-schweiz-unterstuetzt-11-projekte\/#primaryimage"},"thumbnailUrl":"https:\/\/www.organisator.ch\/wp-content\/uploads\/2025\/06\/Erste-Foerderrunde-2025-der-Klimastiftung-Schweiz-unterstuetzt-11-Projekte_Organisator.png","keywords":["Innovation","Klimastiftung","Nachhaltige Wirtschaft","Wirtschaftsf\u00f6rderung"],"articleSection":["SUSTAINABILITY"],"inLanguage":"it-IT"},{"@type":"WebPage","@id":"https:\/\/www.organisator.ch\/sustainability\/2025-06-19\/erste-foerderrunde-2025-der-klimastiftung-schweiz-unterstuetzt-11-projekte\/","url":"https:\/\/www.organisator.ch\/sustainability\/2025-06-19\/erste-foerderrunde-2025-der-klimastiftung-schweiz-unterstuetzt-11-projekte\/","name":"Il primo round di finanziamento 2025 della Fondazione svizzera per il clima sostiene 11 progetti - Organizzatore","isPartOf":{"@id":"https:\/\/www.organisator.ch\/#website"},"primaryImageOfPage":{"@id":"https:\/\/www.organisator.ch\/sustainability\/2025-06-19\/erste-foerderrunde-2025-der-klimastiftung-schweiz-unterstuetzt-11-projekte\/#primaryimage"},"image":{"@id":"https:\/\/www.organisator.ch\/sustainability\/2025-06-19\/erste-foerderrunde-2025-der-klimastiftung-schweiz-unterstuetzt-11-projekte\/#primaryimage"},"thumbnailUrl":"https:\/\/www.organisator.ch\/wp-content\/uploads\/2025\/06\/Erste-Foerderrunde-2025-der-Klimastiftung-Schweiz-unterstuetzt-11-Projekte_Organisator.png","datePublished":"2025-06-19T07:56:12+00:00","description":"La Fondazione Svizzera per il Clima sostiene undici progetti di PMI particolarmente efficaci per il clima nel primo ciclo di finanziamenti 2025.","breadcrumb":{"@id":"https:\/\/www.organisator.ch\/sustainability\/2025-06-19\/erste-foerderrunde-2025-der-klimastiftung-schweiz-unterstuetzt-11-projekte\/#breadcrumb"},"inLanguage":"it-IT","potentialAction":[{"@type":"ReadAction","target":["https:\/\/www.organisator.ch\/sustainability\/2025-06-19\/erste-foerderrunde-2025-der-klimastiftung-schweiz-unterstuetzt-11-projekte\/"]}]},{"@type":"ImageObject","inLanguage":"it-IT","@id":"https:\/\/www.organisator.ch\/sustainability\/2025-06-19\/erste-foerderrunde-2025-der-klimastiftung-schweiz-unterstuetzt-11-projekte\/#primaryimage","url":"https:\/\/www.organisator.ch\/wp-content\/uploads\/2025\/06\/Erste-Foerderrunde-2025-der-Klimastiftung-Schweiz-unterstuetzt-11-Projekte_Organisator.png","contentUrl":"https:\/\/www.organisator.ch\/wp-content\/uploads\/2025\/06\/Erste-Foerderrunde-2025-der-Klimastiftung-Schweiz-unterstuetzt-11-Projekte_Organisator.png","width":680,"height":354,"caption":"Eines der in der ersten F\u00f6rderrunde 2025 von der Klimastiftung Schweiz unterst\u00fctzte Projekte: Eine klimafreundliche Kompressionstechnologie von Novaris AG. (Bild: Novaris AG, Hochdorf)"},{"@type":"BreadcrumbList","@id":"https:\/\/www.organisator.ch\/sustainability\/2025-06-19\/erste-foerderrunde-2025-der-klimastiftung-schweiz-unterstuetzt-11-projekte\/#breadcrumb","itemListElement":[{"@type":"ListItem","position":1,"name":"Home","item":"https:\/\/www.organisator.ch\/"},{"@type":"ListItem","position":2,"name":"Erste F\u00f6rderrunde 2025 der Klimastiftung Schweiz unterst\u00fctzt 11 Projekte"}]},{"@type":"WebSite","@id":"https:\/\/www.organisator.ch\/#website","url":"https:\/\/www.organisator.ch\/","name":"Organizzatore","description":"Competente. Pratico. In 10 numeri all'anno, ORGANISATOR presenta i temi essenziali per i manager delle PMI.","publisher":{"@id":"https:\/\/www.organisator.ch\/#organization"},"potentialAction":[{"@type":"SearchAction","target":{"@type":"EntryPoint","urlTemplate":"https:\/\/www.organisator.ch\/?s={search_term_string}"},"query-input":{"@type":"PropertyValueSpecification","valueRequired":true,"valueName":"search_term_string"}}],"inLanguage":"it-IT"},{"@type":"Organization","@id":"https:\/\/www.organisator.ch\/#organization","name":"Organizzatore","url":"https:\/\/www.organisator.ch\/","logo":{"@type":"ImageObject","inLanguage":"it-IT","@id":"https:\/\/www.organisator.ch\/#\/schema\/logo\/image\/","url":"https:\/\/www.organisator.ch\/wp-content\/uploads\/2022\/01\/Logo_Organisator_Website.png","contentUrl":"https:\/\/www.organisator.ch\/wp-content\/uploads\/2022\/01\/Logo_Organisator_Website.png","width":800,"height":77,"caption":"Organisator"},"image":{"@id":"https:\/\/www.organisator.ch\/#\/schema\/logo\/image\/"},"sameAs":["https:\/\/www.facebook.com\/OrganisatorFachmagazin","https:\/\/www.linkedin.com\/showcase\/organisator-das-magazin-fr-kmu","https:\/\/www.xing.com\/news\/pages\/organisator-ch-695","https:\/\/www.youtube.com\/channel\/UCGP2Sq0iWaZwT3BdIAQFYpw"]},{"@type":"Person","@id":"https:\/\/www.organisator.ch\/#\/schema\/person\/6f650f90b2842cd4c0cc334b4e36f67e","name":"Tommaso.berner","image":{"@type":"ImageObject","inLanguage":"it-IT","@id":"https:\/\/secure.gravatar.com\/avatar\/ac5001d2a36cb6c6cd3e50789007ffca834b477b74a2144564522e944eabff61?s=96&d=mm&r=g","url":"https:\/\/secure.gravatar.com\/avatar\/ac5001d2a36cb6c6cd3e50789007ffca834b477b74a2144564522e944eabff61?s=96&d=mm&r=g","contentUrl":"https:\/\/secure.gravatar.com\/avatar\/ac5001d2a36cb6c6cd3e50789007ffca834b477b74a2144564522e944eabff61?s=96&d=mm&r=g","caption":"thomas.berner"},"url":"https:\/\/www.organisator.ch\/it\/author\/thomas-berner\/"}]}},"_links":{"self":[{"href":"https:\/\/www.organisator.ch\/it\/wp-json\/wp\/v2\/posts\/39137","targetHints":{"allow":["GET"]}}],"collection":[{"href":"https:\/\/www.organisator.ch\/it\/wp-json\/wp\/v2\/posts"}],"about":[{"href":"https:\/\/www.organisator.ch\/it\/wp-json\/wp\/v2\/types\/post"}],"author":[{"embeddable":true,"href":"https:\/\/www.organisator.ch\/it\/wp-json\/wp\/v2\/users\/4"}],"replies":[{"embeddable":true,"href":"https:\/\/www.organisator.ch\/it\/wp-json\/wp\/v2\/comments?post=39137"}],"version-history":[{"count":3,"href":"https:\/\/www.organisator.ch\/it\/wp-json\/wp\/v2\/posts\/39137\/revisions"}],"predecessor-version":[{"id":39159,"href":"https:\/\/www.organisator.ch\/it\/wp-json\/wp\/v2\/posts\/39137\/revisions\/39159"}],"wp:featuredmedia":[{"embeddable":true,"href":"https:\/\/www.organisator.ch\/it\/wp-json\/wp\/v2\/media\/39139"}],"wp:attachment":[{"href":"https:\/\/www.organisator.ch\/it\/wp-json\/wp\/v2\/media?parent=39137"}],"wp:term":[{"taxonomy":"category","embeddable":true,"href":"https:\/\/www.organisator.ch\/it\/wp-json\/wp\/v2\/categories?post=39137"},{"taxonomy":"post_tag","embeddable":true,"href":"https:\/\/www.organisator.ch\/it\/wp-json\/wp\/v2\/tags?post=39137"}],"curies":[{"name":"wp","href":"https:\/\/api.w.org\/{rel}","templated":true}]}}