{"id":39148,"date":"2025-06-20T07:40:51","date_gmt":"2025-06-20T05:40:51","guid":{"rendered":"https:\/\/www.m-q.ch\/?p=21613"},"modified":"2025-06-20T07:37:50","modified_gmt":"2025-06-20T05:37:50","slug":"wieder-gold-rating-von-ecovadis-fuer-iss-schweiz","status":"publish","type":"post","link":"https:\/\/www.organisator.ch\/it\/sustainability\/2025-06-20\/wieder-gold-rating-von-ecovadis-fuer-iss-schweiz\/","title":{"rendered":"Ancora una valutazione d'oro da parte di Ecovadis per ISS Svizzera"},"content":{"rendered":"<figure id=\"attachment_21614\" class=\"wp-caption alignnone\" style=\"width: 680px;\" aria-describedby=\"caption-attachment-21614\"><img class=\"size-full wp-image-21614\" src=\"https:\/\/www.m-q.ch\/wp-content\/uploads\/2025\/06\/Wieder-Gold-Rating-von-Ecovadis-fuer-ISS-Schweiz_MQ.png\" sizes=\"(max-width: 680px) 100vw, 680px\" srcset=\"https:\/\/www.m-q.ch\/wp-content\/uploads\/2025\/06\/Wieder-Gold-Rating-von-Ecovadis-fuer-ISS-Schweiz_MQ.png 680w, https:\/\/www.m-q.ch\/wp-content\/uploads\/2025\/06\/Wieder-Gold-Rating-von-Ecovadis-fuer-ISS-Schweiz_MQ-18x10.png 18w, https:\/\/www.m-q.ch\/wp-content\/uploads\/2025\/06\/Wieder-Gold-Rating-von-Ecovadis-fuer-ISS-Schweiz_MQ-375x211.png 375w, https:\/\/www.m-q.ch\/wp-content\/uploads\/2025\/06\/Wieder-Gold-Rating-von-Ecovadis-fuer-ISS-Schweiz_MQ-621x350.png 621w\" alt=\"\" width=\"680\" height=\"383\" \/>\r\n<figcaption id=\"caption-attachment-21614\" class=\"wp-caption-text\">ISS Svizzera riceve un rating d'oro da EcoVadis - ed \u00e8 una delle aziende pi\u00f9 sostenibili al mondo. (Immagine: zVg \/ ISS Svizzera)<\/figcaption>\r\n<\/figure>\r\n<p>La valutazione di EcoVadis - una delle principali piattaforme indipendenti per la valutazione della sostenibilit\u00e0 - si basa su 21 criteri in materia di ambiente, lavoro e diritti umani, etica e acquisti sostenibili.<\/p>\r\n<h3>Ulteriori miglioramenti<\/h3>\r\n<p>Nelle aree ambiente (+4 punti), etica (+2) e acquisti sostenibili (+3), ISS Svizzera \u00e8 riuscita a migliorare ulteriormente rispetto all'anno precedente. Particolarmente apprezzata \u00e8 la valutazione separata della \"Gestione delle emissioni di carbonio\" al livello pi\u00f9 alto \"Leader\", un punteggio che le aziende con una gestione completa delle emissioni di CO\u2082 e un ancoraggio strategico degli obiettivi ricevono per le categorie climatiche Scope 1, 2 e 3.<\/p>\r\n<p>\"Dopo il <a href=\"https:\/\/www.m-q.ch\/de\/iss-schweiz-von-ecovadis-mit-platin-ausgezeichnet\/\">il premio di platino dell'anno scorso<\/a> Questo risultato \u00e8 la prova dell'ulteriore sviluppo della nostra gestione della sostenibilit\u00e0 e della nostra aspirazione a implementare soluzioni efficaci insieme ai nostri dipendenti e per i nostri clienti\", afferma Marc Amstutz, Responsabile Sostenibilit\u00e0 e Ambiente di ISS Svizzera. Poich\u00e9 EcoVadis rende sempre pi\u00f9 severi i criteri e i valori soglia, il premio d'oro di quest'anno sottolinea anche il costante impegno di ISS Svizzera nei confronti della sostenibilit\u00e0, come si legge in un comunicato stampa.<\/p>\r\n<h3>ISS Svizzera: \"Un forte partner per la sostenibilit\u00e0<\/h3>\r\n<p>Secondo ISS Svizzera, il suo obiettivo \u00e8 quello di raggiungere un livello netto di emissioni di CO<sub>2<\/sub>-emissioni nelle attivit\u00e0 commerciali dirette e lungo l'intera catena del valore entro il 2040. Questo impegno si riflette anche nelle operazioni quotidiane presso i clienti. \"La nostra strategia di sostenibilit\u00e0 \u00e8 efficace quando diventa tangibile anche per i nostri clienti, sotto forma di attivit\u00e0 misurabili di riduzione delle emissioni di CO\u2082, servizi intelligenti e uso efficiente delle risorse nel percorso verso la neutralit\u00e0 climatica\", sottolinea Amstutz.<\/p>\r\n<p>ISS Svizzera rimane quindi un forte partner per la sostenibilit\u00e0, sia internamente che esternamente, e sottolinea il suo ruolo di promotore di servizi di facility e soluzioni immobiliari sostenibili e responsabili in Svizzera.<\/p>\r\n<p><em>Fonte: <a href=\"http:\/\/www.iss.ch\/\">ISS Svizzera<\/a><\/em><\/p>\n<p class=\"syndicated-attribution\">Questo articolo \u00e8 apparso originariamente su m-q.ch - <a href=\"https:\/\/www.m-q.ch\/de\/wieder-gold-rating-von-ecovadis-fuer-iss-schweiz\/\" target=\"_blank\">https:\/\/www.m-q.ch\/de\/wieder-gold-rating-von-ecovadis-fuer-iss-schweiz\/<\/a><\/p>","protected":false},"excerpt":{"rendered":"<p>ISS Svizzera, fornitore di servizi di facility management, ha ottenuto ancora una volta la medaglia d'oro nel rinomato rating di sostenibilit\u00e0 EcoVadis. Con 81 punti su 100, l'azienda si colloca tra il primo 5% di tutte le aziende valutate a livello mondiale.<\/p>","protected":false},"author":8,"featured_media":0,"comment_status":"closed","ping_status":"closed","sticky":false,"template":"","format":"standard","meta":{"_acf_changed":false,"_yoast_wpseo_focuskw":"Ecovadis","_yoast_wpseo_metadesc":"EcoVadis hat den Facility Management-Dienstleister ISS Schweiz im Nachhaltigkeitsrating erneut mit einer Goldmedaille ausgezeichnet.","articlekey":"","footnotes":""},"categories":[580],"tags":[5416,195,358,605,492,613],"class_list":["post-39148","post","type-post","status-publish","format-standard","hentry","category-sustainability","tag-ecovadis","tag-facility-management","tag-nachhaltige-wirtschaft","tag-qualitaetsmanagement","tag-unternehmen","tag-zertifizierung"],"acf":[],"yoast_head":"<!-- This site is optimized with the Yoast SEO plugin v27.4 - https:\/\/yoast.com\/product\/yoast-seo-wordpress\/ -->\n<title>Wieder Gold-Rating von Ecovadis f\u00fcr ISS Schweiz - Organisator<\/title>\n<meta name=\"description\" content=\"EcoVadis hat den Facility Management-Dienstleister ISS Schweiz im Nachhaltigkeitsrating erneut mit einer Goldmedaille ausgezeichnet.\" \/>\n<meta name=\"robots\" content=\"index, follow, max-snippet:-1, max-image-preview:large, max-video-preview:-1\" \/>\n<link rel=\"canonical\" href=\"https:\/\/www.organisator.ch\/it\/sostenibilita\/2025-06-20\/wieder-gold-rating-von-ecovadis-fuer-iss-schweiz\/\" \/>\n<meta property=\"og:locale\" content=\"it_IT\" \/>\n<meta property=\"og:type\" content=\"article\" \/>\n<meta property=\"og:title\" content=\"Wieder Gold-Rating von Ecovadis f\u00fcr ISS Schweiz - Organisator\" \/>\n<meta property=\"og:description\" content=\"EcoVadis hat den Facility Management-Dienstleister ISS Schweiz im Nachhaltigkeitsrating erneut mit einer Goldmedaille ausgezeichnet.\" \/>\n<meta property=\"og:url\" content=\"https:\/\/www.organisator.ch\/it\/sostenibilita\/2025-06-20\/wieder-gold-rating-von-ecovadis-fuer-iss-schweiz\/\" \/>\n<meta property=\"og:site_name\" content=\"Organisator\" \/>\n<meta property=\"article:publisher\" content=\"https:\/\/www.facebook.com\/OrganisatorFachmagazin\" \/>\n<meta property=\"article:published_time\" content=\"2025-06-20T05:40:51+00:00\" \/>\n<meta name=\"author\" content=\"galledia\" \/>\n<meta name=\"twitter:card\" content=\"summary_large_image\" \/>\n<meta name=\"twitter:creator\" content=\"@admin\" \/>\n<script type=\"application\/ld+json\" class=\"yoast-schema-graph\">{\"@context\":\"https:\\\/\\\/schema.org\",\"@graph\":[{\"@type\":\"Article\",\"@id\":\"https:\\\/\\\/www.organisator.ch\\\/sustainability\\\/2025-06-20\\\/wieder-gold-rating-von-ecovadis-fuer-iss-schweiz\\\/#article\",\"isPartOf\":{\"@id\":\"https:\\\/\\\/www.organisator.ch\\\/sustainability\\\/2025-06-20\\\/wieder-gold-rating-von-ecovadis-fuer-iss-schweiz\\\/\"},\"author\":{\"name\":\"galledia\",\"@id\":\"https:\\\/\\\/www.organisator.ch\\\/#\\\/schema\\\/person\\\/4e51799071cd2dd1232ac003643ef5f0\"},\"headline\":\"Wieder Gold-Rating von Ecovadis f\u00fcr ISS Schweiz\",\"datePublished\":\"2025-06-20T05:40:51+00:00\",\"mainEntityOfPage\":{\"@id\":\"https:\\\/\\\/www.organisator.ch\\\/sustainability\\\/2025-06-20\\\/wieder-gold-rating-von-ecovadis-fuer-iss-schweiz\\\/\"},\"wordCount\":295,\"publisher\":{\"@id\":\"https:\\\/\\\/www.organisator.ch\\\/#organization\"},\"image\":{\"@id\":\"https:\\\/\\\/www.organisator.ch\\\/sustainability\\\/2025-06-20\\\/wieder-gold-rating-von-ecovadis-fuer-iss-schweiz\\\/#primaryimage\"},\"thumbnailUrl\":\"https:\\\/\\\/www.m-q.ch\\\/wp-content\\\/uploads\\\/2025\\\/06\\\/Wieder-Gold-Rating-von-Ecovadis-fuer-ISS-Schweiz_MQ.png\",\"keywords\":[\"EcoVadis\",\"Facility Management\",\"Nachhaltige Wirtschaft\",\"Qualit\u00e4tsmanagement\",\"Unternehmen\",\"Zertifizierung\"],\"articleSection\":[\"SUSTAINABILITY\"],\"inLanguage\":\"it-IT\"},{\"@type\":\"WebPage\",\"@id\":\"https:\\\/\\\/www.organisator.ch\\\/sustainability\\\/2025-06-20\\\/wieder-gold-rating-von-ecovadis-fuer-iss-schweiz\\\/\",\"url\":\"https:\\\/\\\/www.organisator.ch\\\/sustainability\\\/2025-06-20\\\/wieder-gold-rating-von-ecovadis-fuer-iss-schweiz\\\/\",\"name\":\"Wieder Gold-Rating von Ecovadis f\u00fcr ISS Schweiz - Organisator\",\"isPartOf\":{\"@id\":\"https:\\\/\\\/www.organisator.ch\\\/#website\"},\"primaryImageOfPage\":{\"@id\":\"https:\\\/\\\/www.organisator.ch\\\/sustainability\\\/2025-06-20\\\/wieder-gold-rating-von-ecovadis-fuer-iss-schweiz\\\/#primaryimage\"},\"image\":{\"@id\":\"https:\\\/\\\/www.organisator.ch\\\/sustainability\\\/2025-06-20\\\/wieder-gold-rating-von-ecovadis-fuer-iss-schweiz\\\/#primaryimage\"},\"thumbnailUrl\":\"https:\\\/\\\/www.m-q.ch\\\/wp-content\\\/uploads\\\/2025\\\/06\\\/Wieder-Gold-Rating-von-Ecovadis-fuer-ISS-Schweiz_MQ.png\",\"datePublished\":\"2025-06-20T05:40:51+00:00\",\"description\":\"EcoVadis hat den Facility Management-Dienstleister ISS Schweiz im Nachhaltigkeitsrating erneut mit einer Goldmedaille ausgezeichnet.\",\"breadcrumb\":{\"@id\":\"https:\\\/\\\/www.organisator.ch\\\/sustainability\\\/2025-06-20\\\/wieder-gold-rating-von-ecovadis-fuer-iss-schweiz\\\/#breadcrumb\"},\"inLanguage\":\"it-IT\",\"potentialAction\":[{\"@type\":\"ReadAction\",\"target\":[\"https:\\\/\\\/www.organisator.ch\\\/sustainability\\\/2025-06-20\\\/wieder-gold-rating-von-ecovadis-fuer-iss-schweiz\\\/\"]}]},{\"@type\":\"ImageObject\",\"inLanguage\":\"it-IT\",\"@id\":\"https:\\\/\\\/www.organisator.ch\\\/sustainability\\\/2025-06-20\\\/wieder-gold-rating-von-ecovadis-fuer-iss-schweiz\\\/#primaryimage\",\"url\":\"https:\\\/\\\/www.m-q.ch\\\/wp-content\\\/uploads\\\/2025\\\/06\\\/Wieder-Gold-Rating-von-Ecovadis-fuer-ISS-Schweiz_MQ.png\",\"contentUrl\":\"https:\\\/\\\/www.m-q.ch\\\/wp-content\\\/uploads\\\/2025\\\/06\\\/Wieder-Gold-Rating-von-Ecovadis-fuer-ISS-Schweiz_MQ.png\"},{\"@type\":\"BreadcrumbList\",\"@id\":\"https:\\\/\\\/www.organisator.ch\\\/sustainability\\\/2025-06-20\\\/wieder-gold-rating-von-ecovadis-fuer-iss-schweiz\\\/#breadcrumb\",\"itemListElement\":[{\"@type\":\"ListItem\",\"position\":1,\"name\":\"Home\",\"item\":\"https:\\\/\\\/www.organisator.ch\\\/\"},{\"@type\":\"ListItem\",\"position\":2,\"name\":\"Wieder Gold-Rating von Ecovadis f\u00fcr ISS Schweiz\"}]},{\"@type\":\"WebSite\",\"@id\":\"https:\\\/\\\/www.organisator.ch\\\/#website\",\"url\":\"https:\\\/\\\/www.organisator.ch\\\/\",\"name\":\"Organisator\",\"description\":\"Kompetent. Praxisnah. Der ORGANISATOR bereitet in 10 Ausgaben pro Jahr die wesentlichen Themen f\u00fcr F\u00fchrungskr\u00e4fte von KMU auf.\",\"publisher\":{\"@id\":\"https:\\\/\\\/www.organisator.ch\\\/#organization\"},\"potentialAction\":[{\"@type\":\"SearchAction\",\"target\":{\"@type\":\"EntryPoint\",\"urlTemplate\":\"https:\\\/\\\/www.organisator.ch\\\/?s={search_term_string}\"},\"query-input\":{\"@type\":\"PropertyValueSpecification\",\"valueRequired\":true,\"valueName\":\"search_term_string\"}}],\"inLanguage\":\"it-IT\"},{\"@type\":\"Organization\",\"@id\":\"https:\\\/\\\/www.organisator.ch\\\/#organization\",\"name\":\"Organisator\",\"url\":\"https:\\\/\\\/www.organisator.ch\\\/\",\"logo\":{\"@type\":\"ImageObject\",\"inLanguage\":\"it-IT\",\"@id\":\"https:\\\/\\\/www.organisator.ch\\\/#\\\/schema\\\/logo\\\/image\\\/\",\"url\":\"https:\\\/\\\/www.organisator.ch\\\/wp-content\\\/uploads\\\/2022\\\/01\\\/Logo_Organisator_Website.png\",\"contentUrl\":\"https:\\\/\\\/www.organisator.ch\\\/wp-content\\\/uploads\\\/2022\\\/01\\\/Logo_Organisator_Website.png\",\"width\":800,\"height\":77,\"caption\":\"Organisator\"},\"image\":{\"@id\":\"https:\\\/\\\/www.organisator.ch\\\/#\\\/schema\\\/logo\\\/image\\\/\"},\"sameAs\":[\"https:\\\/\\\/www.facebook.com\\\/OrganisatorFachmagazin\",\"https:\\\/\\\/www.linkedin.com\\\/showcase\\\/organisator-das-magazin-fr-kmu\",\"https:\\\/\\\/www.xing.com\\\/news\\\/pages\\\/organisator-ch-695\",\"https:\\\/\\\/www.youtube.com\\\/channel\\\/UCGP2Sq0iWaZwT3BdIAQFYpw\"]},{\"@type\":\"Person\",\"@id\":\"https:\\\/\\\/www.organisator.ch\\\/#\\\/schema\\\/person\\\/4e51799071cd2dd1232ac003643ef5f0\",\"name\":\"galledia\",\"image\":{\"@type\":\"ImageObject\",\"inLanguage\":\"it-IT\",\"@id\":\"https:\\\/\\\/secure.gravatar.com\\\/avatar\\\/78a7f90c01fc2bfc875782a0d4922b37cde2cf184ce347b91316d23cd7f69a36?s=96&d=mm&r=g\",\"url\":\"https:\\\/\\\/secure.gravatar.com\\\/avatar\\\/78a7f90c01fc2bfc875782a0d4922b37cde2cf184ce347b91316d23cd7f69a36?s=96&d=mm&r=g\",\"contentUrl\":\"https:\\\/\\\/secure.gravatar.com\\\/avatar\\\/78a7f90c01fc2bfc875782a0d4922b37cde2cf184ce347b91316d23cd7f69a36?s=96&d=mm&r=g\",\"caption\":\"galledia\"},\"sameAs\":[\"https:\\\/\\\/x.com\\\/admin\"],\"url\":\"https:\\\/\\\/www.organisator.ch\\\/it\\\/author\\\/galledia\\\/\"}]}<\/script>\n<!-- \/ Yoast SEO plugin. -->","yoast_head_json":{"title":"Ancora una valutazione d'oro da parte di Ecovadis per ISS Svizzera - Organizzatore","description":"EcoVadis ha nuovamente premiato il fornitore di servizi di facility management ISS Svizzera con una medaglia d'oro nel rating di sostenibilit\u00e0.","robots":{"index":"index","follow":"follow","max-snippet":"max-snippet:-1","max-image-preview":"max-image-preview:large","max-video-preview":"max-video-preview:-1"},"canonical":"https:\/\/www.organisator.ch\/it\/sostenibilita\/2025-06-20\/wieder-gold-rating-von-ecovadis-fuer-iss-schweiz\/","og_locale":"it_IT","og_type":"article","og_title":"Wieder Gold-Rating von Ecovadis f\u00fcr ISS Schweiz - Organisator","og_description":"EcoVadis hat den Facility Management-Dienstleister ISS Schweiz im Nachhaltigkeitsrating erneut mit einer Goldmedaille ausgezeichnet.","og_url":"https:\/\/www.organisator.ch\/it\/sostenibilita\/2025-06-20\/wieder-gold-rating-von-ecovadis-fuer-iss-schweiz\/","og_site_name":"Organisator","article_publisher":"https:\/\/www.facebook.com\/OrganisatorFachmagazin","article_published_time":"2025-06-20T05:40:51+00:00","author":"galledia","twitter_card":"summary_large_image","twitter_creator":"@admin","schema":{"@context":"https:\/\/schema.org","@graph":[{"@type":"Article","@id":"https:\/\/www.organisator.ch\/sustainability\/2025-06-20\/wieder-gold-rating-von-ecovadis-fuer-iss-schweiz\/#article","isPartOf":{"@id":"https:\/\/www.organisator.ch\/sustainability\/2025-06-20\/wieder-gold-rating-von-ecovadis-fuer-iss-schweiz\/"},"author":{"name":"galledia","@id":"https:\/\/www.organisator.ch\/#\/schema\/person\/4e51799071cd2dd1232ac003643ef5f0"},"headline":"Wieder Gold-Rating von Ecovadis f\u00fcr ISS Schweiz","datePublished":"2025-06-20T05:40:51+00:00","mainEntityOfPage":{"@id":"https:\/\/www.organisator.ch\/sustainability\/2025-06-20\/wieder-gold-rating-von-ecovadis-fuer-iss-schweiz\/"},"wordCount":295,"publisher":{"@id":"https:\/\/www.organisator.ch\/#organization"},"image":{"@id":"https:\/\/www.organisator.ch\/sustainability\/2025-06-20\/wieder-gold-rating-von-ecovadis-fuer-iss-schweiz\/#primaryimage"},"thumbnailUrl":"https:\/\/www.m-q.ch\/wp-content\/uploads\/2025\/06\/Wieder-Gold-Rating-von-Ecovadis-fuer-ISS-Schweiz_MQ.png","keywords":["EcoVadis","Facility Management","Nachhaltige Wirtschaft","Qualit\u00e4tsmanagement","Unternehmen","Zertifizierung"],"articleSection":["SUSTAINABILITY"],"inLanguage":"it-IT"},{"@type":"WebPage","@id":"https:\/\/www.organisator.ch\/sustainability\/2025-06-20\/wieder-gold-rating-von-ecovadis-fuer-iss-schweiz\/","url":"https:\/\/www.organisator.ch\/sustainability\/2025-06-20\/wieder-gold-rating-von-ecovadis-fuer-iss-schweiz\/","name":"Ancora una valutazione d'oro da parte di Ecovadis per ISS Svizzera - Organizzatore","isPartOf":{"@id":"https:\/\/www.organisator.ch\/#website"},"primaryImageOfPage":{"@id":"https:\/\/www.organisator.ch\/sustainability\/2025-06-20\/wieder-gold-rating-von-ecovadis-fuer-iss-schweiz\/#primaryimage"},"image":{"@id":"https:\/\/www.organisator.ch\/sustainability\/2025-06-20\/wieder-gold-rating-von-ecovadis-fuer-iss-schweiz\/#primaryimage"},"thumbnailUrl":"https:\/\/www.m-q.ch\/wp-content\/uploads\/2025\/06\/Wieder-Gold-Rating-von-Ecovadis-fuer-ISS-Schweiz_MQ.png","datePublished":"2025-06-20T05:40:51+00:00","description":"EcoVadis ha nuovamente premiato il fornitore di servizi di facility management ISS Svizzera con una medaglia d'oro nel rating di sostenibilit\u00e0.","breadcrumb":{"@id":"https:\/\/www.organisator.ch\/sustainability\/2025-06-20\/wieder-gold-rating-von-ecovadis-fuer-iss-schweiz\/#breadcrumb"},"inLanguage":"it-IT","potentialAction":[{"@type":"ReadAction","target":["https:\/\/www.organisator.ch\/sustainability\/2025-06-20\/wieder-gold-rating-von-ecovadis-fuer-iss-schweiz\/"]}]},{"@type":"ImageObject","inLanguage":"it-IT","@id":"https:\/\/www.organisator.ch\/sustainability\/2025-06-20\/wieder-gold-rating-von-ecovadis-fuer-iss-schweiz\/#primaryimage","url":"https:\/\/www.m-q.ch\/wp-content\/uploads\/2025\/06\/Wieder-Gold-Rating-von-Ecovadis-fuer-ISS-Schweiz_MQ.png","contentUrl":"https:\/\/www.m-q.ch\/wp-content\/uploads\/2025\/06\/Wieder-Gold-Rating-von-Ecovadis-fuer-ISS-Schweiz_MQ.png"},{"@type":"BreadcrumbList","@id":"https:\/\/www.organisator.ch\/sustainability\/2025-06-20\/wieder-gold-rating-von-ecovadis-fuer-iss-schweiz\/#breadcrumb","itemListElement":[{"@type":"ListItem","position":1,"name":"Home","item":"https:\/\/www.organisator.ch\/"},{"@type":"ListItem","position":2,"name":"Wieder Gold-Rating von Ecovadis f\u00fcr ISS Schweiz"}]},{"@type":"WebSite","@id":"https:\/\/www.organisator.ch\/#website","url":"https:\/\/www.organisator.ch\/","name":"Organizzatore","description":"Competente. Pratico. In 10 numeri all'anno, ORGANISATOR presenta i temi essenziali per i manager delle PMI.","publisher":{"@id":"https:\/\/www.organisator.ch\/#organization"},"potentialAction":[{"@type":"SearchAction","target":{"@type":"EntryPoint","urlTemplate":"https:\/\/www.organisator.ch\/?s={search_term_string}"},"query-input":{"@type":"PropertyValueSpecification","valueRequired":true,"valueName":"search_term_string"}}],"inLanguage":"it-IT"},{"@type":"Organization","@id":"https:\/\/www.organisator.ch\/#organization","name":"Organizzatore","url":"https:\/\/www.organisator.ch\/","logo":{"@type":"ImageObject","inLanguage":"it-IT","@id":"https:\/\/www.organisator.ch\/#\/schema\/logo\/image\/","url":"https:\/\/www.organisator.ch\/wp-content\/uploads\/2022\/01\/Logo_Organisator_Website.png","contentUrl":"https:\/\/www.organisator.ch\/wp-content\/uploads\/2022\/01\/Logo_Organisator_Website.png","width":800,"height":77,"caption":"Organisator"},"image":{"@id":"https:\/\/www.organisator.ch\/#\/schema\/logo\/image\/"},"sameAs":["https:\/\/www.facebook.com\/OrganisatorFachmagazin","https:\/\/www.linkedin.com\/showcase\/organisator-das-magazin-fr-kmu","https:\/\/www.xing.com\/news\/pages\/organisator-ch-695","https:\/\/www.youtube.com\/channel\/UCGP2Sq0iWaZwT3BdIAQFYpw"]},{"@type":"Person","@id":"https:\/\/www.organisator.ch\/#\/schema\/person\/4e51799071cd2dd1232ac003643ef5f0","name":"galledia","image":{"@type":"ImageObject","inLanguage":"it-IT","@id":"https:\/\/secure.gravatar.com\/avatar\/78a7f90c01fc2bfc875782a0d4922b37cde2cf184ce347b91316d23cd7f69a36?s=96&d=mm&r=g","url":"https:\/\/secure.gravatar.com\/avatar\/78a7f90c01fc2bfc875782a0d4922b37cde2cf184ce347b91316d23cd7f69a36?s=96&d=mm&r=g","contentUrl":"https:\/\/secure.gravatar.com\/avatar\/78a7f90c01fc2bfc875782a0d4922b37cde2cf184ce347b91316d23cd7f69a36?s=96&d=mm&r=g","caption":"galledia"},"sameAs":["https:\/\/x.com\/admin"],"url":"https:\/\/www.organisator.ch\/it\/author\/galledia\/"}]}},"_links":{"self":[{"href":"https:\/\/www.organisator.ch\/it\/wp-json\/wp\/v2\/posts\/39148","targetHints":{"allow":["GET"]}}],"collection":[{"href":"https:\/\/www.organisator.ch\/it\/wp-json\/wp\/v2\/posts"}],"about":[{"href":"https:\/\/www.organisator.ch\/it\/wp-json\/wp\/v2\/types\/post"}],"author":[{"embeddable":true,"href":"https:\/\/www.organisator.ch\/it\/wp-json\/wp\/v2\/users\/8"}],"replies":[{"embeddable":true,"href":"https:\/\/www.organisator.ch\/it\/wp-json\/wp\/v2\/comments?post=39148"}],"version-history":[{"count":5,"href":"https:\/\/www.organisator.ch\/it\/wp-json\/wp\/v2\/posts\/39148\/revisions"}],"predecessor-version":[{"id":39184,"href":"https:\/\/www.organisator.ch\/it\/wp-json\/wp\/v2\/posts\/39148\/revisions\/39184"}],"wp:attachment":[{"href":"https:\/\/www.organisator.ch\/it\/wp-json\/wp\/v2\/media?parent=39148"}],"wp:term":[{"taxonomy":"category","embeddable":true,"href":"https:\/\/www.organisator.ch\/it\/wp-json\/wp\/v2\/categories?post=39148"},{"taxonomy":"post_tag","embeddable":true,"href":"https:\/\/www.organisator.ch\/it\/wp-json\/wp\/v2\/tags?post=39148"}],"curies":[{"name":"wp","href":"https:\/\/api.w.org\/{rel}","templated":true}]}}