{"id":39197,"date":"2025-06-23T13:26:24","date_gmt":"2025-06-23T11:26:24","guid":{"rendered":"https:\/\/www.markt-kom.com\/?p=236485"},"modified":"2025-06-23T13:49:46","modified_gmt":"2025-06-23T11:49:46","slug":"adesso-studie-unternehmen-fordern-genai-made-in-europe","status":"publish","type":"post","link":"https:\/\/www.organisator.ch\/it\/management\/2025-06-23\/adesso-studie-unternehmen-fordern-genai-made-in-europe\/","title":{"rendered":"Studio Adesso: le aziende chiedono \"GenAI made in Europe\"."},"content":{"rendered":"<p><img class=\"alignnone size-full wp-image-236486\" src=\"https:\/\/www.markt-kom.com\/wp-content\/uploads\/2025\/06\/GenAI-Study_graphics2_DE-scaled.jpg\" sizes=\"(max-width: 1300px) 100vw, 1300px\" srcset=\"https:\/\/www.markt-kom.com\/wp-content\/uploads\/2025\/06\/GenAI-Study_graphics2_DE-scaled.jpg 1300w, https:\/\/www.markt-kom.com\/wp-content\/uploads\/2025\/06\/GenAI-Study_graphics2_DE-600x429.jpg 600w, https:\/\/www.markt-kom.com\/wp-content\/uploads\/2025\/06\/GenAI-Study_graphics2_DE-1024x732.jpg 1024w, https:\/\/www.markt-kom.com\/wp-content\/uploads\/2025\/06\/GenAI-Study_graphics2_DE-768x549.jpg 768w, https:\/\/www.markt-kom.com\/wp-content\/uploads\/2025\/06\/GenAI-Study_graphics2_DE-1536x1097.jpg 1536w, https:\/\/www.markt-kom.com\/wp-content\/uploads\/2025\/06\/GenAI-Study_graphics2_DE-2048x1463.jpg 2048w, https:\/\/www.markt-kom.com\/wp-content\/uploads\/2025\/06\/GenAI-Study_graphics2_DE-18x12.jpg 18w, https:\/\/www.markt-kom.com\/wp-content\/uploads\/2025\/06\/GenAI-Study_graphics2_DE-245x175.jpg 245w, https:\/\/www.markt-kom.com\/wp-content\/uploads\/2025\/06\/GenAI-Study_graphics2_DE-490x350.jpg 490w, https:\/\/www.markt-kom.com\/wp-content\/uploads\/2025\/06\/GenAI-Study_graphics2_DE-1000x715.jpg 1000w\" alt=\"\" width=\"1300\" height=\"929\" \/>La Svizzera e l'UE non sono al primo posto nella corsa all'intelligenza artificiale globale. La situazione \u00e8 destinata a cambiare. Al vertice sull'IA tenutosi a Parigi all'inizio dell'anno, l'Unione europea ha annunciato ampi investimenti nel settore dell'IA per recuperare il ritardo rispetto alla concorrenza globale e rafforzare la sovranit\u00e0 tecnologica dell'Europa. Insieme a una chiara attenzione allo sviluppo di un'IA sicura ed etica, questi investimenti intendono aiutare l'Europa a diventare un leader globale.<\/p>\r\n<p><img class=\"alignnone size-full wp-image-236488\" src=\"https:\/\/www.markt-kom.com\/wp-content\/uploads\/2025\/06\/GenAI-Study_graphics1_DE-scaled.png\" sizes=\"(max-width: 1300px) 100vw, 1300px\" srcset=\"https:\/\/www.markt-kom.com\/wp-content\/uploads\/2025\/06\/GenAI-Study_graphics1_DE-scaled.png 1300w, https:\/\/www.markt-kom.com\/wp-content\/uploads\/2025\/06\/GenAI-Study_graphics1_DE-600x429.png 600w, https:\/\/www.markt-kom.com\/wp-content\/uploads\/2025\/06\/GenAI-Study_graphics1_DE-1024x732.png 1024w, https:\/\/www.markt-kom.com\/wp-content\/uploads\/2025\/06\/GenAI-Study_graphics1_DE-768x549.png 768w, https:\/\/www.markt-kom.com\/wp-content\/uploads\/2025\/06\/GenAI-Study_graphics1_DE-1536x1097.png 1536w, https:\/\/www.markt-kom.com\/wp-content\/uploads\/2025\/06\/GenAI-Study_graphics1_DE-2048x1463.png 2048w, https:\/\/www.markt-kom.com\/wp-content\/uploads\/2025\/06\/GenAI-Study_graphics1_DE-18x12.png 18w, https:\/\/www.markt-kom.com\/wp-content\/uploads\/2025\/06\/GenAI-Study_graphics1_DE-245x175.png 245w, https:\/\/www.markt-kom.com\/wp-content\/uploads\/2025\/06\/GenAI-Study_graphics1_DE-490x350.png 490w, https:\/\/www.markt-kom.com\/wp-content\/uploads\/2025\/06\/GenAI-Study_graphics1_DE-1000x715.png 1000w\" alt=\"\" width=\"1300\" height=\"929\" \/><\/p>\r\n<p>In un nuovo studio GenAI, Adesso analizza come le aziende svizzere valutano attualmente la Svizzera e l'Europa in termini di IA generativa, quanto si considerano adeguate e quale ruolo la GenAI riveste oggi nel loro lavoro quotidiano. A tal fine, il fornitore di servizi IT ha intervistato 100 manager dell'economia svizzera.<\/p>\r\n<p><strong>Risultati chiave dello studio:<\/strong><\/p>\r\n<ul>\r\n\t<li>Le aziende aspettano il \"GenAI made in Europe\". Gli intervistati segnalano la necessit\u00e0 di alternative europee. Per il 59% \u00e8 importante o molto importante che le applicazioni GenAI che la loro azienda utilizza o potrebbe utilizzare siano state sviluppate in Europa. Ci\u00f2 dimostra una grande consapevolezza della sovranit\u00e0 digitale e un forte desiderio di non dipendere da fornitori non europei.<\/li>\r\n\t<li>La regolamentazione \u00e8 uno strumento necessario. La maggioranza degli intervistati \u00e8 favorevole a una regolamentazione pi\u00f9 forte delle applicazioni di IA come ChatGPT: il 51% \u00e8 \"un po'\" d'accordo, il 24% addirittura \"completamente\" d'accordo. Questi dati dimostrano che le aziende non solo accettano la regolamentazione, ma che molte la considerano uno strumento necessario per gestire in modo responsabile l'IA.<\/li>\r\n\t<li>La preparazione GenAI delle aziende \u00e8 in aumento. Le aziende si considerano ora pi\u00f9 preparate per la GenAI. La percentuale di aziende che si sentono ben o molto preparate \u00e8 salita dal 31% dell'anno precedente al 39%. A livello strategico, tuttavia, l'adozione del GenAI da parte delle aziende \u00e8 solo timida. Solo il 50% ha gi\u00e0 sviluppato una strategia di IA e il 25% di queste aziende prende in considerazione solo l'IA tradizionale.<\/li>\r\n\t<li>Gli agenti di intelligenza artificiale sono sul radar, ma non vengono quasi mai utilizzati. Attualmente, il 39% degli intervistati dichiara di stare valutando i possibili utilizzi degli agenti AI. Solo l'11% sta gi\u00e0 utilizzando gli agenti di IA in modo produttivo in singoli settori. Questi dati dimostrano che il prossimo stadio evolutivo della GenAI - agenti AI autonomi e che agiscono attivamente - non \u00e8 ancora arrivato su larga scala nelle aziende.<\/li>\r\n\t<li>\u00a0<\/li>\r\n<\/ul>\r\n<p>Ralf Schmidt, responsabile CC Data &amp; AI di adesso Svizzera, incoraggia le aziende ad adottare un approccio pi\u00f9 deciso: \"L'intelligenza artificiale non sta solo cambiando i processi, ma sta mettendo in discussione interi modelli di business. Alla luce del rapido sviluppo di nuove applicazioni, \u00e8 chiaro che non si tratta pi\u00f9 di stabilire se le aziende debbano o meno agire, ma di capire con quale coerenza e sostenibilit\u00e0 farlo.\"<\/p>\r\n<p><a href=\"https:\/\/www.markt-kom.com\/de\/markom\/adesso-studie-unternehmen-fordern-genai-made-in-europe\/attachment\/ralf_schmidt\/\"><img class=\"attachment-full size-full\" src=\"https:\/\/www.markt-kom.com\/wp-content\/uploads\/2025\/06\/Ralf_Schmidt.jpg\" sizes=\"(max-width: 800px) 100vw, 800px\" srcset=\"https:\/\/www.markt-kom.com\/wp-content\/uploads\/2025\/06\/Ralf_Schmidt.jpg 800w, https:\/\/www.markt-kom.com\/wp-content\/uploads\/2025\/06\/Ralf_Schmidt-600x600.jpg 600w, https:\/\/www.markt-kom.com\/wp-content\/uploads\/2025\/06\/Ralf_Schmidt-150x150.jpg 150w, https:\/\/www.markt-kom.com\/wp-content\/uploads\/2025\/06\/Ralf_Schmidt-768x768.jpg 768w, https:\/\/www.markt-kom.com\/wp-content\/uploads\/2025\/06\/Ralf_Schmidt-12x12.jpg 12w, https:\/\/www.markt-kom.com\/wp-content\/uploads\/2025\/06\/Ralf_Schmidt-175x175.jpg 175w, https:\/\/www.markt-kom.com\/wp-content\/uploads\/2025\/06\/Ralf_Schmidt-350x350.jpg 350w\" alt=\"\" width=\"800\" height=\"800\" \/><\/a><\/p>\r\n<p>Il rapporto d'impatto completo pu\u00f2 essere scaricato\u00a0<a href=\"https:\/\/www.adesso.ch\/de_ch\/kompetenzen\/data-ki\/whitepaper-gen-ai.jsp\">qui<\/a>\u00a0pu\u00f2 essere scaricato.<\/p>\r\n<hr \/>\r\n<p><em>Adesso \u00e8 stata fondata a Dortmund nel 1997 e attualmente il Gruppo Adesso impiega oltre 10.400 persone. Adesso Schweiz AG, filiale nazionale di Adesso SE, distribuisce il portafoglio di servizi di consulenza e IT del fornitore sul mercato svizzero. Adesso si concentra sui processi di core business delle aziende e delle amministrazioni pubbliche con la consulenza e lo sviluppo di software personalizzati. La strategia di Adesso si basa su tre pilastri: l'approfondita esperienza settoriale dei suoi dipendenti, la vasta competenza tecnologica e i metodi collaudati per l'implementazione di progetti software. Il risultato sono soluzioni IT di qualit\u00e0 superiore che rendono le aziende pi\u00f9 competitive.<\/em><\/p>","protected":false},"excerpt":{"rendered":"<p>Quanto sono pronte la Svizzera e l'Europa per l'IA generativa? Il fornitore di servizi di consulenza e IT Adesso esplora questa domanda nel suo ultimo \"GenAI Impact Report\".<\/p>","protected":false},"author":8,"featured_media":0,"comment_status":"closed","ping_status":"closed","sticky":false,"template":"","format":"standard","meta":{"_acf_changed":false,"_yoast_wpseo_focuskw":"Adesso","_yoast_wpseo_metadesc":"Wie fit sind die Schweiz und Europa f\u00fcr GenAI? Dieser Frage geht der Beratungs- und IT-Dienstleister Adesso in einem neuen Report nach.","articlekey":"","footnotes":""},"categories":[28],"tags":[128,319,4343,459],"class_list":["post-39197","post","type-post","status-publish","format-standard","hentry","category-management","tag-consulting","tag-kuenstliche-intelligenz","tag-markom","tag-studie"],"acf":[],"yoast_head":"<!-- This site is optimized with the Yoast SEO plugin v27.5 - https:\/\/yoast.com\/product\/yoast-seo-wordpress\/ -->\n<title>Adesso-Studie: Unternehmen fordern \u00abGenAI made in Europe\u00bb\u200b - Organisator<\/title>\n<meta name=\"description\" content=\"Wie fit sind die Schweiz und Europa f\u00fcr GenAI? Dieser Frage geht der Beratungs- und IT-Dienstleister Adesso in einem neuen Report nach.\" \/>\n<meta name=\"robots\" content=\"index, follow, max-snippet:-1, max-image-preview:large, max-video-preview:-1\" \/>\n<link rel=\"canonical\" href=\"https:\/\/www.organisator.ch\/it\/gestione-2\/2025-06-23\/adesso-studie-unternehmen-fordern-genai-made-in-europe\/\" \/>\n<meta property=\"og:locale\" content=\"it_IT\" \/>\n<meta property=\"og:type\" content=\"article\" \/>\n<meta property=\"og:title\" content=\"Adesso-Studie: Unternehmen fordern \u00abGenAI made in Europe\u00bb\u200b - Organisator\" \/>\n<meta property=\"og:description\" content=\"Wie fit sind die Schweiz und Europa f\u00fcr GenAI? Dieser Frage geht der Beratungs- und IT-Dienstleister Adesso in einem neuen Report nach.\" \/>\n<meta property=\"og:url\" content=\"https:\/\/www.organisator.ch\/it\/gestione-2\/2025-06-23\/adesso-studie-unternehmen-fordern-genai-made-in-europe\/\" \/>\n<meta property=\"og:site_name\" content=\"Organisator\" \/>\n<meta property=\"article:publisher\" content=\"https:\/\/www.facebook.com\/OrganisatorFachmagazin\" \/>\n<meta property=\"article:published_time\" content=\"2025-06-23T11:26:24+00:00\" \/>\n<meta property=\"article:modified_time\" content=\"2025-06-23T11:49:46+00:00\" \/>\n<meta name=\"author\" content=\"galledia\" \/>\n<meta name=\"twitter:card\" content=\"summary_large_image\" \/>\n<meta name=\"twitter:creator\" content=\"@admin\" \/>\n<script type=\"application\/ld+json\" class=\"yoast-schema-graph\">{\"@context\":\"https:\\\/\\\/schema.org\",\"@graph\":[{\"@type\":\"Article\",\"@id\":\"https:\\\/\\\/www.organisator.ch\\\/management\\\/2025-06-23\\\/adesso-studie-unternehmen-fordern-genai-made-in-europe\\\/#article\",\"isPartOf\":{\"@id\":\"https:\\\/\\\/www.organisator.ch\\\/management\\\/2025-06-23\\\/adesso-studie-unternehmen-fordern-genai-made-in-europe\\\/\"},\"author\":{\"name\":\"galledia\",\"@id\":\"https:\\\/\\\/www.organisator.ch\\\/#\\\/schema\\\/person\\\/4e51799071cd2dd1232ac003643ef5f0\"},\"headline\":\"Adesso-Studie: Unternehmen fordern \u00abGenAI made in Europe\u00bb\u200b\",\"datePublished\":\"2025-06-23T11:26:24+00:00\",\"dateModified\":\"2025-06-23T11:49:46+00:00\",\"mainEntityOfPage\":{\"@id\":\"https:\\\/\\\/www.organisator.ch\\\/management\\\/2025-06-23\\\/adesso-studie-unternehmen-fordern-genai-made-in-europe\\\/\"},\"wordCount\":541,\"publisher\":{\"@id\":\"https:\\\/\\\/www.organisator.ch\\\/#organization\"},\"image\":{\"@id\":\"https:\\\/\\\/www.organisator.ch\\\/management\\\/2025-06-23\\\/adesso-studie-unternehmen-fordern-genai-made-in-europe\\\/#primaryimage\"},\"thumbnailUrl\":\"https:\\\/\\\/www.markt-kom.com\\\/wp-content\\\/uploads\\\/2025\\\/06\\\/GenAI-Study_graphics2_DE-scaled.jpg\",\"keywords\":[\"Consulting\",\"K\u00fcnstliche Intelligenz\",\"MarKom\",\"Studie\"],\"articleSection\":[\"MANAGEMENT\"],\"inLanguage\":\"it-IT\"},{\"@type\":\"WebPage\",\"@id\":\"https:\\\/\\\/www.organisator.ch\\\/management\\\/2025-06-23\\\/adesso-studie-unternehmen-fordern-genai-made-in-europe\\\/\",\"url\":\"https:\\\/\\\/www.organisator.ch\\\/management\\\/2025-06-23\\\/adesso-studie-unternehmen-fordern-genai-made-in-europe\\\/\",\"name\":\"Adesso-Studie: Unternehmen fordern \u00abGenAI made in Europe\u00bb\u200b - Organisator\",\"isPartOf\":{\"@id\":\"https:\\\/\\\/www.organisator.ch\\\/#website\"},\"primaryImageOfPage\":{\"@id\":\"https:\\\/\\\/www.organisator.ch\\\/management\\\/2025-06-23\\\/adesso-studie-unternehmen-fordern-genai-made-in-europe\\\/#primaryimage\"},\"image\":{\"@id\":\"https:\\\/\\\/www.organisator.ch\\\/management\\\/2025-06-23\\\/adesso-studie-unternehmen-fordern-genai-made-in-europe\\\/#primaryimage\"},\"thumbnailUrl\":\"https:\\\/\\\/www.markt-kom.com\\\/wp-content\\\/uploads\\\/2025\\\/06\\\/GenAI-Study_graphics2_DE-scaled.jpg\",\"datePublished\":\"2025-06-23T11:26:24+00:00\",\"dateModified\":\"2025-06-23T11:49:46+00:00\",\"description\":\"Wie fit sind die Schweiz und Europa f\u00fcr GenAI? Dieser Frage geht der Beratungs- und IT-Dienstleister Adesso in einem neuen Report nach.\",\"breadcrumb\":{\"@id\":\"https:\\\/\\\/www.organisator.ch\\\/management\\\/2025-06-23\\\/adesso-studie-unternehmen-fordern-genai-made-in-europe\\\/#breadcrumb\"},\"inLanguage\":\"it-IT\",\"potentialAction\":[{\"@type\":\"ReadAction\",\"target\":[\"https:\\\/\\\/www.organisator.ch\\\/management\\\/2025-06-23\\\/adesso-studie-unternehmen-fordern-genai-made-in-europe\\\/\"]}]},{\"@type\":\"ImageObject\",\"inLanguage\":\"it-IT\",\"@id\":\"https:\\\/\\\/www.organisator.ch\\\/management\\\/2025-06-23\\\/adesso-studie-unternehmen-fordern-genai-made-in-europe\\\/#primaryimage\",\"url\":\"https:\\\/\\\/www.markt-kom.com\\\/wp-content\\\/uploads\\\/2025\\\/06\\\/GenAI-Study_graphics2_DE-scaled.jpg\",\"contentUrl\":\"https:\\\/\\\/www.markt-kom.com\\\/wp-content\\\/uploads\\\/2025\\\/06\\\/GenAI-Study_graphics2_DE-scaled.jpg\"},{\"@type\":\"BreadcrumbList\",\"@id\":\"https:\\\/\\\/www.organisator.ch\\\/management\\\/2025-06-23\\\/adesso-studie-unternehmen-fordern-genai-made-in-europe\\\/#breadcrumb\",\"itemListElement\":[{\"@type\":\"ListItem\",\"position\":1,\"name\":\"Home\",\"item\":\"https:\\\/\\\/www.organisator.ch\\\/\"},{\"@type\":\"ListItem\",\"position\":2,\"name\":\"Adesso-Studie: Unternehmen fordern \u00abGenAI made in Europe\u00bb\u200b\"}]},{\"@type\":\"WebSite\",\"@id\":\"https:\\\/\\\/www.organisator.ch\\\/#website\",\"url\":\"https:\\\/\\\/www.organisator.ch\\\/\",\"name\":\"Organisator\",\"description\":\"Kompetent. Praxisnah. Der ORGANISATOR bereitet in 10 Ausgaben pro Jahr die wesentlichen Themen f\u00fcr F\u00fchrungskr\u00e4fte von KMU auf.\",\"publisher\":{\"@id\":\"https:\\\/\\\/www.organisator.ch\\\/#organization\"},\"potentialAction\":[{\"@type\":\"SearchAction\",\"target\":{\"@type\":\"EntryPoint\",\"urlTemplate\":\"https:\\\/\\\/www.organisator.ch\\\/?s={search_term_string}\"},\"query-input\":{\"@type\":\"PropertyValueSpecification\",\"valueRequired\":true,\"valueName\":\"search_term_string\"}}],\"inLanguage\":\"it-IT\"},{\"@type\":\"Organization\",\"@id\":\"https:\\\/\\\/www.organisator.ch\\\/#organization\",\"name\":\"Organisator\",\"url\":\"https:\\\/\\\/www.organisator.ch\\\/\",\"logo\":{\"@type\":\"ImageObject\",\"inLanguage\":\"it-IT\",\"@id\":\"https:\\\/\\\/www.organisator.ch\\\/#\\\/schema\\\/logo\\\/image\\\/\",\"url\":\"https:\\\/\\\/www.organisator.ch\\\/wp-content\\\/uploads\\\/2022\\\/01\\\/Logo_Organisator_Website.png\",\"contentUrl\":\"https:\\\/\\\/www.organisator.ch\\\/wp-content\\\/uploads\\\/2022\\\/01\\\/Logo_Organisator_Website.png\",\"width\":800,\"height\":77,\"caption\":\"Organisator\"},\"image\":{\"@id\":\"https:\\\/\\\/www.organisator.ch\\\/#\\\/schema\\\/logo\\\/image\\\/\"},\"sameAs\":[\"https:\\\/\\\/www.facebook.com\\\/OrganisatorFachmagazin\",\"https:\\\/\\\/www.linkedin.com\\\/showcase\\\/organisator-das-magazin-fr-kmu\",\"https:\\\/\\\/www.xing.com\\\/news\\\/pages\\\/organisator-ch-695\",\"https:\\\/\\\/www.youtube.com\\\/channel\\\/UCGP2Sq0iWaZwT3BdIAQFYpw\"]},{\"@type\":\"Person\",\"@id\":\"https:\\\/\\\/www.organisator.ch\\\/#\\\/schema\\\/person\\\/4e51799071cd2dd1232ac003643ef5f0\",\"name\":\"galledia\",\"image\":{\"@type\":\"ImageObject\",\"inLanguage\":\"it-IT\",\"@id\":\"https:\\\/\\\/secure.gravatar.com\\\/avatar\\\/78a7f90c01fc2bfc875782a0d4922b37cde2cf184ce347b91316d23cd7f69a36?s=96&d=mm&r=g\",\"url\":\"https:\\\/\\\/secure.gravatar.com\\\/avatar\\\/78a7f90c01fc2bfc875782a0d4922b37cde2cf184ce347b91316d23cd7f69a36?s=96&d=mm&r=g\",\"contentUrl\":\"https:\\\/\\\/secure.gravatar.com\\\/avatar\\\/78a7f90c01fc2bfc875782a0d4922b37cde2cf184ce347b91316d23cd7f69a36?s=96&d=mm&r=g\",\"caption\":\"galledia\"},\"sameAs\":[\"https:\\\/\\\/x.com\\\/admin\"],\"url\":\"https:\\\/\\\/www.organisator.ch\\\/it\\\/author\\\/galledia\\\/\"}]}<\/script>\n<!-- \/ Yoast SEO plugin. -->","yoast_head_json":{"title":"Studio Adesso: le aziende chiedono \"GenAI made in Europe\" - Organizzatore","description":"Quanto sono pronte la Svizzera e l'Europa per la GenAI? Il fornitore di servizi di consulenza e IT Adesso esamina questa domanda in un nuovo rapporto.","robots":{"index":"index","follow":"follow","max-snippet":"max-snippet:-1","max-image-preview":"max-image-preview:large","max-video-preview":"max-video-preview:-1"},"canonical":"https:\/\/www.organisator.ch\/it\/gestione-2\/2025-06-23\/adesso-studie-unternehmen-fordern-genai-made-in-europe\/","og_locale":"it_IT","og_type":"article","og_title":"Adesso-Studie: Unternehmen fordern \u00abGenAI made in Europe\u00bb\u200b - Organisator","og_description":"Wie fit sind die Schweiz und Europa f\u00fcr GenAI? Dieser Frage geht der Beratungs- und IT-Dienstleister Adesso in einem neuen Report nach.","og_url":"https:\/\/www.organisator.ch\/it\/gestione-2\/2025-06-23\/adesso-studie-unternehmen-fordern-genai-made-in-europe\/","og_site_name":"Organisator","article_publisher":"https:\/\/www.facebook.com\/OrganisatorFachmagazin","article_published_time":"2025-06-23T11:26:24+00:00","article_modified_time":"2025-06-23T11:49:46+00:00","author":"galledia","twitter_card":"summary_large_image","twitter_creator":"@admin","schema":{"@context":"https:\/\/schema.org","@graph":[{"@type":"Article","@id":"https:\/\/www.organisator.ch\/management\/2025-06-23\/adesso-studie-unternehmen-fordern-genai-made-in-europe\/#article","isPartOf":{"@id":"https:\/\/www.organisator.ch\/management\/2025-06-23\/adesso-studie-unternehmen-fordern-genai-made-in-europe\/"},"author":{"name":"galledia","@id":"https:\/\/www.organisator.ch\/#\/schema\/person\/4e51799071cd2dd1232ac003643ef5f0"},"headline":"Adesso-Studie: Unternehmen fordern \u00abGenAI made in Europe\u00bb\u200b","datePublished":"2025-06-23T11:26:24+00:00","dateModified":"2025-06-23T11:49:46+00:00","mainEntityOfPage":{"@id":"https:\/\/www.organisator.ch\/management\/2025-06-23\/adesso-studie-unternehmen-fordern-genai-made-in-europe\/"},"wordCount":541,"publisher":{"@id":"https:\/\/www.organisator.ch\/#organization"},"image":{"@id":"https:\/\/www.organisator.ch\/management\/2025-06-23\/adesso-studie-unternehmen-fordern-genai-made-in-europe\/#primaryimage"},"thumbnailUrl":"https:\/\/www.markt-kom.com\/wp-content\/uploads\/2025\/06\/GenAI-Study_graphics2_DE-scaled.jpg","keywords":["Consulting","K\u00fcnstliche Intelligenz","MarKom","Studie"],"articleSection":["MANAGEMENT"],"inLanguage":"it-IT"},{"@type":"WebPage","@id":"https:\/\/www.organisator.ch\/management\/2025-06-23\/adesso-studie-unternehmen-fordern-genai-made-in-europe\/","url":"https:\/\/www.organisator.ch\/management\/2025-06-23\/adesso-studie-unternehmen-fordern-genai-made-in-europe\/","name":"Studio Adesso: le aziende chiedono \"GenAI made in Europe\" - Organizzatore","isPartOf":{"@id":"https:\/\/www.organisator.ch\/#website"},"primaryImageOfPage":{"@id":"https:\/\/www.organisator.ch\/management\/2025-06-23\/adesso-studie-unternehmen-fordern-genai-made-in-europe\/#primaryimage"},"image":{"@id":"https:\/\/www.organisator.ch\/management\/2025-06-23\/adesso-studie-unternehmen-fordern-genai-made-in-europe\/#primaryimage"},"thumbnailUrl":"https:\/\/www.markt-kom.com\/wp-content\/uploads\/2025\/06\/GenAI-Study_graphics2_DE-scaled.jpg","datePublished":"2025-06-23T11:26:24+00:00","dateModified":"2025-06-23T11:49:46+00:00","description":"Quanto sono pronte la Svizzera e l'Europa per la GenAI? Il fornitore di servizi di consulenza e IT Adesso esamina questa domanda in un nuovo rapporto.","breadcrumb":{"@id":"https:\/\/www.organisator.ch\/management\/2025-06-23\/adesso-studie-unternehmen-fordern-genai-made-in-europe\/#breadcrumb"},"inLanguage":"it-IT","potentialAction":[{"@type":"ReadAction","target":["https:\/\/www.organisator.ch\/management\/2025-06-23\/adesso-studie-unternehmen-fordern-genai-made-in-europe\/"]}]},{"@type":"ImageObject","inLanguage":"it-IT","@id":"https:\/\/www.organisator.ch\/management\/2025-06-23\/adesso-studie-unternehmen-fordern-genai-made-in-europe\/#primaryimage","url":"https:\/\/www.markt-kom.com\/wp-content\/uploads\/2025\/06\/GenAI-Study_graphics2_DE-scaled.jpg","contentUrl":"https:\/\/www.markt-kom.com\/wp-content\/uploads\/2025\/06\/GenAI-Study_graphics2_DE-scaled.jpg"},{"@type":"BreadcrumbList","@id":"https:\/\/www.organisator.ch\/management\/2025-06-23\/adesso-studie-unternehmen-fordern-genai-made-in-europe\/#breadcrumb","itemListElement":[{"@type":"ListItem","position":1,"name":"Home","item":"https:\/\/www.organisator.ch\/"},{"@type":"ListItem","position":2,"name":"Adesso-Studie: Unternehmen fordern \u00abGenAI made in Europe\u00bb\u200b"}]},{"@type":"WebSite","@id":"https:\/\/www.organisator.ch\/#website","url":"https:\/\/www.organisator.ch\/","name":"Organizzatore","description":"Competente. Pratico. In 10 numeri all'anno, ORGANISATOR presenta i temi essenziali per i manager delle PMI.","publisher":{"@id":"https:\/\/www.organisator.ch\/#organization"},"potentialAction":[{"@type":"SearchAction","target":{"@type":"EntryPoint","urlTemplate":"https:\/\/www.organisator.ch\/?s={search_term_string}"},"query-input":{"@type":"PropertyValueSpecification","valueRequired":true,"valueName":"search_term_string"}}],"inLanguage":"it-IT"},{"@type":"Organization","@id":"https:\/\/www.organisator.ch\/#organization","name":"Organizzatore","url":"https:\/\/www.organisator.ch\/","logo":{"@type":"ImageObject","inLanguage":"it-IT","@id":"https:\/\/www.organisator.ch\/#\/schema\/logo\/image\/","url":"https:\/\/www.organisator.ch\/wp-content\/uploads\/2022\/01\/Logo_Organisator_Website.png","contentUrl":"https:\/\/www.organisator.ch\/wp-content\/uploads\/2022\/01\/Logo_Organisator_Website.png","width":800,"height":77,"caption":"Organisator"},"image":{"@id":"https:\/\/www.organisator.ch\/#\/schema\/logo\/image\/"},"sameAs":["https:\/\/www.facebook.com\/OrganisatorFachmagazin","https:\/\/www.linkedin.com\/showcase\/organisator-das-magazin-fr-kmu","https:\/\/www.xing.com\/news\/pages\/organisator-ch-695","https:\/\/www.youtube.com\/channel\/UCGP2Sq0iWaZwT3BdIAQFYpw"]},{"@type":"Person","@id":"https:\/\/www.organisator.ch\/#\/schema\/person\/4e51799071cd2dd1232ac003643ef5f0","name":"galledia","image":{"@type":"ImageObject","inLanguage":"it-IT","@id":"https:\/\/secure.gravatar.com\/avatar\/78a7f90c01fc2bfc875782a0d4922b37cde2cf184ce347b91316d23cd7f69a36?s=96&d=mm&r=g","url":"https:\/\/secure.gravatar.com\/avatar\/78a7f90c01fc2bfc875782a0d4922b37cde2cf184ce347b91316d23cd7f69a36?s=96&d=mm&r=g","contentUrl":"https:\/\/secure.gravatar.com\/avatar\/78a7f90c01fc2bfc875782a0d4922b37cde2cf184ce347b91316d23cd7f69a36?s=96&d=mm&r=g","caption":"galledia"},"sameAs":["https:\/\/x.com\/admin"],"url":"https:\/\/www.organisator.ch\/it\/author\/galledia\/"}]}},"_links":{"self":[{"href":"https:\/\/www.organisator.ch\/it\/wp-json\/wp\/v2\/posts\/39197","targetHints":{"allow":["GET"]}}],"collection":[{"href":"https:\/\/www.organisator.ch\/it\/wp-json\/wp\/v2\/posts"}],"about":[{"href":"https:\/\/www.organisator.ch\/it\/wp-json\/wp\/v2\/types\/post"}],"author":[{"embeddable":true,"href":"https:\/\/www.organisator.ch\/it\/wp-json\/wp\/v2\/users\/8"}],"replies":[{"embeddable":true,"href":"https:\/\/www.organisator.ch\/it\/wp-json\/wp\/v2\/comments?post=39197"}],"version-history":[{"count":4,"href":"https:\/\/www.organisator.ch\/it\/wp-json\/wp\/v2\/posts\/39197\/revisions"}],"predecessor-version":[{"id":39205,"href":"https:\/\/www.organisator.ch\/it\/wp-json\/wp\/v2\/posts\/39197\/revisions\/39205"}],"wp:attachment":[{"href":"https:\/\/www.organisator.ch\/it\/wp-json\/wp\/v2\/media?parent=39197"}],"wp:term":[{"taxonomy":"category","embeddable":true,"href":"https:\/\/www.organisator.ch\/it\/wp-json\/wp\/v2\/categories?post=39197"},{"taxonomy":"post_tag","embeddable":true,"href":"https:\/\/www.organisator.ch\/it\/wp-json\/wp\/v2\/tags?post=39197"}],"curies":[{"name":"wp","href":"https:\/\/api.w.org\/{rel}","templated":true}]}}