{"id":39235,"date":"2025-06-25T10:18:55","date_gmt":"2025-06-25T08:18:55","guid":{"rendered":"https:\/\/www.m-q.ch\/?p=21624"},"modified":"2025-06-24T16:05:14","modified_gmt":"2025-06-24T14:05:14","slug":"com-sys-und-infoguard-buendeln-ihre-cyber-expertise","status":"publish","type":"post","link":"https:\/\/www.organisator.ch\/it\/operational-excellence\/2025-06-25\/com-sys-und-infoguard-buendeln-ihre-cyber-expertise\/","title":{"rendered":"Com-Sys e Infoguard uniscono le loro competenze informatiche"},"content":{"rendered":"<figure id=\"attachment_21625\" class=\"wp-caption alignnone\" style=\"width: 680px;\" aria-describedby=\"caption-attachment-21625\"><img class=\"size-full wp-image-21625\" src=\"https:\/\/www.m-q.ch\/wp-content\/uploads\/2025\/06\/Com-Sys-und-Infoguard-buendeln-ihre-Cyber-Expertise_MQ.jpg\" sizes=\"(max-width: 680px) 100vw, 680px\" srcset=\"https:\/\/www.m-q.ch\/wp-content\/uploads\/2025\/06\/Com-Sys-und-Infoguard-buendeln-ihre-Cyber-Expertise_MQ.jpg 680w, https:\/\/www.m-q.ch\/wp-content\/uploads\/2025\/06\/Com-Sys-und-Infoguard-buendeln-ihre-Cyber-Expertise_MQ-18x12.jpg 18w, https:\/\/www.m-q.ch\/wp-content\/uploads\/2025\/06\/Com-Sys-und-Infoguard-buendeln-ihre-Cyber-Expertise_MQ-375x252.jpg 375w, https:\/\/www.m-q.ch\/wp-content\/uploads\/2025\/06\/Com-Sys-und-Infoguard-buendeln-ihre-Cyber-Expertise_MQ-521x350.jpg 521w\" alt=\"\" width=\"680\" height=\"457\" \/>\r\n<figcaption id=\"caption-attachment-21625\" class=\"wp-caption-text\">Competenze cibernetiche combinate (da sinistra a destra): Thomas Meier, CEO InfoGuard; Daniel Heinzig, Managing Director Com-Sys; Peter Letter, Presidente del Consiglio di Amministrazione InfoGuard. (Immagine: InfoGuard AG)<\/figcaption>\r\n<\/figure>\r\n<p>Il cambio di nome crea quello che l'azienda dichiara essere uno dei pi\u00f9 potenti gruppi di esperti di sicurezza informatica nel mondo di lingua tedesca. Questo comprende oltre 350 dipendenti, un portafoglio olistico di sicurezza informatica a 360\u00b0 e un centro operativo di sicurezza (SOC) con personale 24 ore su 24 in Germania e Svizzera. La visione delle due aziende \u00e8 chiara: proteggere le organizzazioni della regione DACH con una sicurezza informatica all'avanguardia e completa e rendere il mondo pi\u00f9 sicuro dal punto di vista digitale ogni giorno.<\/p>\r\n<h3>Competenze informatiche in bundle con valore aggiunto per i clienti<\/h3>\r\n<p>Unendo le competenze informatiche di Com-Sys e InfoGuard, i clienti ottengono un migliore accesso alle risorse internazionali. L'integrazione nel Gruppo InfoGuard offre infatti un portafoglio di sicurezza informatica pi\u00f9 ampio, l'accesso a team internazionali di esperti, processi standardizzati e tecnologie all'avanguardia, tra cui i due SOC ad alta sicurezza in Svizzera e Germania. In qualit\u00e0 di fornitore di servizi di risposta alle minacce informatiche ufficialmente qualificato BSI, InfoGuard Com-Sys offre anche una risposta ancora pi\u00f9 professionale agli incidenti di sicurezza attraverso un CSIRT (Computer Security Incident Response Team) specializzato e tra i pi\u00f9 esperti. Nuovi servizi come Managed Detection &amp; Response (MDR), consulenza approfondita, nonch\u00e9 test di penetrazione altamente specializzati e completi e servizi di red teaming sono ora disponibili anche in Germania.<\/p>\r\n<h3>Struttura manageriale e ulteriore sviluppo aziendale<\/h3>\r\n<p>Daniel Heinzig rimane amministratore delegato di InfoGuard Com-Sys GmbH. Oltre a Daniel Heinzig, Ralf Haubrich, Chief Revenue Officer (CRO), InfoGuard Com-Sys GmbH, Thomas Meier, CEO, InfoGuard AG, e Peter Letter, Presidente del Consiglio di Amministrazione, InfoGuard AG, formano il management di InfoGuard Com-Sys GmbH.  \"Questa fusione \u00e8 un investimento nel nostro futuro e in quello dei nostri clienti\", afferma Daniel Heinzig, amministratore delegato di InfoGuard Com-Sys. \"Non vogliamo solo stare al passo con gli sviluppi del mondo informatico, ma vogliamo svolgere un ruolo attivo nel plasmarli\". Thomas Meier, CEO di InfoGuard, \u00e8 d'accordo: \"Questo passo segna una pietra miliare significativa per InfoGuard - e soprattutto per i nostri clienti. Grazie all'ampliamento del team di esperti, alle nuove sedi e al nostro portafoglio completo, siamo in una posizione ideale. Il nostro obiettivo \u00e8 chiaro: insieme faremo tutto il possibile per garantire ai nostri clienti la migliore protezione possibile, oggi e domani.\"<\/p>\r\n<p><em>Fonte e ulteriori informazioni: <a href=\"https:\/\/www.infoguard.ch\/\">www.infoguard.ch<\/a><\/em><\/p>\n<p class=\"syndicated-attribution\">Questo articolo \u00e8 apparso originariamente su m-q.ch - <a href=\"https:\/\/www.m-q.ch\/de\/com-sys-und-infoguard-buendeln-ihre-cyber-expertise\/\" target=\"_blank\">https:\/\/www.m-q.ch\/de\/com-sys-und-infoguard-buendeln-ihre-cyber-expertise\/<\/a><\/p>","protected":false},"excerpt":{"rendered":"<p>Con effetto immediato, Communication Systems GmbH (Com-Sys) operer\u00e0 con il nuovo nome InfoGuard Com-Sys GmbH e in futuro utilizzer\u00e0 il suffisso del marchio \"An InfoGuard Company\". L'azienda svizzera di sicurezza informatica rende cos\u00ec visibile all'esterno la sua collaborazione di lunga data con InfoGuard, sia dal punto di vista visivo che del nome.<\/p>","protected":false},"author":8,"featured_media":0,"comment_status":"closed","ping_status":"closed","sticky":false,"template":"","format":"standard","meta":{"_acf_changed":false,"_yoast_wpseo_focuskw":"Cyber-Expertise","_yoast_wpseo_metadesc":"Cyber-Expertise geb\u00fcndelt: Ab sofort firmiert die Communication Systems GmbH (Com-Sys) unter dem neuen Namen InfoGuard Com-Sys GmbH.","articlekey":"","footnotes":""},"categories":[582],"tags":[608,393,418,492],"class_list":["post-39235","post","type-post","status-publish","format-standard","hentry","category-operational-excellence","tag-cybersicherheit","tag-produkte","tag-risikomanagement","tag-unternehmen"],"acf":[],"yoast_head":"<!-- This site is optimized with the Yoast SEO plugin v27.5 - https:\/\/yoast.com\/product\/yoast-seo-wordpress\/ -->\n<title>Com-Sys und Infoguard b\u00fcndeln ihre Cyber-Expertise - Organisator<\/title>\n<meta name=\"description\" content=\"Cyber-Expertise geb\u00fcndelt: Ab sofort firmiert die Communication Systems GmbH (Com-Sys) unter dem neuen Namen InfoGuard Com-Sys GmbH.\" \/>\n<meta name=\"robots\" content=\"index, follow, max-snippet:-1, max-image-preview:large, max-video-preview:-1\" \/>\n<link rel=\"canonical\" href=\"https:\/\/www.organisator.ch\/it\/eccellenza-operativa\/2025-06-25\/com-sys-und-infoguard-buendeln-ihre-cyber-expertise\/\" \/>\n<meta property=\"og:locale\" content=\"it_IT\" \/>\n<meta property=\"og:type\" content=\"article\" \/>\n<meta property=\"og:title\" content=\"Com-Sys und Infoguard b\u00fcndeln ihre Cyber-Expertise - Organisator\" \/>\n<meta property=\"og:description\" content=\"Cyber-Expertise geb\u00fcndelt: Ab sofort firmiert die Communication Systems GmbH (Com-Sys) unter dem neuen Namen InfoGuard Com-Sys GmbH.\" \/>\n<meta property=\"og:url\" content=\"https:\/\/www.organisator.ch\/it\/eccellenza-operativa\/2025-06-25\/com-sys-und-infoguard-buendeln-ihre-cyber-expertise\/\" \/>\n<meta property=\"og:site_name\" content=\"Organisator\" \/>\n<meta property=\"article:publisher\" content=\"https:\/\/www.facebook.com\/OrganisatorFachmagazin\" \/>\n<meta property=\"article:published_time\" content=\"2025-06-25T08:18:55+00:00\" \/>\n<meta name=\"author\" content=\"galledia\" \/>\n<meta name=\"twitter:card\" content=\"summary_large_image\" \/>\n<meta name=\"twitter:creator\" content=\"@admin\" \/>\n<script type=\"application\/ld+json\" class=\"yoast-schema-graph\">{\"@context\":\"https:\\\/\\\/schema.org\",\"@graph\":[{\"@type\":\"Article\",\"@id\":\"https:\\\/\\\/www.organisator.ch\\\/operational-excellence\\\/2025-06-25\\\/com-sys-und-infoguard-buendeln-ihre-cyber-expertise\\\/#article\",\"isPartOf\":{\"@id\":\"https:\\\/\\\/www.organisator.ch\\\/operational-excellence\\\/2025-06-25\\\/com-sys-und-infoguard-buendeln-ihre-cyber-expertise\\\/\"},\"author\":{\"name\":\"galledia\",\"@id\":\"https:\\\/\\\/www.organisator.ch\\\/#\\\/schema\\\/person\\\/4e51799071cd2dd1232ac003643ef5f0\"},\"headline\":\"Com-Sys und Infoguard b\u00fcndeln ihre Cyber-Expertise\",\"datePublished\":\"2025-06-25T08:18:55+00:00\",\"mainEntityOfPage\":{\"@id\":\"https:\\\/\\\/www.organisator.ch\\\/operational-excellence\\\/2025-06-25\\\/com-sys-und-infoguard-buendeln-ihre-cyber-expertise\\\/\"},\"wordCount\":369,\"publisher\":{\"@id\":\"https:\\\/\\\/www.organisator.ch\\\/#organization\"},\"image\":{\"@id\":\"https:\\\/\\\/www.organisator.ch\\\/operational-excellence\\\/2025-06-25\\\/com-sys-und-infoguard-buendeln-ihre-cyber-expertise\\\/#primaryimage\"},\"thumbnailUrl\":\"https:\\\/\\\/www.m-q.ch\\\/wp-content\\\/uploads\\\/2025\\\/06\\\/Com-Sys-und-Infoguard-buendeln-ihre-Cyber-Expertise_MQ.jpg\",\"keywords\":[\"Cybersicherheit\",\"Produkte\",\"Risikomanagement\",\"Unternehmen\"],\"articleSection\":[\"OPERATIONAL EXCELLENCE\"],\"inLanguage\":\"it-IT\"},{\"@type\":\"WebPage\",\"@id\":\"https:\\\/\\\/www.organisator.ch\\\/operational-excellence\\\/2025-06-25\\\/com-sys-und-infoguard-buendeln-ihre-cyber-expertise\\\/\",\"url\":\"https:\\\/\\\/www.organisator.ch\\\/operational-excellence\\\/2025-06-25\\\/com-sys-und-infoguard-buendeln-ihre-cyber-expertise\\\/\",\"name\":\"Com-Sys und Infoguard b\u00fcndeln ihre Cyber-Expertise - Organisator\",\"isPartOf\":{\"@id\":\"https:\\\/\\\/www.organisator.ch\\\/#website\"},\"primaryImageOfPage\":{\"@id\":\"https:\\\/\\\/www.organisator.ch\\\/operational-excellence\\\/2025-06-25\\\/com-sys-und-infoguard-buendeln-ihre-cyber-expertise\\\/#primaryimage\"},\"image\":{\"@id\":\"https:\\\/\\\/www.organisator.ch\\\/operational-excellence\\\/2025-06-25\\\/com-sys-und-infoguard-buendeln-ihre-cyber-expertise\\\/#primaryimage\"},\"thumbnailUrl\":\"https:\\\/\\\/www.m-q.ch\\\/wp-content\\\/uploads\\\/2025\\\/06\\\/Com-Sys-und-Infoguard-buendeln-ihre-Cyber-Expertise_MQ.jpg\",\"datePublished\":\"2025-06-25T08:18:55+00:00\",\"description\":\"Cyber-Expertise geb\u00fcndelt: Ab sofort firmiert die Communication Systems GmbH (Com-Sys) unter dem neuen Namen InfoGuard Com-Sys GmbH.\",\"breadcrumb\":{\"@id\":\"https:\\\/\\\/www.organisator.ch\\\/operational-excellence\\\/2025-06-25\\\/com-sys-und-infoguard-buendeln-ihre-cyber-expertise\\\/#breadcrumb\"},\"inLanguage\":\"it-IT\",\"potentialAction\":[{\"@type\":\"ReadAction\",\"target\":[\"https:\\\/\\\/www.organisator.ch\\\/operational-excellence\\\/2025-06-25\\\/com-sys-und-infoguard-buendeln-ihre-cyber-expertise\\\/\"]}]},{\"@type\":\"ImageObject\",\"inLanguage\":\"it-IT\",\"@id\":\"https:\\\/\\\/www.organisator.ch\\\/operational-excellence\\\/2025-06-25\\\/com-sys-und-infoguard-buendeln-ihre-cyber-expertise\\\/#primaryimage\",\"url\":\"https:\\\/\\\/www.m-q.ch\\\/wp-content\\\/uploads\\\/2025\\\/06\\\/Com-Sys-und-Infoguard-buendeln-ihre-Cyber-Expertise_MQ.jpg\",\"contentUrl\":\"https:\\\/\\\/www.m-q.ch\\\/wp-content\\\/uploads\\\/2025\\\/06\\\/Com-Sys-und-Infoguard-buendeln-ihre-Cyber-Expertise_MQ.jpg\"},{\"@type\":\"BreadcrumbList\",\"@id\":\"https:\\\/\\\/www.organisator.ch\\\/operational-excellence\\\/2025-06-25\\\/com-sys-und-infoguard-buendeln-ihre-cyber-expertise\\\/#breadcrumb\",\"itemListElement\":[{\"@type\":\"ListItem\",\"position\":1,\"name\":\"Home\",\"item\":\"https:\\\/\\\/www.organisator.ch\\\/\"},{\"@type\":\"ListItem\",\"position\":2,\"name\":\"Com-Sys und Infoguard b\u00fcndeln ihre Cyber-Expertise\"}]},{\"@type\":\"WebSite\",\"@id\":\"https:\\\/\\\/www.organisator.ch\\\/#website\",\"url\":\"https:\\\/\\\/www.organisator.ch\\\/\",\"name\":\"Organisator\",\"description\":\"Kompetent. Praxisnah. Der ORGANISATOR bereitet in 10 Ausgaben pro Jahr die wesentlichen Themen f\u00fcr F\u00fchrungskr\u00e4fte von KMU auf.\",\"publisher\":{\"@id\":\"https:\\\/\\\/www.organisator.ch\\\/#organization\"},\"potentialAction\":[{\"@type\":\"SearchAction\",\"target\":{\"@type\":\"EntryPoint\",\"urlTemplate\":\"https:\\\/\\\/www.organisator.ch\\\/?s={search_term_string}\"},\"query-input\":{\"@type\":\"PropertyValueSpecification\",\"valueRequired\":true,\"valueName\":\"search_term_string\"}}],\"inLanguage\":\"it-IT\"},{\"@type\":\"Organization\",\"@id\":\"https:\\\/\\\/www.organisator.ch\\\/#organization\",\"name\":\"Organisator\",\"url\":\"https:\\\/\\\/www.organisator.ch\\\/\",\"logo\":{\"@type\":\"ImageObject\",\"inLanguage\":\"it-IT\",\"@id\":\"https:\\\/\\\/www.organisator.ch\\\/#\\\/schema\\\/logo\\\/image\\\/\",\"url\":\"https:\\\/\\\/www.organisator.ch\\\/wp-content\\\/uploads\\\/2022\\\/01\\\/Logo_Organisator_Website.png\",\"contentUrl\":\"https:\\\/\\\/www.organisator.ch\\\/wp-content\\\/uploads\\\/2022\\\/01\\\/Logo_Organisator_Website.png\",\"width\":800,\"height\":77,\"caption\":\"Organisator\"},\"image\":{\"@id\":\"https:\\\/\\\/www.organisator.ch\\\/#\\\/schema\\\/logo\\\/image\\\/\"},\"sameAs\":[\"https:\\\/\\\/www.facebook.com\\\/OrganisatorFachmagazin\",\"https:\\\/\\\/www.linkedin.com\\\/showcase\\\/organisator-das-magazin-fr-kmu\",\"https:\\\/\\\/www.xing.com\\\/news\\\/pages\\\/organisator-ch-695\",\"https:\\\/\\\/www.youtube.com\\\/channel\\\/UCGP2Sq0iWaZwT3BdIAQFYpw\"]},{\"@type\":\"Person\",\"@id\":\"https:\\\/\\\/www.organisator.ch\\\/#\\\/schema\\\/person\\\/4e51799071cd2dd1232ac003643ef5f0\",\"name\":\"galledia\",\"image\":{\"@type\":\"ImageObject\",\"inLanguage\":\"it-IT\",\"@id\":\"https:\\\/\\\/secure.gravatar.com\\\/avatar\\\/78a7f90c01fc2bfc875782a0d4922b37cde2cf184ce347b91316d23cd7f69a36?s=96&d=mm&r=g\",\"url\":\"https:\\\/\\\/secure.gravatar.com\\\/avatar\\\/78a7f90c01fc2bfc875782a0d4922b37cde2cf184ce347b91316d23cd7f69a36?s=96&d=mm&r=g\",\"contentUrl\":\"https:\\\/\\\/secure.gravatar.com\\\/avatar\\\/78a7f90c01fc2bfc875782a0d4922b37cde2cf184ce347b91316d23cd7f69a36?s=96&d=mm&r=g\",\"caption\":\"galledia\"},\"sameAs\":[\"https:\\\/\\\/x.com\\\/admin\"],\"url\":\"https:\\\/\\\/www.organisator.ch\\\/it\\\/author\\\/galledia\\\/\"}]}<\/script>\n<!-- \/ Yoast SEO plugin. -->","yoast_head_json":{"title":"Com-Sys e Infoguard uniscono le loro competenze informatiche - Organizzatore","description":"Competenze informatiche in un unico pacchetto: Con effetto immediato, Communication Systems GmbH (Com-Sys) operer\u00e0 con il nuovo nome di InfoGuard Com-Sys GmbH.","robots":{"index":"index","follow":"follow","max-snippet":"max-snippet:-1","max-image-preview":"max-image-preview:large","max-video-preview":"max-video-preview:-1"},"canonical":"https:\/\/www.organisator.ch\/it\/eccellenza-operativa\/2025-06-25\/com-sys-und-infoguard-buendeln-ihre-cyber-expertise\/","og_locale":"it_IT","og_type":"article","og_title":"Com-Sys und Infoguard b\u00fcndeln ihre Cyber-Expertise - Organisator","og_description":"Cyber-Expertise geb\u00fcndelt: Ab sofort firmiert die Communication Systems GmbH (Com-Sys) unter dem neuen Namen InfoGuard Com-Sys GmbH.","og_url":"https:\/\/www.organisator.ch\/it\/eccellenza-operativa\/2025-06-25\/com-sys-und-infoguard-buendeln-ihre-cyber-expertise\/","og_site_name":"Organisator","article_publisher":"https:\/\/www.facebook.com\/OrganisatorFachmagazin","article_published_time":"2025-06-25T08:18:55+00:00","author":"galledia","twitter_card":"summary_large_image","twitter_creator":"@admin","schema":{"@context":"https:\/\/schema.org","@graph":[{"@type":"Article","@id":"https:\/\/www.organisator.ch\/operational-excellence\/2025-06-25\/com-sys-und-infoguard-buendeln-ihre-cyber-expertise\/#article","isPartOf":{"@id":"https:\/\/www.organisator.ch\/operational-excellence\/2025-06-25\/com-sys-und-infoguard-buendeln-ihre-cyber-expertise\/"},"author":{"name":"galledia","@id":"https:\/\/www.organisator.ch\/#\/schema\/person\/4e51799071cd2dd1232ac003643ef5f0"},"headline":"Com-Sys und Infoguard b\u00fcndeln ihre Cyber-Expertise","datePublished":"2025-06-25T08:18:55+00:00","mainEntityOfPage":{"@id":"https:\/\/www.organisator.ch\/operational-excellence\/2025-06-25\/com-sys-und-infoguard-buendeln-ihre-cyber-expertise\/"},"wordCount":369,"publisher":{"@id":"https:\/\/www.organisator.ch\/#organization"},"image":{"@id":"https:\/\/www.organisator.ch\/operational-excellence\/2025-06-25\/com-sys-und-infoguard-buendeln-ihre-cyber-expertise\/#primaryimage"},"thumbnailUrl":"https:\/\/www.m-q.ch\/wp-content\/uploads\/2025\/06\/Com-Sys-und-Infoguard-buendeln-ihre-Cyber-Expertise_MQ.jpg","keywords":["Cybersicherheit","Produkte","Risikomanagement","Unternehmen"],"articleSection":["OPERATIONAL EXCELLENCE"],"inLanguage":"it-IT"},{"@type":"WebPage","@id":"https:\/\/www.organisator.ch\/operational-excellence\/2025-06-25\/com-sys-und-infoguard-buendeln-ihre-cyber-expertise\/","url":"https:\/\/www.organisator.ch\/operational-excellence\/2025-06-25\/com-sys-und-infoguard-buendeln-ihre-cyber-expertise\/","name":"Com-Sys e Infoguard uniscono le loro competenze informatiche - Organizzatore","isPartOf":{"@id":"https:\/\/www.organisator.ch\/#website"},"primaryImageOfPage":{"@id":"https:\/\/www.organisator.ch\/operational-excellence\/2025-06-25\/com-sys-und-infoguard-buendeln-ihre-cyber-expertise\/#primaryimage"},"image":{"@id":"https:\/\/www.organisator.ch\/operational-excellence\/2025-06-25\/com-sys-und-infoguard-buendeln-ihre-cyber-expertise\/#primaryimage"},"thumbnailUrl":"https:\/\/www.m-q.ch\/wp-content\/uploads\/2025\/06\/Com-Sys-und-Infoguard-buendeln-ihre-Cyber-Expertise_MQ.jpg","datePublished":"2025-06-25T08:18:55+00:00","description":"Competenze informatiche in un unico pacchetto: Con effetto immediato, Communication Systems GmbH (Com-Sys) operer\u00e0 con il nuovo nome di InfoGuard Com-Sys GmbH.","breadcrumb":{"@id":"https:\/\/www.organisator.ch\/operational-excellence\/2025-06-25\/com-sys-und-infoguard-buendeln-ihre-cyber-expertise\/#breadcrumb"},"inLanguage":"it-IT","potentialAction":[{"@type":"ReadAction","target":["https:\/\/www.organisator.ch\/operational-excellence\/2025-06-25\/com-sys-und-infoguard-buendeln-ihre-cyber-expertise\/"]}]},{"@type":"ImageObject","inLanguage":"it-IT","@id":"https:\/\/www.organisator.ch\/operational-excellence\/2025-06-25\/com-sys-und-infoguard-buendeln-ihre-cyber-expertise\/#primaryimage","url":"https:\/\/www.m-q.ch\/wp-content\/uploads\/2025\/06\/Com-Sys-und-Infoguard-buendeln-ihre-Cyber-Expertise_MQ.jpg","contentUrl":"https:\/\/www.m-q.ch\/wp-content\/uploads\/2025\/06\/Com-Sys-und-Infoguard-buendeln-ihre-Cyber-Expertise_MQ.jpg"},{"@type":"BreadcrumbList","@id":"https:\/\/www.organisator.ch\/operational-excellence\/2025-06-25\/com-sys-und-infoguard-buendeln-ihre-cyber-expertise\/#breadcrumb","itemListElement":[{"@type":"ListItem","position":1,"name":"Home","item":"https:\/\/www.organisator.ch\/"},{"@type":"ListItem","position":2,"name":"Com-Sys und Infoguard b\u00fcndeln ihre Cyber-Expertise"}]},{"@type":"WebSite","@id":"https:\/\/www.organisator.ch\/#website","url":"https:\/\/www.organisator.ch\/","name":"Organizzatore","description":"Competente. Pratico. In 10 numeri all'anno, ORGANISATOR presenta i temi essenziali per i manager delle PMI.","publisher":{"@id":"https:\/\/www.organisator.ch\/#organization"},"potentialAction":[{"@type":"SearchAction","target":{"@type":"EntryPoint","urlTemplate":"https:\/\/www.organisator.ch\/?s={search_term_string}"},"query-input":{"@type":"PropertyValueSpecification","valueRequired":true,"valueName":"search_term_string"}}],"inLanguage":"it-IT"},{"@type":"Organization","@id":"https:\/\/www.organisator.ch\/#organization","name":"Organizzatore","url":"https:\/\/www.organisator.ch\/","logo":{"@type":"ImageObject","inLanguage":"it-IT","@id":"https:\/\/www.organisator.ch\/#\/schema\/logo\/image\/","url":"https:\/\/www.organisator.ch\/wp-content\/uploads\/2022\/01\/Logo_Organisator_Website.png","contentUrl":"https:\/\/www.organisator.ch\/wp-content\/uploads\/2022\/01\/Logo_Organisator_Website.png","width":800,"height":77,"caption":"Organisator"},"image":{"@id":"https:\/\/www.organisator.ch\/#\/schema\/logo\/image\/"},"sameAs":["https:\/\/www.facebook.com\/OrganisatorFachmagazin","https:\/\/www.linkedin.com\/showcase\/organisator-das-magazin-fr-kmu","https:\/\/www.xing.com\/news\/pages\/organisator-ch-695","https:\/\/www.youtube.com\/channel\/UCGP2Sq0iWaZwT3BdIAQFYpw"]},{"@type":"Person","@id":"https:\/\/www.organisator.ch\/#\/schema\/person\/4e51799071cd2dd1232ac003643ef5f0","name":"galledia","image":{"@type":"ImageObject","inLanguage":"it-IT","@id":"https:\/\/secure.gravatar.com\/avatar\/78a7f90c01fc2bfc875782a0d4922b37cde2cf184ce347b91316d23cd7f69a36?s=96&d=mm&r=g","url":"https:\/\/secure.gravatar.com\/avatar\/78a7f90c01fc2bfc875782a0d4922b37cde2cf184ce347b91316d23cd7f69a36?s=96&d=mm&r=g","contentUrl":"https:\/\/secure.gravatar.com\/avatar\/78a7f90c01fc2bfc875782a0d4922b37cde2cf184ce347b91316d23cd7f69a36?s=96&d=mm&r=g","caption":"galledia"},"sameAs":["https:\/\/x.com\/admin"],"url":"https:\/\/www.organisator.ch\/it\/author\/galledia\/"}]}},"_links":{"self":[{"href":"https:\/\/www.organisator.ch\/it\/wp-json\/wp\/v2\/posts\/39235","targetHints":{"allow":["GET"]}}],"collection":[{"href":"https:\/\/www.organisator.ch\/it\/wp-json\/wp\/v2\/posts"}],"about":[{"href":"https:\/\/www.organisator.ch\/it\/wp-json\/wp\/v2\/types\/post"}],"author":[{"embeddable":true,"href":"https:\/\/www.organisator.ch\/it\/wp-json\/wp\/v2\/users\/8"}],"replies":[{"embeddable":true,"href":"https:\/\/www.organisator.ch\/it\/wp-json\/wp\/v2\/comments?post=39235"}],"version-history":[{"count":4,"href":"https:\/\/www.organisator.ch\/it\/wp-json\/wp\/v2\/posts\/39235\/revisions"}],"predecessor-version":[{"id":39266,"href":"https:\/\/www.organisator.ch\/it\/wp-json\/wp\/v2\/posts\/39235\/revisions\/39266"}],"wp:attachment":[{"href":"https:\/\/www.organisator.ch\/it\/wp-json\/wp\/v2\/media?parent=39235"}],"wp:term":[{"taxonomy":"category","embeddable":true,"href":"https:\/\/www.organisator.ch\/it\/wp-json\/wp\/v2\/categories?post=39235"},{"taxonomy":"post_tag","embeddable":true,"href":"https:\/\/www.organisator.ch\/it\/wp-json\/wp\/v2\/tags?post=39235"}],"curies":[{"name":"wp","href":"https:\/\/api.w.org\/{rel}","templated":true}]}}