{"id":39308,"date":"2025-06-26T08:31:55","date_gmt":"2025-06-26T06:31:55","guid":{"rendered":"https:\/\/www.organisator.ch\/?p=39308"},"modified":"2025-07-03T08:11:32","modified_gmt":"2025-07-03T06:11:32","slug":"wenn-diese-eine-sache-fehlt-werden-sie-fremdgesteuert","status":"publish","type":"post","link":"https:\/\/www.organisator.ch\/it\/management\/2025-06-26\/wenn-diese-eine-sache-fehlt-werden-sie-fremdgesteuert\/","title":{"rendered":"Se manca questa cosa, si \u00e8 controllati dagli altri."},"content":{"rendered":"<figure id=\"attachment_39315\" aria-describedby=\"caption-attachment-39315\" style=\"width: 680px\" class=\"wp-caption alignnone\"><img loading=\"lazy\" decoding=\"async\" class=\"size-full wp-image-39315\" src=\"https:\/\/www.organisator.ch\/wp-content\/uploads\/2025\/06\/Wenn-diese-eine-Sache-fehlt-werden-Sie-fremdgesteuert_Organisator.jpg\" alt=\"\" width=\"680\" height=\"446\" srcset=\"https:\/\/www.organisator.ch\/wp-content\/uploads\/2025\/06\/Wenn-diese-eine-Sache-fehlt-werden-Sie-fremdgesteuert_Organisator.jpg 680w, https:\/\/www.organisator.ch\/wp-content\/uploads\/2025\/06\/Wenn-diese-eine-Sache-fehlt-werden-Sie-fremdgesteuert_Organisator-18x12.jpg 18w, https:\/\/www.organisator.ch\/wp-content\/uploads\/2025\/06\/Wenn-diese-eine-Sache-fehlt-werden-Sie-fremdgesteuert_Organisator-375x246.jpg 375w, https:\/\/www.organisator.ch\/wp-content\/uploads\/2025\/06\/Wenn-diese-eine-Sache-fehlt-werden-Sie-fremdgesteuert_Organisator-534x350.jpg 534w\" sizes=\"auto, (max-width: 680px) 100vw, 680px\" \/><figcaption id=\"caption-attachment-39315\" class=\"wp-caption-text\">Ritrovare la propria bussola invece di essere controllati dagli altri... (Immagine: Unsplash.com)<\/figcaption><\/figure>\n<p>Nei miei colloqui con i manager, sia che si tratti di dirigenti, sia che si tratti di dirigenti di divisione o di dirigenti in carriera, mi imbatto sempre in un pensiero: <em>\"Ho sempre qualcosa da fare - ma mi chiedo sempre <\/em><em>Spesso mi chiedo se sto andando nella direzione giusta. O se sto solo reagendo.<\/em><em>\"<\/em><\/p>\n<h3>Se manca il comando attivo<\/h3>\n<p>Questa affermazione non \u00e8 un caso isolato. \u00c8 un chiaro segnale di allarme di una carenza che molti sottovalutano e che tuttavia ha conseguenze di vasta portata: la mancanza di chiarezza. Perch\u00e9 se non ci si gestisce attivamente, si viene gestiti automaticamente. Non necessariamente da una persona, ma da calendari, routine, aspettative e sistemi.<\/p>\n<p>E i manager ambiziosi che hanno grandi aspettative su se stessi spesso cadono in questa trappola. Hanno grandi obiettivi, non c'\u00e8 dubbio. Ma il quadro concreto del prossimo passo di sviluppo - per loro stessi, per il team o per l'azienda - spesso rimane vago. Oppure \u00e8 stato abbozzato a un certo punto, ma svanisce nella vita quotidiana tra riunioni, e-mail e compiti immediati.<\/p>\n<p>Ci\u00f2 che viene meno \u00e8 il vostro effetto di controllo e quindi la vostra influenza. Non da un giorno all'altro. Ma gradualmente. Ad ogni ulteriore reazione spontanea. Ad ogni apparentemente piccolo aggiustamento delle priorit\u00e0 altrui. Con ogni \"prendo io il comando per un momento\".<\/p>\n<p>Una leadership senza chiarezza \u00e8 come navigare senza bussola: si pu\u00f2 essere in movimento, ma non si sa dove si sta andando e se la direzione \u00e8 quella giusta. La chiarezza non \u00e8 un lusso per i momenti di tranquillit\u00e0. Soprattutto in ambienti complessi e dinamici, \u00e8 il prerequisito per l'efficacia e anche per una maggiore facilit\u00e0. Perch\u00e9 la chiarezza riduce le decisioni inutili, protegge le energie e rafforza il ruolo di leader.<\/p>\n<h3>Fornire chiarezza<\/h3>\n<p>L'importante \u00e8 che di solito non manchi la competenza o l'impegno. Ma piuttosto una concentrazione consapevole. Decidere cosa conta oggi - e cosa non conta (ancora).<\/p>\n<p>E vale quanto segue: ci\u00f2 che non \u00e8 chiaro non sar\u00e0 deciso. Ci\u00f2 che non \u00e8 deciso non sar\u00e0 attuato. Ci\u00f2 che non viene attuato non aiuta nessuno.<\/p>\n<p>Ecco quindi un'idea da applicare direttamente: Prendetevi 10 minuti oggi e rispondete a tre domande, per iscritto, a voi stessi:<\/p>\n<ol>\n<li>Cosa voglio ottenere in sei mesi - per me e per il mio team?<\/li>\n<li>Qual \u00e8 il mio contributo pi\u00f9 importante, al di l\u00e0 dell'attivit\u00e0 quotidiana?<\/li>\n<li>Cosa mi blocca di pi\u00f9 in questo momento e come posso cambiarlo oggi?<\/li>\n<\/ol>\n<p>Non \u00e8 necessario cambiare tutto. Ma la chiarezza inizia con un pensiero e cresce con ogni passo consapevole nella giusta direzione.<\/p>\n<p>Quindi, oggi state creando pi\u00f9 chiarezza o continuate come prima? Questa \u00e8 una decisione chiara.<\/p>\n<p><i>All'autore:<br \/>\n<\/i><em>Volkmar V\u00f6lzke \u00e8 un massimizzatore di successi. Autore del libro. Consulente. Allenatore. Altoparlante.\u00a0<a href=\"http:\/\/www.volkmarvoelzke.ch\/\">www.volkmarvoelzke.ch<\/a><\/em><\/p>","protected":false},"excerpt":{"rendered":"<p>I manager si trovano spesso in una situazione in cui si limitano a reagire piuttosto che ad agire. Tuttavia, il nostro autore ospite Volkmar V\u00f6lzke sa che esistono modi per porre fine a questo \"controllo esterno\" e fornisce un impulso per il successo.<\/p>","protected":false},"author":4,"featured_media":39315,"comment_status":"closed","ping_status":"closed","sticky":false,"template":"","format":"standard","meta":{"_acf_changed":false,"_yoast_wpseo_focuskw":"fremdgesteuert","_yoast_wpseo_metadesc":"Gastautor Volkmar V\u00f6lzke vermittelt einen Erfolgs-Impuls, mit dem man verhindert, sich als F\u00fchrungskraft st\u00e4ndig fremdgesteuert zu f\u00fchlen.","articlekey":"","footnotes":""},"categories":[28],"tags":[177,320,335,429],"class_list":["post-39308","post","type-post","status-publish","format-standard","has-post-thumbnail","hentry","category-management","tag-erfolgs-impuls","tag-leadership","tag-management-und-unternehmensfuehrung","tag-selbstmanagement"],"acf":[],"yoast_head":"<!-- This site is optimized with the Yoast SEO plugin v27.5 - https:\/\/yoast.com\/product\/yoast-seo-wordpress\/ -->\n<title>Wenn diese eine Sache fehlt, werden Sie fremdgesteuert - Organisator<\/title>\n<meta name=\"description\" content=\"Gastautor Volkmar V\u00f6lzke vermittelt einen Erfolgs-Impuls, mit dem man verhindert, sich als F\u00fchrungskraft st\u00e4ndig fremdgesteuert zu f\u00fchlen.\" \/>\n<meta name=\"robots\" content=\"index, follow, max-snippet:-1, max-image-preview:large, max-video-preview:-1\" \/>\n<link rel=\"canonical\" href=\"https:\/\/www.organisator.ch\/it\/gestione-2\/2025-06-26\/wenn-diese-eine-sache-fehlt-werden-sie-fremdgesteuert\/\" \/>\n<meta property=\"og:locale\" content=\"it_IT\" \/>\n<meta property=\"og:type\" content=\"article\" \/>\n<meta property=\"og:title\" content=\"Wenn diese eine Sache fehlt, werden Sie fremdgesteuert\" \/>\n<meta property=\"og:description\" content=\"Gastautor Volkmar V\u00f6lzke vermittelt einen Erfolgs-Impuls, mit dem man verhindert, sich als F\u00fchrungskraft st\u00e4ndig fremdgesteuert zu f\u00fchlen.\" \/>\n<meta property=\"og:url\" content=\"https:\/\/www.organisator.ch\/it\/gestione-2\/2025-06-26\/wenn-diese-eine-sache-fehlt-werden-sie-fremdgesteuert\/\" \/>\n<meta property=\"og:site_name\" content=\"Organisator\" \/>\n<meta property=\"article:publisher\" content=\"https:\/\/www.facebook.com\/OrganisatorFachmagazin\" \/>\n<meta property=\"article:published_time\" content=\"2025-06-26T06:31:55+00:00\" \/>\n<meta property=\"article:modified_time\" content=\"2025-07-03T06:11:32+00:00\" \/>\n<meta property=\"og:image\" content=\"https:\/\/www.organisator.ch\/wp-content\/uploads\/2025\/06\/Wenn-diese-eine-Sache-fehlt-werden-Sie-fremdgesteuert_Organisator.jpg\" \/>\n\t<meta property=\"og:image:width\" content=\"680\" \/>\n\t<meta property=\"og:image:height\" content=\"446\" \/>\n\t<meta property=\"og:image:type\" content=\"image\/jpeg\" \/>\n<meta name=\"author\" content=\"thomas.berner\" \/>\n<meta name=\"twitter:card\" content=\"summary_large_image\" \/>\n<meta name=\"twitter:title\" content=\"Wenn diese eine Sache fehlt, werden Sie #fremdgesteuert\" \/>\n<meta name=\"twitter:description\" content=\"Gastautor Volkmar V\u00f6lzke vermittelt einen #Erfolgs-Impuls, mit dem man verhindert, sich als #F\u00fchrungskraft st\u00e4ndig #fremdgesteuert zu f\u00fchlen.\" \/>\n<meta name=\"twitter:image\" content=\"https:\/\/www.organisator.ch\/wp-content\/uploads\/2025\/06\/Wenn-diese-eine-Sache-fehlt-werden-Sie-fremdgesteuert_Organisator.jpg\" \/>\n<script type=\"application\/ld+json\" class=\"yoast-schema-graph\">{\"@context\":\"https:\\\/\\\/schema.org\",\"@graph\":[{\"@type\":\"Article\",\"@id\":\"https:\\\/\\\/www.organisator.ch\\\/management\\\/2025-06-26\\\/wenn-diese-eine-sache-fehlt-werden-sie-fremdgesteuert\\\/#article\",\"isPartOf\":{\"@id\":\"https:\\\/\\\/www.organisator.ch\\\/management\\\/2025-06-26\\\/wenn-diese-eine-sache-fehlt-werden-sie-fremdgesteuert\\\/\"},\"author\":{\"name\":\"thomas.berner\",\"@id\":\"https:\\\/\\\/www.organisator.ch\\\/#\\\/schema\\\/person\\\/6f650f90b2842cd4c0cc334b4e36f67e\"},\"headline\":\"Wenn diese eine Sache fehlt, werden Sie fremdgesteuert\",\"datePublished\":\"2025-06-26T06:31:55+00:00\",\"dateModified\":\"2025-07-03T06:11:32+00:00\",\"mainEntityOfPage\":{\"@id\":\"https:\\\/\\\/www.organisator.ch\\\/management\\\/2025-06-26\\\/wenn-diese-eine-sache-fehlt-werden-sie-fremdgesteuert\\\/\"},\"wordCount\":467,\"publisher\":{\"@id\":\"https:\\\/\\\/www.organisator.ch\\\/#organization\"},\"image\":{\"@id\":\"https:\\\/\\\/www.organisator.ch\\\/management\\\/2025-06-26\\\/wenn-diese-eine-sache-fehlt-werden-sie-fremdgesteuert\\\/#primaryimage\"},\"thumbnailUrl\":\"https:\\\/\\\/www.organisator.ch\\\/wp-content\\\/uploads\\\/2025\\\/06\\\/Wenn-diese-eine-Sache-fehlt-werden-Sie-fremdgesteuert_Organisator.jpg\",\"keywords\":[\"Erfolgs-Impuls\",\"Leadership\",\"Management und Unternehmensf\u00fchrung\",\"Selbstmanagement\"],\"articleSection\":[\"MANAGEMENT\"],\"inLanguage\":\"it-IT\"},{\"@type\":\"WebPage\",\"@id\":\"https:\\\/\\\/www.organisator.ch\\\/management\\\/2025-06-26\\\/wenn-diese-eine-sache-fehlt-werden-sie-fremdgesteuert\\\/\",\"url\":\"https:\\\/\\\/www.organisator.ch\\\/management\\\/2025-06-26\\\/wenn-diese-eine-sache-fehlt-werden-sie-fremdgesteuert\\\/\",\"name\":\"Wenn diese eine Sache fehlt, werden Sie fremdgesteuert - Organisator\",\"isPartOf\":{\"@id\":\"https:\\\/\\\/www.organisator.ch\\\/#website\"},\"primaryImageOfPage\":{\"@id\":\"https:\\\/\\\/www.organisator.ch\\\/management\\\/2025-06-26\\\/wenn-diese-eine-sache-fehlt-werden-sie-fremdgesteuert\\\/#primaryimage\"},\"image\":{\"@id\":\"https:\\\/\\\/www.organisator.ch\\\/management\\\/2025-06-26\\\/wenn-diese-eine-sache-fehlt-werden-sie-fremdgesteuert\\\/#primaryimage\"},\"thumbnailUrl\":\"https:\\\/\\\/www.organisator.ch\\\/wp-content\\\/uploads\\\/2025\\\/06\\\/Wenn-diese-eine-Sache-fehlt-werden-Sie-fremdgesteuert_Organisator.jpg\",\"datePublished\":\"2025-06-26T06:31:55+00:00\",\"dateModified\":\"2025-07-03T06:11:32+00:00\",\"description\":\"Gastautor Volkmar V\u00f6lzke vermittelt einen Erfolgs-Impuls, mit dem man verhindert, sich als F\u00fchrungskraft st\u00e4ndig fremdgesteuert zu f\u00fchlen.\",\"breadcrumb\":{\"@id\":\"https:\\\/\\\/www.organisator.ch\\\/management\\\/2025-06-26\\\/wenn-diese-eine-sache-fehlt-werden-sie-fremdgesteuert\\\/#breadcrumb\"},\"inLanguage\":\"it-IT\",\"potentialAction\":[{\"@type\":\"ReadAction\",\"target\":[\"https:\\\/\\\/www.organisator.ch\\\/management\\\/2025-06-26\\\/wenn-diese-eine-sache-fehlt-werden-sie-fremdgesteuert\\\/\"]}]},{\"@type\":\"ImageObject\",\"inLanguage\":\"it-IT\",\"@id\":\"https:\\\/\\\/www.organisator.ch\\\/management\\\/2025-06-26\\\/wenn-diese-eine-sache-fehlt-werden-sie-fremdgesteuert\\\/#primaryimage\",\"url\":\"https:\\\/\\\/www.organisator.ch\\\/wp-content\\\/uploads\\\/2025\\\/06\\\/Wenn-diese-eine-Sache-fehlt-werden-Sie-fremdgesteuert_Organisator.jpg\",\"contentUrl\":\"https:\\\/\\\/www.organisator.ch\\\/wp-content\\\/uploads\\\/2025\\\/06\\\/Wenn-diese-eine-Sache-fehlt-werden-Sie-fremdgesteuert_Organisator.jpg\",\"width\":680,\"height\":446,\"caption\":\"Den eigenen Kompass wieder finden statt fremdgesteuert zu sein... (Bild: Unsplash.com)\"},{\"@type\":\"BreadcrumbList\",\"@id\":\"https:\\\/\\\/www.organisator.ch\\\/management\\\/2025-06-26\\\/wenn-diese-eine-sache-fehlt-werden-sie-fremdgesteuert\\\/#breadcrumb\",\"itemListElement\":[{\"@type\":\"ListItem\",\"position\":1,\"name\":\"Home\",\"item\":\"https:\\\/\\\/www.organisator.ch\\\/\"},{\"@type\":\"ListItem\",\"position\":2,\"name\":\"Wenn diese eine Sache fehlt, werden Sie fremdgesteuert\"}]},{\"@type\":\"WebSite\",\"@id\":\"https:\\\/\\\/www.organisator.ch\\\/#website\",\"url\":\"https:\\\/\\\/www.organisator.ch\\\/\",\"name\":\"Organisator\",\"description\":\"Kompetent. Praxisnah. Der ORGANISATOR bereitet in 10 Ausgaben pro Jahr die wesentlichen Themen f\u00fcr F\u00fchrungskr\u00e4fte von KMU auf.\",\"publisher\":{\"@id\":\"https:\\\/\\\/www.organisator.ch\\\/#organization\"},\"potentialAction\":[{\"@type\":\"SearchAction\",\"target\":{\"@type\":\"EntryPoint\",\"urlTemplate\":\"https:\\\/\\\/www.organisator.ch\\\/?s={search_term_string}\"},\"query-input\":{\"@type\":\"PropertyValueSpecification\",\"valueRequired\":true,\"valueName\":\"search_term_string\"}}],\"inLanguage\":\"it-IT\"},{\"@type\":\"Organization\",\"@id\":\"https:\\\/\\\/www.organisator.ch\\\/#organization\",\"name\":\"Organisator\",\"url\":\"https:\\\/\\\/www.organisator.ch\\\/\",\"logo\":{\"@type\":\"ImageObject\",\"inLanguage\":\"it-IT\",\"@id\":\"https:\\\/\\\/www.organisator.ch\\\/#\\\/schema\\\/logo\\\/image\\\/\",\"url\":\"https:\\\/\\\/www.organisator.ch\\\/wp-content\\\/uploads\\\/2022\\\/01\\\/Logo_Organisator_Website.png\",\"contentUrl\":\"https:\\\/\\\/www.organisator.ch\\\/wp-content\\\/uploads\\\/2022\\\/01\\\/Logo_Organisator_Website.png\",\"width\":800,\"height\":77,\"caption\":\"Organisator\"},\"image\":{\"@id\":\"https:\\\/\\\/www.organisator.ch\\\/#\\\/schema\\\/logo\\\/image\\\/\"},\"sameAs\":[\"https:\\\/\\\/www.facebook.com\\\/OrganisatorFachmagazin\",\"https:\\\/\\\/www.linkedin.com\\\/showcase\\\/organisator-das-magazin-fr-kmu\",\"https:\\\/\\\/www.xing.com\\\/news\\\/pages\\\/organisator-ch-695\",\"https:\\\/\\\/www.youtube.com\\\/channel\\\/UCGP2Sq0iWaZwT3BdIAQFYpw\"]},{\"@type\":\"Person\",\"@id\":\"https:\\\/\\\/www.organisator.ch\\\/#\\\/schema\\\/person\\\/6f650f90b2842cd4c0cc334b4e36f67e\",\"name\":\"thomas.berner\",\"image\":{\"@type\":\"ImageObject\",\"inLanguage\":\"it-IT\",\"@id\":\"https:\\\/\\\/secure.gravatar.com\\\/avatar\\\/ac5001d2a36cb6c6cd3e50789007ffca834b477b74a2144564522e944eabff61?s=96&d=mm&r=g\",\"url\":\"https:\\\/\\\/secure.gravatar.com\\\/avatar\\\/ac5001d2a36cb6c6cd3e50789007ffca834b477b74a2144564522e944eabff61?s=96&d=mm&r=g\",\"contentUrl\":\"https:\\\/\\\/secure.gravatar.com\\\/avatar\\\/ac5001d2a36cb6c6cd3e50789007ffca834b477b74a2144564522e944eabff61?s=96&d=mm&r=g\",\"caption\":\"thomas.berner\"},\"url\":\"https:\\\/\\\/www.organisator.ch\\\/it\\\/author\\\/thomas-berner\\\/\"}]}<\/script>\n<!-- \/ Yoast SEO plugin. -->","yoast_head_json":{"title":"Se manca questa cosa, si \u00e8 controllati da altri - organizzatore","description":"L'autore Volkmar V\u00f6lzke fornisce un impulso al successo che impedisce ai manager di sentirsi costantemente controllati dagli altri.","robots":{"index":"index","follow":"follow","max-snippet":"max-snippet:-1","max-image-preview":"max-image-preview:large","max-video-preview":"max-video-preview:-1"},"canonical":"https:\/\/www.organisator.ch\/it\/gestione-2\/2025-06-26\/wenn-diese-eine-sache-fehlt-werden-sie-fremdgesteuert\/","og_locale":"it_IT","og_type":"article","og_title":"Wenn diese eine Sache fehlt, werden Sie fremdgesteuert","og_description":"Gastautor Volkmar V\u00f6lzke vermittelt einen Erfolgs-Impuls, mit dem man verhindert, sich als F\u00fchrungskraft st\u00e4ndig fremdgesteuert zu f\u00fchlen.","og_url":"https:\/\/www.organisator.ch\/it\/gestione-2\/2025-06-26\/wenn-diese-eine-sache-fehlt-werden-sie-fremdgesteuert\/","og_site_name":"Organisator","article_publisher":"https:\/\/www.facebook.com\/OrganisatorFachmagazin","article_published_time":"2025-06-26T06:31:55+00:00","article_modified_time":"2025-07-03T06:11:32+00:00","og_image":[{"width":680,"height":446,"url":"https:\/\/www.organisator.ch\/wp-content\/uploads\/2025\/06\/Wenn-diese-eine-Sache-fehlt-werden-Sie-fremdgesteuert_Organisator.jpg","type":"image\/jpeg"}],"author":"thomas.berner","twitter_card":"summary_large_image","twitter_title":"Wenn diese eine Sache fehlt, werden Sie #fremdgesteuert","twitter_description":"Gastautor Volkmar V\u00f6lzke vermittelt einen #Erfolgs-Impuls, mit dem man verhindert, sich als #F\u00fchrungskraft st\u00e4ndig #fremdgesteuert zu f\u00fchlen.","twitter_image":"https:\/\/www.organisator.ch\/wp-content\/uploads\/2025\/06\/Wenn-diese-eine-Sache-fehlt-werden-Sie-fremdgesteuert_Organisator.jpg","schema":{"@context":"https:\/\/schema.org","@graph":[{"@type":"Article","@id":"https:\/\/www.organisator.ch\/management\/2025-06-26\/wenn-diese-eine-sache-fehlt-werden-sie-fremdgesteuert\/#article","isPartOf":{"@id":"https:\/\/www.organisator.ch\/management\/2025-06-26\/wenn-diese-eine-sache-fehlt-werden-sie-fremdgesteuert\/"},"author":{"name":"thomas.berner","@id":"https:\/\/www.organisator.ch\/#\/schema\/person\/6f650f90b2842cd4c0cc334b4e36f67e"},"headline":"Wenn diese eine Sache fehlt, werden Sie fremdgesteuert","datePublished":"2025-06-26T06:31:55+00:00","dateModified":"2025-07-03T06:11:32+00:00","mainEntityOfPage":{"@id":"https:\/\/www.organisator.ch\/management\/2025-06-26\/wenn-diese-eine-sache-fehlt-werden-sie-fremdgesteuert\/"},"wordCount":467,"publisher":{"@id":"https:\/\/www.organisator.ch\/#organization"},"image":{"@id":"https:\/\/www.organisator.ch\/management\/2025-06-26\/wenn-diese-eine-sache-fehlt-werden-sie-fremdgesteuert\/#primaryimage"},"thumbnailUrl":"https:\/\/www.organisator.ch\/wp-content\/uploads\/2025\/06\/Wenn-diese-eine-Sache-fehlt-werden-Sie-fremdgesteuert_Organisator.jpg","keywords":["Erfolgs-Impuls","Leadership","Management und Unternehmensf\u00fchrung","Selbstmanagement"],"articleSection":["MANAGEMENT"],"inLanguage":"it-IT"},{"@type":"WebPage","@id":"https:\/\/www.organisator.ch\/management\/2025-06-26\/wenn-diese-eine-sache-fehlt-werden-sie-fremdgesteuert\/","url":"https:\/\/www.organisator.ch\/management\/2025-06-26\/wenn-diese-eine-sache-fehlt-werden-sie-fremdgesteuert\/","name":"Se manca questa cosa, si \u00e8 controllati da altri - organizzatore","isPartOf":{"@id":"https:\/\/www.organisator.ch\/#website"},"primaryImageOfPage":{"@id":"https:\/\/www.organisator.ch\/management\/2025-06-26\/wenn-diese-eine-sache-fehlt-werden-sie-fremdgesteuert\/#primaryimage"},"image":{"@id":"https:\/\/www.organisator.ch\/management\/2025-06-26\/wenn-diese-eine-sache-fehlt-werden-sie-fremdgesteuert\/#primaryimage"},"thumbnailUrl":"https:\/\/www.organisator.ch\/wp-content\/uploads\/2025\/06\/Wenn-diese-eine-Sache-fehlt-werden-Sie-fremdgesteuert_Organisator.jpg","datePublished":"2025-06-26T06:31:55+00:00","dateModified":"2025-07-03T06:11:32+00:00","description":"L'autore Volkmar V\u00f6lzke fornisce un impulso al successo che impedisce ai manager di sentirsi costantemente controllati dagli altri.","breadcrumb":{"@id":"https:\/\/www.organisator.ch\/management\/2025-06-26\/wenn-diese-eine-sache-fehlt-werden-sie-fremdgesteuert\/#breadcrumb"},"inLanguage":"it-IT","potentialAction":[{"@type":"ReadAction","target":["https:\/\/www.organisator.ch\/management\/2025-06-26\/wenn-diese-eine-sache-fehlt-werden-sie-fremdgesteuert\/"]}]},{"@type":"ImageObject","inLanguage":"it-IT","@id":"https:\/\/www.organisator.ch\/management\/2025-06-26\/wenn-diese-eine-sache-fehlt-werden-sie-fremdgesteuert\/#primaryimage","url":"https:\/\/www.organisator.ch\/wp-content\/uploads\/2025\/06\/Wenn-diese-eine-Sache-fehlt-werden-Sie-fremdgesteuert_Organisator.jpg","contentUrl":"https:\/\/www.organisator.ch\/wp-content\/uploads\/2025\/06\/Wenn-diese-eine-Sache-fehlt-werden-Sie-fremdgesteuert_Organisator.jpg","width":680,"height":446,"caption":"Den eigenen Kompass wieder finden statt fremdgesteuert zu sein... (Bild: Unsplash.com)"},{"@type":"BreadcrumbList","@id":"https:\/\/www.organisator.ch\/management\/2025-06-26\/wenn-diese-eine-sache-fehlt-werden-sie-fremdgesteuert\/#breadcrumb","itemListElement":[{"@type":"ListItem","position":1,"name":"Home","item":"https:\/\/www.organisator.ch\/"},{"@type":"ListItem","position":2,"name":"Wenn diese eine Sache fehlt, werden Sie fremdgesteuert"}]},{"@type":"WebSite","@id":"https:\/\/www.organisator.ch\/#website","url":"https:\/\/www.organisator.ch\/","name":"Organizzatore","description":"Competente. Pratico. In 10 numeri all'anno, ORGANISATOR presenta i temi essenziali per i manager delle PMI.","publisher":{"@id":"https:\/\/www.organisator.ch\/#organization"},"potentialAction":[{"@type":"SearchAction","target":{"@type":"EntryPoint","urlTemplate":"https:\/\/www.organisator.ch\/?s={search_term_string}"},"query-input":{"@type":"PropertyValueSpecification","valueRequired":true,"valueName":"search_term_string"}}],"inLanguage":"it-IT"},{"@type":"Organization","@id":"https:\/\/www.organisator.ch\/#organization","name":"Organizzatore","url":"https:\/\/www.organisator.ch\/","logo":{"@type":"ImageObject","inLanguage":"it-IT","@id":"https:\/\/www.organisator.ch\/#\/schema\/logo\/image\/","url":"https:\/\/www.organisator.ch\/wp-content\/uploads\/2022\/01\/Logo_Organisator_Website.png","contentUrl":"https:\/\/www.organisator.ch\/wp-content\/uploads\/2022\/01\/Logo_Organisator_Website.png","width":800,"height":77,"caption":"Organisator"},"image":{"@id":"https:\/\/www.organisator.ch\/#\/schema\/logo\/image\/"},"sameAs":["https:\/\/www.facebook.com\/OrganisatorFachmagazin","https:\/\/www.linkedin.com\/showcase\/organisator-das-magazin-fr-kmu","https:\/\/www.xing.com\/news\/pages\/organisator-ch-695","https:\/\/www.youtube.com\/channel\/UCGP2Sq0iWaZwT3BdIAQFYpw"]},{"@type":"Person","@id":"https:\/\/www.organisator.ch\/#\/schema\/person\/6f650f90b2842cd4c0cc334b4e36f67e","name":"Tommaso.berner","image":{"@type":"ImageObject","inLanguage":"it-IT","@id":"https:\/\/secure.gravatar.com\/avatar\/ac5001d2a36cb6c6cd3e50789007ffca834b477b74a2144564522e944eabff61?s=96&d=mm&r=g","url":"https:\/\/secure.gravatar.com\/avatar\/ac5001d2a36cb6c6cd3e50789007ffca834b477b74a2144564522e944eabff61?s=96&d=mm&r=g","contentUrl":"https:\/\/secure.gravatar.com\/avatar\/ac5001d2a36cb6c6cd3e50789007ffca834b477b74a2144564522e944eabff61?s=96&d=mm&r=g","caption":"thomas.berner"},"url":"https:\/\/www.organisator.ch\/it\/author\/thomas-berner\/"}]}},"_links":{"self":[{"href":"https:\/\/www.organisator.ch\/it\/wp-json\/wp\/v2\/posts\/39308","targetHints":{"allow":["GET"]}}],"collection":[{"href":"https:\/\/www.organisator.ch\/it\/wp-json\/wp\/v2\/posts"}],"about":[{"href":"https:\/\/www.organisator.ch\/it\/wp-json\/wp\/v2\/types\/post"}],"author":[{"embeddable":true,"href":"https:\/\/www.organisator.ch\/it\/wp-json\/wp\/v2\/users\/4"}],"replies":[{"embeddable":true,"href":"https:\/\/www.organisator.ch\/it\/wp-json\/wp\/v2\/comments?post=39308"}],"version-history":[{"count":5,"href":"https:\/\/www.organisator.ch\/it\/wp-json\/wp\/v2\/posts\/39308\/revisions"}],"predecessor-version":[{"id":39423,"href":"https:\/\/www.organisator.ch\/it\/wp-json\/wp\/v2\/posts\/39308\/revisions\/39423"}],"wp:featuredmedia":[{"embeddable":true,"href":"https:\/\/www.organisator.ch\/it\/wp-json\/wp\/v2\/media\/39315"}],"wp:attachment":[{"href":"https:\/\/www.organisator.ch\/it\/wp-json\/wp\/v2\/media?parent=39308"}],"wp:term":[{"taxonomy":"category","embeddable":true,"href":"https:\/\/www.organisator.ch\/it\/wp-json\/wp\/v2\/categories?post=39308"},{"taxonomy":"post_tag","embeddable":true,"href":"https:\/\/www.organisator.ch\/it\/wp-json\/wp\/v2\/tags?post=39308"}],"curies":[{"name":"wp","href":"https:\/\/api.w.org\/{rel}","templated":true}]}}