{"id":39351,"date":"2025-06-30T13:25:27","date_gmt":"2025-06-30T11:25:27","guid":{"rendered":"https:\/\/www.organisator.ch\/?p=39351"},"modified":"2025-06-30T13:25:27","modified_gmt":"2025-06-30T11:25:27","slug":"sia-abrasives-feiert-150-jahr-jubilaeum","status":"publish","type":"post","link":"https:\/\/www.organisator.ch\/it\/management\/2025-06-30\/sia-abrasives-feiert-150-jahr-jubilaeum\/","title":{"rendered":"sia Abrasives festeggia il suo 150\u00b0 anniversario"},"content":{"rendered":"<figure id=\"attachment_39352\" aria-describedby=\"caption-attachment-39352\" style=\"width: 680px\" class=\"wp-caption alignnone\"><img loading=\"lazy\" decoding=\"async\" class=\"size-full wp-image-39352\" src=\"https:\/\/www.organisator.ch\/wp-content\/uploads\/2025\/06\/sia-Abrasives-feiert-150-Jahr-Jubilaeum-1_Organisator.jpg\" alt=\"\" width=\"680\" height=\"398\" srcset=\"https:\/\/www.organisator.ch\/wp-content\/uploads\/2025\/06\/sia-Abrasives-feiert-150-Jahr-Jubilaeum-1_Organisator.jpg 680w, https:\/\/www.organisator.ch\/wp-content\/uploads\/2025\/06\/sia-Abrasives-feiert-150-Jahr-Jubilaeum-1_Organisator-18x12.jpg 18w, https:\/\/www.organisator.ch\/wp-content\/uploads\/2025\/06\/sia-Abrasives-feiert-150-Jahr-Jubilaeum-1_Organisator-375x219.jpg 375w, https:\/\/www.organisator.ch\/wp-content\/uploads\/2025\/06\/sia-Abrasives-feiert-150-Jahr-Jubilaeum-1_Organisator-598x350.jpg 598w\" sizes=\"auto, (max-width: 680px) 100vw, 680px\" \/><figcaption id=\"caption-attachment-39352\" class=\"wp-caption-text\">Lo stabilimento di Frauenfeld nel 1914 (Immagine: zVg \/ sia Abrasives)<\/figcaption><\/figure>\n<p>Chi non l'ha mai vista: la carta vetrata con la scritta \"SIA\" stampata sul retro? Sia Abrasives Industries AG, l'azienda produttrice di questi prodotti, ampiamente utilizzati sia dai professionisti che dagli artigiani per hobby, festegger\u00e0 nel 2025 il suo 150\u00b0 anniversario. Nel 1875, l'azienda inizi\u00f2 la prima produzione meccanica di abrasivi flessibili nell'attuale sede di Frauenfeld. Nel corso di un secolo e mezzo, si \u00e8 trasformata in uno specialista globale di soluzioni industriali personalizzate. Sia Abrasives impiega circa 1.000 persone in tutto il mondo e circa 350 nello stabilimento di Frauenfeld. Dal 2008 Sia Abrasives fa parte del Gruppo Bosch ed \u00e8 assegnata alla divisione Power Tools. \"Non \u00e8 un caso che la nostra azienda festeggi il suo 150\u00b0 anniversario. \u00c8 il risultato di una chiara specializzazione, di una profonda competenza e del coraggio di innovare. Dobbiamo questo successo a ogni singolo dipendente che, giorno dopo giorno, d\u00e0 vita ai nostri valori con impegno, competenza e convinzione\", spiega Paulo Ferrari, CEO di sia Abrasives Industries AG.<\/p>\n<h3>Lavoro pionieristico nello sviluppo di abrasivi flessibili<\/h3>\n<p>Sin dalla sua fondazione, l'azienda ha svolto un ruolo decisivo nello sviluppo degli abrasivi. Nata come fabbrica di prodotti chimici, ha iniziato a produrre abrasivi flessibili nel sito di Frauenfeld nel 1875, gettando le basi per una storia di successo impressionante. Gi\u00e0 nei primi anni dopo la sua fondazione, l'azienda si rese conto delle crescenti esigenze della rivoluzione industriale. Le crescenti esigenze di qualit\u00e0 richiedono strumenti specializzati, soprattutto per la levigatura fine delle superfici. Con l'introduzione della carta e della tela smeriglio nel 1875, l'azienda colma un vuoto significativo nel mercato e si afferma come unico produttore di abrasivi flessibili in Svizzera.<\/p>\n<h3>Competenza globale nel settore<\/h3>\n<p>Oggi sia Abrasives \u00e8 uno dei principali produttori mondiali di abrasivi di alta qualit\u00e0 e offre un portafoglio completo di soluzioni per l'industria e il commercio. Con oltre 150 anni di esperienza nella produzione di abrasivi, l'azienda combina innovazione tecnologica e competenza comprovata. L'azienda si \u00e8 posizionata a livello internazionale come partner importante per le attivit\u00e0 di levigatura professionale e per la realizzazione di superfici perfette. La sua esperienza internazionale \u00e8 particolarmente riconosciuta nei settori aerospaziale, automobilistico, dell'interior design, dell'arredamento e delle costruzioni metalliche.<\/p>\n<figure id=\"attachment_39353\" aria-describedby=\"caption-attachment-39353\" style=\"width: 680px\" class=\"wp-caption alignnone\"><img loading=\"lazy\" decoding=\"async\" class=\"size-full wp-image-39353\" src=\"https:\/\/www.organisator.ch\/wp-content\/uploads\/2025\/06\/sia-Abrasives-feiert-150-Jahr-Jubilaeum-2_Organisator.jpg\" alt=\"\" width=\"680\" height=\"396\" srcset=\"https:\/\/www.organisator.ch\/wp-content\/uploads\/2025\/06\/sia-Abrasives-feiert-150-Jahr-Jubilaeum-2_Organisator.jpg 680w, https:\/\/www.organisator.ch\/wp-content\/uploads\/2025\/06\/sia-Abrasives-feiert-150-Jahr-Jubilaeum-2_Organisator-18x10.jpg 18w, https:\/\/www.organisator.ch\/wp-content\/uploads\/2025\/06\/sia-Abrasives-feiert-150-Jahr-Jubilaeum-2_Organisator-375x218.jpg 375w, https:\/\/www.organisator.ch\/wp-content\/uploads\/2025\/06\/sia-Abrasives-feiert-150-Jahr-Jubilaeum-2_Organisator-601x350.jpg 601w\" sizes=\"auto, (max-width: 680px) 100vw, 680px\" \/><figcaption id=\"caption-attachment-39353\" class=\"wp-caption-text\">L'impianto \"Maker 5\" utilizza una tecnologia di sistema all'avanguardia per la produzione di abrasivi. (Immagine: zVg \/ sia Abrasivi)<\/figcaption><\/figure>\n<h3>Le ultime tecnologie<\/h3>\n<p>Nel 2012, sia Abrasives ha messo in funzione il nuovo impianto di produzione di abrasivi flessibili \"Maker 5\" a Frauenfeld. Questo impianto \u00e8 uno dei pi\u00f9 moderni al mondo e sottolinea l'espansione sostenibile del centro di eccellenza di Frauenfeld. Numerosi componenti interagiscono in modo finemente sintonizzato per creare un processo di produzione modulare che consente la produzione just-in-time e la prossima generazione di abrasivi moderni.<\/p>\n<p>Inoltre, nella Maker 5 vengono utilizzate nuove macchine in grado di produrre rotoli di nastro abrasivo con una larghezza fino a due metri. Avviata da un investimento strategico di Bosch Power Tools, sia Abrasives e FerRobotics Compliant Robot Technology GmbH collaborano strettamente dal 2023. FerRobotics \u00e8 riconosciuta come fornitore leader di soluzioni per la rettifica industriale robotizzata, in particolare nell'automazione sensibile al contatto. L'obiettivo della collaborazione \u00e8 creare il massimo valore aggiunto per i clienti industriali attraverso la combinazione di un portafoglio unico di abrasivi e l'uso di robot dotati di sensibilit\u00e0 tattile.<\/p>\n<p><em>Fonte: <a href=\"http:\/\/www.bosch.com\">www.bosch.com<\/a>. Ulteriori informazioni: <a href=\"https:\/\/www.siaabrasives.com\/de-ch\/kontakt\/sia-abrasives-schweiz\/\">www.siaabrasives.com<\/a><\/em><\/p>","protected":false},"excerpt":{"rendered":"<p>sia Abrasives Industries AG, ora filiale di Bosch, festeggia il suo 150\u00b0 anniversario. Con sede a Frauenfeld, l'azienda \u00e8 uno dei principali produttori di abrasivi flessibili e vanta un'esperienza industriale globale nei settori aerospaziale, automobilistico, dell'arredamento, dei mobili e delle costruzioni metalliche.<\/p>","protected":false},"author":4,"featured_media":39352,"comment_status":"closed","ping_status":"closed","sticky":false,"template":"","format":"standard","meta":{"_acf_changed":false,"_yoast_wpseo_focuskw":"sia Abrasives","_yoast_wpseo_metadesc":"Der Schleifmittel-Hersteller sia Abrasives Industries AG, heute eine Tochterfirma von Bosch, feiert sein 150-j\u00e4hriges Bestehen.","articlekey":"","footnotes":""},"categories":[28],"tags":[206,266,492],"class_list":["post-39351","post","type-post","status-publish","format-standard","has-post-thumbnail","hentry","category-management","tag-firmenjubilaeum","tag-industrie","tag-unternehmen"],"acf":[],"yoast_head":"<!-- This site is optimized with the Yoast SEO plugin v27.4 - https:\/\/yoast.com\/product\/yoast-seo-wordpress\/ -->\n<title>sia Abrasives feiert 150-Jahr-Jubil\u00e4um - Organisator<\/title>\n<meta name=\"description\" content=\"Der Schleifmittel-Hersteller sia Abrasives Industries AG, heute eine Tochterfirma von Bosch, feiert sein 150-j\u00e4hriges Bestehen.\" \/>\n<meta name=\"robots\" content=\"index, follow, max-snippet:-1, max-image-preview:large, max-video-preview:-1\" \/>\n<link rel=\"canonical\" href=\"https:\/\/www.organisator.ch\/it\/gestione-2\/2025-06-30\/sia-abrasives-feiert-150-jahr-jubilaeum\/\" \/>\n<meta property=\"og:locale\" content=\"it_IT\" \/>\n<meta property=\"og:type\" content=\"article\" \/>\n<meta property=\"og:title\" content=\"sia Abrasives feiert 150-Jahr-Jubil\u00e4um\" \/>\n<meta property=\"og:description\" content=\"Der Schleifmittel-Hersteller sia Abrasives Industries AG, heute eine Tochterfirma von Bosch, feiert sein 150-j\u00e4hriges Bestehen.\" \/>\n<meta property=\"og:url\" content=\"https:\/\/www.organisator.ch\/it\/gestione-2\/2025-06-30\/sia-abrasives-feiert-150-jahr-jubilaeum\/\" \/>\n<meta property=\"og:site_name\" content=\"Organisator\" \/>\n<meta property=\"article:publisher\" content=\"https:\/\/www.facebook.com\/OrganisatorFachmagazin\" \/>\n<meta property=\"article:published_time\" content=\"2025-06-30T11:25:27+00:00\" \/>\n<meta property=\"og:image\" content=\"https:\/\/www.organisator.ch\/wp-content\/uploads\/2025\/06\/sia-Abrasives-feiert-150-Jahr-Jubilaeum-1_Organisator.jpg\" \/>\n\t<meta property=\"og:image:width\" content=\"680\" \/>\n\t<meta property=\"og:image:height\" content=\"398\" \/>\n\t<meta property=\"og:image:type\" content=\"image\/jpeg\" \/>\n<meta name=\"author\" content=\"thomas.berner\" \/>\n<meta name=\"twitter:card\" content=\"summary_large_image\" \/>\n<meta name=\"twitter:title\" content=\"sia #Abrasives feiert #150-Jahr-Jubil\u00e4um\" \/>\n<meta name=\"twitter:description\" content=\"Der #Schleifmittel-Hersteller sia Abrasives Industries AG, heute eine Tochterfirma von Bosch, feiert sein #150-j\u00e4hriges Bestehen.\" \/>\n<meta name=\"twitter:image\" content=\"https:\/\/www.organisator.ch\/wp-content\/uploads\/2025\/06\/sia-Abrasives-feiert-150-Jahr-Jubilaeum-1_Organisator.jpg\" \/>\n<script type=\"application\/ld+json\" class=\"yoast-schema-graph\">{\"@context\":\"https:\\\/\\\/schema.org\",\"@graph\":[{\"@type\":\"Article\",\"@id\":\"https:\\\/\\\/www.organisator.ch\\\/management\\\/2025-06-30\\\/sia-abrasives-feiert-150-jahr-jubilaeum\\\/#article\",\"isPartOf\":{\"@id\":\"https:\\\/\\\/www.organisator.ch\\\/management\\\/2025-06-30\\\/sia-abrasives-feiert-150-jahr-jubilaeum\\\/\"},\"author\":{\"name\":\"thomas.berner\",\"@id\":\"https:\\\/\\\/www.organisator.ch\\\/#\\\/schema\\\/person\\\/6f650f90b2842cd4c0cc334b4e36f67e\"},\"headline\":\"sia Abrasives feiert 150-Jahr-Jubil\u00e4um\",\"datePublished\":\"2025-06-30T11:25:27+00:00\",\"mainEntityOfPage\":{\"@id\":\"https:\\\/\\\/www.organisator.ch\\\/management\\\/2025-06-30\\\/sia-abrasives-feiert-150-jahr-jubilaeum\\\/\"},\"wordCount\":567,\"publisher\":{\"@id\":\"https:\\\/\\\/www.organisator.ch\\\/#organization\"},\"image\":{\"@id\":\"https:\\\/\\\/www.organisator.ch\\\/management\\\/2025-06-30\\\/sia-abrasives-feiert-150-jahr-jubilaeum\\\/#primaryimage\"},\"thumbnailUrl\":\"https:\\\/\\\/www.organisator.ch\\\/wp-content\\\/uploads\\\/2025\\\/06\\\/sia-Abrasives-feiert-150-Jahr-Jubilaeum-1_Organisator.jpg\",\"keywords\":[\"Firmenjubil\u00e4um\",\"Industrie\",\"Unternehmen\"],\"articleSection\":[\"MANAGEMENT\"],\"inLanguage\":\"it-IT\"},{\"@type\":\"WebPage\",\"@id\":\"https:\\\/\\\/www.organisator.ch\\\/management\\\/2025-06-30\\\/sia-abrasives-feiert-150-jahr-jubilaeum\\\/\",\"url\":\"https:\\\/\\\/www.organisator.ch\\\/management\\\/2025-06-30\\\/sia-abrasives-feiert-150-jahr-jubilaeum\\\/\",\"name\":\"sia Abrasives feiert 150-Jahr-Jubil\u00e4um - Organisator\",\"isPartOf\":{\"@id\":\"https:\\\/\\\/www.organisator.ch\\\/#website\"},\"primaryImageOfPage\":{\"@id\":\"https:\\\/\\\/www.organisator.ch\\\/management\\\/2025-06-30\\\/sia-abrasives-feiert-150-jahr-jubilaeum\\\/#primaryimage\"},\"image\":{\"@id\":\"https:\\\/\\\/www.organisator.ch\\\/management\\\/2025-06-30\\\/sia-abrasives-feiert-150-jahr-jubilaeum\\\/#primaryimage\"},\"thumbnailUrl\":\"https:\\\/\\\/www.organisator.ch\\\/wp-content\\\/uploads\\\/2025\\\/06\\\/sia-Abrasives-feiert-150-Jahr-Jubilaeum-1_Organisator.jpg\",\"datePublished\":\"2025-06-30T11:25:27+00:00\",\"description\":\"Der Schleifmittel-Hersteller sia Abrasives Industries AG, heute eine Tochterfirma von Bosch, feiert sein 150-j\u00e4hriges Bestehen.\",\"breadcrumb\":{\"@id\":\"https:\\\/\\\/www.organisator.ch\\\/management\\\/2025-06-30\\\/sia-abrasives-feiert-150-jahr-jubilaeum\\\/#breadcrumb\"},\"inLanguage\":\"it-IT\",\"potentialAction\":[{\"@type\":\"ReadAction\",\"target\":[\"https:\\\/\\\/www.organisator.ch\\\/management\\\/2025-06-30\\\/sia-abrasives-feiert-150-jahr-jubilaeum\\\/\"]}]},{\"@type\":\"ImageObject\",\"inLanguage\":\"it-IT\",\"@id\":\"https:\\\/\\\/www.organisator.ch\\\/management\\\/2025-06-30\\\/sia-abrasives-feiert-150-jahr-jubilaeum\\\/#primaryimage\",\"url\":\"https:\\\/\\\/www.organisator.ch\\\/wp-content\\\/uploads\\\/2025\\\/06\\\/sia-Abrasives-feiert-150-Jahr-Jubilaeum-1_Organisator.jpg\",\"contentUrl\":\"https:\\\/\\\/www.organisator.ch\\\/wp-content\\\/uploads\\\/2025\\\/06\\\/sia-Abrasives-feiert-150-Jahr-Jubilaeum-1_Organisator.jpg\",\"width\":680,\"height\":398,\"caption\":\"Das Werk in Frauenfeld anno 1914. (Bild: zVg \\\/ sia Abrasives)\"},{\"@type\":\"BreadcrumbList\",\"@id\":\"https:\\\/\\\/www.organisator.ch\\\/management\\\/2025-06-30\\\/sia-abrasives-feiert-150-jahr-jubilaeum\\\/#breadcrumb\",\"itemListElement\":[{\"@type\":\"ListItem\",\"position\":1,\"name\":\"Home\",\"item\":\"https:\\\/\\\/www.organisator.ch\\\/\"},{\"@type\":\"ListItem\",\"position\":2,\"name\":\"sia Abrasives feiert 150-Jahr-Jubil\u00e4um\"}]},{\"@type\":\"WebSite\",\"@id\":\"https:\\\/\\\/www.organisator.ch\\\/#website\",\"url\":\"https:\\\/\\\/www.organisator.ch\\\/\",\"name\":\"Organisator\",\"description\":\"Kompetent. Praxisnah. Der ORGANISATOR bereitet in 10 Ausgaben pro Jahr die wesentlichen Themen f\u00fcr F\u00fchrungskr\u00e4fte von KMU auf.\",\"publisher\":{\"@id\":\"https:\\\/\\\/www.organisator.ch\\\/#organization\"},\"potentialAction\":[{\"@type\":\"SearchAction\",\"target\":{\"@type\":\"EntryPoint\",\"urlTemplate\":\"https:\\\/\\\/www.organisator.ch\\\/?s={search_term_string}\"},\"query-input\":{\"@type\":\"PropertyValueSpecification\",\"valueRequired\":true,\"valueName\":\"search_term_string\"}}],\"inLanguage\":\"it-IT\"},{\"@type\":\"Organization\",\"@id\":\"https:\\\/\\\/www.organisator.ch\\\/#organization\",\"name\":\"Organisator\",\"url\":\"https:\\\/\\\/www.organisator.ch\\\/\",\"logo\":{\"@type\":\"ImageObject\",\"inLanguage\":\"it-IT\",\"@id\":\"https:\\\/\\\/www.organisator.ch\\\/#\\\/schema\\\/logo\\\/image\\\/\",\"url\":\"https:\\\/\\\/www.organisator.ch\\\/wp-content\\\/uploads\\\/2022\\\/01\\\/Logo_Organisator_Website.png\",\"contentUrl\":\"https:\\\/\\\/www.organisator.ch\\\/wp-content\\\/uploads\\\/2022\\\/01\\\/Logo_Organisator_Website.png\",\"width\":800,\"height\":77,\"caption\":\"Organisator\"},\"image\":{\"@id\":\"https:\\\/\\\/www.organisator.ch\\\/#\\\/schema\\\/logo\\\/image\\\/\"},\"sameAs\":[\"https:\\\/\\\/www.facebook.com\\\/OrganisatorFachmagazin\",\"https:\\\/\\\/www.linkedin.com\\\/showcase\\\/organisator-das-magazin-fr-kmu\",\"https:\\\/\\\/www.xing.com\\\/news\\\/pages\\\/organisator-ch-695\",\"https:\\\/\\\/www.youtube.com\\\/channel\\\/UCGP2Sq0iWaZwT3BdIAQFYpw\"]},{\"@type\":\"Person\",\"@id\":\"https:\\\/\\\/www.organisator.ch\\\/#\\\/schema\\\/person\\\/6f650f90b2842cd4c0cc334b4e36f67e\",\"name\":\"thomas.berner\",\"image\":{\"@type\":\"ImageObject\",\"inLanguage\":\"it-IT\",\"@id\":\"https:\\\/\\\/secure.gravatar.com\\\/avatar\\\/ac5001d2a36cb6c6cd3e50789007ffca834b477b74a2144564522e944eabff61?s=96&d=mm&r=g\",\"url\":\"https:\\\/\\\/secure.gravatar.com\\\/avatar\\\/ac5001d2a36cb6c6cd3e50789007ffca834b477b74a2144564522e944eabff61?s=96&d=mm&r=g\",\"contentUrl\":\"https:\\\/\\\/secure.gravatar.com\\\/avatar\\\/ac5001d2a36cb6c6cd3e50789007ffca834b477b74a2144564522e944eabff61?s=96&d=mm&r=g\",\"caption\":\"thomas.berner\"},\"url\":\"https:\\\/\\\/www.organisator.ch\\\/it\\\/author\\\/thomas-berner\\\/\"}]}<\/script>\n<!-- \/ Yoast SEO plugin. -->","yoast_head_json":{"title":"sia Abrasives celebra il suo 150\u00b0 anniversario - Organizzatore","description":"Il produttore di abrasivi sia Abrasives Industries AG, ora filiale di Bosch, celebra il suo 150\u00b0 anniversario.","robots":{"index":"index","follow":"follow","max-snippet":"max-snippet:-1","max-image-preview":"max-image-preview:large","max-video-preview":"max-video-preview:-1"},"canonical":"https:\/\/www.organisator.ch\/it\/gestione-2\/2025-06-30\/sia-abrasives-feiert-150-jahr-jubilaeum\/","og_locale":"it_IT","og_type":"article","og_title":"sia Abrasives feiert 150-Jahr-Jubil\u00e4um","og_description":"Der Schleifmittel-Hersteller sia Abrasives Industries AG, heute eine Tochterfirma von Bosch, feiert sein 150-j\u00e4hriges Bestehen.","og_url":"https:\/\/www.organisator.ch\/it\/gestione-2\/2025-06-30\/sia-abrasives-feiert-150-jahr-jubilaeum\/","og_site_name":"Organisator","article_publisher":"https:\/\/www.facebook.com\/OrganisatorFachmagazin","article_published_time":"2025-06-30T11:25:27+00:00","og_image":[{"width":680,"height":398,"url":"https:\/\/www.organisator.ch\/wp-content\/uploads\/2025\/06\/sia-Abrasives-feiert-150-Jahr-Jubilaeum-1_Organisator.jpg","type":"image\/jpeg"}],"author":"thomas.berner","twitter_card":"summary_large_image","twitter_title":"sia #Abrasives feiert #150-Jahr-Jubil\u00e4um","twitter_description":"Der #Schleifmittel-Hersteller sia Abrasives Industries AG, heute eine Tochterfirma von Bosch, feiert sein #150-j\u00e4hriges Bestehen.","twitter_image":"https:\/\/www.organisator.ch\/wp-content\/uploads\/2025\/06\/sia-Abrasives-feiert-150-Jahr-Jubilaeum-1_Organisator.jpg","schema":{"@context":"https:\/\/schema.org","@graph":[{"@type":"Article","@id":"https:\/\/www.organisator.ch\/management\/2025-06-30\/sia-abrasives-feiert-150-jahr-jubilaeum\/#article","isPartOf":{"@id":"https:\/\/www.organisator.ch\/management\/2025-06-30\/sia-abrasives-feiert-150-jahr-jubilaeum\/"},"author":{"name":"thomas.berner","@id":"https:\/\/www.organisator.ch\/#\/schema\/person\/6f650f90b2842cd4c0cc334b4e36f67e"},"headline":"sia Abrasives feiert 150-Jahr-Jubil\u00e4um","datePublished":"2025-06-30T11:25:27+00:00","mainEntityOfPage":{"@id":"https:\/\/www.organisator.ch\/management\/2025-06-30\/sia-abrasives-feiert-150-jahr-jubilaeum\/"},"wordCount":567,"publisher":{"@id":"https:\/\/www.organisator.ch\/#organization"},"image":{"@id":"https:\/\/www.organisator.ch\/management\/2025-06-30\/sia-abrasives-feiert-150-jahr-jubilaeum\/#primaryimage"},"thumbnailUrl":"https:\/\/www.organisator.ch\/wp-content\/uploads\/2025\/06\/sia-Abrasives-feiert-150-Jahr-Jubilaeum-1_Organisator.jpg","keywords":["Firmenjubil\u00e4um","Industrie","Unternehmen"],"articleSection":["MANAGEMENT"],"inLanguage":"it-IT"},{"@type":"WebPage","@id":"https:\/\/www.organisator.ch\/management\/2025-06-30\/sia-abrasives-feiert-150-jahr-jubilaeum\/","url":"https:\/\/www.organisator.ch\/management\/2025-06-30\/sia-abrasives-feiert-150-jahr-jubilaeum\/","name":"sia Abrasives celebra il suo 150\u00b0 anniversario - Organizzatore","isPartOf":{"@id":"https:\/\/www.organisator.ch\/#website"},"primaryImageOfPage":{"@id":"https:\/\/www.organisator.ch\/management\/2025-06-30\/sia-abrasives-feiert-150-jahr-jubilaeum\/#primaryimage"},"image":{"@id":"https:\/\/www.organisator.ch\/management\/2025-06-30\/sia-abrasives-feiert-150-jahr-jubilaeum\/#primaryimage"},"thumbnailUrl":"https:\/\/www.organisator.ch\/wp-content\/uploads\/2025\/06\/sia-Abrasives-feiert-150-Jahr-Jubilaeum-1_Organisator.jpg","datePublished":"2025-06-30T11:25:27+00:00","description":"Il produttore di abrasivi sia Abrasives Industries AG, ora filiale di Bosch, celebra il suo 150\u00b0 anniversario.","breadcrumb":{"@id":"https:\/\/www.organisator.ch\/management\/2025-06-30\/sia-abrasives-feiert-150-jahr-jubilaeum\/#breadcrumb"},"inLanguage":"it-IT","potentialAction":[{"@type":"ReadAction","target":["https:\/\/www.organisator.ch\/management\/2025-06-30\/sia-abrasives-feiert-150-jahr-jubilaeum\/"]}]},{"@type":"ImageObject","inLanguage":"it-IT","@id":"https:\/\/www.organisator.ch\/management\/2025-06-30\/sia-abrasives-feiert-150-jahr-jubilaeum\/#primaryimage","url":"https:\/\/www.organisator.ch\/wp-content\/uploads\/2025\/06\/sia-Abrasives-feiert-150-Jahr-Jubilaeum-1_Organisator.jpg","contentUrl":"https:\/\/www.organisator.ch\/wp-content\/uploads\/2025\/06\/sia-Abrasives-feiert-150-Jahr-Jubilaeum-1_Organisator.jpg","width":680,"height":398,"caption":"Das Werk in Frauenfeld anno 1914. (Bild: zVg \/ sia Abrasives)"},{"@type":"BreadcrumbList","@id":"https:\/\/www.organisator.ch\/management\/2025-06-30\/sia-abrasives-feiert-150-jahr-jubilaeum\/#breadcrumb","itemListElement":[{"@type":"ListItem","position":1,"name":"Home","item":"https:\/\/www.organisator.ch\/"},{"@type":"ListItem","position":2,"name":"sia Abrasives feiert 150-Jahr-Jubil\u00e4um"}]},{"@type":"WebSite","@id":"https:\/\/www.organisator.ch\/#website","url":"https:\/\/www.organisator.ch\/","name":"Organizzatore","description":"Competente. Pratico. In 10 numeri all'anno, ORGANISATOR presenta i temi essenziali per i manager delle PMI.","publisher":{"@id":"https:\/\/www.organisator.ch\/#organization"},"potentialAction":[{"@type":"SearchAction","target":{"@type":"EntryPoint","urlTemplate":"https:\/\/www.organisator.ch\/?s={search_term_string}"},"query-input":{"@type":"PropertyValueSpecification","valueRequired":true,"valueName":"search_term_string"}}],"inLanguage":"it-IT"},{"@type":"Organization","@id":"https:\/\/www.organisator.ch\/#organization","name":"Organizzatore","url":"https:\/\/www.organisator.ch\/","logo":{"@type":"ImageObject","inLanguage":"it-IT","@id":"https:\/\/www.organisator.ch\/#\/schema\/logo\/image\/","url":"https:\/\/www.organisator.ch\/wp-content\/uploads\/2022\/01\/Logo_Organisator_Website.png","contentUrl":"https:\/\/www.organisator.ch\/wp-content\/uploads\/2022\/01\/Logo_Organisator_Website.png","width":800,"height":77,"caption":"Organisator"},"image":{"@id":"https:\/\/www.organisator.ch\/#\/schema\/logo\/image\/"},"sameAs":["https:\/\/www.facebook.com\/OrganisatorFachmagazin","https:\/\/www.linkedin.com\/showcase\/organisator-das-magazin-fr-kmu","https:\/\/www.xing.com\/news\/pages\/organisator-ch-695","https:\/\/www.youtube.com\/channel\/UCGP2Sq0iWaZwT3BdIAQFYpw"]},{"@type":"Person","@id":"https:\/\/www.organisator.ch\/#\/schema\/person\/6f650f90b2842cd4c0cc334b4e36f67e","name":"Tommaso.berner","image":{"@type":"ImageObject","inLanguage":"it-IT","@id":"https:\/\/secure.gravatar.com\/avatar\/ac5001d2a36cb6c6cd3e50789007ffca834b477b74a2144564522e944eabff61?s=96&d=mm&r=g","url":"https:\/\/secure.gravatar.com\/avatar\/ac5001d2a36cb6c6cd3e50789007ffca834b477b74a2144564522e944eabff61?s=96&d=mm&r=g","contentUrl":"https:\/\/secure.gravatar.com\/avatar\/ac5001d2a36cb6c6cd3e50789007ffca834b477b74a2144564522e944eabff61?s=96&d=mm&r=g","caption":"thomas.berner"},"url":"https:\/\/www.organisator.ch\/it\/author\/thomas-berner\/"}]}},"_links":{"self":[{"href":"https:\/\/www.organisator.ch\/it\/wp-json\/wp\/v2\/posts\/39351","targetHints":{"allow":["GET"]}}],"collection":[{"href":"https:\/\/www.organisator.ch\/it\/wp-json\/wp\/v2\/posts"}],"about":[{"href":"https:\/\/www.organisator.ch\/it\/wp-json\/wp\/v2\/types\/post"}],"author":[{"embeddable":true,"href":"https:\/\/www.organisator.ch\/it\/wp-json\/wp\/v2\/users\/4"}],"replies":[{"embeddable":true,"href":"https:\/\/www.organisator.ch\/it\/wp-json\/wp\/v2\/comments?post=39351"}],"version-history":[{"count":3,"href":"https:\/\/www.organisator.ch\/it\/wp-json\/wp\/v2\/posts\/39351\/revisions"}],"predecessor-version":[{"id":39440,"href":"https:\/\/www.organisator.ch\/it\/wp-json\/wp\/v2\/posts\/39351\/revisions\/39440"}],"wp:featuredmedia":[{"embeddable":true,"href":"https:\/\/www.organisator.ch\/it\/wp-json\/wp\/v2\/media\/39352"}],"wp:attachment":[{"href":"https:\/\/www.organisator.ch\/it\/wp-json\/wp\/v2\/media?parent=39351"}],"wp:term":[{"taxonomy":"category","embeddable":true,"href":"https:\/\/www.organisator.ch\/it\/wp-json\/wp\/v2\/categories?post=39351"},{"taxonomy":"post_tag","embeddable":true,"href":"https:\/\/www.organisator.ch\/it\/wp-json\/wp\/v2\/tags?post=39351"}],"curies":[{"name":"wp","href":"https:\/\/api.w.org\/{rel}","templated":true}]}}