{"id":39368,"date":"2025-07-01T14:35:22","date_gmt":"2025-07-01T12:35:22","guid":{"rendered":"https:\/\/www.markt-kom.com\/?p=236812"},"modified":"2025-09-09T08:35:16","modified_gmt":"2025-09-09T06:35:16","slug":"die-grosse-idee-zaehlt-publicis-ceo-sadoun-und-adobe-ceo-narayen-ueber-kreative-fuehrungsarbeit-in-zeiten-von-ki-und-plattformmacht","status":"publish","type":"post","link":"https:\/\/www.organisator.ch\/it\/marketing\/2025-07-01\/die-grosse-idee-zaehlt-publicis-ceo-sadoun-und-adobe-ceo-narayen-ueber-kreative-fuehrungsarbeit-in-zeiten-von-ki-und-plattformmacht\/","title":{"rendered":"\"La grande idea conta\": Sadoun, CEO di Publicis, e Narayen, CEO di Adobe, parlano di leadership creativa in tempi di AI e di potenza delle piattaforme"},"content":{"rendered":"<figure id=\"attachment_236816\" class=\"wp-caption alignnone\" style=\"width: 1300px;\" aria-describedby=\"caption-attachment-236816\"><a href=\"https:\/\/www.markt-kom.com\/wp-content\/uploads\/2025\/06\/SAS_0556-scaled.jpg\"><img class=\"size-full wp-image-236816\" src=\"https:\/\/www.markt-kom.com\/wp-content\/uploads\/2025\/06\/SAS_0556-scaled.jpg\" sizes=\"(max-width: 1300px) 100vw, 1300px\" srcset=\"https:\/\/www.markt-kom.com\/wp-content\/uploads\/2025\/06\/SAS_0556-scaled.jpg 1300w, https:\/\/www.markt-kom.com\/wp-content\/uploads\/2025\/06\/SAS_0556-600x400.jpg 600w, https:\/\/www.markt-kom.com\/wp-content\/uploads\/2025\/06\/SAS_0556-1024x683.jpg 1024w, https:\/\/www.markt-kom.com\/wp-content\/uploads\/2025\/06\/SAS_0556-768x512.jpg 768w, https:\/\/www.markt-kom.com\/wp-content\/uploads\/2025\/06\/SAS_0556-1536x1024.jpg 1536w, https:\/\/www.markt-kom.com\/wp-content\/uploads\/2025\/06\/SAS_0556-2048x1365.jpg 2048w, https:\/\/www.markt-kom.com\/wp-content\/uploads\/2025\/06\/SAS_0556-18x12.jpg 18w, https:\/\/www.markt-kom.com\/wp-content\/uploads\/2025\/06\/SAS_0556-263x175.jpg 263w, https:\/\/www.markt-kom.com\/wp-content\/uploads\/2025\/06\/SAS_0556-525x350.jpg 525w, https:\/\/www.markt-kom.com\/wp-content\/uploads\/2025\/06\/SAS_0556-1000x667.jpg 1000w\" alt=\"\" width=\"1300\" height=\"866\" \/><\/a>\r\n<figcaption id=\"caption-attachment-236816\" class=\"wp-caption-text\">Arthur Sadoun, Presidente e CEO di Publicis Groupe (seduto a destra) con Shantanu Narayen, Presidente e CEO di Adobe<\/figcaption>\r\n<\/figure>\r\n<h3 data-start=\"524\" data-end=\"567\"><strong data-start=\"524\" data-end=\"567\">Unire le forze per la creativit\u00e0<\/strong><\/h3>\r\n<p data-start=\"569\" data-end=\"988\">Quando due delle voci pi\u00f9 influenti del settore della comunicazione e della tecnologia discutono del futuro della creativit\u00e0 e del marketing al Festival Lions di Cannes, il settore ascolta. Arthur Sadoun, CEO di Publicis Groupe, e Shantanu Narayen, CEO di Adobe, sono saliti insieme sul palco e quello che era stato annunciato come un discorso di alto livello si \u00e8 trasformato in una lezione di leadership, ottimismo e abilit\u00e0 strategica.<\/p>\r\n<figure id=\"attachment_236818\" class=\"wp-caption alignnone\" style=\"width: 1300px;\" aria-describedby=\"caption-attachment-236818\"><a href=\"https:\/\/www.markt-kom.com\/wp-content\/uploads\/2025\/06\/SAS_0529-scaled.jpg\"><img class=\"wp-image-236818 size-full\" src=\"https:\/\/www.markt-kom.com\/wp-content\/uploads\/2025\/06\/SAS_0529-scaled.jpg\" sizes=\"(max-width: 1300px) 100vw, 1300px\" srcset=\"https:\/\/www.markt-kom.com\/wp-content\/uploads\/2025\/06\/SAS_0529-scaled.jpg 1300w, https:\/\/www.markt-kom.com\/wp-content\/uploads\/2025\/06\/SAS_0529-600x400.jpg 600w, https:\/\/www.markt-kom.com\/wp-content\/uploads\/2025\/06\/SAS_0529-1024x683.jpg 1024w, https:\/\/www.markt-kom.com\/wp-content\/uploads\/2025\/06\/SAS_0529-768x512.jpg 768w, https:\/\/www.markt-kom.com\/wp-content\/uploads\/2025\/06\/SAS_0529-1536x1024.jpg 1536w, https:\/\/www.markt-kom.com\/wp-content\/uploads\/2025\/06\/SAS_0529-2048x1365.jpg 2048w, https:\/\/www.markt-kom.com\/wp-content\/uploads\/2025\/06\/SAS_0529-18x12.jpg 18w, https:\/\/www.markt-kom.com\/wp-content\/uploads\/2025\/06\/SAS_0529-263x175.jpg 263w, https:\/\/www.markt-kom.com\/wp-content\/uploads\/2025\/06\/SAS_0529-525x350.jpg 525w, https:\/\/www.markt-kom.com\/wp-content\/uploads\/2025\/06\/SAS_0529-1000x667.jpg 1000w\" alt=\"\" width=\"1300\" height=\"866\" \/><\/a>\r\n<figcaption id=\"caption-attachment-236818\" class=\"wp-caption-text\">Arthur Sadoun, Presidente e CEO di Publicis Groupe (a destra) e Shantanu Narayen, Presidente e CEO di Adobe, Creative Champion of the Year, sul palco del Festival della Creativit\u00e0 di Cannes Lions.<\/figcaption>\r\n<\/figure>\r\n<p data-start=\"990\" data-end=\"1446\">Anche la cornice ha fatto una dichiarazione: Narayen \u00e8 stato nominato il primo \"Campione creativo dell'anno\", una nuova onorificenza che riconosce gli individui che si sono impegnati in modo duraturo per le esigenze dei creativi. Per Sadoun, Narayen \u00e8 \"l'unico CEO del settore tecnologico che ha capito che la creativit\u00e0 non viene sostituita dalla tecnologia, ma potenziata da essa\". Altre aziende tecnologiche, ha detto Sadoun compiaciuto, volevano \"divorare\" le gabbie dei creativi.<\/p>\r\n<h3 data-start=\"1448\" data-end=\"1496\"><strong data-start=\"1448\" data-end=\"1496\">Il nucleo creativo rimane, anche in tempi di AI<\/strong><\/h3>\r\n<p data-start=\"1498\" data-end=\"1860\">Sadoun ha ricordato le sue prime visite a Cannes 30 anni fa, quando passava ore a guardare film. Oggi, nel bel mezzo di un panorama mediatico frammentato, \u00e8 pi\u00f9 importante che mai sviluppare idee creative che prevalgano - attraverso i canali, in modo emozionale, rilevante. \"Se dimentichiamo che si tratta di una grande idea, diventiamo irrilevanti\", afferma Sadoun.<\/p>\r\n<p data-start=\"1862\" data-end=\"2332\">Narayen \u00e8 d'accordo: ogni innovazione tecnologica, da PostScript ai dispositivi mobili e al cloud, ha reso la creativit\u00e0 pi\u00f9 accessibile. L'attuale spinta dell'intelligenza artificiale non \u00e8 altro che la fase successiva di questa democratizzazione. Adobe si sta concentrando in particolare sulle interfacce conversazionali che aiutano i creativi a superare la paura della pagina bianca, senza emarginare la produzione creativa. \"Non si tratta di automatizzare la creativit\u00e0, ma di liberarla\".<\/p>\r\n<p data-start=\"1862\" data-end=\"2332\"><a href=\"https:\/\/www.markt-kom.com\/wp-content\/uploads\/2025\/06\/SAS_0626-scaled.jpg\"><img class=\"alignnone size-full wp-image-236819\" src=\"https:\/\/www.markt-kom.com\/wp-content\/uploads\/2025\/06\/SAS_0626-scaled.jpg\" sizes=\"(max-width: 1400px) 100vw, 1400px\" srcset=\"https:\/\/www.markt-kom.com\/wp-content\/uploads\/2025\/06\/SAS_0626-scaled.jpg 1300w, https:\/\/www.markt-kom.com\/wp-content\/uploads\/2025\/06\/SAS_0626-600x400.jpg 600w, https:\/\/www.markt-kom.com\/wp-content\/uploads\/2025\/06\/SAS_0626-1024x683.jpg 1024w, https:\/\/www.markt-kom.com\/wp-content\/uploads\/2025\/06\/SAS_0626-768x512.jpg 768w, https:\/\/www.markt-kom.com\/wp-content\/uploads\/2025\/06\/SAS_0626-1536x1024.jpg 1536w, https:\/\/www.markt-kom.com\/wp-content\/uploads\/2025\/06\/SAS_0626-2048x1365.jpg 2048w, https:\/\/www.markt-kom.com\/wp-content\/uploads\/2025\/06\/SAS_0626-18x12.jpg 18w, https:\/\/www.markt-kom.com\/wp-content\/uploads\/2025\/06\/SAS_0626-263x175.jpg 263w, https:\/\/www.markt-kom.com\/wp-content\/uploads\/2025\/06\/SAS_0626-525x350.jpg 525w, https:\/\/www.markt-kom.com\/wp-content\/uploads\/2025\/06\/SAS_0626-1000x667.jpg 1000w\" alt=\"\" width=\"1400\" height=\"933\" \/><\/a><\/p>\r\n<h3 data-start=\"2334\" data-end=\"2357\"><strong data-start=\"2334\" data-end=\"2357\">L'artigianato al posto del clamore<\/strong><\/h3>\r\n<p data-start=\"2359\" data-end=\"2686\">Entrambi i CEO hanno sottolineato: Sono necessari strumenti solidi e chiarezza strategica. Narayen ha presentato l'architettura del modello di AI di Adobe in quattro livelli - dati, modelli, agenti e interfacce - e ha sottolineato che Adobe utilizza solo dati protetti da IP. Questo protegge i diritti dei creativi e garantisce la fiducia.<\/p>\r\n<p data-start=\"2688\" data-end=\"3041\">Sadoun ha fornito una visione concreta della vita quotidiana di Publicis: l'intelligenza artificiale viene utilizzata per potenziare i talenti, ad esempio per consentire a un giovane direttore creativo di Shanghai di lavorare al Super Bowl. Le persone restano al centro. \"Il nostro settore ha il potenziale per combinare tecnologia, dati, media e idee in un modo unico: questo \u00e8 il nostro superpotere\".<\/p>\r\n<h3 data-start=\"3043\" data-end=\"3081\"><strong data-start=\"3043\" data-end=\"3081\">Orientamento nella giungla delle piattaforme<\/strong><\/h3>\r\n<p data-start=\"3083\" data-end=\"3608\">Parole chiave del discorso: personalizzazione e differenziazione. Narayen ha sottolineato che Adobe copre l'intero percorso del cliente, dall'acquisizione alla fidelizzazione. \u00c8 stato chiaro che i dati appartengono al cliente, non ad Adobe. Sadoun, invece, ha messo in guardia dai limiti delle piattaforme chiuse, i cosiddetti \"walled garden\". Senza architetture aperte, il marketing perderebbe il suo potere nella gestione del marchio. Secondo Sadoun, il futuro risiede nell'interazione tra piattaforma, servizio ed eccellenza creativa.<\/p>\r\n<h3 data-start=\"3610\" data-end=\"3659\"><strong data-start=\"3610\" data-end=\"3659\">Un appello al coraggio, all'emozione e alla leadership giovanile<\/strong><\/h3>\r\n<p data-start=\"3661\" data-end=\"3948\">In una digressione personale, Sadoun ha riconosciuto i giovani: \"Dobbiamo lasciare che prendano l'iniziativa - le nuove idee hanno bisogno di spazio\". Narayen ha aggiunto che la creativit\u00e0 deve essere collegata agli obiettivi aziendali pi\u00f9 che mai, ad esempio cambiando il linguaggio utilizzato nelle aziende.<\/p>\r\n<h3 data-start=\"242\" data-end=\"305\"><strong data-start=\"242\" data-end=\"305\">Ci\u00f2 di cui i creativi hanno bisogno ora - L'appello di Sadoun al settore<\/strong><\/h3>\r\n<p data-start=\"307\" data-end=\"676\">Nonostante l'amore per la tecnologia e le promesse digitali, una cosa rimane chiara per Sadoun: <strong data-start=\"388\" data-end=\"423\">\"Alla fine, \u00e8 la grande idea che conta\".<\/strong> Ed \u00e8 proprio qui che si inserisce il suo appello ai professionisti della creativit\u00e0. Chiunque voglia sopravvivere nell'era dell'intelligenza artificiale, dell'economia delle piattaforme e della competizione sull'attenzione deve avere il coraggio di difendere ancora una volta concetti forti, trasversali, ben studiati e d'impatto.<\/p>\r\n<p data-start=\"307\" data-end=\"676\"><a href=\"https:\/\/www.markt-kom.com\/wp-content\/uploads\/2025\/06\/SAS_0589-scaled.jpg\"><img class=\"alignnone size-full wp-image-236820\" src=\"https:\/\/www.markt-kom.com\/wp-content\/uploads\/2025\/06\/SAS_0589-scaled.jpg\" sizes=\"(max-width: 1400px) 100vw, 1400px\" srcset=\"https:\/\/www.markt-kom.com\/wp-content\/uploads\/2025\/06\/SAS_0589-scaled.jpg 1300w, https:\/\/www.markt-kom.com\/wp-content\/uploads\/2025\/06\/SAS_0589-600x400.jpg 600w, https:\/\/www.markt-kom.com\/wp-content\/uploads\/2025\/06\/SAS_0589-1024x683.jpg 1024w, https:\/\/www.markt-kom.com\/wp-content\/uploads\/2025\/06\/SAS_0589-768x512.jpg 768w, https:\/\/www.markt-kom.com\/wp-content\/uploads\/2025\/06\/SAS_0589-1536x1024.jpg 1536w, https:\/\/www.markt-kom.com\/wp-content\/uploads\/2025\/06\/SAS_0589-2048x1365.jpg 2048w, https:\/\/www.markt-kom.com\/wp-content\/uploads\/2025\/06\/SAS_0589-18x12.jpg 18w, https:\/\/www.markt-kom.com\/wp-content\/uploads\/2025\/06\/SAS_0589-263x175.jpg 263w, https:\/\/www.markt-kom.com\/wp-content\/uploads\/2025\/06\/SAS_0589-525x350.jpg 525w, https:\/\/www.markt-kom.com\/wp-content\/uploads\/2025\/06\/SAS_0589-1000x667.jpg 1000w\" alt=\"\" width=\"1400\" height=\"933\" \/><\/a><\/p>\r\n<h3 data-start=\"678\" data-end=\"750\"><strong data-start=\"678\" data-end=\"750\">I consigli di Sadoun per l'eccellenza creativa in tempi complessi:<\/strong><\/h3>\r\n<ol data-start=\"752\" data-end=\"1622\">\r\n\t<li data-start=\"752\" data-end=\"921\">\r\n<p data-start=\"755\" data-end=\"921\"><strong data-start=\"755\" data-end=\"800\">Non lasciatevi impantanare dalle singole misure.<\/strong> Le buone idee non sono meraviglie da toccare con mano, ma devono essere in grado di svilupparsi attraverso interi ecosistemi mediatici.<\/p>\r\n<\/li>\r\n\t<li data-start=\"922\" data-end=\"1090\">\r\n<p data-start=\"925\" data-end=\"1090\"><strong data-start=\"925\" data-end=\"975\">Utilizza la tecnologia come leva, non come sostituto.<\/strong> L'intelligenza artificiale pu\u00f2 contribuire a dare a un maggior numero di persone l'accesso alle buone idee, ma non dovrebbe mai essere la fonte dell'idea.<\/p>\r\n<\/li>\r\n\t<li data-start=\"1091\" data-end=\"1274\">\r\n<p data-start=\"1094\" data-end=\"1274\"><strong data-start=\"1094\" data-end=\"1114\">Rimane a disagio.<\/strong> Sadoun mette in guardia dall'autocompiacimento creativo e ammonisce: \"Se diventiamo pigri e dimentichiamo che tutto inizia con un'idea clamorosa, andremo a fondo\".<\/p>\r\n<\/li>\r\n\t<li data-start=\"1275\" data-end=\"1460\">\r\n<p data-start=\"1278\" data-end=\"1460\"><strong data-start=\"1278\" data-end=\"1317\">Funziona come gli architetti della piattaforma.<\/strong> Pi\u00f9 che mai, i creativi devono capire come i contenuti funzionano sulle varie piattaforme, non solo in termini di design, ma anche strategicamente.<\/p>\r\n<\/li>\r\n\t<li data-start=\"1461\" data-end=\"1622\">\r\n<p data-start=\"1464\" data-end=\"1622\"><strong data-start=\"1464\" data-end=\"1493\">Uscire dalla propria zona di comfort.<\/strong> Sadoun sottolinea che la creativit\u00e0 spesso nasce dove le cose si fermano: non nell'algoritmo, ma nel momento reale ed emotivo.<\/p>\r\n<\/li>\r\n<\/ol>\r\n<p data-start=\"1624\" data-end=\"1868\">Shantanu Narayen si rivolge anche ai professionisti della creativit\u00e0 con un impulso: <strong data-start=\"1689\" data-end=\"1737\">\"Democratizzazione non significa arbitrio\".<\/strong> Soprattutto nell'era delle interfacce conversazionali, \u00e8 importante mantenere la propria firma. L'intelligenza artificiale \u00e8 un trampolino di lancio, non una meta.<\/p>\r\n<p data-start=\"1624\" data-end=\"1868\"><a href=\"https:\/\/www.markt-kom.com\/wp-content\/uploads\/2025\/06\/SAS_0621-scaled.jpg\"><img class=\"alignnone size-full wp-image-236821\" src=\"https:\/\/www.markt-kom.com\/wp-content\/uploads\/2025\/06\/SAS_0621-scaled.jpg\" sizes=\"(max-width: 1400px) 100vw, 1400px\" srcset=\"https:\/\/www.markt-kom.com\/wp-content\/uploads\/2025\/06\/SAS_0621-scaled.jpg 1300w, https:\/\/www.markt-kom.com\/wp-content\/uploads\/2025\/06\/SAS_0621-600x400.jpg 600w, https:\/\/www.markt-kom.com\/wp-content\/uploads\/2025\/06\/SAS_0621-1024x683.jpg 1024w, https:\/\/www.markt-kom.com\/wp-content\/uploads\/2025\/06\/SAS_0621-768x512.jpg 768w, https:\/\/www.markt-kom.com\/wp-content\/uploads\/2025\/06\/SAS_0621-1536x1024.jpg 1536w, https:\/\/www.markt-kom.com\/wp-content\/uploads\/2025\/06\/SAS_0621-2048x1365.jpg 2048w, https:\/\/www.markt-kom.com\/wp-content\/uploads\/2025\/06\/SAS_0621-18x12.jpg 18w, https:\/\/www.markt-kom.com\/wp-content\/uploads\/2025\/06\/SAS_0621-263x175.jpg 263w, https:\/\/www.markt-kom.com\/wp-content\/uploads\/2025\/06\/SAS_0621-525x350.jpg 525w, https:\/\/www.markt-kom.com\/wp-content\/uploads\/2025\/06\/SAS_0621-1000x667.jpg 1000w\" alt=\"\" width=\"1400\" height=\"933\" \/><\/a><\/p>\r\n<p data-start=\"3950\" data-end=\"4346\">Alla fine Sadoun ha posto la domanda pi\u00f9 importante: \"Come riusciamo a trasportare l'energia di questo festival nella vita quotidiana di luned\u00ec?\". Una domanda che funge da specchio per l'industria - e la cui risposta sta forse nell'atteggiamento di entrambi i CEO: La creativit\u00e0 non \u00e8 un ideale nostalgico, ma un muscolo vivo che deve essere esercitato - con la tecnologia, ma mai senza cuore.<\/p>\r\n<hr \/>\r\n<p data-start=\"4405\" data-end=\"4822\"><strong data-start=\"4405\" data-end=\"4422\">Informazioni su Arthur Sadoun<\/strong><br data-start=\"4422\" data-end=\"4425\" \/>\r\nPresidente e CEO di Publicis Groupe. Il francese ha iniziato come imprenditore in Cile prima di entrare in TBWA nel 1999. Dopo aver ricoperto incarichi presso Publicis Conseil e Publicis Worldwide, \u00e8 diventato CEO del Gruppo nel 2017. Sotto la sua guida, Publicis \u00e8 diventato il principale attore globale per la trasformazione del business. Nel 2022 ha reso pubblico il suo cancro e ha lanciato l'iniziativa \"Working with Cancer\".<\/p>\r\n<p data-start=\"4824\" data-end=\"5205\"><strong data-start=\"4824\" data-end=\"4844\">Informazioni su Shantanu Narayen<\/strong><br data-start=\"4844\" data-end=\"4847\" \/>\r\nPresidente e CEO di Adobe. Narayen ha guidato Adobe nella sua trasformazione da fornitore di software a piattaforma di esperienze. Sotto la sua egida, il cloud e l'IA sono stati strategicamente ancorati. Narayen \u00e8 stato premiato come primo \"Campione creativo dell'anno\" nel 2025, per il suo contributo alla democratizzazione degli strumenti creativi e alla connessione tra arte e tecnologia.<\/p>","protected":false},"excerpt":{"rendered":"<p>Al Cannes Lions Festival 2025, Arthur Sadoun (Publicis) e Shantanu Narayen (Adobe) sono stati due leader del settore che concordano: La creativit\u00e0 \u00e8 il cuore del cambiamento. Nel loro intervento, hanno mostrato come la tecnologia pu\u00f2 potenziare i creativi e cosa serve a una buona pubblicit\u00e0 per rimanere rilevante nell'era dell'intelligenza artificiale.<\/p>","protected":false},"author":8,"featured_media":0,"comment_status":"closed","ping_status":"closed","sticky":false,"template":"","format":"standard","meta":{"_acf_changed":false,"_yoast_wpseo_focuskw":"Publicis","_yoast_wpseo_metadesc":"Beim Cannes Lions Festival 2025 trafen mit Arthur Sadoun (Publicis) und Shantanu Narayen (Adobe) zwei Schwergewichte der Branche aufeinander.","articlekey":"","footnotes":""},"categories":[29],"tags":[3618,5438,2992,4483,4343,3332,5439],"class_list":["post-39368","post","type-post","status-publish","format-standard","hentry","category-marketing","tag-adobe","tag-arthur-sadoun","tag-cannes-lions-festival","tag-kreativity","tag-markom","tag-publicis","tag-shantanu-narayen"],"acf":[],"yoast_head":"<!-- This site is optimized with the Yoast SEO plugin v27.5 - https:\/\/yoast.com\/product\/yoast-seo-wordpress\/ -->\n<title>\u00abDie grosse Idee z\u00e4hlt\u00bb: Publicis-CEO Sadoun und Adobe-CEO Narayen \u00fcber kreative F\u00fchrungsarbeit in Zeiten von KI und Plattformmacht - Organisator<\/title>\n<meta name=\"description\" content=\"Beim Cannes Lions Festival 2025 trafen mit Arthur Sadoun (Publicis) und Shantanu Narayen (Adobe) zwei Schwergewichte der Branche aufeinander.\" \/>\n<meta name=\"robots\" content=\"index, follow, max-snippet:-1, max-image-preview:large, max-video-preview:-1\" \/>\n<link rel=\"canonical\" href=\"https:\/\/www.organisator.ch\/it\/marketing\/2025-07-01\/die-grosse-idee-zaehlt-publicis-ceo-sadoun-und-adobe-ceo-narayen-ueber-kreative-fuehrungsarbeit-in-zeiten-von-ki-und-plattformmacht\/\" \/>\n<meta property=\"og:locale\" content=\"it_IT\" \/>\n<meta property=\"og:type\" content=\"article\" \/>\n<meta property=\"og:title\" content=\"\u00abDie grosse Idee z\u00e4hlt\u00bb: Publicis-CEO Sadoun und Adobe-CEO Narayen \u00fcber kreative F\u00fchrungsarbeit in Zeiten von KI und Plattformmacht - Organisator\" \/>\n<meta property=\"og:description\" content=\"Beim Cannes Lions Festival 2025 trafen mit Arthur Sadoun (Publicis) und Shantanu Narayen (Adobe) zwei Schwergewichte der Branche aufeinander.\" \/>\n<meta property=\"og:url\" content=\"https:\/\/www.organisator.ch\/it\/marketing\/2025-07-01\/die-grosse-idee-zaehlt-publicis-ceo-sadoun-und-adobe-ceo-narayen-ueber-kreative-fuehrungsarbeit-in-zeiten-von-ki-und-plattformmacht\/\" \/>\n<meta property=\"og:site_name\" content=\"Organisator\" \/>\n<meta property=\"article:publisher\" content=\"https:\/\/www.facebook.com\/OrganisatorFachmagazin\" \/>\n<meta property=\"article:published_time\" content=\"2025-07-01T12:35:22+00:00\" \/>\n<meta property=\"article:modified_time\" content=\"2025-09-09T06:35:16+00:00\" \/>\n<meta name=\"author\" content=\"galledia\" \/>\n<meta name=\"twitter:card\" content=\"summary_large_image\" \/>\n<meta name=\"twitter:creator\" content=\"@admin\" \/>\n<script type=\"application\/ld+json\" class=\"yoast-schema-graph\">{\"@context\":\"https:\\\/\\\/schema.org\",\"@graph\":[{\"@type\":\"Article\",\"@id\":\"https:\\\/\\\/www.organisator.ch\\\/marketing\\\/2025-07-01\\\/die-grosse-idee-zaehlt-publicis-ceo-sadoun-und-adobe-ceo-narayen-ueber-kreative-fuehrungsarbeit-in-zeiten-von-ki-und-plattformmacht\\\/#article\",\"isPartOf\":{\"@id\":\"https:\\\/\\\/www.organisator.ch\\\/marketing\\\/2025-07-01\\\/die-grosse-idee-zaehlt-publicis-ceo-sadoun-und-adobe-ceo-narayen-ueber-kreative-fuehrungsarbeit-in-zeiten-von-ki-und-plattformmacht\\\/\"},\"author\":{\"name\":\"galledia\",\"@id\":\"https:\\\/\\\/www.organisator.ch\\\/#\\\/schema\\\/person\\\/4e51799071cd2dd1232ac003643ef5f0\"},\"headline\":\"\u00abDie grosse Idee z\u00e4hlt\u00bb: Publicis-CEO Sadoun und Adobe-CEO Narayen \u00fcber kreative F\u00fchrungsarbeit in Zeiten von KI und Plattformmacht\",\"datePublished\":\"2025-07-01T12:35:22+00:00\",\"dateModified\":\"2025-09-09T06:35:16+00:00\",\"mainEntityOfPage\":{\"@id\":\"https:\\\/\\\/www.organisator.ch\\\/marketing\\\/2025-07-01\\\/die-grosse-idee-zaehlt-publicis-ceo-sadoun-und-adobe-ceo-narayen-ueber-kreative-fuehrungsarbeit-in-zeiten-von-ki-und-plattformmacht\\\/\"},\"wordCount\":964,\"publisher\":{\"@id\":\"https:\\\/\\\/www.organisator.ch\\\/#organization\"},\"image\":{\"@id\":\"https:\\\/\\\/www.organisator.ch\\\/marketing\\\/2025-07-01\\\/die-grosse-idee-zaehlt-publicis-ceo-sadoun-und-adobe-ceo-narayen-ueber-kreative-fuehrungsarbeit-in-zeiten-von-ki-und-plattformmacht\\\/#primaryimage\"},\"thumbnailUrl\":\"https:\\\/\\\/www.markt-kom.com\\\/wp-content\\\/uploads\\\/2025\\\/06\\\/SAS_0556-scaled.jpg\",\"keywords\":[\"Adobe\",\"Arthur Sadoun\",\"Cannes Lions Festival\",\"Kreativity\",\"MarKom\",\"Publicis\",\"Shantanu Narayen\"],\"articleSection\":[\"MARKETING\"],\"inLanguage\":\"it-IT\"},{\"@type\":\"WebPage\",\"@id\":\"https:\\\/\\\/www.organisator.ch\\\/marketing\\\/2025-07-01\\\/die-grosse-idee-zaehlt-publicis-ceo-sadoun-und-adobe-ceo-narayen-ueber-kreative-fuehrungsarbeit-in-zeiten-von-ki-und-plattformmacht\\\/\",\"url\":\"https:\\\/\\\/www.organisator.ch\\\/marketing\\\/2025-07-01\\\/die-grosse-idee-zaehlt-publicis-ceo-sadoun-und-adobe-ceo-narayen-ueber-kreative-fuehrungsarbeit-in-zeiten-von-ki-und-plattformmacht\\\/\",\"name\":\"\u00abDie grosse Idee z\u00e4hlt\u00bb: Publicis-CEO Sadoun und Adobe-CEO Narayen \u00fcber kreative F\u00fchrungsarbeit in Zeiten von KI und Plattformmacht - Organisator\",\"isPartOf\":{\"@id\":\"https:\\\/\\\/www.organisator.ch\\\/#website\"},\"primaryImageOfPage\":{\"@id\":\"https:\\\/\\\/www.organisator.ch\\\/marketing\\\/2025-07-01\\\/die-grosse-idee-zaehlt-publicis-ceo-sadoun-und-adobe-ceo-narayen-ueber-kreative-fuehrungsarbeit-in-zeiten-von-ki-und-plattformmacht\\\/#primaryimage\"},\"image\":{\"@id\":\"https:\\\/\\\/www.organisator.ch\\\/marketing\\\/2025-07-01\\\/die-grosse-idee-zaehlt-publicis-ceo-sadoun-und-adobe-ceo-narayen-ueber-kreative-fuehrungsarbeit-in-zeiten-von-ki-und-plattformmacht\\\/#primaryimage\"},\"thumbnailUrl\":\"https:\\\/\\\/www.markt-kom.com\\\/wp-content\\\/uploads\\\/2025\\\/06\\\/SAS_0556-scaled.jpg\",\"datePublished\":\"2025-07-01T12:35:22+00:00\",\"dateModified\":\"2025-09-09T06:35:16+00:00\",\"description\":\"Beim Cannes Lions Festival 2025 trafen mit Arthur Sadoun (Publicis) und Shantanu Narayen (Adobe) zwei Schwergewichte der Branche aufeinander.\",\"breadcrumb\":{\"@id\":\"https:\\\/\\\/www.organisator.ch\\\/marketing\\\/2025-07-01\\\/die-grosse-idee-zaehlt-publicis-ceo-sadoun-und-adobe-ceo-narayen-ueber-kreative-fuehrungsarbeit-in-zeiten-von-ki-und-plattformmacht\\\/#breadcrumb\"},\"inLanguage\":\"it-IT\",\"potentialAction\":[{\"@type\":\"ReadAction\",\"target\":[\"https:\\\/\\\/www.organisator.ch\\\/marketing\\\/2025-07-01\\\/die-grosse-idee-zaehlt-publicis-ceo-sadoun-und-adobe-ceo-narayen-ueber-kreative-fuehrungsarbeit-in-zeiten-von-ki-und-plattformmacht\\\/\"]}]},{\"@type\":\"ImageObject\",\"inLanguage\":\"it-IT\",\"@id\":\"https:\\\/\\\/www.organisator.ch\\\/marketing\\\/2025-07-01\\\/die-grosse-idee-zaehlt-publicis-ceo-sadoun-und-adobe-ceo-narayen-ueber-kreative-fuehrungsarbeit-in-zeiten-von-ki-und-plattformmacht\\\/#primaryimage\",\"url\":\"https:\\\/\\\/www.markt-kom.com\\\/wp-content\\\/uploads\\\/2025\\\/06\\\/SAS_0556-scaled.jpg\",\"contentUrl\":\"https:\\\/\\\/www.markt-kom.com\\\/wp-content\\\/uploads\\\/2025\\\/06\\\/SAS_0556-scaled.jpg\"},{\"@type\":\"BreadcrumbList\",\"@id\":\"https:\\\/\\\/www.organisator.ch\\\/marketing\\\/2025-07-01\\\/die-grosse-idee-zaehlt-publicis-ceo-sadoun-und-adobe-ceo-narayen-ueber-kreative-fuehrungsarbeit-in-zeiten-von-ki-und-plattformmacht\\\/#breadcrumb\",\"itemListElement\":[{\"@type\":\"ListItem\",\"position\":1,\"name\":\"Home\",\"item\":\"https:\\\/\\\/www.organisator.ch\\\/\"},{\"@type\":\"ListItem\",\"position\":2,\"name\":\"\u00abDie grosse Idee z\u00e4hlt\u00bb: Publicis-CEO Sadoun und Adobe-CEO Narayen \u00fcber kreative F\u00fchrungsarbeit in Zeiten von KI und Plattformmacht\"}]},{\"@type\":\"WebSite\",\"@id\":\"https:\\\/\\\/www.organisator.ch\\\/#website\",\"url\":\"https:\\\/\\\/www.organisator.ch\\\/\",\"name\":\"Organisator\",\"description\":\"Kompetent. Praxisnah. Der ORGANISATOR bereitet in 10 Ausgaben pro Jahr die wesentlichen Themen f\u00fcr F\u00fchrungskr\u00e4fte von KMU auf.\",\"publisher\":{\"@id\":\"https:\\\/\\\/www.organisator.ch\\\/#organization\"},\"potentialAction\":[{\"@type\":\"SearchAction\",\"target\":{\"@type\":\"EntryPoint\",\"urlTemplate\":\"https:\\\/\\\/www.organisator.ch\\\/?s={search_term_string}\"},\"query-input\":{\"@type\":\"PropertyValueSpecification\",\"valueRequired\":true,\"valueName\":\"search_term_string\"}}],\"inLanguage\":\"it-IT\"},{\"@type\":\"Organization\",\"@id\":\"https:\\\/\\\/www.organisator.ch\\\/#organization\",\"name\":\"Organisator\",\"url\":\"https:\\\/\\\/www.organisator.ch\\\/\",\"logo\":{\"@type\":\"ImageObject\",\"inLanguage\":\"it-IT\",\"@id\":\"https:\\\/\\\/www.organisator.ch\\\/#\\\/schema\\\/logo\\\/image\\\/\",\"url\":\"https:\\\/\\\/www.organisator.ch\\\/wp-content\\\/uploads\\\/2022\\\/01\\\/Logo_Organisator_Website.png\",\"contentUrl\":\"https:\\\/\\\/www.organisator.ch\\\/wp-content\\\/uploads\\\/2022\\\/01\\\/Logo_Organisator_Website.png\",\"width\":800,\"height\":77,\"caption\":\"Organisator\"},\"image\":{\"@id\":\"https:\\\/\\\/www.organisator.ch\\\/#\\\/schema\\\/logo\\\/image\\\/\"},\"sameAs\":[\"https:\\\/\\\/www.facebook.com\\\/OrganisatorFachmagazin\",\"https:\\\/\\\/www.linkedin.com\\\/showcase\\\/organisator-das-magazin-fr-kmu\",\"https:\\\/\\\/www.xing.com\\\/news\\\/pages\\\/organisator-ch-695\",\"https:\\\/\\\/www.youtube.com\\\/channel\\\/UCGP2Sq0iWaZwT3BdIAQFYpw\"]},{\"@type\":\"Person\",\"@id\":\"https:\\\/\\\/www.organisator.ch\\\/#\\\/schema\\\/person\\\/4e51799071cd2dd1232ac003643ef5f0\",\"name\":\"galledia\",\"image\":{\"@type\":\"ImageObject\",\"inLanguage\":\"it-IT\",\"@id\":\"https:\\\/\\\/secure.gravatar.com\\\/avatar\\\/78a7f90c01fc2bfc875782a0d4922b37cde2cf184ce347b91316d23cd7f69a36?s=96&d=mm&r=g\",\"url\":\"https:\\\/\\\/secure.gravatar.com\\\/avatar\\\/78a7f90c01fc2bfc875782a0d4922b37cde2cf184ce347b91316d23cd7f69a36?s=96&d=mm&r=g\",\"contentUrl\":\"https:\\\/\\\/secure.gravatar.com\\\/avatar\\\/78a7f90c01fc2bfc875782a0d4922b37cde2cf184ce347b91316d23cd7f69a36?s=96&d=mm&r=g\",\"caption\":\"galledia\"},\"sameAs\":[\"https:\\\/\\\/x.com\\\/admin\"],\"url\":\"https:\\\/\\\/www.organisator.ch\\\/it\\\/author\\\/galledia\\\/\"}]}<\/script>\n<!-- \/ Yoast SEO plugin. -->","yoast_head_json":{"title":"\"La grande idea conta\": il CEO di Publicis Sadoun e il CEO di Adobe Narayen sulla leadership creativa in tempi di AI e di potenza delle piattaforme - Organizzatore","description":"Due grandi del settore, Arthur Sadoun (Publicis) e Shantanu Narayen (Adobe), si sono incontrati al Cannes Lions Festival 2025.","robots":{"index":"index","follow":"follow","max-snippet":"max-snippet:-1","max-image-preview":"max-image-preview:large","max-video-preview":"max-video-preview:-1"},"canonical":"https:\/\/www.organisator.ch\/it\/marketing\/2025-07-01\/die-grosse-idee-zaehlt-publicis-ceo-sadoun-und-adobe-ceo-narayen-ueber-kreative-fuehrungsarbeit-in-zeiten-von-ki-und-plattformmacht\/","og_locale":"it_IT","og_type":"article","og_title":"\u00abDie grosse Idee z\u00e4hlt\u00bb: Publicis-CEO Sadoun und Adobe-CEO Narayen \u00fcber kreative F\u00fchrungsarbeit in Zeiten von KI und Plattformmacht - Organisator","og_description":"Beim Cannes Lions Festival 2025 trafen mit Arthur Sadoun (Publicis) und Shantanu Narayen (Adobe) zwei Schwergewichte der Branche aufeinander.","og_url":"https:\/\/www.organisator.ch\/it\/marketing\/2025-07-01\/die-grosse-idee-zaehlt-publicis-ceo-sadoun-und-adobe-ceo-narayen-ueber-kreative-fuehrungsarbeit-in-zeiten-von-ki-und-plattformmacht\/","og_site_name":"Organisator","article_publisher":"https:\/\/www.facebook.com\/OrganisatorFachmagazin","article_published_time":"2025-07-01T12:35:22+00:00","article_modified_time":"2025-09-09T06:35:16+00:00","author":"galledia","twitter_card":"summary_large_image","twitter_creator":"@admin","schema":{"@context":"https:\/\/schema.org","@graph":[{"@type":"Article","@id":"https:\/\/www.organisator.ch\/marketing\/2025-07-01\/die-grosse-idee-zaehlt-publicis-ceo-sadoun-und-adobe-ceo-narayen-ueber-kreative-fuehrungsarbeit-in-zeiten-von-ki-und-plattformmacht\/#article","isPartOf":{"@id":"https:\/\/www.organisator.ch\/marketing\/2025-07-01\/die-grosse-idee-zaehlt-publicis-ceo-sadoun-und-adobe-ceo-narayen-ueber-kreative-fuehrungsarbeit-in-zeiten-von-ki-und-plattformmacht\/"},"author":{"name":"galledia","@id":"https:\/\/www.organisator.ch\/#\/schema\/person\/4e51799071cd2dd1232ac003643ef5f0"},"headline":"\u00abDie grosse Idee z\u00e4hlt\u00bb: Publicis-CEO Sadoun und Adobe-CEO Narayen \u00fcber kreative F\u00fchrungsarbeit in Zeiten von KI und Plattformmacht","datePublished":"2025-07-01T12:35:22+00:00","dateModified":"2025-09-09T06:35:16+00:00","mainEntityOfPage":{"@id":"https:\/\/www.organisator.ch\/marketing\/2025-07-01\/die-grosse-idee-zaehlt-publicis-ceo-sadoun-und-adobe-ceo-narayen-ueber-kreative-fuehrungsarbeit-in-zeiten-von-ki-und-plattformmacht\/"},"wordCount":964,"publisher":{"@id":"https:\/\/www.organisator.ch\/#organization"},"image":{"@id":"https:\/\/www.organisator.ch\/marketing\/2025-07-01\/die-grosse-idee-zaehlt-publicis-ceo-sadoun-und-adobe-ceo-narayen-ueber-kreative-fuehrungsarbeit-in-zeiten-von-ki-und-plattformmacht\/#primaryimage"},"thumbnailUrl":"https:\/\/www.markt-kom.com\/wp-content\/uploads\/2025\/06\/SAS_0556-scaled.jpg","keywords":["Adobe","Arthur Sadoun","Cannes Lions Festival","Kreativity","MarKom","Publicis","Shantanu Narayen"],"articleSection":["MARKETING"],"inLanguage":"it-IT"},{"@type":"WebPage","@id":"https:\/\/www.organisator.ch\/marketing\/2025-07-01\/die-grosse-idee-zaehlt-publicis-ceo-sadoun-und-adobe-ceo-narayen-ueber-kreative-fuehrungsarbeit-in-zeiten-von-ki-und-plattformmacht\/","url":"https:\/\/www.organisator.ch\/marketing\/2025-07-01\/die-grosse-idee-zaehlt-publicis-ceo-sadoun-und-adobe-ceo-narayen-ueber-kreative-fuehrungsarbeit-in-zeiten-von-ki-und-plattformmacht\/","name":"\"La grande idea conta\": il CEO di Publicis Sadoun e il CEO di Adobe Narayen sulla leadership creativa in tempi di AI e di potenza delle piattaforme - Organizzatore","isPartOf":{"@id":"https:\/\/www.organisator.ch\/#website"},"primaryImageOfPage":{"@id":"https:\/\/www.organisator.ch\/marketing\/2025-07-01\/die-grosse-idee-zaehlt-publicis-ceo-sadoun-und-adobe-ceo-narayen-ueber-kreative-fuehrungsarbeit-in-zeiten-von-ki-und-plattformmacht\/#primaryimage"},"image":{"@id":"https:\/\/www.organisator.ch\/marketing\/2025-07-01\/die-grosse-idee-zaehlt-publicis-ceo-sadoun-und-adobe-ceo-narayen-ueber-kreative-fuehrungsarbeit-in-zeiten-von-ki-und-plattformmacht\/#primaryimage"},"thumbnailUrl":"https:\/\/www.markt-kom.com\/wp-content\/uploads\/2025\/06\/SAS_0556-scaled.jpg","datePublished":"2025-07-01T12:35:22+00:00","dateModified":"2025-09-09T06:35:16+00:00","description":"Due grandi del settore, Arthur Sadoun (Publicis) e Shantanu Narayen (Adobe), si sono incontrati al Cannes Lions Festival 2025.","breadcrumb":{"@id":"https:\/\/www.organisator.ch\/marketing\/2025-07-01\/die-grosse-idee-zaehlt-publicis-ceo-sadoun-und-adobe-ceo-narayen-ueber-kreative-fuehrungsarbeit-in-zeiten-von-ki-und-plattformmacht\/#breadcrumb"},"inLanguage":"it-IT","potentialAction":[{"@type":"ReadAction","target":["https:\/\/www.organisator.ch\/marketing\/2025-07-01\/die-grosse-idee-zaehlt-publicis-ceo-sadoun-und-adobe-ceo-narayen-ueber-kreative-fuehrungsarbeit-in-zeiten-von-ki-und-plattformmacht\/"]}]},{"@type":"ImageObject","inLanguage":"it-IT","@id":"https:\/\/www.organisator.ch\/marketing\/2025-07-01\/die-grosse-idee-zaehlt-publicis-ceo-sadoun-und-adobe-ceo-narayen-ueber-kreative-fuehrungsarbeit-in-zeiten-von-ki-und-plattformmacht\/#primaryimage","url":"https:\/\/www.markt-kom.com\/wp-content\/uploads\/2025\/06\/SAS_0556-scaled.jpg","contentUrl":"https:\/\/www.markt-kom.com\/wp-content\/uploads\/2025\/06\/SAS_0556-scaled.jpg"},{"@type":"BreadcrumbList","@id":"https:\/\/www.organisator.ch\/marketing\/2025-07-01\/die-grosse-idee-zaehlt-publicis-ceo-sadoun-und-adobe-ceo-narayen-ueber-kreative-fuehrungsarbeit-in-zeiten-von-ki-und-plattformmacht\/#breadcrumb","itemListElement":[{"@type":"ListItem","position":1,"name":"Home","item":"https:\/\/www.organisator.ch\/"},{"@type":"ListItem","position":2,"name":"\u00abDie grosse Idee z\u00e4hlt\u00bb: Publicis-CEO Sadoun und Adobe-CEO Narayen \u00fcber kreative F\u00fchrungsarbeit in Zeiten von KI und Plattformmacht"}]},{"@type":"WebSite","@id":"https:\/\/www.organisator.ch\/#website","url":"https:\/\/www.organisator.ch\/","name":"Organizzatore","description":"Competente. Pratico. In 10 numeri all'anno, ORGANISATOR presenta i temi essenziali per i manager delle PMI.","publisher":{"@id":"https:\/\/www.organisator.ch\/#organization"},"potentialAction":[{"@type":"SearchAction","target":{"@type":"EntryPoint","urlTemplate":"https:\/\/www.organisator.ch\/?s={search_term_string}"},"query-input":{"@type":"PropertyValueSpecification","valueRequired":true,"valueName":"search_term_string"}}],"inLanguage":"it-IT"},{"@type":"Organization","@id":"https:\/\/www.organisator.ch\/#organization","name":"Organizzatore","url":"https:\/\/www.organisator.ch\/","logo":{"@type":"ImageObject","inLanguage":"it-IT","@id":"https:\/\/www.organisator.ch\/#\/schema\/logo\/image\/","url":"https:\/\/www.organisator.ch\/wp-content\/uploads\/2022\/01\/Logo_Organisator_Website.png","contentUrl":"https:\/\/www.organisator.ch\/wp-content\/uploads\/2022\/01\/Logo_Organisator_Website.png","width":800,"height":77,"caption":"Organisator"},"image":{"@id":"https:\/\/www.organisator.ch\/#\/schema\/logo\/image\/"},"sameAs":["https:\/\/www.facebook.com\/OrganisatorFachmagazin","https:\/\/www.linkedin.com\/showcase\/organisator-das-magazin-fr-kmu","https:\/\/www.xing.com\/news\/pages\/organisator-ch-695","https:\/\/www.youtube.com\/channel\/UCGP2Sq0iWaZwT3BdIAQFYpw"]},{"@type":"Person","@id":"https:\/\/www.organisator.ch\/#\/schema\/person\/4e51799071cd2dd1232ac003643ef5f0","name":"galledia","image":{"@type":"ImageObject","inLanguage":"it-IT","@id":"https:\/\/secure.gravatar.com\/avatar\/78a7f90c01fc2bfc875782a0d4922b37cde2cf184ce347b91316d23cd7f69a36?s=96&d=mm&r=g","url":"https:\/\/secure.gravatar.com\/avatar\/78a7f90c01fc2bfc875782a0d4922b37cde2cf184ce347b91316d23cd7f69a36?s=96&d=mm&r=g","contentUrl":"https:\/\/secure.gravatar.com\/avatar\/78a7f90c01fc2bfc875782a0d4922b37cde2cf184ce347b91316d23cd7f69a36?s=96&d=mm&r=g","caption":"galledia"},"sameAs":["https:\/\/x.com\/admin"],"url":"https:\/\/www.organisator.ch\/it\/author\/galledia\/"}]}},"_links":{"self":[{"href":"https:\/\/www.organisator.ch\/it\/wp-json\/wp\/v2\/posts\/39368","targetHints":{"allow":["GET"]}}],"collection":[{"href":"https:\/\/www.organisator.ch\/it\/wp-json\/wp\/v2\/posts"}],"about":[{"href":"https:\/\/www.organisator.ch\/it\/wp-json\/wp\/v2\/types\/post"}],"author":[{"embeddable":true,"href":"https:\/\/www.organisator.ch\/it\/wp-json\/wp\/v2\/users\/8"}],"replies":[{"embeddable":true,"href":"https:\/\/www.organisator.ch\/it\/wp-json\/wp\/v2\/comments?post=39368"}],"version-history":[{"count":4,"href":"https:\/\/www.organisator.ch\/it\/wp-json\/wp\/v2\/posts\/39368\/revisions"}],"predecessor-version":[{"id":39436,"href":"https:\/\/www.organisator.ch\/it\/wp-json\/wp\/v2\/posts\/39368\/revisions\/39436"}],"wp:attachment":[{"href":"https:\/\/www.organisator.ch\/it\/wp-json\/wp\/v2\/media?parent=39368"}],"wp:term":[{"taxonomy":"category","embeddable":true,"href":"https:\/\/www.organisator.ch\/it\/wp-json\/wp\/v2\/categories?post=39368"},{"taxonomy":"post_tag","embeddable":true,"href":"https:\/\/www.organisator.ch\/it\/wp-json\/wp\/v2\/tags?post=39368"}],"curies":[{"name":"wp","href":"https:\/\/api.w.org\/{rel}","templated":true}]}}