{"id":39388,"date":"2025-07-02T11:05:58","date_gmt":"2025-07-02T09:05:58","guid":{"rendered":"https:\/\/www.markt-kom.com\/?p=236863"},"modified":"2025-07-02T11:02:11","modified_gmt":"2025-07-02T09:02:11","slug":"vier-buecher-die-sie-interessieren-koennten-33","status":"publish","type":"post","link":"https:\/\/www.organisator.ch\/it\/marketing\/2025-07-02\/vier-buecher-die-sie-interessieren-koennten-33\/","title":{"rendered":"Quattro libri che potrebbero interessarti"},"content":{"rendered":"<p><strong><img class=\"alignnone size-full wp-image-236870\" src=\"https:\/\/www.markt-kom.com\/wp-content\/uploads\/2025\/07\/vier-buecher-newsletter-mk.jpg\" sizes=\"(max-width: 1037px) 100vw, 1037px\" srcset=\"https:\/\/www.markt-kom.com\/wp-content\/uploads\/2025\/07\/vier-buecher-newsletter-mk.jpg 1037w, https:\/\/www.markt-kom.com\/wp-content\/uploads\/2025\/07\/vier-buecher-newsletter-mk-600x368.jpg 600w, https:\/\/www.markt-kom.com\/wp-content\/uploads\/2025\/07\/vier-buecher-newsletter-mk-1024x628.jpg 1024w, https:\/\/www.markt-kom.com\/wp-content\/uploads\/2025\/07\/vier-buecher-newsletter-mk-768x471.jpg 768w, https:\/\/www.markt-kom.com\/wp-content\/uploads\/2025\/07\/vier-buecher-newsletter-mk-18x12.jpg 18w, https:\/\/www.markt-kom.com\/wp-content\/uploads\/2025\/07\/vier-buecher-newsletter-mk-285x175.jpg 285w, https:\/\/www.markt-kom.com\/wp-content\/uploads\/2025\/07\/vier-buecher-newsletter-mk-571x350.jpg 571w, https:\/\/www.markt-kom.com\/wp-content\/uploads\/2025\/07\/vier-buecher-newsletter-mk-1000x613.jpg 1000w\" alt=\"\" width=\"1037\" height=\"636\" \/>Essere umani<\/strong><\/p>\r\n<p><em>Imparare dall'evoluzione per il futuro.<\/em><\/p>\r\n<ul>\r\n\t<li>Kai Michel e Carel van Schaik<\/li>\r\n\t<li>Editore: Rowohlt<\/li>\r\n\t<li>Anno di pubblicazione: 2023<\/li>\r\n\t<li>Pagine: 384<\/li>\r\n\t<li>ISBN: 9783498003272<\/li>\r\n<\/ul>\r\n<p>Nelle attuali critiche culturali e analisi sociali manca la domanda fondamentale: che cos'\u00e8 l'uomo? Per gli autori del bestseller Carel van Schaik e Kai Michel, una cosa \u00e8 chiara: solo la risposta a questa domanda ci dir\u00e0 perch\u00e9 oggi ci troviamo in una sorta di crisi permanente in vari settori della vita. Dal punto di vista della biologia e dell'antropologia, la risposta \u00e8 che l'evoluzione ci ha preparato per una vita diversa da quella che conduciamo attualmente. Con la loro prospettiva evolutiva, van Schaik e Michel gettano nuova luce su note malattie della civilt\u00e0. Vale la pena di leggerlo!<\/p>\r\n<p><img class=\"alignnone size-full wp-image-236866\" src=\"https:\/\/www.markt-kom.com\/wp-content\/uploads\/2025\/07\/Mensch-sein.jpeg\" sizes=\"(max-width: 325px) 100vw, 325px\" srcset=\"https:\/\/www.markt-kom.com\/wp-content\/uploads\/2025\/07\/Mensch-sein.jpeg 325w, https:\/\/www.markt-kom.com\/wp-content\/uploads\/2025\/07\/Mensch-sein-8x12.jpeg 8w, https:\/\/www.markt-kom.com\/wp-content\/uploads\/2025\/07\/Mensch-sein-114x175.jpeg 114w, https:\/\/www.markt-kom.com\/wp-content\/uploads\/2025\/07\/Mensch-sein-228x350.jpeg 228w\" alt=\"\" width=\"325\" height=\"500\" \/><\/p>\r\n<hr \/>\r\n<p><strong>Collaborazione nel flusso<\/strong><\/p>\r\n<p><em>Come portare con successo il flusso nel vostro team, nei vostri progetti e nella vostra azienda con 10 strumenti collaudati.<\/em><\/p>\r\n<ul>\r\n\t<li>Nadja Schnetzler e Laurent Burst<\/li>\r\n\t<li>Editore: GABAL<\/li>\r\n\t<li>Anno di pubblicazione: 2024<\/li>\r\n\t<li>Pagine: 215<\/li>\r\n\t<li>ISBN: 9783967392012<\/li>\r\n<\/ul>\r\n<p>Il flusso di lavoro e la collaborazione nelle organizzazioni sono ripetutamente rallentati e disturbati da molti fattori. Le riunioni improduttive sono fastidiose e le piccole incomprensioni si trasformano in conflitti. I compiti incompiuti si accumulano e causano ritardi. Gli autori ritengono che tutto questo non sia necessario. Il lavoro pu\u00f2 essere organizzato in modo che fluisca. Presentano dieci strumenti collaudati che aiutano a creare il flusso desiderato. Tuttavia, scrivono anche che, affinch\u00e9 questi strumenti siano efficaci, \u00e8 necessario affrontare innanzitutto gli ostacoli maggiori e minori al flusso.<\/p>\r\n<p><img class=\"alignnone size-full wp-image-236865\" src=\"https:\/\/www.markt-kom.com\/wp-content\/uploads\/2025\/07\/Zusammenarbeit-im-Flow.jpeg\" sizes=\"(max-width: 329px) 100vw, 329px\" srcset=\"https:\/\/www.markt-kom.com\/wp-content\/uploads\/2025\/07\/Zusammenarbeit-im-Flow.jpeg 329w, https:\/\/www.markt-kom.com\/wp-content\/uploads\/2025\/07\/Zusammenarbeit-im-Flow-8x12.jpeg 8w, https:\/\/www.markt-kom.com\/wp-content\/uploads\/2025\/07\/Zusammenarbeit-im-Flow-115x175.jpeg 115w, https:\/\/www.markt-kom.com\/wp-content\/uploads\/2025\/07\/Zusammenarbeit-im-Flow-230x350.jpeg 230w\" alt=\"\" width=\"329\" height=\"500\" \/><\/p>\r\n<p>&nbsp;<\/p>\r\n<hr \/>\r\n<p><strong>Risonanza del Playbook<\/strong><\/p>\r\n<p><em>Trovare le emozioni che guidano davvero i marchi.<\/em><\/p>\r\n<ul>\r\n\t<li>Bernhard Fischer-Appelt<\/li>\r\n\t<li>Editore: Murmann<\/li>\r\n\t<li>Anno di pubblicazione: 2024<\/li>\r\n\t<li>Pagine: 215<\/li>\r\n\t<li>ISBN: 9783867748063<\/li>\r\n<\/ul>\r\n<p>I marchi non devono fare appello solo alla mente, ma anche alle emozioni delle persone. Lo dice l'esperto di pubblicit\u00e0 Bernhard Fischer-Appelt e ci accompagna in un divertente viaggio nel mondo delle esperienze innovative dei marchi. C'\u00e8 tanto da imparare da Taylor Swift quanto dal leggendario club techno Berghain o dal rivenditore di articoli sportivi Decathlon. Purtroppo, l'ampia selezione di casi di studio va a scapito di una definizione pi\u00f9 precisa di cosa sia la \"disposizione affettiva\" che dovrebbe rendere tangibili i marchi. Tuttavia, si tratta di una lettura divertente e stimolante.<\/p>\r\n<p><img class=\"alignnone size-full wp-image-236867\" src=\"https:\/\/www.markt-kom.com\/wp-content\/uploads\/2025\/07\/Playbook-Resonanz.jpeg\" sizes=\"(max-width: 353px) 100vw, 353px\" srcset=\"https:\/\/www.markt-kom.com\/wp-content\/uploads\/2025\/07\/Playbook-Resonanz.jpeg 353w, https:\/\/www.markt-kom.com\/wp-content\/uploads\/2025\/07\/Playbook-Resonanz-8x12.jpeg 8w, https:\/\/www.markt-kom.com\/wp-content\/uploads\/2025\/07\/Playbook-Resonanz-124x175.jpeg 124w, https:\/\/www.markt-kom.com\/wp-content\/uploads\/2025\/07\/Playbook-Resonanz-247x350.jpeg 247w\" alt=\"\" width=\"353\" height=\"500\" \/><\/p>\r\n<hr \/>\r\n<p><strong>Impegno per il futuro<\/strong><\/p>\r\n<p><em>Un'imprenditoria moderna per un Paese in cui valga la pena vivere.<\/em><\/p>\r\n<ul>\r\n\t<li>Thomas M. Fischer<\/li>\r\n\t<li>Editore: Westend<\/li>\r\n\t<li>Anno di pubblicazione: 2025<\/li>\r\n\t<li>Pagine: 192<\/li>\r\n\t<li>ISBN: 9783864894831<\/li>\r\n<\/ul>\r\n<p>Thomas M. Fischer \u00e8 lui stesso un imprenditore e vuole che questo libro vi faccia riflettere: Perch\u00e9 continuiamo a definire il successo in termini di crescita, anche se il mondo ha da tempo bisogno di altre risposte? Fischer mostra il potenziale di un'economia orientata al valore. Vede la sostenibilit\u00e0 come un'opportunit\u00e0 per le aziende, la societ\u00e0 e ogni individuo. Fischer \u00e8 convinto che la vita in una societ\u00e0 sostenibile sar\u00e0 migliore di quanto molti credono. Una lettura stimolante per chiunque pensi al futuro della nostra economia e della nostra societ\u00e0.<\/p>\r\n<p><img class=\"alignnone size-full wp-image-236864\" src=\"https:\/\/www.markt-kom.com\/wp-content\/uploads\/2025\/07\/Zukunft-verpflichtet.jpeg\" sizes=\"(max-width: 506px) 100vw, 506px\" srcset=\"https:\/\/www.markt-kom.com\/wp-content\/uploads\/2025\/07\/Zukunft-verpflichtet.jpeg 506w, https:\/\/www.markt-kom.com\/wp-content\/uploads\/2025\/07\/Zukunft-verpflichtet-378x600.jpeg 378w, https:\/\/www.markt-kom.com\/wp-content\/uploads\/2025\/07\/Zukunft-verpflichtet-8x12.jpeg 8w, https:\/\/www.markt-kom.com\/wp-content\/uploads\/2025\/07\/Zukunft-verpflichtet-110x175.jpeg 110w, https:\/\/www.markt-kom.com\/wp-content\/uploads\/2025\/07\/Zukunft-verpflichtet-220x350.jpeg 220w, https:\/\/www.markt-kom.com\/wp-content\/uploads\/2025\/07\/Zukunft-verpflichtet-503x800.jpeg 503w\" alt=\"\" width=\"506\" height=\"804\" \/><\/p>","protected":false},"excerpt":{"rendered":"<p>In collaborazione con GetAbstract, presentiamo quattro libri del settore marketing e comunicazione. Questa volta: \"Superpower Sustainable Marketing\", \"Leading Hybrid Teams Successfully\", \"Clever Visualisation\" e \"Crisis Communication Practice Book\".<\/p>","protected":false},"author":8,"featured_media":0,"comment_status":"closed","ping_status":"closed","sticky":false,"template":"","format":"standard","meta":{"_acf_changed":false,"_yoast_wpseo_focuskw":"Vier B\u00fccher","_yoast_wpseo_metadesc":"In Zusammenarbeit mit GetAbstract stellen wir Ihnen vier B\u00fccher aus dem Marketing- und Kommunikationsbereich vor.","articlekey":"","footnotes":""},"categories":[29],"tags":[95,5442,2625,335,4343],"class_list":["post-39388","post","type-post","status-publish","format-standard","hentry","category-marketing","tag-buchtipps","tag-get-abstract","tag-lesetipps","tag-management-und-unternehmensfuehrung","tag-markom"],"acf":[],"yoast_head":"<!-- This site is optimized with the Yoast SEO plugin v27.5 - https:\/\/yoast.com\/product\/yoast-seo-wordpress\/ -->\n<title>Vier B\u00fccher, die Sie interessieren k\u00f6nnten - Organisator<\/title>\n<meta name=\"description\" content=\"In Zusammenarbeit mit GetAbstract stellen wir Ihnen vier B\u00fccher aus dem Marketing- und Kommunikationsbereich vor.\" \/>\n<meta name=\"robots\" content=\"index, follow, max-snippet:-1, max-image-preview:large, max-video-preview:-1\" \/>\n<link rel=\"canonical\" href=\"https:\/\/www.organisator.ch\/it\/marketing\/2025-07-02\/vier-buecher-die-sie-interessieren-koennten-33\/\" \/>\n<meta property=\"og:locale\" content=\"it_IT\" \/>\n<meta property=\"og:type\" content=\"article\" \/>\n<meta property=\"og:title\" content=\"Vier B\u00fccher, die Sie interessieren k\u00f6nnten - Organisator\" \/>\n<meta property=\"og:description\" content=\"In Zusammenarbeit mit GetAbstract stellen wir Ihnen vier B\u00fccher aus dem Marketing- und Kommunikationsbereich vor.\" \/>\n<meta property=\"og:url\" content=\"https:\/\/www.organisator.ch\/it\/marketing\/2025-07-02\/vier-buecher-die-sie-interessieren-koennten-33\/\" \/>\n<meta property=\"og:site_name\" content=\"Organisator\" \/>\n<meta property=\"article:publisher\" content=\"https:\/\/www.facebook.com\/OrganisatorFachmagazin\" \/>\n<meta property=\"article:published_time\" content=\"2025-07-02T09:05:58+00:00\" \/>\n<meta name=\"author\" content=\"galledia\" \/>\n<meta name=\"twitter:card\" content=\"summary_large_image\" \/>\n<meta name=\"twitter:creator\" content=\"@admin\" \/>\n<script type=\"application\/ld+json\" class=\"yoast-schema-graph\">{\"@context\":\"https:\\\/\\\/schema.org\",\"@graph\":[{\"@type\":\"Article\",\"@id\":\"https:\\\/\\\/www.organisator.ch\\\/marketing\\\/2025-07-02\\\/vier-buecher-die-sie-interessieren-koennten-33\\\/#article\",\"isPartOf\":{\"@id\":\"https:\\\/\\\/www.organisator.ch\\\/marketing\\\/2025-07-02\\\/vier-buecher-die-sie-interessieren-koennten-33\\\/\"},\"author\":{\"name\":\"galledia\",\"@id\":\"https:\\\/\\\/www.organisator.ch\\\/#\\\/schema\\\/person\\\/4e51799071cd2dd1232ac003643ef5f0\"},\"headline\":\"Vier B\u00fccher, die Sie interessieren k\u00f6nnten\",\"datePublished\":\"2025-07-02T09:05:58+00:00\",\"mainEntityOfPage\":{\"@id\":\"https:\\\/\\\/www.organisator.ch\\\/marketing\\\/2025-07-02\\\/vier-buecher-die-sie-interessieren-koennten-33\\\/\"},\"wordCount\":445,\"publisher\":{\"@id\":\"https:\\\/\\\/www.organisator.ch\\\/#organization\"},\"image\":{\"@id\":\"https:\\\/\\\/www.organisator.ch\\\/marketing\\\/2025-07-02\\\/vier-buecher-die-sie-interessieren-koennten-33\\\/#primaryimage\"},\"thumbnailUrl\":\"https:\\\/\\\/www.markt-kom.com\\\/wp-content\\\/uploads\\\/2025\\\/07\\\/vier-buecher-newsletter-mk.jpg\",\"keywords\":[\"Buchtipps\",\"Get Abstract\",\"Lesetipps\",\"Management und Unternehmensf\u00fchrung\",\"MarKom\"],\"articleSection\":[\"MARKETING\"],\"inLanguage\":\"it-IT\"},{\"@type\":\"WebPage\",\"@id\":\"https:\\\/\\\/www.organisator.ch\\\/marketing\\\/2025-07-02\\\/vier-buecher-die-sie-interessieren-koennten-33\\\/\",\"url\":\"https:\\\/\\\/www.organisator.ch\\\/marketing\\\/2025-07-02\\\/vier-buecher-die-sie-interessieren-koennten-33\\\/\",\"name\":\"Vier B\u00fccher, die Sie interessieren k\u00f6nnten - Organisator\",\"isPartOf\":{\"@id\":\"https:\\\/\\\/www.organisator.ch\\\/#website\"},\"primaryImageOfPage\":{\"@id\":\"https:\\\/\\\/www.organisator.ch\\\/marketing\\\/2025-07-02\\\/vier-buecher-die-sie-interessieren-koennten-33\\\/#primaryimage\"},\"image\":{\"@id\":\"https:\\\/\\\/www.organisator.ch\\\/marketing\\\/2025-07-02\\\/vier-buecher-die-sie-interessieren-koennten-33\\\/#primaryimage\"},\"thumbnailUrl\":\"https:\\\/\\\/www.markt-kom.com\\\/wp-content\\\/uploads\\\/2025\\\/07\\\/vier-buecher-newsletter-mk.jpg\",\"datePublished\":\"2025-07-02T09:05:58+00:00\",\"description\":\"In Zusammenarbeit mit GetAbstract stellen wir Ihnen vier B\u00fccher aus dem Marketing- und Kommunikationsbereich vor.\",\"breadcrumb\":{\"@id\":\"https:\\\/\\\/www.organisator.ch\\\/marketing\\\/2025-07-02\\\/vier-buecher-die-sie-interessieren-koennten-33\\\/#breadcrumb\"},\"inLanguage\":\"it-IT\",\"potentialAction\":[{\"@type\":\"ReadAction\",\"target\":[\"https:\\\/\\\/www.organisator.ch\\\/marketing\\\/2025-07-02\\\/vier-buecher-die-sie-interessieren-koennten-33\\\/\"]}]},{\"@type\":\"ImageObject\",\"inLanguage\":\"it-IT\",\"@id\":\"https:\\\/\\\/www.organisator.ch\\\/marketing\\\/2025-07-02\\\/vier-buecher-die-sie-interessieren-koennten-33\\\/#primaryimage\",\"url\":\"https:\\\/\\\/www.markt-kom.com\\\/wp-content\\\/uploads\\\/2025\\\/07\\\/vier-buecher-newsletter-mk.jpg\",\"contentUrl\":\"https:\\\/\\\/www.markt-kom.com\\\/wp-content\\\/uploads\\\/2025\\\/07\\\/vier-buecher-newsletter-mk.jpg\"},{\"@type\":\"BreadcrumbList\",\"@id\":\"https:\\\/\\\/www.organisator.ch\\\/marketing\\\/2025-07-02\\\/vier-buecher-die-sie-interessieren-koennten-33\\\/#breadcrumb\",\"itemListElement\":[{\"@type\":\"ListItem\",\"position\":1,\"name\":\"Home\",\"item\":\"https:\\\/\\\/www.organisator.ch\\\/\"},{\"@type\":\"ListItem\",\"position\":2,\"name\":\"Vier B\u00fccher, die Sie interessieren k\u00f6nnten\"}]},{\"@type\":\"WebSite\",\"@id\":\"https:\\\/\\\/www.organisator.ch\\\/#website\",\"url\":\"https:\\\/\\\/www.organisator.ch\\\/\",\"name\":\"Organisator\",\"description\":\"Kompetent. Praxisnah. Der ORGANISATOR bereitet in 10 Ausgaben pro Jahr die wesentlichen Themen f\u00fcr F\u00fchrungskr\u00e4fte von KMU auf.\",\"publisher\":{\"@id\":\"https:\\\/\\\/www.organisator.ch\\\/#organization\"},\"potentialAction\":[{\"@type\":\"SearchAction\",\"target\":{\"@type\":\"EntryPoint\",\"urlTemplate\":\"https:\\\/\\\/www.organisator.ch\\\/?s={search_term_string}\"},\"query-input\":{\"@type\":\"PropertyValueSpecification\",\"valueRequired\":true,\"valueName\":\"search_term_string\"}}],\"inLanguage\":\"it-IT\"},{\"@type\":\"Organization\",\"@id\":\"https:\\\/\\\/www.organisator.ch\\\/#organization\",\"name\":\"Organisator\",\"url\":\"https:\\\/\\\/www.organisator.ch\\\/\",\"logo\":{\"@type\":\"ImageObject\",\"inLanguage\":\"it-IT\",\"@id\":\"https:\\\/\\\/www.organisator.ch\\\/#\\\/schema\\\/logo\\\/image\\\/\",\"url\":\"https:\\\/\\\/www.organisator.ch\\\/wp-content\\\/uploads\\\/2022\\\/01\\\/Logo_Organisator_Website.png\",\"contentUrl\":\"https:\\\/\\\/www.organisator.ch\\\/wp-content\\\/uploads\\\/2022\\\/01\\\/Logo_Organisator_Website.png\",\"width\":800,\"height\":77,\"caption\":\"Organisator\"},\"image\":{\"@id\":\"https:\\\/\\\/www.organisator.ch\\\/#\\\/schema\\\/logo\\\/image\\\/\"},\"sameAs\":[\"https:\\\/\\\/www.facebook.com\\\/OrganisatorFachmagazin\",\"https:\\\/\\\/www.linkedin.com\\\/showcase\\\/organisator-das-magazin-fr-kmu\",\"https:\\\/\\\/www.xing.com\\\/news\\\/pages\\\/organisator-ch-695\",\"https:\\\/\\\/www.youtube.com\\\/channel\\\/UCGP2Sq0iWaZwT3BdIAQFYpw\"]},{\"@type\":\"Person\",\"@id\":\"https:\\\/\\\/www.organisator.ch\\\/#\\\/schema\\\/person\\\/4e51799071cd2dd1232ac003643ef5f0\",\"name\":\"galledia\",\"image\":{\"@type\":\"ImageObject\",\"inLanguage\":\"it-IT\",\"@id\":\"https:\\\/\\\/secure.gravatar.com\\\/avatar\\\/78a7f90c01fc2bfc875782a0d4922b37cde2cf184ce347b91316d23cd7f69a36?s=96&d=mm&r=g\",\"url\":\"https:\\\/\\\/secure.gravatar.com\\\/avatar\\\/78a7f90c01fc2bfc875782a0d4922b37cde2cf184ce347b91316d23cd7f69a36?s=96&d=mm&r=g\",\"contentUrl\":\"https:\\\/\\\/secure.gravatar.com\\\/avatar\\\/78a7f90c01fc2bfc875782a0d4922b37cde2cf184ce347b91316d23cd7f69a36?s=96&d=mm&r=g\",\"caption\":\"galledia\"},\"sameAs\":[\"https:\\\/\\\/x.com\\\/admin\"],\"url\":\"https:\\\/\\\/www.organisator.ch\\\/it\\\/author\\\/galledia\\\/\"}]}<\/script>\n<!-- \/ Yoast SEO plugin. -->","yoast_head_json":{"title":"Quattro libri che potrebbero interessarvi - Organizzatore","description":"In collaborazione con GetAbstract, presentiamo quattro libri del settore marketing e comunicazione.","robots":{"index":"index","follow":"follow","max-snippet":"max-snippet:-1","max-image-preview":"max-image-preview:large","max-video-preview":"max-video-preview:-1"},"canonical":"https:\/\/www.organisator.ch\/it\/marketing\/2025-07-02\/vier-buecher-die-sie-interessieren-koennten-33\/","og_locale":"it_IT","og_type":"article","og_title":"Vier B\u00fccher, die Sie interessieren k\u00f6nnten - Organisator","og_description":"In Zusammenarbeit mit GetAbstract stellen wir Ihnen vier B\u00fccher aus dem Marketing- und Kommunikationsbereich vor.","og_url":"https:\/\/www.organisator.ch\/it\/marketing\/2025-07-02\/vier-buecher-die-sie-interessieren-koennten-33\/","og_site_name":"Organisator","article_publisher":"https:\/\/www.facebook.com\/OrganisatorFachmagazin","article_published_time":"2025-07-02T09:05:58+00:00","author":"galledia","twitter_card":"summary_large_image","twitter_creator":"@admin","schema":{"@context":"https:\/\/schema.org","@graph":[{"@type":"Article","@id":"https:\/\/www.organisator.ch\/marketing\/2025-07-02\/vier-buecher-die-sie-interessieren-koennten-33\/#article","isPartOf":{"@id":"https:\/\/www.organisator.ch\/marketing\/2025-07-02\/vier-buecher-die-sie-interessieren-koennten-33\/"},"author":{"name":"galledia","@id":"https:\/\/www.organisator.ch\/#\/schema\/person\/4e51799071cd2dd1232ac003643ef5f0"},"headline":"Vier B\u00fccher, die Sie interessieren k\u00f6nnten","datePublished":"2025-07-02T09:05:58+00:00","mainEntityOfPage":{"@id":"https:\/\/www.organisator.ch\/marketing\/2025-07-02\/vier-buecher-die-sie-interessieren-koennten-33\/"},"wordCount":445,"publisher":{"@id":"https:\/\/www.organisator.ch\/#organization"},"image":{"@id":"https:\/\/www.organisator.ch\/marketing\/2025-07-02\/vier-buecher-die-sie-interessieren-koennten-33\/#primaryimage"},"thumbnailUrl":"https:\/\/www.markt-kom.com\/wp-content\/uploads\/2025\/07\/vier-buecher-newsletter-mk.jpg","keywords":["Buchtipps","Get Abstract","Lesetipps","Management und Unternehmensf\u00fchrung","MarKom"],"articleSection":["MARKETING"],"inLanguage":"it-IT"},{"@type":"WebPage","@id":"https:\/\/www.organisator.ch\/marketing\/2025-07-02\/vier-buecher-die-sie-interessieren-koennten-33\/","url":"https:\/\/www.organisator.ch\/marketing\/2025-07-02\/vier-buecher-die-sie-interessieren-koennten-33\/","name":"Quattro libri che potrebbero interessarvi - Organizzatore","isPartOf":{"@id":"https:\/\/www.organisator.ch\/#website"},"primaryImageOfPage":{"@id":"https:\/\/www.organisator.ch\/marketing\/2025-07-02\/vier-buecher-die-sie-interessieren-koennten-33\/#primaryimage"},"image":{"@id":"https:\/\/www.organisator.ch\/marketing\/2025-07-02\/vier-buecher-die-sie-interessieren-koennten-33\/#primaryimage"},"thumbnailUrl":"https:\/\/www.markt-kom.com\/wp-content\/uploads\/2025\/07\/vier-buecher-newsletter-mk.jpg","datePublished":"2025-07-02T09:05:58+00:00","description":"In collaborazione con GetAbstract, presentiamo quattro libri del settore marketing e comunicazione.","breadcrumb":{"@id":"https:\/\/www.organisator.ch\/marketing\/2025-07-02\/vier-buecher-die-sie-interessieren-koennten-33\/#breadcrumb"},"inLanguage":"it-IT","potentialAction":[{"@type":"ReadAction","target":["https:\/\/www.organisator.ch\/marketing\/2025-07-02\/vier-buecher-die-sie-interessieren-koennten-33\/"]}]},{"@type":"ImageObject","inLanguage":"it-IT","@id":"https:\/\/www.organisator.ch\/marketing\/2025-07-02\/vier-buecher-die-sie-interessieren-koennten-33\/#primaryimage","url":"https:\/\/www.markt-kom.com\/wp-content\/uploads\/2025\/07\/vier-buecher-newsletter-mk.jpg","contentUrl":"https:\/\/www.markt-kom.com\/wp-content\/uploads\/2025\/07\/vier-buecher-newsletter-mk.jpg"},{"@type":"BreadcrumbList","@id":"https:\/\/www.organisator.ch\/marketing\/2025-07-02\/vier-buecher-die-sie-interessieren-koennten-33\/#breadcrumb","itemListElement":[{"@type":"ListItem","position":1,"name":"Home","item":"https:\/\/www.organisator.ch\/"},{"@type":"ListItem","position":2,"name":"Vier B\u00fccher, die Sie interessieren k\u00f6nnten"}]},{"@type":"WebSite","@id":"https:\/\/www.organisator.ch\/#website","url":"https:\/\/www.organisator.ch\/","name":"Organizzatore","description":"Competente. Pratico. In 10 numeri all'anno, ORGANISATOR presenta i temi essenziali per i manager delle PMI.","publisher":{"@id":"https:\/\/www.organisator.ch\/#organization"},"potentialAction":[{"@type":"SearchAction","target":{"@type":"EntryPoint","urlTemplate":"https:\/\/www.organisator.ch\/?s={search_term_string}"},"query-input":{"@type":"PropertyValueSpecification","valueRequired":true,"valueName":"search_term_string"}}],"inLanguage":"it-IT"},{"@type":"Organization","@id":"https:\/\/www.organisator.ch\/#organization","name":"Organizzatore","url":"https:\/\/www.organisator.ch\/","logo":{"@type":"ImageObject","inLanguage":"it-IT","@id":"https:\/\/www.organisator.ch\/#\/schema\/logo\/image\/","url":"https:\/\/www.organisator.ch\/wp-content\/uploads\/2022\/01\/Logo_Organisator_Website.png","contentUrl":"https:\/\/www.organisator.ch\/wp-content\/uploads\/2022\/01\/Logo_Organisator_Website.png","width":800,"height":77,"caption":"Organisator"},"image":{"@id":"https:\/\/www.organisator.ch\/#\/schema\/logo\/image\/"},"sameAs":["https:\/\/www.facebook.com\/OrganisatorFachmagazin","https:\/\/www.linkedin.com\/showcase\/organisator-das-magazin-fr-kmu","https:\/\/www.xing.com\/news\/pages\/organisator-ch-695","https:\/\/www.youtube.com\/channel\/UCGP2Sq0iWaZwT3BdIAQFYpw"]},{"@type":"Person","@id":"https:\/\/www.organisator.ch\/#\/schema\/person\/4e51799071cd2dd1232ac003643ef5f0","name":"galledia","image":{"@type":"ImageObject","inLanguage":"it-IT","@id":"https:\/\/secure.gravatar.com\/avatar\/78a7f90c01fc2bfc875782a0d4922b37cde2cf184ce347b91316d23cd7f69a36?s=96&d=mm&r=g","url":"https:\/\/secure.gravatar.com\/avatar\/78a7f90c01fc2bfc875782a0d4922b37cde2cf184ce347b91316d23cd7f69a36?s=96&d=mm&r=g","contentUrl":"https:\/\/secure.gravatar.com\/avatar\/78a7f90c01fc2bfc875782a0d4922b37cde2cf184ce347b91316d23cd7f69a36?s=96&d=mm&r=g","caption":"galledia"},"sameAs":["https:\/\/x.com\/admin"],"url":"https:\/\/www.organisator.ch\/it\/author\/galledia\/"}]}},"_links":{"self":[{"href":"https:\/\/www.organisator.ch\/it\/wp-json\/wp\/v2\/posts\/39388","targetHints":{"allow":["GET"]}}],"collection":[{"href":"https:\/\/www.organisator.ch\/it\/wp-json\/wp\/v2\/posts"}],"about":[{"href":"https:\/\/www.organisator.ch\/it\/wp-json\/wp\/v2\/types\/post"}],"author":[{"embeddable":true,"href":"https:\/\/www.organisator.ch\/it\/wp-json\/wp\/v2\/users\/8"}],"replies":[{"embeddable":true,"href":"https:\/\/www.organisator.ch\/it\/wp-json\/wp\/v2\/comments?post=39388"}],"version-history":[{"count":4,"href":"https:\/\/www.organisator.ch\/it\/wp-json\/wp\/v2\/posts\/39388\/revisions"}],"predecessor-version":[{"id":39433,"href":"https:\/\/www.organisator.ch\/it\/wp-json\/wp\/v2\/posts\/39388\/revisions\/39433"}],"wp:attachment":[{"href":"https:\/\/www.organisator.ch\/it\/wp-json\/wp\/v2\/media?parent=39388"}],"wp:term":[{"taxonomy":"category","embeddable":true,"href":"https:\/\/www.organisator.ch\/it\/wp-json\/wp\/v2\/categories?post=39388"},{"taxonomy":"post_tag","embeddable":true,"href":"https:\/\/www.organisator.ch\/it\/wp-json\/wp\/v2\/tags?post=39388"}],"curies":[{"name":"wp","href":"https:\/\/api.w.org\/{rel}","templated":true}]}}