{"id":3944,"date":"2018-07-17T09:12:54","date_gmt":"2018-07-17T07:12:54","guid":{"rendered":"https:\/\/www.organisator.ch\/?p=3944"},"modified":"2018-07-17T09:12:54","modified_gmt":"2018-07-17T07:12:54","slug":"neustarter-stiftung-kompetenzen-statt-alter","status":"publish","type":"post","link":"https:\/\/www.organisator.ch\/it\/allgemein\/2018-07-17\/neustarter-stiftung-kompetenzen-statt-alter\/","title":{"rendered":"Fondazione Neustarter: competenze invece di et\u00e0"},"content":{"rendered":"<figure id=\"attachment_4008\" aria-describedby=\"caption-attachment-4008\" style=\"width: 640px\" class=\"wp-caption alignnone\"><img loading=\"lazy\" decoding=\"async\" class=\"size-full wp-image-4008\" src=\"https:\/\/www.organisator.ch\/wp-content\/uploads\/2018\/07\/Neustarter-Stiftung-Kompetenzen-statt-Alter_Organisator.jpg\" alt=\"\" width=\"640\" height=\"427\" srcset=\"https:\/\/www.organisator.ch\/wp-content\/uploads\/2018\/07\/Neustarter-Stiftung-Kompetenzen-statt-Alter_Organisator.jpg 640w, https:\/\/www.organisator.ch\/wp-content\/uploads\/2018\/07\/Neustarter-Stiftung-Kompetenzen-statt-Alter_Organisator-16x12.jpg 16w, https:\/\/www.organisator.ch\/wp-content\/uploads\/2018\/07\/Neustarter-Stiftung-Kompetenzen-statt-Alter_Organisator-262x175.jpg 262w, https:\/\/www.organisator.ch\/wp-content\/uploads\/2018\/07\/Neustarter-Stiftung-Kompetenzen-statt-Alter_Organisator-525x350.jpg 525w, https:\/\/www.organisator.ch\/wp-content\/uploads\/2018\/07\/Neustarter-Stiftung-Kompetenzen-statt-Alter_Organisator-300x200.jpg 300w\" sizes=\"auto, (max-width: 640px) 100vw, 640px\" \/><figcaption id=\"caption-attachment-4008\" class=\"wp-caption-text\">In totale, Neustarter ha accolto quasi 500 partecipanti negli ultimi 12 mesi. (Immagine: zVg)<\/figcaption><\/figure>\n<p>Da giugno 2017 a giugno 2018, si sono tenuti 9 workshop, due Neustarter Foundation on Tour, 10 tavoli regolari, tre conferenze con tavole rotonde e un grande evento annuale di kick-off. La comunit\u00e0 online, che cresce ogni giorno, ha gi\u00e0 circa 3000 fan e follower. Il piano \u00e8 di espandere i workshop e i tavoli regolari a tutta la Svizzera e alla regione DACH nei prossimi anni.<\/p>\n<p>Il rafforzamento delle competenze di ogni individuo \u00e8 al centro di tutte le attivit\u00e0.<\/p>\n<p><strong>Nuovo inizio nel cambiamento \u00a0<\/strong><\/p>\n<p>Un anno fa, la fondazione no-profit Tertianum, fondata nel 1999, si \u00e8 data un nuovo inizio. Nel campo della tensione tra il cambiamento demografico e la crescente digitalizzazione, la rinominata Neustarter Foundation si \u00e8 concentrata da allora su due punti focali:<\/p>\n<p><em>- Ripresa della carriera dei lavoratori dipendenti 49+ all'interno o al di fuori delle aziende Accompagnamento di aziende e organizzazioni<\/em><\/p>\n<p><em>- nella \"gestione dei talenti a misura di generazione\" con nuovi modelli di lavoro per condizioni quadro mutate e<\/em><\/p>\n<p><em>- con formati per lo scambio collegiale e l'impartizione completa di conoscenze metodologiche per equipaggiare i dipendenti anziani di molti anni per il futuro.<\/em><\/p>\n<p>&nbsp;<\/p>\n<p><strong>CV dinamici <\/strong><\/p>\n<p>Il futuro appartiene ai CV dinamici e sia ai dipendenti che ai datori di lavoro \u00e8 sempre pi\u00f9 richiesto di reagire in modo flessibile alle richieste che cambiano. Soprattutto dopo molti anni di vita lavorativa, questo non \u00e8 facile. Neustarter mira specificamente a ispirare, incoraggiare e sostenere coloro che lavorano a partire dai 49 anni, ma anche le aziende con dipendenti di questa et\u00e0. Oltre alle offerte concrete, Neustarter promuove anche la comunit\u00e0 attraverso piattaforme di scambio e offerte di comunicazione complete.<\/p>\n<p><em>New Starters organizza regolarmente:<\/em><\/p>\n<p><em>- Workshop per le persone (per determinare la loro posizione, per fare rete con persone che la pensano come loro e per imparare metodi come il Design Thinking).<\/em><\/p>\n<p><em>- Workshops per le aziende (per una gestione dei talenti favorevole alle generazioni, per esempio sulla motivazione e le competenze, la leadership, l'agilit\u00e0 nei team di et\u00e0 mista)<\/em><\/p>\n<p><em>- I nuovi arrivati in tour: \"Learning Journeys\" presso start-up e luoghi interessanti per l'ispirazione e lo scambio di idee<\/em><\/p>\n<p><em>- Tavoli dei frequentatori abituali per lo scambio, il networking e l'ispirazione<\/em><\/p>\n<p><em>- Eventi dal discorso scientifico a quello pratico a quello sociale<\/em><\/p>\n<p>&nbsp;<\/p>\n<p><a href=\"http:\/\/www.neustarter.com\">www.neustarter.com<\/a><\/p>","protected":false},"excerpt":{"rendered":"<p>Von Juni 2017 bis Juni 2018 wurden 9 Workshops,\u00a0 zwei Neustarter-Stiftung on Tour, 10 Stammtische, drei Vortr\u00e4ge mit Podiumsdiskussionen und ein grosses Jahresauftakt-Event durchgef\u00fchrt. Zur t\u00e4glich wachsenden Online-Community geh\u00f6ren bereits ca. 3000 Fans und Follower. Geplant ist die Ausweitung der Workshops und der Stammtische auf das gesamte Gebiet der Schweiz und die DACH-Region in den [&hellip;]<\/p>\n","protected":false},"author":5,"featured_media":3945,"comment_status":"open","ping_status":"open","sticky":false,"template":"","format":"standard","meta":{"_acf_changed":false,"_yoast_wpseo_focuskw":"Neustarter-Stiftung","_yoast_wpseo_metadesc":"Die Neustarter-Stiftung zieht nach einem Jahr Neuausrichtung auf die beruflichen Neustarts von Schweizerinnen und Schweizern im Alter von 49+ Bilanz.","articlekey":"","footnotes":""},"categories":[1],"tags":[31,75,361,455],"class_list":["post-3944","post","type-post","status-publish","format-standard","has-post-thumbnail","hentry","category-allgemein","tag-31","tag-berufswahl","tag-neuausrichtung","tag-stiftung"],"acf":[],"yoast_head":"<!-- This site is optimized with the Yoast SEO plugin v27.4 - https:\/\/yoast.com\/product\/yoast-seo-wordpress\/ -->\n<title>Neustarter-Stiftung: Kompetenzen statt Alter - Organisator<\/title>\n<meta name=\"description\" content=\"Die Neustarter-Stiftung zieht nach einem Jahr Neuausrichtung auf die beruflichen Neustarts von Schweizerinnen und Schweizern im Alter von 49+ Bilanz.\" \/>\n<meta name=\"robots\" content=\"index, follow, max-snippet:-1, max-image-preview:large, max-video-preview:-1\" \/>\n<link rel=\"canonical\" href=\"https:\/\/www.organisator.ch\/it\/generale\/2018-07-17\/neustarter-stiftung-kompetenzen-statt-alter\/\" \/>\n<meta property=\"og:locale\" content=\"it_IT\" \/>\n<meta property=\"og:type\" content=\"article\" \/>\n<meta property=\"og:title\" content=\"Neustarter-Stiftung: Kompetenzen statt Alter - Organisator\" \/>\n<meta property=\"og:description\" content=\"Die Neustarter-Stiftung zieht nach einem Jahr Neuausrichtung auf die beruflichen Neustarts von Schweizerinnen und Schweizern im Alter von 49+ Bilanz.\" \/>\n<meta property=\"og:url\" content=\"https:\/\/www.organisator.ch\/it\/generale\/2018-07-17\/neustarter-stiftung-kompetenzen-statt-alter\/\" \/>\n<meta property=\"og:site_name\" content=\"Organisator\" \/>\n<meta property=\"article:publisher\" content=\"https:\/\/www.facebook.com\/OrganisatorFachmagazin\" \/>\n<meta property=\"article:published_time\" content=\"2018-07-17T07:12:54+00:00\" \/>\n<meta property=\"og:image\" content=\"https:\/\/www.organisator.ch\/wp-content\/uploads\/2018\/07\/Neustarter-Stiftung-org-organisator.jpg\" \/>\n\t<meta property=\"og:image:width\" content=\"1215\" \/>\n\t<meta property=\"og:image:height\" content=\"1822\" \/>\n\t<meta property=\"og:image:type\" content=\"image\/jpeg\" \/>\n<meta name=\"author\" content=\"michael.merz\" \/>\n<meta name=\"twitter:card\" content=\"summary_large_image\" \/>\n<script type=\"application\/ld+json\" class=\"yoast-schema-graph\">{\"@context\":\"https:\\\/\\\/schema.org\",\"@graph\":[{\"@type\":\"Article\",\"@id\":\"https:\\\/\\\/www.organisator.ch\\\/de\\\/allgemein\\\/2018-07-17\\\/neustarter-stiftung-kompetenzen-statt-alter\\\/#article\",\"isPartOf\":{\"@id\":\"https:\\\/\\\/www.organisator.ch\\\/de\\\/allgemein\\\/2018-07-17\\\/neustarter-stiftung-kompetenzen-statt-alter\\\/\"},\"author\":{\"name\":\"michael.merz\",\"@id\":\"https:\\\/\\\/www.organisator.ch\\\/#\\\/schema\\\/person\\\/134708ca9321c57b0362cceb7948ffbd\"},\"headline\":\"Neustarter-Stiftung: Kompetenzen statt Alter\",\"datePublished\":\"2018-07-17T07:12:54+00:00\",\"mainEntityOfPage\":{\"@id\":\"https:\\\/\\\/www.organisator.ch\\\/de\\\/allgemein\\\/2018-07-17\\\/neustarter-stiftung-kompetenzen-statt-alter\\\/\"},\"wordCount\":343,\"commentCount\":0,\"publisher\":{\"@id\":\"https:\\\/\\\/www.organisator.ch\\\/#organization\"},\"image\":{\"@id\":\"https:\\\/\\\/www.organisator.ch\\\/de\\\/allgemein\\\/2018-07-17\\\/neustarter-stiftung-kompetenzen-statt-alter\\\/#primaryimage\"},\"thumbnailUrl\":\"https:\\\/\\\/www.organisator.ch\\\/wp-content\\\/uploads\\\/2018\\\/07\\\/Neustarter-Stiftung-org-organisator.jpg\",\"keywords\":[\"50+\",\"Berufswahl\",\"Neuausrichtung\",\"Stiftung\"],\"articleSection\":[\"Allgemein\"],\"inLanguage\":\"it-IT\"},{\"@type\":\"WebPage\",\"@id\":\"https:\\\/\\\/www.organisator.ch\\\/de\\\/allgemein\\\/2018-07-17\\\/neustarter-stiftung-kompetenzen-statt-alter\\\/\",\"url\":\"https:\\\/\\\/www.organisator.ch\\\/de\\\/allgemein\\\/2018-07-17\\\/neustarter-stiftung-kompetenzen-statt-alter\\\/\",\"name\":\"Neustarter-Stiftung: Kompetenzen statt Alter - Organisator\",\"isPartOf\":{\"@id\":\"https:\\\/\\\/www.organisator.ch\\\/#website\"},\"primaryImageOfPage\":{\"@id\":\"https:\\\/\\\/www.organisator.ch\\\/de\\\/allgemein\\\/2018-07-17\\\/neustarter-stiftung-kompetenzen-statt-alter\\\/#primaryimage\"},\"image\":{\"@id\":\"https:\\\/\\\/www.organisator.ch\\\/de\\\/allgemein\\\/2018-07-17\\\/neustarter-stiftung-kompetenzen-statt-alter\\\/#primaryimage\"},\"thumbnailUrl\":\"https:\\\/\\\/www.organisator.ch\\\/wp-content\\\/uploads\\\/2018\\\/07\\\/Neustarter-Stiftung-org-organisator.jpg\",\"datePublished\":\"2018-07-17T07:12:54+00:00\",\"description\":\"Die Neustarter-Stiftung zieht nach einem Jahr Neuausrichtung auf die beruflichen Neustarts von Schweizerinnen und Schweizern im Alter von 49+ Bilanz.\",\"breadcrumb\":{\"@id\":\"https:\\\/\\\/www.organisator.ch\\\/de\\\/allgemein\\\/2018-07-17\\\/neustarter-stiftung-kompetenzen-statt-alter\\\/#breadcrumb\"},\"inLanguage\":\"it-IT\",\"potentialAction\":[{\"@type\":\"ReadAction\",\"target\":[\"https:\\\/\\\/www.organisator.ch\\\/de\\\/allgemein\\\/2018-07-17\\\/neustarter-stiftung-kompetenzen-statt-alter\\\/\"]}]},{\"@type\":\"ImageObject\",\"inLanguage\":\"it-IT\",\"@id\":\"https:\\\/\\\/www.organisator.ch\\\/de\\\/allgemein\\\/2018-07-17\\\/neustarter-stiftung-kompetenzen-statt-alter\\\/#primaryimage\",\"url\":\"https:\\\/\\\/www.organisator.ch\\\/wp-content\\\/uploads\\\/2018\\\/07\\\/Neustarter-Stiftung-org-organisator.jpg\",\"contentUrl\":\"https:\\\/\\\/www.organisator.ch\\\/wp-content\\\/uploads\\\/2018\\\/07\\\/Neustarter-Stiftung-org-organisator.jpg\",\"width\":1215,\"height\":1822,\"caption\":\"Insgesamt konnte Neustarter in den vergangenen 12 Monaten fast 500 Teilnehmende begr\u00fcssen. (Bild: zVg)\"},{\"@type\":\"BreadcrumbList\",\"@id\":\"https:\\\/\\\/www.organisator.ch\\\/de\\\/allgemein\\\/2018-07-17\\\/neustarter-stiftung-kompetenzen-statt-alter\\\/#breadcrumb\",\"itemListElement\":[{\"@type\":\"ListItem\",\"position\":1,\"name\":\"Home\",\"item\":\"https:\\\/\\\/www.organisator.ch\\\/\"},{\"@type\":\"ListItem\",\"position\":2,\"name\":\"Neustarter-Stiftung: Kompetenzen statt Alter\"}]},{\"@type\":\"WebSite\",\"@id\":\"https:\\\/\\\/www.organisator.ch\\\/#website\",\"url\":\"https:\\\/\\\/www.organisator.ch\\\/\",\"name\":\"Organisator\",\"description\":\"Kompetent. Praxisnah. Der ORGANISATOR bereitet in 10 Ausgaben pro Jahr die wesentlichen Themen f\u00fcr F\u00fchrungskr\u00e4fte von KMU auf.\",\"publisher\":{\"@id\":\"https:\\\/\\\/www.organisator.ch\\\/#organization\"},\"potentialAction\":[{\"@type\":\"SearchAction\",\"target\":{\"@type\":\"EntryPoint\",\"urlTemplate\":\"https:\\\/\\\/www.organisator.ch\\\/?s={search_term_string}\"},\"query-input\":{\"@type\":\"PropertyValueSpecification\",\"valueRequired\":true,\"valueName\":\"search_term_string\"}}],\"inLanguage\":\"it-IT\"},{\"@type\":\"Organization\",\"@id\":\"https:\\\/\\\/www.organisator.ch\\\/#organization\",\"name\":\"Organisator\",\"url\":\"https:\\\/\\\/www.organisator.ch\\\/\",\"logo\":{\"@type\":\"ImageObject\",\"inLanguage\":\"it-IT\",\"@id\":\"https:\\\/\\\/www.organisator.ch\\\/#\\\/schema\\\/logo\\\/image\\\/\",\"url\":\"https:\\\/\\\/www.organisator.ch\\\/wp-content\\\/uploads\\\/2022\\\/01\\\/Logo_Organisator_Website.png\",\"contentUrl\":\"https:\\\/\\\/www.organisator.ch\\\/wp-content\\\/uploads\\\/2022\\\/01\\\/Logo_Organisator_Website.png\",\"width\":800,\"height\":77,\"caption\":\"Organisator\"},\"image\":{\"@id\":\"https:\\\/\\\/www.organisator.ch\\\/#\\\/schema\\\/logo\\\/image\\\/\"},\"sameAs\":[\"https:\\\/\\\/www.facebook.com\\\/OrganisatorFachmagazin\",\"https:\\\/\\\/www.linkedin.com\\\/showcase\\\/organisator-das-magazin-fr-kmu\",\"https:\\\/\\\/www.xing.com\\\/news\\\/pages\\\/organisator-ch-695\",\"https:\\\/\\\/www.youtube.com\\\/channel\\\/UCGP2Sq0iWaZwT3BdIAQFYpw\"]},{\"@type\":\"Person\",\"@id\":\"https:\\\/\\\/www.organisator.ch\\\/#\\\/schema\\\/person\\\/134708ca9321c57b0362cceb7948ffbd\",\"name\":\"michael.merz\",\"image\":{\"@type\":\"ImageObject\",\"inLanguage\":\"it-IT\",\"@id\":\"https:\\\/\\\/secure.gravatar.com\\\/avatar\\\/?s=96&d=mm&r=g\",\"url\":\"https:\\\/\\\/secure.gravatar.com\\\/avatar\\\/?s=96&d=mm&r=g\",\"contentUrl\":\"https:\\\/\\\/secure.gravatar.com\\\/avatar\\\/?s=96&d=mm&r=g\",\"caption\":\"michael.merz\"},\"url\":\"https:\\\/\\\/www.organisator.ch\\\/it\\\/author\\\/michael-merz\\\/\"}]}<\/script>\n<!-- \/ Yoast SEO plugin. -->","yoast_head_json":{"title":"Fondazione Neustarter: Competenze invece di et\u00e0 - Organizzatore","description":"La Fondazione Neustarter fa un bilancio dopo un anno in cui si \u00e8 concentrata sulla ripresa della carriera di uomini e donne svizzeri di et\u00e0 superiore ai 49 anni.","robots":{"index":"index","follow":"follow","max-snippet":"max-snippet:-1","max-image-preview":"max-image-preview:large","max-video-preview":"max-video-preview:-1"},"canonical":"https:\/\/www.organisator.ch\/it\/generale\/2018-07-17\/neustarter-stiftung-kompetenzen-statt-alter\/","og_locale":"it_IT","og_type":"article","og_title":"Neustarter-Stiftung: Kompetenzen statt Alter - Organisator","og_description":"Die Neustarter-Stiftung zieht nach einem Jahr Neuausrichtung auf die beruflichen Neustarts von Schweizerinnen und Schweizern im Alter von 49+ Bilanz.","og_url":"https:\/\/www.organisator.ch\/it\/generale\/2018-07-17\/neustarter-stiftung-kompetenzen-statt-alter\/","og_site_name":"Organisator","article_publisher":"https:\/\/www.facebook.com\/OrganisatorFachmagazin","article_published_time":"2018-07-17T07:12:54+00:00","og_image":[{"width":1215,"height":1822,"url":"https:\/\/www.organisator.ch\/wp-content\/uploads\/2018\/07\/Neustarter-Stiftung-org-organisator.jpg","type":"image\/jpeg"}],"author":"michael.merz","twitter_card":"summary_large_image","schema":{"@context":"https:\/\/schema.org","@graph":[{"@type":"Article","@id":"https:\/\/www.organisator.ch\/de\/allgemein\/2018-07-17\/neustarter-stiftung-kompetenzen-statt-alter\/#article","isPartOf":{"@id":"https:\/\/www.organisator.ch\/de\/allgemein\/2018-07-17\/neustarter-stiftung-kompetenzen-statt-alter\/"},"author":{"name":"michael.merz","@id":"https:\/\/www.organisator.ch\/#\/schema\/person\/134708ca9321c57b0362cceb7948ffbd"},"headline":"Neustarter-Stiftung: Kompetenzen statt Alter","datePublished":"2018-07-17T07:12:54+00:00","mainEntityOfPage":{"@id":"https:\/\/www.organisator.ch\/de\/allgemein\/2018-07-17\/neustarter-stiftung-kompetenzen-statt-alter\/"},"wordCount":343,"commentCount":0,"publisher":{"@id":"https:\/\/www.organisator.ch\/#organization"},"image":{"@id":"https:\/\/www.organisator.ch\/de\/allgemein\/2018-07-17\/neustarter-stiftung-kompetenzen-statt-alter\/#primaryimage"},"thumbnailUrl":"https:\/\/www.organisator.ch\/wp-content\/uploads\/2018\/07\/Neustarter-Stiftung-org-organisator.jpg","keywords":["50+","Berufswahl","Neuausrichtung","Stiftung"],"articleSection":["Allgemein"],"inLanguage":"it-IT"},{"@type":"WebPage","@id":"https:\/\/www.organisator.ch\/de\/allgemein\/2018-07-17\/neustarter-stiftung-kompetenzen-statt-alter\/","url":"https:\/\/www.organisator.ch\/de\/allgemein\/2018-07-17\/neustarter-stiftung-kompetenzen-statt-alter\/","name":"Fondazione Neustarter: Competenze invece di et\u00e0 - Organizzatore","isPartOf":{"@id":"https:\/\/www.organisator.ch\/#website"},"primaryImageOfPage":{"@id":"https:\/\/www.organisator.ch\/de\/allgemein\/2018-07-17\/neustarter-stiftung-kompetenzen-statt-alter\/#primaryimage"},"image":{"@id":"https:\/\/www.organisator.ch\/de\/allgemein\/2018-07-17\/neustarter-stiftung-kompetenzen-statt-alter\/#primaryimage"},"thumbnailUrl":"https:\/\/www.organisator.ch\/wp-content\/uploads\/2018\/07\/Neustarter-Stiftung-org-organisator.jpg","datePublished":"2018-07-17T07:12:54+00:00","description":"La Fondazione Neustarter fa un bilancio dopo un anno in cui si \u00e8 concentrata sulla ripresa della carriera di uomini e donne svizzeri di et\u00e0 superiore ai 49 anni.","breadcrumb":{"@id":"https:\/\/www.organisator.ch\/de\/allgemein\/2018-07-17\/neustarter-stiftung-kompetenzen-statt-alter\/#breadcrumb"},"inLanguage":"it-IT","potentialAction":[{"@type":"ReadAction","target":["https:\/\/www.organisator.ch\/de\/allgemein\/2018-07-17\/neustarter-stiftung-kompetenzen-statt-alter\/"]}]},{"@type":"ImageObject","inLanguage":"it-IT","@id":"https:\/\/www.organisator.ch\/de\/allgemein\/2018-07-17\/neustarter-stiftung-kompetenzen-statt-alter\/#primaryimage","url":"https:\/\/www.organisator.ch\/wp-content\/uploads\/2018\/07\/Neustarter-Stiftung-org-organisator.jpg","contentUrl":"https:\/\/www.organisator.ch\/wp-content\/uploads\/2018\/07\/Neustarter-Stiftung-org-organisator.jpg","width":1215,"height":1822,"caption":"Insgesamt konnte Neustarter in den vergangenen 12 Monaten fast 500 Teilnehmende begr\u00fcssen. (Bild: zVg)"},{"@type":"BreadcrumbList","@id":"https:\/\/www.organisator.ch\/de\/allgemein\/2018-07-17\/neustarter-stiftung-kompetenzen-statt-alter\/#breadcrumb","itemListElement":[{"@type":"ListItem","position":1,"name":"Home","item":"https:\/\/www.organisator.ch\/"},{"@type":"ListItem","position":2,"name":"Neustarter-Stiftung: Kompetenzen statt Alter"}]},{"@type":"WebSite","@id":"https:\/\/www.organisator.ch\/#website","url":"https:\/\/www.organisator.ch\/","name":"Organizzatore","description":"Competente. Pratico. In 10 numeri all'anno, ORGANISATOR presenta i temi essenziali per i manager delle PMI.","publisher":{"@id":"https:\/\/www.organisator.ch\/#organization"},"potentialAction":[{"@type":"SearchAction","target":{"@type":"EntryPoint","urlTemplate":"https:\/\/www.organisator.ch\/?s={search_term_string}"},"query-input":{"@type":"PropertyValueSpecification","valueRequired":true,"valueName":"search_term_string"}}],"inLanguage":"it-IT"},{"@type":"Organization","@id":"https:\/\/www.organisator.ch\/#organization","name":"Organizzatore","url":"https:\/\/www.organisator.ch\/","logo":{"@type":"ImageObject","inLanguage":"it-IT","@id":"https:\/\/www.organisator.ch\/#\/schema\/logo\/image\/","url":"https:\/\/www.organisator.ch\/wp-content\/uploads\/2022\/01\/Logo_Organisator_Website.png","contentUrl":"https:\/\/www.organisator.ch\/wp-content\/uploads\/2022\/01\/Logo_Organisator_Website.png","width":800,"height":77,"caption":"Organisator"},"image":{"@id":"https:\/\/www.organisator.ch\/#\/schema\/logo\/image\/"},"sameAs":["https:\/\/www.facebook.com\/OrganisatorFachmagazin","https:\/\/www.linkedin.com\/showcase\/organisator-das-magazin-fr-kmu","https:\/\/www.xing.com\/news\/pages\/organisator-ch-695","https:\/\/www.youtube.com\/channel\/UCGP2Sq0iWaZwT3BdIAQFYpw"]},{"@type":"Person","@id":"https:\/\/www.organisator.ch\/#\/schema\/person\/134708ca9321c57b0362cceb7948ffbd","name":"michael.merz","image":{"@type":"ImageObject","inLanguage":"it-IT","@id":"https:\/\/secure.gravatar.com\/avatar\/?s=96&d=mm&r=g","url":"https:\/\/secure.gravatar.com\/avatar\/?s=96&d=mm&r=g","contentUrl":"https:\/\/secure.gravatar.com\/avatar\/?s=96&d=mm&r=g","caption":"michael.merz"},"url":"https:\/\/www.organisator.ch\/it\/author\/michael-merz\/"}]}},"_links":{"self":[{"href":"https:\/\/www.organisator.ch\/it\/wp-json\/wp\/v2\/posts\/3944","targetHints":{"allow":["GET"]}}],"collection":[{"href":"https:\/\/www.organisator.ch\/it\/wp-json\/wp\/v2\/posts"}],"about":[{"href":"https:\/\/www.organisator.ch\/it\/wp-json\/wp\/v2\/types\/post"}],"author":[{"embeddable":true,"href":"https:\/\/www.organisator.ch\/it\/wp-json\/wp\/v2\/users\/5"}],"replies":[{"embeddable":true,"href":"https:\/\/www.organisator.ch\/it\/wp-json\/wp\/v2\/comments?post=3944"}],"version-history":[{"count":0,"href":"https:\/\/www.organisator.ch\/it\/wp-json\/wp\/v2\/posts\/3944\/revisions"}],"wp:featuredmedia":[{"embeddable":true,"href":"https:\/\/www.organisator.ch\/it\/wp-json\/wp\/v2\/media\/3945"}],"wp:attachment":[{"href":"https:\/\/www.organisator.ch\/it\/wp-json\/wp\/v2\/media?parent=3944"}],"wp:term":[{"taxonomy":"category","embeddable":true,"href":"https:\/\/www.organisator.ch\/it\/wp-json\/wp\/v2\/categories?post=3944"},{"taxonomy":"post_tag","embeddable":true,"href":"https:\/\/www.organisator.ch\/it\/wp-json\/wp\/v2\/tags?post=3944"}],"curies":[{"name":"wp","href":"https:\/\/api.w.org\/{rel}","templated":true}]}}