{"id":395,"date":"2016-11-10T15:44:03","date_gmt":"2016-11-10T14:44:03","guid":{"rendered":"http:\/\/dev.organisator.ch\/?p=395"},"modified":"2016-11-10T15:44:03","modified_gmt":"2016-11-10T14:44:03","slug":"auszeichnung-fuer-unternehmer-roland-brack","status":"publish","type":"post","link":"https:\/\/www.organisator.ch\/it\/allgemein\/2016-11-10\/auszeichnung-fuer-unternehmer-roland-brack\/","title":{"rendered":"Premio per l'imprenditore Roland Brack"},"content":{"rendered":"<figure id=\"attachment_396\" aria-describedby=\"caption-attachment-396\" style=\"width: 640px\" class=\"wp-caption alignnone\"><img loading=\"lazy\" decoding=\"async\" class=\"size-full wp-image-396\" src=\"https:\/\/www.organisator.ch\/wp-content\/uploads\/2016\/12\/Auszeichnung-fuer-Unternehmer-Roland-Brack-organisator.jpg\" alt=\"\" width=\"640\" height=\"427\" srcset=\"https:\/\/www.organisator.ch\/wp-content\/uploads\/2016\/12\/Auszeichnung-fuer-Unternehmer-Roland-Brack-organisator.jpg 640w, https:\/\/www.organisator.ch\/wp-content\/uploads\/2016\/12\/Auszeichnung-fuer-Unternehmer-Roland-Brack-organisator-16x12.jpg 16w, https:\/\/www.organisator.ch\/wp-content\/uploads\/2016\/12\/Auszeichnung-fuer-Unternehmer-Roland-Brack-organisator-262x175.jpg 262w, https:\/\/www.organisator.ch\/wp-content\/uploads\/2016\/12\/Auszeichnung-fuer-Unternehmer-Roland-Brack-organisator-525x350.jpg 525w, https:\/\/www.organisator.ch\/wp-content\/uploads\/2016\/12\/Auszeichnung-fuer-Unternehmer-Roland-Brack-organisator-300x200.jpg 300w\" sizes=\"auto, (max-width: 640px) 100vw, 640px\" \/><figcaption id=\"caption-attachment-396\" class=\"wp-caption-text\">Il fondatore di BRACK.CH arriva in finale: Roland Brack alla cerimonia di premiazione del concorso Entrepreneur Of The Year.<\/figcaption><\/figure>\n<p>Ogni ottobre, EY Svizzera presenta l'ambito premio Entrepreneur Of The Year in una scintillante serata di gala. Questo premio, riconosciuto a livello nazionale e internazionale, onora gli imprenditori pi\u00f9 innovativi e di successo del nostro paese. Roland Brack di Argovia \u00e8 uno di loro. Il fondatore del rivenditore specializzato online BRACK.CH con sede a M\u00e4genwil era uno dei finalisti nella categoria servizi\/commercio quest'anno.<\/p>\n<p>Non era abbastanza per Brack per vincere. Tuttavia, il 28 ottobre 2016, ha anche ricevuto un premio in un gala all'Hotel Royal Savoy di Losanna per il suo lavoro imprenditoriale e il suo impegno dentro e fuori la sua azienda. \"Essere finalista \u00e8 stato un grande onore per me. Anche se alla fine non \u00e8 stato sufficiente per vincere, sono molto orgoglioso di poter guardare indietro ad una storia aziendale di successo\", spiega Roland Brack.<\/p>\n<p>Il rivenditore specializzato online BRACK.CH \u00e8 stato recentemente premiato con lo Swiss Employer Award 2016 e con l'ICT Education and Training Award 2016.<\/p>\n<p><a href=\"http:\/\/www.brack.ch\" target=\"_blank\" rel=\"noreferrer noopener\" data-cke-saved-href=\"http:\/\/www.brack.ch\">http:\/\/www.brack.ch<\/a><\/p>","protected":false},"excerpt":{"rendered":"<p>Jeweils im Oktober verleiht EY Schweiz im Rahmen eines glanzvollen Gala-Abends die begehrte Auszeichnung zum Entrepreneur Of The Year. Mit diesem national und international anerkannten Preis werden die innovativsten und erfolgreichsten Unternehmerinnen und Unternehmer unseres Landes gew\u00fcrdigt. Zu diesen geh\u00f6rt auch der Aargauer Roland Brack. Der Gr\u00fcnder des M\u00e4genwiler Online-Fachh\u00e4ndlers BRACK.CH hat es heuer unter [&hellip;]<\/p>\n","protected":false},"author":1,"featured_media":396,"comment_status":"open","ping_status":"open","sticky":false,"template":"","format":"standard","meta":{"_acf_changed":false,"_yoast_wpseo_focuskw":"Roland Brack","_yoast_wpseo_metadesc":"An der nationalen Ausscheidung mit dabei und sogar unter die Finalisten gew\u00e4hlt wurde der Aargauer Unternehmer Roland Brack.","articlekey":"","footnotes":""},"categories":[1],"tags":[381],"class_list":["post-395","post","type-post","status-publish","format-standard","has-post-thumbnail","hentry","category-allgemein","tag-personalia"],"acf":[],"yoast_head":"<!-- This site is optimized with the Yoast SEO plugin v27.5 - https:\/\/yoast.com\/product\/yoast-seo-wordpress\/ -->\n<title>Auszeichnung f\u00fcr Unternehmer Roland Brack - Organisator<\/title>\n<meta name=\"description\" content=\"An der nationalen Ausscheidung mit dabei und sogar unter die Finalisten gew\u00e4hlt wurde der Aargauer Unternehmer Roland Brack.\" \/>\n<meta name=\"robots\" content=\"index, follow, max-snippet:-1, max-image-preview:large, max-video-preview:-1\" \/>\n<link rel=\"canonical\" href=\"https:\/\/www.organisator.ch\/it\/generale\/2016-11-10\/auszeichnung-fuer-unternehmer-roland-brack\/\" \/>\n<meta property=\"og:locale\" content=\"it_IT\" \/>\n<meta property=\"og:type\" content=\"article\" \/>\n<meta property=\"og:title\" content=\"Auszeichnung f\u00fcr Unternehmer Roland Brack\" \/>\n<meta property=\"og:description\" content=\"Zum 19. Mal in Folge hat das Beratungs- und Wirtschaftspr\u00fcfungsunternehmen EY Schweiz nach dem Entrepreneur Of The Year gesucht. An der nationalen Ausscheidung mit dabei und sogar unter die Finalisten gew\u00e4hlt wurde der Aargauer Unternehmer Roland Brack.\" \/>\n<meta property=\"og:url\" content=\"https:\/\/www.organisator.ch\/it\/generale\/2016-11-10\/auszeichnung-fuer-unternehmer-roland-brack\/\" \/>\n<meta property=\"og:site_name\" content=\"Organisator\" \/>\n<meta property=\"article:publisher\" content=\"https:\/\/www.facebook.com\/OrganisatorFachmagazin\" \/>\n<meta property=\"article:published_time\" content=\"2016-11-10T14:44:03+00:00\" \/>\n<meta name=\"author\" content=\"admin\" \/>\n<meta name=\"twitter:card\" content=\"summary_large_image\" \/>\n<meta name=\"twitter:image\" content=\"https:\/\/www.organisator.ch\/wp-content\/uploads\/2016\/12\/Auszeichnung-fuer-Unternehmer-Roland-Brack-organisator.jpg\" \/>\n<script type=\"application\/ld+json\" class=\"yoast-schema-graph\">{\"@context\":\"https:\\\/\\\/schema.org\",\"@graph\":[{\"@type\":\"Article\",\"@id\":\"https:\\\/\\\/www.organisator.ch\\\/de\\\/allgemein\\\/2016-11-10\\\/auszeichnung-fuer-unternehmer-roland-brack\\\/#article\",\"isPartOf\":{\"@id\":\"https:\\\/\\\/www.organisator.ch\\\/de\\\/allgemein\\\/2016-11-10\\\/auszeichnung-fuer-unternehmer-roland-brack\\\/\"},\"author\":{\"name\":\"admin\",\"@id\":\"https:\\\/\\\/www.organisator.ch\\\/#\\\/schema\\\/person\\\/aa2bace6c5c5aad60102004a50c4eb1c\"},\"headline\":\"Auszeichnung f\u00fcr Unternehmer Roland Brack\",\"datePublished\":\"2016-11-10T14:44:03+00:00\",\"mainEntityOfPage\":{\"@id\":\"https:\\\/\\\/www.organisator.ch\\\/de\\\/allgemein\\\/2016-11-10\\\/auszeichnung-fuer-unternehmer-roland-brack\\\/\"},\"wordCount\":207,\"commentCount\":0,\"publisher\":{\"@id\":\"https:\\\/\\\/www.organisator.ch\\\/#organization\"},\"image\":{\"@id\":\"https:\\\/\\\/www.organisator.ch\\\/de\\\/allgemein\\\/2016-11-10\\\/auszeichnung-fuer-unternehmer-roland-brack\\\/#primaryimage\"},\"thumbnailUrl\":\"https:\\\/\\\/www.organisator.ch\\\/wp-content\\\/uploads\\\/2016\\\/12\\\/Auszeichnung-fuer-Unternehmer-Roland-Brack-organisator.jpg\",\"keywords\":[\"Personalia\"],\"articleSection\":[\"Allgemein\"],\"inLanguage\":\"it-IT\"},{\"@type\":\"WebPage\",\"@id\":\"https:\\\/\\\/www.organisator.ch\\\/de\\\/allgemein\\\/2016-11-10\\\/auszeichnung-fuer-unternehmer-roland-brack\\\/\",\"url\":\"https:\\\/\\\/www.organisator.ch\\\/de\\\/allgemein\\\/2016-11-10\\\/auszeichnung-fuer-unternehmer-roland-brack\\\/\",\"name\":\"Auszeichnung f\u00fcr Unternehmer Roland Brack - Organisator\",\"isPartOf\":{\"@id\":\"https:\\\/\\\/www.organisator.ch\\\/#website\"},\"primaryImageOfPage\":{\"@id\":\"https:\\\/\\\/www.organisator.ch\\\/de\\\/allgemein\\\/2016-11-10\\\/auszeichnung-fuer-unternehmer-roland-brack\\\/#primaryimage\"},\"image\":{\"@id\":\"https:\\\/\\\/www.organisator.ch\\\/de\\\/allgemein\\\/2016-11-10\\\/auszeichnung-fuer-unternehmer-roland-brack\\\/#primaryimage\"},\"thumbnailUrl\":\"https:\\\/\\\/www.organisator.ch\\\/wp-content\\\/uploads\\\/2016\\\/12\\\/Auszeichnung-fuer-Unternehmer-Roland-Brack-organisator.jpg\",\"datePublished\":\"2016-11-10T14:44:03+00:00\",\"description\":\"An der nationalen Ausscheidung mit dabei und sogar unter die Finalisten gew\u00e4hlt wurde der Aargauer Unternehmer Roland Brack.\",\"breadcrumb\":{\"@id\":\"https:\\\/\\\/www.organisator.ch\\\/de\\\/allgemein\\\/2016-11-10\\\/auszeichnung-fuer-unternehmer-roland-brack\\\/#breadcrumb\"},\"inLanguage\":\"it-IT\",\"potentialAction\":[{\"@type\":\"ReadAction\",\"target\":[\"https:\\\/\\\/www.organisator.ch\\\/de\\\/allgemein\\\/2016-11-10\\\/auszeichnung-fuer-unternehmer-roland-brack\\\/\"]}]},{\"@type\":\"ImageObject\",\"inLanguage\":\"it-IT\",\"@id\":\"https:\\\/\\\/www.organisator.ch\\\/de\\\/allgemein\\\/2016-11-10\\\/auszeichnung-fuer-unternehmer-roland-brack\\\/#primaryimage\",\"url\":\"https:\\\/\\\/www.organisator.ch\\\/wp-content\\\/uploads\\\/2016\\\/12\\\/Auszeichnung-fuer-Unternehmer-Roland-Brack-organisator.jpg\",\"contentUrl\":\"https:\\\/\\\/www.organisator.ch\\\/wp-content\\\/uploads\\\/2016\\\/12\\\/Auszeichnung-fuer-Unternehmer-Roland-Brack-organisator.jpg\",\"width\":640,\"height\":427,\"caption\":\"BRACK.CH-Gr\u00fcnder schafft es ins Finale: Roland Brack an der Preisverleihung des Wettbewerbs Entrepreneur Of The Year.\"},{\"@type\":\"BreadcrumbList\",\"@id\":\"https:\\\/\\\/www.organisator.ch\\\/de\\\/allgemein\\\/2016-11-10\\\/auszeichnung-fuer-unternehmer-roland-brack\\\/#breadcrumb\",\"itemListElement\":[{\"@type\":\"ListItem\",\"position\":1,\"name\":\"Home\",\"item\":\"https:\\\/\\\/www.organisator.ch\\\/\"},{\"@type\":\"ListItem\",\"position\":2,\"name\":\"Auszeichnung f\u00fcr Unternehmer Roland Brack\"}]},{\"@type\":\"WebSite\",\"@id\":\"https:\\\/\\\/www.organisator.ch\\\/#website\",\"url\":\"https:\\\/\\\/www.organisator.ch\\\/\",\"name\":\"Organisator\",\"description\":\"Kompetent. Praxisnah. Der ORGANISATOR bereitet in 10 Ausgaben pro Jahr die wesentlichen Themen f\u00fcr F\u00fchrungskr\u00e4fte von KMU auf.\",\"publisher\":{\"@id\":\"https:\\\/\\\/www.organisator.ch\\\/#organization\"},\"potentialAction\":[{\"@type\":\"SearchAction\",\"target\":{\"@type\":\"EntryPoint\",\"urlTemplate\":\"https:\\\/\\\/www.organisator.ch\\\/?s={search_term_string}\"},\"query-input\":{\"@type\":\"PropertyValueSpecification\",\"valueRequired\":true,\"valueName\":\"search_term_string\"}}],\"inLanguage\":\"it-IT\"},{\"@type\":\"Organization\",\"@id\":\"https:\\\/\\\/www.organisator.ch\\\/#organization\",\"name\":\"Organisator\",\"url\":\"https:\\\/\\\/www.organisator.ch\\\/\",\"logo\":{\"@type\":\"ImageObject\",\"inLanguage\":\"it-IT\",\"@id\":\"https:\\\/\\\/www.organisator.ch\\\/#\\\/schema\\\/logo\\\/image\\\/\",\"url\":\"https:\\\/\\\/www.organisator.ch\\\/wp-content\\\/uploads\\\/2022\\\/01\\\/Logo_Organisator_Website.png\",\"contentUrl\":\"https:\\\/\\\/www.organisator.ch\\\/wp-content\\\/uploads\\\/2022\\\/01\\\/Logo_Organisator_Website.png\",\"width\":800,\"height\":77,\"caption\":\"Organisator\"},\"image\":{\"@id\":\"https:\\\/\\\/www.organisator.ch\\\/#\\\/schema\\\/logo\\\/image\\\/\"},\"sameAs\":[\"https:\\\/\\\/www.facebook.com\\\/OrganisatorFachmagazin\",\"https:\\\/\\\/www.linkedin.com\\\/showcase\\\/organisator-das-magazin-fr-kmu\",\"https:\\\/\\\/www.xing.com\\\/news\\\/pages\\\/organisator-ch-695\",\"https:\\\/\\\/www.youtube.com\\\/channel\\\/UCGP2Sq0iWaZwT3BdIAQFYpw\"]},{\"@type\":\"Person\",\"@id\":\"https:\\\/\\\/www.organisator.ch\\\/#\\\/schema\\\/person\\\/aa2bace6c5c5aad60102004a50c4eb1c\",\"name\":\"admin\",\"image\":{\"@type\":\"ImageObject\",\"inLanguage\":\"it-IT\",\"@id\":\"https:\\\/\\\/secure.gravatar.com\\\/avatar\\\/ae2f4d718e6c49043e314ce431e7e645d646302a24a5ef5a8bc8e3f5a032e319?s=96&d=mm&r=g\",\"url\":\"https:\\\/\\\/secure.gravatar.com\\\/avatar\\\/ae2f4d718e6c49043e314ce431e7e645d646302a24a5ef5a8bc8e3f5a032e319?s=96&d=mm&r=g\",\"contentUrl\":\"https:\\\/\\\/secure.gravatar.com\\\/avatar\\\/ae2f4d718e6c49043e314ce431e7e645d646302a24a5ef5a8bc8e3f5a032e319?s=96&d=mm&r=g\",\"caption\":\"admin\"},\"sameAs\":[\"https:\\\/\\\/www.organisator.ch\"],\"url\":\"https:\\\/\\\/www.organisator.ch\\\/it\\\/author\\\/admin\\\/\"}]}<\/script>\n<!-- \/ Yoast SEO plugin. -->","yoast_head_json":{"title":"Premio all'imprenditore Roland Brack - organizzatore","description":"Roland Brack, un imprenditore argoviese, ha partecipato al concorso nazionale ed \u00e8 stato selezionato come uno dei finalisti.","robots":{"index":"index","follow":"follow","max-snippet":"max-snippet:-1","max-image-preview":"max-image-preview:large","max-video-preview":"max-video-preview:-1"},"canonical":"https:\/\/www.organisator.ch\/it\/generale\/2016-11-10\/auszeichnung-fuer-unternehmer-roland-brack\/","og_locale":"it_IT","og_type":"article","og_title":"Auszeichnung f\u00fcr Unternehmer Roland Brack","og_description":"Zum 19. Mal in Folge hat das Beratungs- und Wirtschaftspr\u00fcfungsunternehmen EY Schweiz nach dem Entrepreneur Of The Year gesucht. An der nationalen Ausscheidung mit dabei und sogar unter die Finalisten gew\u00e4hlt wurde der Aargauer Unternehmer Roland Brack.","og_url":"https:\/\/www.organisator.ch\/it\/generale\/2016-11-10\/auszeichnung-fuer-unternehmer-roland-brack\/","og_site_name":"Organisator","article_publisher":"https:\/\/www.facebook.com\/OrganisatorFachmagazin","article_published_time":"2016-11-10T14:44:03+00:00","author":"admin","twitter_card":"summary_large_image","twitter_image":"https:\/\/www.organisator.ch\/wp-content\/uploads\/2016\/12\/Auszeichnung-fuer-Unternehmer-Roland-Brack-organisator.jpg","schema":{"@context":"https:\/\/schema.org","@graph":[{"@type":"Article","@id":"https:\/\/www.organisator.ch\/de\/allgemein\/2016-11-10\/auszeichnung-fuer-unternehmer-roland-brack\/#article","isPartOf":{"@id":"https:\/\/www.organisator.ch\/de\/allgemein\/2016-11-10\/auszeichnung-fuer-unternehmer-roland-brack\/"},"author":{"name":"admin","@id":"https:\/\/www.organisator.ch\/#\/schema\/person\/aa2bace6c5c5aad60102004a50c4eb1c"},"headline":"Auszeichnung f\u00fcr Unternehmer Roland Brack","datePublished":"2016-11-10T14:44:03+00:00","mainEntityOfPage":{"@id":"https:\/\/www.organisator.ch\/de\/allgemein\/2016-11-10\/auszeichnung-fuer-unternehmer-roland-brack\/"},"wordCount":207,"commentCount":0,"publisher":{"@id":"https:\/\/www.organisator.ch\/#organization"},"image":{"@id":"https:\/\/www.organisator.ch\/de\/allgemein\/2016-11-10\/auszeichnung-fuer-unternehmer-roland-brack\/#primaryimage"},"thumbnailUrl":"https:\/\/www.organisator.ch\/wp-content\/uploads\/2016\/12\/Auszeichnung-fuer-Unternehmer-Roland-Brack-organisator.jpg","keywords":["Personalia"],"articleSection":["Allgemein"],"inLanguage":"it-IT"},{"@type":"WebPage","@id":"https:\/\/www.organisator.ch\/de\/allgemein\/2016-11-10\/auszeichnung-fuer-unternehmer-roland-brack\/","url":"https:\/\/www.organisator.ch\/de\/allgemein\/2016-11-10\/auszeichnung-fuer-unternehmer-roland-brack\/","name":"Premio all'imprenditore Roland Brack - organizzatore","isPartOf":{"@id":"https:\/\/www.organisator.ch\/#website"},"primaryImageOfPage":{"@id":"https:\/\/www.organisator.ch\/de\/allgemein\/2016-11-10\/auszeichnung-fuer-unternehmer-roland-brack\/#primaryimage"},"image":{"@id":"https:\/\/www.organisator.ch\/de\/allgemein\/2016-11-10\/auszeichnung-fuer-unternehmer-roland-brack\/#primaryimage"},"thumbnailUrl":"https:\/\/www.organisator.ch\/wp-content\/uploads\/2016\/12\/Auszeichnung-fuer-Unternehmer-Roland-Brack-organisator.jpg","datePublished":"2016-11-10T14:44:03+00:00","description":"Roland Brack, un imprenditore argoviese, ha partecipato al concorso nazionale ed \u00e8 stato selezionato come uno dei finalisti.","breadcrumb":{"@id":"https:\/\/www.organisator.ch\/de\/allgemein\/2016-11-10\/auszeichnung-fuer-unternehmer-roland-brack\/#breadcrumb"},"inLanguage":"it-IT","potentialAction":[{"@type":"ReadAction","target":["https:\/\/www.organisator.ch\/de\/allgemein\/2016-11-10\/auszeichnung-fuer-unternehmer-roland-brack\/"]}]},{"@type":"ImageObject","inLanguage":"it-IT","@id":"https:\/\/www.organisator.ch\/de\/allgemein\/2016-11-10\/auszeichnung-fuer-unternehmer-roland-brack\/#primaryimage","url":"https:\/\/www.organisator.ch\/wp-content\/uploads\/2016\/12\/Auszeichnung-fuer-Unternehmer-Roland-Brack-organisator.jpg","contentUrl":"https:\/\/www.organisator.ch\/wp-content\/uploads\/2016\/12\/Auszeichnung-fuer-Unternehmer-Roland-Brack-organisator.jpg","width":640,"height":427,"caption":"BRACK.CH-Gr\u00fcnder schafft es ins Finale: Roland Brack an der Preisverleihung des Wettbewerbs Entrepreneur Of The Year."},{"@type":"BreadcrumbList","@id":"https:\/\/www.organisator.ch\/de\/allgemein\/2016-11-10\/auszeichnung-fuer-unternehmer-roland-brack\/#breadcrumb","itemListElement":[{"@type":"ListItem","position":1,"name":"Home","item":"https:\/\/www.organisator.ch\/"},{"@type":"ListItem","position":2,"name":"Auszeichnung f\u00fcr Unternehmer Roland Brack"}]},{"@type":"WebSite","@id":"https:\/\/www.organisator.ch\/#website","url":"https:\/\/www.organisator.ch\/","name":"Organizzatore","description":"Competente. Pratico. In 10 numeri all'anno, ORGANISATOR presenta i temi essenziali per i manager delle PMI.","publisher":{"@id":"https:\/\/www.organisator.ch\/#organization"},"potentialAction":[{"@type":"SearchAction","target":{"@type":"EntryPoint","urlTemplate":"https:\/\/www.organisator.ch\/?s={search_term_string}"},"query-input":{"@type":"PropertyValueSpecification","valueRequired":true,"valueName":"search_term_string"}}],"inLanguage":"it-IT"},{"@type":"Organization","@id":"https:\/\/www.organisator.ch\/#organization","name":"Organizzatore","url":"https:\/\/www.organisator.ch\/","logo":{"@type":"ImageObject","inLanguage":"it-IT","@id":"https:\/\/www.organisator.ch\/#\/schema\/logo\/image\/","url":"https:\/\/www.organisator.ch\/wp-content\/uploads\/2022\/01\/Logo_Organisator_Website.png","contentUrl":"https:\/\/www.organisator.ch\/wp-content\/uploads\/2022\/01\/Logo_Organisator_Website.png","width":800,"height":77,"caption":"Organisator"},"image":{"@id":"https:\/\/www.organisator.ch\/#\/schema\/logo\/image\/"},"sameAs":["https:\/\/www.facebook.com\/OrganisatorFachmagazin","https:\/\/www.linkedin.com\/showcase\/organisator-das-magazin-fr-kmu","https:\/\/www.xing.com\/news\/pages\/organisator-ch-695","https:\/\/www.youtube.com\/channel\/UCGP2Sq0iWaZwT3BdIAQFYpw"]},{"@type":"Person","@id":"https:\/\/www.organisator.ch\/#\/schema\/person\/aa2bace6c5c5aad60102004a50c4eb1c","name":"amministratore","image":{"@type":"ImageObject","inLanguage":"it-IT","@id":"https:\/\/secure.gravatar.com\/avatar\/ae2f4d718e6c49043e314ce431e7e645d646302a24a5ef5a8bc8e3f5a032e319?s=96&d=mm&r=g","url":"https:\/\/secure.gravatar.com\/avatar\/ae2f4d718e6c49043e314ce431e7e645d646302a24a5ef5a8bc8e3f5a032e319?s=96&d=mm&r=g","contentUrl":"https:\/\/secure.gravatar.com\/avatar\/ae2f4d718e6c49043e314ce431e7e645d646302a24a5ef5a8bc8e3f5a032e319?s=96&d=mm&r=g","caption":"admin"},"sameAs":["https:\/\/www.organisator.ch"],"url":"https:\/\/www.organisator.ch\/it\/author\/admin\/"}]}},"_links":{"self":[{"href":"https:\/\/www.organisator.ch\/it\/wp-json\/wp\/v2\/posts\/395","targetHints":{"allow":["GET"]}}],"collection":[{"href":"https:\/\/www.organisator.ch\/it\/wp-json\/wp\/v2\/posts"}],"about":[{"href":"https:\/\/www.organisator.ch\/it\/wp-json\/wp\/v2\/types\/post"}],"author":[{"embeddable":true,"href":"https:\/\/www.organisator.ch\/it\/wp-json\/wp\/v2\/users\/1"}],"replies":[{"embeddable":true,"href":"https:\/\/www.organisator.ch\/it\/wp-json\/wp\/v2\/comments?post=395"}],"version-history":[{"count":0,"href":"https:\/\/www.organisator.ch\/it\/wp-json\/wp\/v2\/posts\/395\/revisions"}],"wp:featuredmedia":[{"embeddable":true,"href":"https:\/\/www.organisator.ch\/it\/wp-json\/wp\/v2\/media\/396"}],"wp:attachment":[{"href":"https:\/\/www.organisator.ch\/it\/wp-json\/wp\/v2\/media?parent=395"}],"wp:term":[{"taxonomy":"category","embeddable":true,"href":"https:\/\/www.organisator.ch\/it\/wp-json\/wp\/v2\/categories?post=395"},{"taxonomy":"post_tag","embeddable":true,"href":"https:\/\/www.organisator.ch\/it\/wp-json\/wp\/v2\/tags?post=395"}],"curies":[{"name":"wp","href":"https:\/\/api.w.org\/{rel}","templated":true}]}}