{"id":39502,"date":"2025-07-07T10:05:31","date_gmt":"2025-07-07T08:05:31","guid":{"rendered":"https:\/\/www.organisator.ch\/?p=39502"},"modified":"2025-07-07T10:05:31","modified_gmt":"2025-07-07T08:05:31","slug":"rueckblick-zuercher-kmu-innovationstag","status":"publish","type":"post","link":"https:\/\/www.organisator.ch\/it\/management\/2025-07-07\/rueckblick-zuercher-kmu-innovationstag\/","title":{"rendered":"Bilancio della Giornata dell'innovazione per le PMI di Zurigo"},"content":{"rendered":"<figure id=\"attachment_39503\" aria-describedby=\"caption-attachment-39503\" style=\"width: 680px\" class=\"wp-caption alignnone\"><img loading=\"lazy\" decoding=\"async\" class=\"size-full wp-image-39503\" src=\"https:\/\/www.organisator.ch\/wp-content\/uploads\/2025\/07\/Rueckblick-Zuercher-KMU-Innovationstag-1_Organisator.jpg\" alt=\"\" width=\"680\" height=\"456\" srcset=\"https:\/\/www.organisator.ch\/wp-content\/uploads\/2025\/07\/Rueckblick-Zuercher-KMU-Innovationstag-1_Organisator.jpg 680w, https:\/\/www.organisator.ch\/wp-content\/uploads\/2025\/07\/Rueckblick-Zuercher-KMU-Innovationstag-1_Organisator-18x12.jpg 18w, https:\/\/www.organisator.ch\/wp-content\/uploads\/2025\/07\/Rueckblick-Zuercher-KMU-Innovationstag-1_Organisator-375x251.jpg 375w, https:\/\/www.organisator.ch\/wp-content\/uploads\/2025\/07\/Rueckblick-Zuercher-KMU-Innovationstag-1_Organisator-522x350.jpg 522w\" sizes=\"auto, (max-width: 680px) 100vw, 680px\" \/><figcaption id=\"caption-attachment-39503\" class=\"wp-caption-text\">Giornata dell'innovazione delle PMI di Zurigo: impressioni dal workshop con Andr\u00e9 Meyer (in piedi). (Foto: Thomas Berner)<\/figcaption><\/figure>\n<p>Come posso gestire la mia azienda quando l'economia \u00e8 in crisi? Quali sono i campi di applicazione specifici dell'IA per le PMI? Come si pu\u00f2 utilizzare l'economia circolare come modello di business? E come pianificare la successione aziendale? A queste e a molte altre domande sono state trovate risposte, forse non sempre risolutive, ma per lo pi\u00f9 di ampio respiro. Anche il tema \"Innovazione\" ha riscosso un interesse particolarmente elevato da parte dei circa 200 visitatori registrati: come si possono avviare innovazioni nella propria azienda? Il workshop, condotto da Adrian Burri della ZHAW, ha registrato il tutto esaurito. \u00c8 stato organizzato come un \"laboratorio di costruzione di ponti\" e ha adottato un approccio ludico all'argomento. I partecipanti hanno sperimentato come il \"fare\" e il \"provare\" portino rapidamente a dei risultati e fungano da grande leva per ulteriori decisioni. Tutto ci\u00f2 era naturalmente in linea con il motto della conferenza: \"Sostenibili insieme: Ottenere un grande impatto con piccole leve\".<\/p>\n<h3><strong>L'IA e i suoi effetti (collaterali)<\/strong><\/h3>\n<p>Christina Kehl, Associazione per l'innovazione del mercato del lavoro svizzero, e Florence Bernays, Center for Leadership in the Future of Work, Universit\u00e0 di Zurigo, hanno inoltre parlato di un tema che attualmente sta particolarmente a cuore alla maggior parte degli imprenditori: la digitalizzazione e l'intelligenza artificiale. Christina Kehl ha sottolineato che l'intelligenza artificiale non \u00e8 pi\u00f9 solo un argomento informatico, ma deve essere una preoccupazione per il management. \u00c8 inoltre importante verificare la qualit\u00e0 di tutti i processi prima di affidarli all'IA. Florence Bernays ha sottolineato che l'automazione non richiede solo competenze tecniche. \"L'intelligenza emotiva sta diventando sempre pi\u00f9 importante\", ha detto nella sua breve presentazione. Tuttavia, si \u00e8 rammaricata che le aziende investano ancora poco nell'intelligenza emotiva.<\/p>\n<figure id=\"attachment_39504\" aria-describedby=\"caption-attachment-39504\" style=\"width: 680px\" class=\"wp-caption alignnone\"><img loading=\"lazy\" decoding=\"async\" class=\"size-full wp-image-39504\" src=\"https:\/\/www.organisator.ch\/wp-content\/uploads\/2025\/07\/Rueckblick-Zuercher-KMU-Innovationstag-2_Organisator.jpg\" alt=\"\" width=\"680\" height=\"475\" srcset=\"https:\/\/www.organisator.ch\/wp-content\/uploads\/2025\/07\/Rueckblick-Zuercher-KMU-Innovationstag-2_Organisator.jpg 680w, https:\/\/www.organisator.ch\/wp-content\/uploads\/2025\/07\/Rueckblick-Zuercher-KMU-Innovationstag-2_Organisator-18x12.jpg 18w, https:\/\/www.organisator.ch\/wp-content\/uploads\/2025\/07\/Rueckblick-Zuercher-KMU-Innovationstag-2_Organisator-375x262.jpg 375w, https:\/\/www.organisator.ch\/wp-content\/uploads\/2025\/07\/Rueckblick-Zuercher-KMU-Innovationstag-2_Organisator-501x350.jpg 501w\" sizes=\"auto, (max-width: 680px) 100vw, 680px\" \/><figcaption id=\"caption-attachment-39504\" class=\"wp-caption-text\">Focus sulla digitalizzazione: Christina Kehl a colloquio con il presentatore Stephan Lendi. (Immagine: Thomas Berner)<\/figcaption><\/figure>\n<p>Oltre alla digitalizzazione, altre sfide che preoccupano molte aziende sono il turnover del personale, l'elevato assenteismo e il calo dell'impegno dei dipendenti. \"C'\u00e8 una mancanza di attaccamento emotivo all'azienda\", ha dichiarato Michael Schmidt-Purrmann, facendo riferimento a uno studio di Gallup. Per risolvere questi problemi, ha presentato il modello Vital@Work, che mira a promuovere una collaborazione consapevole, un'atmosfera che migliora le prestazioni, un vivace lavoro di squadra e un impegno motivato, anche con l'uso di agenti AI che accompagnano personalmente i dipendenti.<\/p>\n<h3><strong>Autogestione e sostenibilit\u00e0<\/strong><\/h3>\n<p>Nel suo workshop, Andr\u00e9 Meyer di FlowLabs ha mostrato come sia possibile aumentare la produttivit\u00e0 personale (e quindi la motivazione lavorativa) con uno sforzo relativamente ridotto. I partecipanti sono stati invitati a riflettere su come potrebbe essere una giornata lavorativa perfetta e a metterla in relazione con la realt\u00e0 che vivono. Le maggiori differenze tra desiderio e realt\u00e0 rappresentano leve che possono essere utilizzate per migliorare la vita lavorativa quotidiana.<\/p>\n<p>Un altro dei 18 workshop si \u00e8 concentrato sulla questione di come le catene di approvvigionamento possano essere trasformate in modo sostenibile, resiliente e orientato al futuro. Ci\u00f2 che pu\u00f2 essere realizzato con relativa facilit\u00e0 per un produttore alimentare si rivela molto pi\u00f9 complesso per un'azienda di media, ad esempio, come l'autore ha potuto constatare di persona.<\/p>\n<h3><strong>Comprare invece di fondare<\/strong><\/h3>\n<p>Anche il tema della \"pianificazione della successione\" \u00e8 stato ben accolto. L'associazione svizzera per la successione aziendale \u00e8 stata quasi il \"padrino\" di questo tema. Il membro del consiglio direttivo Carla Kaufmann ha sottolineato che molte aziende sono attualmente in vendita per garantire la successione. \"Molti prezzi di vendita sono inferiori a 500.000 franchi svizzeri, quindi abbastanza accessibili\", ha detto Kaufmann, che gestisce una propria piattaforma di intermediazione per le aziende, Companymarket AG. \"Comprare invece di fondare\" \u00e8 quindi una strategia di successo spesso sottovalutata per chi vuole diventare imprenditore.\u00a0<\/p>\n<h3><strong>Da PMI a PMI<\/strong><\/h3>\n<p>La Giornata dell'innovazione per le PMI di Zurigo \u00e8 stata organizzata anche quest'anno dal dipartimento di promozione delle localit\u00e0 dell'Ufficio degli Affari Economici del Cantone di Zurigo. La responsabile del progetto Anita Martinecz Feh\u00e9r si \u00e8 detta soddisfatta della risposta all'evento. Anche quest'anno, il mix di argomenti si \u00e8 rivelato un riflesso della realt\u00e0 diversificata delle PMI e ha offerto un'opportunit\u00e0 a bassa soglia per un vantaggioso trasferimento di conoscenze da PMI a PMI. Al momento della stampa non \u00e8 ancora noto se e quando la Giornata dell'innovazione per le PMI di Zurigo si svolger\u00e0 nuovamente nel 2026.<\/p>\n<p><em>Ulteriori informazioni: <a href=\"https:\/\/kmu-innovation.zuerich\/zuercher_kmu_innovationstag\/\">https:\/\/kmu-innovation.zuerich\/zuercher_kmu_innovationstag\/<\/a><\/em><\/p>","protected":false},"excerpt":{"rendered":"<p>Il 3 luglio 2025, la Giornata dell'innovazione per le PMI di Zurigo si \u00e8 svolta per la terza volta presso il Campus Toni della ZHdK a Zurigo. Ancora una volta, ha offerto un'ampia gamma di argomenti che sono stati trattati in brevi presentazioni e workshop pratici.<\/p>","protected":false},"author":4,"featured_media":39503,"comment_status":"closed","ping_status":"closed","sticky":false,"template":"","format":"standard","meta":{"_acf_changed":false,"_yoast_wpseo_focuskw":"KMU Innovationstag","_yoast_wpseo_metadesc":"Am 3. Juli 2025 fand im ZHdK Toni Campus in Z\u00fcrich zum dritten Mal der Z\u00fcrcher KMU Innovationstag statt. Ein R\u00fcckblick auf die Tagung.","articlekey":"","footnotes":""},"categories":[28],"tags":[193,274,301,335],"class_list":["post-39502","post","type-post","status-publish","format-standard","has-post-thumbnail","hentry","category-management","tag-fachkongressfachmesse","tag-innovation","tag-kmu","tag-management-und-unternehmensfuehrung"],"acf":[],"yoast_head":"<!-- This site is optimized with the Yoast SEO plugin v27.5 - https:\/\/yoast.com\/product\/yoast-seo-wordpress\/ -->\n<title>R\u00fcckblick Z\u00fcrcher KMU Innovationstag - Organisator<\/title>\n<meta name=\"description\" content=\"Am 3. Juli 2025 fand im ZHdK Toni Campus in Z\u00fcrich zum dritten Mal der Z\u00fcrcher KMU Innovationstag statt. Ein R\u00fcckblick auf die Tagung.\" \/>\n<meta name=\"robots\" content=\"index, follow, max-snippet:-1, max-image-preview:large, max-video-preview:-1\" \/>\n<link rel=\"canonical\" href=\"https:\/\/www.organisator.ch\/it\/gestione-2\/2025-07-07\/rueckblick-zuercher-kmu-innovationstag\/\" \/>\n<meta property=\"og:locale\" content=\"it_IT\" \/>\n<meta property=\"og:type\" content=\"article\" \/>\n<meta property=\"og:title\" content=\"R\u00fcckblick Z\u00fcrcher KMU Innovationstag\" \/>\n<meta property=\"og:description\" content=\"Am 3. Juli 2025 fand im ZHdK Toni Campus in Z\u00fcrich zum dritten Mal der Z\u00fcrcher KMU Innovationstag statt. Ein R\u00fcckblick auf die Tagung.\" \/>\n<meta property=\"og:url\" content=\"https:\/\/www.organisator.ch\/it\/gestione-2\/2025-07-07\/rueckblick-zuercher-kmu-innovationstag\/\" \/>\n<meta property=\"og:site_name\" content=\"Organisator\" \/>\n<meta property=\"article:publisher\" content=\"https:\/\/www.facebook.com\/OrganisatorFachmagazin\" \/>\n<meta property=\"article:published_time\" content=\"2025-07-07T08:05:31+00:00\" \/>\n<meta property=\"og:image\" content=\"https:\/\/www.organisator.ch\/wp-content\/uploads\/2025\/07\/Rueckblick-Zuercher-KMU-Innovationstag-1_Organisator.jpg\" \/>\n\t<meta property=\"og:image:width\" content=\"680\" \/>\n\t<meta property=\"og:image:height\" content=\"456\" \/>\n\t<meta property=\"og:image:type\" content=\"image\/jpeg\" \/>\n<meta name=\"author\" content=\"thomas.berner\" \/>\n<meta name=\"twitter:card\" content=\"summary_large_image\" \/>\n<meta name=\"twitter:title\" content=\"#R\u00fcckblick Z\u00fcrcher KMU #Innovationstag\" \/>\n<meta name=\"twitter:description\" content=\"Am 3. Juli 2025 fand im #ZHdK Toni Campus in Z\u00fcrich zum dritten Mal der Z\u00fcrcher KMU #Innovationstag statt. Ein R\u00fcckblick auf die Tagung.\" \/>\n<meta name=\"twitter:image\" content=\"https:\/\/www.organisator.ch\/wp-content\/uploads\/2025\/07\/Rueckblick-Zuercher-KMU-Innovationstag-1_Organisator.jpg\" \/>\n<script type=\"application\/ld+json\" class=\"yoast-schema-graph\">{\"@context\":\"https:\\\/\\\/schema.org\",\"@graph\":[{\"@type\":\"Article\",\"@id\":\"https:\\\/\\\/www.organisator.ch\\\/management\\\/2025-07-07\\\/rueckblick-zuercher-kmu-innovationstag\\\/#article\",\"isPartOf\":{\"@id\":\"https:\\\/\\\/www.organisator.ch\\\/management\\\/2025-07-07\\\/rueckblick-zuercher-kmu-innovationstag\\\/\"},\"author\":{\"name\":\"thomas.berner\",\"@id\":\"https:\\\/\\\/www.organisator.ch\\\/#\\\/schema\\\/person\\\/6f650f90b2842cd4c0cc334b4e36f67e\"},\"headline\":\"R\u00fcckblick Z\u00fcrcher KMU Innovationstag\",\"datePublished\":\"2025-07-07T08:05:31+00:00\",\"mainEntityOfPage\":{\"@id\":\"https:\\\/\\\/www.organisator.ch\\\/management\\\/2025-07-07\\\/rueckblick-zuercher-kmu-innovationstag\\\/\"},\"wordCount\":694,\"publisher\":{\"@id\":\"https:\\\/\\\/www.organisator.ch\\\/#organization\"},\"image\":{\"@id\":\"https:\\\/\\\/www.organisator.ch\\\/management\\\/2025-07-07\\\/rueckblick-zuercher-kmu-innovationstag\\\/#primaryimage\"},\"thumbnailUrl\":\"https:\\\/\\\/www.organisator.ch\\\/wp-content\\\/uploads\\\/2025\\\/07\\\/Rueckblick-Zuercher-KMU-Innovationstag-1_Organisator.jpg\",\"keywords\":[\"Fachkongress\\\/Fachmesse\",\"Innovation\",\"KMU\",\"Management und Unternehmensf\u00fchrung\"],\"articleSection\":[\"MANAGEMENT\"],\"inLanguage\":\"it-IT\"},{\"@type\":\"WebPage\",\"@id\":\"https:\\\/\\\/www.organisator.ch\\\/management\\\/2025-07-07\\\/rueckblick-zuercher-kmu-innovationstag\\\/\",\"url\":\"https:\\\/\\\/www.organisator.ch\\\/management\\\/2025-07-07\\\/rueckblick-zuercher-kmu-innovationstag\\\/\",\"name\":\"R\u00fcckblick Z\u00fcrcher KMU Innovationstag - Organisator\",\"isPartOf\":{\"@id\":\"https:\\\/\\\/www.organisator.ch\\\/#website\"},\"primaryImageOfPage\":{\"@id\":\"https:\\\/\\\/www.organisator.ch\\\/management\\\/2025-07-07\\\/rueckblick-zuercher-kmu-innovationstag\\\/#primaryimage\"},\"image\":{\"@id\":\"https:\\\/\\\/www.organisator.ch\\\/management\\\/2025-07-07\\\/rueckblick-zuercher-kmu-innovationstag\\\/#primaryimage\"},\"thumbnailUrl\":\"https:\\\/\\\/www.organisator.ch\\\/wp-content\\\/uploads\\\/2025\\\/07\\\/Rueckblick-Zuercher-KMU-Innovationstag-1_Organisator.jpg\",\"datePublished\":\"2025-07-07T08:05:31+00:00\",\"description\":\"Am 3. Juli 2025 fand im ZHdK Toni Campus in Z\u00fcrich zum dritten Mal der Z\u00fcrcher KMU Innovationstag statt. Ein R\u00fcckblick auf die Tagung.\",\"breadcrumb\":{\"@id\":\"https:\\\/\\\/www.organisator.ch\\\/management\\\/2025-07-07\\\/rueckblick-zuercher-kmu-innovationstag\\\/#breadcrumb\"},\"inLanguage\":\"it-IT\",\"potentialAction\":[{\"@type\":\"ReadAction\",\"target\":[\"https:\\\/\\\/www.organisator.ch\\\/management\\\/2025-07-07\\\/rueckblick-zuercher-kmu-innovationstag\\\/\"]}]},{\"@type\":\"ImageObject\",\"inLanguage\":\"it-IT\",\"@id\":\"https:\\\/\\\/www.organisator.ch\\\/management\\\/2025-07-07\\\/rueckblick-zuercher-kmu-innovationstag\\\/#primaryimage\",\"url\":\"https:\\\/\\\/www.organisator.ch\\\/wp-content\\\/uploads\\\/2025\\\/07\\\/Rueckblick-Zuercher-KMU-Innovationstag-1_Organisator.jpg\",\"contentUrl\":\"https:\\\/\\\/www.organisator.ch\\\/wp-content\\\/uploads\\\/2025\\\/07\\\/Rueckblick-Zuercher-KMU-Innovationstag-1_Organisator.jpg\",\"width\":680,\"height\":456,\"caption\":\"Z\u00fcrcher KMU Innovationstag: Impression aus dem Workshop mit Andr\u00e9 Meyer (stehend). (Bild: Thomas Berner)\"},{\"@type\":\"BreadcrumbList\",\"@id\":\"https:\\\/\\\/www.organisator.ch\\\/management\\\/2025-07-07\\\/rueckblick-zuercher-kmu-innovationstag\\\/#breadcrumb\",\"itemListElement\":[{\"@type\":\"ListItem\",\"position\":1,\"name\":\"Home\",\"item\":\"https:\\\/\\\/www.organisator.ch\\\/\"},{\"@type\":\"ListItem\",\"position\":2,\"name\":\"R\u00fcckblick Z\u00fcrcher KMU Innovationstag\"}]},{\"@type\":\"WebSite\",\"@id\":\"https:\\\/\\\/www.organisator.ch\\\/#website\",\"url\":\"https:\\\/\\\/www.organisator.ch\\\/\",\"name\":\"Organisator\",\"description\":\"Kompetent. Praxisnah. Der ORGANISATOR bereitet in 10 Ausgaben pro Jahr die wesentlichen Themen f\u00fcr F\u00fchrungskr\u00e4fte von KMU auf.\",\"publisher\":{\"@id\":\"https:\\\/\\\/www.organisator.ch\\\/#organization\"},\"potentialAction\":[{\"@type\":\"SearchAction\",\"target\":{\"@type\":\"EntryPoint\",\"urlTemplate\":\"https:\\\/\\\/www.organisator.ch\\\/?s={search_term_string}\"},\"query-input\":{\"@type\":\"PropertyValueSpecification\",\"valueRequired\":true,\"valueName\":\"search_term_string\"}}],\"inLanguage\":\"it-IT\"},{\"@type\":\"Organization\",\"@id\":\"https:\\\/\\\/www.organisator.ch\\\/#organization\",\"name\":\"Organisator\",\"url\":\"https:\\\/\\\/www.organisator.ch\\\/\",\"logo\":{\"@type\":\"ImageObject\",\"inLanguage\":\"it-IT\",\"@id\":\"https:\\\/\\\/www.organisator.ch\\\/#\\\/schema\\\/logo\\\/image\\\/\",\"url\":\"https:\\\/\\\/www.organisator.ch\\\/wp-content\\\/uploads\\\/2022\\\/01\\\/Logo_Organisator_Website.png\",\"contentUrl\":\"https:\\\/\\\/www.organisator.ch\\\/wp-content\\\/uploads\\\/2022\\\/01\\\/Logo_Organisator_Website.png\",\"width\":800,\"height\":77,\"caption\":\"Organisator\"},\"image\":{\"@id\":\"https:\\\/\\\/www.organisator.ch\\\/#\\\/schema\\\/logo\\\/image\\\/\"},\"sameAs\":[\"https:\\\/\\\/www.facebook.com\\\/OrganisatorFachmagazin\",\"https:\\\/\\\/www.linkedin.com\\\/showcase\\\/organisator-das-magazin-fr-kmu\",\"https:\\\/\\\/www.xing.com\\\/news\\\/pages\\\/organisator-ch-695\",\"https:\\\/\\\/www.youtube.com\\\/channel\\\/UCGP2Sq0iWaZwT3BdIAQFYpw\"]},{\"@type\":\"Person\",\"@id\":\"https:\\\/\\\/www.organisator.ch\\\/#\\\/schema\\\/person\\\/6f650f90b2842cd4c0cc334b4e36f67e\",\"name\":\"thomas.berner\",\"image\":{\"@type\":\"ImageObject\",\"inLanguage\":\"it-IT\",\"@id\":\"https:\\\/\\\/secure.gravatar.com\\\/avatar\\\/ac5001d2a36cb6c6cd3e50789007ffca834b477b74a2144564522e944eabff61?s=96&d=mm&r=g\",\"url\":\"https:\\\/\\\/secure.gravatar.com\\\/avatar\\\/ac5001d2a36cb6c6cd3e50789007ffca834b477b74a2144564522e944eabff61?s=96&d=mm&r=g\",\"contentUrl\":\"https:\\\/\\\/secure.gravatar.com\\\/avatar\\\/ac5001d2a36cb6c6cd3e50789007ffca834b477b74a2144564522e944eabff61?s=96&d=mm&r=g\",\"caption\":\"thomas.berner\"},\"url\":\"https:\\\/\\\/www.organisator.ch\\\/it\\\/author\\\/thomas-berner\\\/\"}]}<\/script>\n<!-- \/ Yoast SEO plugin. -->","yoast_head_json":{"title":"Recensione della Giornata dell'innovazione per le PMI di Zurigo - Organizzatore","description":"Il 3 luglio 2025, la Giornata dell'innovazione per le PMI di Zurigo si \u00e8 svolta per la terza volta presso il Campus Toni della ZHdK a Zurigo. Una recensione della conferenza.","robots":{"index":"index","follow":"follow","max-snippet":"max-snippet:-1","max-image-preview":"max-image-preview:large","max-video-preview":"max-video-preview:-1"},"canonical":"https:\/\/www.organisator.ch\/it\/gestione-2\/2025-07-07\/rueckblick-zuercher-kmu-innovationstag\/","og_locale":"it_IT","og_type":"article","og_title":"R\u00fcckblick Z\u00fcrcher KMU Innovationstag","og_description":"Am 3. Juli 2025 fand im ZHdK Toni Campus in Z\u00fcrich zum dritten Mal der Z\u00fcrcher KMU Innovationstag statt. Ein R\u00fcckblick auf die Tagung.","og_url":"https:\/\/www.organisator.ch\/it\/gestione-2\/2025-07-07\/rueckblick-zuercher-kmu-innovationstag\/","og_site_name":"Organisator","article_publisher":"https:\/\/www.facebook.com\/OrganisatorFachmagazin","article_published_time":"2025-07-07T08:05:31+00:00","og_image":[{"width":680,"height":456,"url":"https:\/\/www.organisator.ch\/wp-content\/uploads\/2025\/07\/Rueckblick-Zuercher-KMU-Innovationstag-1_Organisator.jpg","type":"image\/jpeg"}],"author":"thomas.berner","twitter_card":"summary_large_image","twitter_title":"#R\u00fcckblick Z\u00fcrcher KMU #Innovationstag","twitter_description":"Am 3. Juli 2025 fand im #ZHdK Toni Campus in Z\u00fcrich zum dritten Mal der Z\u00fcrcher KMU #Innovationstag statt. Ein R\u00fcckblick auf die Tagung.","twitter_image":"https:\/\/www.organisator.ch\/wp-content\/uploads\/2025\/07\/Rueckblick-Zuercher-KMU-Innovationstag-1_Organisator.jpg","schema":{"@context":"https:\/\/schema.org","@graph":[{"@type":"Article","@id":"https:\/\/www.organisator.ch\/management\/2025-07-07\/rueckblick-zuercher-kmu-innovationstag\/#article","isPartOf":{"@id":"https:\/\/www.organisator.ch\/management\/2025-07-07\/rueckblick-zuercher-kmu-innovationstag\/"},"author":{"name":"thomas.berner","@id":"https:\/\/www.organisator.ch\/#\/schema\/person\/6f650f90b2842cd4c0cc334b4e36f67e"},"headline":"R\u00fcckblick Z\u00fcrcher KMU Innovationstag","datePublished":"2025-07-07T08:05:31+00:00","mainEntityOfPage":{"@id":"https:\/\/www.organisator.ch\/management\/2025-07-07\/rueckblick-zuercher-kmu-innovationstag\/"},"wordCount":694,"publisher":{"@id":"https:\/\/www.organisator.ch\/#organization"},"image":{"@id":"https:\/\/www.organisator.ch\/management\/2025-07-07\/rueckblick-zuercher-kmu-innovationstag\/#primaryimage"},"thumbnailUrl":"https:\/\/www.organisator.ch\/wp-content\/uploads\/2025\/07\/Rueckblick-Zuercher-KMU-Innovationstag-1_Organisator.jpg","keywords":["Fachkongress\/Fachmesse","Innovation","KMU","Management und Unternehmensf\u00fchrung"],"articleSection":["MANAGEMENT"],"inLanguage":"it-IT"},{"@type":"WebPage","@id":"https:\/\/www.organisator.ch\/management\/2025-07-07\/rueckblick-zuercher-kmu-innovationstag\/","url":"https:\/\/www.organisator.ch\/management\/2025-07-07\/rueckblick-zuercher-kmu-innovationstag\/","name":"Recensione della Giornata dell'innovazione per le PMI di Zurigo - Organizzatore","isPartOf":{"@id":"https:\/\/www.organisator.ch\/#website"},"primaryImageOfPage":{"@id":"https:\/\/www.organisator.ch\/management\/2025-07-07\/rueckblick-zuercher-kmu-innovationstag\/#primaryimage"},"image":{"@id":"https:\/\/www.organisator.ch\/management\/2025-07-07\/rueckblick-zuercher-kmu-innovationstag\/#primaryimage"},"thumbnailUrl":"https:\/\/www.organisator.ch\/wp-content\/uploads\/2025\/07\/Rueckblick-Zuercher-KMU-Innovationstag-1_Organisator.jpg","datePublished":"2025-07-07T08:05:31+00:00","description":"Il 3 luglio 2025, la Giornata dell'innovazione per le PMI di Zurigo si \u00e8 svolta per la terza volta presso il Campus Toni della ZHdK a Zurigo. Una recensione della conferenza.","breadcrumb":{"@id":"https:\/\/www.organisator.ch\/management\/2025-07-07\/rueckblick-zuercher-kmu-innovationstag\/#breadcrumb"},"inLanguage":"it-IT","potentialAction":[{"@type":"ReadAction","target":["https:\/\/www.organisator.ch\/management\/2025-07-07\/rueckblick-zuercher-kmu-innovationstag\/"]}]},{"@type":"ImageObject","inLanguage":"it-IT","@id":"https:\/\/www.organisator.ch\/management\/2025-07-07\/rueckblick-zuercher-kmu-innovationstag\/#primaryimage","url":"https:\/\/www.organisator.ch\/wp-content\/uploads\/2025\/07\/Rueckblick-Zuercher-KMU-Innovationstag-1_Organisator.jpg","contentUrl":"https:\/\/www.organisator.ch\/wp-content\/uploads\/2025\/07\/Rueckblick-Zuercher-KMU-Innovationstag-1_Organisator.jpg","width":680,"height":456,"caption":"Z\u00fcrcher KMU Innovationstag: Impression aus dem Workshop mit Andr\u00e9 Meyer (stehend). (Bild: Thomas Berner)"},{"@type":"BreadcrumbList","@id":"https:\/\/www.organisator.ch\/management\/2025-07-07\/rueckblick-zuercher-kmu-innovationstag\/#breadcrumb","itemListElement":[{"@type":"ListItem","position":1,"name":"Home","item":"https:\/\/www.organisator.ch\/"},{"@type":"ListItem","position":2,"name":"R\u00fcckblick Z\u00fcrcher KMU Innovationstag"}]},{"@type":"WebSite","@id":"https:\/\/www.organisator.ch\/#website","url":"https:\/\/www.organisator.ch\/","name":"Organizzatore","description":"Competente. Pratico. In 10 numeri all'anno, ORGANISATOR presenta i temi essenziali per i manager delle PMI.","publisher":{"@id":"https:\/\/www.organisator.ch\/#organization"},"potentialAction":[{"@type":"SearchAction","target":{"@type":"EntryPoint","urlTemplate":"https:\/\/www.organisator.ch\/?s={search_term_string}"},"query-input":{"@type":"PropertyValueSpecification","valueRequired":true,"valueName":"search_term_string"}}],"inLanguage":"it-IT"},{"@type":"Organization","@id":"https:\/\/www.organisator.ch\/#organization","name":"Organizzatore","url":"https:\/\/www.organisator.ch\/","logo":{"@type":"ImageObject","inLanguage":"it-IT","@id":"https:\/\/www.organisator.ch\/#\/schema\/logo\/image\/","url":"https:\/\/www.organisator.ch\/wp-content\/uploads\/2022\/01\/Logo_Organisator_Website.png","contentUrl":"https:\/\/www.organisator.ch\/wp-content\/uploads\/2022\/01\/Logo_Organisator_Website.png","width":800,"height":77,"caption":"Organisator"},"image":{"@id":"https:\/\/www.organisator.ch\/#\/schema\/logo\/image\/"},"sameAs":["https:\/\/www.facebook.com\/OrganisatorFachmagazin","https:\/\/www.linkedin.com\/showcase\/organisator-das-magazin-fr-kmu","https:\/\/www.xing.com\/news\/pages\/organisator-ch-695","https:\/\/www.youtube.com\/channel\/UCGP2Sq0iWaZwT3BdIAQFYpw"]},{"@type":"Person","@id":"https:\/\/www.organisator.ch\/#\/schema\/person\/6f650f90b2842cd4c0cc334b4e36f67e","name":"Tommaso.berner","image":{"@type":"ImageObject","inLanguage":"it-IT","@id":"https:\/\/secure.gravatar.com\/avatar\/ac5001d2a36cb6c6cd3e50789007ffca834b477b74a2144564522e944eabff61?s=96&d=mm&r=g","url":"https:\/\/secure.gravatar.com\/avatar\/ac5001d2a36cb6c6cd3e50789007ffca834b477b74a2144564522e944eabff61?s=96&d=mm&r=g","contentUrl":"https:\/\/secure.gravatar.com\/avatar\/ac5001d2a36cb6c6cd3e50789007ffca834b477b74a2144564522e944eabff61?s=96&d=mm&r=g","caption":"thomas.berner"},"url":"https:\/\/www.organisator.ch\/it\/author\/thomas-berner\/"}]}},"_links":{"self":[{"href":"https:\/\/www.organisator.ch\/it\/wp-json\/wp\/v2\/posts\/39502","targetHints":{"allow":["GET"]}}],"collection":[{"href":"https:\/\/www.organisator.ch\/it\/wp-json\/wp\/v2\/posts"}],"about":[{"href":"https:\/\/www.organisator.ch\/it\/wp-json\/wp\/v2\/types\/post"}],"author":[{"embeddable":true,"href":"https:\/\/www.organisator.ch\/it\/wp-json\/wp\/v2\/users\/4"}],"replies":[{"embeddable":true,"href":"https:\/\/www.organisator.ch\/it\/wp-json\/wp\/v2\/comments?post=39502"}],"version-history":[{"count":3,"href":"https:\/\/www.organisator.ch\/it\/wp-json\/wp\/v2\/posts\/39502\/revisions"}],"predecessor-version":[{"id":39526,"href":"https:\/\/www.organisator.ch\/it\/wp-json\/wp\/v2\/posts\/39502\/revisions\/39526"}],"wp:featuredmedia":[{"embeddable":true,"href":"https:\/\/www.organisator.ch\/it\/wp-json\/wp\/v2\/media\/39503"}],"wp:attachment":[{"href":"https:\/\/www.organisator.ch\/it\/wp-json\/wp\/v2\/media?parent=39502"}],"wp:term":[{"taxonomy":"category","embeddable":true,"href":"https:\/\/www.organisator.ch\/it\/wp-json\/wp\/v2\/categories?post=39502"},{"taxonomy":"post_tag","embeddable":true,"href":"https:\/\/www.organisator.ch\/it\/wp-json\/wp\/v2\/tags?post=39502"}],"curies":[{"name":"wp","href":"https:\/\/api.w.org\/{rel}","templated":true}]}}