{"id":39518,"date":"2025-07-08T11:26:58","date_gmt":"2025-07-08T09:26:58","guid":{"rendered":"https:\/\/www.organisator.ch\/?p=39518"},"modified":"2025-07-08T11:26:58","modified_gmt":"2025-07-08T09:26:58","slug":"ict-fachmesse-connect-mit-ueber-85-ausstellern","status":"publish","type":"post","link":"https:\/\/www.organisator.ch\/it\/marketing\/2025-07-08\/ict-fachmesse-connect-mit-ueber-85-ausstellern\/","title":{"rendered":"Fiera CONNECT ICT con pi\u00f9 di 85 espositori"},"content":{"rendered":"<figure id=\"attachment_39519\" aria-describedby=\"caption-attachment-39519\" style=\"width: 680px\" class=\"wp-caption alignnone\"><img loading=\"lazy\" decoding=\"async\" class=\"size-full wp-image-39519\" src=\"https:\/\/www.organisator.ch\/wp-content\/uploads\/2025\/07\/ICT-Fachmesse-CONNECT-mit-ueber-85-Ausstellern_Organisator.jpg\" alt=\"\" width=\"680\" height=\"382\" srcset=\"https:\/\/www.organisator.ch\/wp-content\/uploads\/2025\/07\/ICT-Fachmesse-CONNECT-mit-ueber-85-Ausstellern_Organisator.jpg 680w, https:\/\/www.organisator.ch\/wp-content\/uploads\/2025\/07\/ICT-Fachmesse-CONNECT-mit-ueber-85-Ausstellern_Organisator-18x10.jpg 18w, https:\/\/www.organisator.ch\/wp-content\/uploads\/2025\/07\/ICT-Fachmesse-CONNECT-mit-ueber-85-Ausstellern_Organisator-375x211.jpg 375w, https:\/\/www.organisator.ch\/wp-content\/uploads\/2025\/07\/ICT-Fachmesse-CONNECT-mit-ueber-85-Ausstellern_Organisator-623x350.jpg 623w\" sizes=\"auto, (max-width: 680px) 100vw, 680px\" \/><figcaption id=\"caption-attachment-39519\" class=\"wp-caption-text\">Ecco come si presenta al pubblico quest'anno la fiera CONNECT ICT. (Immagine: zVg)<\/figcaption><\/figure>\n<p>Il 27 e 28 agosto 2025, la fiera CONNECT ICT si terr\u00e0 per la terza volta consecutiva nel padiglione 550 di Zurigo-Oerlikon. \"CONNECT si \u00e8 da tempo affermato come uno degli eventi ICT pi\u00f9 importanti di tutta la Svizzera ed \u00e8 la pi\u00f9 grande fiera ICT della Svizzera tedesca. Quest'anno, con oltre 85 espositori e un ricco programma di corsi ed eventi di supporto, dimostreremo ancora una volta che Brack.Alltron \u00e8 giovane e all'avanguardia sul mercato\", afferma Andrej Golob, Chief Sales Officer di Brack.Alltron. L'organizzatore \u00e8 riuscito ad attirare i rinomati produttori HP, Microsoft, Lenovo, Samsung, Schneider Electric\/APC e Huawei come partner di presentazione. Durante le due giornate pubbliche, i visitatori potranno scoprire gli ultimi prodotti e soluzioni del settore delle tecnologie dell'informazione e della comunicazione.<\/p>\n<h3>Sessioni approfondite, conferenze e panel<\/h3>\n<div class=\"article-block article-block__h3 viewport-section in-viewport\">\n<p class=\"c-sideline-actions\">Oltre agli stand espositivi prodotti in modo sostenibile, un programma di supporto vario e informativo \u00e8 parte integrante della fiera. Mercoled\u00ec, ad esempio, la societ\u00e0 di consulenza Carpathia presenter\u00e0 il B2B Monitor con preziosi approfondimenti sul comportamento d'acquisto nell'era digitale. Un altro momento saliente saranno i discorsi chiave di Georges T. Roos, seguiti da interviste dal vivo, che avranno luogo in entrambi i giorni della fiera. Roos \u00e8 uno dei pi\u00f9 rinomati futurologi della Svizzera. Parler\u00e0 di quello che personalmente considera lo spirito \"Forever Young\" e di quali saranno le megatendenze dei prossimi anni.<\/p>\n<h3 class=\"c-sideline-actions\">Scambio e networking<\/h3>\n<\/div>\n<div class=\"article-block article-block__h3 viewport-section in-viewport\">\n<div class=\"c-sideline-actions\">Secondo gli organizzatori, la fiera CONNECT ICT offre opportunit\u00e0 ideali per lo scambio professionale e il networking tra produttori, clienti e dipendenti Brack.Alltron. Il pubblico target \u00e8 costituito da partner commerciali specializzati Alltron e da clienti finali di Brack Business interessati al lavoro moderno, alle soluzioni cloud, ai data center, al networking, all'AV professionale, alla sicurezza, alle tendenze del mercato e alle innovazioni di prodotto. L'evento <a href=\"https:\/\/brackalltron.ch\/connect-die-highlight-messe-von-brack-alltron\">La biglietteria \u00e8 stata recentemente<\/a> aperto. L'ingresso \u00e8 gratuito. Anche quest'anno Brack.Alltron prevede oltre 1.500 visitatori nei due giorni di fiera.<\/div>\n<\/div>","protected":false},"excerpt":{"rendered":"<p>I marchi B2B del gruppo commerciale Brack.Alltron - Alltron e Brack Business - ospitano anche quest'anno l'evento di settore CONNECT. All'insegna del motto \"Forever Young\", il 27 e 28 agosto 2025 oltre 80 produttori presenteranno le ultime tendenze hardware e software.<\/p>","protected":false},"author":4,"featured_media":0,"comment_status":"closed","ping_status":"closed","sticky":false,"template":"","format":"standard","meta":{"_acf_changed":false,"_yoast_wpseo_focuskw":"ICT-Fachmesse CONNECT","_yoast_wpseo_metadesc":"Die B2B-Marken der Handelsgruppe Brack.Alltron \u2013 Alltron und Brack Business \u2013 laden auch in diesem Jahr zur ICT-Fachmesse CONNECT.","articlekey":"","footnotes":""},"categories":[29],"tags":[193,259,339,393],"class_list":["post-39518","post","type-post","status-publish","format-standard","hentry","category-marketing","tag-fachkongressfachmesse","tag-ict","tag-marketing","tag-produkte"],"acf":[],"yoast_head":"<!-- This site is optimized with the Yoast SEO plugin v27.5 - https:\/\/yoast.com\/product\/yoast-seo-wordpress\/ -->\n<title>ICT-Fachmesse CONNECT mit \u00fcber 85 Ausstellern - Organisator<\/title>\n<meta name=\"description\" content=\"Die B2B-Marken der Handelsgruppe Brack.Alltron \u2013 Alltron und Brack Business \u2013 laden auch in diesem Jahr zur ICT-Fachmesse CONNECT.\" \/>\n<meta name=\"robots\" content=\"index, follow, max-snippet:-1, max-image-preview:large, max-video-preview:-1\" \/>\n<link rel=\"canonical\" href=\"https:\/\/www.organisator.ch\/it\/marketing\/2025-07-08\/ict-fachmesse-connect-mit-ueber-85-ausstellern\/\" \/>\n<meta property=\"og:locale\" content=\"it_IT\" \/>\n<meta property=\"og:type\" content=\"article\" \/>\n<meta property=\"og:title\" content=\"ICT-Fachmesse CONNECT mit \u00fcber 85 Ausstellern\" \/>\n<meta property=\"og:description\" content=\"Die B2B-Marken der Handelsgruppe Brack.Alltron \u2013 Alltron und Brack Business \u2013 laden auch in diesem Jahr zur ICT-Fachmesse CONNECT.\" \/>\n<meta property=\"og:url\" content=\"https:\/\/www.organisator.ch\/it\/marketing\/2025-07-08\/ict-fachmesse-connect-mit-ueber-85-ausstellern\/\" \/>\n<meta property=\"og:site_name\" content=\"Organisator\" \/>\n<meta property=\"article:publisher\" content=\"https:\/\/www.facebook.com\/OrganisatorFachmagazin\" \/>\n<meta property=\"article:published_time\" content=\"2025-07-08T09:26:58+00:00\" \/>\n<meta property=\"og:image\" content=\"https:\/\/www.organisator.ch\/wp-content\/uploads\/2025\/07\/ICT-Fachmesse-CONNECT-mit-ueber-85-Ausstellern_Organisator.jpg\" \/>\n\t<meta property=\"og:image:width\" content=\"680\" \/>\n\t<meta property=\"og:image:height\" content=\"382\" \/>\n\t<meta property=\"og:image:type\" content=\"image\/jpeg\" \/>\n<meta name=\"author\" content=\"thomas.berner\" \/>\n<meta name=\"twitter:card\" content=\"summary_large_image\" \/>\n<meta name=\"twitter:title\" content=\"#ICT-Fachmesse #CONNECT mit \u00fcber 85 Ausstellern\" \/>\n<meta name=\"twitter:description\" content=\"Die #B2B-Marken der Handelsgruppe #Brack.Alltron \u2013 Alltron und Brack Business \u2013 laden auch in diesem Jahr zur #ICT-Fachmesse #CONNECT.\" \/>\n<meta name=\"twitter:image\" content=\"https:\/\/www.organisator.ch\/wp-content\/uploads\/2025\/07\/ICT-Fachmesse-CONNECT-mit-ueber-85-Ausstellern_Organisator.jpg\" \/>\n<script type=\"application\/ld+json\" class=\"yoast-schema-graph\">{\"@context\":\"https:\\\/\\\/schema.org\",\"@graph\":[{\"@type\":\"Article\",\"@id\":\"https:\\\/\\\/www.organisator.ch\\\/marketing\\\/2025-07-08\\\/ict-fachmesse-connect-mit-ueber-85-ausstellern\\\/#article\",\"isPartOf\":{\"@id\":\"https:\\\/\\\/www.organisator.ch\\\/marketing\\\/2025-07-08\\\/ict-fachmesse-connect-mit-ueber-85-ausstellern\\\/\"},\"author\":{\"name\":\"thomas.berner\",\"@id\":\"https:\\\/\\\/www.organisator.ch\\\/#\\\/schema\\\/person\\\/6f650f90b2842cd4c0cc334b4e36f67e\"},\"headline\":\"ICT-Fachmesse CONNECT mit \u00fcber 85 Ausstellern\",\"datePublished\":\"2025-07-08T09:26:58+00:00\",\"mainEntityOfPage\":{\"@id\":\"https:\\\/\\\/www.organisator.ch\\\/marketing\\\/2025-07-08\\\/ict-fachmesse-connect-mit-ueber-85-ausstellern\\\/\"},\"wordCount\":328,\"publisher\":{\"@id\":\"https:\\\/\\\/www.organisator.ch\\\/#organization\"},\"image\":{\"@id\":\"https:\\\/\\\/www.organisator.ch\\\/marketing\\\/2025-07-08\\\/ict-fachmesse-connect-mit-ueber-85-ausstellern\\\/#primaryimage\"},\"thumbnailUrl\":\"https:\\\/\\\/www.organisator.ch\\\/wp-content\\\/uploads\\\/2025\\\/07\\\/ICT-Fachmesse-CONNECT-mit-ueber-85-Ausstellern_Organisator.jpg\",\"keywords\":[\"Fachkongress\\\/Fachmesse\",\"ICT\",\"Marketing\",\"Produkte\"],\"articleSection\":[\"MARKETING\"],\"inLanguage\":\"it-IT\"},{\"@type\":\"WebPage\",\"@id\":\"https:\\\/\\\/www.organisator.ch\\\/marketing\\\/2025-07-08\\\/ict-fachmesse-connect-mit-ueber-85-ausstellern\\\/\",\"url\":\"https:\\\/\\\/www.organisator.ch\\\/marketing\\\/2025-07-08\\\/ict-fachmesse-connect-mit-ueber-85-ausstellern\\\/\",\"name\":\"ICT-Fachmesse CONNECT mit \u00fcber 85 Ausstellern - Organisator\",\"isPartOf\":{\"@id\":\"https:\\\/\\\/www.organisator.ch\\\/#website\"},\"primaryImageOfPage\":{\"@id\":\"https:\\\/\\\/www.organisator.ch\\\/marketing\\\/2025-07-08\\\/ict-fachmesse-connect-mit-ueber-85-ausstellern\\\/#primaryimage\"},\"image\":{\"@id\":\"https:\\\/\\\/www.organisator.ch\\\/marketing\\\/2025-07-08\\\/ict-fachmesse-connect-mit-ueber-85-ausstellern\\\/#primaryimage\"},\"thumbnailUrl\":\"https:\\\/\\\/www.organisator.ch\\\/wp-content\\\/uploads\\\/2025\\\/07\\\/ICT-Fachmesse-CONNECT-mit-ueber-85-Ausstellern_Organisator.jpg\",\"datePublished\":\"2025-07-08T09:26:58+00:00\",\"description\":\"Die B2B-Marken der Handelsgruppe Brack.Alltron \u2013 Alltron und Brack Business \u2013 laden auch in diesem Jahr zur ICT-Fachmesse CONNECT.\",\"breadcrumb\":{\"@id\":\"https:\\\/\\\/www.organisator.ch\\\/marketing\\\/2025-07-08\\\/ict-fachmesse-connect-mit-ueber-85-ausstellern\\\/#breadcrumb\"},\"inLanguage\":\"it-IT\",\"potentialAction\":[{\"@type\":\"ReadAction\",\"target\":[\"https:\\\/\\\/www.organisator.ch\\\/marketing\\\/2025-07-08\\\/ict-fachmesse-connect-mit-ueber-85-ausstellern\\\/\"]}]},{\"@type\":\"ImageObject\",\"inLanguage\":\"it-IT\",\"@id\":\"https:\\\/\\\/www.organisator.ch\\\/marketing\\\/2025-07-08\\\/ict-fachmesse-connect-mit-ueber-85-ausstellern\\\/#primaryimage\",\"url\":\"https:\\\/\\\/www.organisator.ch\\\/wp-content\\\/uploads\\\/2025\\\/07\\\/ICT-Fachmesse-CONNECT-mit-ueber-85-Ausstellern_Organisator.jpg\",\"contentUrl\":\"https:\\\/\\\/www.organisator.ch\\\/wp-content\\\/uploads\\\/2025\\\/07\\\/ICT-Fachmesse-CONNECT-mit-ueber-85-Ausstellern_Organisator.jpg\"},{\"@type\":\"BreadcrumbList\",\"@id\":\"https:\\\/\\\/www.organisator.ch\\\/marketing\\\/2025-07-08\\\/ict-fachmesse-connect-mit-ueber-85-ausstellern\\\/#breadcrumb\",\"itemListElement\":[{\"@type\":\"ListItem\",\"position\":1,\"name\":\"Home\",\"item\":\"https:\\\/\\\/www.organisator.ch\\\/\"},{\"@type\":\"ListItem\",\"position\":2,\"name\":\"ICT-Fachmesse CONNECT mit \u00fcber 85 Ausstellern\"}]},{\"@type\":\"WebSite\",\"@id\":\"https:\\\/\\\/www.organisator.ch\\\/#website\",\"url\":\"https:\\\/\\\/www.organisator.ch\\\/\",\"name\":\"Organisator\",\"description\":\"Kompetent. Praxisnah. Der ORGANISATOR bereitet in 10 Ausgaben pro Jahr die wesentlichen Themen f\u00fcr F\u00fchrungskr\u00e4fte von KMU auf.\",\"publisher\":{\"@id\":\"https:\\\/\\\/www.organisator.ch\\\/#organization\"},\"potentialAction\":[{\"@type\":\"SearchAction\",\"target\":{\"@type\":\"EntryPoint\",\"urlTemplate\":\"https:\\\/\\\/www.organisator.ch\\\/?s={search_term_string}\"},\"query-input\":{\"@type\":\"PropertyValueSpecification\",\"valueRequired\":true,\"valueName\":\"search_term_string\"}}],\"inLanguage\":\"it-IT\"},{\"@type\":\"Organization\",\"@id\":\"https:\\\/\\\/www.organisator.ch\\\/#organization\",\"name\":\"Organisator\",\"url\":\"https:\\\/\\\/www.organisator.ch\\\/\",\"logo\":{\"@type\":\"ImageObject\",\"inLanguage\":\"it-IT\",\"@id\":\"https:\\\/\\\/www.organisator.ch\\\/#\\\/schema\\\/logo\\\/image\\\/\",\"url\":\"https:\\\/\\\/www.organisator.ch\\\/wp-content\\\/uploads\\\/2022\\\/01\\\/Logo_Organisator_Website.png\",\"contentUrl\":\"https:\\\/\\\/www.organisator.ch\\\/wp-content\\\/uploads\\\/2022\\\/01\\\/Logo_Organisator_Website.png\",\"width\":800,\"height\":77,\"caption\":\"Organisator\"},\"image\":{\"@id\":\"https:\\\/\\\/www.organisator.ch\\\/#\\\/schema\\\/logo\\\/image\\\/\"},\"sameAs\":[\"https:\\\/\\\/www.facebook.com\\\/OrganisatorFachmagazin\",\"https:\\\/\\\/www.linkedin.com\\\/showcase\\\/organisator-das-magazin-fr-kmu\",\"https:\\\/\\\/www.xing.com\\\/news\\\/pages\\\/organisator-ch-695\",\"https:\\\/\\\/www.youtube.com\\\/channel\\\/UCGP2Sq0iWaZwT3BdIAQFYpw\"]},{\"@type\":\"Person\",\"@id\":\"https:\\\/\\\/www.organisator.ch\\\/#\\\/schema\\\/person\\\/6f650f90b2842cd4c0cc334b4e36f67e\",\"name\":\"thomas.berner\",\"image\":{\"@type\":\"ImageObject\",\"inLanguage\":\"it-IT\",\"@id\":\"https:\\\/\\\/secure.gravatar.com\\\/avatar\\\/ac5001d2a36cb6c6cd3e50789007ffca834b477b74a2144564522e944eabff61?s=96&d=mm&r=g\",\"url\":\"https:\\\/\\\/secure.gravatar.com\\\/avatar\\\/ac5001d2a36cb6c6cd3e50789007ffca834b477b74a2144564522e944eabff61?s=96&d=mm&r=g\",\"contentUrl\":\"https:\\\/\\\/secure.gravatar.com\\\/avatar\\\/ac5001d2a36cb6c6cd3e50789007ffca834b477b74a2144564522e944eabff61?s=96&d=mm&r=g\",\"caption\":\"thomas.berner\"},\"url\":\"https:\\\/\\\/www.organisator.ch\\\/it\\\/author\\\/thomas-berner\\\/\"}]}<\/script>\n<!-- \/ Yoast SEO plugin. -->","yoast_head_json":{"title":"Fiera ICT CONNECT con oltre 85 espositori - Organizzatore","description":"I marchi B2B del gruppo commerciale Brack.Alltron - Alltron e Brack Business - invitano anche quest'anno i visitatori a CONNECT.","robots":{"index":"index","follow":"follow","max-snippet":"max-snippet:-1","max-image-preview":"max-image-preview:large","max-video-preview":"max-video-preview:-1"},"canonical":"https:\/\/www.organisator.ch\/it\/marketing\/2025-07-08\/ict-fachmesse-connect-mit-ueber-85-ausstellern\/","og_locale":"it_IT","og_type":"article","og_title":"ICT-Fachmesse CONNECT mit \u00fcber 85 Ausstellern","og_description":"Die B2B-Marken der Handelsgruppe Brack.Alltron \u2013 Alltron und Brack Business \u2013 laden auch in diesem Jahr zur ICT-Fachmesse CONNECT.","og_url":"https:\/\/www.organisator.ch\/it\/marketing\/2025-07-08\/ict-fachmesse-connect-mit-ueber-85-ausstellern\/","og_site_name":"Organisator","article_publisher":"https:\/\/www.facebook.com\/OrganisatorFachmagazin","article_published_time":"2025-07-08T09:26:58+00:00","og_image":[{"width":680,"height":382,"url":"https:\/\/www.organisator.ch\/wp-content\/uploads\/2025\/07\/ICT-Fachmesse-CONNECT-mit-ueber-85-Ausstellern_Organisator.jpg","type":"image\/jpeg"}],"author":"thomas.berner","twitter_card":"summary_large_image","twitter_title":"#ICT-Fachmesse #CONNECT mit \u00fcber 85 Ausstellern","twitter_description":"Die #B2B-Marken der Handelsgruppe #Brack.Alltron \u2013 Alltron und Brack Business \u2013 laden auch in diesem Jahr zur #ICT-Fachmesse #CONNECT.","twitter_image":"https:\/\/www.organisator.ch\/wp-content\/uploads\/2025\/07\/ICT-Fachmesse-CONNECT-mit-ueber-85-Ausstellern_Organisator.jpg","schema":{"@context":"https:\/\/schema.org","@graph":[{"@type":"Article","@id":"https:\/\/www.organisator.ch\/marketing\/2025-07-08\/ict-fachmesse-connect-mit-ueber-85-ausstellern\/#article","isPartOf":{"@id":"https:\/\/www.organisator.ch\/marketing\/2025-07-08\/ict-fachmesse-connect-mit-ueber-85-ausstellern\/"},"author":{"name":"thomas.berner","@id":"https:\/\/www.organisator.ch\/#\/schema\/person\/6f650f90b2842cd4c0cc334b4e36f67e"},"headline":"ICT-Fachmesse CONNECT mit \u00fcber 85 Ausstellern","datePublished":"2025-07-08T09:26:58+00:00","mainEntityOfPage":{"@id":"https:\/\/www.organisator.ch\/marketing\/2025-07-08\/ict-fachmesse-connect-mit-ueber-85-ausstellern\/"},"wordCount":328,"publisher":{"@id":"https:\/\/www.organisator.ch\/#organization"},"image":{"@id":"https:\/\/www.organisator.ch\/marketing\/2025-07-08\/ict-fachmesse-connect-mit-ueber-85-ausstellern\/#primaryimage"},"thumbnailUrl":"https:\/\/www.organisator.ch\/wp-content\/uploads\/2025\/07\/ICT-Fachmesse-CONNECT-mit-ueber-85-Ausstellern_Organisator.jpg","keywords":["Fachkongress\/Fachmesse","ICT","Marketing","Produkte"],"articleSection":["MARKETING"],"inLanguage":"it-IT"},{"@type":"WebPage","@id":"https:\/\/www.organisator.ch\/marketing\/2025-07-08\/ict-fachmesse-connect-mit-ueber-85-ausstellern\/","url":"https:\/\/www.organisator.ch\/marketing\/2025-07-08\/ict-fachmesse-connect-mit-ueber-85-ausstellern\/","name":"Fiera ICT CONNECT con oltre 85 espositori - Organizzatore","isPartOf":{"@id":"https:\/\/www.organisator.ch\/#website"},"primaryImageOfPage":{"@id":"https:\/\/www.organisator.ch\/marketing\/2025-07-08\/ict-fachmesse-connect-mit-ueber-85-ausstellern\/#primaryimage"},"image":{"@id":"https:\/\/www.organisator.ch\/marketing\/2025-07-08\/ict-fachmesse-connect-mit-ueber-85-ausstellern\/#primaryimage"},"thumbnailUrl":"https:\/\/www.organisator.ch\/wp-content\/uploads\/2025\/07\/ICT-Fachmesse-CONNECT-mit-ueber-85-Ausstellern_Organisator.jpg","datePublished":"2025-07-08T09:26:58+00:00","description":"I marchi B2B del gruppo commerciale Brack.Alltron - Alltron e Brack Business - invitano anche quest'anno i visitatori a CONNECT.","breadcrumb":{"@id":"https:\/\/www.organisator.ch\/marketing\/2025-07-08\/ict-fachmesse-connect-mit-ueber-85-ausstellern\/#breadcrumb"},"inLanguage":"it-IT","potentialAction":[{"@type":"ReadAction","target":["https:\/\/www.organisator.ch\/marketing\/2025-07-08\/ict-fachmesse-connect-mit-ueber-85-ausstellern\/"]}]},{"@type":"ImageObject","inLanguage":"it-IT","@id":"https:\/\/www.organisator.ch\/marketing\/2025-07-08\/ict-fachmesse-connect-mit-ueber-85-ausstellern\/#primaryimage","url":"https:\/\/www.organisator.ch\/wp-content\/uploads\/2025\/07\/ICT-Fachmesse-CONNECT-mit-ueber-85-Ausstellern_Organisator.jpg","contentUrl":"https:\/\/www.organisator.ch\/wp-content\/uploads\/2025\/07\/ICT-Fachmesse-CONNECT-mit-ueber-85-Ausstellern_Organisator.jpg"},{"@type":"BreadcrumbList","@id":"https:\/\/www.organisator.ch\/marketing\/2025-07-08\/ict-fachmesse-connect-mit-ueber-85-ausstellern\/#breadcrumb","itemListElement":[{"@type":"ListItem","position":1,"name":"Home","item":"https:\/\/www.organisator.ch\/"},{"@type":"ListItem","position":2,"name":"ICT-Fachmesse CONNECT mit \u00fcber 85 Ausstellern"}]},{"@type":"WebSite","@id":"https:\/\/www.organisator.ch\/#website","url":"https:\/\/www.organisator.ch\/","name":"Organizzatore","description":"Competente. Pratico. In 10 numeri all'anno, ORGANISATOR presenta i temi essenziali per i manager delle PMI.","publisher":{"@id":"https:\/\/www.organisator.ch\/#organization"},"potentialAction":[{"@type":"SearchAction","target":{"@type":"EntryPoint","urlTemplate":"https:\/\/www.organisator.ch\/?s={search_term_string}"},"query-input":{"@type":"PropertyValueSpecification","valueRequired":true,"valueName":"search_term_string"}}],"inLanguage":"it-IT"},{"@type":"Organization","@id":"https:\/\/www.organisator.ch\/#organization","name":"Organizzatore","url":"https:\/\/www.organisator.ch\/","logo":{"@type":"ImageObject","inLanguage":"it-IT","@id":"https:\/\/www.organisator.ch\/#\/schema\/logo\/image\/","url":"https:\/\/www.organisator.ch\/wp-content\/uploads\/2022\/01\/Logo_Organisator_Website.png","contentUrl":"https:\/\/www.organisator.ch\/wp-content\/uploads\/2022\/01\/Logo_Organisator_Website.png","width":800,"height":77,"caption":"Organisator"},"image":{"@id":"https:\/\/www.organisator.ch\/#\/schema\/logo\/image\/"},"sameAs":["https:\/\/www.facebook.com\/OrganisatorFachmagazin","https:\/\/www.linkedin.com\/showcase\/organisator-das-magazin-fr-kmu","https:\/\/www.xing.com\/news\/pages\/organisator-ch-695","https:\/\/www.youtube.com\/channel\/UCGP2Sq0iWaZwT3BdIAQFYpw"]},{"@type":"Person","@id":"https:\/\/www.organisator.ch\/#\/schema\/person\/6f650f90b2842cd4c0cc334b4e36f67e","name":"Tommaso.berner","image":{"@type":"ImageObject","inLanguage":"it-IT","@id":"https:\/\/secure.gravatar.com\/avatar\/ac5001d2a36cb6c6cd3e50789007ffca834b477b74a2144564522e944eabff61?s=96&d=mm&r=g","url":"https:\/\/secure.gravatar.com\/avatar\/ac5001d2a36cb6c6cd3e50789007ffca834b477b74a2144564522e944eabff61?s=96&d=mm&r=g","contentUrl":"https:\/\/secure.gravatar.com\/avatar\/ac5001d2a36cb6c6cd3e50789007ffca834b477b74a2144564522e944eabff61?s=96&d=mm&r=g","caption":"thomas.berner"},"url":"https:\/\/www.organisator.ch\/it\/author\/thomas-berner\/"}]}},"_links":{"self":[{"href":"https:\/\/www.organisator.ch\/it\/wp-json\/wp\/v2\/posts\/39518","targetHints":{"allow":["GET"]}}],"collection":[{"href":"https:\/\/www.organisator.ch\/it\/wp-json\/wp\/v2\/posts"}],"about":[{"href":"https:\/\/www.organisator.ch\/it\/wp-json\/wp\/v2\/types\/post"}],"author":[{"embeddable":true,"href":"https:\/\/www.organisator.ch\/it\/wp-json\/wp\/v2\/users\/4"}],"replies":[{"embeddable":true,"href":"https:\/\/www.organisator.ch\/it\/wp-json\/wp\/v2\/comments?post=39518"}],"version-history":[{"count":3,"href":"https:\/\/www.organisator.ch\/it\/wp-json\/wp\/v2\/posts\/39518\/revisions"}],"predecessor-version":[{"id":39550,"href":"https:\/\/www.organisator.ch\/it\/wp-json\/wp\/v2\/posts\/39518\/revisions\/39550"}],"wp:attachment":[{"href":"https:\/\/www.organisator.ch\/it\/wp-json\/wp\/v2\/media?parent=39518"}],"wp:term":[{"taxonomy":"category","embeddable":true,"href":"https:\/\/www.organisator.ch\/it\/wp-json\/wp\/v2\/categories?post=39518"},{"taxonomy":"post_tag","embeddable":true,"href":"https:\/\/www.organisator.ch\/it\/wp-json\/wp\/v2\/tags?post=39518"}],"curies":[{"name":"wp","href":"https:\/\/api.w.org\/{rel}","templated":true}]}}