{"id":39521,"date":"2025-07-08T11:47:04","date_gmt":"2025-07-08T09:47:04","guid":{"rendered":"https:\/\/www.organisator.ch\/?p=39521"},"modified":"2025-07-08T11:47:04","modified_gmt":"2025-07-08T09:47:04","slug":"ueber-100000-teilnehmende-bei-der-bike-to-work-challenge-2025","status":"publish","type":"post","link":"https:\/\/www.organisator.ch\/it\/sustainability\/2025-07-08\/ueber-100000-teilnehmende-bei-der-bike-to-work-challenge-2025\/","title":{"rendered":"Oltre 100.000 partecipanti alla sfida bike to work 2025"},"content":{"rendered":"<figure id=\"attachment_39522\" aria-describedby=\"caption-attachment-39522\" style=\"width: 680px\" class=\"wp-caption alignnone\"><img loading=\"lazy\" decoding=\"async\" class=\"size-full wp-image-39522\" src=\"https:\/\/www.organisator.ch\/wp-content\/uploads\/2025\/07\/Ueber-100000-Teilnehmende-bei-der-bike-to-work-Challenge-2025_Organisator.jpg\" alt=\"\" width=\"680\" height=\"452\" srcset=\"https:\/\/www.organisator.ch\/wp-content\/uploads\/2025\/07\/Ueber-100000-Teilnehmende-bei-der-bike-to-work-Challenge-2025_Organisator.jpg 680w, https:\/\/www.organisator.ch\/wp-content\/uploads\/2025\/07\/Ueber-100000-Teilnehmende-bei-der-bike-to-work-Challenge-2025_Organisator-18x12.jpg 18w, https:\/\/www.organisator.ch\/wp-content\/uploads\/2025\/07\/Ueber-100000-Teilnehmende-bei-der-bike-to-work-Challenge-2025_Organisator-375x249.jpg 375w, https:\/\/www.organisator.ch\/wp-content\/uploads\/2025\/07\/Ueber-100000-Teilnehmende-bei-der-bike-to-work-Challenge-2025_Organisator-527x350.jpg 527w\" sizes=\"auto, (max-width: 680px) 100vw, 680px\" \/><figcaption id=\"caption-attachment-39522\" class=\"wp-caption-text\">Auch Mitglieder des National- und St\u00e4nderats schwangen sich dieses Jahr im Rahmen von bike to work aufs Velo. (Bild: zVg \/ Pro Velo Schweiz)<\/figcaption><\/figure>\n<p>Mit bike to work f\u00fchrt der nationale Dachverband der Velofahrenden Pro Velo Schweiz j\u00e4hrlich eine nationale Aktion zur Velof\u00f6rderung in Unternehmen durch. Die Aktion wird von den Hauptpartnern Veloplus, Suva, Panter und myStromer sowie von zahlreichen Preissponsoren unterst\u00fctzt. Neben KMU nehmen bei bike to work auch jedes Jahr nationale Grosskonzerne teil. Zu gewinnen gibt es Preise im Gesamtwert von \u00fcber CHF 140\u2018000.\u2013. Und das scheint immer mehr Menschen in den Fahrradsattel zu locken: Dieses Jahr legten die rund 110&#8217;000 Teilnehmenden insgesamt 29\u2019180\u2019331 Kilometer zur\u00fcck \u2013 so viele wie noch nie. Das ist eine Strecke von 728-mal um die Erde und bedeutet einen neuen Rekord. Dabei sparten sie beeindruckende 4\u2019202 Tonnen CO\u2082 ein.\u00a0<\/p>\n<h3><strong>Unternehmen, die bewegen <\/strong><\/h3>\n<p>3\u2019931 Betriebe \u2013 von kleinen KMU bis zu Grosskonzernen \u2013 machten mit. Auch dieses Jahr erzielten traditionsreiche Unternehmen und Institutionen sowie der \u00c9tat de Gen\u00e8ve, die Stadt Z\u00fcrich, CERN und Hoffmann-La Roche Spitzenresultate \u2013 alle mit jeweils \u00fcber 1\u2019000 Teilnehmenden.\u00a0\u00abbike to work ist ein effektives Tool, um Gesundheit, Nachhaltigkeit und Teamspirit im Unternehmen zu f\u00f6rdern \u2013 und das mit viel Freude und Bewegung\u00bb, erkl\u00e4rt Barbara Willen, Projektleiterin von bike to work.\u00a0<\/p>\n<h3><strong>Wenn Bundesr\u00e4te mitradeln: Die Politik setzt Zeichen<\/strong><\/h3>\n<p>Dieses Jahr machten auch Mitglieder des National- und St\u00e4nderats bei der Velof\u00f6rderungsaktion mit. Unter ihnen sind Vertreter:innen der SP, FDP, Gr\u00fcnen und SVP \u2013 sogar Bundesrat Beat Jans trat in die Pedale. \u00abMit dem Velo zur Arbeit \u2013 das ist die einfachste, ges\u00fcndeste, nat\u00fcrlichste und in der Stadt auch die schnellste Art, zur Arbeit zu kommen \u2013 gut f\u00fcr die Umwelt und eine echte Entlastung f\u00fcr den Stadtverkehr\u00bb betonte Jans bei einer kurzen Medienbegegnung vor dem Bundeshaus.\u00a0\u00a0Ihre Teilnahme zeigt: Velof\u00f6rderung beginnt nicht nur in der Bev\u00f6lkerung, sondern auch bei den gew\u00e4hlten Vertreterinnen und Vertretern \u2013 denn auch sie haben die Aufgabe, mit gutem Beispiel voranzugehen.\u00a0<\/p>\n<p>&nbsp;<\/p>\n<blockquote>\n<h3><strong>Einige Zahlen der bike to work Challenge 2025\u00a0<\/strong><\/h3>\n<p><strong>Firmen und Organisationen<\/strong><br \/>\n3\u2019931 Betriebe (Vorjahr: 3\u2018840)\u00a0\u00a0<\/p>\n<p><strong>Teams<\/strong>\u00a0<br \/>\n29\u2019815 Teams (Vorjahr: 29\u2019840)\u00a0<\/p>\n<p><strong>Teilnehmende\u00a0<\/strong><br \/>\n108\u2018945 Teilnehmende (Vorjahr: 109\u2018090)\u00a0<\/p>\n<p><strong>Kilometer\u00a0<\/strong><br \/>\n29\u2019180\u2019331 Kilometer (Vorjahr: 27\u2018888\u2018432)\u00a0<\/p>\n<p><strong>CO2-\u00c4quivalenz*\u00a0<\/strong><br \/>\n4\u2019202 Tonnen (Vorjahr: 4016)\u00a0<br \/>\n*Berechnungsgrundlage: 144g\/km CO2-Ausstoss\u00a0<\/p>\n<p><strong>Top-5-Betriebe nach Anzahl Teams\u00a0<\/strong><\/p>\n<ol>\n<li aria-setsize=\"-1\" data-aria-level=\"1\" data-aria-posinset=\"1\" data-fontdata-leveltext=\"%1.\" data-list-defn-props=\"{&quot;335552541&quot;:0,&quot;335559685&quot;:720,&quot;335559991&quot;:360,&quot;469769242&quot;:[65533,0],&quot;469777803&quot;:&quot;left&quot;,&quot;469777804&quot;:&quot;%1.&quot;,&quot;469777815&quot;:&quot;hybridMultilevel&quot;}\" data-listid=\"2\">Migros Gruppe \u2013 488 Teams<\/li>\n<li aria-setsize=\"-1\" data-aria-level=\"1\" data-aria-posinset=\"1\" data-fontdata-leveltext=\"%1.\" data-list-defn-props=\"{&quot;335552541&quot;:0,&quot;335559685&quot;:720,&quot;335559991&quot;:360,&quot;469769242&quot;:[65533,0],&quot;469777803&quot;:&quot;left&quot;,&quot;469777804&quot;:&quot;%1.&quot;,&quot;469777815&quot;:&quot;hybridMultilevel&quot;}\" data-listid=\"2\">Stadt Z\u00fcrich \u2013 324 Teams\u00a0<\/li>\n<li aria-setsize=\"-1\" data-aria-level=\"1\" data-aria-posinset=\"1\" data-fontdata-leveltext=\"%1.\" data-list-defn-props=\"{&quot;335552541&quot;:0,&quot;335559685&quot;:720,&quot;335559991&quot;:360,&quot;469769242&quot;:[65533,0],&quot;469777803&quot;:&quot;left&quot;,&quot;469777804&quot;:&quot;%1.&quot;,&quot;469777815&quot;:&quot;hybridMultilevel&quot;}\" data-listid=\"2\">CERN \u2013 322 Teams\u00a0<\/li>\n<li aria-setsize=\"-1\" data-aria-level=\"1\" data-aria-posinset=\"1\" data-fontdata-leveltext=\"%1.\" data-list-defn-props=\"{&quot;335552541&quot;:0,&quot;335559685&quot;:720,&quot;335559991&quot;:360,&quot;469769242&quot;:[65533,0],&quot;469777803&quot;:&quot;left&quot;,&quot;469777804&quot;:&quot;%1.&quot;,&quot;469777815&quot;:&quot;hybridMultilevel&quot;}\" data-listid=\"2\">\u00c9tat de Gen\u00e8ve \u2013 319 Teams<\/li>\n<li aria-setsize=\"-1\" data-aria-level=\"1\" data-aria-posinset=\"1\" data-fontdata-leveltext=\"%1.\" data-list-defn-props=\"{&quot;335552541&quot;:0,&quot;335559685&quot;:720,&quot;335559991&quot;:360,&quot;469769242&quot;:[65533,0],&quot;469777803&quot;:&quot;left&quot;,&quot;469777804&quot;:&quot;%1.&quot;,&quot;469777815&quot;:&quot;hybridMultilevel&quot;}\" data-listid=\"2\">F. Hoffmann-La Roche AG \u2013 318 Teams\u00a0<\/li>\n<\/ol>\n<\/blockquote>\n<p><a href=\"http:\/\/www.pro-velo.ch\"><em>Quelle: Pro Velo Schweiz<\/em><\/a><\/p>\n","protected":false},"excerpt":{"rendered":"<p>La sfida bike to work, un'iniziativa di Pro Velo, ha nuovamente superato il traguardo dei 100.000 partecipanti nel 2025. In totale, hanno partecipato circa 110.000 persone di quasi 4.000 aziende. <\/p>","protected":false},"author":4,"featured_media":0,"comment_status":"closed","ping_status":"closed","sticky":false,"template":"","format":"standard","meta":{"_acf_changed":false,"_yoast_wpseo_focuskw":"bike to work","_yoast_wpseo_metadesc":"Die Velof\u00f6rderungsaktion bike to work-Challenge hat 2025 die Marke von 100\u2018000 Teilnehmenden erneut \u00fcberschritten.","articlekey":"","footnotes":""},"categories":[580],"tags":[81,208,254,1787],"class_list":["post-39521","post","type-post","status-publish","format-standard","hentry","category-sustainability","tag-bike-to-work","tag-fit-im-job","tag-hrm","tag-nachhaltigkeit"],"acf":[],"yoast_head":"<!-- This site is optimized with the Yoast SEO plugin v27.5 - https:\/\/yoast.com\/product\/yoast-seo-wordpress\/ -->\n<title>\u00dcber 100\u2019000 Teilnehmende bei der bike to work-Challenge 2025 - Organisator<\/title>\n<meta name=\"description\" content=\"Die Velof\u00f6rderungsaktion bike to work-Challenge hat 2025 die Marke von 100\u2018000 Teilnehmenden erneut \u00fcberschritten.\" \/>\n<meta name=\"robots\" content=\"index, follow, max-snippet:-1, max-image-preview:large, max-video-preview:-1\" \/>\n<link rel=\"canonical\" href=\"https:\/\/www.organisator.ch\/it\/sostenibilita\/2025-07-08\/ueber-100000-teilnehmende-bei-der-bike-to-work-challenge-2025\/\" \/>\n<meta property=\"og:locale\" content=\"it_IT\" \/>\n<meta property=\"og:type\" content=\"article\" \/>\n<meta property=\"og:title\" content=\"\u00dcber 100\u2019000 Teilnehmende bei der bike to work-Challenge 2025\" \/>\n<meta property=\"og:description\" content=\"Die Velof\u00f6rderungsaktion bike to work-Challenge hat 2025 die Marke von 100\u2018000 Teilnehmenden erneut \u00fcberschritten.\" \/>\n<meta property=\"og:url\" content=\"https:\/\/www.organisator.ch\/it\/sostenibilita\/2025-07-08\/ueber-100000-teilnehmende-bei-der-bike-to-work-challenge-2025\/\" \/>\n<meta property=\"og:site_name\" content=\"Organisator\" \/>\n<meta property=\"article:publisher\" content=\"https:\/\/www.facebook.com\/OrganisatorFachmagazin\" \/>\n<meta property=\"article:published_time\" content=\"2025-07-08T09:47:04+00:00\" \/>\n<meta property=\"og:image\" content=\"https:\/\/www.organisator.ch\/wp-content\/uploads\/2025\/07\/Ueber-100000-Teilnehmende-bei-der-bike-to-work-Challenge-2025_Organisator.jpg\" \/>\n\t<meta property=\"og:image:width\" content=\"680\" \/>\n\t<meta property=\"og:image:height\" content=\"452\" \/>\n\t<meta property=\"og:image:type\" content=\"image\/jpeg\" \/>\n<meta name=\"author\" content=\"thomas.berner\" \/>\n<meta name=\"twitter:card\" content=\"summary_large_image\" \/>\n<meta name=\"twitter:title\" content=\"\u00dcber 100\u2019000 Teilnehmende bei der #bike to work-Challenge 2025\" \/>\n<meta name=\"twitter:description\" content=\"Die #Velof\u00f6rderungsaktion #bike to work-Challenge hat 2025 die Marke von 100\u2018000 Teilnehmenden erneut \u00fcberschritten.\" \/>\n<meta name=\"twitter:image\" content=\"https:\/\/www.organisator.ch\/wp-content\/uploads\/2025\/07\/Ueber-100000-Teilnehmende-bei-der-bike-to-work-Challenge-2025_Organisator.jpg\" \/>\n<script type=\"application\/ld+json\" class=\"yoast-schema-graph\">{\"@context\":\"https:\\\/\\\/schema.org\",\"@graph\":[{\"@type\":\"Article\",\"@id\":\"https:\\\/\\\/www.organisator.ch\\\/sustainability\\\/2025-07-08\\\/ueber-100000-teilnehmende-bei-der-bike-to-work-challenge-2025\\\/#article\",\"isPartOf\":{\"@id\":\"https:\\\/\\\/www.organisator.ch\\\/sustainability\\\/2025-07-08\\\/ueber-100000-teilnehmende-bei-der-bike-to-work-challenge-2025\\\/\"},\"author\":{\"name\":\"thomas.berner\",\"@id\":\"https:\\\/\\\/www.organisator.ch\\\/#\\\/schema\\\/person\\\/6f650f90b2842cd4c0cc334b4e36f67e\"},\"headline\":\"\u00dcber 100\u2019000 Teilnehmende bei der bike to work-Challenge 2025\",\"datePublished\":\"2025-07-08T09:47:04+00:00\",\"mainEntityOfPage\":{\"@id\":\"https:\\\/\\\/www.organisator.ch\\\/sustainability\\\/2025-07-08\\\/ueber-100000-teilnehmende-bei-der-bike-to-work-challenge-2025\\\/\"},\"wordCount\":404,\"publisher\":{\"@id\":\"https:\\\/\\\/www.organisator.ch\\\/#organization\"},\"image\":{\"@id\":\"https:\\\/\\\/www.organisator.ch\\\/sustainability\\\/2025-07-08\\\/ueber-100000-teilnehmende-bei-der-bike-to-work-challenge-2025\\\/#primaryimage\"},\"thumbnailUrl\":\"https:\\\/\\\/www.organisator.ch\\\/wp-content\\\/uploads\\\/2025\\\/07\\\/Ueber-100000-Teilnehmende-bei-der-bike-to-work-Challenge-2025_Organisator.jpg\",\"keywords\":[\"Bike to Work\",\"Fit im Job\",\"HRM\",\"Nachhaltigkeit\"],\"articleSection\":[\"SUSTAINABILITY\"],\"inLanguage\":\"it-IT\"},{\"@type\":\"WebPage\",\"@id\":\"https:\\\/\\\/www.organisator.ch\\\/sustainability\\\/2025-07-08\\\/ueber-100000-teilnehmende-bei-der-bike-to-work-challenge-2025\\\/\",\"url\":\"https:\\\/\\\/www.organisator.ch\\\/sustainability\\\/2025-07-08\\\/ueber-100000-teilnehmende-bei-der-bike-to-work-challenge-2025\\\/\",\"name\":\"\u00dcber 100\u2019000 Teilnehmende bei der bike to work-Challenge 2025 - Organisator\",\"isPartOf\":{\"@id\":\"https:\\\/\\\/www.organisator.ch\\\/#website\"},\"primaryImageOfPage\":{\"@id\":\"https:\\\/\\\/www.organisator.ch\\\/sustainability\\\/2025-07-08\\\/ueber-100000-teilnehmende-bei-der-bike-to-work-challenge-2025\\\/#primaryimage\"},\"image\":{\"@id\":\"https:\\\/\\\/www.organisator.ch\\\/sustainability\\\/2025-07-08\\\/ueber-100000-teilnehmende-bei-der-bike-to-work-challenge-2025\\\/#primaryimage\"},\"thumbnailUrl\":\"https:\\\/\\\/www.organisator.ch\\\/wp-content\\\/uploads\\\/2025\\\/07\\\/Ueber-100000-Teilnehmende-bei-der-bike-to-work-Challenge-2025_Organisator.jpg\",\"datePublished\":\"2025-07-08T09:47:04+00:00\",\"description\":\"Die Velof\u00f6rderungsaktion bike to work-Challenge hat 2025 die Marke von 100\u2018000 Teilnehmenden erneut \u00fcberschritten.\",\"breadcrumb\":{\"@id\":\"https:\\\/\\\/www.organisator.ch\\\/sustainability\\\/2025-07-08\\\/ueber-100000-teilnehmende-bei-der-bike-to-work-challenge-2025\\\/#breadcrumb\"},\"inLanguage\":\"it-IT\",\"potentialAction\":[{\"@type\":\"ReadAction\",\"target\":[\"https:\\\/\\\/www.organisator.ch\\\/sustainability\\\/2025-07-08\\\/ueber-100000-teilnehmende-bei-der-bike-to-work-challenge-2025\\\/\"]}]},{\"@type\":\"ImageObject\",\"inLanguage\":\"it-IT\",\"@id\":\"https:\\\/\\\/www.organisator.ch\\\/sustainability\\\/2025-07-08\\\/ueber-100000-teilnehmende-bei-der-bike-to-work-challenge-2025\\\/#primaryimage\",\"url\":\"https:\\\/\\\/www.organisator.ch\\\/wp-content\\\/uploads\\\/2025\\\/07\\\/Ueber-100000-Teilnehmende-bei-der-bike-to-work-Challenge-2025_Organisator.jpg\",\"contentUrl\":\"https:\\\/\\\/www.organisator.ch\\\/wp-content\\\/uploads\\\/2025\\\/07\\\/Ueber-100000-Teilnehmende-bei-der-bike-to-work-Challenge-2025_Organisator.jpg\"},{\"@type\":\"BreadcrumbList\",\"@id\":\"https:\\\/\\\/www.organisator.ch\\\/sustainability\\\/2025-07-08\\\/ueber-100000-teilnehmende-bei-der-bike-to-work-challenge-2025\\\/#breadcrumb\",\"itemListElement\":[{\"@type\":\"ListItem\",\"position\":1,\"name\":\"Home\",\"item\":\"https:\\\/\\\/www.organisator.ch\\\/\"},{\"@type\":\"ListItem\",\"position\":2,\"name\":\"\u00dcber 100\u2019000 Teilnehmende bei der bike to work-Challenge 2025\"}]},{\"@type\":\"WebSite\",\"@id\":\"https:\\\/\\\/www.organisator.ch\\\/#website\",\"url\":\"https:\\\/\\\/www.organisator.ch\\\/\",\"name\":\"Organisator\",\"description\":\"Kompetent. Praxisnah. Der ORGANISATOR bereitet in 10 Ausgaben pro Jahr die wesentlichen Themen f\u00fcr F\u00fchrungskr\u00e4fte von KMU auf.\",\"publisher\":{\"@id\":\"https:\\\/\\\/www.organisator.ch\\\/#organization\"},\"potentialAction\":[{\"@type\":\"SearchAction\",\"target\":{\"@type\":\"EntryPoint\",\"urlTemplate\":\"https:\\\/\\\/www.organisator.ch\\\/?s={search_term_string}\"},\"query-input\":{\"@type\":\"PropertyValueSpecification\",\"valueRequired\":true,\"valueName\":\"search_term_string\"}}],\"inLanguage\":\"it-IT\"},{\"@type\":\"Organization\",\"@id\":\"https:\\\/\\\/www.organisator.ch\\\/#organization\",\"name\":\"Organisator\",\"url\":\"https:\\\/\\\/www.organisator.ch\\\/\",\"logo\":{\"@type\":\"ImageObject\",\"inLanguage\":\"it-IT\",\"@id\":\"https:\\\/\\\/www.organisator.ch\\\/#\\\/schema\\\/logo\\\/image\\\/\",\"url\":\"https:\\\/\\\/www.organisator.ch\\\/wp-content\\\/uploads\\\/2022\\\/01\\\/Logo_Organisator_Website.png\",\"contentUrl\":\"https:\\\/\\\/www.organisator.ch\\\/wp-content\\\/uploads\\\/2022\\\/01\\\/Logo_Organisator_Website.png\",\"width\":800,\"height\":77,\"caption\":\"Organisator\"},\"image\":{\"@id\":\"https:\\\/\\\/www.organisator.ch\\\/#\\\/schema\\\/logo\\\/image\\\/\"},\"sameAs\":[\"https:\\\/\\\/www.facebook.com\\\/OrganisatorFachmagazin\",\"https:\\\/\\\/www.linkedin.com\\\/showcase\\\/organisator-das-magazin-fr-kmu\",\"https:\\\/\\\/www.xing.com\\\/news\\\/pages\\\/organisator-ch-695\",\"https:\\\/\\\/www.youtube.com\\\/channel\\\/UCGP2Sq0iWaZwT3BdIAQFYpw\"]},{\"@type\":\"Person\",\"@id\":\"https:\\\/\\\/www.organisator.ch\\\/#\\\/schema\\\/person\\\/6f650f90b2842cd4c0cc334b4e36f67e\",\"name\":\"thomas.berner\",\"image\":{\"@type\":\"ImageObject\",\"inLanguage\":\"it-IT\",\"@id\":\"https:\\\/\\\/secure.gravatar.com\\\/avatar\\\/ac5001d2a36cb6c6cd3e50789007ffca834b477b74a2144564522e944eabff61?s=96&d=mm&r=g\",\"url\":\"https:\\\/\\\/secure.gravatar.com\\\/avatar\\\/ac5001d2a36cb6c6cd3e50789007ffca834b477b74a2144564522e944eabff61?s=96&d=mm&r=g\",\"contentUrl\":\"https:\\\/\\\/secure.gravatar.com\\\/avatar\\\/ac5001d2a36cb6c6cd3e50789007ffca834b477b74a2144564522e944eabff61?s=96&d=mm&r=g\",\"caption\":\"thomas.berner\"},\"url\":\"https:\\\/\\\/www.organisator.ch\\\/it\\\/author\\\/thomas-berner\\\/\"}]}<\/script>\n<!-- \/ Yoast SEO plugin. -->","yoast_head_json":{"title":"Oltre 100.000 partecipanti alla sfida bike to work 2025 - organizzatore","description":"La sfida \"bike to work\" ha nuovamente superato il traguardo dei 100.000 partecipanti nel 2025.","robots":{"index":"index","follow":"follow","max-snippet":"max-snippet:-1","max-image-preview":"max-image-preview:large","max-video-preview":"max-video-preview:-1"},"canonical":"https:\/\/www.organisator.ch\/it\/sostenibilita\/2025-07-08\/ueber-100000-teilnehmende-bei-der-bike-to-work-challenge-2025\/","og_locale":"it_IT","og_type":"article","og_title":"\u00dcber 100\u2019000 Teilnehmende bei der bike to work-Challenge 2025","og_description":"Die Velof\u00f6rderungsaktion bike to work-Challenge hat 2025 die Marke von 100\u2018000 Teilnehmenden erneut \u00fcberschritten.","og_url":"https:\/\/www.organisator.ch\/it\/sostenibilita\/2025-07-08\/ueber-100000-teilnehmende-bei-der-bike-to-work-challenge-2025\/","og_site_name":"Organisator","article_publisher":"https:\/\/www.facebook.com\/OrganisatorFachmagazin","article_published_time":"2025-07-08T09:47:04+00:00","og_image":[{"width":680,"height":452,"url":"https:\/\/www.organisator.ch\/wp-content\/uploads\/2025\/07\/Ueber-100000-Teilnehmende-bei-der-bike-to-work-Challenge-2025_Organisator.jpg","type":"image\/jpeg"}],"author":"thomas.berner","twitter_card":"summary_large_image","twitter_title":"\u00dcber 100\u2019000 Teilnehmende bei der #bike to work-Challenge 2025","twitter_description":"Die #Velof\u00f6rderungsaktion #bike to work-Challenge hat 2025 die Marke von 100\u2018000 Teilnehmenden erneut \u00fcberschritten.","twitter_image":"https:\/\/www.organisator.ch\/wp-content\/uploads\/2025\/07\/Ueber-100000-Teilnehmende-bei-der-bike-to-work-Challenge-2025_Organisator.jpg","schema":{"@context":"https:\/\/schema.org","@graph":[{"@type":"Article","@id":"https:\/\/www.organisator.ch\/sustainability\/2025-07-08\/ueber-100000-teilnehmende-bei-der-bike-to-work-challenge-2025\/#article","isPartOf":{"@id":"https:\/\/www.organisator.ch\/sustainability\/2025-07-08\/ueber-100000-teilnehmende-bei-der-bike-to-work-challenge-2025\/"},"author":{"name":"thomas.berner","@id":"https:\/\/www.organisator.ch\/#\/schema\/person\/6f650f90b2842cd4c0cc334b4e36f67e"},"headline":"\u00dcber 100\u2019000 Teilnehmende bei der bike to work-Challenge 2025","datePublished":"2025-07-08T09:47:04+00:00","mainEntityOfPage":{"@id":"https:\/\/www.organisator.ch\/sustainability\/2025-07-08\/ueber-100000-teilnehmende-bei-der-bike-to-work-challenge-2025\/"},"wordCount":404,"publisher":{"@id":"https:\/\/www.organisator.ch\/#organization"},"image":{"@id":"https:\/\/www.organisator.ch\/sustainability\/2025-07-08\/ueber-100000-teilnehmende-bei-der-bike-to-work-challenge-2025\/#primaryimage"},"thumbnailUrl":"https:\/\/www.organisator.ch\/wp-content\/uploads\/2025\/07\/Ueber-100000-Teilnehmende-bei-der-bike-to-work-Challenge-2025_Organisator.jpg","keywords":["Bike to Work","Fit im Job","HRM","Nachhaltigkeit"],"articleSection":["SUSTAINABILITY"],"inLanguage":"it-IT"},{"@type":"WebPage","@id":"https:\/\/www.organisator.ch\/sustainability\/2025-07-08\/ueber-100000-teilnehmende-bei-der-bike-to-work-challenge-2025\/","url":"https:\/\/www.organisator.ch\/sustainability\/2025-07-08\/ueber-100000-teilnehmende-bei-der-bike-to-work-challenge-2025\/","name":"Oltre 100.000 partecipanti alla sfida bike to work 2025 - organizzatore","isPartOf":{"@id":"https:\/\/www.organisator.ch\/#website"},"primaryImageOfPage":{"@id":"https:\/\/www.organisator.ch\/sustainability\/2025-07-08\/ueber-100000-teilnehmende-bei-der-bike-to-work-challenge-2025\/#primaryimage"},"image":{"@id":"https:\/\/www.organisator.ch\/sustainability\/2025-07-08\/ueber-100000-teilnehmende-bei-der-bike-to-work-challenge-2025\/#primaryimage"},"thumbnailUrl":"https:\/\/www.organisator.ch\/wp-content\/uploads\/2025\/07\/Ueber-100000-Teilnehmende-bei-der-bike-to-work-Challenge-2025_Organisator.jpg","datePublished":"2025-07-08T09:47:04+00:00","description":"La sfida \"bike to work\" ha nuovamente superato il traguardo dei 100.000 partecipanti nel 2025.","breadcrumb":{"@id":"https:\/\/www.organisator.ch\/sustainability\/2025-07-08\/ueber-100000-teilnehmende-bei-der-bike-to-work-challenge-2025\/#breadcrumb"},"inLanguage":"it-IT","potentialAction":[{"@type":"ReadAction","target":["https:\/\/www.organisator.ch\/sustainability\/2025-07-08\/ueber-100000-teilnehmende-bei-der-bike-to-work-challenge-2025\/"]}]},{"@type":"ImageObject","inLanguage":"it-IT","@id":"https:\/\/www.organisator.ch\/sustainability\/2025-07-08\/ueber-100000-teilnehmende-bei-der-bike-to-work-challenge-2025\/#primaryimage","url":"https:\/\/www.organisator.ch\/wp-content\/uploads\/2025\/07\/Ueber-100000-Teilnehmende-bei-der-bike-to-work-Challenge-2025_Organisator.jpg","contentUrl":"https:\/\/www.organisator.ch\/wp-content\/uploads\/2025\/07\/Ueber-100000-Teilnehmende-bei-der-bike-to-work-Challenge-2025_Organisator.jpg"},{"@type":"BreadcrumbList","@id":"https:\/\/www.organisator.ch\/sustainability\/2025-07-08\/ueber-100000-teilnehmende-bei-der-bike-to-work-challenge-2025\/#breadcrumb","itemListElement":[{"@type":"ListItem","position":1,"name":"Home","item":"https:\/\/www.organisator.ch\/"},{"@type":"ListItem","position":2,"name":"\u00dcber 100\u2019000 Teilnehmende bei der bike to work-Challenge 2025"}]},{"@type":"WebSite","@id":"https:\/\/www.organisator.ch\/#website","url":"https:\/\/www.organisator.ch\/","name":"Organizzatore","description":"Competente. Pratico. In 10 numeri all'anno, ORGANISATOR presenta i temi essenziali per i manager delle PMI.","publisher":{"@id":"https:\/\/www.organisator.ch\/#organization"},"potentialAction":[{"@type":"SearchAction","target":{"@type":"EntryPoint","urlTemplate":"https:\/\/www.organisator.ch\/?s={search_term_string}"},"query-input":{"@type":"PropertyValueSpecification","valueRequired":true,"valueName":"search_term_string"}}],"inLanguage":"it-IT"},{"@type":"Organization","@id":"https:\/\/www.organisator.ch\/#organization","name":"Organizzatore","url":"https:\/\/www.organisator.ch\/","logo":{"@type":"ImageObject","inLanguage":"it-IT","@id":"https:\/\/www.organisator.ch\/#\/schema\/logo\/image\/","url":"https:\/\/www.organisator.ch\/wp-content\/uploads\/2022\/01\/Logo_Organisator_Website.png","contentUrl":"https:\/\/www.organisator.ch\/wp-content\/uploads\/2022\/01\/Logo_Organisator_Website.png","width":800,"height":77,"caption":"Organisator"},"image":{"@id":"https:\/\/www.organisator.ch\/#\/schema\/logo\/image\/"},"sameAs":["https:\/\/www.facebook.com\/OrganisatorFachmagazin","https:\/\/www.linkedin.com\/showcase\/organisator-das-magazin-fr-kmu","https:\/\/www.xing.com\/news\/pages\/organisator-ch-695","https:\/\/www.youtube.com\/channel\/UCGP2Sq0iWaZwT3BdIAQFYpw"]},{"@type":"Person","@id":"https:\/\/www.organisator.ch\/#\/schema\/person\/6f650f90b2842cd4c0cc334b4e36f67e","name":"Tommaso.berner","image":{"@type":"ImageObject","inLanguage":"it-IT","@id":"https:\/\/secure.gravatar.com\/avatar\/ac5001d2a36cb6c6cd3e50789007ffca834b477b74a2144564522e944eabff61?s=96&d=mm&r=g","url":"https:\/\/secure.gravatar.com\/avatar\/ac5001d2a36cb6c6cd3e50789007ffca834b477b74a2144564522e944eabff61?s=96&d=mm&r=g","contentUrl":"https:\/\/secure.gravatar.com\/avatar\/ac5001d2a36cb6c6cd3e50789007ffca834b477b74a2144564522e944eabff61?s=96&d=mm&r=g","caption":"thomas.berner"},"url":"https:\/\/www.organisator.ch\/it\/author\/thomas-berner\/"}]}},"_links":{"self":[{"href":"https:\/\/www.organisator.ch\/it\/wp-json\/wp\/v2\/posts\/39521","targetHints":{"allow":["GET"]}}],"collection":[{"href":"https:\/\/www.organisator.ch\/it\/wp-json\/wp\/v2\/posts"}],"about":[{"href":"https:\/\/www.organisator.ch\/it\/wp-json\/wp\/v2\/types\/post"}],"author":[{"embeddable":true,"href":"https:\/\/www.organisator.ch\/it\/wp-json\/wp\/v2\/users\/4"}],"replies":[{"embeddable":true,"href":"https:\/\/www.organisator.ch\/it\/wp-json\/wp\/v2\/comments?post=39521"}],"version-history":[{"count":4,"href":"https:\/\/www.organisator.ch\/it\/wp-json\/wp\/v2\/posts\/39521\/revisions"}],"predecessor-version":[{"id":39549,"href":"https:\/\/www.organisator.ch\/it\/wp-json\/wp\/v2\/posts\/39521\/revisions\/39549"}],"wp:attachment":[{"href":"https:\/\/www.organisator.ch\/it\/wp-json\/wp\/v2\/media?parent=39521"}],"wp:term":[{"taxonomy":"category","embeddable":true,"href":"https:\/\/www.organisator.ch\/it\/wp-json\/wp\/v2\/categories?post=39521"},{"taxonomy":"post_tag","embeddable":true,"href":"https:\/\/www.organisator.ch\/it\/wp-json\/wp\/v2\/tags?post=39521"}],"curies":[{"name":"wp","href":"https:\/\/api.w.org\/{rel}","templated":true}]}}