{"id":39537,"date":"2025-07-10T07:55:35","date_gmt":"2025-07-10T05:55:35","guid":{"rendered":"https:\/\/www.m-q.ch\/?p=21682"},"modified":"2025-07-10T07:50:41","modified_gmt":"2025-07-10T05:50:41","slug":"zehn-schweizer-medtech-startups-fuer-us-expansion-ausgewaehlt","status":"publish","type":"post","link":"https:\/\/www.organisator.ch\/it\/operational-excellence\/2025-07-10\/zehn-schweizer-medtech-startups-fuer-us-expansion-ausgewaehlt\/","title":{"rendered":"Dieci start-up medtech svizzere selezionate per l'espansione negli Stati Uniti"},"content":{"rendered":"<figure id=\"attachment_21683\" class=\"wp-caption alignnone\" style=\"width: 680px;\" aria-describedby=\"caption-attachment-21683\"><img class=\"size-full wp-image-21683\" src=\"https:\/\/www.m-q.ch\/wp-content\/uploads\/2025\/07\/Zehn-Schweizer-Medtech-Startups-fuer-US-Expansion-ausgewaehlt_MQ.jpg\" sizes=\"(max-width: 680px) 100vw, 680px\" srcset=\"https:\/\/www.m-q.ch\/wp-content\/uploads\/2025\/07\/Zehn-Schweizer-Medtech-Startups-fuer-US-Expansion-ausgewaehlt_MQ.jpg 680w, https:\/\/www.m-q.ch\/wp-content\/uploads\/2025\/07\/Zehn-Schweizer-Medtech-Startups-fuer-US-Expansion-ausgewaehlt_MQ-18x9.jpg 18w, https:\/\/www.m-q.ch\/wp-content\/uploads\/2025\/07\/Zehn-Schweizer-Medtech-Startups-fuer-US-Expansion-ausgewaehlt_MQ-375x196.jpg 375w, https:\/\/www.m-q.ch\/wp-content\/uploads\/2025\/07\/Zehn-Schweizer-Medtech-Startups-fuer-US-Expansion-ausgewaehlt_MQ-669x350.jpg 669w\" alt=\"\" width=\"680\" height=\"356\" \/>\r\n<figcaption id=\"caption-attachment-21683\" class=\"wp-caption-text\">Dieci start-up medtech potranno presentarsi a diversi investitori negli Stati Uniti a partire dal 28 settembre. (Immagine: Venture Leaders)<\/figcaption>\r\n<\/figure>\r\n<p>Dal 2006 Venturelab ha costituito il team nazionale svizzero di start-up. Nell'ambito dei Venture Leaders Roadshows, gli imprenditori incontrano investitori, esperti del settore e potenziali clienti nei principali centri tecnologici globali come Silicon Valley, Boston, Asia, Barcellona, Monaco e Londra. Il programma Venture Leaders Medtech 2025 \u00e8 sostenuto da EPFL, ETH Zurigo, Hansj\u00f6rg Wyss, Helbling Technik, Health Innovation Hub Aargau, Kellerhals Carrard, Cantone di Vaud e Vischer.<\/p>\r\n<h3>Attirare l'attenzione internazionale<\/h3>\r\n<p>Dopo un processo di selezione competitivo che ha esaminato oltre 70 candidature, un gruppo di investitori ed esperti del settore ha selezionato dieci startup che parteciperanno al prossimo roadshow a Boston, uno dei principali centri mondiali per l'innovazione sanitaria. Il programma, della durata di una settimana, offrir\u00e0 ai partecipanti l'opportunit\u00e0 di entrare in contatto con i rappresentanti delle aziende, i potenziali partner e gli investitori, e di sviluppare la loro strategia di ingresso nel mercato statunitense.<\/p>\r\n<p>Le start-up medtech svizzere selezionate stanno attirando l'attenzione internazionale - e per una buona ragione: affrontano sfide come gli impianti intelligenti, la diagnostica supportata dall'intelligenza artificiale, la nutrizione neonatale e il monitoraggio non invasivo. \"Queste innovazioni non sono solo impressionanti, ma hanno il potenziale per cambiare la tecnologia medica a livello mondiale\", afferma Stefan Steiner, co-direttore di Venturelab.<\/p>\r\n<p>I partecipanti a Venture Leader Medtech di quest'anno si aggiungono a un notevole gruppo di partecipanti precedenti, tra cui Lunaphore Technologies (acquisita da Bio-Techne), Virtamed, Credentis (acquisita da vVardis), Stimit (acquisita da Dr\u00e4ger), CUTISS, Distalmotion, MindMaze, Positrigo e Volumina Medical. \"L'organizzazione del programma \u00e8 stata eccezionale e la qualit\u00e0 degli incontri ha superato ogni mia aspettativa\", afferma Pablo Lara, cofondatore di OncoSwab ed ex partecipante a Venture Leader Medtech 2024. \"Sono rimasto cos\u00ec colpito che ho persino posticipato il mio volo di ritorno per prolungare il mio soggiorno. Posso raccomandare questo programma senza riserve\".<\/p>\r\n<h3>Le 10 start-up medtech del 2025<\/h3>\r\n<p>Il team nazionale di start-up del settore medtech di quest'anno \u00e8 cos\u00ec composto:<\/p>\r\n<ul>\r\n\t<li><strong>Babylat <\/strong><strong>|<\/strong><strong> Berna <\/strong><strong>|<\/strong> <a href=\"http:\/\/www.babylat.com\/\"><strong>www.babylat.com: <\/strong><\/a>Babylat \u00e8 il primo dispositivo automatico da tavolo per arricchire le proteine e i grassi del latte materno e migliorare la nutrizione dei neonati prematuri.<\/li>\r\n\t<li><strong>Clee Medical <\/strong><strong>|<\/strong><strong> Ginevra <\/strong><strong>| <\/strong><a href=\"http:\/\/www.cleemedical.com\/\"><strong>www.cleemedical.com<\/strong><\/a>Clee Medical consente di eseguire interventi neurochirurgici pi\u00f9 sicuri e pi\u00f9 rapidi grazie all'imaging cerebrale ad alta risoluzione in tempo reale combinato con la navigazione guidata dall'intelligenza artificiale.<\/li>\r\n\t<li><strong>Approfondimento dEEGtale | Berna | <\/strong><a href=\"https:\/\/www.deegtal.ai\/\"><strong>www.deegtal.ai<\/strong><\/a>dEEGtal Insight migliora la diagnosi dell'epilessia e delle malattie mentali utilizzando un software AI per estrarre modelli nascosti dagli EEG di routine.<\/li>\r\n\t<li><strong>DigeHealth <\/strong><strong>|<\/strong><strong> Vaud <\/strong><strong>| <\/strong><a href=\"http:\/\/www.digehealth.ch\/\"><strong>www.digehealth.ch<\/strong><\/a>DigeHealth sta sviluppando un dispositivo indossabile che registra i suoni intestinali per individuare precocemente i blocchi e consentire decisioni cliniche pi\u00f9 informate.<\/li>\r\n\t<li><strong>Hemetron <\/strong><strong>| Zurigo <\/strong><a href=\"http:\/\/www.hemetron.com\/\"><strong>www.hemetron.com<\/strong><\/a>Hemetron offre una soluzione per il monitoraggio a domicilio utilizzando esami del sangue innovativi per consentire il trattamento precoce delle malattie infiammatorie croniche.<\/li>\r\n\t<li><strong>Inteeth <\/strong><strong>| <\/strong><strong>Ginevra <\/strong><strong>| <\/strong><a href=\"http:\/\/www.inteeth.com\/\"><strong>www.inteeth.com<\/strong><\/a>Inteeth \u00e8 il primo bite dentale veramente invisibile che raddrizza i denti da dietro e consente un trattamento pi\u00f9 rapido e discreto.<\/li>\r\n\t<li><strong>NX-Spina <\/strong><strong>| Basilea <\/strong><a href=\"http:\/\/www.nexilis.ch\/\"><strong>www.nexilis.ch<\/strong><\/a>NX-Spine migliora la fissazione delle viti ossee nelle fusioni spinali con una soluzione rapida a base di polimeri che aumenta la stabilit\u00e0 e la sicurezza.<\/li>\r\n\t<li><strong>OrthoSens <\/strong><strong>| <\/strong><strong>Legge <\/strong><strong>| <\/strong><a href=\"http:\/\/www.orthosens.ch\/\"><strong>www.orthosens.ch<\/strong><\/a>OrthoSens rende intelligenti gli impianti ortopedici integrando sensori senza batteria che forniscono ai chirurghi dati in tempo reale sul recupero.<\/li>\r\n\t<li><strong>Augury Medical (Pace Locator) <\/strong><strong>| <\/strong><strong>Berna <\/strong><strong>|<\/strong> <a href=\"http:\/\/www.pacelocator.com\/\"><strong>www.pacelocator.com<\/strong><\/a>Pace Locator aiuta a prevenire l'insufficienza cardiaca causata dai pacemaker, fornendo dati cardiaci in tempo reale durante la procedura.<\/li>\r\n\t<li><strong>Scanvio Medical <\/strong><strong>|<\/strong><strong> Zurigo <\/strong><strong>| <\/strong><a href=\"http:\/\/www.scanvio.com\/\"><strong>www.scanvio.com<\/strong><\/a>Scanvio Medical utilizza l'intelligenza artificiale per trasformare gli ultrasuoni standard in uno strumento per la rilevazione pi\u00f9 rapida e non invasiva dell'endometriosi.<\/li>\r\n<\/ul>\r\n<p><em>Fonte: <a href=\"http:\/\/www.venture-leaders.ch\/\">Leader di impresa<\/a><\/em><\/p>\n<p class=\"syndicated-attribution\">Questo articolo \u00e8 apparso originariamente su m-q.ch - <a href=\"https:\/\/www.m-q.ch\/de\/zehn-schweizer-medtech-startups-fuer-us-expansion-ausgewaehlt\/\" target=\"_blank\">https:\/\/www.m-q.ch\/de\/zehn-schweizer-medtech-startups-fuer-us-expansion-ausgewaehlt\/<\/a><\/p>","protected":false},"excerpt":{"rendered":"<p>Dieci promettenti startup sono state nominate nello Swiss Startup National Team 2025 e si recheranno a Boston dal 28 settembre al 3 ottobre 2025 per presentarsi agli investitori, ampliare la propria rete e incontrare i rappresentanti delle aziende.<\/p>","protected":false},"author":8,"featured_media":0,"comment_status":"closed","ping_status":"closed","sticky":false,"template":"","format":"standard","meta":{"_acf_changed":false,"_yoast_wpseo_focuskw":"Medtech-Startups","_yoast_wpseo_metadesc":"Zehn Medtech-Startups wurden in die Schweizer Startup-Nationalmannschaft 2025 berufen und reisen im September nach Boston.","articlekey":"","footnotes":""},"categories":[582],"tags":[103,335,4482,451,492],"class_list":["post-39537","post","type-post","status-publish","format-standard","hentry","category-operational-excellence","tag-business-excellence","tag-management-und-unternehmensfuehrung","tag-medtech","tag-startups","tag-unternehmen"],"acf":[],"yoast_head":"<!-- This site is optimized with the Yoast SEO plugin v27.5 - https:\/\/yoast.com\/product\/yoast-seo-wordpress\/ -->\n<title>Zehn Schweizer Medtech-Startups f\u00fcr US-Expansion ausgew\u00e4hlt - Organisator<\/title>\n<meta name=\"description\" content=\"Zehn Medtech-Startups wurden in die Schweizer Startup-Nationalmannschaft 2025 berufen und reisen im September nach Boston.\" \/>\n<meta name=\"robots\" content=\"index, follow, max-snippet:-1, max-image-preview:large, max-video-preview:-1\" \/>\n<link rel=\"canonical\" href=\"https:\/\/www.organisator.ch\/it\/eccellenza-operativa\/2025-07-10\/zehn-schweizer-medtech-startups-fuer-us-expansion-ausgewaehlt\/\" \/>\n<meta property=\"og:locale\" content=\"it_IT\" \/>\n<meta property=\"og:type\" content=\"article\" \/>\n<meta property=\"og:title\" content=\"Zehn Schweizer Medtech-Startups f\u00fcr US-Expansion ausgew\u00e4hlt - Organisator\" \/>\n<meta property=\"og:description\" content=\"Zehn Medtech-Startups wurden in die Schweizer Startup-Nationalmannschaft 2025 berufen und reisen im September nach Boston.\" \/>\n<meta property=\"og:url\" content=\"https:\/\/www.organisator.ch\/it\/eccellenza-operativa\/2025-07-10\/zehn-schweizer-medtech-startups-fuer-us-expansion-ausgewaehlt\/\" \/>\n<meta property=\"og:site_name\" content=\"Organisator\" \/>\n<meta property=\"article:publisher\" content=\"https:\/\/www.facebook.com\/OrganisatorFachmagazin\" \/>\n<meta property=\"article:published_time\" content=\"2025-07-10T05:55:35+00:00\" \/>\n<meta name=\"author\" content=\"galledia\" \/>\n<meta name=\"twitter:card\" content=\"summary_large_image\" \/>\n<meta name=\"twitter:creator\" content=\"@admin\" \/>\n<script type=\"application\/ld+json\" class=\"yoast-schema-graph\">{\"@context\":\"https:\\\/\\\/schema.org\",\"@graph\":[{\"@type\":\"Article\",\"@id\":\"https:\\\/\\\/www.organisator.ch\\\/operational-excellence\\\/2025-07-10\\\/zehn-schweizer-medtech-startups-fuer-us-expansion-ausgewaehlt\\\/#article\",\"isPartOf\":{\"@id\":\"https:\\\/\\\/www.organisator.ch\\\/operational-excellence\\\/2025-07-10\\\/zehn-schweizer-medtech-startups-fuer-us-expansion-ausgewaehlt\\\/\"},\"author\":{\"name\":\"galledia\",\"@id\":\"https:\\\/\\\/www.organisator.ch\\\/#\\\/schema\\\/person\\\/4e51799071cd2dd1232ac003643ef5f0\"},\"headline\":\"Zehn Schweizer Medtech-Startups f\u00fcr US-Expansion ausgew\u00e4hlt\",\"datePublished\":\"2025-07-10T05:55:35+00:00\",\"mainEntityOfPage\":{\"@id\":\"https:\\\/\\\/www.organisator.ch\\\/operational-excellence\\\/2025-07-10\\\/zehn-schweizer-medtech-startups-fuer-us-expansion-ausgewaehlt\\\/\"},\"wordCount\":593,\"publisher\":{\"@id\":\"https:\\\/\\\/www.organisator.ch\\\/#organization\"},\"image\":{\"@id\":\"https:\\\/\\\/www.organisator.ch\\\/operational-excellence\\\/2025-07-10\\\/zehn-schweizer-medtech-startups-fuer-us-expansion-ausgewaehlt\\\/#primaryimage\"},\"thumbnailUrl\":\"https:\\\/\\\/www.m-q.ch\\\/wp-content\\\/uploads\\\/2025\\\/07\\\/Zehn-Schweizer-Medtech-Startups-fuer-US-Expansion-ausgewaehlt_MQ.jpg\",\"keywords\":[\"Business Excellence\",\"Management und Unternehmensf\u00fchrung\",\"Medtech\",\"Startups\",\"Unternehmen\"],\"articleSection\":[\"OPERATIONAL EXCELLENCE\"],\"inLanguage\":\"it-IT\"},{\"@type\":\"WebPage\",\"@id\":\"https:\\\/\\\/www.organisator.ch\\\/operational-excellence\\\/2025-07-10\\\/zehn-schweizer-medtech-startups-fuer-us-expansion-ausgewaehlt\\\/\",\"url\":\"https:\\\/\\\/www.organisator.ch\\\/operational-excellence\\\/2025-07-10\\\/zehn-schweizer-medtech-startups-fuer-us-expansion-ausgewaehlt\\\/\",\"name\":\"Zehn Schweizer Medtech-Startups f\u00fcr US-Expansion ausgew\u00e4hlt - Organisator\",\"isPartOf\":{\"@id\":\"https:\\\/\\\/www.organisator.ch\\\/#website\"},\"primaryImageOfPage\":{\"@id\":\"https:\\\/\\\/www.organisator.ch\\\/operational-excellence\\\/2025-07-10\\\/zehn-schweizer-medtech-startups-fuer-us-expansion-ausgewaehlt\\\/#primaryimage\"},\"image\":{\"@id\":\"https:\\\/\\\/www.organisator.ch\\\/operational-excellence\\\/2025-07-10\\\/zehn-schweizer-medtech-startups-fuer-us-expansion-ausgewaehlt\\\/#primaryimage\"},\"thumbnailUrl\":\"https:\\\/\\\/www.m-q.ch\\\/wp-content\\\/uploads\\\/2025\\\/07\\\/Zehn-Schweizer-Medtech-Startups-fuer-US-Expansion-ausgewaehlt_MQ.jpg\",\"datePublished\":\"2025-07-10T05:55:35+00:00\",\"description\":\"Zehn Medtech-Startups wurden in die Schweizer Startup-Nationalmannschaft 2025 berufen und reisen im September nach Boston.\",\"breadcrumb\":{\"@id\":\"https:\\\/\\\/www.organisator.ch\\\/operational-excellence\\\/2025-07-10\\\/zehn-schweizer-medtech-startups-fuer-us-expansion-ausgewaehlt\\\/#breadcrumb\"},\"inLanguage\":\"it-IT\",\"potentialAction\":[{\"@type\":\"ReadAction\",\"target\":[\"https:\\\/\\\/www.organisator.ch\\\/operational-excellence\\\/2025-07-10\\\/zehn-schweizer-medtech-startups-fuer-us-expansion-ausgewaehlt\\\/\"]}]},{\"@type\":\"ImageObject\",\"inLanguage\":\"it-IT\",\"@id\":\"https:\\\/\\\/www.organisator.ch\\\/operational-excellence\\\/2025-07-10\\\/zehn-schweizer-medtech-startups-fuer-us-expansion-ausgewaehlt\\\/#primaryimage\",\"url\":\"https:\\\/\\\/www.m-q.ch\\\/wp-content\\\/uploads\\\/2025\\\/07\\\/Zehn-Schweizer-Medtech-Startups-fuer-US-Expansion-ausgewaehlt_MQ.jpg\",\"contentUrl\":\"https:\\\/\\\/www.m-q.ch\\\/wp-content\\\/uploads\\\/2025\\\/07\\\/Zehn-Schweizer-Medtech-Startups-fuer-US-Expansion-ausgewaehlt_MQ.jpg\"},{\"@type\":\"BreadcrumbList\",\"@id\":\"https:\\\/\\\/www.organisator.ch\\\/operational-excellence\\\/2025-07-10\\\/zehn-schweizer-medtech-startups-fuer-us-expansion-ausgewaehlt\\\/#breadcrumb\",\"itemListElement\":[{\"@type\":\"ListItem\",\"position\":1,\"name\":\"Home\",\"item\":\"https:\\\/\\\/www.organisator.ch\\\/\"},{\"@type\":\"ListItem\",\"position\":2,\"name\":\"Zehn Schweizer Medtech-Startups f\u00fcr US-Expansion ausgew\u00e4hlt\"}]},{\"@type\":\"WebSite\",\"@id\":\"https:\\\/\\\/www.organisator.ch\\\/#website\",\"url\":\"https:\\\/\\\/www.organisator.ch\\\/\",\"name\":\"Organisator\",\"description\":\"Kompetent. Praxisnah. Der ORGANISATOR bereitet in 10 Ausgaben pro Jahr die wesentlichen Themen f\u00fcr F\u00fchrungskr\u00e4fte von KMU auf.\",\"publisher\":{\"@id\":\"https:\\\/\\\/www.organisator.ch\\\/#organization\"},\"potentialAction\":[{\"@type\":\"SearchAction\",\"target\":{\"@type\":\"EntryPoint\",\"urlTemplate\":\"https:\\\/\\\/www.organisator.ch\\\/?s={search_term_string}\"},\"query-input\":{\"@type\":\"PropertyValueSpecification\",\"valueRequired\":true,\"valueName\":\"search_term_string\"}}],\"inLanguage\":\"it-IT\"},{\"@type\":\"Organization\",\"@id\":\"https:\\\/\\\/www.organisator.ch\\\/#organization\",\"name\":\"Organisator\",\"url\":\"https:\\\/\\\/www.organisator.ch\\\/\",\"logo\":{\"@type\":\"ImageObject\",\"inLanguage\":\"it-IT\",\"@id\":\"https:\\\/\\\/www.organisator.ch\\\/#\\\/schema\\\/logo\\\/image\\\/\",\"url\":\"https:\\\/\\\/www.organisator.ch\\\/wp-content\\\/uploads\\\/2022\\\/01\\\/Logo_Organisator_Website.png\",\"contentUrl\":\"https:\\\/\\\/www.organisator.ch\\\/wp-content\\\/uploads\\\/2022\\\/01\\\/Logo_Organisator_Website.png\",\"width\":800,\"height\":77,\"caption\":\"Organisator\"},\"image\":{\"@id\":\"https:\\\/\\\/www.organisator.ch\\\/#\\\/schema\\\/logo\\\/image\\\/\"},\"sameAs\":[\"https:\\\/\\\/www.facebook.com\\\/OrganisatorFachmagazin\",\"https:\\\/\\\/www.linkedin.com\\\/showcase\\\/organisator-das-magazin-fr-kmu\",\"https:\\\/\\\/www.xing.com\\\/news\\\/pages\\\/organisator-ch-695\",\"https:\\\/\\\/www.youtube.com\\\/channel\\\/UCGP2Sq0iWaZwT3BdIAQFYpw\"]},{\"@type\":\"Person\",\"@id\":\"https:\\\/\\\/www.organisator.ch\\\/#\\\/schema\\\/person\\\/4e51799071cd2dd1232ac003643ef5f0\",\"name\":\"galledia\",\"image\":{\"@type\":\"ImageObject\",\"inLanguage\":\"it-IT\",\"@id\":\"https:\\\/\\\/secure.gravatar.com\\\/avatar\\\/78a7f90c01fc2bfc875782a0d4922b37cde2cf184ce347b91316d23cd7f69a36?s=96&d=mm&r=g\",\"url\":\"https:\\\/\\\/secure.gravatar.com\\\/avatar\\\/78a7f90c01fc2bfc875782a0d4922b37cde2cf184ce347b91316d23cd7f69a36?s=96&d=mm&r=g\",\"contentUrl\":\"https:\\\/\\\/secure.gravatar.com\\\/avatar\\\/78a7f90c01fc2bfc875782a0d4922b37cde2cf184ce347b91316d23cd7f69a36?s=96&d=mm&r=g\",\"caption\":\"galledia\"},\"sameAs\":[\"https:\\\/\\\/x.com\\\/admin\"],\"url\":\"https:\\\/\\\/www.organisator.ch\\\/it\\\/author\\\/galledia\\\/\"}]}<\/script>\n<!-- \/ Yoast SEO plugin. -->","yoast_head_json":{"title":"Dieci start-up medtech svizzere selezionate per l'espansione negli Stati Uniti - Organizzatore","description":"Dieci start-up medtech sono state nominate nello Swiss Startup National Team 2025 e si recheranno a Boston a settembre.","robots":{"index":"index","follow":"follow","max-snippet":"max-snippet:-1","max-image-preview":"max-image-preview:large","max-video-preview":"max-video-preview:-1"},"canonical":"https:\/\/www.organisator.ch\/it\/eccellenza-operativa\/2025-07-10\/zehn-schweizer-medtech-startups-fuer-us-expansion-ausgewaehlt\/","og_locale":"it_IT","og_type":"article","og_title":"Zehn Schweizer Medtech-Startups f\u00fcr US-Expansion ausgew\u00e4hlt - Organisator","og_description":"Zehn Medtech-Startups wurden in die Schweizer Startup-Nationalmannschaft 2025 berufen und reisen im September nach Boston.","og_url":"https:\/\/www.organisator.ch\/it\/eccellenza-operativa\/2025-07-10\/zehn-schweizer-medtech-startups-fuer-us-expansion-ausgewaehlt\/","og_site_name":"Organisator","article_publisher":"https:\/\/www.facebook.com\/OrganisatorFachmagazin","article_published_time":"2025-07-10T05:55:35+00:00","author":"galledia","twitter_card":"summary_large_image","twitter_creator":"@admin","schema":{"@context":"https:\/\/schema.org","@graph":[{"@type":"Article","@id":"https:\/\/www.organisator.ch\/operational-excellence\/2025-07-10\/zehn-schweizer-medtech-startups-fuer-us-expansion-ausgewaehlt\/#article","isPartOf":{"@id":"https:\/\/www.organisator.ch\/operational-excellence\/2025-07-10\/zehn-schweizer-medtech-startups-fuer-us-expansion-ausgewaehlt\/"},"author":{"name":"galledia","@id":"https:\/\/www.organisator.ch\/#\/schema\/person\/4e51799071cd2dd1232ac003643ef5f0"},"headline":"Zehn Schweizer Medtech-Startups f\u00fcr US-Expansion ausgew\u00e4hlt","datePublished":"2025-07-10T05:55:35+00:00","mainEntityOfPage":{"@id":"https:\/\/www.organisator.ch\/operational-excellence\/2025-07-10\/zehn-schweizer-medtech-startups-fuer-us-expansion-ausgewaehlt\/"},"wordCount":593,"publisher":{"@id":"https:\/\/www.organisator.ch\/#organization"},"image":{"@id":"https:\/\/www.organisator.ch\/operational-excellence\/2025-07-10\/zehn-schweizer-medtech-startups-fuer-us-expansion-ausgewaehlt\/#primaryimage"},"thumbnailUrl":"https:\/\/www.m-q.ch\/wp-content\/uploads\/2025\/07\/Zehn-Schweizer-Medtech-Startups-fuer-US-Expansion-ausgewaehlt_MQ.jpg","keywords":["Business Excellence","Management und Unternehmensf\u00fchrung","Medtech","Startups","Unternehmen"],"articleSection":["OPERATIONAL EXCELLENCE"],"inLanguage":"it-IT"},{"@type":"WebPage","@id":"https:\/\/www.organisator.ch\/operational-excellence\/2025-07-10\/zehn-schweizer-medtech-startups-fuer-us-expansion-ausgewaehlt\/","url":"https:\/\/www.organisator.ch\/operational-excellence\/2025-07-10\/zehn-schweizer-medtech-startups-fuer-us-expansion-ausgewaehlt\/","name":"Dieci start-up medtech svizzere selezionate per l'espansione negli Stati Uniti - Organizzatore","isPartOf":{"@id":"https:\/\/www.organisator.ch\/#website"},"primaryImageOfPage":{"@id":"https:\/\/www.organisator.ch\/operational-excellence\/2025-07-10\/zehn-schweizer-medtech-startups-fuer-us-expansion-ausgewaehlt\/#primaryimage"},"image":{"@id":"https:\/\/www.organisator.ch\/operational-excellence\/2025-07-10\/zehn-schweizer-medtech-startups-fuer-us-expansion-ausgewaehlt\/#primaryimage"},"thumbnailUrl":"https:\/\/www.m-q.ch\/wp-content\/uploads\/2025\/07\/Zehn-Schweizer-Medtech-Startups-fuer-US-Expansion-ausgewaehlt_MQ.jpg","datePublished":"2025-07-10T05:55:35+00:00","description":"Dieci start-up medtech sono state nominate nello Swiss Startup National Team 2025 e si recheranno a Boston a settembre.","breadcrumb":{"@id":"https:\/\/www.organisator.ch\/operational-excellence\/2025-07-10\/zehn-schweizer-medtech-startups-fuer-us-expansion-ausgewaehlt\/#breadcrumb"},"inLanguage":"it-IT","potentialAction":[{"@type":"ReadAction","target":["https:\/\/www.organisator.ch\/operational-excellence\/2025-07-10\/zehn-schweizer-medtech-startups-fuer-us-expansion-ausgewaehlt\/"]}]},{"@type":"ImageObject","inLanguage":"it-IT","@id":"https:\/\/www.organisator.ch\/operational-excellence\/2025-07-10\/zehn-schweizer-medtech-startups-fuer-us-expansion-ausgewaehlt\/#primaryimage","url":"https:\/\/www.m-q.ch\/wp-content\/uploads\/2025\/07\/Zehn-Schweizer-Medtech-Startups-fuer-US-Expansion-ausgewaehlt_MQ.jpg","contentUrl":"https:\/\/www.m-q.ch\/wp-content\/uploads\/2025\/07\/Zehn-Schweizer-Medtech-Startups-fuer-US-Expansion-ausgewaehlt_MQ.jpg"},{"@type":"BreadcrumbList","@id":"https:\/\/www.organisator.ch\/operational-excellence\/2025-07-10\/zehn-schweizer-medtech-startups-fuer-us-expansion-ausgewaehlt\/#breadcrumb","itemListElement":[{"@type":"ListItem","position":1,"name":"Home","item":"https:\/\/www.organisator.ch\/"},{"@type":"ListItem","position":2,"name":"Zehn Schweizer Medtech-Startups f\u00fcr US-Expansion ausgew\u00e4hlt"}]},{"@type":"WebSite","@id":"https:\/\/www.organisator.ch\/#website","url":"https:\/\/www.organisator.ch\/","name":"Organizzatore","description":"Competente. Pratico. In 10 numeri all'anno, ORGANISATOR presenta i temi essenziali per i manager delle PMI.","publisher":{"@id":"https:\/\/www.organisator.ch\/#organization"},"potentialAction":[{"@type":"SearchAction","target":{"@type":"EntryPoint","urlTemplate":"https:\/\/www.organisator.ch\/?s={search_term_string}"},"query-input":{"@type":"PropertyValueSpecification","valueRequired":true,"valueName":"search_term_string"}}],"inLanguage":"it-IT"},{"@type":"Organization","@id":"https:\/\/www.organisator.ch\/#organization","name":"Organizzatore","url":"https:\/\/www.organisator.ch\/","logo":{"@type":"ImageObject","inLanguage":"it-IT","@id":"https:\/\/www.organisator.ch\/#\/schema\/logo\/image\/","url":"https:\/\/www.organisator.ch\/wp-content\/uploads\/2022\/01\/Logo_Organisator_Website.png","contentUrl":"https:\/\/www.organisator.ch\/wp-content\/uploads\/2022\/01\/Logo_Organisator_Website.png","width":800,"height":77,"caption":"Organisator"},"image":{"@id":"https:\/\/www.organisator.ch\/#\/schema\/logo\/image\/"},"sameAs":["https:\/\/www.facebook.com\/OrganisatorFachmagazin","https:\/\/www.linkedin.com\/showcase\/organisator-das-magazin-fr-kmu","https:\/\/www.xing.com\/news\/pages\/organisator-ch-695","https:\/\/www.youtube.com\/channel\/UCGP2Sq0iWaZwT3BdIAQFYpw"]},{"@type":"Person","@id":"https:\/\/www.organisator.ch\/#\/schema\/person\/4e51799071cd2dd1232ac003643ef5f0","name":"galledia","image":{"@type":"ImageObject","inLanguage":"it-IT","@id":"https:\/\/secure.gravatar.com\/avatar\/78a7f90c01fc2bfc875782a0d4922b37cde2cf184ce347b91316d23cd7f69a36?s=96&d=mm&r=g","url":"https:\/\/secure.gravatar.com\/avatar\/78a7f90c01fc2bfc875782a0d4922b37cde2cf184ce347b91316d23cd7f69a36?s=96&d=mm&r=g","contentUrl":"https:\/\/secure.gravatar.com\/avatar\/78a7f90c01fc2bfc875782a0d4922b37cde2cf184ce347b91316d23cd7f69a36?s=96&d=mm&r=g","caption":"galledia"},"sameAs":["https:\/\/x.com\/admin"],"url":"https:\/\/www.organisator.ch\/it\/author\/galledia\/"}]}},"_links":{"self":[{"href":"https:\/\/www.organisator.ch\/it\/wp-json\/wp\/v2\/posts\/39537","targetHints":{"allow":["GET"]}}],"collection":[{"href":"https:\/\/www.organisator.ch\/it\/wp-json\/wp\/v2\/posts"}],"about":[{"href":"https:\/\/www.organisator.ch\/it\/wp-json\/wp\/v2\/types\/post"}],"author":[{"embeddable":true,"href":"https:\/\/www.organisator.ch\/it\/wp-json\/wp\/v2\/users\/8"}],"replies":[{"embeddable":true,"href":"https:\/\/www.organisator.ch\/it\/wp-json\/wp\/v2\/comments?post=39537"}],"version-history":[{"count":6,"href":"https:\/\/www.organisator.ch\/it\/wp-json\/wp\/v2\/posts\/39537\/revisions"}],"predecessor-version":[{"id":39546,"href":"https:\/\/www.organisator.ch\/it\/wp-json\/wp\/v2\/posts\/39537\/revisions\/39546"}],"wp:attachment":[{"href":"https:\/\/www.organisator.ch\/it\/wp-json\/wp\/v2\/media?parent=39537"}],"wp:term":[{"taxonomy":"category","embeddable":true,"href":"https:\/\/www.organisator.ch\/it\/wp-json\/wp\/v2\/categories?post=39537"},{"taxonomy":"post_tag","embeddable":true,"href":"https:\/\/www.organisator.ch\/it\/wp-json\/wp\/v2\/tags?post=39537"}],"curies":[{"name":"wp","href":"https:\/\/api.w.org\/{rel}","templated":true}]}}